{"id":8899,"date":"2026-05-02T21:49:30","date_gmt":"2026-05-02T21:49:30","guid":{"rendered":"https:\/\/portaldoestado.com.br\/?p=8899"},"modified":"2026-05-02T21:49:30","modified_gmt":"2026-05-02T21:49:30","slug":"paula-fernandes-aproveita-viagem-a-italia-e-publica-desabafo-reflexivo","status":"publish","type":"post","link":"https:\/\/portaldoestado.com.br\/index.php\/2026\/05\/02\/paula-fernandes-aproveita-viagem-a-italia-e-publica-desabafo-reflexivo\/","title":{"rendered":"Paula Fernandes aproveita viagem \u00e0 It\u00e1lia e publica desabafo reflexivo"},"content":{"rendered":"\n<p>A cantora Paula Fernandes compartilhou momentos de sua viagem pela It\u00e1lia e chamou aten\u00e7\u00e3o ao unir beleza e reflex\u00e3o em suas redes sociais.<\/p>\n\n\n\n<p>Em cliques \u00e0 beira-mar, a artista apareceu com look de ver\u00e3o e exibiu o bronzeado em meio a um cen\u00e1rio paradis\u00edaco, encantando os seguidores.<\/p>\n\n\n\n<p>Mas foi a legenda que roubou a cena. Paula Fernandes publicou um texto em tom reflexivo, destacando a import\u00e2ncia de evitar conflitos e n\u00e3o alimentar situa\u00e7\u00f5es negativas.<\/p>\n\n\n\n<p>A mensagem gerou repercuss\u00e3o entre os f\u00e3s, que elogiaram tanto a postura da cantora quanto sua apar\u00eancia nas fotos.<\/p>\n\n\n\n<p>Nos coment\u00e1rios, n\u00e3o faltaram elogios \u00e0 artista, que segue aproveitando dias de descanso na Europa.<\/p>\n","protected":false},"excerpt":{"rendered":"<p>A cantora Paula Fernandes compartilhou momentos de sua viagem pela It\u00e1lia e chamou aten\u00e7\u00e3o ao unir beleza e reflex\u00e3o em suas redes sociais. Em cliques \u00e0 beira-mar, a artista apareceu com look de ver\u00e3o e exibiu o bronzeado em meio a um cen\u00e1rio paradis\u00edaco, encantando os seguidores. Mas foi a legenda que roubou a cena. \u2026<\/p>\n","protected":false},"author":2,"featured_media":8898,"comment_status":"closed","ping_status":"open","sticky":false,"template":"","format":"standard","meta":{"footnotes":""},"categories":[3],"tags":[],"class_list":["post-8899","post","type-post","status-publish","format-standard","has-post-thumbnail","hentry","category-famosos"],"yoast_head":"<!-- This site is optimized with the Yoast SEO plugin v25.5 - https:\/\/yoast.com\/wordpress\/plugins\/seo\/ -->\n<title>Paula Fernandes aproveita viagem \u00e0 It\u00e1lia e publica desabafo reflexivo - Portal do Estado<\/title>\n<meta name=\"robots\" content=\"index, follow, max-snippet:-1, max-image-preview:large, max-video-preview:-1\" \/>\n<link rel=\"canonical\" href=\"https:\/\/portaldoestado.com.br\/index.php\/2026\/05\/02\/paula-fernandes-aproveita-viagem-a-italia-e-publica-desabafo-reflexivo\/\" \/>\n<meta property=\"og:locale\" content=\"pt_BR\" \/>\n<meta property=\"og:type\" content=\"article\" \/>\n<meta property=\"og:title\" content=\"Paula Fernandes aproveita viagem \u00e0 It\u00e1lia e publica desabafo reflexivo - Portal do Estado\" \/>\n<meta property=\"og:description\" content=\"A cantora Paula Fernandes compartilhou momentos de sua viagem pela It\u00e1lia e chamou aten\u00e7\u00e3o ao unir beleza e reflex\u00e3o em suas redes sociais. Em cliques \u00e0 beira-mar, a artista apareceu com look de ver\u00e3o e exibiu o bronzeado em meio a um cen\u00e1rio paradis\u00edaco, encantando os seguidores. Mas foi a legenda que roubou a cena. \u2026\" \/>\n<meta property=\"og:url\" content=\"https:\/\/portaldoestado.com.br\/index.php\/2026\/05\/02\/paula-fernandes-aproveita-viagem-a-italia-e-publica-desabafo-reflexivo\/\" \/>\n<meta property=\"og:site_name\" content=\"Portal do Estado\" \/>\n<meta property=\"article:published_time\" content=\"2026-05-02T21:49:30+00:00\" \/>\n<meta property=\"og:image\" content=\"https:\/\/portaldoestado.com.br\/wp-content\/uploads\/2026\/05\/03e82ea1b030d84c66a9aa43c431b1a7-1000x576-1.jpeg\" \/>\n\t<meta property=\"og:image:width\" content=\"1000\" \/>\n\t<meta property=\"og:image:height\" content=\"576\" \/>\n\t<meta property=\"og:image:type\" content=\"image\/jpeg\" \/>\n<meta name=\"author\" content=\"assessoriadefamosos\" \/>\n<meta name=\"twitter:card\" content=\"summary_large_image\" \/>\n<meta name=\"twitter:label1\" content=\"Escrito por\" \/>\n\t<meta name=\"twitter:data1\" content=\"assessoriadefamosos\" \/>\n\t<meta name=\"twitter:label2\" content=\"Est. tempo de leitura\" \/>\n\t<meta name=\"twitter:data2\" content=\"1 minuto\" \/>\n<script type=\"application\/ld+json\" class=\"yoast-schema-graph\">{\"@context\":\"https:\/\/schema.org\",\"@graph\":[{\"@type\":\"Article\",\"@id\":\"https:\/\/portaldoestado.com.br\/index.php\/2026\/05\/02\/paula-fernandes-aproveita-viagem-a-italia-e-publica-desabafo-reflexivo\/#article\",\"isPartOf\":{\"@id\":\"https:\/\/portaldoestado.com.br\/index.php\/2026\/05\/02\/paula-fernandes-aproveita-viagem-a-italia-e-publica-desabafo-reflexivo\/\"},\"author\":{\"name\":\"assessoriadefamosos\",\"@id\":\"https:\/\/portaldoestado.com.br\/#\/schema\/person\/5ca0174f3c8c84b59da62ea14b698cb9\"},\"headline\":\"Paula Fernandes aproveita viagem \u00e0 It\u00e1lia e publica desabafo reflexivo\",\"datePublished\":\"2026-05-02T21:49:30+00:00\",\"mainEntityOfPage\":{\"@id\":\"https:\/\/portaldoestado.com.br\/index.php\/2026\/05\/02\/paula-fernandes-aproveita-viagem-a-italia-e-publica-desabafo-reflexivo\/\"},\"wordCount\":130,\"publisher\":{\"@id\":\"https:\/\/portaldoestado.com.br\/#organization\"},\"image\":{\"@id\":\"https:\/\/portaldoestado.com.br\/index.php\/2026\/05\/02\/paula-fernandes-aproveita-viagem-a-italia-e-publica-desabafo-reflexivo\/#primaryimage\"},\"thumbnailUrl\":\"https:\/\/portaldoestado.com.br\/wp-content\/uploads\/2026\/05\/03e82ea1b030d84c66a9aa43c431b1a7-1000x576-1.jpeg\",\"articleSection\":[\"Famosos\"],\"inLanguage\":\"pt-BR\"},{\"@type\":\"WebPage\",\"@id\":\"https:\/\/portaldoestado.com.br\/index.php\/2026\/05\/02\/paula-fernandes-aproveita-viagem-a-italia-e-publica-desabafo-reflexivo\/\",\"url\":\"https:\/\/portaldoestado.com.br\/index.php\/2026\/05\/02\/paula-fernandes-aproveita-viagem-a-italia-e-publica-desabafo-reflexivo\/\",\"name\":\"Paula Fernandes aproveita viagem \u00e0 It\u00e1lia e publica desabafo reflexivo - Portal do Estado\",\"isPartOf\":{\"@id\":\"https:\/\/portaldoestado.com.br\/#website\"},\"primaryImageOfPage\":{\"@id\":\"https:\/\/portaldoestado.com.br\/index.php\/2026\/05\/02\/paula-fernandes-aproveita-viagem-a-italia-e-publica-desabafo-reflexivo\/#primaryimage\"},\"image\":{\"@id\":\"https:\/\/portaldoestado.com.br\/index.php\/2026\/05\/02\/paula-fernandes-aproveita-viagem-a-italia-e-publica-desabafo-reflexivo\/#primaryimage\"},\"thumbnailUrl\":\"https:\/\/portaldoestado.com.br\/wp-content\/uploads\/2026\/05\/03e82ea1b030d84c66a9aa43c431b1a7-1000x576-1.jpeg\",\"datePublished\":\"2026-05-02T21:49:30+00:00\",\"breadcrumb\":{\"@id\":\"https:\/\/portaldoestado.com.br\/index.php\/2026\/05\/02\/paula-fernandes-aproveita-viagem-a-italia-e-publica-desabafo-reflexivo\/#breadcrumb\"},\"inLanguage\":\"pt-BR\",\"potentialAction\":[{\"@type\":\"ReadAction\",\"target\":[\"https:\/\/portaldoestado.com.br\/index.php\/2026\/05\/02\/paula-fernandes-aproveita-viagem-a-italia-e-publica-desabafo-reflexivo\/\"]}]},{\"@type\":\"ImageObject\",\"inLanguage\":\"pt-BR\",\"@id\":\"https:\/\/portaldoestado.com.br\/index.php\/2026\/05\/02\/paula-fernandes-aproveita-viagem-a-italia-e-publica-desabafo-reflexivo\/#primaryimage\",\"url\":\"https:\/\/portaldoestado.com.br\/wp-content\/uploads\/2026\/05\/03e82ea1b030d84c66a9aa43c431b1a7-1000x576-1.jpeg\",\"contentUrl\":\"https:\/\/portaldoestado.com.br\/wp-content\/uploads\/2026\/05\/03e82ea1b030d84c66a9aa43c431b1a7-1000x576-1.jpeg\",\"width\":1000,\"height\":576},{\"@type\":\"BreadcrumbList\",\"@id\":\"https:\/\/portaldoestado.com.br\/index.php\/2026\/05\/02\/paula-fernandes-aproveita-viagem-a-italia-e-publica-desabafo-reflexivo\/#breadcrumb\",\"itemListElement\":[{\"@type\":\"ListItem\",\"position\":1,\"name\":\"In\u00edcio\",\"item\":\"https:\/\/portaldoestado.com.br\/\"},{\"@type\":\"ListItem\",\"position\":2,\"name\":\"Paula Fernandes aproveita viagem \u00e0 It\u00e1lia e publica desabafo reflexivo\"}]},{\"@type\":\"WebSite\",\"@id\":\"https:\/\/portaldoestado.com.br\/#website\",\"url\":\"https:\/\/portaldoestado.com.br\/\",\"name\":\"Portal do Estado\",\"description\":\"\",\"publisher\":{\"@id\":\"https:\/\/portaldoestado.com.br\/#organization\"},\"potentialAction\":[{\"@type\":\"SearchAction\",\"target\":{\"@type\":\"EntryPoint\",\"urlTemplate\":\"https:\/\/portaldoestado.com.br\/?s={search_term_string}\"},\"query-input\":{\"@type\":\"PropertyValueSpecification\",\"valueRequired\":true,\"valueName\":\"search_term_string\"}}],\"inLanguage\":\"pt-BR\"},{\"@type\":\"Organization\",\"@id\":\"https:\/\/portaldoestado.com.br\/#organization\",\"name\":\"Portal do Estado\",\"url\":\"https:\/\/portaldoestado.com.br\/\",\"logo\":{\"@type\":\"ImageObject\",\"inLanguage\":\"pt-BR\",\"@id\":\"https:\/\/portaldoestado.com.br\/#\/schema\/logo\/image\/\",\"url\":\"https:\/\/portaldoestado.com.br\/wp-content\/uploads\/2025\/04\/cropped-6f69b19a-6472-43bf-b1b3-e1910bbbd4e8.png\",\"contentUrl\":\"https:\/\/portaldoestado.com.br\/wp-content\/uploads\/2025\/04\/cropped-6f69b19a-6472-43bf-b1b3-e1910bbbd4e8.png\",\"width\":1024,\"height\":350,\"caption\":\"Portal do Estado\"},\"image\":{\"@id\":\"https:\/\/portaldoestado.com.br\/#\/schema\/logo\/image\/\"}},{\"@type\":\"Person\",\"@id\":\"https:\/\/portaldoestado.com.br\/#\/schema\/person\/5ca0174f3c8c84b59da62ea14b698cb9\",\"name\":\"assessoriadefamosos\",\"image\":{\"@type\":\"ImageObject\",\"inLanguage\":\"pt-BR\",\"@id\":\"https:\/\/portaldoestado.com.br\/#\/schema\/person\/image\/\",\"url\":\"https:\/\/secure.gravatar.com\/avatar\/a7acbdffcfbbae7240e59f47fe511ec5f5d8c252c779f0b8d9ab02a9e1d8c5ed?s=96&d=mm&r=g\",\"contentUrl\":\"https:\/\/secure.gravatar.com\/avatar\/a7acbdffcfbbae7240e59f47fe511ec5f5d8c252c779f0b8d9ab02a9e1d8c5ed?s=96&d=mm&r=g\",\"caption\":\"assessoriadefamosos\"},\"url\":\"https:\/\/portaldoestado.com.br\/index.php\/author\/assessoriadefamosos\/\"}]}<\/script>\n<!-- \/ Yoast SEO plugin. -->","yoast_head_json":{"title":"Paula Fernandes aproveita viagem \u00e0 It\u00e1lia e publica desabafo reflexivo - Portal do Estado","robots":{"index":"index","follow":"follow","max-snippet":"max-snippet:-1","max-image-preview":"max-image-preview:large","max-video-preview":"max-video-preview:-1"},"canonical":"https:\/\/portaldoestado.com.br\/index.php\/2026\/05\/02\/paula-fernandes-aproveita-viagem-a-italia-e-publica-desabafo-reflexivo\/","og_locale":"pt_BR","og_type":"article","og_title":"Paula Fernandes aproveita viagem \u00e0 It\u00e1lia e publica desabafo reflexivo - Portal do Estado","og_description":"A cantora Paula Fernandes compartilhou momentos de sua viagem pela It\u00e1lia e chamou aten\u00e7\u00e3o ao unir beleza e reflex\u00e3o em suas redes sociais. Em cliques \u00e0 beira-mar, a artista apareceu com look de ver\u00e3o e exibiu o bronzeado em meio a um cen\u00e1rio paradis\u00edaco, encantando os seguidores. Mas foi a legenda que roubou a cena. \u2026","og_url":"https:\/\/portaldoestado.com.br\/index.php\/2026\/05\/02\/paula-fernandes-aproveita-viagem-a-italia-e-publica-desabafo-reflexivo\/","og_site_name":"Portal do Estado","article_published_time":"2026-05-02T21:49:30+00:00","og_image":[{"width":1000,"height":576,"url":"https:\/\/portaldoestado.com.br\/wp-content\/uploads\/2026\/05\/03e82ea1b030d84c66a9aa43c431b1a7-1000x576-1.jpeg","type":"image\/jpeg"}],"author":"assessoriadefamosos","twitter_card":"summary_large_image","twitter_misc":{"Escrito por":"assessoriadefamosos","Est. tempo de leitura":"1 minuto"},"schema":{"@context":"https:\/\/schema.org","@graph":[{"@type":"Article","@id":"https:\/\/portaldoestado.com.br\/index.php\/2026\/05\/02\/paula-fernandes-aproveita-viagem-a-italia-e-publica-desabafo-reflexivo\/#article","isPartOf":{"@id":"https:\/\/portaldoestado.com.br\/index.php\/2026\/05\/02\/paula-fernandes-aproveita-viagem-a-italia-e-publica-desabafo-reflexivo\/"},"author":{"name":"assessoriadefamosos","@id":"https:\/\/portaldoestado.com.br\/#\/schema\/person\/5ca0174f3c8c84b59da62ea14b698cb9"},"headline":"Paula Fernandes aproveita viagem \u00e0 It\u00e1lia e publica desabafo reflexivo","datePublished":"2026-05-02T21:49:30+00:00","mainEntityOfPage":{"@id":"https:\/\/portaldoestado.com.br\/index.php\/2026\/05\/02\/paula-fernandes-aproveita-viagem-a-italia-e-publica-desabafo-reflexivo\/"},"wordCount":130,"publisher":{"@id":"https:\/\/portaldoestado.com.br\/#organization"},"image":{"@id":"https:\/\/portaldoestado.com.br\/index.php\/2026\/05\/02\/paula-fernandes-aproveita-viagem-a-italia-e-publica-desabafo-reflexivo\/#primaryimage"},"thumbnailUrl":"https:\/\/portaldoestado.com.br\/wp-content\/uploads\/2026\/05\/03e82ea1b030d84c66a9aa43c431b1a7-1000x576-1.jpeg","articleSection":["Famosos"],"inLanguage":"pt-BR"},{"@type":"WebPage","@id":"https:\/\/portaldoestado.com.br\/index.php\/2026\/05\/02\/paula-fernandes-aproveita-viagem-a-italia-e-publica-desabafo-reflexivo\/","url":"https:\/\/portaldoestado.com.br\/index.php\/2026\/05\/02\/paula-fernandes-aproveita-viagem-a-italia-e-publica-desabafo-reflexivo\/","name":"Paula Fernandes aproveita viagem \u00e0 It\u00e1lia e publica desabafo reflexivo - Portal do Estado","isPartOf":{"@id":"https:\/\/portaldoestado.com.br\/#website"},"primaryImageOfPage":{"@id":"https:\/\/portaldoestado.com.br\/index.php\/2026\/05\/02\/paula-fernandes-aproveita-viagem-a-italia-e-publica-desabafo-reflexivo\/#primaryimage"},"image":{"@id":"https:\/\/portaldoestado.com.br\/index.php\/2026\/05\/02\/paula-fernandes-aproveita-viagem-a-italia-e-publica-desabafo-reflexivo\/#primaryimage"},"thumbnailUrl":"https:\/\/portaldoestado.com.br\/wp-content\/uploads\/2026\/05\/03e82ea1b030d84c66a9aa43c431b1a7-1000x576-1.jpeg","datePublished":"2026-05-02T21:49:30+00:00","breadcrumb":{"@id":"https:\/\/portaldoestado.com.br\/index.php\/2026\/05\/02\/paula-fernandes-aproveita-viagem-a-italia-e-publica-desabafo-reflexivo\/#breadcrumb"},"inLanguage":"pt-BR","potentialAction":[{"@type":"ReadAction","target":["https:\/\/portaldoestado.com.br\/index.php\/2026\/05\/02\/paula-fernandes-aproveita-viagem-a-italia-e-publica-desabafo-reflexivo\/"]}]},{"@type":"ImageObject","inLanguage":"pt-BR","@id":"https:\/\/portaldoestado.com.br\/index.php\/2026\/05\/02\/paula-fernandes-aproveita-viagem-a-italia-e-publica-desabafo-reflexivo\/#primaryimage","url":"https:\/\/portaldoestado.com.br\/wp-content\/uploads\/2026\/05\/03e82ea1b030d84c66a9aa43c431b1a7-1000x576-1.jpeg","contentUrl":"https:\/\/portaldoestado.com.br\/wp-content\/uploads\/2026\/05\/03e82ea1b030d84c66a9aa43c431b1a7-1000x576-1.jpeg","width":1000,"height":576},{"@type":"BreadcrumbList","@id":"https:\/\/portaldoestado.com.br\/index.php\/2026\/05\/02\/paula-fernandes-aproveita-viagem-a-italia-e-publica-desabafo-reflexivo\/#breadcrumb","itemListElement":[{"@type":"ListItem","position":1,"name":"In\u00edcio","item":"https:\/\/portaldoestado.com.br\/"},{"@type":"ListItem","position":2,"name":"Paula Fernandes aproveita viagem \u00e0 It\u00e1lia e publica desabafo reflexivo"}]},{"@type":"WebSite","@id":"https:\/\/portaldoestado.com.br\/#website","url":"https:\/\/portaldoestado.com.br\/","name":"Portal do Estado","description":"","publisher":{"@id":"https:\/\/portaldoestado.com.br\/#organization"},"potentialAction":[{"@type":"SearchAction","target":{"@type":"EntryPoint","urlTemplate":"https:\/\/portaldoestado.com.br\/?s={search_term_string}"},"query-input":{"@type":"PropertyValueSpecification","valueRequired":true,"valueName":"search_term_string"}}],"inLanguage":"pt-BR"},{"@type":"Organization","@id":"https:\/\/portaldoestado.com.br\/#organization","name":"Portal do Estado","url":"https:\/\/portaldoestado.com.br\/","logo":{"@type":"ImageObject","inLanguage":"pt-BR","@id":"https:\/\/portaldoestado.com.br\/#\/schema\/logo\/image\/","url":"https:\/\/portaldoestado.com.br\/wp-content\/uploads\/2025\/04\/cropped-6f69b19a-6472-43bf-b1b3-e1910bbbd4e8.png","contentUrl":"https:\/\/portaldoestado.com.br\/wp-content\/uploads\/2025\/04\/cropped-6f69b19a-6472-43bf-b1b3-e1910bbbd4e8.png","width":1024,"height":350,"caption":"Portal do Estado"},"image":{"@id":"https:\/\/portaldoestado.com.br\/#\/schema\/logo\/image\/"}},{"@type":"Person","@id":"https:\/\/portaldoestado.com.br\/#\/schema\/person\/5ca0174f3c8c84b59da62ea14b698cb9","name":"assessoriadefamosos","image":{"@type":"ImageObject","inLanguage":"pt-BR","@id":"https:\/\/portaldoestado.com.br\/#\/schema\/person\/image\/","url":"https:\/\/secure.gravatar.com\/avatar\/a7acbdffcfbbae7240e59f47fe511ec5f5d8c252c779f0b8d9ab02a9e1d8c5ed?s=96&d=mm&r=g","contentUrl":"https:\/\/secure.gravatar.com\/avatar\/a7acbdffcfbbae7240e59f47fe511ec5f5d8c252c779f0b8d9ab02a9e1d8c5ed?s=96&d=mm&r=g","caption":"assessoriadefamosos"},"url":"https:\/\/portaldoestado.com.br\/index.php\/author\/assessoriadefamosos\/"}]}},"jetpack_featured_media_url":"https:\/\/portaldoestado.com.br\/wp-content\/uploads\/2026\/05\/03e82ea1b030d84c66a9aa43c431b1a7-1000x576-1.jpeg","_links":{"self":[{"href":"https:\/\/portaldoestado.com.br\/index.php\/wp-json\/wp\/v2\/posts\/8899","targetHints":{"allow":["GET"]}}],"collection":[{"href":"https:\/\/portaldoestado.com.br\/index.php\/wp-json\/wp\/v2\/posts"}],"about":[{"href":"https:\/\/portaldoestado.com.br\/index.php\/wp-json\/wp\/v2\/types\/post"}],"author":[{"embeddable":true,"href":"https:\/\/portaldoestado.com.br\/index.php\/wp-json\/wp\/v2\/users\/2"}],"replies":[{"embeddable":true,"href":"https:\/\/portaldoestado.com.br\/index.php\/wp-json\/wp\/v2\/comments?post=8899"}],"version-history":[{"count":1,"href":"https:\/\/portaldoestado.com.br\/index.php\/wp-json\/wp\/v2\/posts\/8899\/revisions"}],"predecessor-version":[{"id":8900,"href":"https:\/\/portaldoestado.com.br\/index.php\/wp-json\/wp\/v2\/posts\/8899\/revisions\/8900"}],"wp:featuredmedia":[{"embeddable":true,"href":"https:\/\/portaldoestado.com.br\/index.php\/wp-json\/wp\/v2\/media\/8898"}],"wp:attachment":[{"href":"https:\/\/portaldoestado.com.br\/index.php\/wp-json\/wp\/v2\/media?parent=8899"}],"wp:term":[{"taxonomy":"category","embeddable":true,"href":"https:\/\/portaldoestado.com.br\/index.php\/wp-json\/wp\/v2\/categories?post=8899"},{"taxonomy":"post_tag","embeddable":true,"href":"https:\/\/portaldoestado.com.br\/index.php\/wp-json\/wp\/v2\/tags?post=8899"}],"curies":[{"name":"wp","href":"https:\/\/api.w.org\/{rel}","templated":true}]}}