{"id":8866,"date":"2026-05-02T20:59:36","date_gmt":"2026-05-02T20:59:36","guid":{"rendered":"https:\/\/portaldoestado.com.br\/?p=8866"},"modified":"2026-05-02T20:59:36","modified_gmt":"2026-05-02T20:59:36","slug":"leo-foguete-homenageia-trabalhadores-e-relembra-vida-antes-da-fama","status":"publish","type":"post","link":"https:\/\/portaldoestado.com.br\/index.php\/2026\/05\/02\/leo-foguete-homenageia-trabalhadores-e-relembra-vida-antes-da-fama\/","title":{"rendered":"L\u00e9o Foguete homenageia trabalhadores e relembra vida antes da fama"},"content":{"rendered":"\n<p>O cantor L\u00e9o Foguete aproveitou o Dia do Trabalhador para compartilhar um pouco de sua trajet\u00f3ria antes do sucesso na m\u00fasica.<\/p>\n\n\n\n<p>Em publica\u00e7\u00e3o nas redes sociais, o artista relembrou que j\u00e1 atuou em diferentes fun\u00e7\u00f5es, como pedreiro, mec\u00e2nico e entregador, destacando o quanto essas experi\u00eancias foram importantes em sua caminhada.<\/p>\n\n\n\n<p>L\u00e9o Foguete ressaltou que todo trabalho \u00e9 digno e que cada etapa contribuiu para que ele chegasse onde est\u00e1 hoje.<\/p>\n\n\n\n<p>O cantor tamb\u00e9m dividiu registros antigos dessas fases, o que emocionou os seguidores e gerou identifica\u00e7\u00e3o com sua hist\u00f3ria de supera\u00e7\u00e3o.<\/p>\n\n\n\n<p>Atualmente, o jovem vive um momento de destaque no cen\u00e1rio do forr\u00f3 e piseiro, consolidando seu nome como uma das promessas da m\u00fasica brasileira.<\/p>\n","protected":false},"excerpt":{"rendered":"<p>O cantor L\u00e9o Foguete aproveitou o Dia do Trabalhador para compartilhar um pouco de sua trajet\u00f3ria antes do sucesso na m\u00fasica. Em publica\u00e7\u00e3o nas redes sociais, o artista relembrou que j\u00e1 atuou em diferentes fun\u00e7\u00f5es, como pedreiro, mec\u00e2nico e entregador, destacando o quanto essas experi\u00eancias foram importantes em sua caminhada. L\u00e9o Foguete ressaltou que todo \u2026<\/p>\n","protected":false},"author":2,"featured_media":8865,"comment_status":"closed","ping_status":"open","sticky":false,"template":"","format":"standard","meta":{"footnotes":""},"categories":[3],"tags":[],"class_list":["post-8866","post","type-post","status-publish","format-standard","has-post-thumbnail","hentry","category-famosos"],"yoast_head":"<!-- This site is optimized with the Yoast SEO plugin v25.5 - https:\/\/yoast.com\/wordpress\/plugins\/seo\/ -->\n<title>L\u00e9o Foguete homenageia trabalhadores e relembra vida antes da fama - Portal do Estado<\/title>\n<meta name=\"robots\" content=\"index, follow, max-snippet:-1, max-image-preview:large, max-video-preview:-1\" \/>\n<link rel=\"canonical\" href=\"https:\/\/portaldoestado.com.br\/index.php\/2026\/05\/02\/leo-foguete-homenageia-trabalhadores-e-relembra-vida-antes-da-fama\/\" \/>\n<meta property=\"og:locale\" content=\"pt_BR\" \/>\n<meta property=\"og:type\" content=\"article\" \/>\n<meta property=\"og:title\" content=\"L\u00e9o Foguete homenageia trabalhadores e relembra vida antes da fama - Portal do Estado\" \/>\n<meta property=\"og:description\" content=\"O cantor L\u00e9o Foguete aproveitou o Dia do Trabalhador para compartilhar um pouco de sua trajet\u00f3ria antes do sucesso na m\u00fasica. Em publica\u00e7\u00e3o nas redes sociais, o artista relembrou que j\u00e1 atuou em diferentes fun\u00e7\u00f5es, como pedreiro, mec\u00e2nico e entregador, destacando o quanto essas experi\u00eancias foram importantes em sua caminhada. L\u00e9o Foguete ressaltou que todo \u2026\" \/>\n<meta property=\"og:url\" content=\"https:\/\/portaldoestado.com.br\/index.php\/2026\/05\/02\/leo-foguete-homenageia-trabalhadores-e-relembra-vida-antes-da-fama\/\" \/>\n<meta property=\"og:site_name\" content=\"Portal do Estado\" \/>\n<meta property=\"article:published_time\" content=\"2026-05-02T20:59:36+00:00\" \/>\n<meta property=\"og:image\" content=\"https:\/\/portaldoestado.com.br\/wp-content\/uploads\/2026\/05\/SJdiqBSR-Design-sem-nome-4.png\" \/>\n\t<meta property=\"og:image:width\" content=\"1200\" \/>\n\t<meta property=\"og:image:height\" content=\"900\" \/>\n\t<meta property=\"og:image:type\" content=\"image\/png\" \/>\n<meta name=\"author\" content=\"assessoriadefamosos\" \/>\n<meta name=\"twitter:card\" content=\"summary_large_image\" \/>\n<meta name=\"twitter:label1\" content=\"Escrito por\" \/>\n\t<meta name=\"twitter:data1\" content=\"assessoriadefamosos\" \/>\n\t<meta name=\"twitter:label2\" content=\"Est. tempo de leitura\" \/>\n\t<meta name=\"twitter:data2\" content=\"1 minuto\" \/>\n<script type=\"application\/ld+json\" class=\"yoast-schema-graph\">{\"@context\":\"https:\/\/schema.org\",\"@graph\":[{\"@type\":\"Article\",\"@id\":\"https:\/\/portaldoestado.com.br\/index.php\/2026\/05\/02\/leo-foguete-homenageia-trabalhadores-e-relembra-vida-antes-da-fama\/#article\",\"isPartOf\":{\"@id\":\"https:\/\/portaldoestado.com.br\/index.php\/2026\/05\/02\/leo-foguete-homenageia-trabalhadores-e-relembra-vida-antes-da-fama\/\"},\"author\":{\"name\":\"assessoriadefamosos\",\"@id\":\"https:\/\/portaldoestado.com.br\/#\/schema\/person\/5ca0174f3c8c84b59da62ea14b698cb9\"},\"headline\":\"L\u00e9o Foguete homenageia trabalhadores e relembra vida antes da fama\",\"datePublished\":\"2026-05-02T20:59:36+00:00\",\"mainEntityOfPage\":{\"@id\":\"https:\/\/portaldoestado.com.br\/index.php\/2026\/05\/02\/leo-foguete-homenageia-trabalhadores-e-relembra-vida-antes-da-fama\/\"},\"wordCount\":139,\"publisher\":{\"@id\":\"https:\/\/portaldoestado.com.br\/#organization\"},\"image\":{\"@id\":\"https:\/\/portaldoestado.com.br\/index.php\/2026\/05\/02\/leo-foguete-homenageia-trabalhadores-e-relembra-vida-antes-da-fama\/#primaryimage\"},\"thumbnailUrl\":\"https:\/\/portaldoestado.com.br\/wp-content\/uploads\/2026\/05\/SJdiqBSR-Design-sem-nome-4.png\",\"articleSection\":[\"Famosos\"],\"inLanguage\":\"pt-BR\"},{\"@type\":\"WebPage\",\"@id\":\"https:\/\/portaldoestado.com.br\/index.php\/2026\/05\/02\/leo-foguete-homenageia-trabalhadores-e-relembra-vida-antes-da-fama\/\",\"url\":\"https:\/\/portaldoestado.com.br\/index.php\/2026\/05\/02\/leo-foguete-homenageia-trabalhadores-e-relembra-vida-antes-da-fama\/\",\"name\":\"L\u00e9o Foguete homenageia trabalhadores e relembra vida antes da fama - Portal do Estado\",\"isPartOf\":{\"@id\":\"https:\/\/portaldoestado.com.br\/#website\"},\"primaryImageOfPage\":{\"@id\":\"https:\/\/portaldoestado.com.br\/index.php\/2026\/05\/02\/leo-foguete-homenageia-trabalhadores-e-relembra-vida-antes-da-fama\/#primaryimage\"},\"image\":{\"@id\":\"https:\/\/portaldoestado.com.br\/index.php\/2026\/05\/02\/leo-foguete-homenageia-trabalhadores-e-relembra-vida-antes-da-fama\/#primaryimage\"},\"thumbnailUrl\":\"https:\/\/portaldoestado.com.br\/wp-content\/uploads\/2026\/05\/SJdiqBSR-Design-sem-nome-4.png\",\"datePublished\":\"2026-05-02T20:59:36+00:00\",\"breadcrumb\":{\"@id\":\"https:\/\/portaldoestado.com.br\/index.php\/2026\/05\/02\/leo-foguete-homenageia-trabalhadores-e-relembra-vida-antes-da-fama\/#breadcrumb\"},\"inLanguage\":\"pt-BR\",\"potentialAction\":[{\"@type\":\"ReadAction\",\"target\":[\"https:\/\/portaldoestado.com.br\/index.php\/2026\/05\/02\/leo-foguete-homenageia-trabalhadores-e-relembra-vida-antes-da-fama\/\"]}]},{\"@type\":\"ImageObject\",\"inLanguage\":\"pt-BR\",\"@id\":\"https:\/\/portaldoestado.com.br\/index.php\/2026\/05\/02\/leo-foguete-homenageia-trabalhadores-e-relembra-vida-antes-da-fama\/#primaryimage\",\"url\":\"https:\/\/portaldoestado.com.br\/wp-content\/uploads\/2026\/05\/SJdiqBSR-Design-sem-nome-4.png\",\"contentUrl\":\"https:\/\/portaldoestado.com.br\/wp-content\/uploads\/2026\/05\/SJdiqBSR-Design-sem-nome-4.png\",\"width\":1200,\"height\":900},{\"@type\":\"BreadcrumbList\",\"@id\":\"https:\/\/portaldoestado.com.br\/index.php\/2026\/05\/02\/leo-foguete-homenageia-trabalhadores-e-relembra-vida-antes-da-fama\/#breadcrumb\",\"itemListElement\":[{\"@type\":\"ListItem\",\"position\":1,\"name\":\"In\u00edcio\",\"item\":\"https:\/\/portaldoestado.com.br\/\"},{\"@type\":\"ListItem\",\"position\":2,\"name\":\"L\u00e9o Foguete homenageia trabalhadores e relembra vida antes da fama\"}]},{\"@type\":\"WebSite\",\"@id\":\"https:\/\/portaldoestado.com.br\/#website\",\"url\":\"https:\/\/portaldoestado.com.br\/\",\"name\":\"Portal do Estado\",\"description\":\"\",\"publisher\":{\"@id\":\"https:\/\/portaldoestado.com.br\/#organization\"},\"potentialAction\":[{\"@type\":\"SearchAction\",\"target\":{\"@type\":\"EntryPoint\",\"urlTemplate\":\"https:\/\/portaldoestado.com.br\/?s={search_term_string}\"},\"query-input\":{\"@type\":\"PropertyValueSpecification\",\"valueRequired\":true,\"valueName\":\"search_term_string\"}}],\"inLanguage\":\"pt-BR\"},{\"@type\":\"Organization\",\"@id\":\"https:\/\/portaldoestado.com.br\/#organization\",\"name\":\"Portal do Estado\",\"url\":\"https:\/\/portaldoestado.com.br\/\",\"logo\":{\"@type\":\"ImageObject\",\"inLanguage\":\"pt-BR\",\"@id\":\"https:\/\/portaldoestado.com.br\/#\/schema\/logo\/image\/\",\"url\":\"https:\/\/portaldoestado.com.br\/wp-content\/uploads\/2025\/04\/cropped-6f69b19a-6472-43bf-b1b3-e1910bbbd4e8.png\",\"contentUrl\":\"https:\/\/portaldoestado.com.br\/wp-content\/uploads\/2025\/04\/cropped-6f69b19a-6472-43bf-b1b3-e1910bbbd4e8.png\",\"width\":1024,\"height\":350,\"caption\":\"Portal do Estado\"},\"image\":{\"@id\":\"https:\/\/portaldoestado.com.br\/#\/schema\/logo\/image\/\"}},{\"@type\":\"Person\",\"@id\":\"https:\/\/portaldoestado.com.br\/#\/schema\/person\/5ca0174f3c8c84b59da62ea14b698cb9\",\"name\":\"assessoriadefamosos\",\"image\":{\"@type\":\"ImageObject\",\"inLanguage\":\"pt-BR\",\"@id\":\"https:\/\/portaldoestado.com.br\/#\/schema\/person\/image\/\",\"url\":\"https:\/\/secure.gravatar.com\/avatar\/a7acbdffcfbbae7240e59f47fe511ec5f5d8c252c779f0b8d9ab02a9e1d8c5ed?s=96&d=mm&r=g\",\"contentUrl\":\"https:\/\/secure.gravatar.com\/avatar\/a7acbdffcfbbae7240e59f47fe511ec5f5d8c252c779f0b8d9ab02a9e1d8c5ed?s=96&d=mm&r=g\",\"caption\":\"assessoriadefamosos\"},\"url\":\"https:\/\/portaldoestado.com.br\/index.php\/author\/assessoriadefamosos\/\"}]}<\/script>\n<!-- \/ Yoast SEO plugin. -->","yoast_head_json":{"title":"L\u00e9o Foguete homenageia trabalhadores e relembra vida antes da fama - Portal do Estado","robots":{"index":"index","follow":"follow","max-snippet":"max-snippet:-1","max-image-preview":"max-image-preview:large","max-video-preview":"max-video-preview:-1"},"canonical":"https:\/\/portaldoestado.com.br\/index.php\/2026\/05\/02\/leo-foguete-homenageia-trabalhadores-e-relembra-vida-antes-da-fama\/","og_locale":"pt_BR","og_type":"article","og_title":"L\u00e9o Foguete homenageia trabalhadores e relembra vida antes da fama - Portal do Estado","og_description":"O cantor L\u00e9o Foguete aproveitou o Dia do Trabalhador para compartilhar um pouco de sua trajet\u00f3ria antes do sucesso na m\u00fasica. Em publica\u00e7\u00e3o nas redes sociais, o artista relembrou que j\u00e1 atuou em diferentes fun\u00e7\u00f5es, como pedreiro, mec\u00e2nico e entregador, destacando o quanto essas experi\u00eancias foram importantes em sua caminhada. L\u00e9o Foguete ressaltou que todo \u2026","og_url":"https:\/\/portaldoestado.com.br\/index.php\/2026\/05\/02\/leo-foguete-homenageia-trabalhadores-e-relembra-vida-antes-da-fama\/","og_site_name":"Portal do Estado","article_published_time":"2026-05-02T20:59:36+00:00","og_image":[{"width":1200,"height":900,"url":"https:\/\/portaldoestado.com.br\/wp-content\/uploads\/2026\/05\/SJdiqBSR-Design-sem-nome-4.png","type":"image\/png"}],"author":"assessoriadefamosos","twitter_card":"summary_large_image","twitter_misc":{"Escrito por":"assessoriadefamosos","Est. tempo de leitura":"1 minuto"},"schema":{"@context":"https:\/\/schema.org","@graph":[{"@type":"Article","@id":"https:\/\/portaldoestado.com.br\/index.php\/2026\/05\/02\/leo-foguete-homenageia-trabalhadores-e-relembra-vida-antes-da-fama\/#article","isPartOf":{"@id":"https:\/\/portaldoestado.com.br\/index.php\/2026\/05\/02\/leo-foguete-homenageia-trabalhadores-e-relembra-vida-antes-da-fama\/"},"author":{"name":"assessoriadefamosos","@id":"https:\/\/portaldoestado.com.br\/#\/schema\/person\/5ca0174f3c8c84b59da62ea14b698cb9"},"headline":"L\u00e9o Foguete homenageia trabalhadores e relembra vida antes da fama","datePublished":"2026-05-02T20:59:36+00:00","mainEntityOfPage":{"@id":"https:\/\/portaldoestado.com.br\/index.php\/2026\/05\/02\/leo-foguete-homenageia-trabalhadores-e-relembra-vida-antes-da-fama\/"},"wordCount":139,"publisher":{"@id":"https:\/\/portaldoestado.com.br\/#organization"},"image":{"@id":"https:\/\/portaldoestado.com.br\/index.php\/2026\/05\/02\/leo-foguete-homenageia-trabalhadores-e-relembra-vida-antes-da-fama\/#primaryimage"},"thumbnailUrl":"https:\/\/portaldoestado.com.br\/wp-content\/uploads\/2026\/05\/SJdiqBSR-Design-sem-nome-4.png","articleSection":["Famosos"],"inLanguage":"pt-BR"},{"@type":"WebPage","@id":"https:\/\/portaldoestado.com.br\/index.php\/2026\/05\/02\/leo-foguete-homenageia-trabalhadores-e-relembra-vida-antes-da-fama\/","url":"https:\/\/portaldoestado.com.br\/index.php\/2026\/05\/02\/leo-foguete-homenageia-trabalhadores-e-relembra-vida-antes-da-fama\/","name":"L\u00e9o Foguete homenageia trabalhadores e relembra vida antes da fama - Portal do Estado","isPartOf":{"@id":"https:\/\/portaldoestado.com.br\/#website"},"primaryImageOfPage":{"@id":"https:\/\/portaldoestado.com.br\/index.php\/2026\/05\/02\/leo-foguete-homenageia-trabalhadores-e-relembra-vida-antes-da-fama\/#primaryimage"},"image":{"@id":"https:\/\/portaldoestado.com.br\/index.php\/2026\/05\/02\/leo-foguete-homenageia-trabalhadores-e-relembra-vida-antes-da-fama\/#primaryimage"},"thumbnailUrl":"https:\/\/portaldoestado.com.br\/wp-content\/uploads\/2026\/05\/SJdiqBSR-Design-sem-nome-4.png","datePublished":"2026-05-02T20:59:36+00:00","breadcrumb":{"@id":"https:\/\/portaldoestado.com.br\/index.php\/2026\/05\/02\/leo-foguete-homenageia-trabalhadores-e-relembra-vida-antes-da-fama\/#breadcrumb"},"inLanguage":"pt-BR","potentialAction":[{"@type":"ReadAction","target":["https:\/\/portaldoestado.com.br\/index.php\/2026\/05\/02\/leo-foguete-homenageia-trabalhadores-e-relembra-vida-antes-da-fama\/"]}]},{"@type":"ImageObject","inLanguage":"pt-BR","@id":"https:\/\/portaldoestado.com.br\/index.php\/2026\/05\/02\/leo-foguete-homenageia-trabalhadores-e-relembra-vida-antes-da-fama\/#primaryimage","url":"https:\/\/portaldoestado.com.br\/wp-content\/uploads\/2026\/05\/SJdiqBSR-Design-sem-nome-4.png","contentUrl":"https:\/\/portaldoestado.com.br\/wp-content\/uploads\/2026\/05\/SJdiqBSR-Design-sem-nome-4.png","width":1200,"height":900},{"@type":"BreadcrumbList","@id":"https:\/\/portaldoestado.com.br\/index.php\/2026\/05\/02\/leo-foguete-homenageia-trabalhadores-e-relembra-vida-antes-da-fama\/#breadcrumb","itemListElement":[{"@type":"ListItem","position":1,"name":"In\u00edcio","item":"https:\/\/portaldoestado.com.br\/"},{"@type":"ListItem","position":2,"name":"L\u00e9o Foguete homenageia trabalhadores e relembra vida antes da fama"}]},{"@type":"WebSite","@id":"https:\/\/portaldoestado.com.br\/#website","url":"https:\/\/portaldoestado.com.br\/","name":"Portal do Estado","description":"","publisher":{"@id":"https:\/\/portaldoestado.com.br\/#organization"},"potentialAction":[{"@type":"SearchAction","target":{"@type":"EntryPoint","urlTemplate":"https:\/\/portaldoestado.com.br\/?s={search_term_string}"},"query-input":{"@type":"PropertyValueSpecification","valueRequired":true,"valueName":"search_term_string"}}],"inLanguage":"pt-BR"},{"@type":"Organization","@id":"https:\/\/portaldoestado.com.br\/#organization","name":"Portal do Estado","url":"https:\/\/portaldoestado.com.br\/","logo":{"@type":"ImageObject","inLanguage":"pt-BR","@id":"https:\/\/portaldoestado.com.br\/#\/schema\/logo\/image\/","url":"https:\/\/portaldoestado.com.br\/wp-content\/uploads\/2025\/04\/cropped-6f69b19a-6472-43bf-b1b3-e1910bbbd4e8.png","contentUrl":"https:\/\/portaldoestado.com.br\/wp-content\/uploads\/2025\/04\/cropped-6f69b19a-6472-43bf-b1b3-e1910bbbd4e8.png","width":1024,"height":350,"caption":"Portal do Estado"},"image":{"@id":"https:\/\/portaldoestado.com.br\/#\/schema\/logo\/image\/"}},{"@type":"Person","@id":"https:\/\/portaldoestado.com.br\/#\/schema\/person\/5ca0174f3c8c84b59da62ea14b698cb9","name":"assessoriadefamosos","image":{"@type":"ImageObject","inLanguage":"pt-BR","@id":"https:\/\/portaldoestado.com.br\/#\/schema\/person\/image\/","url":"https:\/\/secure.gravatar.com\/avatar\/a7acbdffcfbbae7240e59f47fe511ec5f5d8c252c779f0b8d9ab02a9e1d8c5ed?s=96&d=mm&r=g","contentUrl":"https:\/\/secure.gravatar.com\/avatar\/a7acbdffcfbbae7240e59f47fe511ec5f5d8c252c779f0b8d9ab02a9e1d8c5ed?s=96&d=mm&r=g","caption":"assessoriadefamosos"},"url":"https:\/\/portaldoestado.com.br\/index.php\/author\/assessoriadefamosos\/"}]}},"jetpack_featured_media_url":"https:\/\/portaldoestado.com.br\/wp-content\/uploads\/2026\/05\/SJdiqBSR-Design-sem-nome-4.png","_links":{"self":[{"href":"https:\/\/portaldoestado.com.br\/index.php\/wp-json\/wp\/v2\/posts\/8866","targetHints":{"allow":["GET"]}}],"collection":[{"href":"https:\/\/portaldoestado.com.br\/index.php\/wp-json\/wp\/v2\/posts"}],"about":[{"href":"https:\/\/portaldoestado.com.br\/index.php\/wp-json\/wp\/v2\/types\/post"}],"author":[{"embeddable":true,"href":"https:\/\/portaldoestado.com.br\/index.php\/wp-json\/wp\/v2\/users\/2"}],"replies":[{"embeddable":true,"href":"https:\/\/portaldoestado.com.br\/index.php\/wp-json\/wp\/v2\/comments?post=8866"}],"version-history":[{"count":1,"href":"https:\/\/portaldoestado.com.br\/index.php\/wp-json\/wp\/v2\/posts\/8866\/revisions"}],"predecessor-version":[{"id":8867,"href":"https:\/\/portaldoestado.com.br\/index.php\/wp-json\/wp\/v2\/posts\/8866\/revisions\/8867"}],"wp:featuredmedia":[{"embeddable":true,"href":"https:\/\/portaldoestado.com.br\/index.php\/wp-json\/wp\/v2\/media\/8865"}],"wp:attachment":[{"href":"https:\/\/portaldoestado.com.br\/index.php\/wp-json\/wp\/v2\/media?parent=8866"}],"wp:term":[{"taxonomy":"category","embeddable":true,"href":"https:\/\/portaldoestado.com.br\/index.php\/wp-json\/wp\/v2\/categories?post=8866"},{"taxonomy":"post_tag","embeddable":true,"href":"https:\/\/portaldoestado.com.br\/index.php\/wp-json\/wp\/v2\/tags?post=8866"}],"curies":[{"name":"wp","href":"https:\/\/api.w.org\/{rel}","templated":true}]}}