{"id":8857,"date":"2026-05-01T16:17:14","date_gmt":"2026-05-01T16:17:14","guid":{"rendered":"https:\/\/portaldoestado.com.br\/?p=8857"},"modified":"2026-05-01T16:17:14","modified_gmt":"2026-05-01T16:17:14","slug":"video-antigo-de-pc-siqueira-com-acusacoes-contra-ex-volta-a-circular-apos-novas-duvidas-sobre-sua-morte","status":"publish","type":"post","link":"https:\/\/portaldoestado.com.br\/index.php\/2026\/05\/01\/video-antigo-de-pc-siqueira-com-acusacoes-contra-ex-volta-a-circular-apos-novas-duvidas-sobre-sua-morte\/","title":{"rendered":"V\u00eddeo antigo de PC Siqueira com acusa\u00e7\u00f5es contra ex volta a circular ap\u00f3s novas d\u00favidas sobre sua morte"},"content":{"rendered":"\n<p>O caso envolvendo a morte do youtuber PC Siqueira voltou a ganhar destaque nas redes sociais ap\u00f3s o surgimento de novas an\u00e1lises sobre as circunst\u00e2ncias do ocorrido, registrado em dezembro de 2023.<\/p>\n\n\n\n<p>Com a repercuss\u00e3o de uma per\u00edcia independente que levanta uma vers\u00e3o diferente da conclus\u00e3o oficial \u2014 que apontou suic\u00eddio \u2014 internautas resgataram um v\u00eddeo antigo do influenciador. Nas imagens, gravadas meses antes de sua morte, ele aparece ao lado da ent\u00e3o companheira, Maria Luiza Watanabe, fazendo acusa\u00e7\u00f5es de amea\u00e7as e relatando conflitos no relacionamento.<\/p>\n\n\n\n<p>Durante a transmiss\u00e3o, PC menciona epis\u00f3dios de tens\u00e3o e afirma ter se sentido intimidado, al\u00e9m de sugerir que sua percep\u00e7\u00e3o estaria sendo questionada. O conte\u00fado passou a circular novamente e gerou forte repercuss\u00e3o, ampliando as discuss\u00f5es sobre o caso.<\/p>\n\n\n\n<p>Apesar das novas interpreta\u00e7\u00f5es levantadas por an\u00e1lises paralelas, o inqu\u00e9rito conduzido pelas autoridades manteve a conclus\u00e3o inicial. O epis\u00f3dio, no entanto, segue despertando debates e mobilizando usu\u00e1rios nas redes sociais em busca de esclarecimentos.<\/p>\n","protected":false},"excerpt":{"rendered":"<p>O caso envolvendo a morte do youtuber PC Siqueira voltou a ganhar destaque nas redes sociais ap\u00f3s o surgimento de novas an\u00e1lises sobre as circunst\u00e2ncias do ocorrido, registrado em dezembro de 2023. Com a repercuss\u00e3o de uma per\u00edcia independente que levanta uma vers\u00e3o diferente da conclus\u00e3o oficial \u2014 que apontou suic\u00eddio \u2014 internautas resgataram um \u2026<\/p>\n","protected":false},"author":2,"featured_media":8856,"comment_status":"closed","ping_status":"open","sticky":false,"template":"","format":"standard","meta":{"footnotes":""},"categories":[3],"tags":[],"class_list":["post-8857","post","type-post","status-publish","format-standard","has-post-thumbnail","hentry","category-famosos"],"yoast_head":"<!-- This site is optimized with the Yoast SEO plugin v25.5 - https:\/\/yoast.com\/wordpress\/plugins\/seo\/ -->\n<title>V\u00eddeo antigo de PC Siqueira com acusa\u00e7\u00f5es contra ex volta a circular ap\u00f3s novas d\u00favidas sobre sua morte - Portal do Estado<\/title>\n<meta name=\"robots\" content=\"index, follow, max-snippet:-1, max-image-preview:large, max-video-preview:-1\" \/>\n<link rel=\"canonical\" href=\"https:\/\/portaldoestado.com.br\/index.php\/2026\/05\/01\/video-antigo-de-pc-siqueira-com-acusacoes-contra-ex-volta-a-circular-apos-novas-duvidas-sobre-sua-morte\/\" \/>\n<meta property=\"og:locale\" content=\"pt_BR\" \/>\n<meta property=\"og:type\" content=\"article\" \/>\n<meta property=\"og:title\" content=\"V\u00eddeo antigo de PC Siqueira com acusa\u00e7\u00f5es contra ex volta a circular ap\u00f3s novas d\u00favidas sobre sua morte - Portal do Estado\" \/>\n<meta property=\"og:description\" content=\"O caso envolvendo a morte do youtuber PC Siqueira voltou a ganhar destaque nas redes sociais ap\u00f3s o surgimento de novas an\u00e1lises sobre as circunst\u00e2ncias do ocorrido, registrado em dezembro de 2023. Com a repercuss\u00e3o de uma per\u00edcia independente que levanta uma vers\u00e3o diferente da conclus\u00e3o oficial \u2014 que apontou suic\u00eddio \u2014 internautas resgataram um \u2026\" \/>\n<meta property=\"og:url\" content=\"https:\/\/portaldoestado.com.br\/index.php\/2026\/05\/01\/video-antigo-de-pc-siqueira-com-acusacoes-contra-ex-volta-a-circular-apos-novas-duvidas-sobre-sua-morte\/\" \/>\n<meta property=\"og:site_name\" content=\"Portal do Estado\" \/>\n<meta property=\"article:published_time\" content=\"2026-05-01T16:17:14+00:00\" \/>\n<meta property=\"og:image\" content=\"https:\/\/portaldoestado.com.br\/wp-content\/uploads\/2026\/05\/IMG_2680.webp\" \/>\n\t<meta property=\"og:image:width\" content=\"900\" \/>\n\t<meta property=\"og:image:height\" content=\"600\" \/>\n\t<meta property=\"og:image:type\" content=\"image\/webp\" \/>\n<meta name=\"author\" content=\"assessoriadefamosos\" \/>\n<meta name=\"twitter:card\" content=\"summary_large_image\" \/>\n<meta name=\"twitter:label1\" content=\"Escrito por\" \/>\n\t<meta name=\"twitter:data1\" content=\"assessoriadefamosos\" \/>\n\t<meta name=\"twitter:label2\" content=\"Est. tempo de leitura\" \/>\n\t<meta name=\"twitter:data2\" content=\"1 minuto\" \/>\n<script type=\"application\/ld+json\" class=\"yoast-schema-graph\">{\"@context\":\"https:\/\/schema.org\",\"@graph\":[{\"@type\":\"Article\",\"@id\":\"https:\/\/portaldoestado.com.br\/index.php\/2026\/05\/01\/video-antigo-de-pc-siqueira-com-acusacoes-contra-ex-volta-a-circular-apos-novas-duvidas-sobre-sua-morte\/#article\",\"isPartOf\":{\"@id\":\"https:\/\/portaldoestado.com.br\/index.php\/2026\/05\/01\/video-antigo-de-pc-siqueira-com-acusacoes-contra-ex-volta-a-circular-apos-novas-duvidas-sobre-sua-morte\/\"},\"author\":{\"name\":\"assessoriadefamosos\",\"@id\":\"https:\/\/portaldoestado.com.br\/#\/schema\/person\/5ca0174f3c8c84b59da62ea14b698cb9\"},\"headline\":\"V\u00eddeo antigo de PC Siqueira com acusa\u00e7\u00f5es contra ex volta a circular ap\u00f3s novas d\u00favidas sobre sua morte\",\"datePublished\":\"2026-05-01T16:17:14+00:00\",\"mainEntityOfPage\":{\"@id\":\"https:\/\/portaldoestado.com.br\/index.php\/2026\/05\/01\/video-antigo-de-pc-siqueira-com-acusacoes-contra-ex-volta-a-circular-apos-novas-duvidas-sobre-sua-morte\/\"},\"wordCount\":204,\"publisher\":{\"@id\":\"https:\/\/portaldoestado.com.br\/#organization\"},\"image\":{\"@id\":\"https:\/\/portaldoestado.com.br\/index.php\/2026\/05\/01\/video-antigo-de-pc-siqueira-com-acusacoes-contra-ex-volta-a-circular-apos-novas-duvidas-sobre-sua-morte\/#primaryimage\"},\"thumbnailUrl\":\"https:\/\/portaldoestado.com.br\/wp-content\/uploads\/2026\/05\/IMG_2680.webp\",\"articleSection\":[\"Famosos\"],\"inLanguage\":\"pt-BR\"},{\"@type\":\"WebPage\",\"@id\":\"https:\/\/portaldoestado.com.br\/index.php\/2026\/05\/01\/video-antigo-de-pc-siqueira-com-acusacoes-contra-ex-volta-a-circular-apos-novas-duvidas-sobre-sua-morte\/\",\"url\":\"https:\/\/portaldoestado.com.br\/index.php\/2026\/05\/01\/video-antigo-de-pc-siqueira-com-acusacoes-contra-ex-volta-a-circular-apos-novas-duvidas-sobre-sua-morte\/\",\"name\":\"V\u00eddeo antigo de PC Siqueira com acusa\u00e7\u00f5es contra ex volta a circular ap\u00f3s novas d\u00favidas sobre sua morte - Portal do Estado\",\"isPartOf\":{\"@id\":\"https:\/\/portaldoestado.com.br\/#website\"},\"primaryImageOfPage\":{\"@id\":\"https:\/\/portaldoestado.com.br\/index.php\/2026\/05\/01\/video-antigo-de-pc-siqueira-com-acusacoes-contra-ex-volta-a-circular-apos-novas-duvidas-sobre-sua-morte\/#primaryimage\"},\"image\":{\"@id\":\"https:\/\/portaldoestado.com.br\/index.php\/2026\/05\/01\/video-antigo-de-pc-siqueira-com-acusacoes-contra-ex-volta-a-circular-apos-novas-duvidas-sobre-sua-morte\/#primaryimage\"},\"thumbnailUrl\":\"https:\/\/portaldoestado.com.br\/wp-content\/uploads\/2026\/05\/IMG_2680.webp\",\"datePublished\":\"2026-05-01T16:17:14+00:00\",\"breadcrumb\":{\"@id\":\"https:\/\/portaldoestado.com.br\/index.php\/2026\/05\/01\/video-antigo-de-pc-siqueira-com-acusacoes-contra-ex-volta-a-circular-apos-novas-duvidas-sobre-sua-morte\/#breadcrumb\"},\"inLanguage\":\"pt-BR\",\"potentialAction\":[{\"@type\":\"ReadAction\",\"target\":[\"https:\/\/portaldoestado.com.br\/index.php\/2026\/05\/01\/video-antigo-de-pc-siqueira-com-acusacoes-contra-ex-volta-a-circular-apos-novas-duvidas-sobre-sua-morte\/\"]}]},{\"@type\":\"ImageObject\",\"inLanguage\":\"pt-BR\",\"@id\":\"https:\/\/portaldoestado.com.br\/index.php\/2026\/05\/01\/video-antigo-de-pc-siqueira-com-acusacoes-contra-ex-volta-a-circular-apos-novas-duvidas-sobre-sua-morte\/#primaryimage\",\"url\":\"https:\/\/portaldoestado.com.br\/wp-content\/uploads\/2026\/05\/IMG_2680.webp\",\"contentUrl\":\"https:\/\/portaldoestado.com.br\/wp-content\/uploads\/2026\/05\/IMG_2680.webp\",\"width\":900,\"height\":600},{\"@type\":\"BreadcrumbList\",\"@id\":\"https:\/\/portaldoestado.com.br\/index.php\/2026\/05\/01\/video-antigo-de-pc-siqueira-com-acusacoes-contra-ex-volta-a-circular-apos-novas-duvidas-sobre-sua-morte\/#breadcrumb\",\"itemListElement\":[{\"@type\":\"ListItem\",\"position\":1,\"name\":\"In\u00edcio\",\"item\":\"https:\/\/portaldoestado.com.br\/\"},{\"@type\":\"ListItem\",\"position\":2,\"name\":\"V\u00eddeo antigo de PC Siqueira com acusa\u00e7\u00f5es contra ex volta a circular ap\u00f3s novas d\u00favidas sobre sua morte\"}]},{\"@type\":\"WebSite\",\"@id\":\"https:\/\/portaldoestado.com.br\/#website\",\"url\":\"https:\/\/portaldoestado.com.br\/\",\"name\":\"Portal do Estado\",\"description\":\"\",\"publisher\":{\"@id\":\"https:\/\/portaldoestado.com.br\/#organization\"},\"potentialAction\":[{\"@type\":\"SearchAction\",\"target\":{\"@type\":\"EntryPoint\",\"urlTemplate\":\"https:\/\/portaldoestado.com.br\/?s={search_term_string}\"},\"query-input\":{\"@type\":\"PropertyValueSpecification\",\"valueRequired\":true,\"valueName\":\"search_term_string\"}}],\"inLanguage\":\"pt-BR\"},{\"@type\":\"Organization\",\"@id\":\"https:\/\/portaldoestado.com.br\/#organization\",\"name\":\"Portal do Estado\",\"url\":\"https:\/\/portaldoestado.com.br\/\",\"logo\":{\"@type\":\"ImageObject\",\"inLanguage\":\"pt-BR\",\"@id\":\"https:\/\/portaldoestado.com.br\/#\/schema\/logo\/image\/\",\"url\":\"https:\/\/portaldoestado.com.br\/wp-content\/uploads\/2025\/04\/cropped-6f69b19a-6472-43bf-b1b3-e1910bbbd4e8.png\",\"contentUrl\":\"https:\/\/portaldoestado.com.br\/wp-content\/uploads\/2025\/04\/cropped-6f69b19a-6472-43bf-b1b3-e1910bbbd4e8.png\",\"width\":1024,\"height\":350,\"caption\":\"Portal do Estado\"},\"image\":{\"@id\":\"https:\/\/portaldoestado.com.br\/#\/schema\/logo\/image\/\"}},{\"@type\":\"Person\",\"@id\":\"https:\/\/portaldoestado.com.br\/#\/schema\/person\/5ca0174f3c8c84b59da62ea14b698cb9\",\"name\":\"assessoriadefamosos\",\"image\":{\"@type\":\"ImageObject\",\"inLanguage\":\"pt-BR\",\"@id\":\"https:\/\/portaldoestado.com.br\/#\/schema\/person\/image\/\",\"url\":\"https:\/\/secure.gravatar.com\/avatar\/a7acbdffcfbbae7240e59f47fe511ec5f5d8c252c779f0b8d9ab02a9e1d8c5ed?s=96&d=mm&r=g\",\"contentUrl\":\"https:\/\/secure.gravatar.com\/avatar\/a7acbdffcfbbae7240e59f47fe511ec5f5d8c252c779f0b8d9ab02a9e1d8c5ed?s=96&d=mm&r=g\",\"caption\":\"assessoriadefamosos\"},\"url\":\"https:\/\/portaldoestado.com.br\/index.php\/author\/assessoriadefamosos\/\"}]}<\/script>\n<!-- \/ Yoast SEO plugin. -->","yoast_head_json":{"title":"V\u00eddeo antigo de PC Siqueira com acusa\u00e7\u00f5es contra ex volta a circular ap\u00f3s novas d\u00favidas sobre sua morte - Portal do Estado","robots":{"index":"index","follow":"follow","max-snippet":"max-snippet:-1","max-image-preview":"max-image-preview:large","max-video-preview":"max-video-preview:-1"},"canonical":"https:\/\/portaldoestado.com.br\/index.php\/2026\/05\/01\/video-antigo-de-pc-siqueira-com-acusacoes-contra-ex-volta-a-circular-apos-novas-duvidas-sobre-sua-morte\/","og_locale":"pt_BR","og_type":"article","og_title":"V\u00eddeo antigo de PC Siqueira com acusa\u00e7\u00f5es contra ex volta a circular ap\u00f3s novas d\u00favidas sobre sua morte - Portal do Estado","og_description":"O caso envolvendo a morte do youtuber PC Siqueira voltou a ganhar destaque nas redes sociais ap\u00f3s o surgimento de novas an\u00e1lises sobre as circunst\u00e2ncias do ocorrido, registrado em dezembro de 2023. Com a repercuss\u00e3o de uma per\u00edcia independente que levanta uma vers\u00e3o diferente da conclus\u00e3o oficial \u2014 que apontou suic\u00eddio \u2014 internautas resgataram um \u2026","og_url":"https:\/\/portaldoestado.com.br\/index.php\/2026\/05\/01\/video-antigo-de-pc-siqueira-com-acusacoes-contra-ex-volta-a-circular-apos-novas-duvidas-sobre-sua-morte\/","og_site_name":"Portal do Estado","article_published_time":"2026-05-01T16:17:14+00:00","og_image":[{"width":900,"height":600,"url":"https:\/\/portaldoestado.com.br\/wp-content\/uploads\/2026\/05\/IMG_2680.webp","type":"image\/webp"}],"author":"assessoriadefamosos","twitter_card":"summary_large_image","twitter_misc":{"Escrito por":"assessoriadefamosos","Est. tempo de leitura":"1 minuto"},"schema":{"@context":"https:\/\/schema.org","@graph":[{"@type":"Article","@id":"https:\/\/portaldoestado.com.br\/index.php\/2026\/05\/01\/video-antigo-de-pc-siqueira-com-acusacoes-contra-ex-volta-a-circular-apos-novas-duvidas-sobre-sua-morte\/#article","isPartOf":{"@id":"https:\/\/portaldoestado.com.br\/index.php\/2026\/05\/01\/video-antigo-de-pc-siqueira-com-acusacoes-contra-ex-volta-a-circular-apos-novas-duvidas-sobre-sua-morte\/"},"author":{"name":"assessoriadefamosos","@id":"https:\/\/portaldoestado.com.br\/#\/schema\/person\/5ca0174f3c8c84b59da62ea14b698cb9"},"headline":"V\u00eddeo antigo de PC Siqueira com acusa\u00e7\u00f5es contra ex volta a circular ap\u00f3s novas d\u00favidas sobre sua morte","datePublished":"2026-05-01T16:17:14+00:00","mainEntityOfPage":{"@id":"https:\/\/portaldoestado.com.br\/index.php\/2026\/05\/01\/video-antigo-de-pc-siqueira-com-acusacoes-contra-ex-volta-a-circular-apos-novas-duvidas-sobre-sua-morte\/"},"wordCount":204,"publisher":{"@id":"https:\/\/portaldoestado.com.br\/#organization"},"image":{"@id":"https:\/\/portaldoestado.com.br\/index.php\/2026\/05\/01\/video-antigo-de-pc-siqueira-com-acusacoes-contra-ex-volta-a-circular-apos-novas-duvidas-sobre-sua-morte\/#primaryimage"},"thumbnailUrl":"https:\/\/portaldoestado.com.br\/wp-content\/uploads\/2026\/05\/IMG_2680.webp","articleSection":["Famosos"],"inLanguage":"pt-BR"},{"@type":"WebPage","@id":"https:\/\/portaldoestado.com.br\/index.php\/2026\/05\/01\/video-antigo-de-pc-siqueira-com-acusacoes-contra-ex-volta-a-circular-apos-novas-duvidas-sobre-sua-morte\/","url":"https:\/\/portaldoestado.com.br\/index.php\/2026\/05\/01\/video-antigo-de-pc-siqueira-com-acusacoes-contra-ex-volta-a-circular-apos-novas-duvidas-sobre-sua-morte\/","name":"V\u00eddeo antigo de PC Siqueira com acusa\u00e7\u00f5es contra ex volta a circular ap\u00f3s novas d\u00favidas sobre sua morte - Portal do Estado","isPartOf":{"@id":"https:\/\/portaldoestado.com.br\/#website"},"primaryImageOfPage":{"@id":"https:\/\/portaldoestado.com.br\/index.php\/2026\/05\/01\/video-antigo-de-pc-siqueira-com-acusacoes-contra-ex-volta-a-circular-apos-novas-duvidas-sobre-sua-morte\/#primaryimage"},"image":{"@id":"https:\/\/portaldoestado.com.br\/index.php\/2026\/05\/01\/video-antigo-de-pc-siqueira-com-acusacoes-contra-ex-volta-a-circular-apos-novas-duvidas-sobre-sua-morte\/#primaryimage"},"thumbnailUrl":"https:\/\/portaldoestado.com.br\/wp-content\/uploads\/2026\/05\/IMG_2680.webp","datePublished":"2026-05-01T16:17:14+00:00","breadcrumb":{"@id":"https:\/\/portaldoestado.com.br\/index.php\/2026\/05\/01\/video-antigo-de-pc-siqueira-com-acusacoes-contra-ex-volta-a-circular-apos-novas-duvidas-sobre-sua-morte\/#breadcrumb"},"inLanguage":"pt-BR","potentialAction":[{"@type":"ReadAction","target":["https:\/\/portaldoestado.com.br\/index.php\/2026\/05\/01\/video-antigo-de-pc-siqueira-com-acusacoes-contra-ex-volta-a-circular-apos-novas-duvidas-sobre-sua-morte\/"]}]},{"@type":"ImageObject","inLanguage":"pt-BR","@id":"https:\/\/portaldoestado.com.br\/index.php\/2026\/05\/01\/video-antigo-de-pc-siqueira-com-acusacoes-contra-ex-volta-a-circular-apos-novas-duvidas-sobre-sua-morte\/#primaryimage","url":"https:\/\/portaldoestado.com.br\/wp-content\/uploads\/2026\/05\/IMG_2680.webp","contentUrl":"https:\/\/portaldoestado.com.br\/wp-content\/uploads\/2026\/05\/IMG_2680.webp","width":900,"height":600},{"@type":"BreadcrumbList","@id":"https:\/\/portaldoestado.com.br\/index.php\/2026\/05\/01\/video-antigo-de-pc-siqueira-com-acusacoes-contra-ex-volta-a-circular-apos-novas-duvidas-sobre-sua-morte\/#breadcrumb","itemListElement":[{"@type":"ListItem","position":1,"name":"In\u00edcio","item":"https:\/\/portaldoestado.com.br\/"},{"@type":"ListItem","position":2,"name":"V\u00eddeo antigo de PC Siqueira com acusa\u00e7\u00f5es contra ex volta a circular ap\u00f3s novas d\u00favidas sobre sua morte"}]},{"@type":"WebSite","@id":"https:\/\/portaldoestado.com.br\/#website","url":"https:\/\/portaldoestado.com.br\/","name":"Portal do Estado","description":"","publisher":{"@id":"https:\/\/portaldoestado.com.br\/#organization"},"potentialAction":[{"@type":"SearchAction","target":{"@type":"EntryPoint","urlTemplate":"https:\/\/portaldoestado.com.br\/?s={search_term_string}"},"query-input":{"@type":"PropertyValueSpecification","valueRequired":true,"valueName":"search_term_string"}}],"inLanguage":"pt-BR"},{"@type":"Organization","@id":"https:\/\/portaldoestado.com.br\/#organization","name":"Portal do Estado","url":"https:\/\/portaldoestado.com.br\/","logo":{"@type":"ImageObject","inLanguage":"pt-BR","@id":"https:\/\/portaldoestado.com.br\/#\/schema\/logo\/image\/","url":"https:\/\/portaldoestado.com.br\/wp-content\/uploads\/2025\/04\/cropped-6f69b19a-6472-43bf-b1b3-e1910bbbd4e8.png","contentUrl":"https:\/\/portaldoestado.com.br\/wp-content\/uploads\/2025\/04\/cropped-6f69b19a-6472-43bf-b1b3-e1910bbbd4e8.png","width":1024,"height":350,"caption":"Portal do Estado"},"image":{"@id":"https:\/\/portaldoestado.com.br\/#\/schema\/logo\/image\/"}},{"@type":"Person","@id":"https:\/\/portaldoestado.com.br\/#\/schema\/person\/5ca0174f3c8c84b59da62ea14b698cb9","name":"assessoriadefamosos","image":{"@type":"ImageObject","inLanguage":"pt-BR","@id":"https:\/\/portaldoestado.com.br\/#\/schema\/person\/image\/","url":"https:\/\/secure.gravatar.com\/avatar\/a7acbdffcfbbae7240e59f47fe511ec5f5d8c252c779f0b8d9ab02a9e1d8c5ed?s=96&d=mm&r=g","contentUrl":"https:\/\/secure.gravatar.com\/avatar\/a7acbdffcfbbae7240e59f47fe511ec5f5d8c252c779f0b8d9ab02a9e1d8c5ed?s=96&d=mm&r=g","caption":"assessoriadefamosos"},"url":"https:\/\/portaldoestado.com.br\/index.php\/author\/assessoriadefamosos\/"}]}},"jetpack_featured_media_url":"https:\/\/portaldoestado.com.br\/wp-content\/uploads\/2026\/05\/IMG_2680.webp","_links":{"self":[{"href":"https:\/\/portaldoestado.com.br\/index.php\/wp-json\/wp\/v2\/posts\/8857","targetHints":{"allow":["GET"]}}],"collection":[{"href":"https:\/\/portaldoestado.com.br\/index.php\/wp-json\/wp\/v2\/posts"}],"about":[{"href":"https:\/\/portaldoestado.com.br\/index.php\/wp-json\/wp\/v2\/types\/post"}],"author":[{"embeddable":true,"href":"https:\/\/portaldoestado.com.br\/index.php\/wp-json\/wp\/v2\/users\/2"}],"replies":[{"embeddable":true,"href":"https:\/\/portaldoestado.com.br\/index.php\/wp-json\/wp\/v2\/comments?post=8857"}],"version-history":[{"count":1,"href":"https:\/\/portaldoestado.com.br\/index.php\/wp-json\/wp\/v2\/posts\/8857\/revisions"}],"predecessor-version":[{"id":8858,"href":"https:\/\/portaldoestado.com.br\/index.php\/wp-json\/wp\/v2\/posts\/8857\/revisions\/8858"}],"wp:featuredmedia":[{"embeddable":true,"href":"https:\/\/portaldoestado.com.br\/index.php\/wp-json\/wp\/v2\/media\/8856"}],"wp:attachment":[{"href":"https:\/\/portaldoestado.com.br\/index.php\/wp-json\/wp\/v2\/media?parent=8857"}],"wp:term":[{"taxonomy":"category","embeddable":true,"href":"https:\/\/portaldoestado.com.br\/index.php\/wp-json\/wp\/v2\/categories?post=8857"},{"taxonomy":"post_tag","embeddable":true,"href":"https:\/\/portaldoestado.com.br\/index.php\/wp-json\/wp\/v2\/tags?post=8857"}],"curies":[{"name":"wp","href":"https:\/\/api.w.org\/{rel}","templated":true}]}}