{"id":8851,"date":"2026-05-01T15:55:02","date_gmt":"2026-05-01T15:55:02","guid":{"rendered":"https:\/\/portaldoestado.com.br\/?p=8851"},"modified":"2026-05-01T15:55:02","modified_gmt":"2026-05-01T15:55:02","slug":"gabriela-saporito-planeja-voltar-a-faculdade-apos-o-bbb-26-e-aposta-em-conteudo-com-proposito","status":"publish","type":"post","link":"https:\/\/portaldoestado.com.br\/index.php\/2026\/05\/01\/gabriela-saporito-planeja-voltar-a-faculdade-apos-o-bbb-26-e-aposta-em-conteudo-com-proposito\/","title":{"rendered":"Gabriela Saporito planeja voltar \u00e0 faculdade ap\u00f3s o BBB 26 e aposta em conte\u00fado com prop\u00f3sito"},"content":{"rendered":"\n<p>Ap\u00f3s sua participa\u00e7\u00e3o no Big Brother Brasil 26, Gabriela Saporito revelou que pretende retomar a gradua\u00e7\u00e3o em Psicologia e equilibrar os estudos com a carreira nas redes sociais.<\/p>\n\n\n\n<p>A ex-sister destacou que a forma\u00e7\u00e3o acad\u00eamica continua sendo uma prioridade e que j\u00e1 est\u00e1 se organizando para voltar \u00e0 rotina universit\u00e1ria. \u201cN\u00e3o \u00e9 algo que eu quero deixar de lado\u201d, afirmou, ao refor\u00e7ar o compromisso com a \u00e1rea.<\/p>\n\n\n\n<p>Com a visibilidade conquistada no reality, Gabriela pretende usar suas plataformas digitais para compartilhar conte\u00fados que v\u00e3o al\u00e9m do entretenimento. Entre os planos est\u00e3o reflex\u00f5es sobre comportamento e sa\u00fade emocional, al\u00e9m de dicas sobre turismo em S\u00e3o Paulo e receitas do dia a dia.<\/p>\n\n\n\n<p>Ela tamb\u00e9m comentou sobre os v\u00ednculos criados dentro da casa, ressaltando que mant\u00e9m contato com colegas que considera importantes em sua trajet\u00f3ria no programa.<\/p>\n\n\n\n<p>Vivendo uma fase de transi\u00e7\u00e3o, Gabriela aposta em autenticidade e planejamento para construir uma carreira que una influ\u00eancia digital e forma\u00e7\u00e3o profissional.<\/p>\n\n\n\n<p><\/p>\n","protected":false},"excerpt":{"rendered":"<p>Ap\u00f3s sua participa\u00e7\u00e3o no Big Brother Brasil 26, Gabriela Saporito revelou que pretende retomar a gradua\u00e7\u00e3o em Psicologia e equilibrar os estudos com a carreira nas redes sociais. A ex-sister destacou que a forma\u00e7\u00e3o acad\u00eamica continua sendo uma prioridade e que j\u00e1 est\u00e1 se organizando para voltar \u00e0 rotina universit\u00e1ria. \u201cN\u00e3o \u00e9 algo que eu \u2026<\/p>\n","protected":false},"author":2,"featured_media":8850,"comment_status":"closed","ping_status":"open","sticky":false,"template":"","format":"standard","meta":{"footnotes":""},"categories":[3],"tags":[],"class_list":["post-8851","post","type-post","status-publish","format-standard","has-post-thumbnail","hentry","category-famosos"],"yoast_head":"<!-- This site is optimized with the Yoast SEO plugin v25.5 - https:\/\/yoast.com\/wordpress\/plugins\/seo\/ -->\n<title>Gabriela Saporito planeja voltar \u00e0 faculdade ap\u00f3s o BBB 26 e aposta em conte\u00fado com prop\u00f3sito - Portal do Estado<\/title>\n<meta name=\"robots\" content=\"index, follow, max-snippet:-1, max-image-preview:large, max-video-preview:-1\" \/>\n<link rel=\"canonical\" href=\"https:\/\/portaldoestado.com.br\/index.php\/2026\/05\/01\/gabriela-saporito-planeja-voltar-a-faculdade-apos-o-bbb-26-e-aposta-em-conteudo-com-proposito\/\" \/>\n<meta property=\"og:locale\" content=\"pt_BR\" \/>\n<meta property=\"og:type\" content=\"article\" \/>\n<meta property=\"og:title\" content=\"Gabriela Saporito planeja voltar \u00e0 faculdade ap\u00f3s o BBB 26 e aposta em conte\u00fado com prop\u00f3sito - Portal do Estado\" \/>\n<meta property=\"og:description\" content=\"Ap\u00f3s sua participa\u00e7\u00e3o no Big Brother Brasil 26, Gabriela Saporito revelou que pretende retomar a gradua\u00e7\u00e3o em Psicologia e equilibrar os estudos com a carreira nas redes sociais. A ex-sister destacou que a forma\u00e7\u00e3o acad\u00eamica continua sendo uma prioridade e que j\u00e1 est\u00e1 se organizando para voltar \u00e0 rotina universit\u00e1ria. \u201cN\u00e3o \u00e9 algo que eu \u2026\" \/>\n<meta property=\"og:url\" content=\"https:\/\/portaldoestado.com.br\/index.php\/2026\/05\/01\/gabriela-saporito-planeja-voltar-a-faculdade-apos-o-bbb-26-e-aposta-em-conteudo-com-proposito\/\" \/>\n<meta property=\"og:site_name\" content=\"Portal do Estado\" \/>\n<meta property=\"article:published_time\" content=\"2026-05-01T15:55:02+00:00\" \/>\n<meta property=\"og:image\" content=\"https:\/\/portaldoestado.com.br\/wp-content\/uploads\/2026\/05\/IMG_2677.webp\" \/>\n\t<meta property=\"og:image:width\" content=\"900\" \/>\n\t<meta property=\"og:image:height\" content=\"506\" \/>\n\t<meta property=\"og:image:type\" content=\"image\/webp\" \/>\n<meta name=\"author\" content=\"assessoriadefamosos\" \/>\n<meta name=\"twitter:card\" content=\"summary_large_image\" \/>\n<meta name=\"twitter:label1\" content=\"Escrito por\" \/>\n\t<meta name=\"twitter:data1\" content=\"assessoriadefamosos\" \/>\n\t<meta name=\"twitter:label2\" content=\"Est. tempo de leitura\" \/>\n\t<meta name=\"twitter:data2\" content=\"1 minuto\" \/>\n<script type=\"application\/ld+json\" class=\"yoast-schema-graph\">{\"@context\":\"https:\/\/schema.org\",\"@graph\":[{\"@type\":\"Article\",\"@id\":\"https:\/\/portaldoestado.com.br\/index.php\/2026\/05\/01\/gabriela-saporito-planeja-voltar-a-faculdade-apos-o-bbb-26-e-aposta-em-conteudo-com-proposito\/#article\",\"isPartOf\":{\"@id\":\"https:\/\/portaldoestado.com.br\/index.php\/2026\/05\/01\/gabriela-saporito-planeja-voltar-a-faculdade-apos-o-bbb-26-e-aposta-em-conteudo-com-proposito\/\"},\"author\":{\"name\":\"assessoriadefamosos\",\"@id\":\"https:\/\/portaldoestado.com.br\/#\/schema\/person\/5ca0174f3c8c84b59da62ea14b698cb9\"},\"headline\":\"Gabriela Saporito planeja voltar \u00e0 faculdade ap\u00f3s o BBB 26 e aposta em conte\u00fado com prop\u00f3sito\",\"datePublished\":\"2026-05-01T15:55:02+00:00\",\"mainEntityOfPage\":{\"@id\":\"https:\/\/portaldoestado.com.br\/index.php\/2026\/05\/01\/gabriela-saporito-planeja-voltar-a-faculdade-apos-o-bbb-26-e-aposta-em-conteudo-com-proposito\/\"},\"wordCount\":194,\"publisher\":{\"@id\":\"https:\/\/portaldoestado.com.br\/#organization\"},\"image\":{\"@id\":\"https:\/\/portaldoestado.com.br\/index.php\/2026\/05\/01\/gabriela-saporito-planeja-voltar-a-faculdade-apos-o-bbb-26-e-aposta-em-conteudo-com-proposito\/#primaryimage\"},\"thumbnailUrl\":\"https:\/\/portaldoestado.com.br\/wp-content\/uploads\/2026\/05\/IMG_2677.webp\",\"articleSection\":[\"Famosos\"],\"inLanguage\":\"pt-BR\"},{\"@type\":\"WebPage\",\"@id\":\"https:\/\/portaldoestado.com.br\/index.php\/2026\/05\/01\/gabriela-saporito-planeja-voltar-a-faculdade-apos-o-bbb-26-e-aposta-em-conteudo-com-proposito\/\",\"url\":\"https:\/\/portaldoestado.com.br\/index.php\/2026\/05\/01\/gabriela-saporito-planeja-voltar-a-faculdade-apos-o-bbb-26-e-aposta-em-conteudo-com-proposito\/\",\"name\":\"Gabriela Saporito planeja voltar \u00e0 faculdade ap\u00f3s o BBB 26 e aposta em conte\u00fado com prop\u00f3sito - Portal do Estado\",\"isPartOf\":{\"@id\":\"https:\/\/portaldoestado.com.br\/#website\"},\"primaryImageOfPage\":{\"@id\":\"https:\/\/portaldoestado.com.br\/index.php\/2026\/05\/01\/gabriela-saporito-planeja-voltar-a-faculdade-apos-o-bbb-26-e-aposta-em-conteudo-com-proposito\/#primaryimage\"},\"image\":{\"@id\":\"https:\/\/portaldoestado.com.br\/index.php\/2026\/05\/01\/gabriela-saporito-planeja-voltar-a-faculdade-apos-o-bbb-26-e-aposta-em-conteudo-com-proposito\/#primaryimage\"},\"thumbnailUrl\":\"https:\/\/portaldoestado.com.br\/wp-content\/uploads\/2026\/05\/IMG_2677.webp\",\"datePublished\":\"2026-05-01T15:55:02+00:00\",\"breadcrumb\":{\"@id\":\"https:\/\/portaldoestado.com.br\/index.php\/2026\/05\/01\/gabriela-saporito-planeja-voltar-a-faculdade-apos-o-bbb-26-e-aposta-em-conteudo-com-proposito\/#breadcrumb\"},\"inLanguage\":\"pt-BR\",\"potentialAction\":[{\"@type\":\"ReadAction\",\"target\":[\"https:\/\/portaldoestado.com.br\/index.php\/2026\/05\/01\/gabriela-saporito-planeja-voltar-a-faculdade-apos-o-bbb-26-e-aposta-em-conteudo-com-proposito\/\"]}]},{\"@type\":\"ImageObject\",\"inLanguage\":\"pt-BR\",\"@id\":\"https:\/\/portaldoestado.com.br\/index.php\/2026\/05\/01\/gabriela-saporito-planeja-voltar-a-faculdade-apos-o-bbb-26-e-aposta-em-conteudo-com-proposito\/#primaryimage\",\"url\":\"https:\/\/portaldoestado.com.br\/wp-content\/uploads\/2026\/05\/IMG_2677.webp\",\"contentUrl\":\"https:\/\/portaldoestado.com.br\/wp-content\/uploads\/2026\/05\/IMG_2677.webp\",\"width\":900,\"height\":506},{\"@type\":\"BreadcrumbList\",\"@id\":\"https:\/\/portaldoestado.com.br\/index.php\/2026\/05\/01\/gabriela-saporito-planeja-voltar-a-faculdade-apos-o-bbb-26-e-aposta-em-conteudo-com-proposito\/#breadcrumb\",\"itemListElement\":[{\"@type\":\"ListItem\",\"position\":1,\"name\":\"In\u00edcio\",\"item\":\"https:\/\/portaldoestado.com.br\/\"},{\"@type\":\"ListItem\",\"position\":2,\"name\":\"Gabriela Saporito planeja voltar \u00e0 faculdade ap\u00f3s o BBB 26 e aposta em conte\u00fado com prop\u00f3sito\"}]},{\"@type\":\"WebSite\",\"@id\":\"https:\/\/portaldoestado.com.br\/#website\",\"url\":\"https:\/\/portaldoestado.com.br\/\",\"name\":\"Portal do Estado\",\"description\":\"\",\"publisher\":{\"@id\":\"https:\/\/portaldoestado.com.br\/#organization\"},\"potentialAction\":[{\"@type\":\"SearchAction\",\"target\":{\"@type\":\"EntryPoint\",\"urlTemplate\":\"https:\/\/portaldoestado.com.br\/?s={search_term_string}\"},\"query-input\":{\"@type\":\"PropertyValueSpecification\",\"valueRequired\":true,\"valueName\":\"search_term_string\"}}],\"inLanguage\":\"pt-BR\"},{\"@type\":\"Organization\",\"@id\":\"https:\/\/portaldoestado.com.br\/#organization\",\"name\":\"Portal do Estado\",\"url\":\"https:\/\/portaldoestado.com.br\/\",\"logo\":{\"@type\":\"ImageObject\",\"inLanguage\":\"pt-BR\",\"@id\":\"https:\/\/portaldoestado.com.br\/#\/schema\/logo\/image\/\",\"url\":\"https:\/\/portaldoestado.com.br\/wp-content\/uploads\/2025\/04\/cropped-6f69b19a-6472-43bf-b1b3-e1910bbbd4e8.png\",\"contentUrl\":\"https:\/\/portaldoestado.com.br\/wp-content\/uploads\/2025\/04\/cropped-6f69b19a-6472-43bf-b1b3-e1910bbbd4e8.png\",\"width\":1024,\"height\":350,\"caption\":\"Portal do Estado\"},\"image\":{\"@id\":\"https:\/\/portaldoestado.com.br\/#\/schema\/logo\/image\/\"}},{\"@type\":\"Person\",\"@id\":\"https:\/\/portaldoestado.com.br\/#\/schema\/person\/5ca0174f3c8c84b59da62ea14b698cb9\",\"name\":\"assessoriadefamosos\",\"image\":{\"@type\":\"ImageObject\",\"inLanguage\":\"pt-BR\",\"@id\":\"https:\/\/portaldoestado.com.br\/#\/schema\/person\/image\/\",\"url\":\"https:\/\/secure.gravatar.com\/avatar\/a7acbdffcfbbae7240e59f47fe511ec5f5d8c252c779f0b8d9ab02a9e1d8c5ed?s=96&d=mm&r=g\",\"contentUrl\":\"https:\/\/secure.gravatar.com\/avatar\/a7acbdffcfbbae7240e59f47fe511ec5f5d8c252c779f0b8d9ab02a9e1d8c5ed?s=96&d=mm&r=g\",\"caption\":\"assessoriadefamosos\"},\"url\":\"https:\/\/portaldoestado.com.br\/index.php\/author\/assessoriadefamosos\/\"}]}<\/script>\n<!-- \/ Yoast SEO plugin. -->","yoast_head_json":{"title":"Gabriela Saporito planeja voltar \u00e0 faculdade ap\u00f3s o BBB 26 e aposta em conte\u00fado com prop\u00f3sito - Portal do Estado","robots":{"index":"index","follow":"follow","max-snippet":"max-snippet:-1","max-image-preview":"max-image-preview:large","max-video-preview":"max-video-preview:-1"},"canonical":"https:\/\/portaldoestado.com.br\/index.php\/2026\/05\/01\/gabriela-saporito-planeja-voltar-a-faculdade-apos-o-bbb-26-e-aposta-em-conteudo-com-proposito\/","og_locale":"pt_BR","og_type":"article","og_title":"Gabriela Saporito planeja voltar \u00e0 faculdade ap\u00f3s o BBB 26 e aposta em conte\u00fado com prop\u00f3sito - Portal do Estado","og_description":"Ap\u00f3s sua participa\u00e7\u00e3o no Big Brother Brasil 26, Gabriela Saporito revelou que pretende retomar a gradua\u00e7\u00e3o em Psicologia e equilibrar os estudos com a carreira nas redes sociais. A ex-sister destacou que a forma\u00e7\u00e3o acad\u00eamica continua sendo uma prioridade e que j\u00e1 est\u00e1 se organizando para voltar \u00e0 rotina universit\u00e1ria. \u201cN\u00e3o \u00e9 algo que eu \u2026","og_url":"https:\/\/portaldoestado.com.br\/index.php\/2026\/05\/01\/gabriela-saporito-planeja-voltar-a-faculdade-apos-o-bbb-26-e-aposta-em-conteudo-com-proposito\/","og_site_name":"Portal do Estado","article_published_time":"2026-05-01T15:55:02+00:00","og_image":[{"width":900,"height":506,"url":"https:\/\/portaldoestado.com.br\/wp-content\/uploads\/2026\/05\/IMG_2677.webp","type":"image\/webp"}],"author":"assessoriadefamosos","twitter_card":"summary_large_image","twitter_misc":{"Escrito por":"assessoriadefamosos","Est. tempo de leitura":"1 minuto"},"schema":{"@context":"https:\/\/schema.org","@graph":[{"@type":"Article","@id":"https:\/\/portaldoestado.com.br\/index.php\/2026\/05\/01\/gabriela-saporito-planeja-voltar-a-faculdade-apos-o-bbb-26-e-aposta-em-conteudo-com-proposito\/#article","isPartOf":{"@id":"https:\/\/portaldoestado.com.br\/index.php\/2026\/05\/01\/gabriela-saporito-planeja-voltar-a-faculdade-apos-o-bbb-26-e-aposta-em-conteudo-com-proposito\/"},"author":{"name":"assessoriadefamosos","@id":"https:\/\/portaldoestado.com.br\/#\/schema\/person\/5ca0174f3c8c84b59da62ea14b698cb9"},"headline":"Gabriela Saporito planeja voltar \u00e0 faculdade ap\u00f3s o BBB 26 e aposta em conte\u00fado com prop\u00f3sito","datePublished":"2026-05-01T15:55:02+00:00","mainEntityOfPage":{"@id":"https:\/\/portaldoestado.com.br\/index.php\/2026\/05\/01\/gabriela-saporito-planeja-voltar-a-faculdade-apos-o-bbb-26-e-aposta-em-conteudo-com-proposito\/"},"wordCount":194,"publisher":{"@id":"https:\/\/portaldoestado.com.br\/#organization"},"image":{"@id":"https:\/\/portaldoestado.com.br\/index.php\/2026\/05\/01\/gabriela-saporito-planeja-voltar-a-faculdade-apos-o-bbb-26-e-aposta-em-conteudo-com-proposito\/#primaryimage"},"thumbnailUrl":"https:\/\/portaldoestado.com.br\/wp-content\/uploads\/2026\/05\/IMG_2677.webp","articleSection":["Famosos"],"inLanguage":"pt-BR"},{"@type":"WebPage","@id":"https:\/\/portaldoestado.com.br\/index.php\/2026\/05\/01\/gabriela-saporito-planeja-voltar-a-faculdade-apos-o-bbb-26-e-aposta-em-conteudo-com-proposito\/","url":"https:\/\/portaldoestado.com.br\/index.php\/2026\/05\/01\/gabriela-saporito-planeja-voltar-a-faculdade-apos-o-bbb-26-e-aposta-em-conteudo-com-proposito\/","name":"Gabriela Saporito planeja voltar \u00e0 faculdade ap\u00f3s o BBB 26 e aposta em conte\u00fado com prop\u00f3sito - Portal do Estado","isPartOf":{"@id":"https:\/\/portaldoestado.com.br\/#website"},"primaryImageOfPage":{"@id":"https:\/\/portaldoestado.com.br\/index.php\/2026\/05\/01\/gabriela-saporito-planeja-voltar-a-faculdade-apos-o-bbb-26-e-aposta-em-conteudo-com-proposito\/#primaryimage"},"image":{"@id":"https:\/\/portaldoestado.com.br\/index.php\/2026\/05\/01\/gabriela-saporito-planeja-voltar-a-faculdade-apos-o-bbb-26-e-aposta-em-conteudo-com-proposito\/#primaryimage"},"thumbnailUrl":"https:\/\/portaldoestado.com.br\/wp-content\/uploads\/2026\/05\/IMG_2677.webp","datePublished":"2026-05-01T15:55:02+00:00","breadcrumb":{"@id":"https:\/\/portaldoestado.com.br\/index.php\/2026\/05\/01\/gabriela-saporito-planeja-voltar-a-faculdade-apos-o-bbb-26-e-aposta-em-conteudo-com-proposito\/#breadcrumb"},"inLanguage":"pt-BR","potentialAction":[{"@type":"ReadAction","target":["https:\/\/portaldoestado.com.br\/index.php\/2026\/05\/01\/gabriela-saporito-planeja-voltar-a-faculdade-apos-o-bbb-26-e-aposta-em-conteudo-com-proposito\/"]}]},{"@type":"ImageObject","inLanguage":"pt-BR","@id":"https:\/\/portaldoestado.com.br\/index.php\/2026\/05\/01\/gabriela-saporito-planeja-voltar-a-faculdade-apos-o-bbb-26-e-aposta-em-conteudo-com-proposito\/#primaryimage","url":"https:\/\/portaldoestado.com.br\/wp-content\/uploads\/2026\/05\/IMG_2677.webp","contentUrl":"https:\/\/portaldoestado.com.br\/wp-content\/uploads\/2026\/05\/IMG_2677.webp","width":900,"height":506},{"@type":"BreadcrumbList","@id":"https:\/\/portaldoestado.com.br\/index.php\/2026\/05\/01\/gabriela-saporito-planeja-voltar-a-faculdade-apos-o-bbb-26-e-aposta-em-conteudo-com-proposito\/#breadcrumb","itemListElement":[{"@type":"ListItem","position":1,"name":"In\u00edcio","item":"https:\/\/portaldoestado.com.br\/"},{"@type":"ListItem","position":2,"name":"Gabriela Saporito planeja voltar \u00e0 faculdade ap\u00f3s o BBB 26 e aposta em conte\u00fado com prop\u00f3sito"}]},{"@type":"WebSite","@id":"https:\/\/portaldoestado.com.br\/#website","url":"https:\/\/portaldoestado.com.br\/","name":"Portal do Estado","description":"","publisher":{"@id":"https:\/\/portaldoestado.com.br\/#organization"},"potentialAction":[{"@type":"SearchAction","target":{"@type":"EntryPoint","urlTemplate":"https:\/\/portaldoestado.com.br\/?s={search_term_string}"},"query-input":{"@type":"PropertyValueSpecification","valueRequired":true,"valueName":"search_term_string"}}],"inLanguage":"pt-BR"},{"@type":"Organization","@id":"https:\/\/portaldoestado.com.br\/#organization","name":"Portal do Estado","url":"https:\/\/portaldoestado.com.br\/","logo":{"@type":"ImageObject","inLanguage":"pt-BR","@id":"https:\/\/portaldoestado.com.br\/#\/schema\/logo\/image\/","url":"https:\/\/portaldoestado.com.br\/wp-content\/uploads\/2025\/04\/cropped-6f69b19a-6472-43bf-b1b3-e1910bbbd4e8.png","contentUrl":"https:\/\/portaldoestado.com.br\/wp-content\/uploads\/2025\/04\/cropped-6f69b19a-6472-43bf-b1b3-e1910bbbd4e8.png","width":1024,"height":350,"caption":"Portal do Estado"},"image":{"@id":"https:\/\/portaldoestado.com.br\/#\/schema\/logo\/image\/"}},{"@type":"Person","@id":"https:\/\/portaldoestado.com.br\/#\/schema\/person\/5ca0174f3c8c84b59da62ea14b698cb9","name":"assessoriadefamosos","image":{"@type":"ImageObject","inLanguage":"pt-BR","@id":"https:\/\/portaldoestado.com.br\/#\/schema\/person\/image\/","url":"https:\/\/secure.gravatar.com\/avatar\/a7acbdffcfbbae7240e59f47fe511ec5f5d8c252c779f0b8d9ab02a9e1d8c5ed?s=96&d=mm&r=g","contentUrl":"https:\/\/secure.gravatar.com\/avatar\/a7acbdffcfbbae7240e59f47fe511ec5f5d8c252c779f0b8d9ab02a9e1d8c5ed?s=96&d=mm&r=g","caption":"assessoriadefamosos"},"url":"https:\/\/portaldoestado.com.br\/index.php\/author\/assessoriadefamosos\/"}]}},"jetpack_featured_media_url":"https:\/\/portaldoestado.com.br\/wp-content\/uploads\/2026\/05\/IMG_2677.webp","_links":{"self":[{"href":"https:\/\/portaldoestado.com.br\/index.php\/wp-json\/wp\/v2\/posts\/8851","targetHints":{"allow":["GET"]}}],"collection":[{"href":"https:\/\/portaldoestado.com.br\/index.php\/wp-json\/wp\/v2\/posts"}],"about":[{"href":"https:\/\/portaldoestado.com.br\/index.php\/wp-json\/wp\/v2\/types\/post"}],"author":[{"embeddable":true,"href":"https:\/\/portaldoestado.com.br\/index.php\/wp-json\/wp\/v2\/users\/2"}],"replies":[{"embeddable":true,"href":"https:\/\/portaldoestado.com.br\/index.php\/wp-json\/wp\/v2\/comments?post=8851"}],"version-history":[{"count":1,"href":"https:\/\/portaldoestado.com.br\/index.php\/wp-json\/wp\/v2\/posts\/8851\/revisions"}],"predecessor-version":[{"id":8852,"href":"https:\/\/portaldoestado.com.br\/index.php\/wp-json\/wp\/v2\/posts\/8851\/revisions\/8852"}],"wp:featuredmedia":[{"embeddable":true,"href":"https:\/\/portaldoestado.com.br\/index.php\/wp-json\/wp\/v2\/media\/8850"}],"wp:attachment":[{"href":"https:\/\/portaldoestado.com.br\/index.php\/wp-json\/wp\/v2\/media?parent=8851"}],"wp:term":[{"taxonomy":"category","embeddable":true,"href":"https:\/\/portaldoestado.com.br\/index.php\/wp-json\/wp\/v2\/categories?post=8851"},{"taxonomy":"post_tag","embeddable":true,"href":"https:\/\/portaldoestado.com.br\/index.php\/wp-json\/wp\/v2\/tags?post=8851"}],"curies":[{"name":"wp","href":"https:\/\/api.w.org\/{rel}","templated":true}]}}