{"id":884,"date":"2025-07-05T03:08:44","date_gmt":"2025-07-05T03:08:44","guid":{"rendered":"https:\/\/portaldoestado.com.br\/?p=884"},"modified":"2025-07-05T03:08:44","modified_gmt":"2025-07-05T03:08:44","slug":"o-mentoring-como-ferramenta-para-acelerar-o-crescimento-profissional-e-a-retencao-de-talentos-em-organizacoes-dinamicas","status":"publish","type":"post","link":"https:\/\/portaldoestado.com.br\/index.php\/2025\/07\/05\/o-mentoring-como-ferramenta-para-acelerar-o-crescimento-profissional-e-a-retencao-de-talentos-em-organizacoes-dinamicas\/","title":{"rendered":"O Mentoring como Ferramenta para Acelerar o Crescimento Profissional e a Reten\u00e7\u00e3o de Talentos em Organiza\u00e7\u00f5es Din\u00e2micas"},"content":{"rendered":"\n<p>Em ambientes corporativos cada vez mais desafiadores e din\u00e2micos, as estrat\u00e9gias de desenvolvimento humano tornaram-se um diferencial competitivo vital. Nesse contexto, o mentoring emerge como uma ferramenta t\u00e9cnica poderosa \u2014 n\u00e3o apenas para acelerar o crescimento profissional, mas tamb\u00e9m como um pilar central na reten\u00e7\u00e3o de talentos em organiza\u00e7\u00f5es que valorizam a inova\u00e7\u00e3o, a adaptabilidade e a alta performance.<\/p>\n\n\n\n<p>Ao contr\u00e1rio do coaching, que foca no alcance de metas espec\u00edficas em prazos definidos, o mentoring estabelece uma rela\u00e7\u00e3o de longo prazo entre mentor e\u00a0mentorado. Trata-se de um processo baseado em transfer\u00eancia de conhecimento, experi\u00eancias e sabedoria pr\u00e1tica, voltado para o crescimento sustent\u00e1vel e estrat\u00e9gico do indiv\u00edduo dentro do contexto organizacional. De acordo com estudos da Harvard Business Review, programas de mentoring bem estruturados contribuem diretamente para o aumento da satisfa\u00e7\u00e3o profissional e da perman\u00eancia de colaboradores talentosos em cargos-chave.<\/p>\n\n\n\n<p><strong>Renato Afonso Arraes Menezes Netto Sodr\u00e9<\/strong>, especialista\u00a0em Desenvolvimento de Pessoas e Treinamento com experi\u00eancia desde 2014, focado em capacitar indiv\u00edduos e equipes a alcan\u00e7arem seu potencial m\u00e1ximo. Sua trajet\u00f3ria profissional \u00e9 marcada pela dedica\u00e7\u00e3o ao aprimoramento pessoal e profissional, com viv\u00eancia em coaching, treinamento empresarial e gest\u00e3o de talentos. Ele possui forma\u00e7\u00e3o em Direito pela Universidade Federal da Bahia e especializa\u00e7\u00e3o em Gest\u00e3o por Orat\u00f3ria pela Universidade\u00a0Unibahia, al\u00e9m de certifica\u00e7\u00f5es em Coaching Financeiro, Business Coaching, Life Coaching e An\u00e1lise de Perfil Comportamental pela Florida Christian\u00a0University. Renato tem um hist\u00f3rico comprovado no desenho e implementa\u00e7\u00e3o de programas de desenvolvimento adaptados \u00e0s necessidades espec\u00edficas de empresas e colaboradores, incluindo a condu\u00e7\u00e3o de treinamentos presenciais e virtuais em habilidades t\u00e9cnicas, comportamentais e de lideran\u00e7a, \u00e9 um exemplo not\u00e1vel de como o mentoring pode ser aplicado de forma sist\u00eamica nas organiza\u00e7\u00f5es. Em sua trajet\u00f3ria por empresas como Hinode,\u00a0Racco, Maravilha da Terra e atualmente \u00e0 frente da Sodr\u00e9\u00a0Servi\u00e7os de Promo\u00e7\u00e3o de Vendas, Renato acumulou expertise pr\u00e1tica na implementa\u00e7\u00e3o de programas de desenvolvimento humano com foco em resultados organizacionais.<\/p>\n\n\n\n<p>\u201cMentorear n\u00e3o \u00e9 dar respostas prontas, mas provocar perguntas certas. O papel do mentor \u00e9 ampliar a vis\u00e3o do profissional, despertando nele a capacidade de agir estrategicamente em sua carreira\u201d, afirma Renato. A aplica\u00e7\u00e3o dessa filosofia foi essencial em suas passagens por grandes empresas, onde desenhou programas de desenvolvimento baseados na an\u00e1lise de compet\u00eancias, alinhamento com objetivos organizacionais e monitoramento cont\u00ednuo de desempenho.<\/p>\n\n\n\n<p>Uma das principais contribui\u00e7\u00f5es t\u00e9cnicas do mentoring est\u00e1 na constru\u00e7\u00e3o de um pipeline de lideran\u00e7a. Organiza\u00e7\u00f5es que investem em mentoring estruturado conseguem identificar e desenvolver talentos internos, minimizando custos com contrata\u00e7\u00f5es externas e promovendo uma cultura de crescimento. Renato ressalta que \u201ca reten\u00e7\u00e3o de talentos passa pela percep\u00e7\u00e3o de valoriza\u00e7\u00e3o. O profissional que sente que est\u00e1 sendo lapidado e guiado tende a se comprometer mais com a organiza\u00e7\u00e3o.\u201d<\/p>\n\n\n\n<p>Na pr\u00e1tica, programas de mentoring eficazes envolvem fases bem definidas: identifica\u00e7\u00e3o dos objetivos individuais e organizacionais, sele\u00e7\u00e3o criteriosa dos mentores com base em experi\u00eancia e afinidade, estrutura\u00e7\u00e3o de encontros com metas claras e sistemas de feedback cont\u00ednuo. Al\u00e9m disso, o uso de ferramentas como an\u00e1lise de perfil comportamental e coaching integrativo amplia o impacto dessas iniciativas. Renato \u00e9 certificado como Analista de Perfil Comportamental e possui forma\u00e7\u00e3o em Coaching de Vida e de Neg\u00f3cios, o que fortalece sua capacidade de personalizar abordagens conforme o contexto de cada organiza\u00e7\u00e3o.<\/p>\n\n\n\n<p>Outro ponto t\u00e9cnico relevante \u00e9 o impacto do mentoring sobre o clima organizacional. O v\u00ednculo mentor-mentorado\u00a0gera confian\u00e7a, engajamento e sentido de pertencimento. Essa cultura de apoio m\u00fatuo favorece a inova\u00e7\u00e3o e o esp\u00edrito colaborativo. \u201cAo desenvolver l\u00edderes que tamb\u00e9m se tornam mentores, criamos um ciclo virtuoso de aprendizado e crescimento dentro da empresa\u201d, pontua Renato.<\/p>\n\n\n\n<p>Para organiza\u00e7\u00f5es que desejam implementar o mentoring de forma estrat\u00e9gica, \u00e9 essencial compreender que n\u00e3o se trata de um processo informal ou intuitivo. Exige planejamento, m\u00e9tricas, acompanhamento e alinhamento com os valores institucionais. Nesse aspecto, a experi\u00eancia de Renato na cria\u00e7\u00e3o de programas de desenvolvimento com foco em lideran\u00e7a, engajamento e cultura organizacional torna-se um case t\u00e9cnico de refer\u00eancia.<\/p>\n\n\n\n<p>Em s\u00edntese, o mentoring \u00e9 uma ferramenta de gest\u00e3o de talentos que, quando aplicada com rigor metodol\u00f3gico, transforma n\u00e3o apenas indiv\u00edduos, mas o pr\u00f3prio DNA da organiza\u00e7\u00e3o. Em tempos de alta rotatividade e busca incessante por inova\u00e7\u00e3o, empresas que investem em mentoring estruturado colhem como resultado profissionais mais preparados, comprometidos e alinhados com os objetivos corporativos \u2014 um verdadeiro ativo estrat\u00e9gico.<\/p>\n\n\n\n<p>Como conclui Renato Sodr\u00e9: \u201cInvestir em pessoas n\u00e3o \u00e9 apenas uma quest\u00e3o de humaniza\u00e7\u00e3o, mas uma estrat\u00e9gia s\u00f3lida de crescimento sustent\u00e1vel.\u201d Uma vis\u00e3o que, mais do que uma tend\u00eancia, tornou-se uma exig\u00eancia para organiza\u00e7\u00f5es que almejam se destacar em um mercado cada vez mais competitivo.<\/p>\n","protected":false},"excerpt":{"rendered":"<p>Em ambientes corporativos cada vez mais desafiadores e din\u00e2micos, as estrat\u00e9gias de desenvolvimento humano tornaram-se um diferencial competitivo vital. Nesse contexto, o mentoring emerge como uma ferramenta t\u00e9cnica poderosa \u2014 n\u00e3o apenas para acelerar o crescimento profissional, mas tamb\u00e9m como um pilar central na reten\u00e7\u00e3o de talentos em organiza\u00e7\u00f5es que valorizam a inova\u00e7\u00e3o, a adaptabilidade \u2026<\/p>\n","protected":false},"author":2,"featured_media":883,"comment_status":"closed","ping_status":"open","sticky":false,"template":"","format":"standard","meta":{"footnotes":""},"categories":[3],"tags":[],"class_list":["post-884","post","type-post","status-publish","format-standard","has-post-thumbnail","hentry","category-famosos"],"yoast_head":"<!-- This site is optimized with the Yoast SEO plugin v25.5 - https:\/\/yoast.com\/wordpress\/plugins\/seo\/ -->\n<title>O Mentoring como Ferramenta para Acelerar o Crescimento Profissional e a Reten\u00e7\u00e3o de Talentos em Organiza\u00e7\u00f5es Din\u00e2micas - Portal do Estado<\/title>\n<meta name=\"robots\" content=\"index, follow, max-snippet:-1, max-image-preview:large, max-video-preview:-1\" \/>\n<link rel=\"canonical\" href=\"https:\/\/portaldoestado.com.br\/index.php\/2025\/07\/05\/o-mentoring-como-ferramenta-para-acelerar-o-crescimento-profissional-e-a-retencao-de-talentos-em-organizacoes-dinamicas\/\" \/>\n<meta property=\"og:locale\" content=\"pt_BR\" \/>\n<meta property=\"og:type\" content=\"article\" \/>\n<meta property=\"og:title\" content=\"O Mentoring como Ferramenta para Acelerar o Crescimento Profissional e a Reten\u00e7\u00e3o de Talentos em Organiza\u00e7\u00f5es Din\u00e2micas - Portal do Estado\" \/>\n<meta property=\"og:description\" content=\"Em ambientes corporativos cada vez mais desafiadores e din\u00e2micos, as estrat\u00e9gias de desenvolvimento humano tornaram-se um diferencial competitivo vital. Nesse contexto, o mentoring emerge como uma ferramenta t\u00e9cnica poderosa \u2014 n\u00e3o apenas para acelerar o crescimento profissional, mas tamb\u00e9m como um pilar central na reten\u00e7\u00e3o de talentos em organiza\u00e7\u00f5es que valorizam a inova\u00e7\u00e3o, a adaptabilidade \u2026\" \/>\n<meta property=\"og:url\" content=\"https:\/\/portaldoestado.com.br\/index.php\/2025\/07\/05\/o-mentoring-como-ferramenta-para-acelerar-o-crescimento-profissional-e-a-retencao-de-talentos-em-organizacoes-dinamicas\/\" \/>\n<meta property=\"og:site_name\" content=\"Portal do Estado\" \/>\n<meta property=\"article:published_time\" content=\"2025-07-05T03:08:44+00:00\" \/>\n<meta property=\"og:image\" content=\"https:\/\/portaldoestado.com.br\/wp-content\/uploads\/2025\/07\/IMG_9872.jpeg\" \/>\n\t<meta property=\"og:image:width\" content=\"1320\" \/>\n\t<meta property=\"og:image:height\" content=\"734\" \/>\n\t<meta property=\"og:image:type\" content=\"image\/jpeg\" \/>\n<meta name=\"author\" content=\"assessoriadefamosos\" \/>\n<meta name=\"twitter:card\" content=\"summary_large_image\" \/>\n<meta name=\"twitter:label1\" content=\"Escrito por\" \/>\n\t<meta name=\"twitter:data1\" content=\"assessoriadefamosos\" \/>\n\t<meta name=\"twitter:label2\" content=\"Est. tempo de leitura\" \/>\n\t<meta name=\"twitter:data2\" content=\"4 minutos\" \/>\n<script type=\"application\/ld+json\" class=\"yoast-schema-graph\">{\"@context\":\"https:\/\/schema.org\",\"@graph\":[{\"@type\":\"Article\",\"@id\":\"https:\/\/portaldoestado.com.br\/index.php\/2025\/07\/05\/o-mentoring-como-ferramenta-para-acelerar-o-crescimento-profissional-e-a-retencao-de-talentos-em-organizacoes-dinamicas\/#article\",\"isPartOf\":{\"@id\":\"https:\/\/portaldoestado.com.br\/index.php\/2025\/07\/05\/o-mentoring-como-ferramenta-para-acelerar-o-crescimento-profissional-e-a-retencao-de-talentos-em-organizacoes-dinamicas\/\"},\"author\":{\"name\":\"assessoriadefamosos\",\"@id\":\"https:\/\/portaldoestado.com.br\/#\/schema\/person\/5ca0174f3c8c84b59da62ea14b698cb9\"},\"headline\":\"O Mentoring como Ferramenta para Acelerar o Crescimento Profissional e a Reten\u00e7\u00e3o de Talentos em Organiza\u00e7\u00f5es Din\u00e2micas\",\"datePublished\":\"2025-07-05T03:08:44+00:00\",\"mainEntityOfPage\":{\"@id\":\"https:\/\/portaldoestado.com.br\/index.php\/2025\/07\/05\/o-mentoring-como-ferramenta-para-acelerar-o-crescimento-profissional-e-a-retencao-de-talentos-em-organizacoes-dinamicas\/\"},\"wordCount\":876,\"publisher\":{\"@id\":\"https:\/\/portaldoestado.com.br\/#organization\"},\"image\":{\"@id\":\"https:\/\/portaldoestado.com.br\/index.php\/2025\/07\/05\/o-mentoring-como-ferramenta-para-acelerar-o-crescimento-profissional-e-a-retencao-de-talentos-em-organizacoes-dinamicas\/#primaryimage\"},\"thumbnailUrl\":\"https:\/\/portaldoestado.com.br\/wp-content\/uploads\/2025\/07\/IMG_9872.jpeg\",\"articleSection\":[\"Famosos\"],\"inLanguage\":\"pt-BR\"},{\"@type\":\"WebPage\",\"@id\":\"https:\/\/portaldoestado.com.br\/index.php\/2025\/07\/05\/o-mentoring-como-ferramenta-para-acelerar-o-crescimento-profissional-e-a-retencao-de-talentos-em-organizacoes-dinamicas\/\",\"url\":\"https:\/\/portaldoestado.com.br\/index.php\/2025\/07\/05\/o-mentoring-como-ferramenta-para-acelerar-o-crescimento-profissional-e-a-retencao-de-talentos-em-organizacoes-dinamicas\/\",\"name\":\"O Mentoring como Ferramenta para Acelerar o Crescimento Profissional e a Reten\u00e7\u00e3o de Talentos em Organiza\u00e7\u00f5es Din\u00e2micas - Portal do Estado\",\"isPartOf\":{\"@id\":\"https:\/\/portaldoestado.com.br\/#website\"},\"primaryImageOfPage\":{\"@id\":\"https:\/\/portaldoestado.com.br\/index.php\/2025\/07\/05\/o-mentoring-como-ferramenta-para-acelerar-o-crescimento-profissional-e-a-retencao-de-talentos-em-organizacoes-dinamicas\/#primaryimage\"},\"image\":{\"@id\":\"https:\/\/portaldoestado.com.br\/index.php\/2025\/07\/05\/o-mentoring-como-ferramenta-para-acelerar-o-crescimento-profissional-e-a-retencao-de-talentos-em-organizacoes-dinamicas\/#primaryimage\"},\"thumbnailUrl\":\"https:\/\/portaldoestado.com.br\/wp-content\/uploads\/2025\/07\/IMG_9872.jpeg\",\"datePublished\":\"2025-07-05T03:08:44+00:00\",\"breadcrumb\":{\"@id\":\"https:\/\/portaldoestado.com.br\/index.php\/2025\/07\/05\/o-mentoring-como-ferramenta-para-acelerar-o-crescimento-profissional-e-a-retencao-de-talentos-em-organizacoes-dinamicas\/#breadcrumb\"},\"inLanguage\":\"pt-BR\",\"potentialAction\":[{\"@type\":\"ReadAction\",\"target\":[\"https:\/\/portaldoestado.com.br\/index.php\/2025\/07\/05\/o-mentoring-como-ferramenta-para-acelerar-o-crescimento-profissional-e-a-retencao-de-talentos-em-organizacoes-dinamicas\/\"]}]},{\"@type\":\"ImageObject\",\"inLanguage\":\"pt-BR\",\"@id\":\"https:\/\/portaldoestado.com.br\/index.php\/2025\/07\/05\/o-mentoring-como-ferramenta-para-acelerar-o-crescimento-profissional-e-a-retencao-de-talentos-em-organizacoes-dinamicas\/#primaryimage\",\"url\":\"https:\/\/portaldoestado.com.br\/wp-content\/uploads\/2025\/07\/IMG_9872.jpeg\",\"contentUrl\":\"https:\/\/portaldoestado.com.br\/wp-content\/uploads\/2025\/07\/IMG_9872.jpeg\",\"width\":1320,\"height\":734},{\"@type\":\"BreadcrumbList\",\"@id\":\"https:\/\/portaldoestado.com.br\/index.php\/2025\/07\/05\/o-mentoring-como-ferramenta-para-acelerar-o-crescimento-profissional-e-a-retencao-de-talentos-em-organizacoes-dinamicas\/#breadcrumb\",\"itemListElement\":[{\"@type\":\"ListItem\",\"position\":1,\"name\":\"In\u00edcio\",\"item\":\"https:\/\/portaldoestado.com.br\/\"},{\"@type\":\"ListItem\",\"position\":2,\"name\":\"O Mentoring como Ferramenta para Acelerar o Crescimento Profissional e a Reten\u00e7\u00e3o de Talentos em Organiza\u00e7\u00f5es Din\u00e2micas\"}]},{\"@type\":\"WebSite\",\"@id\":\"https:\/\/portaldoestado.com.br\/#website\",\"url\":\"https:\/\/portaldoestado.com.br\/\",\"name\":\"Portal do Estado\",\"description\":\"\",\"publisher\":{\"@id\":\"https:\/\/portaldoestado.com.br\/#organization\"},\"potentialAction\":[{\"@type\":\"SearchAction\",\"target\":{\"@type\":\"EntryPoint\",\"urlTemplate\":\"https:\/\/portaldoestado.com.br\/?s={search_term_string}\"},\"query-input\":{\"@type\":\"PropertyValueSpecification\",\"valueRequired\":true,\"valueName\":\"search_term_string\"}}],\"inLanguage\":\"pt-BR\"},{\"@type\":\"Organization\",\"@id\":\"https:\/\/portaldoestado.com.br\/#organization\",\"name\":\"Portal do Estado\",\"url\":\"https:\/\/portaldoestado.com.br\/\",\"logo\":{\"@type\":\"ImageObject\",\"inLanguage\":\"pt-BR\",\"@id\":\"https:\/\/portaldoestado.com.br\/#\/schema\/logo\/image\/\",\"url\":\"https:\/\/portaldoestado.com.br\/wp-content\/uploads\/2025\/04\/cropped-6f69b19a-6472-43bf-b1b3-e1910bbbd4e8.png\",\"contentUrl\":\"https:\/\/portaldoestado.com.br\/wp-content\/uploads\/2025\/04\/cropped-6f69b19a-6472-43bf-b1b3-e1910bbbd4e8.png\",\"width\":1024,\"height\":350,\"caption\":\"Portal do Estado\"},\"image\":{\"@id\":\"https:\/\/portaldoestado.com.br\/#\/schema\/logo\/image\/\"}},{\"@type\":\"Person\",\"@id\":\"https:\/\/portaldoestado.com.br\/#\/schema\/person\/5ca0174f3c8c84b59da62ea14b698cb9\",\"name\":\"assessoriadefamosos\",\"image\":{\"@type\":\"ImageObject\",\"inLanguage\":\"pt-BR\",\"@id\":\"https:\/\/portaldoestado.com.br\/#\/schema\/person\/image\/\",\"url\":\"https:\/\/secure.gravatar.com\/avatar\/a7acbdffcfbbae7240e59f47fe511ec5f5d8c252c779f0b8d9ab02a9e1d8c5ed?s=96&d=mm&r=g\",\"contentUrl\":\"https:\/\/secure.gravatar.com\/avatar\/a7acbdffcfbbae7240e59f47fe511ec5f5d8c252c779f0b8d9ab02a9e1d8c5ed?s=96&d=mm&r=g\",\"caption\":\"assessoriadefamosos\"},\"url\":\"https:\/\/portaldoestado.com.br\/index.php\/author\/assessoriadefamosos\/\"}]}<\/script>\n<!-- \/ Yoast SEO plugin. -->","yoast_head_json":{"title":"O Mentoring como Ferramenta para Acelerar o Crescimento Profissional e a Reten\u00e7\u00e3o de Talentos em Organiza\u00e7\u00f5es Din\u00e2micas - Portal do Estado","robots":{"index":"index","follow":"follow","max-snippet":"max-snippet:-1","max-image-preview":"max-image-preview:large","max-video-preview":"max-video-preview:-1"},"canonical":"https:\/\/portaldoestado.com.br\/index.php\/2025\/07\/05\/o-mentoring-como-ferramenta-para-acelerar-o-crescimento-profissional-e-a-retencao-de-talentos-em-organizacoes-dinamicas\/","og_locale":"pt_BR","og_type":"article","og_title":"O Mentoring como Ferramenta para Acelerar o Crescimento Profissional e a Reten\u00e7\u00e3o de Talentos em Organiza\u00e7\u00f5es Din\u00e2micas - Portal do Estado","og_description":"Em ambientes corporativos cada vez mais desafiadores e din\u00e2micos, as estrat\u00e9gias de desenvolvimento humano tornaram-se um diferencial competitivo vital. Nesse contexto, o mentoring emerge como uma ferramenta t\u00e9cnica poderosa \u2014 n\u00e3o apenas para acelerar o crescimento profissional, mas tamb\u00e9m como um pilar central na reten\u00e7\u00e3o de talentos em organiza\u00e7\u00f5es que valorizam a inova\u00e7\u00e3o, a adaptabilidade \u2026","og_url":"https:\/\/portaldoestado.com.br\/index.php\/2025\/07\/05\/o-mentoring-como-ferramenta-para-acelerar-o-crescimento-profissional-e-a-retencao-de-talentos-em-organizacoes-dinamicas\/","og_site_name":"Portal do Estado","article_published_time":"2025-07-05T03:08:44+00:00","og_image":[{"width":1320,"height":734,"url":"https:\/\/portaldoestado.com.br\/wp-content\/uploads\/2025\/07\/IMG_9872.jpeg","type":"image\/jpeg"}],"author":"assessoriadefamosos","twitter_card":"summary_large_image","twitter_misc":{"Escrito por":"assessoriadefamosos","Est. tempo de leitura":"4 minutos"},"schema":{"@context":"https:\/\/schema.org","@graph":[{"@type":"Article","@id":"https:\/\/portaldoestado.com.br\/index.php\/2025\/07\/05\/o-mentoring-como-ferramenta-para-acelerar-o-crescimento-profissional-e-a-retencao-de-talentos-em-organizacoes-dinamicas\/#article","isPartOf":{"@id":"https:\/\/portaldoestado.com.br\/index.php\/2025\/07\/05\/o-mentoring-como-ferramenta-para-acelerar-o-crescimento-profissional-e-a-retencao-de-talentos-em-organizacoes-dinamicas\/"},"author":{"name":"assessoriadefamosos","@id":"https:\/\/portaldoestado.com.br\/#\/schema\/person\/5ca0174f3c8c84b59da62ea14b698cb9"},"headline":"O Mentoring como Ferramenta para Acelerar o Crescimento Profissional e a Reten\u00e7\u00e3o de Talentos em Organiza\u00e7\u00f5es Din\u00e2micas","datePublished":"2025-07-05T03:08:44+00:00","mainEntityOfPage":{"@id":"https:\/\/portaldoestado.com.br\/index.php\/2025\/07\/05\/o-mentoring-como-ferramenta-para-acelerar-o-crescimento-profissional-e-a-retencao-de-talentos-em-organizacoes-dinamicas\/"},"wordCount":876,"publisher":{"@id":"https:\/\/portaldoestado.com.br\/#organization"},"image":{"@id":"https:\/\/portaldoestado.com.br\/index.php\/2025\/07\/05\/o-mentoring-como-ferramenta-para-acelerar-o-crescimento-profissional-e-a-retencao-de-talentos-em-organizacoes-dinamicas\/#primaryimage"},"thumbnailUrl":"https:\/\/portaldoestado.com.br\/wp-content\/uploads\/2025\/07\/IMG_9872.jpeg","articleSection":["Famosos"],"inLanguage":"pt-BR"},{"@type":"WebPage","@id":"https:\/\/portaldoestado.com.br\/index.php\/2025\/07\/05\/o-mentoring-como-ferramenta-para-acelerar-o-crescimento-profissional-e-a-retencao-de-talentos-em-organizacoes-dinamicas\/","url":"https:\/\/portaldoestado.com.br\/index.php\/2025\/07\/05\/o-mentoring-como-ferramenta-para-acelerar-o-crescimento-profissional-e-a-retencao-de-talentos-em-organizacoes-dinamicas\/","name":"O Mentoring como Ferramenta para Acelerar o Crescimento Profissional e a Reten\u00e7\u00e3o de Talentos em Organiza\u00e7\u00f5es Din\u00e2micas - Portal do Estado","isPartOf":{"@id":"https:\/\/portaldoestado.com.br\/#website"},"primaryImageOfPage":{"@id":"https:\/\/portaldoestado.com.br\/index.php\/2025\/07\/05\/o-mentoring-como-ferramenta-para-acelerar-o-crescimento-profissional-e-a-retencao-de-talentos-em-organizacoes-dinamicas\/#primaryimage"},"image":{"@id":"https:\/\/portaldoestado.com.br\/index.php\/2025\/07\/05\/o-mentoring-como-ferramenta-para-acelerar-o-crescimento-profissional-e-a-retencao-de-talentos-em-organizacoes-dinamicas\/#primaryimage"},"thumbnailUrl":"https:\/\/portaldoestado.com.br\/wp-content\/uploads\/2025\/07\/IMG_9872.jpeg","datePublished":"2025-07-05T03:08:44+00:00","breadcrumb":{"@id":"https:\/\/portaldoestado.com.br\/index.php\/2025\/07\/05\/o-mentoring-como-ferramenta-para-acelerar-o-crescimento-profissional-e-a-retencao-de-talentos-em-organizacoes-dinamicas\/#breadcrumb"},"inLanguage":"pt-BR","potentialAction":[{"@type":"ReadAction","target":["https:\/\/portaldoestado.com.br\/index.php\/2025\/07\/05\/o-mentoring-como-ferramenta-para-acelerar-o-crescimento-profissional-e-a-retencao-de-talentos-em-organizacoes-dinamicas\/"]}]},{"@type":"ImageObject","inLanguage":"pt-BR","@id":"https:\/\/portaldoestado.com.br\/index.php\/2025\/07\/05\/o-mentoring-como-ferramenta-para-acelerar-o-crescimento-profissional-e-a-retencao-de-talentos-em-organizacoes-dinamicas\/#primaryimage","url":"https:\/\/portaldoestado.com.br\/wp-content\/uploads\/2025\/07\/IMG_9872.jpeg","contentUrl":"https:\/\/portaldoestado.com.br\/wp-content\/uploads\/2025\/07\/IMG_9872.jpeg","width":1320,"height":734},{"@type":"BreadcrumbList","@id":"https:\/\/portaldoestado.com.br\/index.php\/2025\/07\/05\/o-mentoring-como-ferramenta-para-acelerar-o-crescimento-profissional-e-a-retencao-de-talentos-em-organizacoes-dinamicas\/#breadcrumb","itemListElement":[{"@type":"ListItem","position":1,"name":"In\u00edcio","item":"https:\/\/portaldoestado.com.br\/"},{"@type":"ListItem","position":2,"name":"O Mentoring como Ferramenta para Acelerar o Crescimento Profissional e a Reten\u00e7\u00e3o de Talentos em Organiza\u00e7\u00f5es Din\u00e2micas"}]},{"@type":"WebSite","@id":"https:\/\/portaldoestado.com.br\/#website","url":"https:\/\/portaldoestado.com.br\/","name":"Portal do Estado","description":"","publisher":{"@id":"https:\/\/portaldoestado.com.br\/#organization"},"potentialAction":[{"@type":"SearchAction","target":{"@type":"EntryPoint","urlTemplate":"https:\/\/portaldoestado.com.br\/?s={search_term_string}"},"query-input":{"@type":"PropertyValueSpecification","valueRequired":true,"valueName":"search_term_string"}}],"inLanguage":"pt-BR"},{"@type":"Organization","@id":"https:\/\/portaldoestado.com.br\/#organization","name":"Portal do Estado","url":"https:\/\/portaldoestado.com.br\/","logo":{"@type":"ImageObject","inLanguage":"pt-BR","@id":"https:\/\/portaldoestado.com.br\/#\/schema\/logo\/image\/","url":"https:\/\/portaldoestado.com.br\/wp-content\/uploads\/2025\/04\/cropped-6f69b19a-6472-43bf-b1b3-e1910bbbd4e8.png","contentUrl":"https:\/\/portaldoestado.com.br\/wp-content\/uploads\/2025\/04\/cropped-6f69b19a-6472-43bf-b1b3-e1910bbbd4e8.png","width":1024,"height":350,"caption":"Portal do Estado"},"image":{"@id":"https:\/\/portaldoestado.com.br\/#\/schema\/logo\/image\/"}},{"@type":"Person","@id":"https:\/\/portaldoestado.com.br\/#\/schema\/person\/5ca0174f3c8c84b59da62ea14b698cb9","name":"assessoriadefamosos","image":{"@type":"ImageObject","inLanguage":"pt-BR","@id":"https:\/\/portaldoestado.com.br\/#\/schema\/person\/image\/","url":"https:\/\/secure.gravatar.com\/avatar\/a7acbdffcfbbae7240e59f47fe511ec5f5d8c252c779f0b8d9ab02a9e1d8c5ed?s=96&d=mm&r=g","contentUrl":"https:\/\/secure.gravatar.com\/avatar\/a7acbdffcfbbae7240e59f47fe511ec5f5d8c252c779f0b8d9ab02a9e1d8c5ed?s=96&d=mm&r=g","caption":"assessoriadefamosos"},"url":"https:\/\/portaldoestado.com.br\/index.php\/author\/assessoriadefamosos\/"}]}},"jetpack_featured_media_url":"https:\/\/portaldoestado.com.br\/wp-content\/uploads\/2025\/07\/IMG_9872.jpeg","_links":{"self":[{"href":"https:\/\/portaldoestado.com.br\/index.php\/wp-json\/wp\/v2\/posts\/884","targetHints":{"allow":["GET"]}}],"collection":[{"href":"https:\/\/portaldoestado.com.br\/index.php\/wp-json\/wp\/v2\/posts"}],"about":[{"href":"https:\/\/portaldoestado.com.br\/index.php\/wp-json\/wp\/v2\/types\/post"}],"author":[{"embeddable":true,"href":"https:\/\/portaldoestado.com.br\/index.php\/wp-json\/wp\/v2\/users\/2"}],"replies":[{"embeddable":true,"href":"https:\/\/portaldoestado.com.br\/index.php\/wp-json\/wp\/v2\/comments?post=884"}],"version-history":[{"count":1,"href":"https:\/\/portaldoestado.com.br\/index.php\/wp-json\/wp\/v2\/posts\/884\/revisions"}],"predecessor-version":[{"id":885,"href":"https:\/\/portaldoestado.com.br\/index.php\/wp-json\/wp\/v2\/posts\/884\/revisions\/885"}],"wp:featuredmedia":[{"embeddable":true,"href":"https:\/\/portaldoestado.com.br\/index.php\/wp-json\/wp\/v2\/media\/883"}],"wp:attachment":[{"href":"https:\/\/portaldoestado.com.br\/index.php\/wp-json\/wp\/v2\/media?parent=884"}],"wp:term":[{"taxonomy":"category","embeddable":true,"href":"https:\/\/portaldoestado.com.br\/index.php\/wp-json\/wp\/v2\/categories?post=884"},{"taxonomy":"post_tag","embeddable":true,"href":"https:\/\/portaldoestado.com.br\/index.php\/wp-json\/wp\/v2\/tags?post=884"}],"curies":[{"name":"wp","href":"https:\/\/api.w.org\/{rel}","templated":true}]}}