{"id":8833,"date":"2026-05-01T15:17:40","date_gmt":"2026-05-01T15:17:40","guid":{"rendered":"https:\/\/portaldoestado.com.br\/?p=8833"},"modified":"2026-05-01T15:17:40","modified_gmt":"2026-05-01T15:17:40","slug":"nathalia-valente-relata-assalto-violento-em-sao-paulo-e-desabafa-sobre-medo-pensei-no-meu-filho-o-tempo-todo","status":"publish","type":"post","link":"https:\/\/portaldoestado.com.br\/index.php\/2026\/05\/01\/nathalia-valente-relata-assalto-violento-em-sao-paulo-e-desabafa-sobre-medo-pensei-no-meu-filho-o-tempo-todo\/","title":{"rendered":"Nathalia Valente relata assalto violento em S\u00e3o Paulo e desabafa sobre medo: \u201cPensei no meu filho o tempo todo\u201d"},"content":{"rendered":"\n<p>A influenciadora Nathalia Valente usou as redes sociais para relatar momentos de tens\u00e3o vividos ap\u00f3s ser v\u00edtima de um assalto \u00e0 m\u00e3o armada em S\u00e3o Paulo. O crime aconteceu na \u00faltima quinta-feira (30), logo ap\u00f3s a grava\u00e7\u00e3o de um trabalho publicit\u00e1rio.<\/p>\n\n\n\n<p>Ela estava acompanhada do marido, Yuri Meirelles, e de um integrante da equipe de filmagem quando foi surpreendida por dois criminosos armados. Segundo o casal, os assaltantes agiram rapidamente, rendendo todos e amea\u00e7ando com armas enquanto recolhiam objetos pessoais.<\/p>\n\n\n\n<p>Durante o assalto, foram levados itens de valor, incluindo alian\u00e7as, celular e um rel\u00f3gio recente de Yuri. Bastante abalada, Nathalia contou que preferiu n\u00e3o reagir diante da situa\u00e7\u00e3o para evitar consequ\u00eancias mais graves. \u201cFoi um momento de muito medo. A \u00fanica coisa que vinha na minha cabe\u00e7a era o meu filho\u201d, relatou.<\/p>\n\n\n\n<p>O beb\u00ea do casal, Thales, de sete meses, n\u00e3o estava no local, o que trouxe al\u00edvio \u00e0 influenciadora ap\u00f3s o ocorrido. Ainda assim, ela descreveu o epis\u00f3dio como traum\u00e1tico e lamentou a sensa\u00e7\u00e3o de vulnerabilidade.<\/p>\n\n\n\n<p>Yuri tamb\u00e9m se pronunciou, destacando o impacto emocional e financeiro do crime. Segundo ele, al\u00e9m do preju\u00edzo material, fica o sentimento de revolta diante da inseguran\u00e7a.<\/p>\n\n\n\n<p>Apesar do susto, o casal informou que ningu\u00e9m ficou ferido e refor\u00e7ou a import\u00e2ncia de valorizar a vida. Nathalia finalizou o relato agradecendo por ter conseguido voltar para casa em seguran\u00e7a e reencontrar a fam\u00edlia.<\/p>\n","protected":false},"excerpt":{"rendered":"<p>A influenciadora Nathalia Valente usou as redes sociais para relatar momentos de tens\u00e3o vividos ap\u00f3s ser v\u00edtima de um assalto \u00e0 m\u00e3o armada em S\u00e3o Paulo. O crime aconteceu na \u00faltima quinta-feira (30), logo ap\u00f3s a grava\u00e7\u00e3o de um trabalho publicit\u00e1rio. Ela estava acompanhada do marido, Yuri Meirelles, e de um integrante da equipe de \u2026<\/p>\n","protected":false},"author":2,"featured_media":8832,"comment_status":"closed","ping_status":"open","sticky":false,"template":"","format":"standard","meta":{"footnotes":""},"categories":[3],"tags":[],"class_list":["post-8833","post","type-post","status-publish","format-standard","has-post-thumbnail","hentry","category-famosos"],"yoast_head":"<!-- This site is optimized with the Yoast SEO plugin v25.5 - https:\/\/yoast.com\/wordpress\/plugins\/seo\/ -->\n<title>Nathalia Valente relata assalto violento em S\u00e3o Paulo e desabafa sobre medo: \u201cPensei no meu filho o tempo todo\u201d - Portal do Estado<\/title>\n<meta name=\"robots\" content=\"index, follow, max-snippet:-1, max-image-preview:large, max-video-preview:-1\" \/>\n<link rel=\"canonical\" href=\"https:\/\/portaldoestado.com.br\/index.php\/2026\/05\/01\/nathalia-valente-relata-assalto-violento-em-sao-paulo-e-desabafa-sobre-medo-pensei-no-meu-filho-o-tempo-todo\/\" \/>\n<meta property=\"og:locale\" content=\"pt_BR\" \/>\n<meta property=\"og:type\" content=\"article\" \/>\n<meta property=\"og:title\" content=\"Nathalia Valente relata assalto violento em S\u00e3o Paulo e desabafa sobre medo: \u201cPensei no meu filho o tempo todo\u201d - Portal do Estado\" \/>\n<meta property=\"og:description\" content=\"A influenciadora Nathalia Valente usou as redes sociais para relatar momentos de tens\u00e3o vividos ap\u00f3s ser v\u00edtima de um assalto \u00e0 m\u00e3o armada em S\u00e3o Paulo. O crime aconteceu na \u00faltima quinta-feira (30), logo ap\u00f3s a grava\u00e7\u00e3o de um trabalho publicit\u00e1rio. Ela estava acompanhada do marido, Yuri Meirelles, e de um integrante da equipe de \u2026\" \/>\n<meta property=\"og:url\" content=\"https:\/\/portaldoestado.com.br\/index.php\/2026\/05\/01\/nathalia-valente-relata-assalto-violento-em-sao-paulo-e-desabafa-sobre-medo-pensei-no-meu-filho-o-tempo-todo\/\" \/>\n<meta property=\"og:site_name\" content=\"Portal do Estado\" \/>\n<meta property=\"article:published_time\" content=\"2026-05-01T15:17:40+00:00\" \/>\n<meta property=\"og:image\" content=\"https:\/\/portaldoestado.com.br\/wp-content\/uploads\/2026\/05\/IMG_2668.png\" \/>\n\t<meta property=\"og:image:width\" content=\"615\" \/>\n\t<meta property=\"og:image:height\" content=\"461\" \/>\n\t<meta property=\"og:image:type\" content=\"image\/png\" \/>\n<meta name=\"author\" content=\"assessoriadefamosos\" \/>\n<meta name=\"twitter:card\" content=\"summary_large_image\" \/>\n<meta name=\"twitter:label1\" content=\"Escrito por\" \/>\n\t<meta name=\"twitter:data1\" content=\"assessoriadefamosos\" \/>\n\t<meta name=\"twitter:label2\" content=\"Est. tempo de leitura\" \/>\n\t<meta name=\"twitter:data2\" content=\"1 minuto\" \/>\n<script type=\"application\/ld+json\" class=\"yoast-schema-graph\">{\"@context\":\"https:\/\/schema.org\",\"@graph\":[{\"@type\":\"Article\",\"@id\":\"https:\/\/portaldoestado.com.br\/index.php\/2026\/05\/01\/nathalia-valente-relata-assalto-violento-em-sao-paulo-e-desabafa-sobre-medo-pensei-no-meu-filho-o-tempo-todo\/#article\",\"isPartOf\":{\"@id\":\"https:\/\/portaldoestado.com.br\/index.php\/2026\/05\/01\/nathalia-valente-relata-assalto-violento-em-sao-paulo-e-desabafa-sobre-medo-pensei-no-meu-filho-o-tempo-todo\/\"},\"author\":{\"name\":\"assessoriadefamosos\",\"@id\":\"https:\/\/portaldoestado.com.br\/#\/schema\/person\/5ca0174f3c8c84b59da62ea14b698cb9\"},\"headline\":\"Nathalia Valente relata assalto violento em S\u00e3o Paulo e desabafa sobre medo: \u201cPensei no meu filho o tempo todo\u201d\",\"datePublished\":\"2026-05-01T15:17:40+00:00\",\"mainEntityOfPage\":{\"@id\":\"https:\/\/portaldoestado.com.br\/index.php\/2026\/05\/01\/nathalia-valente-relata-assalto-violento-em-sao-paulo-e-desabafa-sobre-medo-pensei-no-meu-filho-o-tempo-todo\/\"},\"wordCount\":275,\"publisher\":{\"@id\":\"https:\/\/portaldoestado.com.br\/#organization\"},\"image\":{\"@id\":\"https:\/\/portaldoestado.com.br\/index.php\/2026\/05\/01\/nathalia-valente-relata-assalto-violento-em-sao-paulo-e-desabafa-sobre-medo-pensei-no-meu-filho-o-tempo-todo\/#primaryimage\"},\"thumbnailUrl\":\"https:\/\/portaldoestado.com.br\/wp-content\/uploads\/2026\/05\/IMG_2668.png\",\"articleSection\":[\"Famosos\"],\"inLanguage\":\"pt-BR\"},{\"@type\":\"WebPage\",\"@id\":\"https:\/\/portaldoestado.com.br\/index.php\/2026\/05\/01\/nathalia-valente-relata-assalto-violento-em-sao-paulo-e-desabafa-sobre-medo-pensei-no-meu-filho-o-tempo-todo\/\",\"url\":\"https:\/\/portaldoestado.com.br\/index.php\/2026\/05\/01\/nathalia-valente-relata-assalto-violento-em-sao-paulo-e-desabafa-sobre-medo-pensei-no-meu-filho-o-tempo-todo\/\",\"name\":\"Nathalia Valente relata assalto violento em S\u00e3o Paulo e desabafa sobre medo: \u201cPensei no meu filho o tempo todo\u201d - Portal do Estado\",\"isPartOf\":{\"@id\":\"https:\/\/portaldoestado.com.br\/#website\"},\"primaryImageOfPage\":{\"@id\":\"https:\/\/portaldoestado.com.br\/index.php\/2026\/05\/01\/nathalia-valente-relata-assalto-violento-em-sao-paulo-e-desabafa-sobre-medo-pensei-no-meu-filho-o-tempo-todo\/#primaryimage\"},\"image\":{\"@id\":\"https:\/\/portaldoestado.com.br\/index.php\/2026\/05\/01\/nathalia-valente-relata-assalto-violento-em-sao-paulo-e-desabafa-sobre-medo-pensei-no-meu-filho-o-tempo-todo\/#primaryimage\"},\"thumbnailUrl\":\"https:\/\/portaldoestado.com.br\/wp-content\/uploads\/2026\/05\/IMG_2668.png\",\"datePublished\":\"2026-05-01T15:17:40+00:00\",\"breadcrumb\":{\"@id\":\"https:\/\/portaldoestado.com.br\/index.php\/2026\/05\/01\/nathalia-valente-relata-assalto-violento-em-sao-paulo-e-desabafa-sobre-medo-pensei-no-meu-filho-o-tempo-todo\/#breadcrumb\"},\"inLanguage\":\"pt-BR\",\"potentialAction\":[{\"@type\":\"ReadAction\",\"target\":[\"https:\/\/portaldoestado.com.br\/index.php\/2026\/05\/01\/nathalia-valente-relata-assalto-violento-em-sao-paulo-e-desabafa-sobre-medo-pensei-no-meu-filho-o-tempo-todo\/\"]}]},{\"@type\":\"ImageObject\",\"inLanguage\":\"pt-BR\",\"@id\":\"https:\/\/portaldoestado.com.br\/index.php\/2026\/05\/01\/nathalia-valente-relata-assalto-violento-em-sao-paulo-e-desabafa-sobre-medo-pensei-no-meu-filho-o-tempo-todo\/#primaryimage\",\"url\":\"https:\/\/portaldoestado.com.br\/wp-content\/uploads\/2026\/05\/IMG_2668.png\",\"contentUrl\":\"https:\/\/portaldoestado.com.br\/wp-content\/uploads\/2026\/05\/IMG_2668.png\",\"width\":615,\"height\":461},{\"@type\":\"BreadcrumbList\",\"@id\":\"https:\/\/portaldoestado.com.br\/index.php\/2026\/05\/01\/nathalia-valente-relata-assalto-violento-em-sao-paulo-e-desabafa-sobre-medo-pensei-no-meu-filho-o-tempo-todo\/#breadcrumb\",\"itemListElement\":[{\"@type\":\"ListItem\",\"position\":1,\"name\":\"In\u00edcio\",\"item\":\"https:\/\/portaldoestado.com.br\/\"},{\"@type\":\"ListItem\",\"position\":2,\"name\":\"Nathalia Valente relata assalto violento em S\u00e3o Paulo e desabafa sobre medo: \u201cPensei no meu filho o tempo todo\u201d\"}]},{\"@type\":\"WebSite\",\"@id\":\"https:\/\/portaldoestado.com.br\/#website\",\"url\":\"https:\/\/portaldoestado.com.br\/\",\"name\":\"Portal do Estado\",\"description\":\"\",\"publisher\":{\"@id\":\"https:\/\/portaldoestado.com.br\/#organization\"},\"potentialAction\":[{\"@type\":\"SearchAction\",\"target\":{\"@type\":\"EntryPoint\",\"urlTemplate\":\"https:\/\/portaldoestado.com.br\/?s={search_term_string}\"},\"query-input\":{\"@type\":\"PropertyValueSpecification\",\"valueRequired\":true,\"valueName\":\"search_term_string\"}}],\"inLanguage\":\"pt-BR\"},{\"@type\":\"Organization\",\"@id\":\"https:\/\/portaldoestado.com.br\/#organization\",\"name\":\"Portal do Estado\",\"url\":\"https:\/\/portaldoestado.com.br\/\",\"logo\":{\"@type\":\"ImageObject\",\"inLanguage\":\"pt-BR\",\"@id\":\"https:\/\/portaldoestado.com.br\/#\/schema\/logo\/image\/\",\"url\":\"https:\/\/portaldoestado.com.br\/wp-content\/uploads\/2025\/04\/cropped-6f69b19a-6472-43bf-b1b3-e1910bbbd4e8.png\",\"contentUrl\":\"https:\/\/portaldoestado.com.br\/wp-content\/uploads\/2025\/04\/cropped-6f69b19a-6472-43bf-b1b3-e1910bbbd4e8.png\",\"width\":1024,\"height\":350,\"caption\":\"Portal do Estado\"},\"image\":{\"@id\":\"https:\/\/portaldoestado.com.br\/#\/schema\/logo\/image\/\"}},{\"@type\":\"Person\",\"@id\":\"https:\/\/portaldoestado.com.br\/#\/schema\/person\/5ca0174f3c8c84b59da62ea14b698cb9\",\"name\":\"assessoriadefamosos\",\"image\":{\"@type\":\"ImageObject\",\"inLanguage\":\"pt-BR\",\"@id\":\"https:\/\/portaldoestado.com.br\/#\/schema\/person\/image\/\",\"url\":\"https:\/\/secure.gravatar.com\/avatar\/a7acbdffcfbbae7240e59f47fe511ec5f5d8c252c779f0b8d9ab02a9e1d8c5ed?s=96&d=mm&r=g\",\"contentUrl\":\"https:\/\/secure.gravatar.com\/avatar\/a7acbdffcfbbae7240e59f47fe511ec5f5d8c252c779f0b8d9ab02a9e1d8c5ed?s=96&d=mm&r=g\",\"caption\":\"assessoriadefamosos\"},\"url\":\"https:\/\/portaldoestado.com.br\/index.php\/author\/assessoriadefamosos\/\"}]}<\/script>\n<!-- \/ Yoast SEO plugin. -->","yoast_head_json":{"title":"Nathalia Valente relata assalto violento em S\u00e3o Paulo e desabafa sobre medo: \u201cPensei no meu filho o tempo todo\u201d - Portal do Estado","robots":{"index":"index","follow":"follow","max-snippet":"max-snippet:-1","max-image-preview":"max-image-preview:large","max-video-preview":"max-video-preview:-1"},"canonical":"https:\/\/portaldoestado.com.br\/index.php\/2026\/05\/01\/nathalia-valente-relata-assalto-violento-em-sao-paulo-e-desabafa-sobre-medo-pensei-no-meu-filho-o-tempo-todo\/","og_locale":"pt_BR","og_type":"article","og_title":"Nathalia Valente relata assalto violento em S\u00e3o Paulo e desabafa sobre medo: \u201cPensei no meu filho o tempo todo\u201d - Portal do Estado","og_description":"A influenciadora Nathalia Valente usou as redes sociais para relatar momentos de tens\u00e3o vividos ap\u00f3s ser v\u00edtima de um assalto \u00e0 m\u00e3o armada em S\u00e3o Paulo. O crime aconteceu na \u00faltima quinta-feira (30), logo ap\u00f3s a grava\u00e7\u00e3o de um trabalho publicit\u00e1rio. Ela estava acompanhada do marido, Yuri Meirelles, e de um integrante da equipe de \u2026","og_url":"https:\/\/portaldoestado.com.br\/index.php\/2026\/05\/01\/nathalia-valente-relata-assalto-violento-em-sao-paulo-e-desabafa-sobre-medo-pensei-no-meu-filho-o-tempo-todo\/","og_site_name":"Portal do Estado","article_published_time":"2026-05-01T15:17:40+00:00","og_image":[{"width":615,"height":461,"url":"https:\/\/portaldoestado.com.br\/wp-content\/uploads\/2026\/05\/IMG_2668.png","type":"image\/png"}],"author":"assessoriadefamosos","twitter_card":"summary_large_image","twitter_misc":{"Escrito por":"assessoriadefamosos","Est. tempo de leitura":"1 minuto"},"schema":{"@context":"https:\/\/schema.org","@graph":[{"@type":"Article","@id":"https:\/\/portaldoestado.com.br\/index.php\/2026\/05\/01\/nathalia-valente-relata-assalto-violento-em-sao-paulo-e-desabafa-sobre-medo-pensei-no-meu-filho-o-tempo-todo\/#article","isPartOf":{"@id":"https:\/\/portaldoestado.com.br\/index.php\/2026\/05\/01\/nathalia-valente-relata-assalto-violento-em-sao-paulo-e-desabafa-sobre-medo-pensei-no-meu-filho-o-tempo-todo\/"},"author":{"name":"assessoriadefamosos","@id":"https:\/\/portaldoestado.com.br\/#\/schema\/person\/5ca0174f3c8c84b59da62ea14b698cb9"},"headline":"Nathalia Valente relata assalto violento em S\u00e3o Paulo e desabafa sobre medo: \u201cPensei no meu filho o tempo todo\u201d","datePublished":"2026-05-01T15:17:40+00:00","mainEntityOfPage":{"@id":"https:\/\/portaldoestado.com.br\/index.php\/2026\/05\/01\/nathalia-valente-relata-assalto-violento-em-sao-paulo-e-desabafa-sobre-medo-pensei-no-meu-filho-o-tempo-todo\/"},"wordCount":275,"publisher":{"@id":"https:\/\/portaldoestado.com.br\/#organization"},"image":{"@id":"https:\/\/portaldoestado.com.br\/index.php\/2026\/05\/01\/nathalia-valente-relata-assalto-violento-em-sao-paulo-e-desabafa-sobre-medo-pensei-no-meu-filho-o-tempo-todo\/#primaryimage"},"thumbnailUrl":"https:\/\/portaldoestado.com.br\/wp-content\/uploads\/2026\/05\/IMG_2668.png","articleSection":["Famosos"],"inLanguage":"pt-BR"},{"@type":"WebPage","@id":"https:\/\/portaldoestado.com.br\/index.php\/2026\/05\/01\/nathalia-valente-relata-assalto-violento-em-sao-paulo-e-desabafa-sobre-medo-pensei-no-meu-filho-o-tempo-todo\/","url":"https:\/\/portaldoestado.com.br\/index.php\/2026\/05\/01\/nathalia-valente-relata-assalto-violento-em-sao-paulo-e-desabafa-sobre-medo-pensei-no-meu-filho-o-tempo-todo\/","name":"Nathalia Valente relata assalto violento em S\u00e3o Paulo e desabafa sobre medo: \u201cPensei no meu filho o tempo todo\u201d - Portal do Estado","isPartOf":{"@id":"https:\/\/portaldoestado.com.br\/#website"},"primaryImageOfPage":{"@id":"https:\/\/portaldoestado.com.br\/index.php\/2026\/05\/01\/nathalia-valente-relata-assalto-violento-em-sao-paulo-e-desabafa-sobre-medo-pensei-no-meu-filho-o-tempo-todo\/#primaryimage"},"image":{"@id":"https:\/\/portaldoestado.com.br\/index.php\/2026\/05\/01\/nathalia-valente-relata-assalto-violento-em-sao-paulo-e-desabafa-sobre-medo-pensei-no-meu-filho-o-tempo-todo\/#primaryimage"},"thumbnailUrl":"https:\/\/portaldoestado.com.br\/wp-content\/uploads\/2026\/05\/IMG_2668.png","datePublished":"2026-05-01T15:17:40+00:00","breadcrumb":{"@id":"https:\/\/portaldoestado.com.br\/index.php\/2026\/05\/01\/nathalia-valente-relata-assalto-violento-em-sao-paulo-e-desabafa-sobre-medo-pensei-no-meu-filho-o-tempo-todo\/#breadcrumb"},"inLanguage":"pt-BR","potentialAction":[{"@type":"ReadAction","target":["https:\/\/portaldoestado.com.br\/index.php\/2026\/05\/01\/nathalia-valente-relata-assalto-violento-em-sao-paulo-e-desabafa-sobre-medo-pensei-no-meu-filho-o-tempo-todo\/"]}]},{"@type":"ImageObject","inLanguage":"pt-BR","@id":"https:\/\/portaldoestado.com.br\/index.php\/2026\/05\/01\/nathalia-valente-relata-assalto-violento-em-sao-paulo-e-desabafa-sobre-medo-pensei-no-meu-filho-o-tempo-todo\/#primaryimage","url":"https:\/\/portaldoestado.com.br\/wp-content\/uploads\/2026\/05\/IMG_2668.png","contentUrl":"https:\/\/portaldoestado.com.br\/wp-content\/uploads\/2026\/05\/IMG_2668.png","width":615,"height":461},{"@type":"BreadcrumbList","@id":"https:\/\/portaldoestado.com.br\/index.php\/2026\/05\/01\/nathalia-valente-relata-assalto-violento-em-sao-paulo-e-desabafa-sobre-medo-pensei-no-meu-filho-o-tempo-todo\/#breadcrumb","itemListElement":[{"@type":"ListItem","position":1,"name":"In\u00edcio","item":"https:\/\/portaldoestado.com.br\/"},{"@type":"ListItem","position":2,"name":"Nathalia Valente relata assalto violento em S\u00e3o Paulo e desabafa sobre medo: \u201cPensei no meu filho o tempo todo\u201d"}]},{"@type":"WebSite","@id":"https:\/\/portaldoestado.com.br\/#website","url":"https:\/\/portaldoestado.com.br\/","name":"Portal do Estado","description":"","publisher":{"@id":"https:\/\/portaldoestado.com.br\/#organization"},"potentialAction":[{"@type":"SearchAction","target":{"@type":"EntryPoint","urlTemplate":"https:\/\/portaldoestado.com.br\/?s={search_term_string}"},"query-input":{"@type":"PropertyValueSpecification","valueRequired":true,"valueName":"search_term_string"}}],"inLanguage":"pt-BR"},{"@type":"Organization","@id":"https:\/\/portaldoestado.com.br\/#organization","name":"Portal do Estado","url":"https:\/\/portaldoestado.com.br\/","logo":{"@type":"ImageObject","inLanguage":"pt-BR","@id":"https:\/\/portaldoestado.com.br\/#\/schema\/logo\/image\/","url":"https:\/\/portaldoestado.com.br\/wp-content\/uploads\/2025\/04\/cropped-6f69b19a-6472-43bf-b1b3-e1910bbbd4e8.png","contentUrl":"https:\/\/portaldoestado.com.br\/wp-content\/uploads\/2025\/04\/cropped-6f69b19a-6472-43bf-b1b3-e1910bbbd4e8.png","width":1024,"height":350,"caption":"Portal do Estado"},"image":{"@id":"https:\/\/portaldoestado.com.br\/#\/schema\/logo\/image\/"}},{"@type":"Person","@id":"https:\/\/portaldoestado.com.br\/#\/schema\/person\/5ca0174f3c8c84b59da62ea14b698cb9","name":"assessoriadefamosos","image":{"@type":"ImageObject","inLanguage":"pt-BR","@id":"https:\/\/portaldoestado.com.br\/#\/schema\/person\/image\/","url":"https:\/\/secure.gravatar.com\/avatar\/a7acbdffcfbbae7240e59f47fe511ec5f5d8c252c779f0b8d9ab02a9e1d8c5ed?s=96&d=mm&r=g","contentUrl":"https:\/\/secure.gravatar.com\/avatar\/a7acbdffcfbbae7240e59f47fe511ec5f5d8c252c779f0b8d9ab02a9e1d8c5ed?s=96&d=mm&r=g","caption":"assessoriadefamosos"},"url":"https:\/\/portaldoestado.com.br\/index.php\/author\/assessoriadefamosos\/"}]}},"jetpack_featured_media_url":"https:\/\/portaldoestado.com.br\/wp-content\/uploads\/2026\/05\/IMG_2668.png","_links":{"self":[{"href":"https:\/\/portaldoestado.com.br\/index.php\/wp-json\/wp\/v2\/posts\/8833","targetHints":{"allow":["GET"]}}],"collection":[{"href":"https:\/\/portaldoestado.com.br\/index.php\/wp-json\/wp\/v2\/posts"}],"about":[{"href":"https:\/\/portaldoestado.com.br\/index.php\/wp-json\/wp\/v2\/types\/post"}],"author":[{"embeddable":true,"href":"https:\/\/portaldoestado.com.br\/index.php\/wp-json\/wp\/v2\/users\/2"}],"replies":[{"embeddable":true,"href":"https:\/\/portaldoestado.com.br\/index.php\/wp-json\/wp\/v2\/comments?post=8833"}],"version-history":[{"count":1,"href":"https:\/\/portaldoestado.com.br\/index.php\/wp-json\/wp\/v2\/posts\/8833\/revisions"}],"predecessor-version":[{"id":8834,"href":"https:\/\/portaldoestado.com.br\/index.php\/wp-json\/wp\/v2\/posts\/8833\/revisions\/8834"}],"wp:featuredmedia":[{"embeddable":true,"href":"https:\/\/portaldoestado.com.br\/index.php\/wp-json\/wp\/v2\/media\/8832"}],"wp:attachment":[{"href":"https:\/\/portaldoestado.com.br\/index.php\/wp-json\/wp\/v2\/media?parent=8833"}],"wp:term":[{"taxonomy":"category","embeddable":true,"href":"https:\/\/portaldoestado.com.br\/index.php\/wp-json\/wp\/v2\/categories?post=8833"},{"taxonomy":"post_tag","embeddable":true,"href":"https:\/\/portaldoestado.com.br\/index.php\/wp-json\/wp\/v2\/tags?post=8833"}],"curies":[{"name":"wp","href":"https:\/\/api.w.org\/{rel}","templated":true}]}}