{"id":8827,"date":"2026-05-01T00:37:02","date_gmt":"2026-05-01T00:37:02","guid":{"rendered":"https:\/\/portaldoestado.com.br\/?p=8827"},"modified":"2026-05-01T00:37:02","modified_gmt":"2026-05-01T00:37:02","slug":"taina-militao-esclarece-construcao-de-mansao-no-brasil-em-meio-a-mudanca-para-madri","status":"publish","type":"post","link":"https:\/\/portaldoestado.com.br\/index.php\/2026\/05\/01\/taina-militao-esclarece-construcao-de-mansao-no-brasil-em-meio-a-mudanca-para-madri\/","title":{"rendered":"Tain\u00e1 Milit\u00e3o esclarece constru\u00e7\u00e3o de mans\u00e3o no Brasil em meio \u00e0 mudan\u00e7a para Madri"},"content":{"rendered":"\n<p>A influenciadora Tain\u00e1 Milit\u00e3o explicou aos seguidores o motivo de estar construindo uma nova casa no Brasil, mesmo com os planos de se mudar para a Espanha ao lado do marido, o jogador \u00c9der Milit\u00e3o, que atua pelo Real Madrid.<\/p>\n\n\n\n<p>Gr\u00e1vida do primeiro filho com o atleta, Tain\u00e1 respondeu a perguntas nas redes sociais e detalhou que o im\u00f3vel, localizado no Rio de Janeiro, n\u00e3o ser\u00e1 a resid\u00eancia principal do casal no futuro. Segundo ela, a ideia \u00e9 que a propriedade funcione como casa de apoio e veraneio da fam\u00edlia no Brasil.<\/p>\n\n\n\n<p>A influenciadora explicou que, mesmo vivendo fora, a fam\u00edlia ter\u00e1 um espa\u00e7o fixo no pa\u00eds para per\u00edodos de f\u00e9rias, visitas e estadias com os filhos. Ela j\u00e1 \u00e9 m\u00e3e de Helena e Matteo, de um relacionamento anterior, enquanto \u00c9der Milit\u00e3o \u00e9 pai de Cec\u00edlia, de uma rela\u00e7\u00e3o passada.<\/p>\n\n\n\n<p>Atualmente vivendo no Brasil, Tain\u00e1 est\u00e1 com cerca de 18 semanas de gesta\u00e7\u00e3o e deve se mudar para Madri conforme o avan\u00e7o da gravidez. A mudan\u00e7a faz parte da nova rotina do casal, que dividir\u00e1 a vida entre a Europa e o Brasil.<\/p>\n\n\n\n<p>A constru\u00e7\u00e3o da mans\u00e3o, segundo ela, representa justamente essa organiza\u00e7\u00e3o familiar entre dois pa\u00edses, garantindo estrutura e conforto sempre que estiverem em solo brasileiro.<\/p>\n","protected":false},"excerpt":{"rendered":"<p>A influenciadora Tain\u00e1 Milit\u00e3o explicou aos seguidores o motivo de estar construindo uma nova casa no Brasil, mesmo com os planos de se mudar para a Espanha ao lado do marido, o jogador \u00c9der Milit\u00e3o, que atua pelo Real Madrid. Gr\u00e1vida do primeiro filho com o atleta, Tain\u00e1 respondeu a perguntas nas redes sociais e \u2026<\/p>\n","protected":false},"author":2,"featured_media":8826,"comment_status":"closed","ping_status":"open","sticky":false,"template":"","format":"standard","meta":{"footnotes":""},"categories":[3],"tags":[],"class_list":["post-8827","post","type-post","status-publish","format-standard","has-post-thumbnail","hentry","category-famosos"],"yoast_head":"<!-- This site is optimized with the Yoast SEO plugin v25.5 - https:\/\/yoast.com\/wordpress\/plugins\/seo\/ -->\n<title>Tain\u00e1 Milit\u00e3o esclarece constru\u00e7\u00e3o de mans\u00e3o no Brasil em meio \u00e0 mudan\u00e7a para Madri - Portal do Estado<\/title>\n<meta name=\"robots\" content=\"index, follow, max-snippet:-1, max-image-preview:large, max-video-preview:-1\" \/>\n<link rel=\"canonical\" href=\"https:\/\/portaldoestado.com.br\/index.php\/2026\/05\/01\/taina-militao-esclarece-construcao-de-mansao-no-brasil-em-meio-a-mudanca-para-madri\/\" \/>\n<meta property=\"og:locale\" content=\"pt_BR\" \/>\n<meta property=\"og:type\" content=\"article\" \/>\n<meta property=\"og:title\" content=\"Tain\u00e1 Milit\u00e3o esclarece constru\u00e7\u00e3o de mans\u00e3o no Brasil em meio \u00e0 mudan\u00e7a para Madri - Portal do Estado\" \/>\n<meta property=\"og:description\" content=\"A influenciadora Tain\u00e1 Milit\u00e3o explicou aos seguidores o motivo de estar construindo uma nova casa no Brasil, mesmo com os planos de se mudar para a Espanha ao lado do marido, o jogador \u00c9der Milit\u00e3o, que atua pelo Real Madrid. Gr\u00e1vida do primeiro filho com o atleta, Tain\u00e1 respondeu a perguntas nas redes sociais e \u2026\" \/>\n<meta property=\"og:url\" content=\"https:\/\/portaldoestado.com.br\/index.php\/2026\/05\/01\/taina-militao-esclarece-construcao-de-mansao-no-brasil-em-meio-a-mudanca-para-madri\/\" \/>\n<meta property=\"og:site_name\" content=\"Portal do Estado\" \/>\n<meta property=\"article:published_time\" content=\"2026-05-01T00:37:02+00:00\" \/>\n<meta property=\"og:image\" content=\"https:\/\/portaldoestado.com.br\/wp-content\/uploads\/2026\/05\/foto-leo-dias-2026-04-30T160742.226-615x461-1.png\" \/>\n\t<meta property=\"og:image:width\" content=\"615\" \/>\n\t<meta property=\"og:image:height\" content=\"461\" \/>\n\t<meta property=\"og:image:type\" content=\"image\/png\" \/>\n<meta name=\"author\" content=\"assessoriadefamosos\" \/>\n<meta name=\"twitter:card\" content=\"summary_large_image\" \/>\n<meta name=\"twitter:label1\" content=\"Escrito por\" \/>\n\t<meta name=\"twitter:data1\" content=\"assessoriadefamosos\" \/>\n\t<meta name=\"twitter:label2\" content=\"Est. tempo de leitura\" \/>\n\t<meta name=\"twitter:data2\" content=\"1 minuto\" \/>\n<script type=\"application\/ld+json\" class=\"yoast-schema-graph\">{\"@context\":\"https:\/\/schema.org\",\"@graph\":[{\"@type\":\"Article\",\"@id\":\"https:\/\/portaldoestado.com.br\/index.php\/2026\/05\/01\/taina-militao-esclarece-construcao-de-mansao-no-brasil-em-meio-a-mudanca-para-madri\/#article\",\"isPartOf\":{\"@id\":\"https:\/\/portaldoestado.com.br\/index.php\/2026\/05\/01\/taina-militao-esclarece-construcao-de-mansao-no-brasil-em-meio-a-mudanca-para-madri\/\"},\"author\":{\"name\":\"assessoriadefamosos\",\"@id\":\"https:\/\/portaldoestado.com.br\/#\/schema\/person\/5ca0174f3c8c84b59da62ea14b698cb9\"},\"headline\":\"Tain\u00e1 Milit\u00e3o esclarece constru\u00e7\u00e3o de mans\u00e3o no Brasil em meio \u00e0 mudan\u00e7a para Madri\",\"datePublished\":\"2026-05-01T00:37:02+00:00\",\"mainEntityOfPage\":{\"@id\":\"https:\/\/portaldoestado.com.br\/index.php\/2026\/05\/01\/taina-militao-esclarece-construcao-de-mansao-no-brasil-em-meio-a-mudanca-para-madri\/\"},\"wordCount\":243,\"publisher\":{\"@id\":\"https:\/\/portaldoestado.com.br\/#organization\"},\"image\":{\"@id\":\"https:\/\/portaldoestado.com.br\/index.php\/2026\/05\/01\/taina-militao-esclarece-construcao-de-mansao-no-brasil-em-meio-a-mudanca-para-madri\/#primaryimage\"},\"thumbnailUrl\":\"https:\/\/portaldoestado.com.br\/wp-content\/uploads\/2026\/05\/foto-leo-dias-2026-04-30T160742.226-615x461-1.png\",\"articleSection\":[\"Famosos\"],\"inLanguage\":\"pt-BR\"},{\"@type\":\"WebPage\",\"@id\":\"https:\/\/portaldoestado.com.br\/index.php\/2026\/05\/01\/taina-militao-esclarece-construcao-de-mansao-no-brasil-em-meio-a-mudanca-para-madri\/\",\"url\":\"https:\/\/portaldoestado.com.br\/index.php\/2026\/05\/01\/taina-militao-esclarece-construcao-de-mansao-no-brasil-em-meio-a-mudanca-para-madri\/\",\"name\":\"Tain\u00e1 Milit\u00e3o esclarece constru\u00e7\u00e3o de mans\u00e3o no Brasil em meio \u00e0 mudan\u00e7a para Madri - Portal do Estado\",\"isPartOf\":{\"@id\":\"https:\/\/portaldoestado.com.br\/#website\"},\"primaryImageOfPage\":{\"@id\":\"https:\/\/portaldoestado.com.br\/index.php\/2026\/05\/01\/taina-militao-esclarece-construcao-de-mansao-no-brasil-em-meio-a-mudanca-para-madri\/#primaryimage\"},\"image\":{\"@id\":\"https:\/\/portaldoestado.com.br\/index.php\/2026\/05\/01\/taina-militao-esclarece-construcao-de-mansao-no-brasil-em-meio-a-mudanca-para-madri\/#primaryimage\"},\"thumbnailUrl\":\"https:\/\/portaldoestado.com.br\/wp-content\/uploads\/2026\/05\/foto-leo-dias-2026-04-30T160742.226-615x461-1.png\",\"datePublished\":\"2026-05-01T00:37:02+00:00\",\"breadcrumb\":{\"@id\":\"https:\/\/portaldoestado.com.br\/index.php\/2026\/05\/01\/taina-militao-esclarece-construcao-de-mansao-no-brasil-em-meio-a-mudanca-para-madri\/#breadcrumb\"},\"inLanguage\":\"pt-BR\",\"potentialAction\":[{\"@type\":\"ReadAction\",\"target\":[\"https:\/\/portaldoestado.com.br\/index.php\/2026\/05\/01\/taina-militao-esclarece-construcao-de-mansao-no-brasil-em-meio-a-mudanca-para-madri\/\"]}]},{\"@type\":\"ImageObject\",\"inLanguage\":\"pt-BR\",\"@id\":\"https:\/\/portaldoestado.com.br\/index.php\/2026\/05\/01\/taina-militao-esclarece-construcao-de-mansao-no-brasil-em-meio-a-mudanca-para-madri\/#primaryimage\",\"url\":\"https:\/\/portaldoestado.com.br\/wp-content\/uploads\/2026\/05\/foto-leo-dias-2026-04-30T160742.226-615x461-1.png\",\"contentUrl\":\"https:\/\/portaldoestado.com.br\/wp-content\/uploads\/2026\/05\/foto-leo-dias-2026-04-30T160742.226-615x461-1.png\",\"width\":615,\"height\":461},{\"@type\":\"BreadcrumbList\",\"@id\":\"https:\/\/portaldoestado.com.br\/index.php\/2026\/05\/01\/taina-militao-esclarece-construcao-de-mansao-no-brasil-em-meio-a-mudanca-para-madri\/#breadcrumb\",\"itemListElement\":[{\"@type\":\"ListItem\",\"position\":1,\"name\":\"In\u00edcio\",\"item\":\"https:\/\/portaldoestado.com.br\/\"},{\"@type\":\"ListItem\",\"position\":2,\"name\":\"Tain\u00e1 Milit\u00e3o esclarece constru\u00e7\u00e3o de mans\u00e3o no Brasil em meio \u00e0 mudan\u00e7a para Madri\"}]},{\"@type\":\"WebSite\",\"@id\":\"https:\/\/portaldoestado.com.br\/#website\",\"url\":\"https:\/\/portaldoestado.com.br\/\",\"name\":\"Portal do Estado\",\"description\":\"\",\"publisher\":{\"@id\":\"https:\/\/portaldoestado.com.br\/#organization\"},\"potentialAction\":[{\"@type\":\"SearchAction\",\"target\":{\"@type\":\"EntryPoint\",\"urlTemplate\":\"https:\/\/portaldoestado.com.br\/?s={search_term_string}\"},\"query-input\":{\"@type\":\"PropertyValueSpecification\",\"valueRequired\":true,\"valueName\":\"search_term_string\"}}],\"inLanguage\":\"pt-BR\"},{\"@type\":\"Organization\",\"@id\":\"https:\/\/portaldoestado.com.br\/#organization\",\"name\":\"Portal do Estado\",\"url\":\"https:\/\/portaldoestado.com.br\/\",\"logo\":{\"@type\":\"ImageObject\",\"inLanguage\":\"pt-BR\",\"@id\":\"https:\/\/portaldoestado.com.br\/#\/schema\/logo\/image\/\",\"url\":\"https:\/\/portaldoestado.com.br\/wp-content\/uploads\/2025\/04\/cropped-6f69b19a-6472-43bf-b1b3-e1910bbbd4e8.png\",\"contentUrl\":\"https:\/\/portaldoestado.com.br\/wp-content\/uploads\/2025\/04\/cropped-6f69b19a-6472-43bf-b1b3-e1910bbbd4e8.png\",\"width\":1024,\"height\":350,\"caption\":\"Portal do Estado\"},\"image\":{\"@id\":\"https:\/\/portaldoestado.com.br\/#\/schema\/logo\/image\/\"}},{\"@type\":\"Person\",\"@id\":\"https:\/\/portaldoestado.com.br\/#\/schema\/person\/5ca0174f3c8c84b59da62ea14b698cb9\",\"name\":\"assessoriadefamosos\",\"image\":{\"@type\":\"ImageObject\",\"inLanguage\":\"pt-BR\",\"@id\":\"https:\/\/portaldoestado.com.br\/#\/schema\/person\/image\/\",\"url\":\"https:\/\/secure.gravatar.com\/avatar\/a7acbdffcfbbae7240e59f47fe511ec5f5d8c252c779f0b8d9ab02a9e1d8c5ed?s=96&d=mm&r=g\",\"contentUrl\":\"https:\/\/secure.gravatar.com\/avatar\/a7acbdffcfbbae7240e59f47fe511ec5f5d8c252c779f0b8d9ab02a9e1d8c5ed?s=96&d=mm&r=g\",\"caption\":\"assessoriadefamosos\"},\"url\":\"https:\/\/portaldoestado.com.br\/index.php\/author\/assessoriadefamosos\/\"}]}<\/script>\n<!-- \/ Yoast SEO plugin. -->","yoast_head_json":{"title":"Tain\u00e1 Milit\u00e3o esclarece constru\u00e7\u00e3o de mans\u00e3o no Brasil em meio \u00e0 mudan\u00e7a para Madri - Portal do Estado","robots":{"index":"index","follow":"follow","max-snippet":"max-snippet:-1","max-image-preview":"max-image-preview:large","max-video-preview":"max-video-preview:-1"},"canonical":"https:\/\/portaldoestado.com.br\/index.php\/2026\/05\/01\/taina-militao-esclarece-construcao-de-mansao-no-brasil-em-meio-a-mudanca-para-madri\/","og_locale":"pt_BR","og_type":"article","og_title":"Tain\u00e1 Milit\u00e3o esclarece constru\u00e7\u00e3o de mans\u00e3o no Brasil em meio \u00e0 mudan\u00e7a para Madri - Portal do Estado","og_description":"A influenciadora Tain\u00e1 Milit\u00e3o explicou aos seguidores o motivo de estar construindo uma nova casa no Brasil, mesmo com os planos de se mudar para a Espanha ao lado do marido, o jogador \u00c9der Milit\u00e3o, que atua pelo Real Madrid. Gr\u00e1vida do primeiro filho com o atleta, Tain\u00e1 respondeu a perguntas nas redes sociais e \u2026","og_url":"https:\/\/portaldoestado.com.br\/index.php\/2026\/05\/01\/taina-militao-esclarece-construcao-de-mansao-no-brasil-em-meio-a-mudanca-para-madri\/","og_site_name":"Portal do Estado","article_published_time":"2026-05-01T00:37:02+00:00","og_image":[{"width":615,"height":461,"url":"https:\/\/portaldoestado.com.br\/wp-content\/uploads\/2026\/05\/foto-leo-dias-2026-04-30T160742.226-615x461-1.png","type":"image\/png"}],"author":"assessoriadefamosos","twitter_card":"summary_large_image","twitter_misc":{"Escrito por":"assessoriadefamosos","Est. tempo de leitura":"1 minuto"},"schema":{"@context":"https:\/\/schema.org","@graph":[{"@type":"Article","@id":"https:\/\/portaldoestado.com.br\/index.php\/2026\/05\/01\/taina-militao-esclarece-construcao-de-mansao-no-brasil-em-meio-a-mudanca-para-madri\/#article","isPartOf":{"@id":"https:\/\/portaldoestado.com.br\/index.php\/2026\/05\/01\/taina-militao-esclarece-construcao-de-mansao-no-brasil-em-meio-a-mudanca-para-madri\/"},"author":{"name":"assessoriadefamosos","@id":"https:\/\/portaldoestado.com.br\/#\/schema\/person\/5ca0174f3c8c84b59da62ea14b698cb9"},"headline":"Tain\u00e1 Milit\u00e3o esclarece constru\u00e7\u00e3o de mans\u00e3o no Brasil em meio \u00e0 mudan\u00e7a para Madri","datePublished":"2026-05-01T00:37:02+00:00","mainEntityOfPage":{"@id":"https:\/\/portaldoestado.com.br\/index.php\/2026\/05\/01\/taina-militao-esclarece-construcao-de-mansao-no-brasil-em-meio-a-mudanca-para-madri\/"},"wordCount":243,"publisher":{"@id":"https:\/\/portaldoestado.com.br\/#organization"},"image":{"@id":"https:\/\/portaldoestado.com.br\/index.php\/2026\/05\/01\/taina-militao-esclarece-construcao-de-mansao-no-brasil-em-meio-a-mudanca-para-madri\/#primaryimage"},"thumbnailUrl":"https:\/\/portaldoestado.com.br\/wp-content\/uploads\/2026\/05\/foto-leo-dias-2026-04-30T160742.226-615x461-1.png","articleSection":["Famosos"],"inLanguage":"pt-BR"},{"@type":"WebPage","@id":"https:\/\/portaldoestado.com.br\/index.php\/2026\/05\/01\/taina-militao-esclarece-construcao-de-mansao-no-brasil-em-meio-a-mudanca-para-madri\/","url":"https:\/\/portaldoestado.com.br\/index.php\/2026\/05\/01\/taina-militao-esclarece-construcao-de-mansao-no-brasil-em-meio-a-mudanca-para-madri\/","name":"Tain\u00e1 Milit\u00e3o esclarece constru\u00e7\u00e3o de mans\u00e3o no Brasil em meio \u00e0 mudan\u00e7a para Madri - Portal do Estado","isPartOf":{"@id":"https:\/\/portaldoestado.com.br\/#website"},"primaryImageOfPage":{"@id":"https:\/\/portaldoestado.com.br\/index.php\/2026\/05\/01\/taina-militao-esclarece-construcao-de-mansao-no-brasil-em-meio-a-mudanca-para-madri\/#primaryimage"},"image":{"@id":"https:\/\/portaldoestado.com.br\/index.php\/2026\/05\/01\/taina-militao-esclarece-construcao-de-mansao-no-brasil-em-meio-a-mudanca-para-madri\/#primaryimage"},"thumbnailUrl":"https:\/\/portaldoestado.com.br\/wp-content\/uploads\/2026\/05\/foto-leo-dias-2026-04-30T160742.226-615x461-1.png","datePublished":"2026-05-01T00:37:02+00:00","breadcrumb":{"@id":"https:\/\/portaldoestado.com.br\/index.php\/2026\/05\/01\/taina-militao-esclarece-construcao-de-mansao-no-brasil-em-meio-a-mudanca-para-madri\/#breadcrumb"},"inLanguage":"pt-BR","potentialAction":[{"@type":"ReadAction","target":["https:\/\/portaldoestado.com.br\/index.php\/2026\/05\/01\/taina-militao-esclarece-construcao-de-mansao-no-brasil-em-meio-a-mudanca-para-madri\/"]}]},{"@type":"ImageObject","inLanguage":"pt-BR","@id":"https:\/\/portaldoestado.com.br\/index.php\/2026\/05\/01\/taina-militao-esclarece-construcao-de-mansao-no-brasil-em-meio-a-mudanca-para-madri\/#primaryimage","url":"https:\/\/portaldoestado.com.br\/wp-content\/uploads\/2026\/05\/foto-leo-dias-2026-04-30T160742.226-615x461-1.png","contentUrl":"https:\/\/portaldoestado.com.br\/wp-content\/uploads\/2026\/05\/foto-leo-dias-2026-04-30T160742.226-615x461-1.png","width":615,"height":461},{"@type":"BreadcrumbList","@id":"https:\/\/portaldoestado.com.br\/index.php\/2026\/05\/01\/taina-militao-esclarece-construcao-de-mansao-no-brasil-em-meio-a-mudanca-para-madri\/#breadcrumb","itemListElement":[{"@type":"ListItem","position":1,"name":"In\u00edcio","item":"https:\/\/portaldoestado.com.br\/"},{"@type":"ListItem","position":2,"name":"Tain\u00e1 Milit\u00e3o esclarece constru\u00e7\u00e3o de mans\u00e3o no Brasil em meio \u00e0 mudan\u00e7a para Madri"}]},{"@type":"WebSite","@id":"https:\/\/portaldoestado.com.br\/#website","url":"https:\/\/portaldoestado.com.br\/","name":"Portal do Estado","description":"","publisher":{"@id":"https:\/\/portaldoestado.com.br\/#organization"},"potentialAction":[{"@type":"SearchAction","target":{"@type":"EntryPoint","urlTemplate":"https:\/\/portaldoestado.com.br\/?s={search_term_string}"},"query-input":{"@type":"PropertyValueSpecification","valueRequired":true,"valueName":"search_term_string"}}],"inLanguage":"pt-BR"},{"@type":"Organization","@id":"https:\/\/portaldoestado.com.br\/#organization","name":"Portal do Estado","url":"https:\/\/portaldoestado.com.br\/","logo":{"@type":"ImageObject","inLanguage":"pt-BR","@id":"https:\/\/portaldoestado.com.br\/#\/schema\/logo\/image\/","url":"https:\/\/portaldoestado.com.br\/wp-content\/uploads\/2025\/04\/cropped-6f69b19a-6472-43bf-b1b3-e1910bbbd4e8.png","contentUrl":"https:\/\/portaldoestado.com.br\/wp-content\/uploads\/2025\/04\/cropped-6f69b19a-6472-43bf-b1b3-e1910bbbd4e8.png","width":1024,"height":350,"caption":"Portal do Estado"},"image":{"@id":"https:\/\/portaldoestado.com.br\/#\/schema\/logo\/image\/"}},{"@type":"Person","@id":"https:\/\/portaldoestado.com.br\/#\/schema\/person\/5ca0174f3c8c84b59da62ea14b698cb9","name":"assessoriadefamosos","image":{"@type":"ImageObject","inLanguage":"pt-BR","@id":"https:\/\/portaldoestado.com.br\/#\/schema\/person\/image\/","url":"https:\/\/secure.gravatar.com\/avatar\/a7acbdffcfbbae7240e59f47fe511ec5f5d8c252c779f0b8d9ab02a9e1d8c5ed?s=96&d=mm&r=g","contentUrl":"https:\/\/secure.gravatar.com\/avatar\/a7acbdffcfbbae7240e59f47fe511ec5f5d8c252c779f0b8d9ab02a9e1d8c5ed?s=96&d=mm&r=g","caption":"assessoriadefamosos"},"url":"https:\/\/portaldoestado.com.br\/index.php\/author\/assessoriadefamosos\/"}]}},"jetpack_featured_media_url":"https:\/\/portaldoestado.com.br\/wp-content\/uploads\/2026\/05\/foto-leo-dias-2026-04-30T160742.226-615x461-1.png","_links":{"self":[{"href":"https:\/\/portaldoestado.com.br\/index.php\/wp-json\/wp\/v2\/posts\/8827","targetHints":{"allow":["GET"]}}],"collection":[{"href":"https:\/\/portaldoestado.com.br\/index.php\/wp-json\/wp\/v2\/posts"}],"about":[{"href":"https:\/\/portaldoestado.com.br\/index.php\/wp-json\/wp\/v2\/types\/post"}],"author":[{"embeddable":true,"href":"https:\/\/portaldoestado.com.br\/index.php\/wp-json\/wp\/v2\/users\/2"}],"replies":[{"embeddable":true,"href":"https:\/\/portaldoestado.com.br\/index.php\/wp-json\/wp\/v2\/comments?post=8827"}],"version-history":[{"count":1,"href":"https:\/\/portaldoestado.com.br\/index.php\/wp-json\/wp\/v2\/posts\/8827\/revisions"}],"predecessor-version":[{"id":8828,"href":"https:\/\/portaldoestado.com.br\/index.php\/wp-json\/wp\/v2\/posts\/8827\/revisions\/8828"}],"wp:featuredmedia":[{"embeddable":true,"href":"https:\/\/portaldoestado.com.br\/index.php\/wp-json\/wp\/v2\/media\/8826"}],"wp:attachment":[{"href":"https:\/\/portaldoestado.com.br\/index.php\/wp-json\/wp\/v2\/media?parent=8827"}],"wp:term":[{"taxonomy":"category","embeddable":true,"href":"https:\/\/portaldoestado.com.br\/index.php\/wp-json\/wp\/v2\/categories?post=8827"},{"taxonomy":"post_tag","embeddable":true,"href":"https:\/\/portaldoestado.com.br\/index.php\/wp-json\/wp\/v2\/tags?post=8827"}],"curies":[{"name":"wp","href":"https:\/\/api.w.org\/{rel}","templated":true}]}}