{"id":8821,"date":"2026-05-01T00:28:39","date_gmt":"2026-05-01T00:28:39","guid":{"rendered":"https:\/\/portaldoestado.com.br\/?p=8821"},"modified":"2026-05-01T00:28:39","modified_gmt":"2026-05-01T00:28:39","slug":"fabiano-comemora-perda-de-mais-de-60-kg-e-fala-sobre-mudanca-completa-de-estilo-de-vida","status":"publish","type":"post","link":"https:\/\/portaldoestado.com.br\/index.php\/2026\/05\/01\/fabiano-comemora-perda-de-mais-de-60-kg-e-fala-sobre-mudanca-completa-de-estilo-de-vida\/","title":{"rendered":"Fabiano comemora perda de mais de 60 kg e fala sobre mudan\u00e7a completa de estilo de vida"},"content":{"rendered":"\n<p>O cantor Fabiano, da dupla C\u00e9sar Menotti &#038; Fabiano, celebrou a transforma\u00e7\u00e3o f\u00edsica que vem vivendo desde 2023, quando decidiu iniciar um processo de emagrecimento que j\u00e1 resultou na elimina\u00e7\u00e3o de cerca de 60 kg.<\/p>\n\n\n\n<p>O sertanejo revelou que chegou a pesar aproximadamente 180 kg antes de dar in\u00edcio \u00e0s mudan\u00e7as, motivado principalmente por quest\u00f5es de sa\u00fade e pela busca por mais disposi\u00e7\u00e3o no dia a dia. Segundo ele, o ponto de virada aconteceu quando percebeu que precisava assumir novos h\u00e1bitos de forma definitiva.<\/p>\n\n\n\n<p>Ao longo do processo, Fabiano adotou uma rotina com acompanhamento m\u00e9dico, alimenta\u00e7\u00e3o reeducada e pr\u00e1tica regular de atividades f\u00edsicas. Ele destaca que o resultado n\u00e3o veio de uma a\u00e7\u00e3o isolada, mas de uma combina\u00e7\u00e3o de fatores e disciplina constante.<\/p>\n\n\n\n<p>A transforma\u00e7\u00e3o tamb\u00e9m refletiu em aspectos pr\u00e1ticos da vida, como o guarda-roupa. O cantor contou que precisou substituir todas as pe\u00e7as de roupa, j\u00e1 que passou do manequim 64 para o 46.<\/p>\n\n\n\n<p>Na alimenta\u00e7\u00e3o, ele afirma manter uma dieta equilibrada, com foco em prote\u00ednas, vegetais e frutas, al\u00e9m de consumo moderado de carboidratos e gorduras boas. Apesar das restri\u00e7\u00f5es, diz que abre exce\u00e7\u00f5es ocasionais para alguns alimentos fora da rotina.<\/p>\n\n\n\n<p>Fabiano ressalta ainda que o processo continua em andamento e que a prioridade agora \u00e9 manter a sa\u00fade e a qualidade de vida, mais do que alcan\u00e7ar um n\u00famero espec\u00edfico na balan\u00e7a.<\/p>\n\n\n\n<p>Para o cantor, a mudan\u00e7a vai al\u00e9m da est\u00e9tica: envolve autoestima, bem-estar e uma nova forma de encarar a pr\u00f3pria rotina, que ele define como uma verdadeira virada de chave permanente.<\/p>\n","protected":false},"excerpt":{"rendered":"<p>O cantor Fabiano, da dupla C\u00e9sar Menotti &#038; Fabiano, celebrou a transforma\u00e7\u00e3o f\u00edsica que vem vivendo desde 2023, quando decidiu iniciar um processo de emagrecimento que j\u00e1 resultou na elimina\u00e7\u00e3o de cerca de 60 kg. O sertanejo revelou que chegou a pesar aproximadamente 180 kg antes de dar in\u00edcio \u00e0s mudan\u00e7as, motivado principalmente por quest\u00f5es \u2026<\/p>\n","protected":false},"author":2,"featured_media":8820,"comment_status":"closed","ping_status":"open","sticky":false,"template":"","format":"standard","meta":{"footnotes":""},"categories":[3],"tags":[],"class_list":["post-8821","post","type-post","status-publish","format-standard","has-post-thumbnail","hentry","category-famosos"],"yoast_head":"<!-- This site is optimized with the Yoast SEO plugin v25.5 - https:\/\/yoast.com\/wordpress\/plugins\/seo\/ -->\n<title>Fabiano comemora perda de mais de 60 kg e fala sobre mudan\u00e7a completa de estilo de vida - Portal do Estado<\/title>\n<meta name=\"robots\" content=\"index, follow, max-snippet:-1, max-image-preview:large, max-video-preview:-1\" \/>\n<link rel=\"canonical\" href=\"https:\/\/portaldoestado.com.br\/index.php\/2026\/05\/01\/fabiano-comemora-perda-de-mais-de-60-kg-e-fala-sobre-mudanca-completa-de-estilo-de-vida\/\" \/>\n<meta property=\"og:locale\" content=\"pt_BR\" \/>\n<meta property=\"og:type\" content=\"article\" \/>\n<meta property=\"og:title\" content=\"Fabiano comemora perda de mais de 60 kg e fala sobre mudan\u00e7a completa de estilo de vida - Portal do Estado\" \/>\n<meta property=\"og:description\" content=\"O cantor Fabiano, da dupla C\u00e9sar Menotti &amp; Fabiano, celebrou a transforma\u00e7\u00e3o f\u00edsica que vem vivendo desde 2023, quando decidiu iniciar um processo de emagrecimento que j\u00e1 resultou na elimina\u00e7\u00e3o de cerca de 60 kg. O sertanejo revelou que chegou a pesar aproximadamente 180 kg antes de dar in\u00edcio \u00e0s mudan\u00e7as, motivado principalmente por quest\u00f5es \u2026\" \/>\n<meta property=\"og:url\" content=\"https:\/\/portaldoestado.com.br\/index.php\/2026\/05\/01\/fabiano-comemora-perda-de-mais-de-60-kg-e-fala-sobre-mudanca-completa-de-estilo-de-vida\/\" \/>\n<meta property=\"og:site_name\" content=\"Portal do Estado\" \/>\n<meta property=\"article:published_time\" content=\"2026-05-01T00:28:39+00:00\" \/>\n<meta property=\"og:image\" content=\"https:\/\/portaldoestado.com.br\/wp-content\/uploads\/2026\/05\/foto-leo-dias-2026-04-30T182355.927-615x461-1.png\" \/>\n\t<meta property=\"og:image:width\" content=\"615\" \/>\n\t<meta property=\"og:image:height\" content=\"461\" \/>\n\t<meta property=\"og:image:type\" content=\"image\/png\" \/>\n<meta name=\"author\" content=\"assessoriadefamosos\" \/>\n<meta name=\"twitter:card\" content=\"summary_large_image\" \/>\n<meta name=\"twitter:label1\" content=\"Escrito por\" \/>\n\t<meta name=\"twitter:data1\" content=\"assessoriadefamosos\" \/>\n\t<meta name=\"twitter:label2\" content=\"Est. tempo de leitura\" \/>\n\t<meta name=\"twitter:data2\" content=\"1 minuto\" \/>\n<script type=\"application\/ld+json\" class=\"yoast-schema-graph\">{\"@context\":\"https:\/\/schema.org\",\"@graph\":[{\"@type\":\"Article\",\"@id\":\"https:\/\/portaldoestado.com.br\/index.php\/2026\/05\/01\/fabiano-comemora-perda-de-mais-de-60-kg-e-fala-sobre-mudanca-completa-de-estilo-de-vida\/#article\",\"isPartOf\":{\"@id\":\"https:\/\/portaldoestado.com.br\/index.php\/2026\/05\/01\/fabiano-comemora-perda-de-mais-de-60-kg-e-fala-sobre-mudanca-completa-de-estilo-de-vida\/\"},\"author\":{\"name\":\"assessoriadefamosos\",\"@id\":\"https:\/\/portaldoestado.com.br\/#\/schema\/person\/5ca0174f3c8c84b59da62ea14b698cb9\"},\"headline\":\"Fabiano comemora perda de mais de 60 kg e fala sobre mudan\u00e7a completa de estilo de vida\",\"datePublished\":\"2026-05-01T00:28:39+00:00\",\"mainEntityOfPage\":{\"@id\":\"https:\/\/portaldoestado.com.br\/index.php\/2026\/05\/01\/fabiano-comemora-perda-de-mais-de-60-kg-e-fala-sobre-mudanca-completa-de-estilo-de-vida\/\"},\"wordCount\":301,\"publisher\":{\"@id\":\"https:\/\/portaldoestado.com.br\/#organization\"},\"image\":{\"@id\":\"https:\/\/portaldoestado.com.br\/index.php\/2026\/05\/01\/fabiano-comemora-perda-de-mais-de-60-kg-e-fala-sobre-mudanca-completa-de-estilo-de-vida\/#primaryimage\"},\"thumbnailUrl\":\"https:\/\/portaldoestado.com.br\/wp-content\/uploads\/2026\/05\/foto-leo-dias-2026-04-30T182355.927-615x461-1.png\",\"articleSection\":[\"Famosos\"],\"inLanguage\":\"pt-BR\"},{\"@type\":\"WebPage\",\"@id\":\"https:\/\/portaldoestado.com.br\/index.php\/2026\/05\/01\/fabiano-comemora-perda-de-mais-de-60-kg-e-fala-sobre-mudanca-completa-de-estilo-de-vida\/\",\"url\":\"https:\/\/portaldoestado.com.br\/index.php\/2026\/05\/01\/fabiano-comemora-perda-de-mais-de-60-kg-e-fala-sobre-mudanca-completa-de-estilo-de-vida\/\",\"name\":\"Fabiano comemora perda de mais de 60 kg e fala sobre mudan\u00e7a completa de estilo de vida - Portal do Estado\",\"isPartOf\":{\"@id\":\"https:\/\/portaldoestado.com.br\/#website\"},\"primaryImageOfPage\":{\"@id\":\"https:\/\/portaldoestado.com.br\/index.php\/2026\/05\/01\/fabiano-comemora-perda-de-mais-de-60-kg-e-fala-sobre-mudanca-completa-de-estilo-de-vida\/#primaryimage\"},\"image\":{\"@id\":\"https:\/\/portaldoestado.com.br\/index.php\/2026\/05\/01\/fabiano-comemora-perda-de-mais-de-60-kg-e-fala-sobre-mudanca-completa-de-estilo-de-vida\/#primaryimage\"},\"thumbnailUrl\":\"https:\/\/portaldoestado.com.br\/wp-content\/uploads\/2026\/05\/foto-leo-dias-2026-04-30T182355.927-615x461-1.png\",\"datePublished\":\"2026-05-01T00:28:39+00:00\",\"breadcrumb\":{\"@id\":\"https:\/\/portaldoestado.com.br\/index.php\/2026\/05\/01\/fabiano-comemora-perda-de-mais-de-60-kg-e-fala-sobre-mudanca-completa-de-estilo-de-vida\/#breadcrumb\"},\"inLanguage\":\"pt-BR\",\"potentialAction\":[{\"@type\":\"ReadAction\",\"target\":[\"https:\/\/portaldoestado.com.br\/index.php\/2026\/05\/01\/fabiano-comemora-perda-de-mais-de-60-kg-e-fala-sobre-mudanca-completa-de-estilo-de-vida\/\"]}]},{\"@type\":\"ImageObject\",\"inLanguage\":\"pt-BR\",\"@id\":\"https:\/\/portaldoestado.com.br\/index.php\/2026\/05\/01\/fabiano-comemora-perda-de-mais-de-60-kg-e-fala-sobre-mudanca-completa-de-estilo-de-vida\/#primaryimage\",\"url\":\"https:\/\/portaldoestado.com.br\/wp-content\/uploads\/2026\/05\/foto-leo-dias-2026-04-30T182355.927-615x461-1.png\",\"contentUrl\":\"https:\/\/portaldoestado.com.br\/wp-content\/uploads\/2026\/05\/foto-leo-dias-2026-04-30T182355.927-615x461-1.png\",\"width\":615,\"height\":461},{\"@type\":\"BreadcrumbList\",\"@id\":\"https:\/\/portaldoestado.com.br\/index.php\/2026\/05\/01\/fabiano-comemora-perda-de-mais-de-60-kg-e-fala-sobre-mudanca-completa-de-estilo-de-vida\/#breadcrumb\",\"itemListElement\":[{\"@type\":\"ListItem\",\"position\":1,\"name\":\"In\u00edcio\",\"item\":\"https:\/\/portaldoestado.com.br\/\"},{\"@type\":\"ListItem\",\"position\":2,\"name\":\"Fabiano comemora perda de mais de 60 kg e fala sobre mudan\u00e7a completa de estilo de vida\"}]},{\"@type\":\"WebSite\",\"@id\":\"https:\/\/portaldoestado.com.br\/#website\",\"url\":\"https:\/\/portaldoestado.com.br\/\",\"name\":\"Portal do Estado\",\"description\":\"\",\"publisher\":{\"@id\":\"https:\/\/portaldoestado.com.br\/#organization\"},\"potentialAction\":[{\"@type\":\"SearchAction\",\"target\":{\"@type\":\"EntryPoint\",\"urlTemplate\":\"https:\/\/portaldoestado.com.br\/?s={search_term_string}\"},\"query-input\":{\"@type\":\"PropertyValueSpecification\",\"valueRequired\":true,\"valueName\":\"search_term_string\"}}],\"inLanguage\":\"pt-BR\"},{\"@type\":\"Organization\",\"@id\":\"https:\/\/portaldoestado.com.br\/#organization\",\"name\":\"Portal do Estado\",\"url\":\"https:\/\/portaldoestado.com.br\/\",\"logo\":{\"@type\":\"ImageObject\",\"inLanguage\":\"pt-BR\",\"@id\":\"https:\/\/portaldoestado.com.br\/#\/schema\/logo\/image\/\",\"url\":\"https:\/\/portaldoestado.com.br\/wp-content\/uploads\/2025\/04\/cropped-6f69b19a-6472-43bf-b1b3-e1910bbbd4e8.png\",\"contentUrl\":\"https:\/\/portaldoestado.com.br\/wp-content\/uploads\/2025\/04\/cropped-6f69b19a-6472-43bf-b1b3-e1910bbbd4e8.png\",\"width\":1024,\"height\":350,\"caption\":\"Portal do Estado\"},\"image\":{\"@id\":\"https:\/\/portaldoestado.com.br\/#\/schema\/logo\/image\/\"}},{\"@type\":\"Person\",\"@id\":\"https:\/\/portaldoestado.com.br\/#\/schema\/person\/5ca0174f3c8c84b59da62ea14b698cb9\",\"name\":\"assessoriadefamosos\",\"image\":{\"@type\":\"ImageObject\",\"inLanguage\":\"pt-BR\",\"@id\":\"https:\/\/portaldoestado.com.br\/#\/schema\/person\/image\/\",\"url\":\"https:\/\/secure.gravatar.com\/avatar\/a7acbdffcfbbae7240e59f47fe511ec5f5d8c252c779f0b8d9ab02a9e1d8c5ed?s=96&d=mm&r=g\",\"contentUrl\":\"https:\/\/secure.gravatar.com\/avatar\/a7acbdffcfbbae7240e59f47fe511ec5f5d8c252c779f0b8d9ab02a9e1d8c5ed?s=96&d=mm&r=g\",\"caption\":\"assessoriadefamosos\"},\"url\":\"https:\/\/portaldoestado.com.br\/index.php\/author\/assessoriadefamosos\/\"}]}<\/script>\n<!-- \/ Yoast SEO plugin. -->","yoast_head_json":{"title":"Fabiano comemora perda de mais de 60 kg e fala sobre mudan\u00e7a completa de estilo de vida - Portal do Estado","robots":{"index":"index","follow":"follow","max-snippet":"max-snippet:-1","max-image-preview":"max-image-preview:large","max-video-preview":"max-video-preview:-1"},"canonical":"https:\/\/portaldoestado.com.br\/index.php\/2026\/05\/01\/fabiano-comemora-perda-de-mais-de-60-kg-e-fala-sobre-mudanca-completa-de-estilo-de-vida\/","og_locale":"pt_BR","og_type":"article","og_title":"Fabiano comemora perda de mais de 60 kg e fala sobre mudan\u00e7a completa de estilo de vida - Portal do Estado","og_description":"O cantor Fabiano, da dupla C\u00e9sar Menotti & Fabiano, celebrou a transforma\u00e7\u00e3o f\u00edsica que vem vivendo desde 2023, quando decidiu iniciar um processo de emagrecimento que j\u00e1 resultou na elimina\u00e7\u00e3o de cerca de 60 kg. O sertanejo revelou que chegou a pesar aproximadamente 180 kg antes de dar in\u00edcio \u00e0s mudan\u00e7as, motivado principalmente por quest\u00f5es \u2026","og_url":"https:\/\/portaldoestado.com.br\/index.php\/2026\/05\/01\/fabiano-comemora-perda-de-mais-de-60-kg-e-fala-sobre-mudanca-completa-de-estilo-de-vida\/","og_site_name":"Portal do Estado","article_published_time":"2026-05-01T00:28:39+00:00","og_image":[{"width":615,"height":461,"url":"https:\/\/portaldoestado.com.br\/wp-content\/uploads\/2026\/05\/foto-leo-dias-2026-04-30T182355.927-615x461-1.png","type":"image\/png"}],"author":"assessoriadefamosos","twitter_card":"summary_large_image","twitter_misc":{"Escrito por":"assessoriadefamosos","Est. tempo de leitura":"1 minuto"},"schema":{"@context":"https:\/\/schema.org","@graph":[{"@type":"Article","@id":"https:\/\/portaldoestado.com.br\/index.php\/2026\/05\/01\/fabiano-comemora-perda-de-mais-de-60-kg-e-fala-sobre-mudanca-completa-de-estilo-de-vida\/#article","isPartOf":{"@id":"https:\/\/portaldoestado.com.br\/index.php\/2026\/05\/01\/fabiano-comemora-perda-de-mais-de-60-kg-e-fala-sobre-mudanca-completa-de-estilo-de-vida\/"},"author":{"name":"assessoriadefamosos","@id":"https:\/\/portaldoestado.com.br\/#\/schema\/person\/5ca0174f3c8c84b59da62ea14b698cb9"},"headline":"Fabiano comemora perda de mais de 60 kg e fala sobre mudan\u00e7a completa de estilo de vida","datePublished":"2026-05-01T00:28:39+00:00","mainEntityOfPage":{"@id":"https:\/\/portaldoestado.com.br\/index.php\/2026\/05\/01\/fabiano-comemora-perda-de-mais-de-60-kg-e-fala-sobre-mudanca-completa-de-estilo-de-vida\/"},"wordCount":301,"publisher":{"@id":"https:\/\/portaldoestado.com.br\/#organization"},"image":{"@id":"https:\/\/portaldoestado.com.br\/index.php\/2026\/05\/01\/fabiano-comemora-perda-de-mais-de-60-kg-e-fala-sobre-mudanca-completa-de-estilo-de-vida\/#primaryimage"},"thumbnailUrl":"https:\/\/portaldoestado.com.br\/wp-content\/uploads\/2026\/05\/foto-leo-dias-2026-04-30T182355.927-615x461-1.png","articleSection":["Famosos"],"inLanguage":"pt-BR"},{"@type":"WebPage","@id":"https:\/\/portaldoestado.com.br\/index.php\/2026\/05\/01\/fabiano-comemora-perda-de-mais-de-60-kg-e-fala-sobre-mudanca-completa-de-estilo-de-vida\/","url":"https:\/\/portaldoestado.com.br\/index.php\/2026\/05\/01\/fabiano-comemora-perda-de-mais-de-60-kg-e-fala-sobre-mudanca-completa-de-estilo-de-vida\/","name":"Fabiano comemora perda de mais de 60 kg e fala sobre mudan\u00e7a completa de estilo de vida - Portal do Estado","isPartOf":{"@id":"https:\/\/portaldoestado.com.br\/#website"},"primaryImageOfPage":{"@id":"https:\/\/portaldoestado.com.br\/index.php\/2026\/05\/01\/fabiano-comemora-perda-de-mais-de-60-kg-e-fala-sobre-mudanca-completa-de-estilo-de-vida\/#primaryimage"},"image":{"@id":"https:\/\/portaldoestado.com.br\/index.php\/2026\/05\/01\/fabiano-comemora-perda-de-mais-de-60-kg-e-fala-sobre-mudanca-completa-de-estilo-de-vida\/#primaryimage"},"thumbnailUrl":"https:\/\/portaldoestado.com.br\/wp-content\/uploads\/2026\/05\/foto-leo-dias-2026-04-30T182355.927-615x461-1.png","datePublished":"2026-05-01T00:28:39+00:00","breadcrumb":{"@id":"https:\/\/portaldoestado.com.br\/index.php\/2026\/05\/01\/fabiano-comemora-perda-de-mais-de-60-kg-e-fala-sobre-mudanca-completa-de-estilo-de-vida\/#breadcrumb"},"inLanguage":"pt-BR","potentialAction":[{"@type":"ReadAction","target":["https:\/\/portaldoestado.com.br\/index.php\/2026\/05\/01\/fabiano-comemora-perda-de-mais-de-60-kg-e-fala-sobre-mudanca-completa-de-estilo-de-vida\/"]}]},{"@type":"ImageObject","inLanguage":"pt-BR","@id":"https:\/\/portaldoestado.com.br\/index.php\/2026\/05\/01\/fabiano-comemora-perda-de-mais-de-60-kg-e-fala-sobre-mudanca-completa-de-estilo-de-vida\/#primaryimage","url":"https:\/\/portaldoestado.com.br\/wp-content\/uploads\/2026\/05\/foto-leo-dias-2026-04-30T182355.927-615x461-1.png","contentUrl":"https:\/\/portaldoestado.com.br\/wp-content\/uploads\/2026\/05\/foto-leo-dias-2026-04-30T182355.927-615x461-1.png","width":615,"height":461},{"@type":"BreadcrumbList","@id":"https:\/\/portaldoestado.com.br\/index.php\/2026\/05\/01\/fabiano-comemora-perda-de-mais-de-60-kg-e-fala-sobre-mudanca-completa-de-estilo-de-vida\/#breadcrumb","itemListElement":[{"@type":"ListItem","position":1,"name":"In\u00edcio","item":"https:\/\/portaldoestado.com.br\/"},{"@type":"ListItem","position":2,"name":"Fabiano comemora perda de mais de 60 kg e fala sobre mudan\u00e7a completa de estilo de vida"}]},{"@type":"WebSite","@id":"https:\/\/portaldoestado.com.br\/#website","url":"https:\/\/portaldoestado.com.br\/","name":"Portal do Estado","description":"","publisher":{"@id":"https:\/\/portaldoestado.com.br\/#organization"},"potentialAction":[{"@type":"SearchAction","target":{"@type":"EntryPoint","urlTemplate":"https:\/\/portaldoestado.com.br\/?s={search_term_string}"},"query-input":{"@type":"PropertyValueSpecification","valueRequired":true,"valueName":"search_term_string"}}],"inLanguage":"pt-BR"},{"@type":"Organization","@id":"https:\/\/portaldoestado.com.br\/#organization","name":"Portal do Estado","url":"https:\/\/portaldoestado.com.br\/","logo":{"@type":"ImageObject","inLanguage":"pt-BR","@id":"https:\/\/portaldoestado.com.br\/#\/schema\/logo\/image\/","url":"https:\/\/portaldoestado.com.br\/wp-content\/uploads\/2025\/04\/cropped-6f69b19a-6472-43bf-b1b3-e1910bbbd4e8.png","contentUrl":"https:\/\/portaldoestado.com.br\/wp-content\/uploads\/2025\/04\/cropped-6f69b19a-6472-43bf-b1b3-e1910bbbd4e8.png","width":1024,"height":350,"caption":"Portal do Estado"},"image":{"@id":"https:\/\/portaldoestado.com.br\/#\/schema\/logo\/image\/"}},{"@type":"Person","@id":"https:\/\/portaldoestado.com.br\/#\/schema\/person\/5ca0174f3c8c84b59da62ea14b698cb9","name":"assessoriadefamosos","image":{"@type":"ImageObject","inLanguage":"pt-BR","@id":"https:\/\/portaldoestado.com.br\/#\/schema\/person\/image\/","url":"https:\/\/secure.gravatar.com\/avatar\/a7acbdffcfbbae7240e59f47fe511ec5f5d8c252c779f0b8d9ab02a9e1d8c5ed?s=96&d=mm&r=g","contentUrl":"https:\/\/secure.gravatar.com\/avatar\/a7acbdffcfbbae7240e59f47fe511ec5f5d8c252c779f0b8d9ab02a9e1d8c5ed?s=96&d=mm&r=g","caption":"assessoriadefamosos"},"url":"https:\/\/portaldoestado.com.br\/index.php\/author\/assessoriadefamosos\/"}]}},"jetpack_featured_media_url":"https:\/\/portaldoestado.com.br\/wp-content\/uploads\/2026\/05\/foto-leo-dias-2026-04-30T182355.927-615x461-1.png","_links":{"self":[{"href":"https:\/\/portaldoestado.com.br\/index.php\/wp-json\/wp\/v2\/posts\/8821","targetHints":{"allow":["GET"]}}],"collection":[{"href":"https:\/\/portaldoestado.com.br\/index.php\/wp-json\/wp\/v2\/posts"}],"about":[{"href":"https:\/\/portaldoestado.com.br\/index.php\/wp-json\/wp\/v2\/types\/post"}],"author":[{"embeddable":true,"href":"https:\/\/portaldoestado.com.br\/index.php\/wp-json\/wp\/v2\/users\/2"}],"replies":[{"embeddable":true,"href":"https:\/\/portaldoestado.com.br\/index.php\/wp-json\/wp\/v2\/comments?post=8821"}],"version-history":[{"count":1,"href":"https:\/\/portaldoestado.com.br\/index.php\/wp-json\/wp\/v2\/posts\/8821\/revisions"}],"predecessor-version":[{"id":8822,"href":"https:\/\/portaldoestado.com.br\/index.php\/wp-json\/wp\/v2\/posts\/8821\/revisions\/8822"}],"wp:featuredmedia":[{"embeddable":true,"href":"https:\/\/portaldoestado.com.br\/index.php\/wp-json\/wp\/v2\/media\/8820"}],"wp:attachment":[{"href":"https:\/\/portaldoestado.com.br\/index.php\/wp-json\/wp\/v2\/media?parent=8821"}],"wp:term":[{"taxonomy":"category","embeddable":true,"href":"https:\/\/portaldoestado.com.br\/index.php\/wp-json\/wp\/v2\/categories?post=8821"},{"taxonomy":"post_tag","embeddable":true,"href":"https:\/\/portaldoestado.com.br\/index.php\/wp-json\/wp\/v2\/tags?post=8821"}],"curies":[{"name":"wp","href":"https:\/\/api.w.org\/{rel}","templated":true}]}}