{"id":8812,"date":"2026-05-01T00:15:14","date_gmt":"2026-05-01T00:15:14","guid":{"rendered":"https:\/\/portaldoestado.com.br\/?p=8812"},"modified":"2026-05-01T00:15:14","modified_gmt":"2026-05-01T00:15:14","slug":"lauana-prado-destaca-apoio-de-tati-dias-em-decisao-por-gravidez-independente","status":"publish","type":"post","link":"https:\/\/portaldoestado.com.br\/index.php\/2026\/05\/01\/lauana-prado-destaca-apoio-de-tati-dias-em-decisao-por-gravidez-independente\/","title":{"rendered":"Lauana Prado destaca apoio de Tati Dias em decis\u00e3o por gravidez independente"},"content":{"rendered":"\n<p>A cantora Lauana Prado abriu o cora\u00e7\u00e3o ao falar sobre a gesta\u00e7\u00e3o do primeiro filho, Dom, fruto de um processo de fertiliza\u00e7\u00e3o in vitro. Noiva da influenciadora Tati Dias, a artista explicou que, embora tenha optado por uma gravidez independente, contou com o apoio constante da parceira ao longo de toda a jornada.<\/p>\n\n\n\n<p>Durante participa\u00e7\u00e3o no podcast MaterniDelas, Lauana revelou que o desejo de ser m\u00e3e j\u00e1 fazia parte de seus planos antes mesmo do in\u00edcio do relacionamento. Segundo ela, quando as duas se conheceram, esse projeto j\u00e1 estava em andamento. Tati, que j\u00e1 era m\u00e3e de Bento, teve papel importante ao compartilhar experi\u00eancias e oferecer suporte emocional.<\/p>\n\n\n\n<p>A cantora ressaltou que a troca entre as duas sempre foi natural e aberta, o que facilitou o processo. Para ela, ter ao lado algu\u00e9m que j\u00e1 vivenciou a maternidade trouxe mais seguran\u00e7a e aprendizado durante as etapas da fertiliza\u00e7\u00e3o e da gesta\u00e7\u00e3o.<\/p>\n\n\n\n<p>Lauana tamb\u00e9m comentou sobre as press\u00f5es que sentiu ao longo do tempo em rela\u00e7\u00e3o \u00e0 maternidade. Na avalia\u00e7\u00e3o da artista, sua experi\u00eancia refor\u00e7a que a decis\u00e3o de ter filhos n\u00e3o precisa, necessariamente, estar vinculada a um modelo tradicional de relacionamento, podendo ser constru\u00edda de forma aut\u00f4noma.<\/p>\n\n\n\n<p>Ao lembrar do momento em que decidiu seguir com a implanta\u00e7\u00e3o do embri\u00e3o, a cantora contou que recebeu incentivo imediato da noiva, que se colocou como parceira em todas as fases do processo.<\/p>\n\n\n\n<p>Outro ponto destacado foi a conviv\u00eancia com o enteado, que, segundo Lauana, despertou ainda mais o desejo de viver a maternidade. A experi\u00eancia no dia a dia com a crian\u00e7a trouxe aprendizados e fortaleceu sua decis\u00e3o.<\/p>\n\n\n\n<p>Agora, \u00e0 espera de Dom, a artista vive uma fase de transforma\u00e7\u00e3o, marcada pelo planejamento, apoio familiar e a realiza\u00e7\u00e3o de um projeto pessoal antigo.<\/p>\n","protected":false},"excerpt":{"rendered":"<p>A cantora Lauana Prado abriu o cora\u00e7\u00e3o ao falar sobre a gesta\u00e7\u00e3o do primeiro filho, Dom, fruto de um processo de fertiliza\u00e7\u00e3o in vitro. Noiva da influenciadora Tati Dias, a artista explicou que, embora tenha optado por uma gravidez independente, contou com o apoio constante da parceira ao longo de toda a jornada. Durante participa\u00e7\u00e3o \u2026<\/p>\n","protected":false},"author":2,"featured_media":8811,"comment_status":"closed","ping_status":"open","sticky":false,"template":"","format":"standard","meta":{"footnotes":""},"categories":[3],"tags":[],"class_list":["post-8812","post","type-post","status-publish","format-standard","has-post-thumbnail","hentry","category-famosos"],"yoast_head":"<!-- This site is optimized with the Yoast SEO plugin v25.5 - https:\/\/yoast.com\/wordpress\/plugins\/seo\/ -->\n<title>Lauana Prado destaca apoio de Tati Dias em decis\u00e3o por gravidez independente - Portal do Estado<\/title>\n<meta name=\"robots\" content=\"index, follow, max-snippet:-1, max-image-preview:large, max-video-preview:-1\" \/>\n<link rel=\"canonical\" href=\"https:\/\/portaldoestado.com.br\/index.php\/2026\/05\/01\/lauana-prado-destaca-apoio-de-tati-dias-em-decisao-por-gravidez-independente\/\" \/>\n<meta property=\"og:locale\" content=\"pt_BR\" \/>\n<meta property=\"og:type\" content=\"article\" \/>\n<meta property=\"og:title\" content=\"Lauana Prado destaca apoio de Tati Dias em decis\u00e3o por gravidez independente - Portal do Estado\" \/>\n<meta property=\"og:description\" content=\"A cantora Lauana Prado abriu o cora\u00e7\u00e3o ao falar sobre a gesta\u00e7\u00e3o do primeiro filho, Dom, fruto de um processo de fertiliza\u00e7\u00e3o in vitro. Noiva da influenciadora Tati Dias, a artista explicou que, embora tenha optado por uma gravidez independente, contou com o apoio constante da parceira ao longo de toda a jornada. Durante participa\u00e7\u00e3o \u2026\" \/>\n<meta property=\"og:url\" content=\"https:\/\/portaldoestado.com.br\/index.php\/2026\/05\/01\/lauana-prado-destaca-apoio-de-tati-dias-em-decisao-por-gravidez-independente\/\" \/>\n<meta property=\"og:site_name\" content=\"Portal do Estado\" \/>\n<meta property=\"article:published_time\" content=\"2026-05-01T00:15:14+00:00\" \/>\n<meta property=\"og:image\" content=\"https:\/\/portaldoestado.com.br\/wp-content\/uploads\/2026\/05\/WhatsApp-Image-2025-08-18-at-16.16.59-615x461-1.jpeg\" \/>\n\t<meta property=\"og:image:width\" content=\"615\" \/>\n\t<meta property=\"og:image:height\" content=\"461\" \/>\n\t<meta property=\"og:image:type\" content=\"image\/jpeg\" \/>\n<meta name=\"author\" content=\"assessoriadefamosos\" \/>\n<meta name=\"twitter:card\" content=\"summary_large_image\" \/>\n<meta name=\"twitter:label1\" content=\"Escrito por\" \/>\n\t<meta name=\"twitter:data1\" content=\"assessoriadefamosos\" \/>\n\t<meta name=\"twitter:label2\" content=\"Est. tempo de leitura\" \/>\n\t<meta name=\"twitter:data2\" content=\"2 minutos\" \/>\n<script type=\"application\/ld+json\" class=\"yoast-schema-graph\">{\"@context\":\"https:\/\/schema.org\",\"@graph\":[{\"@type\":\"Article\",\"@id\":\"https:\/\/portaldoestado.com.br\/index.php\/2026\/05\/01\/lauana-prado-destaca-apoio-de-tati-dias-em-decisao-por-gravidez-independente\/#article\",\"isPartOf\":{\"@id\":\"https:\/\/portaldoestado.com.br\/index.php\/2026\/05\/01\/lauana-prado-destaca-apoio-de-tati-dias-em-decisao-por-gravidez-independente\/\"},\"author\":{\"name\":\"assessoriadefamosos\",\"@id\":\"https:\/\/portaldoestado.com.br\/#\/schema\/person\/5ca0174f3c8c84b59da62ea14b698cb9\"},\"headline\":\"Lauana Prado destaca apoio de Tati Dias em decis\u00e3o por gravidez independente\",\"datePublished\":\"2026-05-01T00:15:14+00:00\",\"mainEntityOfPage\":{\"@id\":\"https:\/\/portaldoestado.com.br\/index.php\/2026\/05\/01\/lauana-prado-destaca-apoio-de-tati-dias-em-decisao-por-gravidez-independente\/\"},\"wordCount\":332,\"publisher\":{\"@id\":\"https:\/\/portaldoestado.com.br\/#organization\"},\"image\":{\"@id\":\"https:\/\/portaldoestado.com.br\/index.php\/2026\/05\/01\/lauana-prado-destaca-apoio-de-tati-dias-em-decisao-por-gravidez-independente\/#primaryimage\"},\"thumbnailUrl\":\"https:\/\/portaldoestado.com.br\/wp-content\/uploads\/2026\/05\/WhatsApp-Image-2025-08-18-at-16.16.59-615x461-1.jpeg\",\"articleSection\":[\"Famosos\"],\"inLanguage\":\"pt-BR\"},{\"@type\":\"WebPage\",\"@id\":\"https:\/\/portaldoestado.com.br\/index.php\/2026\/05\/01\/lauana-prado-destaca-apoio-de-tati-dias-em-decisao-por-gravidez-independente\/\",\"url\":\"https:\/\/portaldoestado.com.br\/index.php\/2026\/05\/01\/lauana-prado-destaca-apoio-de-tati-dias-em-decisao-por-gravidez-independente\/\",\"name\":\"Lauana Prado destaca apoio de Tati Dias em decis\u00e3o por gravidez independente - Portal do Estado\",\"isPartOf\":{\"@id\":\"https:\/\/portaldoestado.com.br\/#website\"},\"primaryImageOfPage\":{\"@id\":\"https:\/\/portaldoestado.com.br\/index.php\/2026\/05\/01\/lauana-prado-destaca-apoio-de-tati-dias-em-decisao-por-gravidez-independente\/#primaryimage\"},\"image\":{\"@id\":\"https:\/\/portaldoestado.com.br\/index.php\/2026\/05\/01\/lauana-prado-destaca-apoio-de-tati-dias-em-decisao-por-gravidez-independente\/#primaryimage\"},\"thumbnailUrl\":\"https:\/\/portaldoestado.com.br\/wp-content\/uploads\/2026\/05\/WhatsApp-Image-2025-08-18-at-16.16.59-615x461-1.jpeg\",\"datePublished\":\"2026-05-01T00:15:14+00:00\",\"breadcrumb\":{\"@id\":\"https:\/\/portaldoestado.com.br\/index.php\/2026\/05\/01\/lauana-prado-destaca-apoio-de-tati-dias-em-decisao-por-gravidez-independente\/#breadcrumb\"},\"inLanguage\":\"pt-BR\",\"potentialAction\":[{\"@type\":\"ReadAction\",\"target\":[\"https:\/\/portaldoestado.com.br\/index.php\/2026\/05\/01\/lauana-prado-destaca-apoio-de-tati-dias-em-decisao-por-gravidez-independente\/\"]}]},{\"@type\":\"ImageObject\",\"inLanguage\":\"pt-BR\",\"@id\":\"https:\/\/portaldoestado.com.br\/index.php\/2026\/05\/01\/lauana-prado-destaca-apoio-de-tati-dias-em-decisao-por-gravidez-independente\/#primaryimage\",\"url\":\"https:\/\/portaldoestado.com.br\/wp-content\/uploads\/2026\/05\/WhatsApp-Image-2025-08-18-at-16.16.59-615x461-1.jpeg\",\"contentUrl\":\"https:\/\/portaldoestado.com.br\/wp-content\/uploads\/2026\/05\/WhatsApp-Image-2025-08-18-at-16.16.59-615x461-1.jpeg\",\"width\":615,\"height\":461},{\"@type\":\"BreadcrumbList\",\"@id\":\"https:\/\/portaldoestado.com.br\/index.php\/2026\/05\/01\/lauana-prado-destaca-apoio-de-tati-dias-em-decisao-por-gravidez-independente\/#breadcrumb\",\"itemListElement\":[{\"@type\":\"ListItem\",\"position\":1,\"name\":\"In\u00edcio\",\"item\":\"https:\/\/portaldoestado.com.br\/\"},{\"@type\":\"ListItem\",\"position\":2,\"name\":\"Lauana Prado destaca apoio de Tati Dias em decis\u00e3o por gravidez independente\"}]},{\"@type\":\"WebSite\",\"@id\":\"https:\/\/portaldoestado.com.br\/#website\",\"url\":\"https:\/\/portaldoestado.com.br\/\",\"name\":\"Portal do Estado\",\"description\":\"\",\"publisher\":{\"@id\":\"https:\/\/portaldoestado.com.br\/#organization\"},\"potentialAction\":[{\"@type\":\"SearchAction\",\"target\":{\"@type\":\"EntryPoint\",\"urlTemplate\":\"https:\/\/portaldoestado.com.br\/?s={search_term_string}\"},\"query-input\":{\"@type\":\"PropertyValueSpecification\",\"valueRequired\":true,\"valueName\":\"search_term_string\"}}],\"inLanguage\":\"pt-BR\"},{\"@type\":\"Organization\",\"@id\":\"https:\/\/portaldoestado.com.br\/#organization\",\"name\":\"Portal do Estado\",\"url\":\"https:\/\/portaldoestado.com.br\/\",\"logo\":{\"@type\":\"ImageObject\",\"inLanguage\":\"pt-BR\",\"@id\":\"https:\/\/portaldoestado.com.br\/#\/schema\/logo\/image\/\",\"url\":\"https:\/\/portaldoestado.com.br\/wp-content\/uploads\/2025\/04\/cropped-6f69b19a-6472-43bf-b1b3-e1910bbbd4e8.png\",\"contentUrl\":\"https:\/\/portaldoestado.com.br\/wp-content\/uploads\/2025\/04\/cropped-6f69b19a-6472-43bf-b1b3-e1910bbbd4e8.png\",\"width\":1024,\"height\":350,\"caption\":\"Portal do Estado\"},\"image\":{\"@id\":\"https:\/\/portaldoestado.com.br\/#\/schema\/logo\/image\/\"}},{\"@type\":\"Person\",\"@id\":\"https:\/\/portaldoestado.com.br\/#\/schema\/person\/5ca0174f3c8c84b59da62ea14b698cb9\",\"name\":\"assessoriadefamosos\",\"image\":{\"@type\":\"ImageObject\",\"inLanguage\":\"pt-BR\",\"@id\":\"https:\/\/portaldoestado.com.br\/#\/schema\/person\/image\/\",\"url\":\"https:\/\/secure.gravatar.com\/avatar\/a7acbdffcfbbae7240e59f47fe511ec5f5d8c252c779f0b8d9ab02a9e1d8c5ed?s=96&d=mm&r=g\",\"contentUrl\":\"https:\/\/secure.gravatar.com\/avatar\/a7acbdffcfbbae7240e59f47fe511ec5f5d8c252c779f0b8d9ab02a9e1d8c5ed?s=96&d=mm&r=g\",\"caption\":\"assessoriadefamosos\"},\"url\":\"https:\/\/portaldoestado.com.br\/index.php\/author\/assessoriadefamosos\/\"}]}<\/script>\n<!-- \/ Yoast SEO plugin. -->","yoast_head_json":{"title":"Lauana Prado destaca apoio de Tati Dias em decis\u00e3o por gravidez independente - Portal do Estado","robots":{"index":"index","follow":"follow","max-snippet":"max-snippet:-1","max-image-preview":"max-image-preview:large","max-video-preview":"max-video-preview:-1"},"canonical":"https:\/\/portaldoestado.com.br\/index.php\/2026\/05\/01\/lauana-prado-destaca-apoio-de-tati-dias-em-decisao-por-gravidez-independente\/","og_locale":"pt_BR","og_type":"article","og_title":"Lauana Prado destaca apoio de Tati Dias em decis\u00e3o por gravidez independente - Portal do Estado","og_description":"A cantora Lauana Prado abriu o cora\u00e7\u00e3o ao falar sobre a gesta\u00e7\u00e3o do primeiro filho, Dom, fruto de um processo de fertiliza\u00e7\u00e3o in vitro. Noiva da influenciadora Tati Dias, a artista explicou que, embora tenha optado por uma gravidez independente, contou com o apoio constante da parceira ao longo de toda a jornada. Durante participa\u00e7\u00e3o \u2026","og_url":"https:\/\/portaldoestado.com.br\/index.php\/2026\/05\/01\/lauana-prado-destaca-apoio-de-tati-dias-em-decisao-por-gravidez-independente\/","og_site_name":"Portal do Estado","article_published_time":"2026-05-01T00:15:14+00:00","og_image":[{"width":615,"height":461,"url":"https:\/\/portaldoestado.com.br\/wp-content\/uploads\/2026\/05\/WhatsApp-Image-2025-08-18-at-16.16.59-615x461-1.jpeg","type":"image\/jpeg"}],"author":"assessoriadefamosos","twitter_card":"summary_large_image","twitter_misc":{"Escrito por":"assessoriadefamosos","Est. tempo de leitura":"2 minutos"},"schema":{"@context":"https:\/\/schema.org","@graph":[{"@type":"Article","@id":"https:\/\/portaldoestado.com.br\/index.php\/2026\/05\/01\/lauana-prado-destaca-apoio-de-tati-dias-em-decisao-por-gravidez-independente\/#article","isPartOf":{"@id":"https:\/\/portaldoestado.com.br\/index.php\/2026\/05\/01\/lauana-prado-destaca-apoio-de-tati-dias-em-decisao-por-gravidez-independente\/"},"author":{"name":"assessoriadefamosos","@id":"https:\/\/portaldoestado.com.br\/#\/schema\/person\/5ca0174f3c8c84b59da62ea14b698cb9"},"headline":"Lauana Prado destaca apoio de Tati Dias em decis\u00e3o por gravidez independente","datePublished":"2026-05-01T00:15:14+00:00","mainEntityOfPage":{"@id":"https:\/\/portaldoestado.com.br\/index.php\/2026\/05\/01\/lauana-prado-destaca-apoio-de-tati-dias-em-decisao-por-gravidez-independente\/"},"wordCount":332,"publisher":{"@id":"https:\/\/portaldoestado.com.br\/#organization"},"image":{"@id":"https:\/\/portaldoestado.com.br\/index.php\/2026\/05\/01\/lauana-prado-destaca-apoio-de-tati-dias-em-decisao-por-gravidez-independente\/#primaryimage"},"thumbnailUrl":"https:\/\/portaldoestado.com.br\/wp-content\/uploads\/2026\/05\/WhatsApp-Image-2025-08-18-at-16.16.59-615x461-1.jpeg","articleSection":["Famosos"],"inLanguage":"pt-BR"},{"@type":"WebPage","@id":"https:\/\/portaldoestado.com.br\/index.php\/2026\/05\/01\/lauana-prado-destaca-apoio-de-tati-dias-em-decisao-por-gravidez-independente\/","url":"https:\/\/portaldoestado.com.br\/index.php\/2026\/05\/01\/lauana-prado-destaca-apoio-de-tati-dias-em-decisao-por-gravidez-independente\/","name":"Lauana Prado destaca apoio de Tati Dias em decis\u00e3o por gravidez independente - Portal do Estado","isPartOf":{"@id":"https:\/\/portaldoestado.com.br\/#website"},"primaryImageOfPage":{"@id":"https:\/\/portaldoestado.com.br\/index.php\/2026\/05\/01\/lauana-prado-destaca-apoio-de-tati-dias-em-decisao-por-gravidez-independente\/#primaryimage"},"image":{"@id":"https:\/\/portaldoestado.com.br\/index.php\/2026\/05\/01\/lauana-prado-destaca-apoio-de-tati-dias-em-decisao-por-gravidez-independente\/#primaryimage"},"thumbnailUrl":"https:\/\/portaldoestado.com.br\/wp-content\/uploads\/2026\/05\/WhatsApp-Image-2025-08-18-at-16.16.59-615x461-1.jpeg","datePublished":"2026-05-01T00:15:14+00:00","breadcrumb":{"@id":"https:\/\/portaldoestado.com.br\/index.php\/2026\/05\/01\/lauana-prado-destaca-apoio-de-tati-dias-em-decisao-por-gravidez-independente\/#breadcrumb"},"inLanguage":"pt-BR","potentialAction":[{"@type":"ReadAction","target":["https:\/\/portaldoestado.com.br\/index.php\/2026\/05\/01\/lauana-prado-destaca-apoio-de-tati-dias-em-decisao-por-gravidez-independente\/"]}]},{"@type":"ImageObject","inLanguage":"pt-BR","@id":"https:\/\/portaldoestado.com.br\/index.php\/2026\/05\/01\/lauana-prado-destaca-apoio-de-tati-dias-em-decisao-por-gravidez-independente\/#primaryimage","url":"https:\/\/portaldoestado.com.br\/wp-content\/uploads\/2026\/05\/WhatsApp-Image-2025-08-18-at-16.16.59-615x461-1.jpeg","contentUrl":"https:\/\/portaldoestado.com.br\/wp-content\/uploads\/2026\/05\/WhatsApp-Image-2025-08-18-at-16.16.59-615x461-1.jpeg","width":615,"height":461},{"@type":"BreadcrumbList","@id":"https:\/\/portaldoestado.com.br\/index.php\/2026\/05\/01\/lauana-prado-destaca-apoio-de-tati-dias-em-decisao-por-gravidez-independente\/#breadcrumb","itemListElement":[{"@type":"ListItem","position":1,"name":"In\u00edcio","item":"https:\/\/portaldoestado.com.br\/"},{"@type":"ListItem","position":2,"name":"Lauana Prado destaca apoio de Tati Dias em decis\u00e3o por gravidez independente"}]},{"@type":"WebSite","@id":"https:\/\/portaldoestado.com.br\/#website","url":"https:\/\/portaldoestado.com.br\/","name":"Portal do Estado","description":"","publisher":{"@id":"https:\/\/portaldoestado.com.br\/#organization"},"potentialAction":[{"@type":"SearchAction","target":{"@type":"EntryPoint","urlTemplate":"https:\/\/portaldoestado.com.br\/?s={search_term_string}"},"query-input":{"@type":"PropertyValueSpecification","valueRequired":true,"valueName":"search_term_string"}}],"inLanguage":"pt-BR"},{"@type":"Organization","@id":"https:\/\/portaldoestado.com.br\/#organization","name":"Portal do Estado","url":"https:\/\/portaldoestado.com.br\/","logo":{"@type":"ImageObject","inLanguage":"pt-BR","@id":"https:\/\/portaldoestado.com.br\/#\/schema\/logo\/image\/","url":"https:\/\/portaldoestado.com.br\/wp-content\/uploads\/2025\/04\/cropped-6f69b19a-6472-43bf-b1b3-e1910bbbd4e8.png","contentUrl":"https:\/\/portaldoestado.com.br\/wp-content\/uploads\/2025\/04\/cropped-6f69b19a-6472-43bf-b1b3-e1910bbbd4e8.png","width":1024,"height":350,"caption":"Portal do Estado"},"image":{"@id":"https:\/\/portaldoestado.com.br\/#\/schema\/logo\/image\/"}},{"@type":"Person","@id":"https:\/\/portaldoestado.com.br\/#\/schema\/person\/5ca0174f3c8c84b59da62ea14b698cb9","name":"assessoriadefamosos","image":{"@type":"ImageObject","inLanguage":"pt-BR","@id":"https:\/\/portaldoestado.com.br\/#\/schema\/person\/image\/","url":"https:\/\/secure.gravatar.com\/avatar\/a7acbdffcfbbae7240e59f47fe511ec5f5d8c252c779f0b8d9ab02a9e1d8c5ed?s=96&d=mm&r=g","contentUrl":"https:\/\/secure.gravatar.com\/avatar\/a7acbdffcfbbae7240e59f47fe511ec5f5d8c252c779f0b8d9ab02a9e1d8c5ed?s=96&d=mm&r=g","caption":"assessoriadefamosos"},"url":"https:\/\/portaldoestado.com.br\/index.php\/author\/assessoriadefamosos\/"}]}},"jetpack_featured_media_url":"https:\/\/portaldoestado.com.br\/wp-content\/uploads\/2026\/05\/WhatsApp-Image-2025-08-18-at-16.16.59-615x461-1.jpeg","_links":{"self":[{"href":"https:\/\/portaldoestado.com.br\/index.php\/wp-json\/wp\/v2\/posts\/8812","targetHints":{"allow":["GET"]}}],"collection":[{"href":"https:\/\/portaldoestado.com.br\/index.php\/wp-json\/wp\/v2\/posts"}],"about":[{"href":"https:\/\/portaldoestado.com.br\/index.php\/wp-json\/wp\/v2\/types\/post"}],"author":[{"embeddable":true,"href":"https:\/\/portaldoestado.com.br\/index.php\/wp-json\/wp\/v2\/users\/2"}],"replies":[{"embeddable":true,"href":"https:\/\/portaldoestado.com.br\/index.php\/wp-json\/wp\/v2\/comments?post=8812"}],"version-history":[{"count":1,"href":"https:\/\/portaldoestado.com.br\/index.php\/wp-json\/wp\/v2\/posts\/8812\/revisions"}],"predecessor-version":[{"id":8813,"href":"https:\/\/portaldoestado.com.br\/index.php\/wp-json\/wp\/v2\/posts\/8812\/revisions\/8813"}],"wp:featuredmedia":[{"embeddable":true,"href":"https:\/\/portaldoestado.com.br\/index.php\/wp-json\/wp\/v2\/media\/8811"}],"wp:attachment":[{"href":"https:\/\/portaldoestado.com.br\/index.php\/wp-json\/wp\/v2\/media?parent=8812"}],"wp:term":[{"taxonomy":"category","embeddable":true,"href":"https:\/\/portaldoestado.com.br\/index.php\/wp-json\/wp\/v2\/categories?post=8812"},{"taxonomy":"post_tag","embeddable":true,"href":"https:\/\/portaldoestado.com.br\/index.php\/wp-json\/wp\/v2\/tags?post=8812"}],"curies":[{"name":"wp","href":"https:\/\/api.w.org\/{rel}","templated":true}]}}