{"id":8809,"date":"2026-05-01T00:10:56","date_gmt":"2026-05-01T00:10:56","guid":{"rendered":"https:\/\/portaldoestado.com.br\/?p=8809"},"modified":"2026-05-01T00:10:56","modified_gmt":"2026-05-01T00:10:56","slug":"camila-queiroz-revela-rosto-da-filha-pela-primeira-vez-e-comenta-fase-longe-dos-holofotes","status":"publish","type":"post","link":"https:\/\/portaldoestado.com.br\/index.php\/2026\/05\/01\/camila-queiroz-revela-rosto-da-filha-pela-primeira-vez-e-comenta-fase-longe-dos-holofotes\/","title":{"rendered":"Camila Queiroz revela rosto da filha pela primeira vez e comenta fase longe dos holofotes"},"content":{"rendered":"\n<p>A atriz Camila Queiroz decidiu apresentar ao p\u00fablico, pela primeira vez, o rosto da filha Clara em uma entrevista \u00e0 Marie Claire. A menina \u00e9 fruto do casamento com Klebber Toledo, e vinha sendo mantida longe das redes sociais desde o nascimento.<\/p>\n\n\n\n<p>Durante a conversa, Camila explicou que optou por um in\u00edcio de maternidade mais reservado, priorizando a conviv\u00eancia com a beb\u00ea e evitando a exposi\u00e7\u00e3o excessiva. Segundo ela, os primeiros meses foram dedicados integralmente \u00e0 filha, em uma rotina focada na presen\u00e7a e no cuidado di\u00e1rio.<\/p>\n\n\n\n<p>A escolha da revista como meio para apresentar Clara tamb\u00e9m teve um motivo especial. A atriz afirmou que buscava uma forma mais sens\u00edvel e respeitosa de compartilhar esse momento. Ao falar sobre a apar\u00eancia da menina, comentou de forma descontra\u00edda que a filha se parece mais com o pai, mas herdou tra\u00e7os seus.<\/p>\n\n\n\n<p>Clara nasceu em dezembro de 2025 e \u00e9 a primeira filha do casal, que mant\u00e9m um relacionamento desde 2016. Desde ent\u00e3o, Camila relata mudan\u00e7as profundas em sua rotina e na forma como enxerga a vida, destacando a intensidade emocional que acompanha a maternidade.<\/p>\n\n\n\n<p>Na entrevista, a atriz tamb\u00e9m ressaltou a participa\u00e7\u00e3o ativa de Klebber Toledo nos cuidados com a filha, refor\u00e7ando a parceria entre os dois na cria\u00e7\u00e3o da beb\u00ea. Conhecidos pela discri\u00e7\u00e3o, o casal costuma preservar a vida pessoal e raramente exp\u00f5e detalhes da intimidade familiar.<\/p>\n\n\n\n<p>O momento tamb\u00e9m marca o retorno gradual de Camila aos compromissos profissionais. Entre os trabalhos recentes, est\u00e1 seu envolvimento na nova temporada do reality Casamento \u00e0s Cegas, al\u00e9m de projetos futuros para a televis\u00e3o e o streaming.<\/p>\n","protected":false},"excerpt":{"rendered":"<p>A atriz Camila Queiroz decidiu apresentar ao p\u00fablico, pela primeira vez, o rosto da filha Clara em uma entrevista \u00e0 Marie Claire. A menina \u00e9 fruto do casamento com Klebber Toledo, e vinha sendo mantida longe das redes sociais desde o nascimento. Durante a conversa, Camila explicou que optou por um in\u00edcio de maternidade mais \u2026<\/p>\n","protected":false},"author":2,"featured_media":8808,"comment_status":"closed","ping_status":"open","sticky":false,"template":"","format":"standard","meta":{"footnotes":""},"categories":[3],"tags":[],"class_list":["post-8809","post","type-post","status-publish","format-standard","has-post-thumbnail","hentry","category-famosos"],"yoast_head":"<!-- This site is optimized with the Yoast SEO plugin v25.5 - https:\/\/yoast.com\/wordpress\/plugins\/seo\/ -->\n<title>Camila Queiroz revela rosto da filha pela primeira vez e comenta fase longe dos holofotes - Portal do Estado<\/title>\n<meta name=\"robots\" content=\"index, follow, max-snippet:-1, max-image-preview:large, max-video-preview:-1\" \/>\n<link rel=\"canonical\" href=\"https:\/\/portaldoestado.com.br\/index.php\/2026\/05\/01\/camila-queiroz-revela-rosto-da-filha-pela-primeira-vez-e-comenta-fase-longe-dos-holofotes\/\" \/>\n<meta property=\"og:locale\" content=\"pt_BR\" \/>\n<meta property=\"og:type\" content=\"article\" \/>\n<meta property=\"og:title\" content=\"Camila Queiroz revela rosto da filha pela primeira vez e comenta fase longe dos holofotes - Portal do Estado\" \/>\n<meta property=\"og:description\" content=\"A atriz Camila Queiroz decidiu apresentar ao p\u00fablico, pela primeira vez, o rosto da filha Clara em uma entrevista \u00e0 Marie Claire. A menina \u00e9 fruto do casamento com Klebber Toledo, e vinha sendo mantida longe das redes sociais desde o nascimento. Durante a conversa, Camila explicou que optou por um in\u00edcio de maternidade mais \u2026\" \/>\n<meta property=\"og:url\" content=\"https:\/\/portaldoestado.com.br\/index.php\/2026\/05\/01\/camila-queiroz-revela-rosto-da-filha-pela-primeira-vez-e-comenta-fase-longe-dos-holofotes\/\" \/>\n<meta property=\"og:site_name\" content=\"Portal do Estado\" \/>\n<meta property=\"article:published_time\" content=\"2026-05-01T00:10:56+00:00\" \/>\n<meta property=\"og:image\" content=\"https:\/\/portaldoestado.com.br\/wp-content\/uploads\/2026\/05\/WhatsApp-Image-2026-04-30-at-10.05.51-615x407-1.jpeg\" \/>\n\t<meta property=\"og:image:width\" content=\"615\" \/>\n\t<meta property=\"og:image:height\" content=\"407\" \/>\n\t<meta property=\"og:image:type\" content=\"image\/jpeg\" \/>\n<meta name=\"author\" content=\"assessoriadefamosos\" \/>\n<meta name=\"twitter:card\" content=\"summary_large_image\" \/>\n<meta name=\"twitter:label1\" content=\"Escrito por\" \/>\n\t<meta name=\"twitter:data1\" content=\"assessoriadefamosos\" \/>\n\t<meta name=\"twitter:label2\" content=\"Est. tempo de leitura\" \/>\n\t<meta name=\"twitter:data2\" content=\"1 minuto\" \/>\n<script type=\"application\/ld+json\" class=\"yoast-schema-graph\">{\"@context\":\"https:\/\/schema.org\",\"@graph\":[{\"@type\":\"Article\",\"@id\":\"https:\/\/portaldoestado.com.br\/index.php\/2026\/05\/01\/camila-queiroz-revela-rosto-da-filha-pela-primeira-vez-e-comenta-fase-longe-dos-holofotes\/#article\",\"isPartOf\":{\"@id\":\"https:\/\/portaldoestado.com.br\/index.php\/2026\/05\/01\/camila-queiroz-revela-rosto-da-filha-pela-primeira-vez-e-comenta-fase-longe-dos-holofotes\/\"},\"author\":{\"name\":\"assessoriadefamosos\",\"@id\":\"https:\/\/portaldoestado.com.br\/#\/schema\/person\/5ca0174f3c8c84b59da62ea14b698cb9\"},\"headline\":\"Camila Queiroz revela rosto da filha pela primeira vez e comenta fase longe dos holofotes\",\"datePublished\":\"2026-05-01T00:10:56+00:00\",\"mainEntityOfPage\":{\"@id\":\"https:\/\/portaldoestado.com.br\/index.php\/2026\/05\/01\/camila-queiroz-revela-rosto-da-filha-pela-primeira-vez-e-comenta-fase-longe-dos-holofotes\/\"},\"wordCount\":296,\"publisher\":{\"@id\":\"https:\/\/portaldoestado.com.br\/#organization\"},\"image\":{\"@id\":\"https:\/\/portaldoestado.com.br\/index.php\/2026\/05\/01\/camila-queiroz-revela-rosto-da-filha-pela-primeira-vez-e-comenta-fase-longe-dos-holofotes\/#primaryimage\"},\"thumbnailUrl\":\"https:\/\/portaldoestado.com.br\/wp-content\/uploads\/2026\/05\/WhatsApp-Image-2026-04-30-at-10.05.51-615x407-1.jpeg\",\"articleSection\":[\"Famosos\"],\"inLanguage\":\"pt-BR\"},{\"@type\":\"WebPage\",\"@id\":\"https:\/\/portaldoestado.com.br\/index.php\/2026\/05\/01\/camila-queiroz-revela-rosto-da-filha-pela-primeira-vez-e-comenta-fase-longe-dos-holofotes\/\",\"url\":\"https:\/\/portaldoestado.com.br\/index.php\/2026\/05\/01\/camila-queiroz-revela-rosto-da-filha-pela-primeira-vez-e-comenta-fase-longe-dos-holofotes\/\",\"name\":\"Camila Queiroz revela rosto da filha pela primeira vez e comenta fase longe dos holofotes - Portal do Estado\",\"isPartOf\":{\"@id\":\"https:\/\/portaldoestado.com.br\/#website\"},\"primaryImageOfPage\":{\"@id\":\"https:\/\/portaldoestado.com.br\/index.php\/2026\/05\/01\/camila-queiroz-revela-rosto-da-filha-pela-primeira-vez-e-comenta-fase-longe-dos-holofotes\/#primaryimage\"},\"image\":{\"@id\":\"https:\/\/portaldoestado.com.br\/index.php\/2026\/05\/01\/camila-queiroz-revela-rosto-da-filha-pela-primeira-vez-e-comenta-fase-longe-dos-holofotes\/#primaryimage\"},\"thumbnailUrl\":\"https:\/\/portaldoestado.com.br\/wp-content\/uploads\/2026\/05\/WhatsApp-Image-2026-04-30-at-10.05.51-615x407-1.jpeg\",\"datePublished\":\"2026-05-01T00:10:56+00:00\",\"breadcrumb\":{\"@id\":\"https:\/\/portaldoestado.com.br\/index.php\/2026\/05\/01\/camila-queiroz-revela-rosto-da-filha-pela-primeira-vez-e-comenta-fase-longe-dos-holofotes\/#breadcrumb\"},\"inLanguage\":\"pt-BR\",\"potentialAction\":[{\"@type\":\"ReadAction\",\"target\":[\"https:\/\/portaldoestado.com.br\/index.php\/2026\/05\/01\/camila-queiroz-revela-rosto-da-filha-pela-primeira-vez-e-comenta-fase-longe-dos-holofotes\/\"]}]},{\"@type\":\"ImageObject\",\"inLanguage\":\"pt-BR\",\"@id\":\"https:\/\/portaldoestado.com.br\/index.php\/2026\/05\/01\/camila-queiroz-revela-rosto-da-filha-pela-primeira-vez-e-comenta-fase-longe-dos-holofotes\/#primaryimage\",\"url\":\"https:\/\/portaldoestado.com.br\/wp-content\/uploads\/2026\/05\/WhatsApp-Image-2026-04-30-at-10.05.51-615x407-1.jpeg\",\"contentUrl\":\"https:\/\/portaldoestado.com.br\/wp-content\/uploads\/2026\/05\/WhatsApp-Image-2026-04-30-at-10.05.51-615x407-1.jpeg\",\"width\":615,\"height\":407},{\"@type\":\"BreadcrumbList\",\"@id\":\"https:\/\/portaldoestado.com.br\/index.php\/2026\/05\/01\/camila-queiroz-revela-rosto-da-filha-pela-primeira-vez-e-comenta-fase-longe-dos-holofotes\/#breadcrumb\",\"itemListElement\":[{\"@type\":\"ListItem\",\"position\":1,\"name\":\"In\u00edcio\",\"item\":\"https:\/\/portaldoestado.com.br\/\"},{\"@type\":\"ListItem\",\"position\":2,\"name\":\"Camila Queiroz revela rosto da filha pela primeira vez e comenta fase longe dos holofotes\"}]},{\"@type\":\"WebSite\",\"@id\":\"https:\/\/portaldoestado.com.br\/#website\",\"url\":\"https:\/\/portaldoestado.com.br\/\",\"name\":\"Portal do Estado\",\"description\":\"\",\"publisher\":{\"@id\":\"https:\/\/portaldoestado.com.br\/#organization\"},\"potentialAction\":[{\"@type\":\"SearchAction\",\"target\":{\"@type\":\"EntryPoint\",\"urlTemplate\":\"https:\/\/portaldoestado.com.br\/?s={search_term_string}\"},\"query-input\":{\"@type\":\"PropertyValueSpecification\",\"valueRequired\":true,\"valueName\":\"search_term_string\"}}],\"inLanguage\":\"pt-BR\"},{\"@type\":\"Organization\",\"@id\":\"https:\/\/portaldoestado.com.br\/#organization\",\"name\":\"Portal do Estado\",\"url\":\"https:\/\/portaldoestado.com.br\/\",\"logo\":{\"@type\":\"ImageObject\",\"inLanguage\":\"pt-BR\",\"@id\":\"https:\/\/portaldoestado.com.br\/#\/schema\/logo\/image\/\",\"url\":\"https:\/\/portaldoestado.com.br\/wp-content\/uploads\/2025\/04\/cropped-6f69b19a-6472-43bf-b1b3-e1910bbbd4e8.png\",\"contentUrl\":\"https:\/\/portaldoestado.com.br\/wp-content\/uploads\/2025\/04\/cropped-6f69b19a-6472-43bf-b1b3-e1910bbbd4e8.png\",\"width\":1024,\"height\":350,\"caption\":\"Portal do Estado\"},\"image\":{\"@id\":\"https:\/\/portaldoestado.com.br\/#\/schema\/logo\/image\/\"}},{\"@type\":\"Person\",\"@id\":\"https:\/\/portaldoestado.com.br\/#\/schema\/person\/5ca0174f3c8c84b59da62ea14b698cb9\",\"name\":\"assessoriadefamosos\",\"image\":{\"@type\":\"ImageObject\",\"inLanguage\":\"pt-BR\",\"@id\":\"https:\/\/portaldoestado.com.br\/#\/schema\/person\/image\/\",\"url\":\"https:\/\/secure.gravatar.com\/avatar\/a7acbdffcfbbae7240e59f47fe511ec5f5d8c252c779f0b8d9ab02a9e1d8c5ed?s=96&d=mm&r=g\",\"contentUrl\":\"https:\/\/secure.gravatar.com\/avatar\/a7acbdffcfbbae7240e59f47fe511ec5f5d8c252c779f0b8d9ab02a9e1d8c5ed?s=96&d=mm&r=g\",\"caption\":\"assessoriadefamosos\"},\"url\":\"https:\/\/portaldoestado.com.br\/index.php\/author\/assessoriadefamosos\/\"}]}<\/script>\n<!-- \/ Yoast SEO plugin. -->","yoast_head_json":{"title":"Camila Queiroz revela rosto da filha pela primeira vez e comenta fase longe dos holofotes - Portal do Estado","robots":{"index":"index","follow":"follow","max-snippet":"max-snippet:-1","max-image-preview":"max-image-preview:large","max-video-preview":"max-video-preview:-1"},"canonical":"https:\/\/portaldoestado.com.br\/index.php\/2026\/05\/01\/camila-queiroz-revela-rosto-da-filha-pela-primeira-vez-e-comenta-fase-longe-dos-holofotes\/","og_locale":"pt_BR","og_type":"article","og_title":"Camila Queiroz revela rosto da filha pela primeira vez e comenta fase longe dos holofotes - Portal do Estado","og_description":"A atriz Camila Queiroz decidiu apresentar ao p\u00fablico, pela primeira vez, o rosto da filha Clara em uma entrevista \u00e0 Marie Claire. A menina \u00e9 fruto do casamento com Klebber Toledo, e vinha sendo mantida longe das redes sociais desde o nascimento. Durante a conversa, Camila explicou que optou por um in\u00edcio de maternidade mais \u2026","og_url":"https:\/\/portaldoestado.com.br\/index.php\/2026\/05\/01\/camila-queiroz-revela-rosto-da-filha-pela-primeira-vez-e-comenta-fase-longe-dos-holofotes\/","og_site_name":"Portal do Estado","article_published_time":"2026-05-01T00:10:56+00:00","og_image":[{"width":615,"height":407,"url":"https:\/\/portaldoestado.com.br\/wp-content\/uploads\/2026\/05\/WhatsApp-Image-2026-04-30-at-10.05.51-615x407-1.jpeg","type":"image\/jpeg"}],"author":"assessoriadefamosos","twitter_card":"summary_large_image","twitter_misc":{"Escrito por":"assessoriadefamosos","Est. tempo de leitura":"1 minuto"},"schema":{"@context":"https:\/\/schema.org","@graph":[{"@type":"Article","@id":"https:\/\/portaldoestado.com.br\/index.php\/2026\/05\/01\/camila-queiroz-revela-rosto-da-filha-pela-primeira-vez-e-comenta-fase-longe-dos-holofotes\/#article","isPartOf":{"@id":"https:\/\/portaldoestado.com.br\/index.php\/2026\/05\/01\/camila-queiroz-revela-rosto-da-filha-pela-primeira-vez-e-comenta-fase-longe-dos-holofotes\/"},"author":{"name":"assessoriadefamosos","@id":"https:\/\/portaldoestado.com.br\/#\/schema\/person\/5ca0174f3c8c84b59da62ea14b698cb9"},"headline":"Camila Queiroz revela rosto da filha pela primeira vez e comenta fase longe dos holofotes","datePublished":"2026-05-01T00:10:56+00:00","mainEntityOfPage":{"@id":"https:\/\/portaldoestado.com.br\/index.php\/2026\/05\/01\/camila-queiroz-revela-rosto-da-filha-pela-primeira-vez-e-comenta-fase-longe-dos-holofotes\/"},"wordCount":296,"publisher":{"@id":"https:\/\/portaldoestado.com.br\/#organization"},"image":{"@id":"https:\/\/portaldoestado.com.br\/index.php\/2026\/05\/01\/camila-queiroz-revela-rosto-da-filha-pela-primeira-vez-e-comenta-fase-longe-dos-holofotes\/#primaryimage"},"thumbnailUrl":"https:\/\/portaldoestado.com.br\/wp-content\/uploads\/2026\/05\/WhatsApp-Image-2026-04-30-at-10.05.51-615x407-1.jpeg","articleSection":["Famosos"],"inLanguage":"pt-BR"},{"@type":"WebPage","@id":"https:\/\/portaldoestado.com.br\/index.php\/2026\/05\/01\/camila-queiroz-revela-rosto-da-filha-pela-primeira-vez-e-comenta-fase-longe-dos-holofotes\/","url":"https:\/\/portaldoestado.com.br\/index.php\/2026\/05\/01\/camila-queiroz-revela-rosto-da-filha-pela-primeira-vez-e-comenta-fase-longe-dos-holofotes\/","name":"Camila Queiroz revela rosto da filha pela primeira vez e comenta fase longe dos holofotes - Portal do Estado","isPartOf":{"@id":"https:\/\/portaldoestado.com.br\/#website"},"primaryImageOfPage":{"@id":"https:\/\/portaldoestado.com.br\/index.php\/2026\/05\/01\/camila-queiroz-revela-rosto-da-filha-pela-primeira-vez-e-comenta-fase-longe-dos-holofotes\/#primaryimage"},"image":{"@id":"https:\/\/portaldoestado.com.br\/index.php\/2026\/05\/01\/camila-queiroz-revela-rosto-da-filha-pela-primeira-vez-e-comenta-fase-longe-dos-holofotes\/#primaryimage"},"thumbnailUrl":"https:\/\/portaldoestado.com.br\/wp-content\/uploads\/2026\/05\/WhatsApp-Image-2026-04-30-at-10.05.51-615x407-1.jpeg","datePublished":"2026-05-01T00:10:56+00:00","breadcrumb":{"@id":"https:\/\/portaldoestado.com.br\/index.php\/2026\/05\/01\/camila-queiroz-revela-rosto-da-filha-pela-primeira-vez-e-comenta-fase-longe-dos-holofotes\/#breadcrumb"},"inLanguage":"pt-BR","potentialAction":[{"@type":"ReadAction","target":["https:\/\/portaldoestado.com.br\/index.php\/2026\/05\/01\/camila-queiroz-revela-rosto-da-filha-pela-primeira-vez-e-comenta-fase-longe-dos-holofotes\/"]}]},{"@type":"ImageObject","inLanguage":"pt-BR","@id":"https:\/\/portaldoestado.com.br\/index.php\/2026\/05\/01\/camila-queiroz-revela-rosto-da-filha-pela-primeira-vez-e-comenta-fase-longe-dos-holofotes\/#primaryimage","url":"https:\/\/portaldoestado.com.br\/wp-content\/uploads\/2026\/05\/WhatsApp-Image-2026-04-30-at-10.05.51-615x407-1.jpeg","contentUrl":"https:\/\/portaldoestado.com.br\/wp-content\/uploads\/2026\/05\/WhatsApp-Image-2026-04-30-at-10.05.51-615x407-1.jpeg","width":615,"height":407},{"@type":"BreadcrumbList","@id":"https:\/\/portaldoestado.com.br\/index.php\/2026\/05\/01\/camila-queiroz-revela-rosto-da-filha-pela-primeira-vez-e-comenta-fase-longe-dos-holofotes\/#breadcrumb","itemListElement":[{"@type":"ListItem","position":1,"name":"In\u00edcio","item":"https:\/\/portaldoestado.com.br\/"},{"@type":"ListItem","position":2,"name":"Camila Queiroz revela rosto da filha pela primeira vez e comenta fase longe dos holofotes"}]},{"@type":"WebSite","@id":"https:\/\/portaldoestado.com.br\/#website","url":"https:\/\/portaldoestado.com.br\/","name":"Portal do Estado","description":"","publisher":{"@id":"https:\/\/portaldoestado.com.br\/#organization"},"potentialAction":[{"@type":"SearchAction","target":{"@type":"EntryPoint","urlTemplate":"https:\/\/portaldoestado.com.br\/?s={search_term_string}"},"query-input":{"@type":"PropertyValueSpecification","valueRequired":true,"valueName":"search_term_string"}}],"inLanguage":"pt-BR"},{"@type":"Organization","@id":"https:\/\/portaldoestado.com.br\/#organization","name":"Portal do Estado","url":"https:\/\/portaldoestado.com.br\/","logo":{"@type":"ImageObject","inLanguage":"pt-BR","@id":"https:\/\/portaldoestado.com.br\/#\/schema\/logo\/image\/","url":"https:\/\/portaldoestado.com.br\/wp-content\/uploads\/2025\/04\/cropped-6f69b19a-6472-43bf-b1b3-e1910bbbd4e8.png","contentUrl":"https:\/\/portaldoestado.com.br\/wp-content\/uploads\/2025\/04\/cropped-6f69b19a-6472-43bf-b1b3-e1910bbbd4e8.png","width":1024,"height":350,"caption":"Portal do Estado"},"image":{"@id":"https:\/\/portaldoestado.com.br\/#\/schema\/logo\/image\/"}},{"@type":"Person","@id":"https:\/\/portaldoestado.com.br\/#\/schema\/person\/5ca0174f3c8c84b59da62ea14b698cb9","name":"assessoriadefamosos","image":{"@type":"ImageObject","inLanguage":"pt-BR","@id":"https:\/\/portaldoestado.com.br\/#\/schema\/person\/image\/","url":"https:\/\/secure.gravatar.com\/avatar\/a7acbdffcfbbae7240e59f47fe511ec5f5d8c252c779f0b8d9ab02a9e1d8c5ed?s=96&d=mm&r=g","contentUrl":"https:\/\/secure.gravatar.com\/avatar\/a7acbdffcfbbae7240e59f47fe511ec5f5d8c252c779f0b8d9ab02a9e1d8c5ed?s=96&d=mm&r=g","caption":"assessoriadefamosos"},"url":"https:\/\/portaldoestado.com.br\/index.php\/author\/assessoriadefamosos\/"}]}},"jetpack_featured_media_url":"https:\/\/portaldoestado.com.br\/wp-content\/uploads\/2026\/05\/WhatsApp-Image-2026-04-30-at-10.05.51-615x407-1.jpeg","_links":{"self":[{"href":"https:\/\/portaldoestado.com.br\/index.php\/wp-json\/wp\/v2\/posts\/8809","targetHints":{"allow":["GET"]}}],"collection":[{"href":"https:\/\/portaldoestado.com.br\/index.php\/wp-json\/wp\/v2\/posts"}],"about":[{"href":"https:\/\/portaldoestado.com.br\/index.php\/wp-json\/wp\/v2\/types\/post"}],"author":[{"embeddable":true,"href":"https:\/\/portaldoestado.com.br\/index.php\/wp-json\/wp\/v2\/users\/2"}],"replies":[{"embeddable":true,"href":"https:\/\/portaldoestado.com.br\/index.php\/wp-json\/wp\/v2\/comments?post=8809"}],"version-history":[{"count":1,"href":"https:\/\/portaldoestado.com.br\/index.php\/wp-json\/wp\/v2\/posts\/8809\/revisions"}],"predecessor-version":[{"id":8810,"href":"https:\/\/portaldoestado.com.br\/index.php\/wp-json\/wp\/v2\/posts\/8809\/revisions\/8810"}],"wp:featuredmedia":[{"embeddable":true,"href":"https:\/\/portaldoestado.com.br\/index.php\/wp-json\/wp\/v2\/media\/8808"}],"wp:attachment":[{"href":"https:\/\/portaldoestado.com.br\/index.php\/wp-json\/wp\/v2\/media?parent=8809"}],"wp:term":[{"taxonomy":"category","embeddable":true,"href":"https:\/\/portaldoestado.com.br\/index.php\/wp-json\/wp\/v2\/categories?post=8809"},{"taxonomy":"post_tag","embeddable":true,"href":"https:\/\/portaldoestado.com.br\/index.php\/wp-json\/wp\/v2\/tags?post=8809"}],"curies":[{"name":"wp","href":"https:\/\/api.w.org\/{rel}","templated":true}]}}