{"id":8806,"date":"2026-05-01T00:04:23","date_gmt":"2026-05-01T00:04:23","guid":{"rendered":"https:\/\/portaldoestado.com.br\/?p=8806"},"modified":"2026-05-01T00:04:23","modified_gmt":"2026-05-01T00:04:23","slug":"cirurgia-plastica-em-adolescentes-limites-cuidados-e-o-debate-reacendido-por-rafa-justus","status":"publish","type":"post","link":"https:\/\/portaldoestado.com.br\/index.php\/2026\/05\/01\/cirurgia-plastica-em-adolescentes-limites-cuidados-e-o-debate-reacendido-por-rafa-justus\/","title":{"rendered":"Cirurgia pl\u00e1stica em adolescentes: limites, cuidados e o debate reacendido por Rafa Justus"},"content":{"rendered":"\n<p>A realiza\u00e7\u00e3o de mais uma rinoplastia por Rafaella Justus, aos 16 anos, voltou a colocar em evid\u00eancia um tema sens\u00edvel: at\u00e9 que ponto adolescentes podem recorrer a cirurgias pl\u00e1sticas e quais s\u00e3o os crit\u00e9rios exigidos no Brasil. A influenciadora j\u00e1 havia passado por um procedimento anterior no nariz aos 14 anos, associado \u00e0 corre\u00e7\u00e3o de desvio de septo, al\u00e9m de uma cirurgia ortogn\u00e1tica para ajustar a estrutura da mand\u00edbula.<\/p>\n\n\n\n<p>De acordo com especialistas, interven\u00e7\u00f5es desse tipo n\u00e3o s\u00e3o proibidas para menores de idade, mas seguem protocolos r\u00edgidos que envolvem avalia\u00e7\u00e3o m\u00e9dica detalhada, an\u00e1lise emocional e respaldo legal.<\/p>\n\n\n\n<p>Na pr\u00e1tica, o primeiro passo \u00e9 a consulta com o cirurgi\u00e3o pl\u00e1stico, que avalia tanto a queixa do paciente quanto a viabilidade do procedimento. Em adolescentes, esse processo exige aten\u00e7\u00e3o redobrada ao est\u00e1gio de crescimento corporal, especialmente no caso de cirurgias faciais. Exames cl\u00ednicos e laboratoriais fazem parte da rotina, e o suporte psicol\u00f3gico pode ser indicado em situa\u00e7\u00f5es espec\u00edficas.<\/p>\n\n\n\n<p>Embora n\u00e3o exista uma idade m\u00ednima definida em lei para a realiza\u00e7\u00e3o de rinoplastia, a recomenda\u00e7\u00e3o m\u00e9dica \u00e9 aguardar o t\u00e9rmino quase completo do desenvolvimento facial \u2014 o que costuma ocorrer por volta dos 15 a 16 anos em meninas e um pouco mais tarde em meninos.<\/p>\n\n\n\n<p>Outro ponto central \u00e9 a finalidade da cirurgia. Procedimentos com car\u00e1ter funcional, como a corre\u00e7\u00e3o de dificuldades respirat\u00f3rias, tendem a ser mais facilmente indicados. J\u00e1 interven\u00e7\u00f5es puramente est\u00e9ticas exigem uma an\u00e1lise mais criteriosa, principalmente quando envolvem pacientes jovens. Em muitos casos, no entanto, os dois objetivos podem coexistir.<\/p>\n\n\n\n<p>No \u00e2mbito jur\u00eddico, a decis\u00e3o n\u00e3o cabe exclusivamente ao adolescente. A autoriza\u00e7\u00e3o dos respons\u00e1veis legais \u00e9 obrigat\u00f3ria, mas deve ser acompanhada de um consentimento informado, no qual o m\u00e9dico detalha riscos, benef\u00edcios, limita\u00e7\u00f5es e cuidados no p\u00f3s-operat\u00f3rio. Esse processo segue diretrizes do Estatuto da Crian\u00e7a e do Adolescente e das normas \u00e9ticas da medicina.<\/p>\n\n\n\n<p>A maturidade emocional tamb\u00e9m pesa na decis\u00e3o. Especialistas alertam para a influ\u00eancia das redes sociais e para a necessidade de alinhar expectativas com a realidade. Quando h\u00e1 sinais de press\u00e3o externa ou insatisfa\u00e7\u00e3o desproporcional com a apar\u00eancia, a avalia\u00e7\u00e3o psicol\u00f3gica pode ser determinante.<\/p>\n\n\n\n<p>Al\u00e9m disso, o Judici\u00e1rio pode intervir em situa\u00e7\u00f5es consideradas de risco, especialmente se houver d\u00favidas sobre a real necessidade da cirurgia ou sobre o bem-estar do adolescente.<\/p>\n\n\n\n<p>A exposi\u00e7\u00e3o desses procedimentos na internet tamb\u00e9m levanta questionamentos. M\u00e9dicos e cl\u00ednicas devem agir com cautela para n\u00e3o ferir princ\u00edpios \u00e9ticos nem comprometer a privacidade de menores.<\/p>\n\n\n\n<p>Por fim, vale destacar que cirurgias realizadas ainda na adolesc\u00eancia podem exigir ajustes futuros, j\u00e1 que o corpo continua em desenvolvimento. Ainda assim, quando todos os crit\u00e9rios s\u00e3o respeitados, os riscos tendem a ser baixos e compar\u00e1veis aos de pacientes adultos.<\/p>\n","protected":false},"excerpt":{"rendered":"<p>A realiza\u00e7\u00e3o de mais uma rinoplastia por Rafaella Justus, aos 16 anos, voltou a colocar em evid\u00eancia um tema sens\u00edvel: at\u00e9 que ponto adolescentes podem recorrer a cirurgias pl\u00e1sticas e quais s\u00e3o os crit\u00e9rios exigidos no Brasil. A influenciadora j\u00e1 havia passado por um procedimento anterior no nariz aos 14 anos, associado \u00e0 corre\u00e7\u00e3o de \u2026<\/p>\n","protected":false},"author":2,"featured_media":8805,"comment_status":"closed","ping_status":"open","sticky":false,"template":"","format":"standard","meta":{"footnotes":""},"categories":[3],"tags":[],"class_list":["post-8806","post","type-post","status-publish","format-standard","has-post-thumbnail","hentry","category-famosos"],"yoast_head":"<!-- This site is optimized with the Yoast SEO plugin v25.5 - https:\/\/yoast.com\/wordpress\/plugins\/seo\/ -->\n<title>Cirurgia pl\u00e1stica em adolescentes: limites, cuidados e o debate reacendido por Rafa Justus - Portal do Estado<\/title>\n<meta name=\"robots\" content=\"index, follow, max-snippet:-1, max-image-preview:large, max-video-preview:-1\" \/>\n<link rel=\"canonical\" href=\"https:\/\/portaldoestado.com.br\/index.php\/2026\/05\/01\/cirurgia-plastica-em-adolescentes-limites-cuidados-e-o-debate-reacendido-por-rafa-justus\/\" \/>\n<meta property=\"og:locale\" content=\"pt_BR\" \/>\n<meta property=\"og:type\" content=\"article\" \/>\n<meta property=\"og:title\" content=\"Cirurgia pl\u00e1stica em adolescentes: limites, cuidados e o debate reacendido por Rafa Justus - Portal do Estado\" \/>\n<meta property=\"og:description\" content=\"A realiza\u00e7\u00e3o de mais uma rinoplastia por Rafaella Justus, aos 16 anos, voltou a colocar em evid\u00eancia um tema sens\u00edvel: at\u00e9 que ponto adolescentes podem recorrer a cirurgias pl\u00e1sticas e quais s\u00e3o os crit\u00e9rios exigidos no Brasil. A influenciadora j\u00e1 havia passado por um procedimento anterior no nariz aos 14 anos, associado \u00e0 corre\u00e7\u00e3o de \u2026\" \/>\n<meta property=\"og:url\" content=\"https:\/\/portaldoestado.com.br\/index.php\/2026\/05\/01\/cirurgia-plastica-em-adolescentes-limites-cuidados-e-o-debate-reacendido-por-rafa-justus\/\" \/>\n<meta property=\"og:site_name\" content=\"Portal do Estado\" \/>\n<meta property=\"article:published_time\" content=\"2026-05-01T00:04:23+00:00\" \/>\n<meta property=\"og:image\" content=\"https:\/\/portaldoestado.com.br\/wp-content\/uploads\/2026\/05\/Captura-de-Tela-2026-04-28-as-01.27.30-615x462-1.png\" \/>\n\t<meta property=\"og:image:width\" content=\"615\" \/>\n\t<meta property=\"og:image:height\" content=\"462\" \/>\n\t<meta property=\"og:image:type\" content=\"image\/png\" \/>\n<meta name=\"author\" content=\"assessoriadefamosos\" \/>\n<meta name=\"twitter:card\" content=\"summary_large_image\" \/>\n<meta name=\"twitter:label1\" content=\"Escrito por\" \/>\n\t<meta name=\"twitter:data1\" content=\"assessoriadefamosos\" \/>\n\t<meta name=\"twitter:label2\" content=\"Est. tempo de leitura\" \/>\n\t<meta name=\"twitter:data2\" content=\"3 minutos\" \/>\n<script type=\"application\/ld+json\" class=\"yoast-schema-graph\">{\"@context\":\"https:\/\/schema.org\",\"@graph\":[{\"@type\":\"Article\",\"@id\":\"https:\/\/portaldoestado.com.br\/index.php\/2026\/05\/01\/cirurgia-plastica-em-adolescentes-limites-cuidados-e-o-debate-reacendido-por-rafa-justus\/#article\",\"isPartOf\":{\"@id\":\"https:\/\/portaldoestado.com.br\/index.php\/2026\/05\/01\/cirurgia-plastica-em-adolescentes-limites-cuidados-e-o-debate-reacendido-por-rafa-justus\/\"},\"author\":{\"name\":\"assessoriadefamosos\",\"@id\":\"https:\/\/portaldoestado.com.br\/#\/schema\/person\/5ca0174f3c8c84b59da62ea14b698cb9\"},\"headline\":\"Cirurgia pl\u00e1stica em adolescentes: limites, cuidados e o debate reacendido por Rafa Justus\",\"datePublished\":\"2026-05-01T00:04:23+00:00\",\"mainEntityOfPage\":{\"@id\":\"https:\/\/portaldoestado.com.br\/index.php\/2026\/05\/01\/cirurgia-plastica-em-adolescentes-limites-cuidados-e-o-debate-reacendido-por-rafa-justus\/\"},\"wordCount\":520,\"publisher\":{\"@id\":\"https:\/\/portaldoestado.com.br\/#organization\"},\"image\":{\"@id\":\"https:\/\/portaldoestado.com.br\/index.php\/2026\/05\/01\/cirurgia-plastica-em-adolescentes-limites-cuidados-e-o-debate-reacendido-por-rafa-justus\/#primaryimage\"},\"thumbnailUrl\":\"https:\/\/portaldoestado.com.br\/wp-content\/uploads\/2026\/05\/Captura-de-Tela-2026-04-28-as-01.27.30-615x462-1.png\",\"articleSection\":[\"Famosos\"],\"inLanguage\":\"pt-BR\"},{\"@type\":\"WebPage\",\"@id\":\"https:\/\/portaldoestado.com.br\/index.php\/2026\/05\/01\/cirurgia-plastica-em-adolescentes-limites-cuidados-e-o-debate-reacendido-por-rafa-justus\/\",\"url\":\"https:\/\/portaldoestado.com.br\/index.php\/2026\/05\/01\/cirurgia-plastica-em-adolescentes-limites-cuidados-e-o-debate-reacendido-por-rafa-justus\/\",\"name\":\"Cirurgia pl\u00e1stica em adolescentes: limites, cuidados e o debate reacendido por Rafa Justus - Portal do Estado\",\"isPartOf\":{\"@id\":\"https:\/\/portaldoestado.com.br\/#website\"},\"primaryImageOfPage\":{\"@id\":\"https:\/\/portaldoestado.com.br\/index.php\/2026\/05\/01\/cirurgia-plastica-em-adolescentes-limites-cuidados-e-o-debate-reacendido-por-rafa-justus\/#primaryimage\"},\"image\":{\"@id\":\"https:\/\/portaldoestado.com.br\/index.php\/2026\/05\/01\/cirurgia-plastica-em-adolescentes-limites-cuidados-e-o-debate-reacendido-por-rafa-justus\/#primaryimage\"},\"thumbnailUrl\":\"https:\/\/portaldoestado.com.br\/wp-content\/uploads\/2026\/05\/Captura-de-Tela-2026-04-28-as-01.27.30-615x462-1.png\",\"datePublished\":\"2026-05-01T00:04:23+00:00\",\"breadcrumb\":{\"@id\":\"https:\/\/portaldoestado.com.br\/index.php\/2026\/05\/01\/cirurgia-plastica-em-adolescentes-limites-cuidados-e-o-debate-reacendido-por-rafa-justus\/#breadcrumb\"},\"inLanguage\":\"pt-BR\",\"potentialAction\":[{\"@type\":\"ReadAction\",\"target\":[\"https:\/\/portaldoestado.com.br\/index.php\/2026\/05\/01\/cirurgia-plastica-em-adolescentes-limites-cuidados-e-o-debate-reacendido-por-rafa-justus\/\"]}]},{\"@type\":\"ImageObject\",\"inLanguage\":\"pt-BR\",\"@id\":\"https:\/\/portaldoestado.com.br\/index.php\/2026\/05\/01\/cirurgia-plastica-em-adolescentes-limites-cuidados-e-o-debate-reacendido-por-rafa-justus\/#primaryimage\",\"url\":\"https:\/\/portaldoestado.com.br\/wp-content\/uploads\/2026\/05\/Captura-de-Tela-2026-04-28-as-01.27.30-615x462-1.png\",\"contentUrl\":\"https:\/\/portaldoestado.com.br\/wp-content\/uploads\/2026\/05\/Captura-de-Tela-2026-04-28-as-01.27.30-615x462-1.png\",\"width\":615,\"height\":462},{\"@type\":\"BreadcrumbList\",\"@id\":\"https:\/\/portaldoestado.com.br\/index.php\/2026\/05\/01\/cirurgia-plastica-em-adolescentes-limites-cuidados-e-o-debate-reacendido-por-rafa-justus\/#breadcrumb\",\"itemListElement\":[{\"@type\":\"ListItem\",\"position\":1,\"name\":\"In\u00edcio\",\"item\":\"https:\/\/portaldoestado.com.br\/\"},{\"@type\":\"ListItem\",\"position\":2,\"name\":\"Cirurgia pl\u00e1stica em adolescentes: limites, cuidados e o debate reacendido por Rafa Justus\"}]},{\"@type\":\"WebSite\",\"@id\":\"https:\/\/portaldoestado.com.br\/#website\",\"url\":\"https:\/\/portaldoestado.com.br\/\",\"name\":\"Portal do Estado\",\"description\":\"\",\"publisher\":{\"@id\":\"https:\/\/portaldoestado.com.br\/#organization\"},\"potentialAction\":[{\"@type\":\"SearchAction\",\"target\":{\"@type\":\"EntryPoint\",\"urlTemplate\":\"https:\/\/portaldoestado.com.br\/?s={search_term_string}\"},\"query-input\":{\"@type\":\"PropertyValueSpecification\",\"valueRequired\":true,\"valueName\":\"search_term_string\"}}],\"inLanguage\":\"pt-BR\"},{\"@type\":\"Organization\",\"@id\":\"https:\/\/portaldoestado.com.br\/#organization\",\"name\":\"Portal do Estado\",\"url\":\"https:\/\/portaldoestado.com.br\/\",\"logo\":{\"@type\":\"ImageObject\",\"inLanguage\":\"pt-BR\",\"@id\":\"https:\/\/portaldoestado.com.br\/#\/schema\/logo\/image\/\",\"url\":\"https:\/\/portaldoestado.com.br\/wp-content\/uploads\/2025\/04\/cropped-6f69b19a-6472-43bf-b1b3-e1910bbbd4e8.png\",\"contentUrl\":\"https:\/\/portaldoestado.com.br\/wp-content\/uploads\/2025\/04\/cropped-6f69b19a-6472-43bf-b1b3-e1910bbbd4e8.png\",\"width\":1024,\"height\":350,\"caption\":\"Portal do Estado\"},\"image\":{\"@id\":\"https:\/\/portaldoestado.com.br\/#\/schema\/logo\/image\/\"}},{\"@type\":\"Person\",\"@id\":\"https:\/\/portaldoestado.com.br\/#\/schema\/person\/5ca0174f3c8c84b59da62ea14b698cb9\",\"name\":\"assessoriadefamosos\",\"image\":{\"@type\":\"ImageObject\",\"inLanguage\":\"pt-BR\",\"@id\":\"https:\/\/portaldoestado.com.br\/#\/schema\/person\/image\/\",\"url\":\"https:\/\/secure.gravatar.com\/avatar\/a7acbdffcfbbae7240e59f47fe511ec5f5d8c252c779f0b8d9ab02a9e1d8c5ed?s=96&d=mm&r=g\",\"contentUrl\":\"https:\/\/secure.gravatar.com\/avatar\/a7acbdffcfbbae7240e59f47fe511ec5f5d8c252c779f0b8d9ab02a9e1d8c5ed?s=96&d=mm&r=g\",\"caption\":\"assessoriadefamosos\"},\"url\":\"https:\/\/portaldoestado.com.br\/index.php\/author\/assessoriadefamosos\/\"}]}<\/script>\n<!-- \/ Yoast SEO plugin. -->","yoast_head_json":{"title":"Cirurgia pl\u00e1stica em adolescentes: limites, cuidados e o debate reacendido por Rafa Justus - Portal do Estado","robots":{"index":"index","follow":"follow","max-snippet":"max-snippet:-1","max-image-preview":"max-image-preview:large","max-video-preview":"max-video-preview:-1"},"canonical":"https:\/\/portaldoestado.com.br\/index.php\/2026\/05\/01\/cirurgia-plastica-em-adolescentes-limites-cuidados-e-o-debate-reacendido-por-rafa-justus\/","og_locale":"pt_BR","og_type":"article","og_title":"Cirurgia pl\u00e1stica em adolescentes: limites, cuidados e o debate reacendido por Rafa Justus - Portal do Estado","og_description":"A realiza\u00e7\u00e3o de mais uma rinoplastia por Rafaella Justus, aos 16 anos, voltou a colocar em evid\u00eancia um tema sens\u00edvel: at\u00e9 que ponto adolescentes podem recorrer a cirurgias pl\u00e1sticas e quais s\u00e3o os crit\u00e9rios exigidos no Brasil. A influenciadora j\u00e1 havia passado por um procedimento anterior no nariz aos 14 anos, associado \u00e0 corre\u00e7\u00e3o de \u2026","og_url":"https:\/\/portaldoestado.com.br\/index.php\/2026\/05\/01\/cirurgia-plastica-em-adolescentes-limites-cuidados-e-o-debate-reacendido-por-rafa-justus\/","og_site_name":"Portal do Estado","article_published_time":"2026-05-01T00:04:23+00:00","og_image":[{"width":615,"height":462,"url":"https:\/\/portaldoestado.com.br\/wp-content\/uploads\/2026\/05\/Captura-de-Tela-2026-04-28-as-01.27.30-615x462-1.png","type":"image\/png"}],"author":"assessoriadefamosos","twitter_card":"summary_large_image","twitter_misc":{"Escrito por":"assessoriadefamosos","Est. tempo de leitura":"3 minutos"},"schema":{"@context":"https:\/\/schema.org","@graph":[{"@type":"Article","@id":"https:\/\/portaldoestado.com.br\/index.php\/2026\/05\/01\/cirurgia-plastica-em-adolescentes-limites-cuidados-e-o-debate-reacendido-por-rafa-justus\/#article","isPartOf":{"@id":"https:\/\/portaldoestado.com.br\/index.php\/2026\/05\/01\/cirurgia-plastica-em-adolescentes-limites-cuidados-e-o-debate-reacendido-por-rafa-justus\/"},"author":{"name":"assessoriadefamosos","@id":"https:\/\/portaldoestado.com.br\/#\/schema\/person\/5ca0174f3c8c84b59da62ea14b698cb9"},"headline":"Cirurgia pl\u00e1stica em adolescentes: limites, cuidados e o debate reacendido por Rafa Justus","datePublished":"2026-05-01T00:04:23+00:00","mainEntityOfPage":{"@id":"https:\/\/portaldoestado.com.br\/index.php\/2026\/05\/01\/cirurgia-plastica-em-adolescentes-limites-cuidados-e-o-debate-reacendido-por-rafa-justus\/"},"wordCount":520,"publisher":{"@id":"https:\/\/portaldoestado.com.br\/#organization"},"image":{"@id":"https:\/\/portaldoestado.com.br\/index.php\/2026\/05\/01\/cirurgia-plastica-em-adolescentes-limites-cuidados-e-o-debate-reacendido-por-rafa-justus\/#primaryimage"},"thumbnailUrl":"https:\/\/portaldoestado.com.br\/wp-content\/uploads\/2026\/05\/Captura-de-Tela-2026-04-28-as-01.27.30-615x462-1.png","articleSection":["Famosos"],"inLanguage":"pt-BR"},{"@type":"WebPage","@id":"https:\/\/portaldoestado.com.br\/index.php\/2026\/05\/01\/cirurgia-plastica-em-adolescentes-limites-cuidados-e-o-debate-reacendido-por-rafa-justus\/","url":"https:\/\/portaldoestado.com.br\/index.php\/2026\/05\/01\/cirurgia-plastica-em-adolescentes-limites-cuidados-e-o-debate-reacendido-por-rafa-justus\/","name":"Cirurgia pl\u00e1stica em adolescentes: limites, cuidados e o debate reacendido por Rafa Justus - Portal do Estado","isPartOf":{"@id":"https:\/\/portaldoestado.com.br\/#website"},"primaryImageOfPage":{"@id":"https:\/\/portaldoestado.com.br\/index.php\/2026\/05\/01\/cirurgia-plastica-em-adolescentes-limites-cuidados-e-o-debate-reacendido-por-rafa-justus\/#primaryimage"},"image":{"@id":"https:\/\/portaldoestado.com.br\/index.php\/2026\/05\/01\/cirurgia-plastica-em-adolescentes-limites-cuidados-e-o-debate-reacendido-por-rafa-justus\/#primaryimage"},"thumbnailUrl":"https:\/\/portaldoestado.com.br\/wp-content\/uploads\/2026\/05\/Captura-de-Tela-2026-04-28-as-01.27.30-615x462-1.png","datePublished":"2026-05-01T00:04:23+00:00","breadcrumb":{"@id":"https:\/\/portaldoestado.com.br\/index.php\/2026\/05\/01\/cirurgia-plastica-em-adolescentes-limites-cuidados-e-o-debate-reacendido-por-rafa-justus\/#breadcrumb"},"inLanguage":"pt-BR","potentialAction":[{"@type":"ReadAction","target":["https:\/\/portaldoestado.com.br\/index.php\/2026\/05\/01\/cirurgia-plastica-em-adolescentes-limites-cuidados-e-o-debate-reacendido-por-rafa-justus\/"]}]},{"@type":"ImageObject","inLanguage":"pt-BR","@id":"https:\/\/portaldoestado.com.br\/index.php\/2026\/05\/01\/cirurgia-plastica-em-adolescentes-limites-cuidados-e-o-debate-reacendido-por-rafa-justus\/#primaryimage","url":"https:\/\/portaldoestado.com.br\/wp-content\/uploads\/2026\/05\/Captura-de-Tela-2026-04-28-as-01.27.30-615x462-1.png","contentUrl":"https:\/\/portaldoestado.com.br\/wp-content\/uploads\/2026\/05\/Captura-de-Tela-2026-04-28-as-01.27.30-615x462-1.png","width":615,"height":462},{"@type":"BreadcrumbList","@id":"https:\/\/portaldoestado.com.br\/index.php\/2026\/05\/01\/cirurgia-plastica-em-adolescentes-limites-cuidados-e-o-debate-reacendido-por-rafa-justus\/#breadcrumb","itemListElement":[{"@type":"ListItem","position":1,"name":"In\u00edcio","item":"https:\/\/portaldoestado.com.br\/"},{"@type":"ListItem","position":2,"name":"Cirurgia pl\u00e1stica em adolescentes: limites, cuidados e o debate reacendido por Rafa Justus"}]},{"@type":"WebSite","@id":"https:\/\/portaldoestado.com.br\/#website","url":"https:\/\/portaldoestado.com.br\/","name":"Portal do Estado","description":"","publisher":{"@id":"https:\/\/portaldoestado.com.br\/#organization"},"potentialAction":[{"@type":"SearchAction","target":{"@type":"EntryPoint","urlTemplate":"https:\/\/portaldoestado.com.br\/?s={search_term_string}"},"query-input":{"@type":"PropertyValueSpecification","valueRequired":true,"valueName":"search_term_string"}}],"inLanguage":"pt-BR"},{"@type":"Organization","@id":"https:\/\/portaldoestado.com.br\/#organization","name":"Portal do Estado","url":"https:\/\/portaldoestado.com.br\/","logo":{"@type":"ImageObject","inLanguage":"pt-BR","@id":"https:\/\/portaldoestado.com.br\/#\/schema\/logo\/image\/","url":"https:\/\/portaldoestado.com.br\/wp-content\/uploads\/2025\/04\/cropped-6f69b19a-6472-43bf-b1b3-e1910bbbd4e8.png","contentUrl":"https:\/\/portaldoestado.com.br\/wp-content\/uploads\/2025\/04\/cropped-6f69b19a-6472-43bf-b1b3-e1910bbbd4e8.png","width":1024,"height":350,"caption":"Portal do Estado"},"image":{"@id":"https:\/\/portaldoestado.com.br\/#\/schema\/logo\/image\/"}},{"@type":"Person","@id":"https:\/\/portaldoestado.com.br\/#\/schema\/person\/5ca0174f3c8c84b59da62ea14b698cb9","name":"assessoriadefamosos","image":{"@type":"ImageObject","inLanguage":"pt-BR","@id":"https:\/\/portaldoestado.com.br\/#\/schema\/person\/image\/","url":"https:\/\/secure.gravatar.com\/avatar\/a7acbdffcfbbae7240e59f47fe511ec5f5d8c252c779f0b8d9ab02a9e1d8c5ed?s=96&d=mm&r=g","contentUrl":"https:\/\/secure.gravatar.com\/avatar\/a7acbdffcfbbae7240e59f47fe511ec5f5d8c252c779f0b8d9ab02a9e1d8c5ed?s=96&d=mm&r=g","caption":"assessoriadefamosos"},"url":"https:\/\/portaldoestado.com.br\/index.php\/author\/assessoriadefamosos\/"}]}},"jetpack_featured_media_url":"https:\/\/portaldoestado.com.br\/wp-content\/uploads\/2026\/05\/Captura-de-Tela-2026-04-28-as-01.27.30-615x462-1.png","_links":{"self":[{"href":"https:\/\/portaldoestado.com.br\/index.php\/wp-json\/wp\/v2\/posts\/8806","targetHints":{"allow":["GET"]}}],"collection":[{"href":"https:\/\/portaldoestado.com.br\/index.php\/wp-json\/wp\/v2\/posts"}],"about":[{"href":"https:\/\/portaldoestado.com.br\/index.php\/wp-json\/wp\/v2\/types\/post"}],"author":[{"embeddable":true,"href":"https:\/\/portaldoestado.com.br\/index.php\/wp-json\/wp\/v2\/users\/2"}],"replies":[{"embeddable":true,"href":"https:\/\/portaldoestado.com.br\/index.php\/wp-json\/wp\/v2\/comments?post=8806"}],"version-history":[{"count":1,"href":"https:\/\/portaldoestado.com.br\/index.php\/wp-json\/wp\/v2\/posts\/8806\/revisions"}],"predecessor-version":[{"id":8807,"href":"https:\/\/portaldoestado.com.br\/index.php\/wp-json\/wp\/v2\/posts\/8806\/revisions\/8807"}],"wp:featuredmedia":[{"embeddable":true,"href":"https:\/\/portaldoestado.com.br\/index.php\/wp-json\/wp\/v2\/media\/8805"}],"wp:attachment":[{"href":"https:\/\/portaldoestado.com.br\/index.php\/wp-json\/wp\/v2\/media?parent=8806"}],"wp:term":[{"taxonomy":"category","embeddable":true,"href":"https:\/\/portaldoestado.com.br\/index.php\/wp-json\/wp\/v2\/categories?post=8806"},{"taxonomy":"post_tag","embeddable":true,"href":"https:\/\/portaldoestado.com.br\/index.php\/wp-json\/wp\/v2\/tags?post=8806"}],"curies":[{"name":"wp","href":"https:\/\/api.w.org\/{rel}","templated":true}]}}