{"id":8797,"date":"2026-04-30T13:03:53","date_gmt":"2026-04-30T13:03:53","guid":{"rendered":"https:\/\/portaldoestado.com.br\/?p=8797"},"modified":"2026-04-30T13:03:53","modified_gmt":"2026-04-30T13:03:53","slug":"de-viral-espontaneo-a-carro-chefe-zeze-di-camargo-transforma-irmao-da-lua-no-motor-do-ep-essencia-rustico","status":"publish","type":"post","link":"https:\/\/portaldoestado.com.br\/index.php\/2026\/04\/30\/de-viral-espontaneo-a-carro-chefe-zeze-di-camargo-transforma-irmao-da-lua-no-motor-do-ep-essencia-rustico\/","title":{"rendered":"De viral espont\u00e2neo a carro-chefe, ZEZ\u00c9 DI CAMARGO transforma \u2018Irm\u00e3o da Lua\u2019 no motor do EP Ess\u00eancia, R\u00fastico"},"content":{"rendered":"\n<p>Um encontro casual em fam\u00edlia, uma grava\u00e7\u00e3o despretensiosa e a for\u00e7a imprevis\u00edvel das redes sociais deram origem a um dos movimentos mais org\u00e2nicos da m\u00fasica sertaneja recente. \u00c9 desse cruzamento entre emo\u00e7\u00e3o e timing que nasce o EP Ess\u00eancia, R\u00fastico, novo projeto de Zez\u00e9 Di Camargo.<\/p>\n\n\n\n<p>A estreia acontece nesta quinta-feira, 30 de abril, com \u201cIrm\u00e3o da Lua &#8211; Amigo das Estrelas\u201d, faixa que carrega uma trajet\u00f3ria incomum at\u00e9 se tornar protagonista. Gravada originalmente em 2003 com o irm\u00e3o Luciano, a m\u00fasica ganhou uma nova vers\u00e3o em dezembro, dessa vez apenas por Zez\u00e9 Di Camargo e, a princ\u00edpio, sem planos para o seu lan\u00e7amento. Poucos dias depois, durante um almo\u00e7o de Natal na casa de Wanessa, ele apresentou a can\u00e7\u00e3o \u00e0 filha, em um momento \u00edntimo (almo\u00e7o de anivers\u00e1rio de um ano da ca\u00e7ula Clara) e sem pretens\u00e3o de repercuss\u00e3o.<\/p>\n\n\n\n<p>O que veio a seguir fugiu de qualquer roteiro. J\u00e1 nos primeiros dias de janeiro, impulsionada por v\u00eddeos de celebra\u00e7\u00f5es populares como a Folia de Reis, a m\u00fasica come\u00e7ou a se espalhar nas redes sociais. Em poucas semanas, atingiu n\u00fameros expressivos, embasando cerca de 150 mil cria\u00e7\u00f5es e mais de 650 mil reprodu\u00e7\u00f5es, consolidando-se ent\u00e3o como um fen\u00f4meno espont\u00e2neo.<\/p>\n\n\n\n<p>At\u00e9 ent\u00e3o, \u201cIrm\u00e3o da Lua &#8211; Amigo das Estrelas\u201d n\u00e3o estava nos planos como m\u00fasica de trabalho do EP, posi\u00e7\u00e3o que seria ocupada por \u201cMelhor Voc\u00ea Voltar Pra Mim\u201d. No entanto, diante da resposta org\u00e2nica do p\u00fablico, Zez\u00e9 reconfigurou a rota do projeto e passou a investir na faixa que j\u00e1 nascia validada pela audi\u00eancia. O engajamento seguiu em crescimento, impulsionado por f\u00e3s que transformaram a m\u00fasica em trilha para v\u00eddeos, interpreta\u00e7\u00f5es e conte\u00fados autorais.<\/p>\n\n\n\n<p>O EP vai se desdobrar ao longo dos pr\u00f3ximos meses, acompanhando diferentes fases emocionais. Em junho, chega \u201cMelhor Voc\u00ea Voltar Pra Mim\u201d, alinhada ao clima rom\u00e2ntico do per\u00edodo. Em julho, o projeto ganha for\u00e7a com o encontro entre Zez\u00e9 e Alexandre Pires na releitura de \u201cDepois do Prazer\u201d. J\u00e1 em agosto, \u201cSabe o que Faz\u201d aprofunda a proposta intimista. O fechamento acontece em setembro, com as in\u00e9ditas \u201cA Paix\u00e3o \u00e9 Nossa\u201d, \u201cApaixonado por Voc\u00ea\u201d, \u201cAs Coisas Mudam\u201d e \u201cHoje Tem\u201d.<\/p>\n\n\n\n<p>Com Ess\u00eancia, R\u00fastico, Zez\u00e9 Di Camargo n\u00e3o apenas acompanha o movimento do p\u00fablico &#8211; ele o transforma em narrativa. Um projeto que nasce do improviso, ganha corpo na identifica\u00e7\u00e3o coletiva e se consolida como mais um cap\u00edtulo relevante de uma das trajet\u00f3rias mais longevas da m\u00fasica brasileira.<\/p>\n\n\n\n<p>SOBRE R\u00daSTICO:<\/p>\n\n\n\n<p>Idealizado durante o per\u00edodo de isolamento social, o trabalho marca o retorno de Zez\u00e9 Di Camargo \u00e0s suas origens no interior de Goi\u00e1s, transformando viv\u00eancias pessoais em mat\u00e9ria-prima art\u00edstica.<\/p>\n\n\n\n<p>Com concep\u00e7\u00e3o do pr\u00f3prio artista, dire\u00e7\u00e3o musical de Felipe Duran e sob dire\u00e7\u00e3o de Emmanoel Camargo, o primeiro espet\u00e1culo da lable reuniu faixas autorais como \u201cBanalizaram\u201d, \u201cPedras\u201d, \u201cTe Vi, Bebi\u201d, \u201cFraude\u201d, \u201c35 Latas de Cerveja\u201d e \u201cVou Ter Que Tomar Uma\u201d, al\u00e9m de cl\u00e1ssicos que atravessam gera\u00e7\u00f5es ao lado de Luciano Camargo, como \u201c\u00c9 o Amor\u201d, \u201cMuda de Vida\u201d, \u201cDois Cora\u00e7\u00f5es\u201d, \u201cP\u00e3o de Mel\u201d e \u201cFlores em Vida\u201d.<\/p>\n\n\n\n<p>Gravado inicialmente em 2021, na Villa Cavalcare, em Goi\u00e2nia, e posteriormente registrado em nova vers\u00e3o audiovisual em S\u00e3o Paulo, o projeto \u201cR\u00fastico\u201d traduz mais do que est\u00e9tica: revela um estilo de vida assumido pelo cantor, mais simples, mais pr\u00f3ximo da terra e, sobretudo, mais fiel \u00e0 sua ess\u00eancia.<\/p>\n\n\n\n<p><\/p>\n","protected":false},"excerpt":{"rendered":"<p>Um encontro casual em fam\u00edlia, uma grava\u00e7\u00e3o despretensiosa e a for\u00e7a imprevis\u00edvel das redes sociais deram origem a um dos movimentos mais org\u00e2nicos da m\u00fasica sertaneja recente. \u00c9 desse cruzamento entre emo\u00e7\u00e3o e timing que nasce o EP Ess\u00eancia, R\u00fastico, novo projeto de Zez\u00e9 Di Camargo. A estreia acontece nesta quinta-feira, 30 de abril, com \u2026<\/p>\n","protected":false},"author":2,"featured_media":8796,"comment_status":"closed","ping_status":"open","sticky":false,"template":"","format":"standard","meta":{"footnotes":""},"categories":[4],"tags":[],"class_list":["post-8797","post","type-post","status-publish","format-standard","has-post-thumbnail","hentry","category-geral"],"yoast_head":"<!-- This site is optimized with the Yoast SEO plugin v25.5 - https:\/\/yoast.com\/wordpress\/plugins\/seo\/ -->\n<title>De viral espont\u00e2neo a carro-chefe, ZEZ\u00c9 DI CAMARGO transforma \u2018Irm\u00e3o da Lua\u2019 no motor do EP Ess\u00eancia, R\u00fastico - Portal do Estado<\/title>\n<meta name=\"robots\" content=\"index, follow, max-snippet:-1, max-image-preview:large, max-video-preview:-1\" \/>\n<link rel=\"canonical\" href=\"https:\/\/portaldoestado.com.br\/index.php\/2026\/04\/30\/de-viral-espontaneo-a-carro-chefe-zeze-di-camargo-transforma-irmao-da-lua-no-motor-do-ep-essencia-rustico\/\" \/>\n<meta property=\"og:locale\" content=\"pt_BR\" \/>\n<meta property=\"og:type\" content=\"article\" \/>\n<meta property=\"og:title\" content=\"De viral espont\u00e2neo a carro-chefe, ZEZ\u00c9 DI CAMARGO transforma \u2018Irm\u00e3o da Lua\u2019 no motor do EP Ess\u00eancia, R\u00fastico - Portal do Estado\" \/>\n<meta property=\"og:description\" content=\"Um encontro casual em fam\u00edlia, uma grava\u00e7\u00e3o despretensiosa e a for\u00e7a imprevis\u00edvel das redes sociais deram origem a um dos movimentos mais org\u00e2nicos da m\u00fasica sertaneja recente. \u00c9 desse cruzamento entre emo\u00e7\u00e3o e timing que nasce o EP Ess\u00eancia, R\u00fastico, novo projeto de Zez\u00e9 Di Camargo. A estreia acontece nesta quinta-feira, 30 de abril, com \u2026\" \/>\n<meta property=\"og:url\" content=\"https:\/\/portaldoestado.com.br\/index.php\/2026\/04\/30\/de-viral-espontaneo-a-carro-chefe-zeze-di-camargo-transforma-irmao-da-lua-no-motor-do-ep-essencia-rustico\/\" \/>\n<meta property=\"og:site_name\" content=\"Portal do Estado\" \/>\n<meta property=\"article:published_time\" content=\"2026-04-30T13:03:53+00:00\" \/>\n<meta property=\"og:image\" content=\"https:\/\/portaldoestado.com.br\/wp-content\/uploads\/2026\/04\/IMG_0544-scaled-1.jpg\" \/>\n\t<meta property=\"og:image:width\" content=\"1707\" \/>\n\t<meta property=\"og:image:height\" content=\"2560\" \/>\n\t<meta property=\"og:image:type\" content=\"image\/jpeg\" \/>\n<meta name=\"author\" content=\"assessoriadefamosos\" \/>\n<meta name=\"twitter:card\" content=\"summary_large_image\" \/>\n<meta name=\"twitter:label1\" content=\"Escrito por\" \/>\n\t<meta name=\"twitter:data1\" content=\"assessoriadefamosos\" \/>\n\t<meta name=\"twitter:label2\" content=\"Est. tempo de leitura\" \/>\n\t<meta name=\"twitter:data2\" content=\"3 minutos\" \/>\n<script type=\"application\/ld+json\" class=\"yoast-schema-graph\">{\"@context\":\"https:\/\/schema.org\",\"@graph\":[{\"@type\":\"Article\",\"@id\":\"https:\/\/portaldoestado.com.br\/index.php\/2026\/04\/30\/de-viral-espontaneo-a-carro-chefe-zeze-di-camargo-transforma-irmao-da-lua-no-motor-do-ep-essencia-rustico\/#article\",\"isPartOf\":{\"@id\":\"https:\/\/portaldoestado.com.br\/index.php\/2026\/04\/30\/de-viral-espontaneo-a-carro-chefe-zeze-di-camargo-transforma-irmao-da-lua-no-motor-do-ep-essencia-rustico\/\"},\"author\":{\"name\":\"assessoriadefamosos\",\"@id\":\"https:\/\/portaldoestado.com.br\/#\/schema\/person\/5ca0174f3c8c84b59da62ea14b698cb9\"},\"headline\":\"De viral espont\u00e2neo a carro-chefe, ZEZ\u00c9 DI CAMARGO transforma \u2018Irm\u00e3o da Lua\u2019 no motor do EP Ess\u00eancia, R\u00fastico\",\"datePublished\":\"2026-04-30T13:03:53+00:00\",\"mainEntityOfPage\":{\"@id\":\"https:\/\/portaldoestado.com.br\/index.php\/2026\/04\/30\/de-viral-espontaneo-a-carro-chefe-zeze-di-camargo-transforma-irmao-da-lua-no-motor-do-ep-essencia-rustico\/\"},\"wordCount\":642,\"publisher\":{\"@id\":\"https:\/\/portaldoestado.com.br\/#organization\"},\"image\":{\"@id\":\"https:\/\/portaldoestado.com.br\/index.php\/2026\/04\/30\/de-viral-espontaneo-a-carro-chefe-zeze-di-camargo-transforma-irmao-da-lua-no-motor-do-ep-essencia-rustico\/#primaryimage\"},\"thumbnailUrl\":\"https:\/\/portaldoestado.com.br\/wp-content\/uploads\/2026\/04\/IMG_0544-scaled-1.jpg\",\"articleSection\":[\"Geral\"],\"inLanguage\":\"pt-BR\"},{\"@type\":\"WebPage\",\"@id\":\"https:\/\/portaldoestado.com.br\/index.php\/2026\/04\/30\/de-viral-espontaneo-a-carro-chefe-zeze-di-camargo-transforma-irmao-da-lua-no-motor-do-ep-essencia-rustico\/\",\"url\":\"https:\/\/portaldoestado.com.br\/index.php\/2026\/04\/30\/de-viral-espontaneo-a-carro-chefe-zeze-di-camargo-transforma-irmao-da-lua-no-motor-do-ep-essencia-rustico\/\",\"name\":\"De viral espont\u00e2neo a carro-chefe, ZEZ\u00c9 DI CAMARGO transforma \u2018Irm\u00e3o da Lua\u2019 no motor do EP Ess\u00eancia, R\u00fastico - Portal do Estado\",\"isPartOf\":{\"@id\":\"https:\/\/portaldoestado.com.br\/#website\"},\"primaryImageOfPage\":{\"@id\":\"https:\/\/portaldoestado.com.br\/index.php\/2026\/04\/30\/de-viral-espontaneo-a-carro-chefe-zeze-di-camargo-transforma-irmao-da-lua-no-motor-do-ep-essencia-rustico\/#primaryimage\"},\"image\":{\"@id\":\"https:\/\/portaldoestado.com.br\/index.php\/2026\/04\/30\/de-viral-espontaneo-a-carro-chefe-zeze-di-camargo-transforma-irmao-da-lua-no-motor-do-ep-essencia-rustico\/#primaryimage\"},\"thumbnailUrl\":\"https:\/\/portaldoestado.com.br\/wp-content\/uploads\/2026\/04\/IMG_0544-scaled-1.jpg\",\"datePublished\":\"2026-04-30T13:03:53+00:00\",\"breadcrumb\":{\"@id\":\"https:\/\/portaldoestado.com.br\/index.php\/2026\/04\/30\/de-viral-espontaneo-a-carro-chefe-zeze-di-camargo-transforma-irmao-da-lua-no-motor-do-ep-essencia-rustico\/#breadcrumb\"},\"inLanguage\":\"pt-BR\",\"potentialAction\":[{\"@type\":\"ReadAction\",\"target\":[\"https:\/\/portaldoestado.com.br\/index.php\/2026\/04\/30\/de-viral-espontaneo-a-carro-chefe-zeze-di-camargo-transforma-irmao-da-lua-no-motor-do-ep-essencia-rustico\/\"]}]},{\"@type\":\"ImageObject\",\"inLanguage\":\"pt-BR\",\"@id\":\"https:\/\/portaldoestado.com.br\/index.php\/2026\/04\/30\/de-viral-espontaneo-a-carro-chefe-zeze-di-camargo-transforma-irmao-da-lua-no-motor-do-ep-essencia-rustico\/#primaryimage\",\"url\":\"https:\/\/portaldoestado.com.br\/wp-content\/uploads\/2026\/04\/IMG_0544-scaled-1.jpg\",\"contentUrl\":\"https:\/\/portaldoestado.com.br\/wp-content\/uploads\/2026\/04\/IMG_0544-scaled-1.jpg\",\"width\":1707,\"height\":2560},{\"@type\":\"BreadcrumbList\",\"@id\":\"https:\/\/portaldoestado.com.br\/index.php\/2026\/04\/30\/de-viral-espontaneo-a-carro-chefe-zeze-di-camargo-transforma-irmao-da-lua-no-motor-do-ep-essencia-rustico\/#breadcrumb\",\"itemListElement\":[{\"@type\":\"ListItem\",\"position\":1,\"name\":\"In\u00edcio\",\"item\":\"https:\/\/portaldoestado.com.br\/\"},{\"@type\":\"ListItem\",\"position\":2,\"name\":\"De viral espont\u00e2neo a carro-chefe, ZEZ\u00c9 DI CAMARGO transforma \u2018Irm\u00e3o da Lua\u2019 no motor do EP Ess\u00eancia, R\u00fastico\"}]},{\"@type\":\"WebSite\",\"@id\":\"https:\/\/portaldoestado.com.br\/#website\",\"url\":\"https:\/\/portaldoestado.com.br\/\",\"name\":\"Portal do Estado\",\"description\":\"\",\"publisher\":{\"@id\":\"https:\/\/portaldoestado.com.br\/#organization\"},\"potentialAction\":[{\"@type\":\"SearchAction\",\"target\":{\"@type\":\"EntryPoint\",\"urlTemplate\":\"https:\/\/portaldoestado.com.br\/?s={search_term_string}\"},\"query-input\":{\"@type\":\"PropertyValueSpecification\",\"valueRequired\":true,\"valueName\":\"search_term_string\"}}],\"inLanguage\":\"pt-BR\"},{\"@type\":\"Organization\",\"@id\":\"https:\/\/portaldoestado.com.br\/#organization\",\"name\":\"Portal do Estado\",\"url\":\"https:\/\/portaldoestado.com.br\/\",\"logo\":{\"@type\":\"ImageObject\",\"inLanguage\":\"pt-BR\",\"@id\":\"https:\/\/portaldoestado.com.br\/#\/schema\/logo\/image\/\",\"url\":\"https:\/\/portaldoestado.com.br\/wp-content\/uploads\/2025\/04\/cropped-6f69b19a-6472-43bf-b1b3-e1910bbbd4e8.png\",\"contentUrl\":\"https:\/\/portaldoestado.com.br\/wp-content\/uploads\/2025\/04\/cropped-6f69b19a-6472-43bf-b1b3-e1910bbbd4e8.png\",\"width\":1024,\"height\":350,\"caption\":\"Portal do Estado\"},\"image\":{\"@id\":\"https:\/\/portaldoestado.com.br\/#\/schema\/logo\/image\/\"}},{\"@type\":\"Person\",\"@id\":\"https:\/\/portaldoestado.com.br\/#\/schema\/person\/5ca0174f3c8c84b59da62ea14b698cb9\",\"name\":\"assessoriadefamosos\",\"image\":{\"@type\":\"ImageObject\",\"inLanguage\":\"pt-BR\",\"@id\":\"https:\/\/portaldoestado.com.br\/#\/schema\/person\/image\/\",\"url\":\"https:\/\/secure.gravatar.com\/avatar\/a7acbdffcfbbae7240e59f47fe511ec5f5d8c252c779f0b8d9ab02a9e1d8c5ed?s=96&d=mm&r=g\",\"contentUrl\":\"https:\/\/secure.gravatar.com\/avatar\/a7acbdffcfbbae7240e59f47fe511ec5f5d8c252c779f0b8d9ab02a9e1d8c5ed?s=96&d=mm&r=g\",\"caption\":\"assessoriadefamosos\"},\"url\":\"https:\/\/portaldoestado.com.br\/index.php\/author\/assessoriadefamosos\/\"}]}<\/script>\n<!-- \/ Yoast SEO plugin. -->","yoast_head_json":{"title":"De viral espont\u00e2neo a carro-chefe, ZEZ\u00c9 DI CAMARGO transforma \u2018Irm\u00e3o da Lua\u2019 no motor do EP Ess\u00eancia, R\u00fastico - Portal do Estado","robots":{"index":"index","follow":"follow","max-snippet":"max-snippet:-1","max-image-preview":"max-image-preview:large","max-video-preview":"max-video-preview:-1"},"canonical":"https:\/\/portaldoestado.com.br\/index.php\/2026\/04\/30\/de-viral-espontaneo-a-carro-chefe-zeze-di-camargo-transforma-irmao-da-lua-no-motor-do-ep-essencia-rustico\/","og_locale":"pt_BR","og_type":"article","og_title":"De viral espont\u00e2neo a carro-chefe, ZEZ\u00c9 DI CAMARGO transforma \u2018Irm\u00e3o da Lua\u2019 no motor do EP Ess\u00eancia, R\u00fastico - Portal do Estado","og_description":"Um encontro casual em fam\u00edlia, uma grava\u00e7\u00e3o despretensiosa e a for\u00e7a imprevis\u00edvel das redes sociais deram origem a um dos movimentos mais org\u00e2nicos da m\u00fasica sertaneja recente. \u00c9 desse cruzamento entre emo\u00e7\u00e3o e timing que nasce o EP Ess\u00eancia, R\u00fastico, novo projeto de Zez\u00e9 Di Camargo. A estreia acontece nesta quinta-feira, 30 de abril, com \u2026","og_url":"https:\/\/portaldoestado.com.br\/index.php\/2026\/04\/30\/de-viral-espontaneo-a-carro-chefe-zeze-di-camargo-transforma-irmao-da-lua-no-motor-do-ep-essencia-rustico\/","og_site_name":"Portal do Estado","article_published_time":"2026-04-30T13:03:53+00:00","og_image":[{"width":1707,"height":2560,"url":"https:\/\/portaldoestado.com.br\/wp-content\/uploads\/2026\/04\/IMG_0544-scaled-1.jpg","type":"image\/jpeg"}],"author":"assessoriadefamosos","twitter_card":"summary_large_image","twitter_misc":{"Escrito por":"assessoriadefamosos","Est. tempo de leitura":"3 minutos"},"schema":{"@context":"https:\/\/schema.org","@graph":[{"@type":"Article","@id":"https:\/\/portaldoestado.com.br\/index.php\/2026\/04\/30\/de-viral-espontaneo-a-carro-chefe-zeze-di-camargo-transforma-irmao-da-lua-no-motor-do-ep-essencia-rustico\/#article","isPartOf":{"@id":"https:\/\/portaldoestado.com.br\/index.php\/2026\/04\/30\/de-viral-espontaneo-a-carro-chefe-zeze-di-camargo-transforma-irmao-da-lua-no-motor-do-ep-essencia-rustico\/"},"author":{"name":"assessoriadefamosos","@id":"https:\/\/portaldoestado.com.br\/#\/schema\/person\/5ca0174f3c8c84b59da62ea14b698cb9"},"headline":"De viral espont\u00e2neo a carro-chefe, ZEZ\u00c9 DI CAMARGO transforma \u2018Irm\u00e3o da Lua\u2019 no motor do EP Ess\u00eancia, R\u00fastico","datePublished":"2026-04-30T13:03:53+00:00","mainEntityOfPage":{"@id":"https:\/\/portaldoestado.com.br\/index.php\/2026\/04\/30\/de-viral-espontaneo-a-carro-chefe-zeze-di-camargo-transforma-irmao-da-lua-no-motor-do-ep-essencia-rustico\/"},"wordCount":642,"publisher":{"@id":"https:\/\/portaldoestado.com.br\/#organization"},"image":{"@id":"https:\/\/portaldoestado.com.br\/index.php\/2026\/04\/30\/de-viral-espontaneo-a-carro-chefe-zeze-di-camargo-transforma-irmao-da-lua-no-motor-do-ep-essencia-rustico\/#primaryimage"},"thumbnailUrl":"https:\/\/portaldoestado.com.br\/wp-content\/uploads\/2026\/04\/IMG_0544-scaled-1.jpg","articleSection":["Geral"],"inLanguage":"pt-BR"},{"@type":"WebPage","@id":"https:\/\/portaldoestado.com.br\/index.php\/2026\/04\/30\/de-viral-espontaneo-a-carro-chefe-zeze-di-camargo-transforma-irmao-da-lua-no-motor-do-ep-essencia-rustico\/","url":"https:\/\/portaldoestado.com.br\/index.php\/2026\/04\/30\/de-viral-espontaneo-a-carro-chefe-zeze-di-camargo-transforma-irmao-da-lua-no-motor-do-ep-essencia-rustico\/","name":"De viral espont\u00e2neo a carro-chefe, ZEZ\u00c9 DI CAMARGO transforma \u2018Irm\u00e3o da Lua\u2019 no motor do EP Ess\u00eancia, R\u00fastico - Portal do Estado","isPartOf":{"@id":"https:\/\/portaldoestado.com.br\/#website"},"primaryImageOfPage":{"@id":"https:\/\/portaldoestado.com.br\/index.php\/2026\/04\/30\/de-viral-espontaneo-a-carro-chefe-zeze-di-camargo-transforma-irmao-da-lua-no-motor-do-ep-essencia-rustico\/#primaryimage"},"image":{"@id":"https:\/\/portaldoestado.com.br\/index.php\/2026\/04\/30\/de-viral-espontaneo-a-carro-chefe-zeze-di-camargo-transforma-irmao-da-lua-no-motor-do-ep-essencia-rustico\/#primaryimage"},"thumbnailUrl":"https:\/\/portaldoestado.com.br\/wp-content\/uploads\/2026\/04\/IMG_0544-scaled-1.jpg","datePublished":"2026-04-30T13:03:53+00:00","breadcrumb":{"@id":"https:\/\/portaldoestado.com.br\/index.php\/2026\/04\/30\/de-viral-espontaneo-a-carro-chefe-zeze-di-camargo-transforma-irmao-da-lua-no-motor-do-ep-essencia-rustico\/#breadcrumb"},"inLanguage":"pt-BR","potentialAction":[{"@type":"ReadAction","target":["https:\/\/portaldoestado.com.br\/index.php\/2026\/04\/30\/de-viral-espontaneo-a-carro-chefe-zeze-di-camargo-transforma-irmao-da-lua-no-motor-do-ep-essencia-rustico\/"]}]},{"@type":"ImageObject","inLanguage":"pt-BR","@id":"https:\/\/portaldoestado.com.br\/index.php\/2026\/04\/30\/de-viral-espontaneo-a-carro-chefe-zeze-di-camargo-transforma-irmao-da-lua-no-motor-do-ep-essencia-rustico\/#primaryimage","url":"https:\/\/portaldoestado.com.br\/wp-content\/uploads\/2026\/04\/IMG_0544-scaled-1.jpg","contentUrl":"https:\/\/portaldoestado.com.br\/wp-content\/uploads\/2026\/04\/IMG_0544-scaled-1.jpg","width":1707,"height":2560},{"@type":"BreadcrumbList","@id":"https:\/\/portaldoestado.com.br\/index.php\/2026\/04\/30\/de-viral-espontaneo-a-carro-chefe-zeze-di-camargo-transforma-irmao-da-lua-no-motor-do-ep-essencia-rustico\/#breadcrumb","itemListElement":[{"@type":"ListItem","position":1,"name":"In\u00edcio","item":"https:\/\/portaldoestado.com.br\/"},{"@type":"ListItem","position":2,"name":"De viral espont\u00e2neo a carro-chefe, ZEZ\u00c9 DI CAMARGO transforma \u2018Irm\u00e3o da Lua\u2019 no motor do EP Ess\u00eancia, R\u00fastico"}]},{"@type":"WebSite","@id":"https:\/\/portaldoestado.com.br\/#website","url":"https:\/\/portaldoestado.com.br\/","name":"Portal do Estado","description":"","publisher":{"@id":"https:\/\/portaldoestado.com.br\/#organization"},"potentialAction":[{"@type":"SearchAction","target":{"@type":"EntryPoint","urlTemplate":"https:\/\/portaldoestado.com.br\/?s={search_term_string}"},"query-input":{"@type":"PropertyValueSpecification","valueRequired":true,"valueName":"search_term_string"}}],"inLanguage":"pt-BR"},{"@type":"Organization","@id":"https:\/\/portaldoestado.com.br\/#organization","name":"Portal do Estado","url":"https:\/\/portaldoestado.com.br\/","logo":{"@type":"ImageObject","inLanguage":"pt-BR","@id":"https:\/\/portaldoestado.com.br\/#\/schema\/logo\/image\/","url":"https:\/\/portaldoestado.com.br\/wp-content\/uploads\/2025\/04\/cropped-6f69b19a-6472-43bf-b1b3-e1910bbbd4e8.png","contentUrl":"https:\/\/portaldoestado.com.br\/wp-content\/uploads\/2025\/04\/cropped-6f69b19a-6472-43bf-b1b3-e1910bbbd4e8.png","width":1024,"height":350,"caption":"Portal do Estado"},"image":{"@id":"https:\/\/portaldoestado.com.br\/#\/schema\/logo\/image\/"}},{"@type":"Person","@id":"https:\/\/portaldoestado.com.br\/#\/schema\/person\/5ca0174f3c8c84b59da62ea14b698cb9","name":"assessoriadefamosos","image":{"@type":"ImageObject","inLanguage":"pt-BR","@id":"https:\/\/portaldoestado.com.br\/#\/schema\/person\/image\/","url":"https:\/\/secure.gravatar.com\/avatar\/a7acbdffcfbbae7240e59f47fe511ec5f5d8c252c779f0b8d9ab02a9e1d8c5ed?s=96&d=mm&r=g","contentUrl":"https:\/\/secure.gravatar.com\/avatar\/a7acbdffcfbbae7240e59f47fe511ec5f5d8c252c779f0b8d9ab02a9e1d8c5ed?s=96&d=mm&r=g","caption":"assessoriadefamosos"},"url":"https:\/\/portaldoestado.com.br\/index.php\/author\/assessoriadefamosos\/"}]}},"jetpack_featured_media_url":"https:\/\/portaldoestado.com.br\/wp-content\/uploads\/2026\/04\/IMG_0544-scaled-1.jpg","_links":{"self":[{"href":"https:\/\/portaldoestado.com.br\/index.php\/wp-json\/wp\/v2\/posts\/8797","targetHints":{"allow":["GET"]}}],"collection":[{"href":"https:\/\/portaldoestado.com.br\/index.php\/wp-json\/wp\/v2\/posts"}],"about":[{"href":"https:\/\/portaldoestado.com.br\/index.php\/wp-json\/wp\/v2\/types\/post"}],"author":[{"embeddable":true,"href":"https:\/\/portaldoestado.com.br\/index.php\/wp-json\/wp\/v2\/users\/2"}],"replies":[{"embeddable":true,"href":"https:\/\/portaldoestado.com.br\/index.php\/wp-json\/wp\/v2\/comments?post=8797"}],"version-history":[{"count":1,"href":"https:\/\/portaldoestado.com.br\/index.php\/wp-json\/wp\/v2\/posts\/8797\/revisions"}],"predecessor-version":[{"id":8798,"href":"https:\/\/portaldoestado.com.br\/index.php\/wp-json\/wp\/v2\/posts\/8797\/revisions\/8798"}],"wp:featuredmedia":[{"embeddable":true,"href":"https:\/\/portaldoestado.com.br\/index.php\/wp-json\/wp\/v2\/media\/8796"}],"wp:attachment":[{"href":"https:\/\/portaldoestado.com.br\/index.php\/wp-json\/wp\/v2\/media?parent=8797"}],"wp:term":[{"taxonomy":"category","embeddable":true,"href":"https:\/\/portaldoestado.com.br\/index.php\/wp-json\/wp\/v2\/categories?post=8797"},{"taxonomy":"post_tag","embeddable":true,"href":"https:\/\/portaldoestado.com.br\/index.php\/wp-json\/wp\/v2\/tags?post=8797"}],"curies":[{"name":"wp","href":"https:\/\/api.w.org\/{rel}","templated":true}]}}