{"id":8794,"date":"2026-04-30T05:44:24","date_gmt":"2026-04-30T05:44:24","guid":{"rendered":"https:\/\/portaldoestado.com.br\/?p=8794"},"modified":"2026-04-30T05:44:24","modified_gmt":"2026-04-30T05:44:24","slug":"kelly-fonteli-relata-furto-na-avenida-7-de-setembro-e-cobra-reforco-na-seguranca","status":"publish","type":"post","link":"https:\/\/portaldoestado.com.br\/index.php\/2026\/04\/30\/kelly-fonteli-relata-furto-na-avenida-7-de-setembro-e-cobra-reforco-na-seguranca\/","title":{"rendered":"Kelly Fonteli relata furto na Avenida 7 de Setembro e cobra refor\u00e7o na seguran\u00e7a"},"content":{"rendered":"\n<p>A cantora Kelly Fonteli foi v\u00edtima de furto no \u00faltimo dia 27 de abril de 2026, enquanto caminhava pela Avenida 7 de Setembro, importante polo comercial conhecido pela variedade de lojas de tecidos e armarinhos. De acordo com a artista, o crime aconteceu de forma discreta e r\u00e1pida, quando um homem a seguiu sem levantar suspeitas e levou seu aparelho celular.<\/p>\n\n\n\n<p>Kelly contou que frequenta o local com regularidade justamente pela diversidade de materiais utilizados na produ\u00e7\u00e3o de seus figurinos. Mesmo j\u00e1 tendo ouvido coment\u00e1rios sobre furtos na regi\u00e3o, ela afirmou que nunca havia passado por uma situa\u00e7\u00e3o semelhante, o que tornou o epis\u00f3dio ainda mais impactante.<\/p>\n\n\n\n<p>Pessoas que presenciaram a a\u00e7\u00e3o refor\u00e7aram a sensa\u00e7\u00e3o de inseguran\u00e7a no local e apontaram a necessidade de maior presen\u00e7a de policiamento ostensivo, sobretudo em \u00e1reas de grande circula\u00e7\u00e3o.<\/p>\n\n\n\n<p>Ap\u00f3s o ocorrido, a cantora recebeu atendimento de policiais do 18\u00ba Batalh\u00e3o da Pol\u00edcia Militar, sob o comando da tenente-coronel Cl\u00e1udia Mara Mendes Raposo de Freitas. Kelly destacou o acolhimento da equipe, que prestou orienta\u00e7\u00f5es e a auxiliou nos procedimentos legais, incluindo o registro da ocorr\u00eancia na 1\u00aa Delegacia Territorial dos Barris, coordenada pela delegada Maritta Souza.<\/p>\n\n\n\n<p>A artista tamb\u00e9m mencionou a tentativa de um seguran\u00e7a da regi\u00e3o, pr\u00f3ximo ao Beco da Forca, que chegou a perseguir o suspeito. No entanto, o homem conseguiu escapar ao utilizar passagens estreitas entre becos e vielas.<\/p>\n\n\n\n<p>Apesar do susto e do abalo emocional, Kelly Fonteli afirmou que est\u00e1 grata por n\u00e3o ter sofrido ferimentos. A cantora aproveitou para refor\u00e7ar a import\u00e2ncia de investimentos em seguran\u00e7a p\u00fablica, visando proteger tanto os comerciantes quanto as pessoas que transitam diariamente pela Avenida 7 de Setembro.<\/p>\n","protected":false},"excerpt":{"rendered":"<p>A cantora Kelly Fonteli foi v\u00edtima de furto no \u00faltimo dia 27 de abril de 2026, enquanto caminhava pela Avenida 7 de Setembro, importante polo comercial conhecido pela variedade de lojas de tecidos e armarinhos. De acordo com a artista, o crime aconteceu de forma discreta e r\u00e1pida, quando um homem a seguiu sem levantar \u2026<\/p>\n","protected":false},"author":2,"featured_media":8793,"comment_status":"closed","ping_status":"open","sticky":false,"template":"","format":"standard","meta":{"footnotes":""},"categories":[3],"tags":[],"class_list":["post-8794","post","type-post","status-publish","format-standard","has-post-thumbnail","hentry","category-famosos"],"yoast_head":"<!-- This site is optimized with the Yoast SEO plugin v25.5 - https:\/\/yoast.com\/wordpress\/plugins\/seo\/ -->\n<title>Kelly Fonteli relata furto na Avenida 7 de Setembro e cobra refor\u00e7o na seguran\u00e7a - Portal do Estado<\/title>\n<meta name=\"robots\" content=\"index, follow, max-snippet:-1, max-image-preview:large, max-video-preview:-1\" \/>\n<link rel=\"canonical\" href=\"https:\/\/portaldoestado.com.br\/index.php\/2026\/04\/30\/kelly-fonteli-relata-furto-na-avenida-7-de-setembro-e-cobra-reforco-na-seguranca\/\" \/>\n<meta property=\"og:locale\" content=\"pt_BR\" \/>\n<meta property=\"og:type\" content=\"article\" \/>\n<meta property=\"og:title\" content=\"Kelly Fonteli relata furto na Avenida 7 de Setembro e cobra refor\u00e7o na seguran\u00e7a - Portal do Estado\" \/>\n<meta property=\"og:description\" content=\"A cantora Kelly Fonteli foi v\u00edtima de furto no \u00faltimo dia 27 de abril de 2026, enquanto caminhava pela Avenida 7 de Setembro, importante polo comercial conhecido pela variedade de lojas de tecidos e armarinhos. De acordo com a artista, o crime aconteceu de forma discreta e r\u00e1pida, quando um homem a seguiu sem levantar \u2026\" \/>\n<meta property=\"og:url\" content=\"https:\/\/portaldoestado.com.br\/index.php\/2026\/04\/30\/kelly-fonteli-relata-furto-na-avenida-7-de-setembro-e-cobra-reforco-na-seguranca\/\" \/>\n<meta property=\"og:site_name\" content=\"Portal do Estado\" \/>\n<meta property=\"article:published_time\" content=\"2026-04-30T05:44:24+00:00\" \/>\n<meta property=\"og:image\" content=\"https:\/\/portaldoestado.com.br\/wp-content\/uploads\/2026\/04\/IMG_4784.jpeg\" \/>\n\t<meta property=\"og:image:width\" content=\"1320\" \/>\n\t<meta property=\"og:image:height\" content=\"854\" \/>\n\t<meta property=\"og:image:type\" content=\"image\/jpeg\" \/>\n<meta name=\"author\" content=\"assessoriadefamosos\" \/>\n<meta name=\"twitter:card\" content=\"summary_large_image\" \/>\n<meta name=\"twitter:label1\" content=\"Escrito por\" \/>\n\t<meta name=\"twitter:data1\" content=\"assessoriadefamosos\" \/>\n\t<meta name=\"twitter:label2\" content=\"Est. tempo de leitura\" \/>\n\t<meta name=\"twitter:data2\" content=\"1 minuto\" \/>\n<script type=\"application\/ld+json\" class=\"yoast-schema-graph\">{\"@context\":\"https:\/\/schema.org\",\"@graph\":[{\"@type\":\"Article\",\"@id\":\"https:\/\/portaldoestado.com.br\/index.php\/2026\/04\/30\/kelly-fonteli-relata-furto-na-avenida-7-de-setembro-e-cobra-reforco-na-seguranca\/#article\",\"isPartOf\":{\"@id\":\"https:\/\/portaldoestado.com.br\/index.php\/2026\/04\/30\/kelly-fonteli-relata-furto-na-avenida-7-de-setembro-e-cobra-reforco-na-seguranca\/\"},\"author\":{\"name\":\"assessoriadefamosos\",\"@id\":\"https:\/\/portaldoestado.com.br\/#\/schema\/person\/5ca0174f3c8c84b59da62ea14b698cb9\"},\"headline\":\"Kelly Fonteli relata furto na Avenida 7 de Setembro e cobra refor\u00e7o na seguran\u00e7a\",\"datePublished\":\"2026-04-30T05:44:24+00:00\",\"mainEntityOfPage\":{\"@id\":\"https:\/\/portaldoestado.com.br\/index.php\/2026\/04\/30\/kelly-fonteli-relata-furto-na-avenida-7-de-setembro-e-cobra-reforco-na-seguranca\/\"},\"wordCount\":311,\"publisher\":{\"@id\":\"https:\/\/portaldoestado.com.br\/#organization\"},\"image\":{\"@id\":\"https:\/\/portaldoestado.com.br\/index.php\/2026\/04\/30\/kelly-fonteli-relata-furto-na-avenida-7-de-setembro-e-cobra-reforco-na-seguranca\/#primaryimage\"},\"thumbnailUrl\":\"https:\/\/portaldoestado.com.br\/wp-content\/uploads\/2026\/04\/IMG_4784.jpeg\",\"articleSection\":[\"Famosos\"],\"inLanguage\":\"pt-BR\"},{\"@type\":\"WebPage\",\"@id\":\"https:\/\/portaldoestado.com.br\/index.php\/2026\/04\/30\/kelly-fonteli-relata-furto-na-avenida-7-de-setembro-e-cobra-reforco-na-seguranca\/\",\"url\":\"https:\/\/portaldoestado.com.br\/index.php\/2026\/04\/30\/kelly-fonteli-relata-furto-na-avenida-7-de-setembro-e-cobra-reforco-na-seguranca\/\",\"name\":\"Kelly Fonteli relata furto na Avenida 7 de Setembro e cobra refor\u00e7o na seguran\u00e7a - Portal do Estado\",\"isPartOf\":{\"@id\":\"https:\/\/portaldoestado.com.br\/#website\"},\"primaryImageOfPage\":{\"@id\":\"https:\/\/portaldoestado.com.br\/index.php\/2026\/04\/30\/kelly-fonteli-relata-furto-na-avenida-7-de-setembro-e-cobra-reforco-na-seguranca\/#primaryimage\"},\"image\":{\"@id\":\"https:\/\/portaldoestado.com.br\/index.php\/2026\/04\/30\/kelly-fonteli-relata-furto-na-avenida-7-de-setembro-e-cobra-reforco-na-seguranca\/#primaryimage\"},\"thumbnailUrl\":\"https:\/\/portaldoestado.com.br\/wp-content\/uploads\/2026\/04\/IMG_4784.jpeg\",\"datePublished\":\"2026-04-30T05:44:24+00:00\",\"breadcrumb\":{\"@id\":\"https:\/\/portaldoestado.com.br\/index.php\/2026\/04\/30\/kelly-fonteli-relata-furto-na-avenida-7-de-setembro-e-cobra-reforco-na-seguranca\/#breadcrumb\"},\"inLanguage\":\"pt-BR\",\"potentialAction\":[{\"@type\":\"ReadAction\",\"target\":[\"https:\/\/portaldoestado.com.br\/index.php\/2026\/04\/30\/kelly-fonteli-relata-furto-na-avenida-7-de-setembro-e-cobra-reforco-na-seguranca\/\"]}]},{\"@type\":\"ImageObject\",\"inLanguage\":\"pt-BR\",\"@id\":\"https:\/\/portaldoestado.com.br\/index.php\/2026\/04\/30\/kelly-fonteli-relata-furto-na-avenida-7-de-setembro-e-cobra-reforco-na-seguranca\/#primaryimage\",\"url\":\"https:\/\/portaldoestado.com.br\/wp-content\/uploads\/2026\/04\/IMG_4784.jpeg\",\"contentUrl\":\"https:\/\/portaldoestado.com.br\/wp-content\/uploads\/2026\/04\/IMG_4784.jpeg\",\"width\":1320,\"height\":854},{\"@type\":\"BreadcrumbList\",\"@id\":\"https:\/\/portaldoestado.com.br\/index.php\/2026\/04\/30\/kelly-fonteli-relata-furto-na-avenida-7-de-setembro-e-cobra-reforco-na-seguranca\/#breadcrumb\",\"itemListElement\":[{\"@type\":\"ListItem\",\"position\":1,\"name\":\"In\u00edcio\",\"item\":\"https:\/\/portaldoestado.com.br\/\"},{\"@type\":\"ListItem\",\"position\":2,\"name\":\"Kelly Fonteli relata furto na Avenida 7 de Setembro e cobra refor\u00e7o na seguran\u00e7a\"}]},{\"@type\":\"WebSite\",\"@id\":\"https:\/\/portaldoestado.com.br\/#website\",\"url\":\"https:\/\/portaldoestado.com.br\/\",\"name\":\"Portal do Estado\",\"description\":\"\",\"publisher\":{\"@id\":\"https:\/\/portaldoestado.com.br\/#organization\"},\"potentialAction\":[{\"@type\":\"SearchAction\",\"target\":{\"@type\":\"EntryPoint\",\"urlTemplate\":\"https:\/\/portaldoestado.com.br\/?s={search_term_string}\"},\"query-input\":{\"@type\":\"PropertyValueSpecification\",\"valueRequired\":true,\"valueName\":\"search_term_string\"}}],\"inLanguage\":\"pt-BR\"},{\"@type\":\"Organization\",\"@id\":\"https:\/\/portaldoestado.com.br\/#organization\",\"name\":\"Portal do Estado\",\"url\":\"https:\/\/portaldoestado.com.br\/\",\"logo\":{\"@type\":\"ImageObject\",\"inLanguage\":\"pt-BR\",\"@id\":\"https:\/\/portaldoestado.com.br\/#\/schema\/logo\/image\/\",\"url\":\"https:\/\/portaldoestado.com.br\/wp-content\/uploads\/2025\/04\/cropped-6f69b19a-6472-43bf-b1b3-e1910bbbd4e8.png\",\"contentUrl\":\"https:\/\/portaldoestado.com.br\/wp-content\/uploads\/2025\/04\/cropped-6f69b19a-6472-43bf-b1b3-e1910bbbd4e8.png\",\"width\":1024,\"height\":350,\"caption\":\"Portal do Estado\"},\"image\":{\"@id\":\"https:\/\/portaldoestado.com.br\/#\/schema\/logo\/image\/\"}},{\"@type\":\"Person\",\"@id\":\"https:\/\/portaldoestado.com.br\/#\/schema\/person\/5ca0174f3c8c84b59da62ea14b698cb9\",\"name\":\"assessoriadefamosos\",\"image\":{\"@type\":\"ImageObject\",\"inLanguage\":\"pt-BR\",\"@id\":\"https:\/\/portaldoestado.com.br\/#\/schema\/person\/image\/\",\"url\":\"https:\/\/secure.gravatar.com\/avatar\/a7acbdffcfbbae7240e59f47fe511ec5f5d8c252c779f0b8d9ab02a9e1d8c5ed?s=96&d=mm&r=g\",\"contentUrl\":\"https:\/\/secure.gravatar.com\/avatar\/a7acbdffcfbbae7240e59f47fe511ec5f5d8c252c779f0b8d9ab02a9e1d8c5ed?s=96&d=mm&r=g\",\"caption\":\"assessoriadefamosos\"},\"url\":\"https:\/\/portaldoestado.com.br\/index.php\/author\/assessoriadefamosos\/\"}]}<\/script>\n<!-- \/ Yoast SEO plugin. -->","yoast_head_json":{"title":"Kelly Fonteli relata furto na Avenida 7 de Setembro e cobra refor\u00e7o na seguran\u00e7a - Portal do Estado","robots":{"index":"index","follow":"follow","max-snippet":"max-snippet:-1","max-image-preview":"max-image-preview:large","max-video-preview":"max-video-preview:-1"},"canonical":"https:\/\/portaldoestado.com.br\/index.php\/2026\/04\/30\/kelly-fonteli-relata-furto-na-avenida-7-de-setembro-e-cobra-reforco-na-seguranca\/","og_locale":"pt_BR","og_type":"article","og_title":"Kelly Fonteli relata furto na Avenida 7 de Setembro e cobra refor\u00e7o na seguran\u00e7a - Portal do Estado","og_description":"A cantora Kelly Fonteli foi v\u00edtima de furto no \u00faltimo dia 27 de abril de 2026, enquanto caminhava pela Avenida 7 de Setembro, importante polo comercial conhecido pela variedade de lojas de tecidos e armarinhos. De acordo com a artista, o crime aconteceu de forma discreta e r\u00e1pida, quando um homem a seguiu sem levantar \u2026","og_url":"https:\/\/portaldoestado.com.br\/index.php\/2026\/04\/30\/kelly-fonteli-relata-furto-na-avenida-7-de-setembro-e-cobra-reforco-na-seguranca\/","og_site_name":"Portal do Estado","article_published_time":"2026-04-30T05:44:24+00:00","og_image":[{"width":1320,"height":854,"url":"https:\/\/portaldoestado.com.br\/wp-content\/uploads\/2026\/04\/IMG_4784.jpeg","type":"image\/jpeg"}],"author":"assessoriadefamosos","twitter_card":"summary_large_image","twitter_misc":{"Escrito por":"assessoriadefamosos","Est. tempo de leitura":"1 minuto"},"schema":{"@context":"https:\/\/schema.org","@graph":[{"@type":"Article","@id":"https:\/\/portaldoestado.com.br\/index.php\/2026\/04\/30\/kelly-fonteli-relata-furto-na-avenida-7-de-setembro-e-cobra-reforco-na-seguranca\/#article","isPartOf":{"@id":"https:\/\/portaldoestado.com.br\/index.php\/2026\/04\/30\/kelly-fonteli-relata-furto-na-avenida-7-de-setembro-e-cobra-reforco-na-seguranca\/"},"author":{"name":"assessoriadefamosos","@id":"https:\/\/portaldoestado.com.br\/#\/schema\/person\/5ca0174f3c8c84b59da62ea14b698cb9"},"headline":"Kelly Fonteli relata furto na Avenida 7 de Setembro e cobra refor\u00e7o na seguran\u00e7a","datePublished":"2026-04-30T05:44:24+00:00","mainEntityOfPage":{"@id":"https:\/\/portaldoestado.com.br\/index.php\/2026\/04\/30\/kelly-fonteli-relata-furto-na-avenida-7-de-setembro-e-cobra-reforco-na-seguranca\/"},"wordCount":311,"publisher":{"@id":"https:\/\/portaldoestado.com.br\/#organization"},"image":{"@id":"https:\/\/portaldoestado.com.br\/index.php\/2026\/04\/30\/kelly-fonteli-relata-furto-na-avenida-7-de-setembro-e-cobra-reforco-na-seguranca\/#primaryimage"},"thumbnailUrl":"https:\/\/portaldoestado.com.br\/wp-content\/uploads\/2026\/04\/IMG_4784.jpeg","articleSection":["Famosos"],"inLanguage":"pt-BR"},{"@type":"WebPage","@id":"https:\/\/portaldoestado.com.br\/index.php\/2026\/04\/30\/kelly-fonteli-relata-furto-na-avenida-7-de-setembro-e-cobra-reforco-na-seguranca\/","url":"https:\/\/portaldoestado.com.br\/index.php\/2026\/04\/30\/kelly-fonteli-relata-furto-na-avenida-7-de-setembro-e-cobra-reforco-na-seguranca\/","name":"Kelly Fonteli relata furto na Avenida 7 de Setembro e cobra refor\u00e7o na seguran\u00e7a - Portal do Estado","isPartOf":{"@id":"https:\/\/portaldoestado.com.br\/#website"},"primaryImageOfPage":{"@id":"https:\/\/portaldoestado.com.br\/index.php\/2026\/04\/30\/kelly-fonteli-relata-furto-na-avenida-7-de-setembro-e-cobra-reforco-na-seguranca\/#primaryimage"},"image":{"@id":"https:\/\/portaldoestado.com.br\/index.php\/2026\/04\/30\/kelly-fonteli-relata-furto-na-avenida-7-de-setembro-e-cobra-reforco-na-seguranca\/#primaryimage"},"thumbnailUrl":"https:\/\/portaldoestado.com.br\/wp-content\/uploads\/2026\/04\/IMG_4784.jpeg","datePublished":"2026-04-30T05:44:24+00:00","breadcrumb":{"@id":"https:\/\/portaldoestado.com.br\/index.php\/2026\/04\/30\/kelly-fonteli-relata-furto-na-avenida-7-de-setembro-e-cobra-reforco-na-seguranca\/#breadcrumb"},"inLanguage":"pt-BR","potentialAction":[{"@type":"ReadAction","target":["https:\/\/portaldoestado.com.br\/index.php\/2026\/04\/30\/kelly-fonteli-relata-furto-na-avenida-7-de-setembro-e-cobra-reforco-na-seguranca\/"]}]},{"@type":"ImageObject","inLanguage":"pt-BR","@id":"https:\/\/portaldoestado.com.br\/index.php\/2026\/04\/30\/kelly-fonteli-relata-furto-na-avenida-7-de-setembro-e-cobra-reforco-na-seguranca\/#primaryimage","url":"https:\/\/portaldoestado.com.br\/wp-content\/uploads\/2026\/04\/IMG_4784.jpeg","contentUrl":"https:\/\/portaldoestado.com.br\/wp-content\/uploads\/2026\/04\/IMG_4784.jpeg","width":1320,"height":854},{"@type":"BreadcrumbList","@id":"https:\/\/portaldoestado.com.br\/index.php\/2026\/04\/30\/kelly-fonteli-relata-furto-na-avenida-7-de-setembro-e-cobra-reforco-na-seguranca\/#breadcrumb","itemListElement":[{"@type":"ListItem","position":1,"name":"In\u00edcio","item":"https:\/\/portaldoestado.com.br\/"},{"@type":"ListItem","position":2,"name":"Kelly Fonteli relata furto na Avenida 7 de Setembro e cobra refor\u00e7o na seguran\u00e7a"}]},{"@type":"WebSite","@id":"https:\/\/portaldoestado.com.br\/#website","url":"https:\/\/portaldoestado.com.br\/","name":"Portal do Estado","description":"","publisher":{"@id":"https:\/\/portaldoestado.com.br\/#organization"},"potentialAction":[{"@type":"SearchAction","target":{"@type":"EntryPoint","urlTemplate":"https:\/\/portaldoestado.com.br\/?s={search_term_string}"},"query-input":{"@type":"PropertyValueSpecification","valueRequired":true,"valueName":"search_term_string"}}],"inLanguage":"pt-BR"},{"@type":"Organization","@id":"https:\/\/portaldoestado.com.br\/#organization","name":"Portal do Estado","url":"https:\/\/portaldoestado.com.br\/","logo":{"@type":"ImageObject","inLanguage":"pt-BR","@id":"https:\/\/portaldoestado.com.br\/#\/schema\/logo\/image\/","url":"https:\/\/portaldoestado.com.br\/wp-content\/uploads\/2025\/04\/cropped-6f69b19a-6472-43bf-b1b3-e1910bbbd4e8.png","contentUrl":"https:\/\/portaldoestado.com.br\/wp-content\/uploads\/2025\/04\/cropped-6f69b19a-6472-43bf-b1b3-e1910bbbd4e8.png","width":1024,"height":350,"caption":"Portal do Estado"},"image":{"@id":"https:\/\/portaldoestado.com.br\/#\/schema\/logo\/image\/"}},{"@type":"Person","@id":"https:\/\/portaldoestado.com.br\/#\/schema\/person\/5ca0174f3c8c84b59da62ea14b698cb9","name":"assessoriadefamosos","image":{"@type":"ImageObject","inLanguage":"pt-BR","@id":"https:\/\/portaldoestado.com.br\/#\/schema\/person\/image\/","url":"https:\/\/secure.gravatar.com\/avatar\/a7acbdffcfbbae7240e59f47fe511ec5f5d8c252c779f0b8d9ab02a9e1d8c5ed?s=96&d=mm&r=g","contentUrl":"https:\/\/secure.gravatar.com\/avatar\/a7acbdffcfbbae7240e59f47fe511ec5f5d8c252c779f0b8d9ab02a9e1d8c5ed?s=96&d=mm&r=g","caption":"assessoriadefamosos"},"url":"https:\/\/portaldoestado.com.br\/index.php\/author\/assessoriadefamosos\/"}]}},"jetpack_featured_media_url":"https:\/\/portaldoestado.com.br\/wp-content\/uploads\/2026\/04\/IMG_4784.jpeg","_links":{"self":[{"href":"https:\/\/portaldoestado.com.br\/index.php\/wp-json\/wp\/v2\/posts\/8794","targetHints":{"allow":["GET"]}}],"collection":[{"href":"https:\/\/portaldoestado.com.br\/index.php\/wp-json\/wp\/v2\/posts"}],"about":[{"href":"https:\/\/portaldoestado.com.br\/index.php\/wp-json\/wp\/v2\/types\/post"}],"author":[{"embeddable":true,"href":"https:\/\/portaldoestado.com.br\/index.php\/wp-json\/wp\/v2\/users\/2"}],"replies":[{"embeddable":true,"href":"https:\/\/portaldoestado.com.br\/index.php\/wp-json\/wp\/v2\/comments?post=8794"}],"version-history":[{"count":1,"href":"https:\/\/portaldoestado.com.br\/index.php\/wp-json\/wp\/v2\/posts\/8794\/revisions"}],"predecessor-version":[{"id":8795,"href":"https:\/\/portaldoestado.com.br\/index.php\/wp-json\/wp\/v2\/posts\/8794\/revisions\/8795"}],"wp:featuredmedia":[{"embeddable":true,"href":"https:\/\/portaldoestado.com.br\/index.php\/wp-json\/wp\/v2\/media\/8793"}],"wp:attachment":[{"href":"https:\/\/portaldoestado.com.br\/index.php\/wp-json\/wp\/v2\/media?parent=8794"}],"wp:term":[{"taxonomy":"category","embeddable":true,"href":"https:\/\/portaldoestado.com.br\/index.php\/wp-json\/wp\/v2\/categories?post=8794"},{"taxonomy":"post_tag","embeddable":true,"href":"https:\/\/portaldoestado.com.br\/index.php\/wp-json\/wp\/v2\/tags?post=8794"}],"curies":[{"name":"wp","href":"https:\/\/api.w.org\/{rel}","templated":true}]}}