{"id":8791,"date":"2026-04-29T17:19:57","date_gmt":"2026-04-29T17:19:57","guid":{"rendered":"https:\/\/portaldoestado.com.br\/?p=8791"},"modified":"2026-04-29T17:19:57","modified_gmt":"2026-04-29T17:19:57","slug":"reporter-do-ig-rodrigo-t-ribeiro-e-o-novo-embaixador-do-turismo-do-coletivo-liderado-por-thiago-paes","status":"publish","type":"post","link":"https:\/\/portaldoestado.com.br\/index.php\/2026\/04\/29\/reporter-do-ig-rodrigo-t-ribeiro-e-o-novo-embaixador-do-turismo-do-coletivo-liderado-por-thiago-paes\/","title":{"rendered":"Rep\u00f3rter do iG, Rodrigo T. Ribeiro \u00e9 o novo embaixador do turismo do coletivo liderado por Thiago Paes"},"content":{"rendered":"\n<p>O jornalista Rodrigo T. Ribeiro passa a integrar o coletivo Embaixadores do Turismo, projeto de curadoria liderado pelo jornalista, advogado e cr\u00edtico gastron\u00f4mico Thiago Paes. Paes tamb\u00e9m \u00e9 curador dos ABAV Creators, da ABAV Nacional, e atuou como consultor da Embratur em projetos de influ\u00eancia digital.<\/p>\n\n\n\n<p>A escolha de Ribeiro reconhece 15 anos de cobertura jornal\u00edstica em diversos ve\u00edculos de comunica\u00e7\u00e3o. Recentemente, ele assina reportagens para o iG Turismo e iG Receitas. O portal iG \u00e9 refer\u00eancia na cobertura de turismo h\u00e1 25 anos, consolidando pautas sobre destinos, experi\u00eancias e economia criativa no setor.<\/p>\n\n\n\n<p>\u201cO convite veio como misto de surpresa e alegria. Quero poder desempenhar bem o papel de embaixador do turismo nesse coletivo maravilhoso que agrega o trade, jornalistas, influenciadores e produtores de conte\u00fado que est\u00e3o alinhados com o receptivo, pol\u00edticas p\u00fablicas voltadas para o turismo e tamb\u00e9m o artesanato, que como uma das atividades tur\u00edsticas \u00e9 motor de desenvolvimento para diversas comunidades em todo o Brasil\u201d, afirmou Rodrigo T. Ribeiro.<\/p>\n\n\n\n<p>O jornalista destacou o compromisso com o grupo. \u201cEspero que o meu trabalho e aprendizado seja muito edificante e que eu possa colaborar com meu conhecimento, mas tamb\u00e9m aprender com cada um que j\u00e1 faz parte deste coletivo. Para mim, estar aqui nesse grupo \u00e9 sin\u00f4nimo de compromisso, estrat\u00e9gia, gest\u00e3o e vis\u00e3o de mercado\u201d.<\/p>\n\n\n\n<p>Criador do coletivo, Thiago Paes detalha a trajet\u00f3ria que o levou ao turismo B2B2C. \u201cMinha rela\u00e7\u00e3o com o turismo vem de longa data. Sempre fui apaixonado n\u00e3o s\u00f3 por viagens, mas pelo business do turismo. Comecei a criar conte\u00fado em 2015 com o canal Pa\u00eds pelo Mundo. A partir disso, atrav\u00e9s do jornalismo e da comunica\u00e7\u00e3o, participei de grandes projetos como o Movimento Superaturismo, que foi um movimento muito importante de resgate da empregabilidade no setor durante a pandemia\u201d, disse Paes, que \u00e9 diretor e curador do Embaixadores do Turismo.<\/p>\n\n\n\n<p>Segundo ele, o trabalho atual conecta mercado e consumidor final. \u201cIsso me catapultou para um turismo B2B2C. \u00c9 um conte\u00fado que tem interesse para o mercado, por isso participo das feiras, mas tamb\u00e9m tem interesse para o consumidor final. Apresento um programa na televis\u00e3o no Travel Box Brasil sobre as experi\u00eancias de viagem.\u201d<\/p>\n\n\n\n<p>Paes circula pelas principais feiras internacionais do setor. \u201cParticipo da WTM em Londres, da FITUR em Madrid. Isso acaba sendo um ponto de refer\u00eancia para trazer o que \u00e9 tend\u00eancia para o turismo brasileiro, principalmente para os agentes de viagem que me seguem nas redes sociais e nos meus canais de distribui\u00e7\u00e3o.\u201d<\/p>\n\n\n\n<p>Para o curador, o momento \u00e9 de expans\u00e3o da imagem do Brasil l\u00e1 fora. \u201cO turismo brasileiro est\u00e1 sempre em movimento. A grande novidade agora \u00e9 o Desbrava, projeto da Embratur que faz um link entre experi\u00eancias no interior do Brasil e os operadores internacionais. Programas como o Desbrava, o Fio Brasil e o pr\u00f3prio ABAV Creators s\u00e3o o grande ponto de inflex\u00e3o, fazendo com que o turismo saia desse estere\u00f3tipo de sol, mar, carnaval e futebol e passe a mostrar outras coisas, como o afroturismo, turismo ecol\u00f3gico, de base comunit\u00e1ria, ind\u00edgena e o gastron\u00f4mico. Nossa diversidade gastron\u00f4mica precisa ser reconhecida no mercado internacional. Essa \u00e9 a minha maior miss\u00e3o dentro do turismo brasileiro.\u201d<\/p>\n\n\n\n<p>O coletivo Embaixadores do Turismo re\u00fane profissionais que atuam na promo\u00e7\u00e3o de destinos, experi\u00eancias e pol\u00edticas p\u00fablicas para o setor. A entrada de Rodrigo T. Ribeiro refor\u00e7a a presen\u00e7a do jornalismo especializado no grupo.<\/p>\n\n\n\n<p><em><strong>Fonte: iG Turismo<\/strong><\/em><\/p>\n","protected":false},"excerpt":{"rendered":"<p>O jornalista Rodrigo T. Ribeiro passa a integrar o coletivo Embaixadores do Turismo, projeto de curadoria liderado pelo jornalista, advogado e cr\u00edtico gastron\u00f4mico Thiago Paes. Paes tamb\u00e9m \u00e9 curador dos ABAV Creators, da ABAV Nacional, e atuou como consultor da Embratur em projetos de influ\u00eancia digital. A escolha de Ribeiro reconhece 15 anos de cobertura \u2026<\/p>\n","protected":false},"author":2,"featured_media":8790,"comment_status":"closed","ping_status":"open","sticky":false,"template":"","format":"standard","meta":{"footnotes":""},"categories":[4,32],"tags":[],"class_list":["post-8791","post","type-post","status-publish","format-standard","has-post-thumbnail","hentry","category-geral","category-turismo"],"yoast_head":"<!-- This site is optimized with the Yoast SEO plugin v25.5 - https:\/\/yoast.com\/wordpress\/plugins\/seo\/ -->\n<title>Rep\u00f3rter do iG, Rodrigo T. Ribeiro \u00e9 o novo embaixador do turismo do coletivo liderado por Thiago Paes - Portal do Estado<\/title>\n<meta name=\"robots\" content=\"index, follow, max-snippet:-1, max-image-preview:large, max-video-preview:-1\" \/>\n<link rel=\"canonical\" href=\"https:\/\/portaldoestado.com.br\/index.php\/2026\/04\/29\/reporter-do-ig-rodrigo-t-ribeiro-e-o-novo-embaixador-do-turismo-do-coletivo-liderado-por-thiago-paes\/\" \/>\n<meta property=\"og:locale\" content=\"pt_BR\" \/>\n<meta property=\"og:type\" content=\"article\" \/>\n<meta property=\"og:title\" content=\"Rep\u00f3rter do iG, Rodrigo T. Ribeiro \u00e9 o novo embaixador do turismo do coletivo liderado por Thiago Paes - Portal do Estado\" \/>\n<meta property=\"og:description\" content=\"O jornalista Rodrigo T. Ribeiro passa a integrar o coletivo Embaixadores do Turismo, projeto de curadoria liderado pelo jornalista, advogado e cr\u00edtico gastron\u00f4mico Thiago Paes. Paes tamb\u00e9m \u00e9 curador dos ABAV Creators, da ABAV Nacional, e atuou como consultor da Embratur em projetos de influ\u00eancia digital. A escolha de Ribeiro reconhece 15 anos de cobertura \u2026\" \/>\n<meta property=\"og:url\" content=\"https:\/\/portaldoestado.com.br\/index.php\/2026\/04\/29\/reporter-do-ig-rodrigo-t-ribeiro-e-o-novo-embaixador-do-turismo-do-coletivo-liderado-por-thiago-paes\/\" \/>\n<meta property=\"og:site_name\" content=\"Portal do Estado\" \/>\n<meta property=\"article:published_time\" content=\"2026-04-29T17:19:57+00:00\" \/>\n<meta property=\"og:image\" content=\"https:\/\/portaldoestado.com.br\/wp-content\/uploads\/2026\/04\/iG-RodrigoT-Ribeiro-002.png\" \/>\n\t<meta property=\"og:image:width\" content=\"1080\" \/>\n\t<meta property=\"og:image:height\" content=\"566\" \/>\n\t<meta property=\"og:image:type\" content=\"image\/png\" \/>\n<meta name=\"author\" content=\"assessoriadefamosos\" \/>\n<meta name=\"twitter:card\" content=\"summary_large_image\" \/>\n<meta name=\"twitter:label1\" content=\"Escrito por\" \/>\n\t<meta name=\"twitter:data1\" content=\"assessoriadefamosos\" \/>\n\t<meta name=\"twitter:label2\" content=\"Est. tempo de leitura\" \/>\n\t<meta name=\"twitter:data2\" content=\"3 minutos\" \/>\n<script type=\"application\/ld+json\" class=\"yoast-schema-graph\">{\"@context\":\"https:\/\/schema.org\",\"@graph\":[{\"@type\":\"Article\",\"@id\":\"https:\/\/portaldoestado.com.br\/index.php\/2026\/04\/29\/reporter-do-ig-rodrigo-t-ribeiro-e-o-novo-embaixador-do-turismo-do-coletivo-liderado-por-thiago-paes\/#article\",\"isPartOf\":{\"@id\":\"https:\/\/portaldoestado.com.br\/index.php\/2026\/04\/29\/reporter-do-ig-rodrigo-t-ribeiro-e-o-novo-embaixador-do-turismo-do-coletivo-liderado-por-thiago-paes\/\"},\"author\":{\"name\":\"assessoriadefamosos\",\"@id\":\"https:\/\/portaldoestado.com.br\/#\/schema\/person\/5ca0174f3c8c84b59da62ea14b698cb9\"},\"headline\":\"Rep\u00f3rter do iG, Rodrigo T. Ribeiro \u00e9 o novo embaixador do turismo do coletivo liderado por Thiago Paes\",\"datePublished\":\"2026-04-29T17:19:57+00:00\",\"mainEntityOfPage\":{\"@id\":\"https:\/\/portaldoestado.com.br\/index.php\/2026\/04\/29\/reporter-do-ig-rodrigo-t-ribeiro-e-o-novo-embaixador-do-turismo-do-coletivo-liderado-por-thiago-paes\/\"},\"wordCount\":625,\"publisher\":{\"@id\":\"https:\/\/portaldoestado.com.br\/#organization\"},\"image\":{\"@id\":\"https:\/\/portaldoestado.com.br\/index.php\/2026\/04\/29\/reporter-do-ig-rodrigo-t-ribeiro-e-o-novo-embaixador-do-turismo-do-coletivo-liderado-por-thiago-paes\/#primaryimage\"},\"thumbnailUrl\":\"https:\/\/portaldoestado.com.br\/wp-content\/uploads\/2026\/04\/iG-RodrigoT-Ribeiro-002.png\",\"articleSection\":[\"Geral\",\"Turismo\"],\"inLanguage\":\"pt-BR\"},{\"@type\":\"WebPage\",\"@id\":\"https:\/\/portaldoestado.com.br\/index.php\/2026\/04\/29\/reporter-do-ig-rodrigo-t-ribeiro-e-o-novo-embaixador-do-turismo-do-coletivo-liderado-por-thiago-paes\/\",\"url\":\"https:\/\/portaldoestado.com.br\/index.php\/2026\/04\/29\/reporter-do-ig-rodrigo-t-ribeiro-e-o-novo-embaixador-do-turismo-do-coletivo-liderado-por-thiago-paes\/\",\"name\":\"Rep\u00f3rter do iG, Rodrigo T. Ribeiro \u00e9 o novo embaixador do turismo do coletivo liderado por Thiago Paes - Portal do Estado\",\"isPartOf\":{\"@id\":\"https:\/\/portaldoestado.com.br\/#website\"},\"primaryImageOfPage\":{\"@id\":\"https:\/\/portaldoestado.com.br\/index.php\/2026\/04\/29\/reporter-do-ig-rodrigo-t-ribeiro-e-o-novo-embaixador-do-turismo-do-coletivo-liderado-por-thiago-paes\/#primaryimage\"},\"image\":{\"@id\":\"https:\/\/portaldoestado.com.br\/index.php\/2026\/04\/29\/reporter-do-ig-rodrigo-t-ribeiro-e-o-novo-embaixador-do-turismo-do-coletivo-liderado-por-thiago-paes\/#primaryimage\"},\"thumbnailUrl\":\"https:\/\/portaldoestado.com.br\/wp-content\/uploads\/2026\/04\/iG-RodrigoT-Ribeiro-002.png\",\"datePublished\":\"2026-04-29T17:19:57+00:00\",\"breadcrumb\":{\"@id\":\"https:\/\/portaldoestado.com.br\/index.php\/2026\/04\/29\/reporter-do-ig-rodrigo-t-ribeiro-e-o-novo-embaixador-do-turismo-do-coletivo-liderado-por-thiago-paes\/#breadcrumb\"},\"inLanguage\":\"pt-BR\",\"potentialAction\":[{\"@type\":\"ReadAction\",\"target\":[\"https:\/\/portaldoestado.com.br\/index.php\/2026\/04\/29\/reporter-do-ig-rodrigo-t-ribeiro-e-o-novo-embaixador-do-turismo-do-coletivo-liderado-por-thiago-paes\/\"]}]},{\"@type\":\"ImageObject\",\"inLanguage\":\"pt-BR\",\"@id\":\"https:\/\/portaldoestado.com.br\/index.php\/2026\/04\/29\/reporter-do-ig-rodrigo-t-ribeiro-e-o-novo-embaixador-do-turismo-do-coletivo-liderado-por-thiago-paes\/#primaryimage\",\"url\":\"https:\/\/portaldoestado.com.br\/wp-content\/uploads\/2026\/04\/iG-RodrigoT-Ribeiro-002.png\",\"contentUrl\":\"https:\/\/portaldoestado.com.br\/wp-content\/uploads\/2026\/04\/iG-RodrigoT-Ribeiro-002.png\",\"width\":1080,\"height\":566},{\"@type\":\"BreadcrumbList\",\"@id\":\"https:\/\/portaldoestado.com.br\/index.php\/2026\/04\/29\/reporter-do-ig-rodrigo-t-ribeiro-e-o-novo-embaixador-do-turismo-do-coletivo-liderado-por-thiago-paes\/#breadcrumb\",\"itemListElement\":[{\"@type\":\"ListItem\",\"position\":1,\"name\":\"In\u00edcio\",\"item\":\"https:\/\/portaldoestado.com.br\/\"},{\"@type\":\"ListItem\",\"position\":2,\"name\":\"Rep\u00f3rter do iG, Rodrigo T. Ribeiro \u00e9 o novo embaixador do turismo do coletivo liderado por Thiago Paes\"}]},{\"@type\":\"WebSite\",\"@id\":\"https:\/\/portaldoestado.com.br\/#website\",\"url\":\"https:\/\/portaldoestado.com.br\/\",\"name\":\"Portal do Estado\",\"description\":\"\",\"publisher\":{\"@id\":\"https:\/\/portaldoestado.com.br\/#organization\"},\"potentialAction\":[{\"@type\":\"SearchAction\",\"target\":{\"@type\":\"EntryPoint\",\"urlTemplate\":\"https:\/\/portaldoestado.com.br\/?s={search_term_string}\"},\"query-input\":{\"@type\":\"PropertyValueSpecification\",\"valueRequired\":true,\"valueName\":\"search_term_string\"}}],\"inLanguage\":\"pt-BR\"},{\"@type\":\"Organization\",\"@id\":\"https:\/\/portaldoestado.com.br\/#organization\",\"name\":\"Portal do Estado\",\"url\":\"https:\/\/portaldoestado.com.br\/\",\"logo\":{\"@type\":\"ImageObject\",\"inLanguage\":\"pt-BR\",\"@id\":\"https:\/\/portaldoestado.com.br\/#\/schema\/logo\/image\/\",\"url\":\"https:\/\/portaldoestado.com.br\/wp-content\/uploads\/2025\/04\/cropped-6f69b19a-6472-43bf-b1b3-e1910bbbd4e8.png\",\"contentUrl\":\"https:\/\/portaldoestado.com.br\/wp-content\/uploads\/2025\/04\/cropped-6f69b19a-6472-43bf-b1b3-e1910bbbd4e8.png\",\"width\":1024,\"height\":350,\"caption\":\"Portal do Estado\"},\"image\":{\"@id\":\"https:\/\/portaldoestado.com.br\/#\/schema\/logo\/image\/\"}},{\"@type\":\"Person\",\"@id\":\"https:\/\/portaldoestado.com.br\/#\/schema\/person\/5ca0174f3c8c84b59da62ea14b698cb9\",\"name\":\"assessoriadefamosos\",\"image\":{\"@type\":\"ImageObject\",\"inLanguage\":\"pt-BR\",\"@id\":\"https:\/\/portaldoestado.com.br\/#\/schema\/person\/image\/\",\"url\":\"https:\/\/secure.gravatar.com\/avatar\/a7acbdffcfbbae7240e59f47fe511ec5f5d8c252c779f0b8d9ab02a9e1d8c5ed?s=96&d=mm&r=g\",\"contentUrl\":\"https:\/\/secure.gravatar.com\/avatar\/a7acbdffcfbbae7240e59f47fe511ec5f5d8c252c779f0b8d9ab02a9e1d8c5ed?s=96&d=mm&r=g\",\"caption\":\"assessoriadefamosos\"},\"url\":\"https:\/\/portaldoestado.com.br\/index.php\/author\/assessoriadefamosos\/\"}]}<\/script>\n<!-- \/ Yoast SEO plugin. -->","yoast_head_json":{"title":"Rep\u00f3rter do iG, Rodrigo T. Ribeiro \u00e9 o novo embaixador do turismo do coletivo liderado por Thiago Paes - Portal do Estado","robots":{"index":"index","follow":"follow","max-snippet":"max-snippet:-1","max-image-preview":"max-image-preview:large","max-video-preview":"max-video-preview:-1"},"canonical":"https:\/\/portaldoestado.com.br\/index.php\/2026\/04\/29\/reporter-do-ig-rodrigo-t-ribeiro-e-o-novo-embaixador-do-turismo-do-coletivo-liderado-por-thiago-paes\/","og_locale":"pt_BR","og_type":"article","og_title":"Rep\u00f3rter do iG, Rodrigo T. Ribeiro \u00e9 o novo embaixador do turismo do coletivo liderado por Thiago Paes - Portal do Estado","og_description":"O jornalista Rodrigo T. Ribeiro passa a integrar o coletivo Embaixadores do Turismo, projeto de curadoria liderado pelo jornalista, advogado e cr\u00edtico gastron\u00f4mico Thiago Paes. Paes tamb\u00e9m \u00e9 curador dos ABAV Creators, da ABAV Nacional, e atuou como consultor da Embratur em projetos de influ\u00eancia digital. A escolha de Ribeiro reconhece 15 anos de cobertura \u2026","og_url":"https:\/\/portaldoestado.com.br\/index.php\/2026\/04\/29\/reporter-do-ig-rodrigo-t-ribeiro-e-o-novo-embaixador-do-turismo-do-coletivo-liderado-por-thiago-paes\/","og_site_name":"Portal do Estado","article_published_time":"2026-04-29T17:19:57+00:00","og_image":[{"width":1080,"height":566,"url":"https:\/\/portaldoestado.com.br\/wp-content\/uploads\/2026\/04\/iG-RodrigoT-Ribeiro-002.png","type":"image\/png"}],"author":"assessoriadefamosos","twitter_card":"summary_large_image","twitter_misc":{"Escrito por":"assessoriadefamosos","Est. tempo de leitura":"3 minutos"},"schema":{"@context":"https:\/\/schema.org","@graph":[{"@type":"Article","@id":"https:\/\/portaldoestado.com.br\/index.php\/2026\/04\/29\/reporter-do-ig-rodrigo-t-ribeiro-e-o-novo-embaixador-do-turismo-do-coletivo-liderado-por-thiago-paes\/#article","isPartOf":{"@id":"https:\/\/portaldoestado.com.br\/index.php\/2026\/04\/29\/reporter-do-ig-rodrigo-t-ribeiro-e-o-novo-embaixador-do-turismo-do-coletivo-liderado-por-thiago-paes\/"},"author":{"name":"assessoriadefamosos","@id":"https:\/\/portaldoestado.com.br\/#\/schema\/person\/5ca0174f3c8c84b59da62ea14b698cb9"},"headline":"Rep\u00f3rter do iG, Rodrigo T. Ribeiro \u00e9 o novo embaixador do turismo do coletivo liderado por Thiago Paes","datePublished":"2026-04-29T17:19:57+00:00","mainEntityOfPage":{"@id":"https:\/\/portaldoestado.com.br\/index.php\/2026\/04\/29\/reporter-do-ig-rodrigo-t-ribeiro-e-o-novo-embaixador-do-turismo-do-coletivo-liderado-por-thiago-paes\/"},"wordCount":625,"publisher":{"@id":"https:\/\/portaldoestado.com.br\/#organization"},"image":{"@id":"https:\/\/portaldoestado.com.br\/index.php\/2026\/04\/29\/reporter-do-ig-rodrigo-t-ribeiro-e-o-novo-embaixador-do-turismo-do-coletivo-liderado-por-thiago-paes\/#primaryimage"},"thumbnailUrl":"https:\/\/portaldoestado.com.br\/wp-content\/uploads\/2026\/04\/iG-RodrigoT-Ribeiro-002.png","articleSection":["Geral","Turismo"],"inLanguage":"pt-BR"},{"@type":"WebPage","@id":"https:\/\/portaldoestado.com.br\/index.php\/2026\/04\/29\/reporter-do-ig-rodrigo-t-ribeiro-e-o-novo-embaixador-do-turismo-do-coletivo-liderado-por-thiago-paes\/","url":"https:\/\/portaldoestado.com.br\/index.php\/2026\/04\/29\/reporter-do-ig-rodrigo-t-ribeiro-e-o-novo-embaixador-do-turismo-do-coletivo-liderado-por-thiago-paes\/","name":"Rep\u00f3rter do iG, Rodrigo T. Ribeiro \u00e9 o novo embaixador do turismo do coletivo liderado por Thiago Paes - Portal do Estado","isPartOf":{"@id":"https:\/\/portaldoestado.com.br\/#website"},"primaryImageOfPage":{"@id":"https:\/\/portaldoestado.com.br\/index.php\/2026\/04\/29\/reporter-do-ig-rodrigo-t-ribeiro-e-o-novo-embaixador-do-turismo-do-coletivo-liderado-por-thiago-paes\/#primaryimage"},"image":{"@id":"https:\/\/portaldoestado.com.br\/index.php\/2026\/04\/29\/reporter-do-ig-rodrigo-t-ribeiro-e-o-novo-embaixador-do-turismo-do-coletivo-liderado-por-thiago-paes\/#primaryimage"},"thumbnailUrl":"https:\/\/portaldoestado.com.br\/wp-content\/uploads\/2026\/04\/iG-RodrigoT-Ribeiro-002.png","datePublished":"2026-04-29T17:19:57+00:00","breadcrumb":{"@id":"https:\/\/portaldoestado.com.br\/index.php\/2026\/04\/29\/reporter-do-ig-rodrigo-t-ribeiro-e-o-novo-embaixador-do-turismo-do-coletivo-liderado-por-thiago-paes\/#breadcrumb"},"inLanguage":"pt-BR","potentialAction":[{"@type":"ReadAction","target":["https:\/\/portaldoestado.com.br\/index.php\/2026\/04\/29\/reporter-do-ig-rodrigo-t-ribeiro-e-o-novo-embaixador-do-turismo-do-coletivo-liderado-por-thiago-paes\/"]}]},{"@type":"ImageObject","inLanguage":"pt-BR","@id":"https:\/\/portaldoestado.com.br\/index.php\/2026\/04\/29\/reporter-do-ig-rodrigo-t-ribeiro-e-o-novo-embaixador-do-turismo-do-coletivo-liderado-por-thiago-paes\/#primaryimage","url":"https:\/\/portaldoestado.com.br\/wp-content\/uploads\/2026\/04\/iG-RodrigoT-Ribeiro-002.png","contentUrl":"https:\/\/portaldoestado.com.br\/wp-content\/uploads\/2026\/04\/iG-RodrigoT-Ribeiro-002.png","width":1080,"height":566},{"@type":"BreadcrumbList","@id":"https:\/\/portaldoestado.com.br\/index.php\/2026\/04\/29\/reporter-do-ig-rodrigo-t-ribeiro-e-o-novo-embaixador-do-turismo-do-coletivo-liderado-por-thiago-paes\/#breadcrumb","itemListElement":[{"@type":"ListItem","position":1,"name":"In\u00edcio","item":"https:\/\/portaldoestado.com.br\/"},{"@type":"ListItem","position":2,"name":"Rep\u00f3rter do iG, Rodrigo T. Ribeiro \u00e9 o novo embaixador do turismo do coletivo liderado por Thiago Paes"}]},{"@type":"WebSite","@id":"https:\/\/portaldoestado.com.br\/#website","url":"https:\/\/portaldoestado.com.br\/","name":"Portal do Estado","description":"","publisher":{"@id":"https:\/\/portaldoestado.com.br\/#organization"},"potentialAction":[{"@type":"SearchAction","target":{"@type":"EntryPoint","urlTemplate":"https:\/\/portaldoestado.com.br\/?s={search_term_string}"},"query-input":{"@type":"PropertyValueSpecification","valueRequired":true,"valueName":"search_term_string"}}],"inLanguage":"pt-BR"},{"@type":"Organization","@id":"https:\/\/portaldoestado.com.br\/#organization","name":"Portal do Estado","url":"https:\/\/portaldoestado.com.br\/","logo":{"@type":"ImageObject","inLanguage":"pt-BR","@id":"https:\/\/portaldoestado.com.br\/#\/schema\/logo\/image\/","url":"https:\/\/portaldoestado.com.br\/wp-content\/uploads\/2025\/04\/cropped-6f69b19a-6472-43bf-b1b3-e1910bbbd4e8.png","contentUrl":"https:\/\/portaldoestado.com.br\/wp-content\/uploads\/2025\/04\/cropped-6f69b19a-6472-43bf-b1b3-e1910bbbd4e8.png","width":1024,"height":350,"caption":"Portal do Estado"},"image":{"@id":"https:\/\/portaldoestado.com.br\/#\/schema\/logo\/image\/"}},{"@type":"Person","@id":"https:\/\/portaldoestado.com.br\/#\/schema\/person\/5ca0174f3c8c84b59da62ea14b698cb9","name":"assessoriadefamosos","image":{"@type":"ImageObject","inLanguage":"pt-BR","@id":"https:\/\/portaldoestado.com.br\/#\/schema\/person\/image\/","url":"https:\/\/secure.gravatar.com\/avatar\/a7acbdffcfbbae7240e59f47fe511ec5f5d8c252c779f0b8d9ab02a9e1d8c5ed?s=96&d=mm&r=g","contentUrl":"https:\/\/secure.gravatar.com\/avatar\/a7acbdffcfbbae7240e59f47fe511ec5f5d8c252c779f0b8d9ab02a9e1d8c5ed?s=96&d=mm&r=g","caption":"assessoriadefamosos"},"url":"https:\/\/portaldoestado.com.br\/index.php\/author\/assessoriadefamosos\/"}]}},"jetpack_featured_media_url":"https:\/\/portaldoestado.com.br\/wp-content\/uploads\/2026\/04\/iG-RodrigoT-Ribeiro-002.png","_links":{"self":[{"href":"https:\/\/portaldoestado.com.br\/index.php\/wp-json\/wp\/v2\/posts\/8791","targetHints":{"allow":["GET"]}}],"collection":[{"href":"https:\/\/portaldoestado.com.br\/index.php\/wp-json\/wp\/v2\/posts"}],"about":[{"href":"https:\/\/portaldoestado.com.br\/index.php\/wp-json\/wp\/v2\/types\/post"}],"author":[{"embeddable":true,"href":"https:\/\/portaldoestado.com.br\/index.php\/wp-json\/wp\/v2\/users\/2"}],"replies":[{"embeddable":true,"href":"https:\/\/portaldoestado.com.br\/index.php\/wp-json\/wp\/v2\/comments?post=8791"}],"version-history":[{"count":1,"href":"https:\/\/portaldoestado.com.br\/index.php\/wp-json\/wp\/v2\/posts\/8791\/revisions"}],"predecessor-version":[{"id":8792,"href":"https:\/\/portaldoestado.com.br\/index.php\/wp-json\/wp\/v2\/posts\/8791\/revisions\/8792"}],"wp:featuredmedia":[{"embeddable":true,"href":"https:\/\/portaldoestado.com.br\/index.php\/wp-json\/wp\/v2\/media\/8790"}],"wp:attachment":[{"href":"https:\/\/portaldoestado.com.br\/index.php\/wp-json\/wp\/v2\/media?parent=8791"}],"wp:term":[{"taxonomy":"category","embeddable":true,"href":"https:\/\/portaldoestado.com.br\/index.php\/wp-json\/wp\/v2\/categories?post=8791"},{"taxonomy":"post_tag","embeddable":true,"href":"https:\/\/portaldoestado.com.br\/index.php\/wp-json\/wp\/v2\/tags?post=8791"}],"curies":[{"name":"wp","href":"https:\/\/api.w.org\/{rel}","templated":true}]}}