{"id":8788,"date":"2026-04-29T16:02:27","date_gmt":"2026-04-29T16:02:27","guid":{"rendered":"https:\/\/portaldoestado.com.br\/?p=8788"},"modified":"2026-04-29T16:02:27","modified_gmt":"2026-04-29T16:02:27","slug":"o-canto-coral-esta-na-moda-a-sinfonia-interdisciplinar-do-maestro-paulo-sergio-motta","status":"publish","type":"post","link":"https:\/\/portaldoestado.com.br\/index.php\/2026\/04\/29\/o-canto-coral-esta-na-moda-a-sinfonia-interdisciplinar-do-maestro-paulo-sergio-motta\/","title":{"rendered":"&#8220;O Canto Coral est\u00e1 na moda&#8221;: A Sinfonia Interdisciplinar do Maestro Paulo Sergio Motta"},"content":{"rendered":"\n<p>Houve um tempo em que o canto coral era visto como uma atividade est\u00e1tica ou restrita a c\u00edrculos tradicionais. Hoje, o cen\u00e1rio mudou drasticamente. O canto coral est\u00e1 na moda, mas para o <strong>Maestro Paulo Sergio Motta<\/strong>, essa tend\u00eancia \u00e9, na verdade, uma ferramenta de alto impacto para a gest\u00e3o, a sa\u00fade e a inova\u00e7\u00e3o. Carioca de nascimento e &#8220;goioca&#8221; de cora\u00e7\u00e3o \u2014 radicado em Goi\u00e2nia h\u00e1 mais de uma d\u00e9cada \u2014, ele une a criatividade vibrante do Rio de Janeiro \u00e0 organiza\u00e7\u00e3o tecnol\u00f3gica para reger muito mais do que notas musicais: ele rege o bem-estar e a performance humana.<\/p>\n\n\n\n<p><strong>Uma Trajet\u00f3ria de Refer\u00eancia: Do Rio para o Cora\u00e7\u00e3o do Brasil<\/strong>\nCom 56 anos e uma carreira de 35 anos dedicados ao canto coral, a trajet\u00f3ria de Paulo Sergio \u00e9 marcada por um raro equil\u00edbrio entre a arte e a gest\u00e3o. Bacharel e Licenciado em M\u00fasica, ele tamb\u00e9m possui forma\u00e7\u00e3o em Administra\u00e7\u00e3o de Empresas, o que lhe confere uma vis\u00e3o sist\u00eamica \u00fanica no mercado.<\/p>\n\n\n\n<p>Sua hist\u00f3ria inclui passagens por projetos de grande relev\u00e2ncia social, como o Redes da Mar\u00e9, no Rio de Janeiro, e a conquista do prestigiado Pr\u00eamio Lions Club Internacional de Cultura. Em Goi\u00e1s, ele expandiu essa atua\u00e7\u00e3o, passando por institui\u00e7\u00f5es como o ITEGO e consolidando-se como um dos principais articuladores do movimento coral no estado, sendo um dos organizadores do ENCoros (Encontro de Coros).<\/p>\n\n\n\n<p><strong>Equipe Interdisciplinar: M\u00fasica, Psicologia e Produ\u00e7\u00e3o<\/strong>\nO grande diferencial da metodologia de Paulo Sergio \u00e9 o trabalho interdisciplinar. Ele lidera uma equipe de elite que conta com uma Doutora em Psicologia, al\u00e9m de uma cantora e produtora especializada. Essa uni\u00e3o de saberes permite que o coro seja tratado como um organismo vivo:\n\u2022 A Psicologia atua no mapeamento comportamental e no suporte emocional, ajudando a quebrar ciclos de estresse e organizar o pensamento.\n\u2022 A Produ\u00e7\u00e3o garante o rigor t\u00e9cnico e a excel\u00eancia est\u00e9tica dos espet\u00e1culos.\n\u2022 A Reg\u00eancia conduz a harmonia atrav\u00e9s de sistemas inovadores e plataformas exclusivas de gest\u00e3o, que digitalizam o aprendizado e garantem efici\u00eancia.<\/p>\n\n\n\n<p><img loading=\"lazy\" decoding=\"async\" src=\"https:\/\/tonamidia.com.br\/wp-content\/uploads\/2026\/04\/maestropaulosergiomotta-03-mavicaassessoria.jpg\" alt=\"\" width=\"760\" height=\"428\">\n<strong>Um Portf\u00f3lio de Vozes: Da Elite ao Social<\/strong>\nA versatilidade do Maestro reflete-se na diversidade de seus grupos:\n\u2022 Onix Brasil Vocal Internacional: Um grupo de elite fundado por ele para levar a m\u00fasica vocal brasileira a palcos internacionais.\n\u2022 Estrelas do Cerrado, um Vocal Infanto-Juvenil (Parceria Universo Goi\u00e2nia): Um projeto de canto coral infanto-juvenil, que valoriza a identidade e a for\u00e7a da cultura regional de goi\u00e1s e focado na forma\u00e7\u00e3o e inicia\u00e7\u00e3o musical de novas gera\u00e7\u00f5es.\n\u2022 Coro da Igreja Santo Ant\u00f4nio: Um Coral infanto-juvenil onde atua como diretor musical e condutor.<\/p>\n\n\n\n<p><img loading=\"lazy\" decoding=\"async\" src=\"https:\/\/tonamidia.com.br\/wp-content\/uploads\/2026\/04\/maestropaulosergiomotta-02-mavicaassessoria.jpg\" alt=\"\" width=\"760\" height=\"428\">\n<strong>O Coro Corporativo e a Blindagem da NR1<\/strong>\nNo ambiente empresarial, o Maestro rege o Coro do Flamboyant, focado exclusivamente na qualidade de vida no trabalho. Aqui, o canto coral torna-se uma resposta estrat\u00e9gica aos desafios dos mundos VUCA e BANI (Fr\u00e1gil, Ansioso, N\u00e3o-linear e Incompreens\u00edvel) que hoje permeia o mundo corporativo.\n&#8220;Os l\u00edderes hoje enfrentam uma jornada solit\u00e1ria e de alta press\u00e3o. Nosso trabalho interdisciplinar ajuda a organizar o pensamento para gerir em tempos de caos&#8221;, explica o Maestro. &#8220;Al\u00e9m disso, o canto coral \u00e9 uma ferramenta poderosa para atender \u00e0 NR1 (Norma Regulamentadora 1). Ele atua diretamente na sa\u00fade do trabalhador, reduzindo riscos psicossociais e promovendo um ambiente preventivo e harm\u00f4nico.&#8221;\nSeja regendo grandes grupos ou coordenando plataformas inovadoras ligadas ao canto coral, o Maestro Paulo Sergio Motta prova que o canto coral est\u00e1 na moda porque, sob a reg\u00eancia certa e com o suporte cient\u00edfico adequado, ele \u00e9 a tecnologia humana mais eficiente para harmonizar o futuro.<\/p>\n\n\n\n<p><img loading=\"lazy\" decoding=\"async\" src=\"https:\/\/tonamidia.com.br\/wp-content\/uploads\/2026\/04\/maestropaulosergiomotta-01-mavicaassessoria.jpg\" alt=\"\" width=\"760\" height=\"428\">\nMaestro Paulo Sergio Motta M\u00fasico e Especialista em Inova\u00e7\u00e3o Coral. Possui Equipe Interdisciplinar: Psicologia, M\u00fasica e Gest\u00e3o. Consultoria em Sa\u00fade do Trabalhador e Performance Coletiva.<\/p>\n\n\n\n<p><strong>>> Instagram <a href=\"https:\/\/www.instagram.com\/paulosergiomottamusic\/\" target=\"_blank\" rel=\"noreferrer noopener\">@paulosergiomottamusic<\/a><\/strong><\/p>\n\n\n\n<p>#claudelopes70 #maestropaulosergiomotta<\/p>\n","protected":false},"excerpt":{"rendered":"<p>Houve um tempo em que o canto coral era visto como uma atividade est\u00e1tica ou restrita a c\u00edrculos tradicionais. Hoje, o cen\u00e1rio mudou drasticamente. O canto coral est\u00e1 na moda, mas para o Maestro Paulo Sergio Motta, essa tend\u00eancia \u00e9, na verdade, uma ferramenta de alto impacto para a gest\u00e3o, a sa\u00fade e a inova\u00e7\u00e3o. \u2026<\/p>\n","protected":false},"author":2,"featured_media":8787,"comment_status":"closed","ping_status":"open","sticky":false,"template":"","format":"standard","meta":{"footnotes":""},"categories":[8],"tags":[9,292],"class_list":["post-8788","post","type-post","status-publish","format-standard","has-post-thumbnail","hentry","category-musica","tag-claudelopes70","tag-maestropaulosergiomotta"],"yoast_head":"<!-- This site is optimized with the Yoast SEO plugin v25.5 - https:\/\/yoast.com\/wordpress\/plugins\/seo\/ -->\n<title>&quot;O Canto Coral est\u00e1 na moda&quot;: A Sinfonia Interdisciplinar do Maestro Paulo Sergio Motta - Portal do Estado<\/title>\n<meta name=\"robots\" content=\"index, follow, max-snippet:-1, max-image-preview:large, max-video-preview:-1\" \/>\n<link rel=\"canonical\" href=\"https:\/\/portaldoestado.com.br\/index.php\/2026\/04\/29\/o-canto-coral-esta-na-moda-a-sinfonia-interdisciplinar-do-maestro-paulo-sergio-motta\/\" \/>\n<meta property=\"og:locale\" content=\"pt_BR\" \/>\n<meta property=\"og:type\" content=\"article\" \/>\n<meta property=\"og:title\" content=\"&quot;O Canto Coral est\u00e1 na moda&quot;: A Sinfonia Interdisciplinar do Maestro Paulo Sergio Motta - Portal do Estado\" \/>\n<meta property=\"og:description\" content=\"Houve um tempo em que o canto coral era visto como uma atividade est\u00e1tica ou restrita a c\u00edrculos tradicionais. Hoje, o cen\u00e1rio mudou drasticamente. O canto coral est\u00e1 na moda, mas para o Maestro Paulo Sergio Motta, essa tend\u00eancia \u00e9, na verdade, uma ferramenta de alto impacto para a gest\u00e3o, a sa\u00fade e a inova\u00e7\u00e3o. \u2026\" \/>\n<meta property=\"og:url\" content=\"https:\/\/portaldoestado.com.br\/index.php\/2026\/04\/29\/o-canto-coral-esta-na-moda-a-sinfonia-interdisciplinar-do-maestro-paulo-sergio-motta\/\" \/>\n<meta property=\"og:site_name\" content=\"Portal do Estado\" \/>\n<meta property=\"article:published_time\" content=\"2026-04-29T16:02:27+00:00\" \/>\n<meta property=\"og:image\" content=\"https:\/\/portaldoestado.com.br\/wp-content\/uploads\/2026\/04\/maestropaulosergiomotta-02-mavicaassessoria.jpg\" \/>\n\t<meta property=\"og:image:width\" content=\"760\" \/>\n\t<meta property=\"og:image:height\" content=\"428\" \/>\n\t<meta property=\"og:image:type\" content=\"image\/jpeg\" \/>\n<meta name=\"author\" content=\"assessoriadefamosos\" \/>\n<meta name=\"twitter:card\" content=\"summary_large_image\" \/>\n<meta name=\"twitter:label1\" content=\"Escrito por\" \/>\n\t<meta name=\"twitter:data1\" content=\"assessoriadefamosos\" \/>\n\t<meta name=\"twitter:label2\" content=\"Est. tempo de leitura\" \/>\n\t<meta name=\"twitter:data2\" content=\"3 minutos\" \/>\n<script type=\"application\/ld+json\" class=\"yoast-schema-graph\">{\"@context\":\"https:\/\/schema.org\",\"@graph\":[{\"@type\":\"Article\",\"@id\":\"https:\/\/portaldoestado.com.br\/index.php\/2026\/04\/29\/o-canto-coral-esta-na-moda-a-sinfonia-interdisciplinar-do-maestro-paulo-sergio-motta\/#article\",\"isPartOf\":{\"@id\":\"https:\/\/portaldoestado.com.br\/index.php\/2026\/04\/29\/o-canto-coral-esta-na-moda-a-sinfonia-interdisciplinar-do-maestro-paulo-sergio-motta\/\"},\"author\":{\"name\":\"assessoriadefamosos\",\"@id\":\"https:\/\/portaldoestado.com.br\/#\/schema\/person\/5ca0174f3c8c84b59da62ea14b698cb9\"},\"headline\":\"&#8220;O Canto Coral est\u00e1 na moda&#8221;: A Sinfonia Interdisciplinar do Maestro Paulo Sergio Motta\",\"datePublished\":\"2026-04-29T16:02:27+00:00\",\"mainEntityOfPage\":{\"@id\":\"https:\/\/portaldoestado.com.br\/index.php\/2026\/04\/29\/o-canto-coral-esta-na-moda-a-sinfonia-interdisciplinar-do-maestro-paulo-sergio-motta\/\"},\"wordCount\":682,\"publisher\":{\"@id\":\"https:\/\/portaldoestado.com.br\/#organization\"},\"image\":{\"@id\":\"https:\/\/portaldoestado.com.br\/index.php\/2026\/04\/29\/o-canto-coral-esta-na-moda-a-sinfonia-interdisciplinar-do-maestro-paulo-sergio-motta\/#primaryimage\"},\"thumbnailUrl\":\"https:\/\/portaldoestado.com.br\/wp-content\/uploads\/2026\/04\/maestropaulosergiomotta-02-mavicaassessoria.jpg\",\"keywords\":[\"claudelopes70\",\"maestropaulosergiomotta\"],\"articleSection\":[\"M\u00fasica\"],\"inLanguage\":\"pt-BR\"},{\"@type\":\"WebPage\",\"@id\":\"https:\/\/portaldoestado.com.br\/index.php\/2026\/04\/29\/o-canto-coral-esta-na-moda-a-sinfonia-interdisciplinar-do-maestro-paulo-sergio-motta\/\",\"url\":\"https:\/\/portaldoestado.com.br\/index.php\/2026\/04\/29\/o-canto-coral-esta-na-moda-a-sinfonia-interdisciplinar-do-maestro-paulo-sergio-motta\/\",\"name\":\"\\\"O Canto Coral est\u00e1 na moda\\\": A Sinfonia Interdisciplinar do Maestro Paulo Sergio Motta - Portal do Estado\",\"isPartOf\":{\"@id\":\"https:\/\/portaldoestado.com.br\/#website\"},\"primaryImageOfPage\":{\"@id\":\"https:\/\/portaldoestado.com.br\/index.php\/2026\/04\/29\/o-canto-coral-esta-na-moda-a-sinfonia-interdisciplinar-do-maestro-paulo-sergio-motta\/#primaryimage\"},\"image\":{\"@id\":\"https:\/\/portaldoestado.com.br\/index.php\/2026\/04\/29\/o-canto-coral-esta-na-moda-a-sinfonia-interdisciplinar-do-maestro-paulo-sergio-motta\/#primaryimage\"},\"thumbnailUrl\":\"https:\/\/portaldoestado.com.br\/wp-content\/uploads\/2026\/04\/maestropaulosergiomotta-02-mavicaassessoria.jpg\",\"datePublished\":\"2026-04-29T16:02:27+00:00\",\"breadcrumb\":{\"@id\":\"https:\/\/portaldoestado.com.br\/index.php\/2026\/04\/29\/o-canto-coral-esta-na-moda-a-sinfonia-interdisciplinar-do-maestro-paulo-sergio-motta\/#breadcrumb\"},\"inLanguage\":\"pt-BR\",\"potentialAction\":[{\"@type\":\"ReadAction\",\"target\":[\"https:\/\/portaldoestado.com.br\/index.php\/2026\/04\/29\/o-canto-coral-esta-na-moda-a-sinfonia-interdisciplinar-do-maestro-paulo-sergio-motta\/\"]}]},{\"@type\":\"ImageObject\",\"inLanguage\":\"pt-BR\",\"@id\":\"https:\/\/portaldoestado.com.br\/index.php\/2026\/04\/29\/o-canto-coral-esta-na-moda-a-sinfonia-interdisciplinar-do-maestro-paulo-sergio-motta\/#primaryimage\",\"url\":\"https:\/\/portaldoestado.com.br\/wp-content\/uploads\/2026\/04\/maestropaulosergiomotta-02-mavicaassessoria.jpg\",\"contentUrl\":\"https:\/\/portaldoestado.com.br\/wp-content\/uploads\/2026\/04\/maestropaulosergiomotta-02-mavicaassessoria.jpg\",\"width\":760,\"height\":428},{\"@type\":\"BreadcrumbList\",\"@id\":\"https:\/\/portaldoestado.com.br\/index.php\/2026\/04\/29\/o-canto-coral-esta-na-moda-a-sinfonia-interdisciplinar-do-maestro-paulo-sergio-motta\/#breadcrumb\",\"itemListElement\":[{\"@type\":\"ListItem\",\"position\":1,\"name\":\"In\u00edcio\",\"item\":\"https:\/\/portaldoestado.com.br\/\"},{\"@type\":\"ListItem\",\"position\":2,\"name\":\"&#8220;O Canto Coral est\u00e1 na moda&#8221;: A Sinfonia Interdisciplinar do Maestro Paulo Sergio Motta\"}]},{\"@type\":\"WebSite\",\"@id\":\"https:\/\/portaldoestado.com.br\/#website\",\"url\":\"https:\/\/portaldoestado.com.br\/\",\"name\":\"Portal do Estado\",\"description\":\"\",\"publisher\":{\"@id\":\"https:\/\/portaldoestado.com.br\/#organization\"},\"potentialAction\":[{\"@type\":\"SearchAction\",\"target\":{\"@type\":\"EntryPoint\",\"urlTemplate\":\"https:\/\/portaldoestado.com.br\/?s={search_term_string}\"},\"query-input\":{\"@type\":\"PropertyValueSpecification\",\"valueRequired\":true,\"valueName\":\"search_term_string\"}}],\"inLanguage\":\"pt-BR\"},{\"@type\":\"Organization\",\"@id\":\"https:\/\/portaldoestado.com.br\/#organization\",\"name\":\"Portal do Estado\",\"url\":\"https:\/\/portaldoestado.com.br\/\",\"logo\":{\"@type\":\"ImageObject\",\"inLanguage\":\"pt-BR\",\"@id\":\"https:\/\/portaldoestado.com.br\/#\/schema\/logo\/image\/\",\"url\":\"https:\/\/portaldoestado.com.br\/wp-content\/uploads\/2025\/04\/cropped-6f69b19a-6472-43bf-b1b3-e1910bbbd4e8.png\",\"contentUrl\":\"https:\/\/portaldoestado.com.br\/wp-content\/uploads\/2025\/04\/cropped-6f69b19a-6472-43bf-b1b3-e1910bbbd4e8.png\",\"width\":1024,\"height\":350,\"caption\":\"Portal do Estado\"},\"image\":{\"@id\":\"https:\/\/portaldoestado.com.br\/#\/schema\/logo\/image\/\"}},{\"@type\":\"Person\",\"@id\":\"https:\/\/portaldoestado.com.br\/#\/schema\/person\/5ca0174f3c8c84b59da62ea14b698cb9\",\"name\":\"assessoriadefamosos\",\"image\":{\"@type\":\"ImageObject\",\"inLanguage\":\"pt-BR\",\"@id\":\"https:\/\/portaldoestado.com.br\/#\/schema\/person\/image\/\",\"url\":\"https:\/\/secure.gravatar.com\/avatar\/a7acbdffcfbbae7240e59f47fe511ec5f5d8c252c779f0b8d9ab02a9e1d8c5ed?s=96&d=mm&r=g\",\"contentUrl\":\"https:\/\/secure.gravatar.com\/avatar\/a7acbdffcfbbae7240e59f47fe511ec5f5d8c252c779f0b8d9ab02a9e1d8c5ed?s=96&d=mm&r=g\",\"caption\":\"assessoriadefamosos\"},\"url\":\"https:\/\/portaldoestado.com.br\/index.php\/author\/assessoriadefamosos\/\"}]}<\/script>\n<!-- \/ Yoast SEO plugin. -->","yoast_head_json":{"title":"\"O Canto Coral est\u00e1 na moda\": A Sinfonia Interdisciplinar do Maestro Paulo Sergio Motta - Portal do Estado","robots":{"index":"index","follow":"follow","max-snippet":"max-snippet:-1","max-image-preview":"max-image-preview:large","max-video-preview":"max-video-preview:-1"},"canonical":"https:\/\/portaldoestado.com.br\/index.php\/2026\/04\/29\/o-canto-coral-esta-na-moda-a-sinfonia-interdisciplinar-do-maestro-paulo-sergio-motta\/","og_locale":"pt_BR","og_type":"article","og_title":"\"O Canto Coral est\u00e1 na moda\": A Sinfonia Interdisciplinar do Maestro Paulo Sergio Motta - Portal do Estado","og_description":"Houve um tempo em que o canto coral era visto como uma atividade est\u00e1tica ou restrita a c\u00edrculos tradicionais. Hoje, o cen\u00e1rio mudou drasticamente. O canto coral est\u00e1 na moda, mas para o Maestro Paulo Sergio Motta, essa tend\u00eancia \u00e9, na verdade, uma ferramenta de alto impacto para a gest\u00e3o, a sa\u00fade e a inova\u00e7\u00e3o. \u2026","og_url":"https:\/\/portaldoestado.com.br\/index.php\/2026\/04\/29\/o-canto-coral-esta-na-moda-a-sinfonia-interdisciplinar-do-maestro-paulo-sergio-motta\/","og_site_name":"Portal do Estado","article_published_time":"2026-04-29T16:02:27+00:00","og_image":[{"width":760,"height":428,"url":"https:\/\/portaldoestado.com.br\/wp-content\/uploads\/2026\/04\/maestropaulosergiomotta-02-mavicaassessoria.jpg","type":"image\/jpeg"}],"author":"assessoriadefamosos","twitter_card":"summary_large_image","twitter_misc":{"Escrito por":"assessoriadefamosos","Est. tempo de leitura":"3 minutos"},"schema":{"@context":"https:\/\/schema.org","@graph":[{"@type":"Article","@id":"https:\/\/portaldoestado.com.br\/index.php\/2026\/04\/29\/o-canto-coral-esta-na-moda-a-sinfonia-interdisciplinar-do-maestro-paulo-sergio-motta\/#article","isPartOf":{"@id":"https:\/\/portaldoestado.com.br\/index.php\/2026\/04\/29\/o-canto-coral-esta-na-moda-a-sinfonia-interdisciplinar-do-maestro-paulo-sergio-motta\/"},"author":{"name":"assessoriadefamosos","@id":"https:\/\/portaldoestado.com.br\/#\/schema\/person\/5ca0174f3c8c84b59da62ea14b698cb9"},"headline":"&#8220;O Canto Coral est\u00e1 na moda&#8221;: A Sinfonia Interdisciplinar do Maestro Paulo Sergio Motta","datePublished":"2026-04-29T16:02:27+00:00","mainEntityOfPage":{"@id":"https:\/\/portaldoestado.com.br\/index.php\/2026\/04\/29\/o-canto-coral-esta-na-moda-a-sinfonia-interdisciplinar-do-maestro-paulo-sergio-motta\/"},"wordCount":682,"publisher":{"@id":"https:\/\/portaldoestado.com.br\/#organization"},"image":{"@id":"https:\/\/portaldoestado.com.br\/index.php\/2026\/04\/29\/o-canto-coral-esta-na-moda-a-sinfonia-interdisciplinar-do-maestro-paulo-sergio-motta\/#primaryimage"},"thumbnailUrl":"https:\/\/portaldoestado.com.br\/wp-content\/uploads\/2026\/04\/maestropaulosergiomotta-02-mavicaassessoria.jpg","keywords":["claudelopes70","maestropaulosergiomotta"],"articleSection":["M\u00fasica"],"inLanguage":"pt-BR"},{"@type":"WebPage","@id":"https:\/\/portaldoestado.com.br\/index.php\/2026\/04\/29\/o-canto-coral-esta-na-moda-a-sinfonia-interdisciplinar-do-maestro-paulo-sergio-motta\/","url":"https:\/\/portaldoestado.com.br\/index.php\/2026\/04\/29\/o-canto-coral-esta-na-moda-a-sinfonia-interdisciplinar-do-maestro-paulo-sergio-motta\/","name":"\"O Canto Coral est\u00e1 na moda\": A Sinfonia Interdisciplinar do Maestro Paulo Sergio Motta - Portal do Estado","isPartOf":{"@id":"https:\/\/portaldoestado.com.br\/#website"},"primaryImageOfPage":{"@id":"https:\/\/portaldoestado.com.br\/index.php\/2026\/04\/29\/o-canto-coral-esta-na-moda-a-sinfonia-interdisciplinar-do-maestro-paulo-sergio-motta\/#primaryimage"},"image":{"@id":"https:\/\/portaldoestado.com.br\/index.php\/2026\/04\/29\/o-canto-coral-esta-na-moda-a-sinfonia-interdisciplinar-do-maestro-paulo-sergio-motta\/#primaryimage"},"thumbnailUrl":"https:\/\/portaldoestado.com.br\/wp-content\/uploads\/2026\/04\/maestropaulosergiomotta-02-mavicaassessoria.jpg","datePublished":"2026-04-29T16:02:27+00:00","breadcrumb":{"@id":"https:\/\/portaldoestado.com.br\/index.php\/2026\/04\/29\/o-canto-coral-esta-na-moda-a-sinfonia-interdisciplinar-do-maestro-paulo-sergio-motta\/#breadcrumb"},"inLanguage":"pt-BR","potentialAction":[{"@type":"ReadAction","target":["https:\/\/portaldoestado.com.br\/index.php\/2026\/04\/29\/o-canto-coral-esta-na-moda-a-sinfonia-interdisciplinar-do-maestro-paulo-sergio-motta\/"]}]},{"@type":"ImageObject","inLanguage":"pt-BR","@id":"https:\/\/portaldoestado.com.br\/index.php\/2026\/04\/29\/o-canto-coral-esta-na-moda-a-sinfonia-interdisciplinar-do-maestro-paulo-sergio-motta\/#primaryimage","url":"https:\/\/portaldoestado.com.br\/wp-content\/uploads\/2026\/04\/maestropaulosergiomotta-02-mavicaassessoria.jpg","contentUrl":"https:\/\/portaldoestado.com.br\/wp-content\/uploads\/2026\/04\/maestropaulosergiomotta-02-mavicaassessoria.jpg","width":760,"height":428},{"@type":"BreadcrumbList","@id":"https:\/\/portaldoestado.com.br\/index.php\/2026\/04\/29\/o-canto-coral-esta-na-moda-a-sinfonia-interdisciplinar-do-maestro-paulo-sergio-motta\/#breadcrumb","itemListElement":[{"@type":"ListItem","position":1,"name":"In\u00edcio","item":"https:\/\/portaldoestado.com.br\/"},{"@type":"ListItem","position":2,"name":"&#8220;O Canto Coral est\u00e1 na moda&#8221;: A Sinfonia Interdisciplinar do Maestro Paulo Sergio Motta"}]},{"@type":"WebSite","@id":"https:\/\/portaldoestado.com.br\/#website","url":"https:\/\/portaldoestado.com.br\/","name":"Portal do Estado","description":"","publisher":{"@id":"https:\/\/portaldoestado.com.br\/#organization"},"potentialAction":[{"@type":"SearchAction","target":{"@type":"EntryPoint","urlTemplate":"https:\/\/portaldoestado.com.br\/?s={search_term_string}"},"query-input":{"@type":"PropertyValueSpecification","valueRequired":true,"valueName":"search_term_string"}}],"inLanguage":"pt-BR"},{"@type":"Organization","@id":"https:\/\/portaldoestado.com.br\/#organization","name":"Portal do Estado","url":"https:\/\/portaldoestado.com.br\/","logo":{"@type":"ImageObject","inLanguage":"pt-BR","@id":"https:\/\/portaldoestado.com.br\/#\/schema\/logo\/image\/","url":"https:\/\/portaldoestado.com.br\/wp-content\/uploads\/2025\/04\/cropped-6f69b19a-6472-43bf-b1b3-e1910bbbd4e8.png","contentUrl":"https:\/\/portaldoestado.com.br\/wp-content\/uploads\/2025\/04\/cropped-6f69b19a-6472-43bf-b1b3-e1910bbbd4e8.png","width":1024,"height":350,"caption":"Portal do Estado"},"image":{"@id":"https:\/\/portaldoestado.com.br\/#\/schema\/logo\/image\/"}},{"@type":"Person","@id":"https:\/\/portaldoestado.com.br\/#\/schema\/person\/5ca0174f3c8c84b59da62ea14b698cb9","name":"assessoriadefamosos","image":{"@type":"ImageObject","inLanguage":"pt-BR","@id":"https:\/\/portaldoestado.com.br\/#\/schema\/person\/image\/","url":"https:\/\/secure.gravatar.com\/avatar\/a7acbdffcfbbae7240e59f47fe511ec5f5d8c252c779f0b8d9ab02a9e1d8c5ed?s=96&d=mm&r=g","contentUrl":"https:\/\/secure.gravatar.com\/avatar\/a7acbdffcfbbae7240e59f47fe511ec5f5d8c252c779f0b8d9ab02a9e1d8c5ed?s=96&d=mm&r=g","caption":"assessoriadefamosos"},"url":"https:\/\/portaldoestado.com.br\/index.php\/author\/assessoriadefamosos\/"}]}},"jetpack_featured_media_url":"https:\/\/portaldoestado.com.br\/wp-content\/uploads\/2026\/04\/maestropaulosergiomotta-02-mavicaassessoria.jpg","_links":{"self":[{"href":"https:\/\/portaldoestado.com.br\/index.php\/wp-json\/wp\/v2\/posts\/8788","targetHints":{"allow":["GET"]}}],"collection":[{"href":"https:\/\/portaldoestado.com.br\/index.php\/wp-json\/wp\/v2\/posts"}],"about":[{"href":"https:\/\/portaldoestado.com.br\/index.php\/wp-json\/wp\/v2\/types\/post"}],"author":[{"embeddable":true,"href":"https:\/\/portaldoestado.com.br\/index.php\/wp-json\/wp\/v2\/users\/2"}],"replies":[{"embeddable":true,"href":"https:\/\/portaldoestado.com.br\/index.php\/wp-json\/wp\/v2\/comments?post=8788"}],"version-history":[{"count":1,"href":"https:\/\/portaldoestado.com.br\/index.php\/wp-json\/wp\/v2\/posts\/8788\/revisions"}],"predecessor-version":[{"id":8789,"href":"https:\/\/portaldoestado.com.br\/index.php\/wp-json\/wp\/v2\/posts\/8788\/revisions\/8789"}],"wp:featuredmedia":[{"embeddable":true,"href":"https:\/\/portaldoestado.com.br\/index.php\/wp-json\/wp\/v2\/media\/8787"}],"wp:attachment":[{"href":"https:\/\/portaldoestado.com.br\/index.php\/wp-json\/wp\/v2\/media?parent=8788"}],"wp:term":[{"taxonomy":"category","embeddable":true,"href":"https:\/\/portaldoestado.com.br\/index.php\/wp-json\/wp\/v2\/categories?post=8788"},{"taxonomy":"post_tag","embeddable":true,"href":"https:\/\/portaldoestado.com.br\/index.php\/wp-json\/wp\/v2\/tags?post=8788"}],"curies":[{"name":"wp","href":"https:\/\/api.w.org\/{rel}","templated":true}]}}