{"id":8758,"date":"2026-04-29T04:57:17","date_gmt":"2026-04-29T04:57:17","guid":{"rendered":"https:\/\/portaldoestado.com.br\/?p=8758"},"modified":"2026-04-29T04:57:17","modified_gmt":"2026-04-29T04:57:17","slug":"polemica-envolvendo-wesley-safadao-reacende-debate-sobre-contratos-e-imagem-publica","status":"publish","type":"post","link":"https:\/\/portaldoestado.com.br\/index.php\/2026\/04\/29\/polemica-envolvendo-wesley-safadao-reacende-debate-sobre-contratos-e-imagem-publica\/","title":{"rendered":"Pol\u00eamica envolvendo Wesley Safad\u00e3o reacende debate sobre contratos e imagem p\u00fablica"},"content":{"rendered":"\n<p>A recente pol\u00eamica envolvendo Wesley Safad\u00e3o voltou a movimentar as redes sociais, ap\u00f3s a divulga\u00e7\u00e3o de acusa\u00e7\u00f5es relacionadas a contratos com prefeituras e a consequente decis\u00e3o judicial favor\u00e1vel ao cantor.<\/p>\n\n\n\n<p>Mesmo com a determina\u00e7\u00e3o para retirada de conte\u00fados, o respons\u00e1vel pelas declara\u00e7\u00f5es manteve cr\u00edticas p\u00fablicas, afirmando que questiona valores pagos em apresenta\u00e7\u00f5es art\u00edsticas. A situa\u00e7\u00e3o ampliou o debate entre internautas.<\/p>\n\n\n\n<p>Especialistas apontam que casos como esse evidenciam a complexidade entre o direito de cr\u00edtica e a preserva\u00e7\u00e3o da imagem de figuras p\u00fablicas, especialmente em ambientes digitais.<\/p>\n\n\n\n<p>A repercuss\u00e3o segue intensa, com opini\u00f5es divididas e possibilidade de novos desdobramentos jur\u00eddicos.<\/p>\n","protected":false},"excerpt":{"rendered":"<p>A recente pol\u00eamica envolvendo Wesley Safad\u00e3o voltou a movimentar as redes sociais, ap\u00f3s a divulga\u00e7\u00e3o de acusa\u00e7\u00f5es relacionadas a contratos com prefeituras e a consequente decis\u00e3o judicial favor\u00e1vel ao cantor. Mesmo com a determina\u00e7\u00e3o para retirada de conte\u00fados, o respons\u00e1vel pelas declara\u00e7\u00f5es manteve cr\u00edticas p\u00fablicas, afirmando que questiona valores pagos em apresenta\u00e7\u00f5es art\u00edsticas. A situa\u00e7\u00e3o \u2026<\/p>\n","protected":false},"author":2,"featured_media":8757,"comment_status":"closed","ping_status":"open","sticky":false,"template":"","format":"standard","meta":{"footnotes":""},"categories":[3],"tags":[],"class_list":["post-8758","post","type-post","status-publish","format-standard","has-post-thumbnail","hentry","category-famosos"],"yoast_head":"<!-- This site is optimized with the Yoast SEO plugin v25.5 - https:\/\/yoast.com\/wordpress\/plugins\/seo\/ -->\n<title>Pol\u00eamica envolvendo Wesley Safad\u00e3o reacende debate sobre contratos e imagem p\u00fablica - Portal do Estado<\/title>\n<meta name=\"robots\" content=\"index, follow, max-snippet:-1, max-image-preview:large, max-video-preview:-1\" \/>\n<link rel=\"canonical\" href=\"https:\/\/portaldoestado.com.br\/index.php\/2026\/04\/29\/polemica-envolvendo-wesley-safadao-reacende-debate-sobre-contratos-e-imagem-publica\/\" \/>\n<meta property=\"og:locale\" content=\"pt_BR\" \/>\n<meta property=\"og:type\" content=\"article\" \/>\n<meta property=\"og:title\" content=\"Pol\u00eamica envolvendo Wesley Safad\u00e3o reacende debate sobre contratos e imagem p\u00fablica - Portal do Estado\" \/>\n<meta property=\"og:description\" content=\"A recente pol\u00eamica envolvendo Wesley Safad\u00e3o voltou a movimentar as redes sociais, ap\u00f3s a divulga\u00e7\u00e3o de acusa\u00e7\u00f5es relacionadas a contratos com prefeituras e a consequente decis\u00e3o judicial favor\u00e1vel ao cantor. Mesmo com a determina\u00e7\u00e3o para retirada de conte\u00fados, o respons\u00e1vel pelas declara\u00e7\u00f5es manteve cr\u00edticas p\u00fablicas, afirmando que questiona valores pagos em apresenta\u00e7\u00f5es art\u00edsticas. A situa\u00e7\u00e3o \u2026\" \/>\n<meta property=\"og:url\" content=\"https:\/\/portaldoestado.com.br\/index.php\/2026\/04\/29\/polemica-envolvendo-wesley-safadao-reacende-debate-sobre-contratos-e-imagem-publica\/\" \/>\n<meta property=\"og:site_name\" content=\"Portal do Estado\" \/>\n<meta property=\"article:published_time\" content=\"2026-04-29T04:57:17+00:00\" \/>\n<meta property=\"og:image\" content=\"https:\/\/portaldoestado.com.br\/wp-content\/uploads\/2026\/04\/a6ed1b78-ef90-43c3-bf93-2f645276326b.jpg\" \/>\n\t<meta property=\"og:image:width\" content=\"1193\" \/>\n\t<meta property=\"og:image:height\" content=\"764\" \/>\n\t<meta property=\"og:image:type\" content=\"image\/jpeg\" \/>\n<meta name=\"author\" content=\"assessoriadefamosos\" \/>\n<meta name=\"twitter:card\" content=\"summary_large_image\" \/>\n<meta name=\"twitter:label1\" content=\"Escrito por\" \/>\n\t<meta name=\"twitter:data1\" content=\"assessoriadefamosos\" \/>\n\t<meta name=\"twitter:label2\" content=\"Est. tempo de leitura\" \/>\n\t<meta name=\"twitter:data2\" content=\"1 minuto\" \/>\n<script type=\"application\/ld+json\" class=\"yoast-schema-graph\">{\"@context\":\"https:\/\/schema.org\",\"@graph\":[{\"@type\":\"Article\",\"@id\":\"https:\/\/portaldoestado.com.br\/index.php\/2026\/04\/29\/polemica-envolvendo-wesley-safadao-reacende-debate-sobre-contratos-e-imagem-publica\/#article\",\"isPartOf\":{\"@id\":\"https:\/\/portaldoestado.com.br\/index.php\/2026\/04\/29\/polemica-envolvendo-wesley-safadao-reacende-debate-sobre-contratos-e-imagem-publica\/\"},\"author\":{\"name\":\"assessoriadefamosos\",\"@id\":\"https:\/\/portaldoestado.com.br\/#\/schema\/person\/5ca0174f3c8c84b59da62ea14b698cb9\"},\"headline\":\"Pol\u00eamica envolvendo Wesley Safad\u00e3o reacende debate sobre contratos e imagem p\u00fablica\",\"datePublished\":\"2026-04-29T04:57:17+00:00\",\"mainEntityOfPage\":{\"@id\":\"https:\/\/portaldoestado.com.br\/index.php\/2026\/04\/29\/polemica-envolvendo-wesley-safadao-reacende-debate-sobre-contratos-e-imagem-publica\/\"},\"wordCount\":135,\"publisher\":{\"@id\":\"https:\/\/portaldoestado.com.br\/#organization\"},\"image\":{\"@id\":\"https:\/\/portaldoestado.com.br\/index.php\/2026\/04\/29\/polemica-envolvendo-wesley-safadao-reacende-debate-sobre-contratos-e-imagem-publica\/#primaryimage\"},\"thumbnailUrl\":\"https:\/\/portaldoestado.com.br\/wp-content\/uploads\/2026\/04\/a6ed1b78-ef90-43c3-bf93-2f645276326b.jpg\",\"articleSection\":[\"Famosos\"],\"inLanguage\":\"pt-BR\"},{\"@type\":\"WebPage\",\"@id\":\"https:\/\/portaldoestado.com.br\/index.php\/2026\/04\/29\/polemica-envolvendo-wesley-safadao-reacende-debate-sobre-contratos-e-imagem-publica\/\",\"url\":\"https:\/\/portaldoestado.com.br\/index.php\/2026\/04\/29\/polemica-envolvendo-wesley-safadao-reacende-debate-sobre-contratos-e-imagem-publica\/\",\"name\":\"Pol\u00eamica envolvendo Wesley Safad\u00e3o reacende debate sobre contratos e imagem p\u00fablica - Portal do Estado\",\"isPartOf\":{\"@id\":\"https:\/\/portaldoestado.com.br\/#website\"},\"primaryImageOfPage\":{\"@id\":\"https:\/\/portaldoestado.com.br\/index.php\/2026\/04\/29\/polemica-envolvendo-wesley-safadao-reacende-debate-sobre-contratos-e-imagem-publica\/#primaryimage\"},\"image\":{\"@id\":\"https:\/\/portaldoestado.com.br\/index.php\/2026\/04\/29\/polemica-envolvendo-wesley-safadao-reacende-debate-sobre-contratos-e-imagem-publica\/#primaryimage\"},\"thumbnailUrl\":\"https:\/\/portaldoestado.com.br\/wp-content\/uploads\/2026\/04\/a6ed1b78-ef90-43c3-bf93-2f645276326b.jpg\",\"datePublished\":\"2026-04-29T04:57:17+00:00\",\"breadcrumb\":{\"@id\":\"https:\/\/portaldoestado.com.br\/index.php\/2026\/04\/29\/polemica-envolvendo-wesley-safadao-reacende-debate-sobre-contratos-e-imagem-publica\/#breadcrumb\"},\"inLanguage\":\"pt-BR\",\"potentialAction\":[{\"@type\":\"ReadAction\",\"target\":[\"https:\/\/portaldoestado.com.br\/index.php\/2026\/04\/29\/polemica-envolvendo-wesley-safadao-reacende-debate-sobre-contratos-e-imagem-publica\/\"]}]},{\"@type\":\"ImageObject\",\"inLanguage\":\"pt-BR\",\"@id\":\"https:\/\/portaldoestado.com.br\/index.php\/2026\/04\/29\/polemica-envolvendo-wesley-safadao-reacende-debate-sobre-contratos-e-imagem-publica\/#primaryimage\",\"url\":\"https:\/\/portaldoestado.com.br\/wp-content\/uploads\/2026\/04\/a6ed1b78-ef90-43c3-bf93-2f645276326b.jpg\",\"contentUrl\":\"https:\/\/portaldoestado.com.br\/wp-content\/uploads\/2026\/04\/a6ed1b78-ef90-43c3-bf93-2f645276326b.jpg\",\"width\":1193,\"height\":764},{\"@type\":\"BreadcrumbList\",\"@id\":\"https:\/\/portaldoestado.com.br\/index.php\/2026\/04\/29\/polemica-envolvendo-wesley-safadao-reacende-debate-sobre-contratos-e-imagem-publica\/#breadcrumb\",\"itemListElement\":[{\"@type\":\"ListItem\",\"position\":1,\"name\":\"In\u00edcio\",\"item\":\"https:\/\/portaldoestado.com.br\/\"},{\"@type\":\"ListItem\",\"position\":2,\"name\":\"Pol\u00eamica envolvendo Wesley Safad\u00e3o reacende debate sobre contratos e imagem p\u00fablica\"}]},{\"@type\":\"WebSite\",\"@id\":\"https:\/\/portaldoestado.com.br\/#website\",\"url\":\"https:\/\/portaldoestado.com.br\/\",\"name\":\"Portal do Estado\",\"description\":\"\",\"publisher\":{\"@id\":\"https:\/\/portaldoestado.com.br\/#organization\"},\"potentialAction\":[{\"@type\":\"SearchAction\",\"target\":{\"@type\":\"EntryPoint\",\"urlTemplate\":\"https:\/\/portaldoestado.com.br\/?s={search_term_string}\"},\"query-input\":{\"@type\":\"PropertyValueSpecification\",\"valueRequired\":true,\"valueName\":\"search_term_string\"}}],\"inLanguage\":\"pt-BR\"},{\"@type\":\"Organization\",\"@id\":\"https:\/\/portaldoestado.com.br\/#organization\",\"name\":\"Portal do Estado\",\"url\":\"https:\/\/portaldoestado.com.br\/\",\"logo\":{\"@type\":\"ImageObject\",\"inLanguage\":\"pt-BR\",\"@id\":\"https:\/\/portaldoestado.com.br\/#\/schema\/logo\/image\/\",\"url\":\"https:\/\/portaldoestado.com.br\/wp-content\/uploads\/2025\/04\/cropped-6f69b19a-6472-43bf-b1b3-e1910bbbd4e8.png\",\"contentUrl\":\"https:\/\/portaldoestado.com.br\/wp-content\/uploads\/2025\/04\/cropped-6f69b19a-6472-43bf-b1b3-e1910bbbd4e8.png\",\"width\":1024,\"height\":350,\"caption\":\"Portal do Estado\"},\"image\":{\"@id\":\"https:\/\/portaldoestado.com.br\/#\/schema\/logo\/image\/\"}},{\"@type\":\"Person\",\"@id\":\"https:\/\/portaldoestado.com.br\/#\/schema\/person\/5ca0174f3c8c84b59da62ea14b698cb9\",\"name\":\"assessoriadefamosos\",\"image\":{\"@type\":\"ImageObject\",\"inLanguage\":\"pt-BR\",\"@id\":\"https:\/\/portaldoestado.com.br\/#\/schema\/person\/image\/\",\"url\":\"https:\/\/secure.gravatar.com\/avatar\/a7acbdffcfbbae7240e59f47fe511ec5f5d8c252c779f0b8d9ab02a9e1d8c5ed?s=96&d=mm&r=g\",\"contentUrl\":\"https:\/\/secure.gravatar.com\/avatar\/a7acbdffcfbbae7240e59f47fe511ec5f5d8c252c779f0b8d9ab02a9e1d8c5ed?s=96&d=mm&r=g\",\"caption\":\"assessoriadefamosos\"},\"url\":\"https:\/\/portaldoestado.com.br\/index.php\/author\/assessoriadefamosos\/\"}]}<\/script>\n<!-- \/ Yoast SEO plugin. -->","yoast_head_json":{"title":"Pol\u00eamica envolvendo Wesley Safad\u00e3o reacende debate sobre contratos e imagem p\u00fablica - Portal do Estado","robots":{"index":"index","follow":"follow","max-snippet":"max-snippet:-1","max-image-preview":"max-image-preview:large","max-video-preview":"max-video-preview:-1"},"canonical":"https:\/\/portaldoestado.com.br\/index.php\/2026\/04\/29\/polemica-envolvendo-wesley-safadao-reacende-debate-sobre-contratos-e-imagem-publica\/","og_locale":"pt_BR","og_type":"article","og_title":"Pol\u00eamica envolvendo Wesley Safad\u00e3o reacende debate sobre contratos e imagem p\u00fablica - Portal do Estado","og_description":"A recente pol\u00eamica envolvendo Wesley Safad\u00e3o voltou a movimentar as redes sociais, ap\u00f3s a divulga\u00e7\u00e3o de acusa\u00e7\u00f5es relacionadas a contratos com prefeituras e a consequente decis\u00e3o judicial favor\u00e1vel ao cantor. Mesmo com a determina\u00e7\u00e3o para retirada de conte\u00fados, o respons\u00e1vel pelas declara\u00e7\u00f5es manteve cr\u00edticas p\u00fablicas, afirmando que questiona valores pagos em apresenta\u00e7\u00f5es art\u00edsticas. A situa\u00e7\u00e3o \u2026","og_url":"https:\/\/portaldoestado.com.br\/index.php\/2026\/04\/29\/polemica-envolvendo-wesley-safadao-reacende-debate-sobre-contratos-e-imagem-publica\/","og_site_name":"Portal do Estado","article_published_time":"2026-04-29T04:57:17+00:00","og_image":[{"width":1193,"height":764,"url":"https:\/\/portaldoestado.com.br\/wp-content\/uploads\/2026\/04\/a6ed1b78-ef90-43c3-bf93-2f645276326b.jpg","type":"image\/jpeg"}],"author":"assessoriadefamosos","twitter_card":"summary_large_image","twitter_misc":{"Escrito por":"assessoriadefamosos","Est. tempo de leitura":"1 minuto"},"schema":{"@context":"https:\/\/schema.org","@graph":[{"@type":"Article","@id":"https:\/\/portaldoestado.com.br\/index.php\/2026\/04\/29\/polemica-envolvendo-wesley-safadao-reacende-debate-sobre-contratos-e-imagem-publica\/#article","isPartOf":{"@id":"https:\/\/portaldoestado.com.br\/index.php\/2026\/04\/29\/polemica-envolvendo-wesley-safadao-reacende-debate-sobre-contratos-e-imagem-publica\/"},"author":{"name":"assessoriadefamosos","@id":"https:\/\/portaldoestado.com.br\/#\/schema\/person\/5ca0174f3c8c84b59da62ea14b698cb9"},"headline":"Pol\u00eamica envolvendo Wesley Safad\u00e3o reacende debate sobre contratos e imagem p\u00fablica","datePublished":"2026-04-29T04:57:17+00:00","mainEntityOfPage":{"@id":"https:\/\/portaldoestado.com.br\/index.php\/2026\/04\/29\/polemica-envolvendo-wesley-safadao-reacende-debate-sobre-contratos-e-imagem-publica\/"},"wordCount":135,"publisher":{"@id":"https:\/\/portaldoestado.com.br\/#organization"},"image":{"@id":"https:\/\/portaldoestado.com.br\/index.php\/2026\/04\/29\/polemica-envolvendo-wesley-safadao-reacende-debate-sobre-contratos-e-imagem-publica\/#primaryimage"},"thumbnailUrl":"https:\/\/portaldoestado.com.br\/wp-content\/uploads\/2026\/04\/a6ed1b78-ef90-43c3-bf93-2f645276326b.jpg","articleSection":["Famosos"],"inLanguage":"pt-BR"},{"@type":"WebPage","@id":"https:\/\/portaldoestado.com.br\/index.php\/2026\/04\/29\/polemica-envolvendo-wesley-safadao-reacende-debate-sobre-contratos-e-imagem-publica\/","url":"https:\/\/portaldoestado.com.br\/index.php\/2026\/04\/29\/polemica-envolvendo-wesley-safadao-reacende-debate-sobre-contratos-e-imagem-publica\/","name":"Pol\u00eamica envolvendo Wesley Safad\u00e3o reacende debate sobre contratos e imagem p\u00fablica - Portal do Estado","isPartOf":{"@id":"https:\/\/portaldoestado.com.br\/#website"},"primaryImageOfPage":{"@id":"https:\/\/portaldoestado.com.br\/index.php\/2026\/04\/29\/polemica-envolvendo-wesley-safadao-reacende-debate-sobre-contratos-e-imagem-publica\/#primaryimage"},"image":{"@id":"https:\/\/portaldoestado.com.br\/index.php\/2026\/04\/29\/polemica-envolvendo-wesley-safadao-reacende-debate-sobre-contratos-e-imagem-publica\/#primaryimage"},"thumbnailUrl":"https:\/\/portaldoestado.com.br\/wp-content\/uploads\/2026\/04\/a6ed1b78-ef90-43c3-bf93-2f645276326b.jpg","datePublished":"2026-04-29T04:57:17+00:00","breadcrumb":{"@id":"https:\/\/portaldoestado.com.br\/index.php\/2026\/04\/29\/polemica-envolvendo-wesley-safadao-reacende-debate-sobre-contratos-e-imagem-publica\/#breadcrumb"},"inLanguage":"pt-BR","potentialAction":[{"@type":"ReadAction","target":["https:\/\/portaldoestado.com.br\/index.php\/2026\/04\/29\/polemica-envolvendo-wesley-safadao-reacende-debate-sobre-contratos-e-imagem-publica\/"]}]},{"@type":"ImageObject","inLanguage":"pt-BR","@id":"https:\/\/portaldoestado.com.br\/index.php\/2026\/04\/29\/polemica-envolvendo-wesley-safadao-reacende-debate-sobre-contratos-e-imagem-publica\/#primaryimage","url":"https:\/\/portaldoestado.com.br\/wp-content\/uploads\/2026\/04\/a6ed1b78-ef90-43c3-bf93-2f645276326b.jpg","contentUrl":"https:\/\/portaldoestado.com.br\/wp-content\/uploads\/2026\/04\/a6ed1b78-ef90-43c3-bf93-2f645276326b.jpg","width":1193,"height":764},{"@type":"BreadcrumbList","@id":"https:\/\/portaldoestado.com.br\/index.php\/2026\/04\/29\/polemica-envolvendo-wesley-safadao-reacende-debate-sobre-contratos-e-imagem-publica\/#breadcrumb","itemListElement":[{"@type":"ListItem","position":1,"name":"In\u00edcio","item":"https:\/\/portaldoestado.com.br\/"},{"@type":"ListItem","position":2,"name":"Pol\u00eamica envolvendo Wesley Safad\u00e3o reacende debate sobre contratos e imagem p\u00fablica"}]},{"@type":"WebSite","@id":"https:\/\/portaldoestado.com.br\/#website","url":"https:\/\/portaldoestado.com.br\/","name":"Portal do Estado","description":"","publisher":{"@id":"https:\/\/portaldoestado.com.br\/#organization"},"potentialAction":[{"@type":"SearchAction","target":{"@type":"EntryPoint","urlTemplate":"https:\/\/portaldoestado.com.br\/?s={search_term_string}"},"query-input":{"@type":"PropertyValueSpecification","valueRequired":true,"valueName":"search_term_string"}}],"inLanguage":"pt-BR"},{"@type":"Organization","@id":"https:\/\/portaldoestado.com.br\/#organization","name":"Portal do Estado","url":"https:\/\/portaldoestado.com.br\/","logo":{"@type":"ImageObject","inLanguage":"pt-BR","@id":"https:\/\/portaldoestado.com.br\/#\/schema\/logo\/image\/","url":"https:\/\/portaldoestado.com.br\/wp-content\/uploads\/2025\/04\/cropped-6f69b19a-6472-43bf-b1b3-e1910bbbd4e8.png","contentUrl":"https:\/\/portaldoestado.com.br\/wp-content\/uploads\/2025\/04\/cropped-6f69b19a-6472-43bf-b1b3-e1910bbbd4e8.png","width":1024,"height":350,"caption":"Portal do Estado"},"image":{"@id":"https:\/\/portaldoestado.com.br\/#\/schema\/logo\/image\/"}},{"@type":"Person","@id":"https:\/\/portaldoestado.com.br\/#\/schema\/person\/5ca0174f3c8c84b59da62ea14b698cb9","name":"assessoriadefamosos","image":{"@type":"ImageObject","inLanguage":"pt-BR","@id":"https:\/\/portaldoestado.com.br\/#\/schema\/person\/image\/","url":"https:\/\/secure.gravatar.com\/avatar\/a7acbdffcfbbae7240e59f47fe511ec5f5d8c252c779f0b8d9ab02a9e1d8c5ed?s=96&d=mm&r=g","contentUrl":"https:\/\/secure.gravatar.com\/avatar\/a7acbdffcfbbae7240e59f47fe511ec5f5d8c252c779f0b8d9ab02a9e1d8c5ed?s=96&d=mm&r=g","caption":"assessoriadefamosos"},"url":"https:\/\/portaldoestado.com.br\/index.php\/author\/assessoriadefamosos\/"}]}},"jetpack_featured_media_url":"https:\/\/portaldoestado.com.br\/wp-content\/uploads\/2026\/04\/a6ed1b78-ef90-43c3-bf93-2f645276326b.jpg","_links":{"self":[{"href":"https:\/\/portaldoestado.com.br\/index.php\/wp-json\/wp\/v2\/posts\/8758","targetHints":{"allow":["GET"]}}],"collection":[{"href":"https:\/\/portaldoestado.com.br\/index.php\/wp-json\/wp\/v2\/posts"}],"about":[{"href":"https:\/\/portaldoestado.com.br\/index.php\/wp-json\/wp\/v2\/types\/post"}],"author":[{"embeddable":true,"href":"https:\/\/portaldoestado.com.br\/index.php\/wp-json\/wp\/v2\/users\/2"}],"replies":[{"embeddable":true,"href":"https:\/\/portaldoestado.com.br\/index.php\/wp-json\/wp\/v2\/comments?post=8758"}],"version-history":[{"count":1,"href":"https:\/\/portaldoestado.com.br\/index.php\/wp-json\/wp\/v2\/posts\/8758\/revisions"}],"predecessor-version":[{"id":8759,"href":"https:\/\/portaldoestado.com.br\/index.php\/wp-json\/wp\/v2\/posts\/8758\/revisions\/8759"}],"wp:featuredmedia":[{"embeddable":true,"href":"https:\/\/portaldoestado.com.br\/index.php\/wp-json\/wp\/v2\/media\/8757"}],"wp:attachment":[{"href":"https:\/\/portaldoestado.com.br\/index.php\/wp-json\/wp\/v2\/media?parent=8758"}],"wp:term":[{"taxonomy":"category","embeddable":true,"href":"https:\/\/portaldoestado.com.br\/index.php\/wp-json\/wp\/v2\/categories?post=8758"},{"taxonomy":"post_tag","embeddable":true,"href":"https:\/\/portaldoestado.com.br\/index.php\/wp-json\/wp\/v2\/tags?post=8758"}],"curies":[{"name":"wp","href":"https:\/\/api.w.org\/{rel}","templated":true}]}}