{"id":8734,"date":"2026-04-29T04:21:36","date_gmt":"2026-04-29T04:21:36","guid":{"rendered":"https:\/\/portaldoestado.com.br\/?p=8734"},"modified":"2026-04-29T04:21:36","modified_gmt":"2026-04-29T04:21:36","slug":"ana-castela-nega-aposentadoria-mas-confirma-pausa-temporaria-e-movimenta-fas","status":"publish","type":"post","link":"https:\/\/portaldoestado.com.br\/index.php\/2026\/04\/29\/ana-castela-nega-aposentadoria-mas-confirma-pausa-temporaria-e-movimenta-fas\/","title":{"rendered":"Ana Castela nega aposentadoria, mas confirma pausa tempor\u00e1ria e movimenta f\u00e3s"},"content":{"rendered":"\n<p>A cantora Ana Castela voltou ao centro das aten\u00e7\u00f5es ap\u00f3s esclarecer rumores sobre uma poss\u00edvel sa\u00edda dos palcos. Depois de falas que viralizaram nas redes sociais, a artista afirmou que n\u00e3o pretende encerrar a carreira, mas confirmou que planeja uma pausa tempor\u00e1ria nos pr\u00f3ximos meses.<\/p>\n\n\n\n<p>Segundo a cantora, a ideia \u00e9 reduzir o ritmo por cerca de tr\u00eas meses, como forma de descanso diante da intensa rotina de shows e compromissos. A declara\u00e7\u00e3o gerou forte repercuss\u00e3o entre f\u00e3s, que inicialmente interpretaram a fala como uma poss\u00edvel aposentadoria.<\/p>\n\n\n\n<p>Com o esclarecimento, o clima mudou para apoio. Seguidores destacaram a import\u00e2ncia de pausas na carreira art\u00edstica, especialmente em momentos de alta demanda profissional. Ainda assim, o assunto continuou entre os mais comentados, mostrando a for\u00e7a do nome da cantora no cen\u00e1rio atual.<\/p>\n\n\n\n<p>Ana Castela segue cumprindo sua agenda normalmente e refor\u00e7ou que a pausa ser\u00e1 apenas um intervalo estrat\u00e9gico, sem impacto definitivo em sua trajet\u00f3ria musical.<\/p>\n","protected":false},"excerpt":{"rendered":"<p>A cantora Ana Castela voltou ao centro das aten\u00e7\u00f5es ap\u00f3s esclarecer rumores sobre uma poss\u00edvel sa\u00edda dos palcos. Depois de falas que viralizaram nas redes sociais, a artista afirmou que n\u00e3o pretende encerrar a carreira, mas confirmou que planeja uma pausa tempor\u00e1ria nos pr\u00f3ximos meses. Segundo a cantora, a ideia \u00e9 reduzir o ritmo por \u2026<\/p>\n","protected":false},"author":2,"featured_media":8733,"comment_status":"closed","ping_status":"open","sticky":false,"template":"","format":"standard","meta":{"footnotes":""},"categories":[3],"tags":[],"class_list":["post-8734","post","type-post","status-publish","format-standard","has-post-thumbnail","hentry","category-famosos"],"yoast_head":"<!-- This site is optimized with the Yoast SEO plugin v25.5 - https:\/\/yoast.com\/wordpress\/plugins\/seo\/ -->\n<title>Ana Castela nega aposentadoria, mas confirma pausa tempor\u00e1ria e movimenta f\u00e3s - Portal do Estado<\/title>\n<meta name=\"robots\" content=\"index, follow, max-snippet:-1, max-image-preview:large, max-video-preview:-1\" \/>\n<link rel=\"canonical\" href=\"https:\/\/portaldoestado.com.br\/index.php\/2026\/04\/29\/ana-castela-nega-aposentadoria-mas-confirma-pausa-temporaria-e-movimenta-fas\/\" \/>\n<meta property=\"og:locale\" content=\"pt_BR\" \/>\n<meta property=\"og:type\" content=\"article\" \/>\n<meta property=\"og:title\" content=\"Ana Castela nega aposentadoria, mas confirma pausa tempor\u00e1ria e movimenta f\u00e3s - Portal do Estado\" \/>\n<meta property=\"og:description\" content=\"A cantora Ana Castela voltou ao centro das aten\u00e7\u00f5es ap\u00f3s esclarecer rumores sobre uma poss\u00edvel sa\u00edda dos palcos. Depois de falas que viralizaram nas redes sociais, a artista afirmou que n\u00e3o pretende encerrar a carreira, mas confirmou que planeja uma pausa tempor\u00e1ria nos pr\u00f3ximos meses. Segundo a cantora, a ideia \u00e9 reduzir o ritmo por \u2026\" \/>\n<meta property=\"og:url\" content=\"https:\/\/portaldoestado.com.br\/index.php\/2026\/04\/29\/ana-castela-nega-aposentadoria-mas-confirma-pausa-temporaria-e-movimenta-fas\/\" \/>\n<meta property=\"og:site_name\" content=\"Portal do Estado\" \/>\n<meta property=\"article:published_time\" content=\"2026-04-29T04:21:36+00:00\" \/>\n<meta property=\"og:image\" content=\"https:\/\/portaldoestado.com.br\/wp-content\/uploads\/2026\/04\/338088c1-7d5a-41b6-b377-2ea01f0348a7.jpg\" \/>\n\t<meta property=\"og:image:width\" content=\"1183\" \/>\n\t<meta property=\"og:image:height\" content=\"928\" \/>\n\t<meta property=\"og:image:type\" content=\"image\/jpeg\" \/>\n<meta name=\"author\" content=\"assessoriadefamosos\" \/>\n<meta name=\"twitter:card\" content=\"summary_large_image\" \/>\n<meta name=\"twitter:label1\" content=\"Escrito por\" \/>\n\t<meta name=\"twitter:data1\" content=\"assessoriadefamosos\" \/>\n\t<meta name=\"twitter:label2\" content=\"Est. tempo de leitura\" \/>\n\t<meta name=\"twitter:data2\" content=\"1 minuto\" \/>\n<script type=\"application\/ld+json\" class=\"yoast-schema-graph\">{\"@context\":\"https:\/\/schema.org\",\"@graph\":[{\"@type\":\"Article\",\"@id\":\"https:\/\/portaldoestado.com.br\/index.php\/2026\/04\/29\/ana-castela-nega-aposentadoria-mas-confirma-pausa-temporaria-e-movimenta-fas\/#article\",\"isPartOf\":{\"@id\":\"https:\/\/portaldoestado.com.br\/index.php\/2026\/04\/29\/ana-castela-nega-aposentadoria-mas-confirma-pausa-temporaria-e-movimenta-fas\/\"},\"author\":{\"name\":\"assessoriadefamosos\",\"@id\":\"https:\/\/portaldoestado.com.br\/#\/schema\/person\/5ca0174f3c8c84b59da62ea14b698cb9\"},\"headline\":\"Ana Castela nega aposentadoria, mas confirma pausa tempor\u00e1ria e movimenta f\u00e3s\",\"datePublished\":\"2026-04-29T04:21:36+00:00\",\"mainEntityOfPage\":{\"@id\":\"https:\/\/portaldoestado.com.br\/index.php\/2026\/04\/29\/ana-castela-nega-aposentadoria-mas-confirma-pausa-temporaria-e-movimenta-fas\/\"},\"wordCount\":185,\"publisher\":{\"@id\":\"https:\/\/portaldoestado.com.br\/#organization\"},\"image\":{\"@id\":\"https:\/\/portaldoestado.com.br\/index.php\/2026\/04\/29\/ana-castela-nega-aposentadoria-mas-confirma-pausa-temporaria-e-movimenta-fas\/#primaryimage\"},\"thumbnailUrl\":\"https:\/\/portaldoestado.com.br\/wp-content\/uploads\/2026\/04\/338088c1-7d5a-41b6-b377-2ea01f0348a7.jpg\",\"articleSection\":[\"Famosos\"],\"inLanguage\":\"pt-BR\"},{\"@type\":\"WebPage\",\"@id\":\"https:\/\/portaldoestado.com.br\/index.php\/2026\/04\/29\/ana-castela-nega-aposentadoria-mas-confirma-pausa-temporaria-e-movimenta-fas\/\",\"url\":\"https:\/\/portaldoestado.com.br\/index.php\/2026\/04\/29\/ana-castela-nega-aposentadoria-mas-confirma-pausa-temporaria-e-movimenta-fas\/\",\"name\":\"Ana Castela nega aposentadoria, mas confirma pausa tempor\u00e1ria e movimenta f\u00e3s - Portal do Estado\",\"isPartOf\":{\"@id\":\"https:\/\/portaldoestado.com.br\/#website\"},\"primaryImageOfPage\":{\"@id\":\"https:\/\/portaldoestado.com.br\/index.php\/2026\/04\/29\/ana-castela-nega-aposentadoria-mas-confirma-pausa-temporaria-e-movimenta-fas\/#primaryimage\"},\"image\":{\"@id\":\"https:\/\/portaldoestado.com.br\/index.php\/2026\/04\/29\/ana-castela-nega-aposentadoria-mas-confirma-pausa-temporaria-e-movimenta-fas\/#primaryimage\"},\"thumbnailUrl\":\"https:\/\/portaldoestado.com.br\/wp-content\/uploads\/2026\/04\/338088c1-7d5a-41b6-b377-2ea01f0348a7.jpg\",\"datePublished\":\"2026-04-29T04:21:36+00:00\",\"breadcrumb\":{\"@id\":\"https:\/\/portaldoestado.com.br\/index.php\/2026\/04\/29\/ana-castela-nega-aposentadoria-mas-confirma-pausa-temporaria-e-movimenta-fas\/#breadcrumb\"},\"inLanguage\":\"pt-BR\",\"potentialAction\":[{\"@type\":\"ReadAction\",\"target\":[\"https:\/\/portaldoestado.com.br\/index.php\/2026\/04\/29\/ana-castela-nega-aposentadoria-mas-confirma-pausa-temporaria-e-movimenta-fas\/\"]}]},{\"@type\":\"ImageObject\",\"inLanguage\":\"pt-BR\",\"@id\":\"https:\/\/portaldoestado.com.br\/index.php\/2026\/04\/29\/ana-castela-nega-aposentadoria-mas-confirma-pausa-temporaria-e-movimenta-fas\/#primaryimage\",\"url\":\"https:\/\/portaldoestado.com.br\/wp-content\/uploads\/2026\/04\/338088c1-7d5a-41b6-b377-2ea01f0348a7.jpg\",\"contentUrl\":\"https:\/\/portaldoestado.com.br\/wp-content\/uploads\/2026\/04\/338088c1-7d5a-41b6-b377-2ea01f0348a7.jpg\",\"width\":1183,\"height\":928},{\"@type\":\"BreadcrumbList\",\"@id\":\"https:\/\/portaldoestado.com.br\/index.php\/2026\/04\/29\/ana-castela-nega-aposentadoria-mas-confirma-pausa-temporaria-e-movimenta-fas\/#breadcrumb\",\"itemListElement\":[{\"@type\":\"ListItem\",\"position\":1,\"name\":\"In\u00edcio\",\"item\":\"https:\/\/portaldoestado.com.br\/\"},{\"@type\":\"ListItem\",\"position\":2,\"name\":\"Ana Castela nega aposentadoria, mas confirma pausa tempor\u00e1ria e movimenta f\u00e3s\"}]},{\"@type\":\"WebSite\",\"@id\":\"https:\/\/portaldoestado.com.br\/#website\",\"url\":\"https:\/\/portaldoestado.com.br\/\",\"name\":\"Portal do Estado\",\"description\":\"\",\"publisher\":{\"@id\":\"https:\/\/portaldoestado.com.br\/#organization\"},\"potentialAction\":[{\"@type\":\"SearchAction\",\"target\":{\"@type\":\"EntryPoint\",\"urlTemplate\":\"https:\/\/portaldoestado.com.br\/?s={search_term_string}\"},\"query-input\":{\"@type\":\"PropertyValueSpecification\",\"valueRequired\":true,\"valueName\":\"search_term_string\"}}],\"inLanguage\":\"pt-BR\"},{\"@type\":\"Organization\",\"@id\":\"https:\/\/portaldoestado.com.br\/#organization\",\"name\":\"Portal do Estado\",\"url\":\"https:\/\/portaldoestado.com.br\/\",\"logo\":{\"@type\":\"ImageObject\",\"inLanguage\":\"pt-BR\",\"@id\":\"https:\/\/portaldoestado.com.br\/#\/schema\/logo\/image\/\",\"url\":\"https:\/\/portaldoestado.com.br\/wp-content\/uploads\/2025\/04\/cropped-6f69b19a-6472-43bf-b1b3-e1910bbbd4e8.png\",\"contentUrl\":\"https:\/\/portaldoestado.com.br\/wp-content\/uploads\/2025\/04\/cropped-6f69b19a-6472-43bf-b1b3-e1910bbbd4e8.png\",\"width\":1024,\"height\":350,\"caption\":\"Portal do Estado\"},\"image\":{\"@id\":\"https:\/\/portaldoestado.com.br\/#\/schema\/logo\/image\/\"}},{\"@type\":\"Person\",\"@id\":\"https:\/\/portaldoestado.com.br\/#\/schema\/person\/5ca0174f3c8c84b59da62ea14b698cb9\",\"name\":\"assessoriadefamosos\",\"image\":{\"@type\":\"ImageObject\",\"inLanguage\":\"pt-BR\",\"@id\":\"https:\/\/portaldoestado.com.br\/#\/schema\/person\/image\/\",\"url\":\"https:\/\/secure.gravatar.com\/avatar\/a7acbdffcfbbae7240e59f47fe511ec5f5d8c252c779f0b8d9ab02a9e1d8c5ed?s=96&d=mm&r=g\",\"contentUrl\":\"https:\/\/secure.gravatar.com\/avatar\/a7acbdffcfbbae7240e59f47fe511ec5f5d8c252c779f0b8d9ab02a9e1d8c5ed?s=96&d=mm&r=g\",\"caption\":\"assessoriadefamosos\"},\"url\":\"https:\/\/portaldoestado.com.br\/index.php\/author\/assessoriadefamosos\/\"}]}<\/script>\n<!-- \/ Yoast SEO plugin. -->","yoast_head_json":{"title":"Ana Castela nega aposentadoria, mas confirma pausa tempor\u00e1ria e movimenta f\u00e3s - Portal do Estado","robots":{"index":"index","follow":"follow","max-snippet":"max-snippet:-1","max-image-preview":"max-image-preview:large","max-video-preview":"max-video-preview:-1"},"canonical":"https:\/\/portaldoestado.com.br\/index.php\/2026\/04\/29\/ana-castela-nega-aposentadoria-mas-confirma-pausa-temporaria-e-movimenta-fas\/","og_locale":"pt_BR","og_type":"article","og_title":"Ana Castela nega aposentadoria, mas confirma pausa tempor\u00e1ria e movimenta f\u00e3s - Portal do Estado","og_description":"A cantora Ana Castela voltou ao centro das aten\u00e7\u00f5es ap\u00f3s esclarecer rumores sobre uma poss\u00edvel sa\u00edda dos palcos. Depois de falas que viralizaram nas redes sociais, a artista afirmou que n\u00e3o pretende encerrar a carreira, mas confirmou que planeja uma pausa tempor\u00e1ria nos pr\u00f3ximos meses. Segundo a cantora, a ideia \u00e9 reduzir o ritmo por \u2026","og_url":"https:\/\/portaldoestado.com.br\/index.php\/2026\/04\/29\/ana-castela-nega-aposentadoria-mas-confirma-pausa-temporaria-e-movimenta-fas\/","og_site_name":"Portal do Estado","article_published_time":"2026-04-29T04:21:36+00:00","og_image":[{"width":1183,"height":928,"url":"https:\/\/portaldoestado.com.br\/wp-content\/uploads\/2026\/04\/338088c1-7d5a-41b6-b377-2ea01f0348a7.jpg","type":"image\/jpeg"}],"author":"assessoriadefamosos","twitter_card":"summary_large_image","twitter_misc":{"Escrito por":"assessoriadefamosos","Est. tempo de leitura":"1 minuto"},"schema":{"@context":"https:\/\/schema.org","@graph":[{"@type":"Article","@id":"https:\/\/portaldoestado.com.br\/index.php\/2026\/04\/29\/ana-castela-nega-aposentadoria-mas-confirma-pausa-temporaria-e-movimenta-fas\/#article","isPartOf":{"@id":"https:\/\/portaldoestado.com.br\/index.php\/2026\/04\/29\/ana-castela-nega-aposentadoria-mas-confirma-pausa-temporaria-e-movimenta-fas\/"},"author":{"name":"assessoriadefamosos","@id":"https:\/\/portaldoestado.com.br\/#\/schema\/person\/5ca0174f3c8c84b59da62ea14b698cb9"},"headline":"Ana Castela nega aposentadoria, mas confirma pausa tempor\u00e1ria e movimenta f\u00e3s","datePublished":"2026-04-29T04:21:36+00:00","mainEntityOfPage":{"@id":"https:\/\/portaldoestado.com.br\/index.php\/2026\/04\/29\/ana-castela-nega-aposentadoria-mas-confirma-pausa-temporaria-e-movimenta-fas\/"},"wordCount":185,"publisher":{"@id":"https:\/\/portaldoestado.com.br\/#organization"},"image":{"@id":"https:\/\/portaldoestado.com.br\/index.php\/2026\/04\/29\/ana-castela-nega-aposentadoria-mas-confirma-pausa-temporaria-e-movimenta-fas\/#primaryimage"},"thumbnailUrl":"https:\/\/portaldoestado.com.br\/wp-content\/uploads\/2026\/04\/338088c1-7d5a-41b6-b377-2ea01f0348a7.jpg","articleSection":["Famosos"],"inLanguage":"pt-BR"},{"@type":"WebPage","@id":"https:\/\/portaldoestado.com.br\/index.php\/2026\/04\/29\/ana-castela-nega-aposentadoria-mas-confirma-pausa-temporaria-e-movimenta-fas\/","url":"https:\/\/portaldoestado.com.br\/index.php\/2026\/04\/29\/ana-castela-nega-aposentadoria-mas-confirma-pausa-temporaria-e-movimenta-fas\/","name":"Ana Castela nega aposentadoria, mas confirma pausa tempor\u00e1ria e movimenta f\u00e3s - Portal do Estado","isPartOf":{"@id":"https:\/\/portaldoestado.com.br\/#website"},"primaryImageOfPage":{"@id":"https:\/\/portaldoestado.com.br\/index.php\/2026\/04\/29\/ana-castela-nega-aposentadoria-mas-confirma-pausa-temporaria-e-movimenta-fas\/#primaryimage"},"image":{"@id":"https:\/\/portaldoestado.com.br\/index.php\/2026\/04\/29\/ana-castela-nega-aposentadoria-mas-confirma-pausa-temporaria-e-movimenta-fas\/#primaryimage"},"thumbnailUrl":"https:\/\/portaldoestado.com.br\/wp-content\/uploads\/2026\/04\/338088c1-7d5a-41b6-b377-2ea01f0348a7.jpg","datePublished":"2026-04-29T04:21:36+00:00","breadcrumb":{"@id":"https:\/\/portaldoestado.com.br\/index.php\/2026\/04\/29\/ana-castela-nega-aposentadoria-mas-confirma-pausa-temporaria-e-movimenta-fas\/#breadcrumb"},"inLanguage":"pt-BR","potentialAction":[{"@type":"ReadAction","target":["https:\/\/portaldoestado.com.br\/index.php\/2026\/04\/29\/ana-castela-nega-aposentadoria-mas-confirma-pausa-temporaria-e-movimenta-fas\/"]}]},{"@type":"ImageObject","inLanguage":"pt-BR","@id":"https:\/\/portaldoestado.com.br\/index.php\/2026\/04\/29\/ana-castela-nega-aposentadoria-mas-confirma-pausa-temporaria-e-movimenta-fas\/#primaryimage","url":"https:\/\/portaldoestado.com.br\/wp-content\/uploads\/2026\/04\/338088c1-7d5a-41b6-b377-2ea01f0348a7.jpg","contentUrl":"https:\/\/portaldoestado.com.br\/wp-content\/uploads\/2026\/04\/338088c1-7d5a-41b6-b377-2ea01f0348a7.jpg","width":1183,"height":928},{"@type":"BreadcrumbList","@id":"https:\/\/portaldoestado.com.br\/index.php\/2026\/04\/29\/ana-castela-nega-aposentadoria-mas-confirma-pausa-temporaria-e-movimenta-fas\/#breadcrumb","itemListElement":[{"@type":"ListItem","position":1,"name":"In\u00edcio","item":"https:\/\/portaldoestado.com.br\/"},{"@type":"ListItem","position":2,"name":"Ana Castela nega aposentadoria, mas confirma pausa tempor\u00e1ria e movimenta f\u00e3s"}]},{"@type":"WebSite","@id":"https:\/\/portaldoestado.com.br\/#website","url":"https:\/\/portaldoestado.com.br\/","name":"Portal do Estado","description":"","publisher":{"@id":"https:\/\/portaldoestado.com.br\/#organization"},"potentialAction":[{"@type":"SearchAction","target":{"@type":"EntryPoint","urlTemplate":"https:\/\/portaldoestado.com.br\/?s={search_term_string}"},"query-input":{"@type":"PropertyValueSpecification","valueRequired":true,"valueName":"search_term_string"}}],"inLanguage":"pt-BR"},{"@type":"Organization","@id":"https:\/\/portaldoestado.com.br\/#organization","name":"Portal do Estado","url":"https:\/\/portaldoestado.com.br\/","logo":{"@type":"ImageObject","inLanguage":"pt-BR","@id":"https:\/\/portaldoestado.com.br\/#\/schema\/logo\/image\/","url":"https:\/\/portaldoestado.com.br\/wp-content\/uploads\/2025\/04\/cropped-6f69b19a-6472-43bf-b1b3-e1910bbbd4e8.png","contentUrl":"https:\/\/portaldoestado.com.br\/wp-content\/uploads\/2025\/04\/cropped-6f69b19a-6472-43bf-b1b3-e1910bbbd4e8.png","width":1024,"height":350,"caption":"Portal do Estado"},"image":{"@id":"https:\/\/portaldoestado.com.br\/#\/schema\/logo\/image\/"}},{"@type":"Person","@id":"https:\/\/portaldoestado.com.br\/#\/schema\/person\/5ca0174f3c8c84b59da62ea14b698cb9","name":"assessoriadefamosos","image":{"@type":"ImageObject","inLanguage":"pt-BR","@id":"https:\/\/portaldoestado.com.br\/#\/schema\/person\/image\/","url":"https:\/\/secure.gravatar.com\/avatar\/a7acbdffcfbbae7240e59f47fe511ec5f5d8c252c779f0b8d9ab02a9e1d8c5ed?s=96&d=mm&r=g","contentUrl":"https:\/\/secure.gravatar.com\/avatar\/a7acbdffcfbbae7240e59f47fe511ec5f5d8c252c779f0b8d9ab02a9e1d8c5ed?s=96&d=mm&r=g","caption":"assessoriadefamosos"},"url":"https:\/\/portaldoestado.com.br\/index.php\/author\/assessoriadefamosos\/"}]}},"jetpack_featured_media_url":"https:\/\/portaldoestado.com.br\/wp-content\/uploads\/2026\/04\/338088c1-7d5a-41b6-b377-2ea01f0348a7.jpg","_links":{"self":[{"href":"https:\/\/portaldoestado.com.br\/index.php\/wp-json\/wp\/v2\/posts\/8734","targetHints":{"allow":["GET"]}}],"collection":[{"href":"https:\/\/portaldoestado.com.br\/index.php\/wp-json\/wp\/v2\/posts"}],"about":[{"href":"https:\/\/portaldoestado.com.br\/index.php\/wp-json\/wp\/v2\/types\/post"}],"author":[{"embeddable":true,"href":"https:\/\/portaldoestado.com.br\/index.php\/wp-json\/wp\/v2\/users\/2"}],"replies":[{"embeddable":true,"href":"https:\/\/portaldoestado.com.br\/index.php\/wp-json\/wp\/v2\/comments?post=8734"}],"version-history":[{"count":1,"href":"https:\/\/portaldoestado.com.br\/index.php\/wp-json\/wp\/v2\/posts\/8734\/revisions"}],"predecessor-version":[{"id":8735,"href":"https:\/\/portaldoestado.com.br\/index.php\/wp-json\/wp\/v2\/posts\/8734\/revisions\/8735"}],"wp:featuredmedia":[{"embeddable":true,"href":"https:\/\/portaldoestado.com.br\/index.php\/wp-json\/wp\/v2\/media\/8733"}],"wp:attachment":[{"href":"https:\/\/portaldoestado.com.br\/index.php\/wp-json\/wp\/v2\/media?parent=8734"}],"wp:term":[{"taxonomy":"category","embeddable":true,"href":"https:\/\/portaldoestado.com.br\/index.php\/wp-json\/wp\/v2\/categories?post=8734"},{"taxonomy":"post_tag","embeddable":true,"href":"https:\/\/portaldoestado.com.br\/index.php\/wp-json\/wp\/v2\/tags?post=8734"}],"curies":[{"name":"wp","href":"https:\/\/api.w.org\/{rel}","templated":true}]}}