{"id":8716,"date":"2026-04-28T19:35:02","date_gmt":"2026-04-28T19:35:02","guid":{"rendered":"https:\/\/portaldoestado.com.br\/?p=8716"},"modified":"2026-04-28T19:35:02","modified_gmt":"2026-04-28T19:35:02","slug":"o-crescimento-da-beleza-limpa-e-o-novo-perfil-do-consumidor-global-a-influencia-de-juliano-villela","status":"publish","type":"post","link":"https:\/\/portaldoestado.com.br\/index.php\/2026\/04\/28\/o-crescimento-da-beleza-limpa-e-o-novo-perfil-do-consumidor-global-a-influencia-de-juliano-villela\/","title":{"rendered":"O Crescimento da Beleza Limpa e o Novo Perfil do Consumidor Global: A Influ\u00eancia de Juliano Villela"},"content":{"rendered":"\n<p>Nos \u00faltimos anos, o conceito de beleza limpa tem deixado de ser uma tend\u00eancia de nicho para se tornar um verdadeiro movimento global. Mais do que est\u00e9tica, trata-se de uma mudan\u00e7a de consci\u00eancia: consumidores e profissionais da ind\u00fastria passaram a questionar a origem, a composi\u00e7\u00e3o e o impacto dos produtos que utilizam diariamente.<\/p>\n\n\n\n<p>A chamada <em>clean beauty<\/em>, ou beleza limpa, defende o uso de produtos formulados com ingredientes mais naturais, livres de subst\u00e2ncias potencialmente nocivas e produzidos com transpar\u00eancia e responsabilidade ambiental. Esse movimento est\u00e1 diretamente ligado a uma nova gera\u00e7\u00e3o de consumidores que valoriza n\u00e3o apenas o resultado est\u00e9tico, mas tamb\u00e9m o impacto social e ecol\u00f3gico de suas escolhas.<\/p>\n\n\n\n<p>Diferente de movimentos tradicionais, os \u201cativistas da beleza limpa\u201d n\u00e3o se manifestam apenas por meio de discursos. Eles atuam principalmente atrav\u00e9s do consumo e da cria\u00e7\u00e3o de alternativas. Escolher um shampoo biodegrad\u00e1vel, um cosm\u00e9tico org\u00e2nico ou uma marca com cadeia produtiva sustent\u00e1vel tornou-se, para muitos, uma forma de posicionamento. Esse ativismo silencioso tem provocado mudan\u00e7as reais na ind\u00fastria, como a redu\u00e7\u00e3o de ingredientes sint\u00e9ticos controversos e a valoriza\u00e7\u00e3o de mat\u00e9rias-primas naturais e da biodiversidade.<\/p>\n\n\n\n<p>Al\u00e9m disso, h\u00e1 uma crescente conex\u00e3o entre beleza limpa e bioeconomia, especialmente com o uso de insumos provenientes de ecossistemas como a Amaz\u00f4nia, refor\u00e7ando a import\u00e2ncia da preserva\u00e7\u00e3o ambiental aliada \u00e0 inova\u00e7\u00e3o.<\/p>\n\n\n\n<p>Dentro desse cen\u00e1rio, destaca-se a atua\u00e7\u00e3o de Juliano Villela, um brasileiro radicado na Fl\u00f3rida que tem se consolidado como um dos nomes relevantes nesse movimento. Hoje baseado na regi\u00e3o de Palm Beach, uma das \u00e1reas mais pr\u00f3speras da Fl\u00f3rida e que tem recebido um fluxo crescente de novos residentes de outros estados, Juliano vem atraindo uma clientela cada vez mais interessada em produtos mais conscientes, naturais e alinhados a um estilo de vida mais saud\u00e1vel.<\/p>\n\n\n\n<p>Empres\u00e1rio e especialista em beleza sustent\u00e1vel, ele atua diretamente na promo\u00e7\u00e3o de produtos capilares org\u00e2nicos, biodegrad\u00e1veis e desenvolvidos com responsabilidade socioambiental. A qualidade e consist\u00eancia de seu trabalho tamb\u00e9m se refletem na confian\u00e7a de clientes exigentes, incluindo nomes como Susie Wiles, atual chefe de gabinete da Casa Branca (<em>White House Chief of Staff<\/em>), que tem adotado uma rotina mais voltada ao uso de produtos naturais, especialmente em um momento em que prioriza reduzir a exposi\u00e7\u00e3o a subst\u00e2ncias qu\u00edmicas e valorizar alternativas mais suaves e conscientes.<\/p>\n\n\n\n<p>Sua atua\u00e7\u00e3o vai al\u00e9m do mercado: Juliano se posiciona como um elo entre Brasil, Estados Unidos, Am\u00e9rica do Sul e Europa, incentivando o uso consciente de ingredientes naturais e ampliando a presen\u00e7a de marcas latino-americanas no cen\u00e1rio internacional.<\/p>\n\n\n\n<p>A participa\u00e7\u00e3o dele em eventos internacionais como a COP30 refor\u00e7a esse papel. No evento, ele se envolveu com debates sobre sustentabilidade, bioeconomia e preserva\u00e7\u00e3o ambiental, al\u00e9m de dialogar com pesquisadores, lideran\u00e7as ind\u00edgenas e especialistas do setor.<\/p>\n\n\n\n<p>Mais do que um empreendedor, Juliano representa o novo perfil de profissional da beleza: algu\u00e9m que entende que est\u00e9tica, ci\u00eancia e sustentabilidade caminham juntas, e que o futuro da ind\u00fastria depende dessa integra\u00e7\u00e3o.<\/p>\n\n\n\n<p>A beleza limpa n\u00e3o \u00e9 apenas sobre \u201cprodutos naturais\u201d. \u00c9 sobre consci\u00eancia. Entender que cada escolha de consumo tem impacto no meio ambiente, na sa\u00fade e na economia global \u00e9, hoje, um posicionamento mais consciente.<\/p>\n\n\n\n<p>Ativistas da beleza limpa como Juliano ajudam a transformar o setor ao conectar conhecimento, mercado e prop\u00f3sito. Eles mostram que a beleza pode e deve ser tamb\u00e9m um instrumento de responsabilidade, inova\u00e7\u00e3o e transforma\u00e7\u00e3o.<\/p>\n\n\n\n<p>Hoje, mais do que nunca, beleza n\u00e3o \u00e9 s\u00f3 apar\u00eancia. \u00c9 posicionamento.<\/p>\n","protected":false},"excerpt":{"rendered":"<p>Nos \u00faltimos anos, o conceito de beleza limpa tem deixado de ser uma tend\u00eancia de nicho para se tornar um verdadeiro movimento global. Mais do que est\u00e9tica, trata-se de uma mudan\u00e7a de consci\u00eancia: consumidores e profissionais da ind\u00fastria passaram a questionar a origem, a composi\u00e7\u00e3o e o impacto dos produtos que utilizam diariamente. A chamada \u2026<\/p>\n","protected":false},"author":2,"featured_media":8715,"comment_status":"closed","ping_status":"open","sticky":false,"template":"","format":"standard","meta":{"footnotes":""},"categories":[15],"tags":[],"class_list":["post-8716","post","type-post","status-publish","format-standard","has-post-thumbnail","hentry","category-beleza"],"yoast_head":"<!-- This site is optimized with the Yoast SEO plugin v25.5 - https:\/\/yoast.com\/wordpress\/plugins\/seo\/ -->\n<title>O Crescimento da Beleza Limpa e o Novo Perfil do Consumidor Global: A Influ\u00eancia de Juliano Villela - Portal do Estado<\/title>\n<meta name=\"robots\" content=\"index, follow, max-snippet:-1, max-image-preview:large, max-video-preview:-1\" \/>\n<link rel=\"canonical\" href=\"https:\/\/portaldoestado.com.br\/index.php\/2026\/04\/28\/o-crescimento-da-beleza-limpa-e-o-novo-perfil-do-consumidor-global-a-influencia-de-juliano-villela\/\" \/>\n<meta property=\"og:locale\" content=\"pt_BR\" \/>\n<meta property=\"og:type\" content=\"article\" \/>\n<meta property=\"og:title\" content=\"O Crescimento da Beleza Limpa e o Novo Perfil do Consumidor Global: A Influ\u00eancia de Juliano Villela - Portal do Estado\" \/>\n<meta property=\"og:description\" content=\"Nos \u00faltimos anos, o conceito de beleza limpa tem deixado de ser uma tend\u00eancia de nicho para se tornar um verdadeiro movimento global. Mais do que est\u00e9tica, trata-se de uma mudan\u00e7a de consci\u00eancia: consumidores e profissionais da ind\u00fastria passaram a questionar a origem, a composi\u00e7\u00e3o e o impacto dos produtos que utilizam diariamente. A chamada \u2026\" \/>\n<meta property=\"og:url\" content=\"https:\/\/portaldoestado.com.br\/index.php\/2026\/04\/28\/o-crescimento-da-beleza-limpa-e-o-novo-perfil-do-consumidor-global-a-influencia-de-juliano-villela\/\" \/>\n<meta property=\"og:site_name\" content=\"Portal do Estado\" \/>\n<meta property=\"article:published_time\" content=\"2026-04-28T19:35:02+00:00\" \/>\n<meta property=\"og:image\" content=\"https:\/\/portaldoestado.com.br\/wp-content\/uploads\/2026\/04\/foto-1-org-1.jpg\" \/>\n\t<meta property=\"og:image:width\" content=\"736\" \/>\n\t<meta property=\"og:image:height\" content=\"511\" \/>\n\t<meta property=\"og:image:type\" content=\"image\/jpeg\" \/>\n<meta name=\"author\" content=\"assessoriadefamosos\" \/>\n<meta name=\"twitter:card\" content=\"summary_large_image\" \/>\n<meta name=\"twitter:label1\" content=\"Escrito por\" \/>\n\t<meta name=\"twitter:data1\" content=\"assessoriadefamosos\" \/>\n\t<meta name=\"twitter:label2\" content=\"Est. tempo de leitura\" \/>\n\t<meta name=\"twitter:data2\" content=\"3 minutos\" \/>\n<script type=\"application\/ld+json\" class=\"yoast-schema-graph\">{\"@context\":\"https:\/\/schema.org\",\"@graph\":[{\"@type\":\"Article\",\"@id\":\"https:\/\/portaldoestado.com.br\/index.php\/2026\/04\/28\/o-crescimento-da-beleza-limpa-e-o-novo-perfil-do-consumidor-global-a-influencia-de-juliano-villela\/#article\",\"isPartOf\":{\"@id\":\"https:\/\/portaldoestado.com.br\/index.php\/2026\/04\/28\/o-crescimento-da-beleza-limpa-e-o-novo-perfil-do-consumidor-global-a-influencia-de-juliano-villela\/\"},\"author\":{\"name\":\"assessoriadefamosos\",\"@id\":\"https:\/\/portaldoestado.com.br\/#\/schema\/person\/5ca0174f3c8c84b59da62ea14b698cb9\"},\"headline\":\"O Crescimento da Beleza Limpa e o Novo Perfil do Consumidor Global: A Influ\u00eancia de Juliano Villela\",\"datePublished\":\"2026-04-28T19:35:02+00:00\",\"mainEntityOfPage\":{\"@id\":\"https:\/\/portaldoestado.com.br\/index.php\/2026\/04\/28\/o-crescimento-da-beleza-limpa-e-o-novo-perfil-do-consumidor-global-a-influencia-de-juliano-villela\/\"},\"wordCount\":652,\"publisher\":{\"@id\":\"https:\/\/portaldoestado.com.br\/#organization\"},\"image\":{\"@id\":\"https:\/\/portaldoestado.com.br\/index.php\/2026\/04\/28\/o-crescimento-da-beleza-limpa-e-o-novo-perfil-do-consumidor-global-a-influencia-de-juliano-villela\/#primaryimage\"},\"thumbnailUrl\":\"https:\/\/portaldoestado.com.br\/wp-content\/uploads\/2026\/04\/foto-1-org-1.jpg\",\"articleSection\":[\"Beleza\"],\"inLanguage\":\"pt-BR\"},{\"@type\":\"WebPage\",\"@id\":\"https:\/\/portaldoestado.com.br\/index.php\/2026\/04\/28\/o-crescimento-da-beleza-limpa-e-o-novo-perfil-do-consumidor-global-a-influencia-de-juliano-villela\/\",\"url\":\"https:\/\/portaldoestado.com.br\/index.php\/2026\/04\/28\/o-crescimento-da-beleza-limpa-e-o-novo-perfil-do-consumidor-global-a-influencia-de-juliano-villela\/\",\"name\":\"O Crescimento da Beleza Limpa e o Novo Perfil do Consumidor Global: A Influ\u00eancia de Juliano Villela - Portal do Estado\",\"isPartOf\":{\"@id\":\"https:\/\/portaldoestado.com.br\/#website\"},\"primaryImageOfPage\":{\"@id\":\"https:\/\/portaldoestado.com.br\/index.php\/2026\/04\/28\/o-crescimento-da-beleza-limpa-e-o-novo-perfil-do-consumidor-global-a-influencia-de-juliano-villela\/#primaryimage\"},\"image\":{\"@id\":\"https:\/\/portaldoestado.com.br\/index.php\/2026\/04\/28\/o-crescimento-da-beleza-limpa-e-o-novo-perfil-do-consumidor-global-a-influencia-de-juliano-villela\/#primaryimage\"},\"thumbnailUrl\":\"https:\/\/portaldoestado.com.br\/wp-content\/uploads\/2026\/04\/foto-1-org-1.jpg\",\"datePublished\":\"2026-04-28T19:35:02+00:00\",\"breadcrumb\":{\"@id\":\"https:\/\/portaldoestado.com.br\/index.php\/2026\/04\/28\/o-crescimento-da-beleza-limpa-e-o-novo-perfil-do-consumidor-global-a-influencia-de-juliano-villela\/#breadcrumb\"},\"inLanguage\":\"pt-BR\",\"potentialAction\":[{\"@type\":\"ReadAction\",\"target\":[\"https:\/\/portaldoestado.com.br\/index.php\/2026\/04\/28\/o-crescimento-da-beleza-limpa-e-o-novo-perfil-do-consumidor-global-a-influencia-de-juliano-villela\/\"]}]},{\"@type\":\"ImageObject\",\"inLanguage\":\"pt-BR\",\"@id\":\"https:\/\/portaldoestado.com.br\/index.php\/2026\/04\/28\/o-crescimento-da-beleza-limpa-e-o-novo-perfil-do-consumidor-global-a-influencia-de-juliano-villela\/#primaryimage\",\"url\":\"https:\/\/portaldoestado.com.br\/wp-content\/uploads\/2026\/04\/foto-1-org-1.jpg\",\"contentUrl\":\"https:\/\/portaldoestado.com.br\/wp-content\/uploads\/2026\/04\/foto-1-org-1.jpg\",\"width\":736,\"height\":511},{\"@type\":\"BreadcrumbList\",\"@id\":\"https:\/\/portaldoestado.com.br\/index.php\/2026\/04\/28\/o-crescimento-da-beleza-limpa-e-o-novo-perfil-do-consumidor-global-a-influencia-de-juliano-villela\/#breadcrumb\",\"itemListElement\":[{\"@type\":\"ListItem\",\"position\":1,\"name\":\"In\u00edcio\",\"item\":\"https:\/\/portaldoestado.com.br\/\"},{\"@type\":\"ListItem\",\"position\":2,\"name\":\"O Crescimento da Beleza Limpa e o Novo Perfil do Consumidor Global: A Influ\u00eancia de Juliano Villela\"}]},{\"@type\":\"WebSite\",\"@id\":\"https:\/\/portaldoestado.com.br\/#website\",\"url\":\"https:\/\/portaldoestado.com.br\/\",\"name\":\"Portal do Estado\",\"description\":\"\",\"publisher\":{\"@id\":\"https:\/\/portaldoestado.com.br\/#organization\"},\"potentialAction\":[{\"@type\":\"SearchAction\",\"target\":{\"@type\":\"EntryPoint\",\"urlTemplate\":\"https:\/\/portaldoestado.com.br\/?s={search_term_string}\"},\"query-input\":{\"@type\":\"PropertyValueSpecification\",\"valueRequired\":true,\"valueName\":\"search_term_string\"}}],\"inLanguage\":\"pt-BR\"},{\"@type\":\"Organization\",\"@id\":\"https:\/\/portaldoestado.com.br\/#organization\",\"name\":\"Portal do Estado\",\"url\":\"https:\/\/portaldoestado.com.br\/\",\"logo\":{\"@type\":\"ImageObject\",\"inLanguage\":\"pt-BR\",\"@id\":\"https:\/\/portaldoestado.com.br\/#\/schema\/logo\/image\/\",\"url\":\"https:\/\/portaldoestado.com.br\/wp-content\/uploads\/2025\/04\/cropped-6f69b19a-6472-43bf-b1b3-e1910bbbd4e8.png\",\"contentUrl\":\"https:\/\/portaldoestado.com.br\/wp-content\/uploads\/2025\/04\/cropped-6f69b19a-6472-43bf-b1b3-e1910bbbd4e8.png\",\"width\":1024,\"height\":350,\"caption\":\"Portal do Estado\"},\"image\":{\"@id\":\"https:\/\/portaldoestado.com.br\/#\/schema\/logo\/image\/\"}},{\"@type\":\"Person\",\"@id\":\"https:\/\/portaldoestado.com.br\/#\/schema\/person\/5ca0174f3c8c84b59da62ea14b698cb9\",\"name\":\"assessoriadefamosos\",\"image\":{\"@type\":\"ImageObject\",\"inLanguage\":\"pt-BR\",\"@id\":\"https:\/\/portaldoestado.com.br\/#\/schema\/person\/image\/\",\"url\":\"https:\/\/secure.gravatar.com\/avatar\/a7acbdffcfbbae7240e59f47fe511ec5f5d8c252c779f0b8d9ab02a9e1d8c5ed?s=96&d=mm&r=g\",\"contentUrl\":\"https:\/\/secure.gravatar.com\/avatar\/a7acbdffcfbbae7240e59f47fe511ec5f5d8c252c779f0b8d9ab02a9e1d8c5ed?s=96&d=mm&r=g\",\"caption\":\"assessoriadefamosos\"},\"url\":\"https:\/\/portaldoestado.com.br\/index.php\/author\/assessoriadefamosos\/\"}]}<\/script>\n<!-- \/ Yoast SEO plugin. -->","yoast_head_json":{"title":"O Crescimento da Beleza Limpa e o Novo Perfil do Consumidor Global: A Influ\u00eancia de Juliano Villela - Portal do Estado","robots":{"index":"index","follow":"follow","max-snippet":"max-snippet:-1","max-image-preview":"max-image-preview:large","max-video-preview":"max-video-preview:-1"},"canonical":"https:\/\/portaldoestado.com.br\/index.php\/2026\/04\/28\/o-crescimento-da-beleza-limpa-e-o-novo-perfil-do-consumidor-global-a-influencia-de-juliano-villela\/","og_locale":"pt_BR","og_type":"article","og_title":"O Crescimento da Beleza Limpa e o Novo Perfil do Consumidor Global: A Influ\u00eancia de Juliano Villela - Portal do Estado","og_description":"Nos \u00faltimos anos, o conceito de beleza limpa tem deixado de ser uma tend\u00eancia de nicho para se tornar um verdadeiro movimento global. Mais do que est\u00e9tica, trata-se de uma mudan\u00e7a de consci\u00eancia: consumidores e profissionais da ind\u00fastria passaram a questionar a origem, a composi\u00e7\u00e3o e o impacto dos produtos que utilizam diariamente. A chamada \u2026","og_url":"https:\/\/portaldoestado.com.br\/index.php\/2026\/04\/28\/o-crescimento-da-beleza-limpa-e-o-novo-perfil-do-consumidor-global-a-influencia-de-juliano-villela\/","og_site_name":"Portal do Estado","article_published_time":"2026-04-28T19:35:02+00:00","og_image":[{"width":736,"height":511,"url":"https:\/\/portaldoestado.com.br\/wp-content\/uploads\/2026\/04\/foto-1-org-1.jpg","type":"image\/jpeg"}],"author":"assessoriadefamosos","twitter_card":"summary_large_image","twitter_misc":{"Escrito por":"assessoriadefamosos","Est. tempo de leitura":"3 minutos"},"schema":{"@context":"https:\/\/schema.org","@graph":[{"@type":"Article","@id":"https:\/\/portaldoestado.com.br\/index.php\/2026\/04\/28\/o-crescimento-da-beleza-limpa-e-o-novo-perfil-do-consumidor-global-a-influencia-de-juliano-villela\/#article","isPartOf":{"@id":"https:\/\/portaldoestado.com.br\/index.php\/2026\/04\/28\/o-crescimento-da-beleza-limpa-e-o-novo-perfil-do-consumidor-global-a-influencia-de-juliano-villela\/"},"author":{"name":"assessoriadefamosos","@id":"https:\/\/portaldoestado.com.br\/#\/schema\/person\/5ca0174f3c8c84b59da62ea14b698cb9"},"headline":"O Crescimento da Beleza Limpa e o Novo Perfil do Consumidor Global: A Influ\u00eancia de Juliano Villela","datePublished":"2026-04-28T19:35:02+00:00","mainEntityOfPage":{"@id":"https:\/\/portaldoestado.com.br\/index.php\/2026\/04\/28\/o-crescimento-da-beleza-limpa-e-o-novo-perfil-do-consumidor-global-a-influencia-de-juliano-villela\/"},"wordCount":652,"publisher":{"@id":"https:\/\/portaldoestado.com.br\/#organization"},"image":{"@id":"https:\/\/portaldoestado.com.br\/index.php\/2026\/04\/28\/o-crescimento-da-beleza-limpa-e-o-novo-perfil-do-consumidor-global-a-influencia-de-juliano-villela\/#primaryimage"},"thumbnailUrl":"https:\/\/portaldoestado.com.br\/wp-content\/uploads\/2026\/04\/foto-1-org-1.jpg","articleSection":["Beleza"],"inLanguage":"pt-BR"},{"@type":"WebPage","@id":"https:\/\/portaldoestado.com.br\/index.php\/2026\/04\/28\/o-crescimento-da-beleza-limpa-e-o-novo-perfil-do-consumidor-global-a-influencia-de-juliano-villela\/","url":"https:\/\/portaldoestado.com.br\/index.php\/2026\/04\/28\/o-crescimento-da-beleza-limpa-e-o-novo-perfil-do-consumidor-global-a-influencia-de-juliano-villela\/","name":"O Crescimento da Beleza Limpa e o Novo Perfil do Consumidor Global: A Influ\u00eancia de Juliano Villela - Portal do Estado","isPartOf":{"@id":"https:\/\/portaldoestado.com.br\/#website"},"primaryImageOfPage":{"@id":"https:\/\/portaldoestado.com.br\/index.php\/2026\/04\/28\/o-crescimento-da-beleza-limpa-e-o-novo-perfil-do-consumidor-global-a-influencia-de-juliano-villela\/#primaryimage"},"image":{"@id":"https:\/\/portaldoestado.com.br\/index.php\/2026\/04\/28\/o-crescimento-da-beleza-limpa-e-o-novo-perfil-do-consumidor-global-a-influencia-de-juliano-villela\/#primaryimage"},"thumbnailUrl":"https:\/\/portaldoestado.com.br\/wp-content\/uploads\/2026\/04\/foto-1-org-1.jpg","datePublished":"2026-04-28T19:35:02+00:00","breadcrumb":{"@id":"https:\/\/portaldoestado.com.br\/index.php\/2026\/04\/28\/o-crescimento-da-beleza-limpa-e-o-novo-perfil-do-consumidor-global-a-influencia-de-juliano-villela\/#breadcrumb"},"inLanguage":"pt-BR","potentialAction":[{"@type":"ReadAction","target":["https:\/\/portaldoestado.com.br\/index.php\/2026\/04\/28\/o-crescimento-da-beleza-limpa-e-o-novo-perfil-do-consumidor-global-a-influencia-de-juliano-villela\/"]}]},{"@type":"ImageObject","inLanguage":"pt-BR","@id":"https:\/\/portaldoestado.com.br\/index.php\/2026\/04\/28\/o-crescimento-da-beleza-limpa-e-o-novo-perfil-do-consumidor-global-a-influencia-de-juliano-villela\/#primaryimage","url":"https:\/\/portaldoestado.com.br\/wp-content\/uploads\/2026\/04\/foto-1-org-1.jpg","contentUrl":"https:\/\/portaldoestado.com.br\/wp-content\/uploads\/2026\/04\/foto-1-org-1.jpg","width":736,"height":511},{"@type":"BreadcrumbList","@id":"https:\/\/portaldoestado.com.br\/index.php\/2026\/04\/28\/o-crescimento-da-beleza-limpa-e-o-novo-perfil-do-consumidor-global-a-influencia-de-juliano-villela\/#breadcrumb","itemListElement":[{"@type":"ListItem","position":1,"name":"In\u00edcio","item":"https:\/\/portaldoestado.com.br\/"},{"@type":"ListItem","position":2,"name":"O Crescimento da Beleza Limpa e o Novo Perfil do Consumidor Global: A Influ\u00eancia de Juliano Villela"}]},{"@type":"WebSite","@id":"https:\/\/portaldoestado.com.br\/#website","url":"https:\/\/portaldoestado.com.br\/","name":"Portal do Estado","description":"","publisher":{"@id":"https:\/\/portaldoestado.com.br\/#organization"},"potentialAction":[{"@type":"SearchAction","target":{"@type":"EntryPoint","urlTemplate":"https:\/\/portaldoestado.com.br\/?s={search_term_string}"},"query-input":{"@type":"PropertyValueSpecification","valueRequired":true,"valueName":"search_term_string"}}],"inLanguage":"pt-BR"},{"@type":"Organization","@id":"https:\/\/portaldoestado.com.br\/#organization","name":"Portal do Estado","url":"https:\/\/portaldoestado.com.br\/","logo":{"@type":"ImageObject","inLanguage":"pt-BR","@id":"https:\/\/portaldoestado.com.br\/#\/schema\/logo\/image\/","url":"https:\/\/portaldoestado.com.br\/wp-content\/uploads\/2025\/04\/cropped-6f69b19a-6472-43bf-b1b3-e1910bbbd4e8.png","contentUrl":"https:\/\/portaldoestado.com.br\/wp-content\/uploads\/2025\/04\/cropped-6f69b19a-6472-43bf-b1b3-e1910bbbd4e8.png","width":1024,"height":350,"caption":"Portal do Estado"},"image":{"@id":"https:\/\/portaldoestado.com.br\/#\/schema\/logo\/image\/"}},{"@type":"Person","@id":"https:\/\/portaldoestado.com.br\/#\/schema\/person\/5ca0174f3c8c84b59da62ea14b698cb9","name":"assessoriadefamosos","image":{"@type":"ImageObject","inLanguage":"pt-BR","@id":"https:\/\/portaldoestado.com.br\/#\/schema\/person\/image\/","url":"https:\/\/secure.gravatar.com\/avatar\/a7acbdffcfbbae7240e59f47fe511ec5f5d8c252c779f0b8d9ab02a9e1d8c5ed?s=96&d=mm&r=g","contentUrl":"https:\/\/secure.gravatar.com\/avatar\/a7acbdffcfbbae7240e59f47fe511ec5f5d8c252c779f0b8d9ab02a9e1d8c5ed?s=96&d=mm&r=g","caption":"assessoriadefamosos"},"url":"https:\/\/portaldoestado.com.br\/index.php\/author\/assessoriadefamosos\/"}]}},"jetpack_featured_media_url":"https:\/\/portaldoestado.com.br\/wp-content\/uploads\/2026\/04\/foto-1-org-1.jpg","_links":{"self":[{"href":"https:\/\/portaldoestado.com.br\/index.php\/wp-json\/wp\/v2\/posts\/8716","targetHints":{"allow":["GET"]}}],"collection":[{"href":"https:\/\/portaldoestado.com.br\/index.php\/wp-json\/wp\/v2\/posts"}],"about":[{"href":"https:\/\/portaldoestado.com.br\/index.php\/wp-json\/wp\/v2\/types\/post"}],"author":[{"embeddable":true,"href":"https:\/\/portaldoestado.com.br\/index.php\/wp-json\/wp\/v2\/users\/2"}],"replies":[{"embeddable":true,"href":"https:\/\/portaldoestado.com.br\/index.php\/wp-json\/wp\/v2\/comments?post=8716"}],"version-history":[{"count":1,"href":"https:\/\/portaldoestado.com.br\/index.php\/wp-json\/wp\/v2\/posts\/8716\/revisions"}],"predecessor-version":[{"id":8717,"href":"https:\/\/portaldoestado.com.br\/index.php\/wp-json\/wp\/v2\/posts\/8716\/revisions\/8717"}],"wp:featuredmedia":[{"embeddable":true,"href":"https:\/\/portaldoestado.com.br\/index.php\/wp-json\/wp\/v2\/media\/8715"}],"wp:attachment":[{"href":"https:\/\/portaldoestado.com.br\/index.php\/wp-json\/wp\/v2\/media?parent=8716"}],"wp:term":[{"taxonomy":"category","embeddable":true,"href":"https:\/\/portaldoestado.com.br\/index.php\/wp-json\/wp\/v2\/categories?post=8716"},{"taxonomy":"post_tag","embeddable":true,"href":"https:\/\/portaldoestado.com.br\/index.php\/wp-json\/wp\/v2\/tags?post=8716"}],"curies":[{"name":"wp","href":"https:\/\/api.w.org\/{rel}","templated":true}]}}