{"id":8713,"date":"2026-04-28T17:34:20","date_gmt":"2026-04-28T17:34:20","guid":{"rendered":"https:\/\/portaldoestado.com.br\/?p=8713"},"modified":"2026-04-28T17:34:20","modified_gmt":"2026-04-28T17:34:20","slug":"galatti-sollo-o-lobo-sonhador-do-interior-de-sao-paulo-sonha-com-sucesso","status":"publish","type":"post","link":"https:\/\/portaldoestado.com.br\/index.php\/2026\/04\/28\/galatti-sollo-o-lobo-sonhador-do-interior-de-sao-paulo-sonha-com-sucesso\/","title":{"rendered":"Galatti Sollo, o Lobo Sonhador, do interior de S\u00e3o Paulo sonha com sucesso"},"content":{"rendered":"\n<p>Nascido em 13 de fevereiro de 1991 na cidade de Boa Esperan\u00e7a do Sul, interior de S\u00e3o Paulo, Eduardo Vanderlei Galatti Junior n\u00e3o teve uma vida comum. Desde o nascimento, enfrentou desafios que muitos nem imaginam. Diagnosticado com l\u00e1bio leporino, tamb\u00e9m conhecido como s\u00edndrome dos l\u00e1bios partidos, cresceu entre cirurgias, dificuldades na fala e na respira\u00e7\u00e3o. Contudo, algo que nunca foi afetado foi seu sorriso.<\/p>\n\n\n\n<p>Criado em um lar evang\u00e9lico, Eduardo aprendeu desde cedo que a f\u00e9 move montanhas. Foi com essa cren\u00e7a que enfrentou o preconceito, as risadas e a triste exclus\u00e3o social, especialmente durante os tempos escolares. Muitas vezes se sentindo sozinho, foi nesse sil\u00eancio da dor da exclus\u00e3o e solid\u00e3o que encontrou sua verdadeira voz.<\/p>\n\n\n\n<p>A m\u00fasica entrou em sua vida na igreja, onde tudo come\u00e7ou. Entre louvores e corais, nasceu um grande sonho: ser artista. Mesmo quando muitos diziam que era imposs\u00edvel, Eduardo decidiu acreditar. Transformou a rejei\u00e7\u00e3o em for\u00e7a, as cr\u00edticas em degraus e os desafios em metas.<\/p>\n\n\n\n<p>Al\u00e9m do coral da igreja, ele cresceu em um cen\u00e1rio musical onde a m\u00fasica sertaneja era um hobby sagrado. Seu tio, Galatti, cantava modas sertanejas e formou dupla com outros artistas, como Galv\u00e3o e Galatti, que se tornaram conhecidos na regi\u00e3o. N\u00e3o h\u00e1 como negar que a m\u00fasica faz parte do seu DNA e do seu destino. Desde crian\u00e7a, Eduardo era apaixonado por m\u00fasica e tamb\u00e9m pelo agro, sua segunda paix\u00e3o, al\u00e9m de ser um excelente narrador de rodeios.<\/p>\n\n\n<!-- wp:image \"id\":203796,\"align\":\"center\" -->\n<figure class=\"wp-block-image aligncenter\"><img decoding=\"async\" src=\"https:\/\/tonamidia.com.br\/wp-content\/uploads\/2026\/04\/cantorGalattiSollo-02-28abr26_tonamidia.jpg\" alt=\"\" class=\"wp-image-203796\" \/><\/figure>\n<!-- \/wp:post-content -->\n\n<!-- wp:paragraph -->\n<p>Ao longo do tempo, ele tentou conciliar esses dois talentos, mas, eventualmente, decidiu se dedicar apenas \u00e0 m\u00fasica. Os anos passaram e o sonho de Eduardo s\u00f3 cresceu dentro dele, enfrentando desafios financeiros e a luta constante para alcan\u00e7ar seus objetivos, que nunca foram f\u00e1ceis. Sua maior recompensa \u00e9 poder continuar cantando e perseguindo o sonho de ser um cantor reconhecido em todo o Brasil.<\/p>\n<!-- \/wp:paragraph -->\n\n<!-- wp:paragraph -->\n<p>Ningu\u00e9m faz nada sozinho, e em sua trajet\u00f3ria, Eduardo encontrou pessoas que sempre far\u00e3o parte de sua hist\u00f3ria. Algumas somaram, outras subtra\u00edram, mas todas merecem sua imensa gratid\u00e3o. Ele continua sonhando e buscando a realiza\u00e7\u00e3o dos seus desejos.<\/p>\n<!-- \/wp:paragraph -->\n\n<!-- wp:paragraph -->\n<p>Eduardo formou duplas com outros parceiros, mas infelizmente algumas n\u00e3o deram certo, cada um com seus motivos pessoais. Recentemente, ele trabalhou em dupla com seu irm\u00e3o, formando a equipe &#8220;Galatti em Dose Dupla&#8221;, onde gravaram duas m\u00fasicas autorais de um amigo cantor e compositor, al\u00e9m de produzirem dois clipes. Contudo, a falta de apoio e divulga\u00e7\u00e3o fez com que esse projeto n\u00e3o vingasse.<\/p>\n<!-- \/wp:paragraph -->\n\n<!-- wp:image \"id\":203797 -->\n<figure class=\"wp-block-image\"><img decoding=\"async\" src=\"https:\/\/tonamidia.com.br\/wp-content\/uploads\/2026\/04\/cantorGalattiSollo-03-28abr26_tonamidia.jpg\" alt=\"\" class=\"wp-image-203797\" \/><\/figure>\n<!-- \/wp:image -->\n\n<!-- wp:paragraph -->\n<p>Se tem uma palavra que n\u00e3o existe no vocabul\u00e1rio de Eduardo, essa \u00e9 &#8220;desist\u00eancia&#8221;. Quando todos ao seu redor desistiram, o destino colocou em seu caminho uma pessoa especial: Z\u00f4iilma F\u00eanix, uma amiga que se tornou sua assessora. Juntos, listaram poss\u00edveis nomes art\u00edsticos para Eduardo, que acabara de desvincular-se da dupla com o irm\u00e3o. Decidiram que o sobrenome Galatti deveria permanecer, pois j\u00e1 representava uma trajet\u00f3ria e uma marca que marcou gera\u00e7\u00f5es. Assim, nasceu &#8220;<strong>Galatti Sollo<\/strong>&#8220;.<\/p>\n<!-- \/wp:paragraph -->\n\n<!-- wp:paragraph -->\n<p>Em uma conversa com sua assessora, Eduardo revelou que se identificava com um lobo, por viver mais sozinho e em sil\u00eancio, al\u00e9m de ser forte e persistente. Foi assim que nasceu &#8220;Galatti Sollo, o Lobo Sonhador&#8221;.<\/p>\n<!-- \/wp:paragraph -->\n\n<!-- wp:paragraph -->\n<p>Hoje, bem assessorado por Z\u00f4iilma F\u00eanix, ele segue trilhando caminhos que antes pareciam apenas sonhos. A busca n\u00e3o \u00e9 s\u00f3 por um sonho, mas pela certeza de que tudo se tornar\u00e1 realidade. At\u00e9 aqui, a gratid\u00e3o \u00e9 a palavra que mais ressoa em seu cora\u00e7\u00e3o \u2014 primeiramente a Deus, aos seus pais, a si mesmo pela persist\u00eancia, e a todas as parcerias, contratantes e pessoas especiais que contribu\u00edram para esse trabalho dif\u00edcil, mas gratificante.<\/p>\n<!-- \/wp:paragraph -->\n\n<!-- wp:paragraph -->\n<p>Eduardo expressa sua gratid\u00e3o aos f\u00e3s, ao f\u00e3 clube, amigos e \u00e0 assessoria que, com esfor\u00e7o e dedica\u00e7\u00e3o, t\u00eam ajudado a transformar esse grande sonho em realidade. Ele continua fazendo cada vez mais shows e agora participa de programas de TV, entrevistas e muito mais.<\/p>\n<!-- \/wp:paragraph -->\n\n<!-- wp:image \"id\":203795 -->\n<figure class=\"wp-block-image\"><img decoding=\"async\" src=\"https:\/\/tonamidia.com.br\/wp-content\/uploads\/2026\/04\/cantorGalattiSollo-01-28abr26_tonamidia.jpg\" alt=\"\" class=\"wp-image-203795\" \/><\/figure>\n<!-- \/wp:image -->\n\n<!-- wp:paragraph -->\n<p><strong>>> Instagram: <a href=\"https:\/\/www.instagram.com\/galatti_sollo_o_lobo_sonhador\/\" target=\"_blank\" rel=\"noreferrer noopener\">galatti_sollo_o_lobo_sonhador<\/a><\/strong><\/p>\n<!-- \/wp:paragraph -->\n\n<!-- wp:paragraph -->\n<p>#claudelopes70 #galattisollo<\/p>\n<!-- \/wp:paragraph -->","protected":false},"excerpt":{"rendered":"<p>Nascido em 13 de fevereiro de 1991 na cidade de Boa Esperan\u00e7a do Sul, interior de S\u00e3o Paulo, Eduardo Vanderlei Galatti Junior n\u00e3o teve uma vida comum. Desde o nascimento, enfrentou desafios que muitos nem imaginam. Diagnosticado com l\u00e1bio leporino, tamb\u00e9m conhecido como s\u00edndrome dos l\u00e1bios partidos, cresceu entre cirurgias, dificuldades na fala e na \u2026<\/p>\n","protected":false},"author":2,"featured_media":8712,"comment_status":"closed","ping_status":"open","sticky":false,"template":"","format":"standard","meta":{"footnotes":""},"categories":[8],"tags":[9,291],"class_list":["post-8713","post","type-post","status-publish","format-standard","has-post-thumbnail","hentry","category-musica","tag-claudelopes70","tag-galattisollo"],"yoast_head":"<!-- This site is optimized with the Yoast SEO plugin v25.5 - https:\/\/yoast.com\/wordpress\/plugins\/seo\/ -->\n<title>Galatti Sollo, o Lobo Sonhador, do interior de S\u00e3o Paulo sonha com sucesso - Portal do Estado<\/title>\n<meta name=\"robots\" content=\"index, follow, max-snippet:-1, max-image-preview:large, max-video-preview:-1\" \/>\n<link rel=\"canonical\" href=\"https:\/\/portaldoestado.com.br\/index.php\/2026\/04\/28\/galatti-sollo-o-lobo-sonhador-do-interior-de-sao-paulo-sonha-com-sucesso\/\" \/>\n<meta property=\"og:locale\" content=\"pt_BR\" \/>\n<meta property=\"og:type\" content=\"article\" \/>\n<meta property=\"og:title\" content=\"Galatti Sollo, o Lobo Sonhador, do interior de S\u00e3o Paulo sonha com sucesso - Portal do Estado\" \/>\n<meta property=\"og:description\" content=\"Nascido em 13 de fevereiro de 1991 na cidade de Boa Esperan\u00e7a do Sul, interior de S\u00e3o Paulo, Eduardo Vanderlei Galatti Junior n\u00e3o teve uma vida comum. Desde o nascimento, enfrentou desafios que muitos nem imaginam. Diagnosticado com l\u00e1bio leporino, tamb\u00e9m conhecido como s\u00edndrome dos l\u00e1bios partidos, cresceu entre cirurgias, dificuldades na fala e na \u2026\" \/>\n<meta property=\"og:url\" content=\"https:\/\/portaldoestado.com.br\/index.php\/2026\/04\/28\/galatti-sollo-o-lobo-sonhador-do-interior-de-sao-paulo-sonha-com-sucesso\/\" \/>\n<meta property=\"og:site_name\" content=\"Portal do Estado\" \/>\n<meta property=\"article:published_time\" content=\"2026-04-28T17:34:20+00:00\" \/>\n<meta property=\"og:image\" content=\"https:\/\/portaldoestado.com.br\/wp-content\/uploads\/2026\/04\/cantorGalattiSollo-02-28abr26_mavicaassessoria.jpg\" \/>\n\t<meta property=\"og:image:width\" content=\"760\" \/>\n\t<meta property=\"og:image:height\" content=\"428\" \/>\n\t<meta property=\"og:image:type\" content=\"image\/jpeg\" \/>\n<meta name=\"author\" content=\"assessoriadefamosos\" \/>\n<meta name=\"twitter:card\" content=\"summary_large_image\" \/>\n<meta name=\"twitter:label1\" content=\"Escrito por\" \/>\n\t<meta name=\"twitter:data1\" content=\"assessoriadefamosos\" \/>\n\t<meta name=\"twitter:label2\" content=\"Est. tempo de leitura\" \/>\n\t<meta name=\"twitter:data2\" content=\"4 minutos\" \/>\n<script type=\"application\/ld+json\" class=\"yoast-schema-graph\">{\"@context\":\"https:\/\/schema.org\",\"@graph\":[{\"@type\":\"Article\",\"@id\":\"https:\/\/portaldoestado.com.br\/index.php\/2026\/04\/28\/galatti-sollo-o-lobo-sonhador-do-interior-de-sao-paulo-sonha-com-sucesso\/#article\",\"isPartOf\":{\"@id\":\"https:\/\/portaldoestado.com.br\/index.php\/2026\/04\/28\/galatti-sollo-o-lobo-sonhador-do-interior-de-sao-paulo-sonha-com-sucesso\/\"},\"author\":{\"name\":\"assessoriadefamosos\",\"@id\":\"https:\/\/portaldoestado.com.br\/#\/schema\/person\/5ca0174f3c8c84b59da62ea14b698cb9\"},\"headline\":\"Galatti Sollo, o Lobo Sonhador, do interior de S\u00e3o Paulo sonha com sucesso\",\"datePublished\":\"2026-04-28T17:34:20+00:00\",\"mainEntityOfPage\":{\"@id\":\"https:\/\/portaldoestado.com.br\/index.php\/2026\/04\/28\/galatti-sollo-o-lobo-sonhador-do-interior-de-sao-paulo-sonha-com-sucesso\/\"},\"wordCount\":725,\"publisher\":{\"@id\":\"https:\/\/portaldoestado.com.br\/#organization\"},\"image\":{\"@id\":\"https:\/\/portaldoestado.com.br\/index.php\/2026\/04\/28\/galatti-sollo-o-lobo-sonhador-do-interior-de-sao-paulo-sonha-com-sucesso\/#primaryimage\"},\"thumbnailUrl\":\"https:\/\/portaldoestado.com.br\/wp-content\/uploads\/2026\/04\/cantorGalattiSollo-02-28abr26_mavicaassessoria.jpg\",\"keywords\":[\"claudelopes70\",\"galattisollo\"],\"articleSection\":[\"M\u00fasica\"],\"inLanguage\":\"pt-BR\"},{\"@type\":\"WebPage\",\"@id\":\"https:\/\/portaldoestado.com.br\/index.php\/2026\/04\/28\/galatti-sollo-o-lobo-sonhador-do-interior-de-sao-paulo-sonha-com-sucesso\/\",\"url\":\"https:\/\/portaldoestado.com.br\/index.php\/2026\/04\/28\/galatti-sollo-o-lobo-sonhador-do-interior-de-sao-paulo-sonha-com-sucesso\/\",\"name\":\"Galatti Sollo, o Lobo Sonhador, do interior de S\u00e3o Paulo sonha com sucesso - Portal do Estado\",\"isPartOf\":{\"@id\":\"https:\/\/portaldoestado.com.br\/#website\"},\"primaryImageOfPage\":{\"@id\":\"https:\/\/portaldoestado.com.br\/index.php\/2026\/04\/28\/galatti-sollo-o-lobo-sonhador-do-interior-de-sao-paulo-sonha-com-sucesso\/#primaryimage\"},\"image\":{\"@id\":\"https:\/\/portaldoestado.com.br\/index.php\/2026\/04\/28\/galatti-sollo-o-lobo-sonhador-do-interior-de-sao-paulo-sonha-com-sucesso\/#primaryimage\"},\"thumbnailUrl\":\"https:\/\/portaldoestado.com.br\/wp-content\/uploads\/2026\/04\/cantorGalattiSollo-02-28abr26_mavicaassessoria.jpg\",\"datePublished\":\"2026-04-28T17:34:20+00:00\",\"breadcrumb\":{\"@id\":\"https:\/\/portaldoestado.com.br\/index.php\/2026\/04\/28\/galatti-sollo-o-lobo-sonhador-do-interior-de-sao-paulo-sonha-com-sucesso\/#breadcrumb\"},\"inLanguage\":\"pt-BR\",\"potentialAction\":[{\"@type\":\"ReadAction\",\"target\":[\"https:\/\/portaldoestado.com.br\/index.php\/2026\/04\/28\/galatti-sollo-o-lobo-sonhador-do-interior-de-sao-paulo-sonha-com-sucesso\/\"]}]},{\"@type\":\"ImageObject\",\"inLanguage\":\"pt-BR\",\"@id\":\"https:\/\/portaldoestado.com.br\/index.php\/2026\/04\/28\/galatti-sollo-o-lobo-sonhador-do-interior-de-sao-paulo-sonha-com-sucesso\/#primaryimage\",\"url\":\"https:\/\/portaldoestado.com.br\/wp-content\/uploads\/2026\/04\/cantorGalattiSollo-02-28abr26_mavicaassessoria.jpg\",\"contentUrl\":\"https:\/\/portaldoestado.com.br\/wp-content\/uploads\/2026\/04\/cantorGalattiSollo-02-28abr26_mavicaassessoria.jpg\",\"width\":760,\"height\":428},{\"@type\":\"BreadcrumbList\",\"@id\":\"https:\/\/portaldoestado.com.br\/index.php\/2026\/04\/28\/galatti-sollo-o-lobo-sonhador-do-interior-de-sao-paulo-sonha-com-sucesso\/#breadcrumb\",\"itemListElement\":[{\"@type\":\"ListItem\",\"position\":1,\"name\":\"In\u00edcio\",\"item\":\"https:\/\/portaldoestado.com.br\/\"},{\"@type\":\"ListItem\",\"position\":2,\"name\":\"Galatti Sollo, o Lobo Sonhador, do interior de S\u00e3o Paulo sonha com sucesso\"}]},{\"@type\":\"WebSite\",\"@id\":\"https:\/\/portaldoestado.com.br\/#website\",\"url\":\"https:\/\/portaldoestado.com.br\/\",\"name\":\"Portal do Estado\",\"description\":\"\",\"publisher\":{\"@id\":\"https:\/\/portaldoestado.com.br\/#organization\"},\"potentialAction\":[{\"@type\":\"SearchAction\",\"target\":{\"@type\":\"EntryPoint\",\"urlTemplate\":\"https:\/\/portaldoestado.com.br\/?s={search_term_string}\"},\"query-input\":{\"@type\":\"PropertyValueSpecification\",\"valueRequired\":true,\"valueName\":\"search_term_string\"}}],\"inLanguage\":\"pt-BR\"},{\"@type\":\"Organization\",\"@id\":\"https:\/\/portaldoestado.com.br\/#organization\",\"name\":\"Portal do Estado\",\"url\":\"https:\/\/portaldoestado.com.br\/\",\"logo\":{\"@type\":\"ImageObject\",\"inLanguage\":\"pt-BR\",\"@id\":\"https:\/\/portaldoestado.com.br\/#\/schema\/logo\/image\/\",\"url\":\"https:\/\/portaldoestado.com.br\/wp-content\/uploads\/2025\/04\/cropped-6f69b19a-6472-43bf-b1b3-e1910bbbd4e8.png\",\"contentUrl\":\"https:\/\/portaldoestado.com.br\/wp-content\/uploads\/2025\/04\/cropped-6f69b19a-6472-43bf-b1b3-e1910bbbd4e8.png\",\"width\":1024,\"height\":350,\"caption\":\"Portal do Estado\"},\"image\":{\"@id\":\"https:\/\/portaldoestado.com.br\/#\/schema\/logo\/image\/\"}},{\"@type\":\"Person\",\"@id\":\"https:\/\/portaldoestado.com.br\/#\/schema\/person\/5ca0174f3c8c84b59da62ea14b698cb9\",\"name\":\"assessoriadefamosos\",\"image\":{\"@type\":\"ImageObject\",\"inLanguage\":\"pt-BR\",\"@id\":\"https:\/\/portaldoestado.com.br\/#\/schema\/person\/image\/\",\"url\":\"https:\/\/secure.gravatar.com\/avatar\/a7acbdffcfbbae7240e59f47fe511ec5f5d8c252c779f0b8d9ab02a9e1d8c5ed?s=96&d=mm&r=g\",\"contentUrl\":\"https:\/\/secure.gravatar.com\/avatar\/a7acbdffcfbbae7240e59f47fe511ec5f5d8c252c779f0b8d9ab02a9e1d8c5ed?s=96&d=mm&r=g\",\"caption\":\"assessoriadefamosos\"},\"url\":\"https:\/\/portaldoestado.com.br\/index.php\/author\/assessoriadefamosos\/\"}]}<\/script>\n<!-- \/ Yoast SEO plugin. -->","yoast_head_json":{"title":"Galatti Sollo, o Lobo Sonhador, do interior de S\u00e3o Paulo sonha com sucesso - Portal do Estado","robots":{"index":"index","follow":"follow","max-snippet":"max-snippet:-1","max-image-preview":"max-image-preview:large","max-video-preview":"max-video-preview:-1"},"canonical":"https:\/\/portaldoestado.com.br\/index.php\/2026\/04\/28\/galatti-sollo-o-lobo-sonhador-do-interior-de-sao-paulo-sonha-com-sucesso\/","og_locale":"pt_BR","og_type":"article","og_title":"Galatti Sollo, o Lobo Sonhador, do interior de S\u00e3o Paulo sonha com sucesso - Portal do Estado","og_description":"Nascido em 13 de fevereiro de 1991 na cidade de Boa Esperan\u00e7a do Sul, interior de S\u00e3o Paulo, Eduardo Vanderlei Galatti Junior n\u00e3o teve uma vida comum. Desde o nascimento, enfrentou desafios que muitos nem imaginam. Diagnosticado com l\u00e1bio leporino, tamb\u00e9m conhecido como s\u00edndrome dos l\u00e1bios partidos, cresceu entre cirurgias, dificuldades na fala e na \u2026","og_url":"https:\/\/portaldoestado.com.br\/index.php\/2026\/04\/28\/galatti-sollo-o-lobo-sonhador-do-interior-de-sao-paulo-sonha-com-sucesso\/","og_site_name":"Portal do Estado","article_published_time":"2026-04-28T17:34:20+00:00","og_image":[{"width":760,"height":428,"url":"https:\/\/portaldoestado.com.br\/wp-content\/uploads\/2026\/04\/cantorGalattiSollo-02-28abr26_mavicaassessoria.jpg","type":"image\/jpeg"}],"author":"assessoriadefamosos","twitter_card":"summary_large_image","twitter_misc":{"Escrito por":"assessoriadefamosos","Est. tempo de leitura":"4 minutos"},"schema":{"@context":"https:\/\/schema.org","@graph":[{"@type":"Article","@id":"https:\/\/portaldoestado.com.br\/index.php\/2026\/04\/28\/galatti-sollo-o-lobo-sonhador-do-interior-de-sao-paulo-sonha-com-sucesso\/#article","isPartOf":{"@id":"https:\/\/portaldoestado.com.br\/index.php\/2026\/04\/28\/galatti-sollo-o-lobo-sonhador-do-interior-de-sao-paulo-sonha-com-sucesso\/"},"author":{"name":"assessoriadefamosos","@id":"https:\/\/portaldoestado.com.br\/#\/schema\/person\/5ca0174f3c8c84b59da62ea14b698cb9"},"headline":"Galatti Sollo, o Lobo Sonhador, do interior de S\u00e3o Paulo sonha com sucesso","datePublished":"2026-04-28T17:34:20+00:00","mainEntityOfPage":{"@id":"https:\/\/portaldoestado.com.br\/index.php\/2026\/04\/28\/galatti-sollo-o-lobo-sonhador-do-interior-de-sao-paulo-sonha-com-sucesso\/"},"wordCount":725,"publisher":{"@id":"https:\/\/portaldoestado.com.br\/#organization"},"image":{"@id":"https:\/\/portaldoestado.com.br\/index.php\/2026\/04\/28\/galatti-sollo-o-lobo-sonhador-do-interior-de-sao-paulo-sonha-com-sucesso\/#primaryimage"},"thumbnailUrl":"https:\/\/portaldoestado.com.br\/wp-content\/uploads\/2026\/04\/cantorGalattiSollo-02-28abr26_mavicaassessoria.jpg","keywords":["claudelopes70","galattisollo"],"articleSection":["M\u00fasica"],"inLanguage":"pt-BR"},{"@type":"WebPage","@id":"https:\/\/portaldoestado.com.br\/index.php\/2026\/04\/28\/galatti-sollo-o-lobo-sonhador-do-interior-de-sao-paulo-sonha-com-sucesso\/","url":"https:\/\/portaldoestado.com.br\/index.php\/2026\/04\/28\/galatti-sollo-o-lobo-sonhador-do-interior-de-sao-paulo-sonha-com-sucesso\/","name":"Galatti Sollo, o Lobo Sonhador, do interior de S\u00e3o Paulo sonha com sucesso - Portal do Estado","isPartOf":{"@id":"https:\/\/portaldoestado.com.br\/#website"},"primaryImageOfPage":{"@id":"https:\/\/portaldoestado.com.br\/index.php\/2026\/04\/28\/galatti-sollo-o-lobo-sonhador-do-interior-de-sao-paulo-sonha-com-sucesso\/#primaryimage"},"image":{"@id":"https:\/\/portaldoestado.com.br\/index.php\/2026\/04\/28\/galatti-sollo-o-lobo-sonhador-do-interior-de-sao-paulo-sonha-com-sucesso\/#primaryimage"},"thumbnailUrl":"https:\/\/portaldoestado.com.br\/wp-content\/uploads\/2026\/04\/cantorGalattiSollo-02-28abr26_mavicaassessoria.jpg","datePublished":"2026-04-28T17:34:20+00:00","breadcrumb":{"@id":"https:\/\/portaldoestado.com.br\/index.php\/2026\/04\/28\/galatti-sollo-o-lobo-sonhador-do-interior-de-sao-paulo-sonha-com-sucesso\/#breadcrumb"},"inLanguage":"pt-BR","potentialAction":[{"@type":"ReadAction","target":["https:\/\/portaldoestado.com.br\/index.php\/2026\/04\/28\/galatti-sollo-o-lobo-sonhador-do-interior-de-sao-paulo-sonha-com-sucesso\/"]}]},{"@type":"ImageObject","inLanguage":"pt-BR","@id":"https:\/\/portaldoestado.com.br\/index.php\/2026\/04\/28\/galatti-sollo-o-lobo-sonhador-do-interior-de-sao-paulo-sonha-com-sucesso\/#primaryimage","url":"https:\/\/portaldoestado.com.br\/wp-content\/uploads\/2026\/04\/cantorGalattiSollo-02-28abr26_mavicaassessoria.jpg","contentUrl":"https:\/\/portaldoestado.com.br\/wp-content\/uploads\/2026\/04\/cantorGalattiSollo-02-28abr26_mavicaassessoria.jpg","width":760,"height":428},{"@type":"BreadcrumbList","@id":"https:\/\/portaldoestado.com.br\/index.php\/2026\/04\/28\/galatti-sollo-o-lobo-sonhador-do-interior-de-sao-paulo-sonha-com-sucesso\/#breadcrumb","itemListElement":[{"@type":"ListItem","position":1,"name":"In\u00edcio","item":"https:\/\/portaldoestado.com.br\/"},{"@type":"ListItem","position":2,"name":"Galatti Sollo, o Lobo Sonhador, do interior de S\u00e3o Paulo sonha com sucesso"}]},{"@type":"WebSite","@id":"https:\/\/portaldoestado.com.br\/#website","url":"https:\/\/portaldoestado.com.br\/","name":"Portal do Estado","description":"","publisher":{"@id":"https:\/\/portaldoestado.com.br\/#organization"},"potentialAction":[{"@type":"SearchAction","target":{"@type":"EntryPoint","urlTemplate":"https:\/\/portaldoestado.com.br\/?s={search_term_string}"},"query-input":{"@type":"PropertyValueSpecification","valueRequired":true,"valueName":"search_term_string"}}],"inLanguage":"pt-BR"},{"@type":"Organization","@id":"https:\/\/portaldoestado.com.br\/#organization","name":"Portal do Estado","url":"https:\/\/portaldoestado.com.br\/","logo":{"@type":"ImageObject","inLanguage":"pt-BR","@id":"https:\/\/portaldoestado.com.br\/#\/schema\/logo\/image\/","url":"https:\/\/portaldoestado.com.br\/wp-content\/uploads\/2025\/04\/cropped-6f69b19a-6472-43bf-b1b3-e1910bbbd4e8.png","contentUrl":"https:\/\/portaldoestado.com.br\/wp-content\/uploads\/2025\/04\/cropped-6f69b19a-6472-43bf-b1b3-e1910bbbd4e8.png","width":1024,"height":350,"caption":"Portal do Estado"},"image":{"@id":"https:\/\/portaldoestado.com.br\/#\/schema\/logo\/image\/"}},{"@type":"Person","@id":"https:\/\/portaldoestado.com.br\/#\/schema\/person\/5ca0174f3c8c84b59da62ea14b698cb9","name":"assessoriadefamosos","image":{"@type":"ImageObject","inLanguage":"pt-BR","@id":"https:\/\/portaldoestado.com.br\/#\/schema\/person\/image\/","url":"https:\/\/secure.gravatar.com\/avatar\/a7acbdffcfbbae7240e59f47fe511ec5f5d8c252c779f0b8d9ab02a9e1d8c5ed?s=96&d=mm&r=g","contentUrl":"https:\/\/secure.gravatar.com\/avatar\/a7acbdffcfbbae7240e59f47fe511ec5f5d8c252c779f0b8d9ab02a9e1d8c5ed?s=96&d=mm&r=g","caption":"assessoriadefamosos"},"url":"https:\/\/portaldoestado.com.br\/index.php\/author\/assessoriadefamosos\/"}]}},"jetpack_featured_media_url":"https:\/\/portaldoestado.com.br\/wp-content\/uploads\/2026\/04\/cantorGalattiSollo-02-28abr26_mavicaassessoria.jpg","_links":{"self":[{"href":"https:\/\/portaldoestado.com.br\/index.php\/wp-json\/wp\/v2\/posts\/8713","targetHints":{"allow":["GET"]}}],"collection":[{"href":"https:\/\/portaldoestado.com.br\/index.php\/wp-json\/wp\/v2\/posts"}],"about":[{"href":"https:\/\/portaldoestado.com.br\/index.php\/wp-json\/wp\/v2\/types\/post"}],"author":[{"embeddable":true,"href":"https:\/\/portaldoestado.com.br\/index.php\/wp-json\/wp\/v2\/users\/2"}],"replies":[{"embeddable":true,"href":"https:\/\/portaldoestado.com.br\/index.php\/wp-json\/wp\/v2\/comments?post=8713"}],"version-history":[{"count":1,"href":"https:\/\/portaldoestado.com.br\/index.php\/wp-json\/wp\/v2\/posts\/8713\/revisions"}],"predecessor-version":[{"id":8714,"href":"https:\/\/portaldoestado.com.br\/index.php\/wp-json\/wp\/v2\/posts\/8713\/revisions\/8714"}],"wp:featuredmedia":[{"embeddable":true,"href":"https:\/\/portaldoestado.com.br\/index.php\/wp-json\/wp\/v2\/media\/8712"}],"wp:attachment":[{"href":"https:\/\/portaldoestado.com.br\/index.php\/wp-json\/wp\/v2\/media?parent=8713"}],"wp:term":[{"taxonomy":"category","embeddable":true,"href":"https:\/\/portaldoestado.com.br\/index.php\/wp-json\/wp\/v2\/categories?post=8713"},{"taxonomy":"post_tag","embeddable":true,"href":"https:\/\/portaldoestado.com.br\/index.php\/wp-json\/wp\/v2\/tags?post=8713"}],"curies":[{"name":"wp","href":"https:\/\/api.w.org\/{rel}","templated":true}]}}