{"id":8707,"date":"2026-04-27T18:55:59","date_gmt":"2026-04-27T18:55:59","guid":{"rendered":"https:\/\/portaldoestado.com.br\/?p=8707"},"modified":"2026-04-27T18:55:59","modified_gmt":"2026-04-27T18:55:59","slug":"resenha-do-quilombo-urbano-faz-homenagem-a-mestre-cica-nesta-quarta-feira-29-no-terraco-da-vila","status":"publish","type":"post","link":"https:\/\/portaldoestado.com.br\/index.php\/2026\/04\/27\/resenha-do-quilombo-urbano-faz-homenagem-a-mestre-cica-nesta-quarta-feira-29-no-terraco-da-vila\/","title":{"rendered":"Resenha do Quilombo Urbano faz homenagem a Mestre Ci\u00e7a nesta quarta-feira (29), no Terra\u00e7o da Vila"},"content":{"rendered":"\n<p>A roda de samba que virou point no shopping Boulevard, todas as quartas-feiras, vai receber essa semana um \u00edcone do mundo do Samba, que teve a sua hist\u00f3ria contada em enredo e samba este ano na Marqu\u00eas de Sapuca\u00ed, e se sagrando campe\u00e3o do carnaval carioca. Moacyr Silva Pinto, o mestre Ci\u00e7a, ser\u00e1 homenageado pela Resenha do Quilombo Urbano nesta quarta-feira (29), a partir das 16h, no Terra\u00e7o da Vila, localizado no bairro de Vila Isabel, na Zona Norte do Rio de Janeiro e com entrada gr\u00e1tis com classifica\u00e7\u00e3o livre. Mais informa\u00e7\u00f5es: 21 99537-0162(Juliana Xavier- organizadora)<\/p>\n\n\n\n<p><strong>Sobre o Quilombo Urbano:<\/strong><\/p>\n\n\n\n<p>O Quilombo Urbano \u00e9 um grupo de samba que nasce com um prop\u00f3sito que vai al\u00e9m da m\u00fasica. O nome j\u00e1 carrega um significado forte: assim como os quilombos hist\u00f3ricos foram espa\u00e7os de resist\u00eancia, uni\u00e3o e preserva\u00e7\u00e3o da cultura negra, o nosso quilombo acontece dentro da cidade, de forma contempor\u00e2nea, mas com a mesma ess\u00eancia.<\/p>\n\n\n\n<p>A gente trabalha dentro do samba e do pagode, valorizando a musicalidade negra, mas tamb\u00e9m trazendo informa\u00e7\u00e3o. Durante as nossas apresenta\u00e7\u00f5es, n\u00e3o \u00e9 s\u00f3 sobre cantar \u2014 \u00e9 sobre contar hist\u00f3rias. Muitas m\u00fasicas que fazem parte do repert\u00f3rio carregam contextos que grande parte do p\u00fablico desconhece, e a gente faz quest\u00e3o de destacar isso.<\/p>\n\n\n\n<p>Um exemplo \u00e9 a m\u00fasica Delegado Chico Palha, que retrata um per\u00edodo em que o samba era criminalizado, mostrando como essa cultura enfrentou resist\u00eancia at\u00e9 se tornar o que \u00e9 hoje: um dos maiores s\u00edmbolos do Brasil.<\/p>\n\n\n\n<p>Dentro dessa proposta de valorizar a hist\u00f3ria e as ra\u00edzes do samba, o Quilombo Urbano tamb\u00e9m entende a import\u00e2ncia de homenagear quem construiu esse caminho. Por isso, nesta quarta-feira, dia 29\/04, vamos fazer uma homenagem ao Mestre Ci\u00e7a.<\/p>\n\n\n\n<p>Al\u00e9m de ter sido campe\u00e3o neste ano com seu trabalho, o Mestre Ci\u00e7a representa uma trajet\u00f3ria que se conecta diretamente com o que acreditamos: uma hist\u00f3ria de origem humilde, constru\u00edda dentro do samba, onde a cultura se torna ferramenta de transforma\u00e7\u00e3o, oportunidade e identidade.<\/p>\n\n\n\n<p>Essa homenagem \u00e9 uma forma de reconhecer n\u00e3o s\u00f3 a conquista recente, mas toda a caminhada de quem, assim como muitos de n\u00f3s, encontrou no samba um caminho. Afirma Juliana Xavier- Organizadora do evento.<\/p>\n\n\n\n<p><strong>Servi\u00e7o:<\/strong><\/p>\n\n\n\n<p><em><strong>Resenha do Quilombo Urbano homenageia Mestre Ci\u00e7a<\/strong><\/em><\/p>\n\n\n\n<p><strong>Data:<\/strong> 29 de abril de 2026 (quarta-feira)<\/p>\n\n\n\n<p><strong>Hor\u00e1rio:<\/strong> 16h<\/p>\n\n\n\n<p><strong>Local:<\/strong> Terra\u00e7o da Vila \u2013 Shopping Boulevard<\/p>\n\n\n\n<p><strong>Endere\u00e7o:<\/strong> Rua Bar\u00e3o de S\u00e3o Francisco, 236 &#8211; Vila Isabel.<\/p>\n\n\n\n<p><strong>Mais informa\u00e7\u00f5es:<\/strong> 21 99537-0162( Juliana Xavier- organizadora)<\/p>\n\n\n\n<p><strong>Entrada 0800 &#8211;\u00a0Classifica\u00e7\u00e3o Livre<\/strong><\/p>\n","protected":false},"excerpt":{"rendered":"<p>A roda de samba que virou point no shopping Boulevard, todas as quartas-feiras, vai receber essa semana um \u00edcone do mundo do Samba, que teve a sua hist\u00f3ria contada em enredo e samba este ano na Marqu\u00eas de Sapuca\u00ed, e se sagrando campe\u00e3o do carnaval carioca. Moacyr Silva Pinto, o mestre Ci\u00e7a, ser\u00e1 homenageado pela \u2026<\/p>\n","protected":false},"author":2,"featured_media":8706,"comment_status":"closed","ping_status":"open","sticky":false,"template":"","format":"standard","meta":{"footnotes":""},"categories":[68,8],"tags":[],"class_list":["post-8707","post","type-post","status-publish","format-standard","has-post-thumbnail","hentry","category-carnaval","category-musica"],"yoast_head":"<!-- This site is optimized with the Yoast SEO plugin v25.5 - https:\/\/yoast.com\/wordpress\/plugins\/seo\/ -->\n<title>Resenha do Quilombo Urbano faz homenagem a Mestre Ci\u00e7a nesta quarta-feira (29), no Terra\u00e7o da Vila - Portal do Estado<\/title>\n<meta name=\"robots\" content=\"index, follow, max-snippet:-1, max-image-preview:large, max-video-preview:-1\" \/>\n<link rel=\"canonical\" href=\"https:\/\/portaldoestado.com.br\/index.php\/2026\/04\/27\/resenha-do-quilombo-urbano-faz-homenagem-a-mestre-cica-nesta-quarta-feira-29-no-terraco-da-vila\/\" \/>\n<meta property=\"og:locale\" content=\"pt_BR\" \/>\n<meta property=\"og:type\" content=\"article\" \/>\n<meta property=\"og:title\" content=\"Resenha do Quilombo Urbano faz homenagem a Mestre Ci\u00e7a nesta quarta-feira (29), no Terra\u00e7o da Vila - Portal do Estado\" \/>\n<meta property=\"og:description\" content=\"A roda de samba que virou point no shopping Boulevard, todas as quartas-feiras, vai receber essa semana um \u00edcone do mundo do Samba, que teve a sua hist\u00f3ria contada em enredo e samba este ano na Marqu\u00eas de Sapuca\u00ed, e se sagrando campe\u00e3o do carnaval carioca. Moacyr Silva Pinto, o mestre Ci\u00e7a, ser\u00e1 homenageado pela \u2026\" \/>\n<meta property=\"og:url\" content=\"https:\/\/portaldoestado.com.br\/index.php\/2026\/04\/27\/resenha-do-quilombo-urbano-faz-homenagem-a-mestre-cica-nesta-quarta-feira-29-no-terraco-da-vila\/\" \/>\n<meta property=\"og:site_name\" content=\"Portal do Estado\" \/>\n<meta property=\"article:published_time\" content=\"2026-04-27T18:55:59+00:00\" \/>\n<meta property=\"og:image\" content=\"https:\/\/portaldoestado.com.br\/wp-content\/uploads\/2026\/04\/Mestre-Cica-000.jpeg\" \/>\n\t<meta property=\"og:image:width\" content=\"1290\" \/>\n\t<meta property=\"og:image:height\" content=\"726\" \/>\n\t<meta property=\"og:image:type\" content=\"image\/jpeg\" \/>\n<meta name=\"author\" content=\"assessoriadefamosos\" \/>\n<meta name=\"twitter:card\" content=\"summary_large_image\" \/>\n<meta name=\"twitter:label1\" content=\"Escrito por\" \/>\n\t<meta name=\"twitter:data1\" content=\"assessoriadefamosos\" \/>\n\t<meta name=\"twitter:label2\" content=\"Est. tempo de leitura\" \/>\n\t<meta name=\"twitter:data2\" content=\"2 minutos\" \/>\n<script type=\"application\/ld+json\" class=\"yoast-schema-graph\">{\"@context\":\"https:\/\/schema.org\",\"@graph\":[{\"@type\":\"Article\",\"@id\":\"https:\/\/portaldoestado.com.br\/index.php\/2026\/04\/27\/resenha-do-quilombo-urbano-faz-homenagem-a-mestre-cica-nesta-quarta-feira-29-no-terraco-da-vila\/#article\",\"isPartOf\":{\"@id\":\"https:\/\/portaldoestado.com.br\/index.php\/2026\/04\/27\/resenha-do-quilombo-urbano-faz-homenagem-a-mestre-cica-nesta-quarta-feira-29-no-terraco-da-vila\/\"},\"author\":{\"name\":\"assessoriadefamosos\",\"@id\":\"https:\/\/portaldoestado.com.br\/#\/schema\/person\/5ca0174f3c8c84b59da62ea14b698cb9\"},\"headline\":\"Resenha do Quilombo Urbano faz homenagem a Mestre Ci\u00e7a nesta quarta-feira (29), no Terra\u00e7o da Vila\",\"datePublished\":\"2026-04-27T18:55:59+00:00\",\"mainEntityOfPage\":{\"@id\":\"https:\/\/portaldoestado.com.br\/index.php\/2026\/04\/27\/resenha-do-quilombo-urbano-faz-homenagem-a-mestre-cica-nesta-quarta-feira-29-no-terraco-da-vila\/\"},\"wordCount\":464,\"publisher\":{\"@id\":\"https:\/\/portaldoestado.com.br\/#organization\"},\"image\":{\"@id\":\"https:\/\/portaldoestado.com.br\/index.php\/2026\/04\/27\/resenha-do-quilombo-urbano-faz-homenagem-a-mestre-cica-nesta-quarta-feira-29-no-terraco-da-vila\/#primaryimage\"},\"thumbnailUrl\":\"https:\/\/portaldoestado.com.br\/wp-content\/uploads\/2026\/04\/Mestre-Cica-000.jpeg\",\"articleSection\":[\"Carnaval\",\"M\u00fasica\"],\"inLanguage\":\"pt-BR\"},{\"@type\":\"WebPage\",\"@id\":\"https:\/\/portaldoestado.com.br\/index.php\/2026\/04\/27\/resenha-do-quilombo-urbano-faz-homenagem-a-mestre-cica-nesta-quarta-feira-29-no-terraco-da-vila\/\",\"url\":\"https:\/\/portaldoestado.com.br\/index.php\/2026\/04\/27\/resenha-do-quilombo-urbano-faz-homenagem-a-mestre-cica-nesta-quarta-feira-29-no-terraco-da-vila\/\",\"name\":\"Resenha do Quilombo Urbano faz homenagem a Mestre Ci\u00e7a nesta quarta-feira (29), no Terra\u00e7o da Vila - Portal do Estado\",\"isPartOf\":{\"@id\":\"https:\/\/portaldoestado.com.br\/#website\"},\"primaryImageOfPage\":{\"@id\":\"https:\/\/portaldoestado.com.br\/index.php\/2026\/04\/27\/resenha-do-quilombo-urbano-faz-homenagem-a-mestre-cica-nesta-quarta-feira-29-no-terraco-da-vila\/#primaryimage\"},\"image\":{\"@id\":\"https:\/\/portaldoestado.com.br\/index.php\/2026\/04\/27\/resenha-do-quilombo-urbano-faz-homenagem-a-mestre-cica-nesta-quarta-feira-29-no-terraco-da-vila\/#primaryimage\"},\"thumbnailUrl\":\"https:\/\/portaldoestado.com.br\/wp-content\/uploads\/2026\/04\/Mestre-Cica-000.jpeg\",\"datePublished\":\"2026-04-27T18:55:59+00:00\",\"breadcrumb\":{\"@id\":\"https:\/\/portaldoestado.com.br\/index.php\/2026\/04\/27\/resenha-do-quilombo-urbano-faz-homenagem-a-mestre-cica-nesta-quarta-feira-29-no-terraco-da-vila\/#breadcrumb\"},\"inLanguage\":\"pt-BR\",\"potentialAction\":[{\"@type\":\"ReadAction\",\"target\":[\"https:\/\/portaldoestado.com.br\/index.php\/2026\/04\/27\/resenha-do-quilombo-urbano-faz-homenagem-a-mestre-cica-nesta-quarta-feira-29-no-terraco-da-vila\/\"]}]},{\"@type\":\"ImageObject\",\"inLanguage\":\"pt-BR\",\"@id\":\"https:\/\/portaldoestado.com.br\/index.php\/2026\/04\/27\/resenha-do-quilombo-urbano-faz-homenagem-a-mestre-cica-nesta-quarta-feira-29-no-terraco-da-vila\/#primaryimage\",\"url\":\"https:\/\/portaldoestado.com.br\/wp-content\/uploads\/2026\/04\/Mestre-Cica-000.jpeg\",\"contentUrl\":\"https:\/\/portaldoestado.com.br\/wp-content\/uploads\/2026\/04\/Mestre-Cica-000.jpeg\",\"width\":1290,\"height\":726},{\"@type\":\"BreadcrumbList\",\"@id\":\"https:\/\/portaldoestado.com.br\/index.php\/2026\/04\/27\/resenha-do-quilombo-urbano-faz-homenagem-a-mestre-cica-nesta-quarta-feira-29-no-terraco-da-vila\/#breadcrumb\",\"itemListElement\":[{\"@type\":\"ListItem\",\"position\":1,\"name\":\"In\u00edcio\",\"item\":\"https:\/\/portaldoestado.com.br\/\"},{\"@type\":\"ListItem\",\"position\":2,\"name\":\"Resenha do Quilombo Urbano faz homenagem a Mestre Ci\u00e7a nesta quarta-feira (29), no Terra\u00e7o da Vila\"}]},{\"@type\":\"WebSite\",\"@id\":\"https:\/\/portaldoestado.com.br\/#website\",\"url\":\"https:\/\/portaldoestado.com.br\/\",\"name\":\"Portal do Estado\",\"description\":\"\",\"publisher\":{\"@id\":\"https:\/\/portaldoestado.com.br\/#organization\"},\"potentialAction\":[{\"@type\":\"SearchAction\",\"target\":{\"@type\":\"EntryPoint\",\"urlTemplate\":\"https:\/\/portaldoestado.com.br\/?s={search_term_string}\"},\"query-input\":{\"@type\":\"PropertyValueSpecification\",\"valueRequired\":true,\"valueName\":\"search_term_string\"}}],\"inLanguage\":\"pt-BR\"},{\"@type\":\"Organization\",\"@id\":\"https:\/\/portaldoestado.com.br\/#organization\",\"name\":\"Portal do Estado\",\"url\":\"https:\/\/portaldoestado.com.br\/\",\"logo\":{\"@type\":\"ImageObject\",\"inLanguage\":\"pt-BR\",\"@id\":\"https:\/\/portaldoestado.com.br\/#\/schema\/logo\/image\/\",\"url\":\"https:\/\/portaldoestado.com.br\/wp-content\/uploads\/2025\/04\/cropped-6f69b19a-6472-43bf-b1b3-e1910bbbd4e8.png\",\"contentUrl\":\"https:\/\/portaldoestado.com.br\/wp-content\/uploads\/2025\/04\/cropped-6f69b19a-6472-43bf-b1b3-e1910bbbd4e8.png\",\"width\":1024,\"height\":350,\"caption\":\"Portal do Estado\"},\"image\":{\"@id\":\"https:\/\/portaldoestado.com.br\/#\/schema\/logo\/image\/\"}},{\"@type\":\"Person\",\"@id\":\"https:\/\/portaldoestado.com.br\/#\/schema\/person\/5ca0174f3c8c84b59da62ea14b698cb9\",\"name\":\"assessoriadefamosos\",\"image\":{\"@type\":\"ImageObject\",\"inLanguage\":\"pt-BR\",\"@id\":\"https:\/\/portaldoestado.com.br\/#\/schema\/person\/image\/\",\"url\":\"https:\/\/secure.gravatar.com\/avatar\/a7acbdffcfbbae7240e59f47fe511ec5f5d8c252c779f0b8d9ab02a9e1d8c5ed?s=96&d=mm&r=g\",\"contentUrl\":\"https:\/\/secure.gravatar.com\/avatar\/a7acbdffcfbbae7240e59f47fe511ec5f5d8c252c779f0b8d9ab02a9e1d8c5ed?s=96&d=mm&r=g\",\"caption\":\"assessoriadefamosos\"},\"url\":\"https:\/\/portaldoestado.com.br\/index.php\/author\/assessoriadefamosos\/\"}]}<\/script>\n<!-- \/ Yoast SEO plugin. -->","yoast_head_json":{"title":"Resenha do Quilombo Urbano faz homenagem a Mestre Ci\u00e7a nesta quarta-feira (29), no Terra\u00e7o da Vila - Portal do Estado","robots":{"index":"index","follow":"follow","max-snippet":"max-snippet:-1","max-image-preview":"max-image-preview:large","max-video-preview":"max-video-preview:-1"},"canonical":"https:\/\/portaldoestado.com.br\/index.php\/2026\/04\/27\/resenha-do-quilombo-urbano-faz-homenagem-a-mestre-cica-nesta-quarta-feira-29-no-terraco-da-vila\/","og_locale":"pt_BR","og_type":"article","og_title":"Resenha do Quilombo Urbano faz homenagem a Mestre Ci\u00e7a nesta quarta-feira (29), no Terra\u00e7o da Vila - Portal do Estado","og_description":"A roda de samba que virou point no shopping Boulevard, todas as quartas-feiras, vai receber essa semana um \u00edcone do mundo do Samba, que teve a sua hist\u00f3ria contada em enredo e samba este ano na Marqu\u00eas de Sapuca\u00ed, e se sagrando campe\u00e3o do carnaval carioca. Moacyr Silva Pinto, o mestre Ci\u00e7a, ser\u00e1 homenageado pela \u2026","og_url":"https:\/\/portaldoestado.com.br\/index.php\/2026\/04\/27\/resenha-do-quilombo-urbano-faz-homenagem-a-mestre-cica-nesta-quarta-feira-29-no-terraco-da-vila\/","og_site_name":"Portal do Estado","article_published_time":"2026-04-27T18:55:59+00:00","og_image":[{"width":1290,"height":726,"url":"https:\/\/portaldoestado.com.br\/wp-content\/uploads\/2026\/04\/Mestre-Cica-000.jpeg","type":"image\/jpeg"}],"author":"assessoriadefamosos","twitter_card":"summary_large_image","twitter_misc":{"Escrito por":"assessoriadefamosos","Est. tempo de leitura":"2 minutos"},"schema":{"@context":"https:\/\/schema.org","@graph":[{"@type":"Article","@id":"https:\/\/portaldoestado.com.br\/index.php\/2026\/04\/27\/resenha-do-quilombo-urbano-faz-homenagem-a-mestre-cica-nesta-quarta-feira-29-no-terraco-da-vila\/#article","isPartOf":{"@id":"https:\/\/portaldoestado.com.br\/index.php\/2026\/04\/27\/resenha-do-quilombo-urbano-faz-homenagem-a-mestre-cica-nesta-quarta-feira-29-no-terraco-da-vila\/"},"author":{"name":"assessoriadefamosos","@id":"https:\/\/portaldoestado.com.br\/#\/schema\/person\/5ca0174f3c8c84b59da62ea14b698cb9"},"headline":"Resenha do Quilombo Urbano faz homenagem a Mestre Ci\u00e7a nesta quarta-feira (29), no Terra\u00e7o da Vila","datePublished":"2026-04-27T18:55:59+00:00","mainEntityOfPage":{"@id":"https:\/\/portaldoestado.com.br\/index.php\/2026\/04\/27\/resenha-do-quilombo-urbano-faz-homenagem-a-mestre-cica-nesta-quarta-feira-29-no-terraco-da-vila\/"},"wordCount":464,"publisher":{"@id":"https:\/\/portaldoestado.com.br\/#organization"},"image":{"@id":"https:\/\/portaldoestado.com.br\/index.php\/2026\/04\/27\/resenha-do-quilombo-urbano-faz-homenagem-a-mestre-cica-nesta-quarta-feira-29-no-terraco-da-vila\/#primaryimage"},"thumbnailUrl":"https:\/\/portaldoestado.com.br\/wp-content\/uploads\/2026\/04\/Mestre-Cica-000.jpeg","articleSection":["Carnaval","M\u00fasica"],"inLanguage":"pt-BR"},{"@type":"WebPage","@id":"https:\/\/portaldoestado.com.br\/index.php\/2026\/04\/27\/resenha-do-quilombo-urbano-faz-homenagem-a-mestre-cica-nesta-quarta-feira-29-no-terraco-da-vila\/","url":"https:\/\/portaldoestado.com.br\/index.php\/2026\/04\/27\/resenha-do-quilombo-urbano-faz-homenagem-a-mestre-cica-nesta-quarta-feira-29-no-terraco-da-vila\/","name":"Resenha do Quilombo Urbano faz homenagem a Mestre Ci\u00e7a nesta quarta-feira (29), no Terra\u00e7o da Vila - Portal do Estado","isPartOf":{"@id":"https:\/\/portaldoestado.com.br\/#website"},"primaryImageOfPage":{"@id":"https:\/\/portaldoestado.com.br\/index.php\/2026\/04\/27\/resenha-do-quilombo-urbano-faz-homenagem-a-mestre-cica-nesta-quarta-feira-29-no-terraco-da-vila\/#primaryimage"},"image":{"@id":"https:\/\/portaldoestado.com.br\/index.php\/2026\/04\/27\/resenha-do-quilombo-urbano-faz-homenagem-a-mestre-cica-nesta-quarta-feira-29-no-terraco-da-vila\/#primaryimage"},"thumbnailUrl":"https:\/\/portaldoestado.com.br\/wp-content\/uploads\/2026\/04\/Mestre-Cica-000.jpeg","datePublished":"2026-04-27T18:55:59+00:00","breadcrumb":{"@id":"https:\/\/portaldoestado.com.br\/index.php\/2026\/04\/27\/resenha-do-quilombo-urbano-faz-homenagem-a-mestre-cica-nesta-quarta-feira-29-no-terraco-da-vila\/#breadcrumb"},"inLanguage":"pt-BR","potentialAction":[{"@type":"ReadAction","target":["https:\/\/portaldoestado.com.br\/index.php\/2026\/04\/27\/resenha-do-quilombo-urbano-faz-homenagem-a-mestre-cica-nesta-quarta-feira-29-no-terraco-da-vila\/"]}]},{"@type":"ImageObject","inLanguage":"pt-BR","@id":"https:\/\/portaldoestado.com.br\/index.php\/2026\/04\/27\/resenha-do-quilombo-urbano-faz-homenagem-a-mestre-cica-nesta-quarta-feira-29-no-terraco-da-vila\/#primaryimage","url":"https:\/\/portaldoestado.com.br\/wp-content\/uploads\/2026\/04\/Mestre-Cica-000.jpeg","contentUrl":"https:\/\/portaldoestado.com.br\/wp-content\/uploads\/2026\/04\/Mestre-Cica-000.jpeg","width":1290,"height":726},{"@type":"BreadcrumbList","@id":"https:\/\/portaldoestado.com.br\/index.php\/2026\/04\/27\/resenha-do-quilombo-urbano-faz-homenagem-a-mestre-cica-nesta-quarta-feira-29-no-terraco-da-vila\/#breadcrumb","itemListElement":[{"@type":"ListItem","position":1,"name":"In\u00edcio","item":"https:\/\/portaldoestado.com.br\/"},{"@type":"ListItem","position":2,"name":"Resenha do Quilombo Urbano faz homenagem a Mestre Ci\u00e7a nesta quarta-feira (29), no Terra\u00e7o da Vila"}]},{"@type":"WebSite","@id":"https:\/\/portaldoestado.com.br\/#website","url":"https:\/\/portaldoestado.com.br\/","name":"Portal do Estado","description":"","publisher":{"@id":"https:\/\/portaldoestado.com.br\/#organization"},"potentialAction":[{"@type":"SearchAction","target":{"@type":"EntryPoint","urlTemplate":"https:\/\/portaldoestado.com.br\/?s={search_term_string}"},"query-input":{"@type":"PropertyValueSpecification","valueRequired":true,"valueName":"search_term_string"}}],"inLanguage":"pt-BR"},{"@type":"Organization","@id":"https:\/\/portaldoestado.com.br\/#organization","name":"Portal do Estado","url":"https:\/\/portaldoestado.com.br\/","logo":{"@type":"ImageObject","inLanguage":"pt-BR","@id":"https:\/\/portaldoestado.com.br\/#\/schema\/logo\/image\/","url":"https:\/\/portaldoestado.com.br\/wp-content\/uploads\/2025\/04\/cropped-6f69b19a-6472-43bf-b1b3-e1910bbbd4e8.png","contentUrl":"https:\/\/portaldoestado.com.br\/wp-content\/uploads\/2025\/04\/cropped-6f69b19a-6472-43bf-b1b3-e1910bbbd4e8.png","width":1024,"height":350,"caption":"Portal do Estado"},"image":{"@id":"https:\/\/portaldoestado.com.br\/#\/schema\/logo\/image\/"}},{"@type":"Person","@id":"https:\/\/portaldoestado.com.br\/#\/schema\/person\/5ca0174f3c8c84b59da62ea14b698cb9","name":"assessoriadefamosos","image":{"@type":"ImageObject","inLanguage":"pt-BR","@id":"https:\/\/portaldoestado.com.br\/#\/schema\/person\/image\/","url":"https:\/\/secure.gravatar.com\/avatar\/a7acbdffcfbbae7240e59f47fe511ec5f5d8c252c779f0b8d9ab02a9e1d8c5ed?s=96&d=mm&r=g","contentUrl":"https:\/\/secure.gravatar.com\/avatar\/a7acbdffcfbbae7240e59f47fe511ec5f5d8c252c779f0b8d9ab02a9e1d8c5ed?s=96&d=mm&r=g","caption":"assessoriadefamosos"},"url":"https:\/\/portaldoestado.com.br\/index.php\/author\/assessoriadefamosos\/"}]}},"jetpack_featured_media_url":"https:\/\/portaldoestado.com.br\/wp-content\/uploads\/2026\/04\/Mestre-Cica-000.jpeg","_links":{"self":[{"href":"https:\/\/portaldoestado.com.br\/index.php\/wp-json\/wp\/v2\/posts\/8707","targetHints":{"allow":["GET"]}}],"collection":[{"href":"https:\/\/portaldoestado.com.br\/index.php\/wp-json\/wp\/v2\/posts"}],"about":[{"href":"https:\/\/portaldoestado.com.br\/index.php\/wp-json\/wp\/v2\/types\/post"}],"author":[{"embeddable":true,"href":"https:\/\/portaldoestado.com.br\/index.php\/wp-json\/wp\/v2\/users\/2"}],"replies":[{"embeddable":true,"href":"https:\/\/portaldoestado.com.br\/index.php\/wp-json\/wp\/v2\/comments?post=8707"}],"version-history":[{"count":1,"href":"https:\/\/portaldoestado.com.br\/index.php\/wp-json\/wp\/v2\/posts\/8707\/revisions"}],"predecessor-version":[{"id":8708,"href":"https:\/\/portaldoestado.com.br\/index.php\/wp-json\/wp\/v2\/posts\/8707\/revisions\/8708"}],"wp:featuredmedia":[{"embeddable":true,"href":"https:\/\/portaldoestado.com.br\/index.php\/wp-json\/wp\/v2\/media\/8706"}],"wp:attachment":[{"href":"https:\/\/portaldoestado.com.br\/index.php\/wp-json\/wp\/v2\/media?parent=8707"}],"wp:term":[{"taxonomy":"category","embeddable":true,"href":"https:\/\/portaldoestado.com.br\/index.php\/wp-json\/wp\/v2\/categories?post=8707"},{"taxonomy":"post_tag","embeddable":true,"href":"https:\/\/portaldoestado.com.br\/index.php\/wp-json\/wp\/v2\/tags?post=8707"}],"curies":[{"name":"wp","href":"https:\/\/api.w.org\/{rel}","templated":true}]}}