{"id":8704,"date":"2026-04-27T18:47:28","date_gmt":"2026-04-27T18:47:28","guid":{"rendered":"https:\/\/portaldoestado.com.br\/?p=8704"},"modified":"2026-04-27T18:47:28","modified_gmt":"2026-04-27T18:47:28","slug":"rodovias-do-tiete-preve-455-mil-veiculos-no-corredor-marechal-rondon-no-feriado-do-dia-do-trabalho","status":"publish","type":"post","link":"https:\/\/portaldoestado.com.br\/index.php\/2026\/04\/27\/rodovias-do-tiete-preve-455-mil-veiculos-no-corredor-marechal-rondon-no-feriado-do-dia-do-trabalho\/","title":{"rendered":"Rodovias do Tiet\u00ea prev\u00ea 455 mil ve\u00edculos no Corredor Marechal Rondon no feriado do Dia do Trabalho"},"content":{"rendered":"\n<p>A Concession\u00e1ria Rodovias do Tiet\u00ea estima que cerca de 455 mil ve\u00edculos devem circular pelas rodovias do Corredor Leste Marechal Rondon durante o feriado prolongado do Dia do Trabalho. A opera\u00e7\u00e3o especial come\u00e7a na quinta-feira (30\/04) e segue at\u00e9 domingo (03\/05), com refor\u00e7o no atendimento e monitoramento do tr\u00e1fego.<\/p>\n\n\n\n<p>O volume elevado j\u00e1 era esperado pela concession\u00e1ria, que organizou uma estrutura refor\u00e7ada para o per\u00edodo. Guinchos e ambul\u00e2ncias estar\u00e3o posicionados em pontos estrat\u00e9gicos para garantir rapidez em atendimentos mec\u00e2nicos e m\u00e9dicos. Todo o fluxo ser\u00e1 acompanhado em tempo real pelo Centro de Controle Operacional (CCO), por meio de c\u00e2meras instaladas ao longo das rodovias.<\/p>\n\n\n\n<h2 class=\"wp-block-heading\">Hor\u00e1rios de pico exigem aten\u00e7\u00e3o dos motoristas<\/h2>\n\n\n\n<p>A concession\u00e1ria prev\u00ea maior concentra\u00e7\u00e3o de ve\u00edculos na sa\u00edda para o feriado em dois per\u00edodos:<\/p>\n\n\n\n<ul class=\"wp-block-list\">\n<li>Quinta-feira (30), das 16h \u00e0s 21h<\/li>\n\n\n\n<li>Sexta-feira (01), das 6h \u00e0s 11h<\/li>\n<\/ul>\n\n\n\n<p>J\u00e1 no retorno, o fluxo mais intenso deve ocorrer no domingo (03), entre 16h e 20h.<\/p>\n\n\n\n<p>A orienta\u00e7\u00e3o \u00e9 direta: evitar esses hor\u00e1rios pode reduzir tempo de viagem e risco de congestionamentos.<\/p>\n\n\n\n<h2 class=\"wp-block-heading\">Rodovia Marechal Rondon deve concentrar maior movimento<\/h2>\n\n\n\n<p>Entre as rodovias administradas pela concession\u00e1ria, a Marechal Rondon (SP-300) deve registrar o maior fluxo, com previs\u00e3o de 242 mil ve\u00edculos. O trecho conecta cidades importantes entre Tiet\u00ea e Bauru, passando por regi\u00f5es estrat\u00e9gicas como Botucatu.<\/p>\n\n\n\n<p>Outras rodovias tamb\u00e9m devem apresentar tr\u00e1fego elevado:<\/p>\n\n\n\n<ul class=\"wp-block-list\">\n<li>SP-209 (Botucatu): cerca de 78 mil ve\u00edculos<\/li>\n\n\n\n<li>SP-308 (Rodovia do A\u00e7\u00facar): aproximadamente 79 mil ve\u00edculos entre Salto e Piracicaba<\/li>\n\n\n\n<li>SP-101 (Campinas-Monte Mor): previs\u00e3o de 43 mil ve\u00edculos<\/li>\n\n\n\n<li>SP-113 (liga\u00e7\u00e3o entre SP-101 e SP-300): cerca de 13 mil ve\u00edculos<\/li>\n<\/ul>\n\n\n\n<h2 class=\"wp-block-heading\">Estrutura refor\u00e7ada e atendimento 24 horas<\/h2>\n\n\n\n<p>A opera\u00e7\u00e3o especial inclui monitoramento cont\u00ednuo e equipes de prontid\u00e3o para atender ocorr\u00eancias ao longo dos 415 quil\u00f4metros de rodovias administradas pela concession\u00e1ria.<\/p>\n\n\n\n<p>Motoristas podem acionar suporte pelo telefone 0800-770-3322, com atendimento gratuito 24 horas.<\/p>\n\n\n\n<p>Com o aumento do fluxo t\u00edpico de feriados prolongados, a tend\u00eancia \u00e9 de lentid\u00e3o nos hor\u00e1rios cr\u00edticos e maior demanda por servi\u00e7os de apoio. A recomenda\u00e7\u00e3o central permanece: planejamento e aten\u00e7\u00e3o redobrada ao volante.<\/p>\n","protected":false},"excerpt":{"rendered":"<p>A Concession\u00e1ria Rodovias do Tiet\u00ea estima que cerca de 455 mil ve\u00edculos devem circular pelas rodovias do Corredor Leste Marechal Rondon durante o feriado prolongado do Dia do Trabalho. A opera\u00e7\u00e3o especial come\u00e7a na quinta-feira (30\/04) e segue at\u00e9 domingo (03\/05), com refor\u00e7o no atendimento e monitoramento do tr\u00e1fego. O volume elevado j\u00e1 era esperado \u2026<\/p>\n","protected":false},"author":2,"featured_media":8703,"comment_status":"closed","ping_status":"open","sticky":false,"template":"","format":"standard","meta":{"footnotes":""},"categories":[4],"tags":[],"class_list":["post-8704","post","type-post","status-publish","format-standard","has-post-thumbnail","hentry","category-geral"],"yoast_head":"<!-- This site is optimized with the Yoast SEO plugin v25.5 - https:\/\/yoast.com\/wordpress\/plugins\/seo\/ -->\n<title>Rodovias do Tiet\u00ea prev\u00ea 455 mil ve\u00edculos no Corredor Marechal Rondon no feriado do Dia do Trabalho - Portal do Estado<\/title>\n<meta name=\"robots\" content=\"index, follow, max-snippet:-1, max-image-preview:large, max-video-preview:-1\" \/>\n<link rel=\"canonical\" href=\"https:\/\/portaldoestado.com.br\/index.php\/2026\/04\/27\/rodovias-do-tiete-preve-455-mil-veiculos-no-corredor-marechal-rondon-no-feriado-do-dia-do-trabalho\/\" \/>\n<meta property=\"og:locale\" content=\"pt_BR\" \/>\n<meta property=\"og:type\" content=\"article\" \/>\n<meta property=\"og:title\" content=\"Rodovias do Tiet\u00ea prev\u00ea 455 mil ve\u00edculos no Corredor Marechal Rondon no feriado do Dia do Trabalho - Portal do Estado\" \/>\n<meta property=\"og:description\" content=\"A Concession\u00e1ria Rodovias do Tiet\u00ea estima que cerca de 455 mil ve\u00edculos devem circular pelas rodovias do Corredor Leste Marechal Rondon durante o feriado prolongado do Dia do Trabalho. A opera\u00e7\u00e3o especial come\u00e7a na quinta-feira (30\/04) e segue at\u00e9 domingo (03\/05), com refor\u00e7o no atendimento e monitoramento do tr\u00e1fego. O volume elevado j\u00e1 era esperado \u2026\" \/>\n<meta property=\"og:url\" content=\"https:\/\/portaldoestado.com.br\/index.php\/2026\/04\/27\/rodovias-do-tiete-preve-455-mil-veiculos-no-corredor-marechal-rondon-no-feriado-do-dia-do-trabalho\/\" \/>\n<meta property=\"og:site_name\" content=\"Portal do Estado\" \/>\n<meta property=\"article:published_time\" content=\"2026-04-27T18:47:28+00:00\" \/>\n<meta property=\"og:image\" content=\"https:\/\/portaldoestado.com.br\/wp-content\/uploads\/2026\/04\/rodovias-tiete-previsao-veiculos-feriado-dia-do-trabalho-1024x683.png\" \/>\n\t<meta property=\"og:image:width\" content=\"1024\" \/>\n\t<meta property=\"og:image:height\" content=\"683\" \/>\n\t<meta property=\"og:image:type\" content=\"image\/png\" \/>\n<meta name=\"author\" content=\"assessoriadefamosos\" \/>\n<meta name=\"twitter:card\" content=\"summary_large_image\" \/>\n<meta name=\"twitter:label1\" content=\"Escrito por\" \/>\n\t<meta name=\"twitter:data1\" content=\"assessoriadefamosos\" \/>\n\t<meta name=\"twitter:label2\" content=\"Est. tempo de leitura\" \/>\n\t<meta name=\"twitter:data2\" content=\"2 minutos\" \/>\n<script type=\"application\/ld+json\" class=\"yoast-schema-graph\">{\"@context\":\"https:\/\/schema.org\",\"@graph\":[{\"@type\":\"Article\",\"@id\":\"https:\/\/portaldoestado.com.br\/index.php\/2026\/04\/27\/rodovias-do-tiete-preve-455-mil-veiculos-no-corredor-marechal-rondon-no-feriado-do-dia-do-trabalho\/#article\",\"isPartOf\":{\"@id\":\"https:\/\/portaldoestado.com.br\/index.php\/2026\/04\/27\/rodovias-do-tiete-preve-455-mil-veiculos-no-corredor-marechal-rondon-no-feriado-do-dia-do-trabalho\/\"},\"author\":{\"name\":\"assessoriadefamosos\",\"@id\":\"https:\/\/portaldoestado.com.br\/#\/schema\/person\/5ca0174f3c8c84b59da62ea14b698cb9\"},\"headline\":\"Rodovias do Tiet\u00ea prev\u00ea 455 mil ve\u00edculos no Corredor Marechal Rondon no feriado do Dia do Trabalho\",\"datePublished\":\"2026-04-27T18:47:28+00:00\",\"mainEntityOfPage\":{\"@id\":\"https:\/\/portaldoestado.com.br\/index.php\/2026\/04\/27\/rodovias-do-tiete-preve-455-mil-veiculos-no-corredor-marechal-rondon-no-feriado-do-dia-do-trabalho\/\"},\"wordCount\":388,\"publisher\":{\"@id\":\"https:\/\/portaldoestado.com.br\/#organization\"},\"image\":{\"@id\":\"https:\/\/portaldoestado.com.br\/index.php\/2026\/04\/27\/rodovias-do-tiete-preve-455-mil-veiculos-no-corredor-marechal-rondon-no-feriado-do-dia-do-trabalho\/#primaryimage\"},\"thumbnailUrl\":\"https:\/\/portaldoestado.com.br\/wp-content\/uploads\/2026\/04\/rodovias-tiete-previsao-veiculos-feriado-dia-do-trabalho.png\",\"articleSection\":[\"Geral\"],\"inLanguage\":\"pt-BR\"},{\"@type\":\"WebPage\",\"@id\":\"https:\/\/portaldoestado.com.br\/index.php\/2026\/04\/27\/rodovias-do-tiete-preve-455-mil-veiculos-no-corredor-marechal-rondon-no-feriado-do-dia-do-trabalho\/\",\"url\":\"https:\/\/portaldoestado.com.br\/index.php\/2026\/04\/27\/rodovias-do-tiete-preve-455-mil-veiculos-no-corredor-marechal-rondon-no-feriado-do-dia-do-trabalho\/\",\"name\":\"Rodovias do Tiet\u00ea prev\u00ea 455 mil ve\u00edculos no Corredor Marechal Rondon no feriado do Dia do Trabalho - Portal do Estado\",\"isPartOf\":{\"@id\":\"https:\/\/portaldoestado.com.br\/#website\"},\"primaryImageOfPage\":{\"@id\":\"https:\/\/portaldoestado.com.br\/index.php\/2026\/04\/27\/rodovias-do-tiete-preve-455-mil-veiculos-no-corredor-marechal-rondon-no-feriado-do-dia-do-trabalho\/#primaryimage\"},\"image\":{\"@id\":\"https:\/\/portaldoestado.com.br\/index.php\/2026\/04\/27\/rodovias-do-tiete-preve-455-mil-veiculos-no-corredor-marechal-rondon-no-feriado-do-dia-do-trabalho\/#primaryimage\"},\"thumbnailUrl\":\"https:\/\/portaldoestado.com.br\/wp-content\/uploads\/2026\/04\/rodovias-tiete-previsao-veiculos-feriado-dia-do-trabalho.png\",\"datePublished\":\"2026-04-27T18:47:28+00:00\",\"breadcrumb\":{\"@id\":\"https:\/\/portaldoestado.com.br\/index.php\/2026\/04\/27\/rodovias-do-tiete-preve-455-mil-veiculos-no-corredor-marechal-rondon-no-feriado-do-dia-do-trabalho\/#breadcrumb\"},\"inLanguage\":\"pt-BR\",\"potentialAction\":[{\"@type\":\"ReadAction\",\"target\":[\"https:\/\/portaldoestado.com.br\/index.php\/2026\/04\/27\/rodovias-do-tiete-preve-455-mil-veiculos-no-corredor-marechal-rondon-no-feriado-do-dia-do-trabalho\/\"]}]},{\"@type\":\"ImageObject\",\"inLanguage\":\"pt-BR\",\"@id\":\"https:\/\/portaldoestado.com.br\/index.php\/2026\/04\/27\/rodovias-do-tiete-preve-455-mil-veiculos-no-corredor-marechal-rondon-no-feriado-do-dia-do-trabalho\/#primaryimage\",\"url\":\"https:\/\/portaldoestado.com.br\/wp-content\/uploads\/2026\/04\/rodovias-tiete-previsao-veiculos-feriado-dia-do-trabalho.png\",\"contentUrl\":\"https:\/\/portaldoestado.com.br\/wp-content\/uploads\/2026\/04\/rodovias-tiete-previsao-veiculos-feriado-dia-do-trabalho.png\",\"width\":1536,\"height\":1024},{\"@type\":\"BreadcrumbList\",\"@id\":\"https:\/\/portaldoestado.com.br\/index.php\/2026\/04\/27\/rodovias-do-tiete-preve-455-mil-veiculos-no-corredor-marechal-rondon-no-feriado-do-dia-do-trabalho\/#breadcrumb\",\"itemListElement\":[{\"@type\":\"ListItem\",\"position\":1,\"name\":\"In\u00edcio\",\"item\":\"https:\/\/portaldoestado.com.br\/\"},{\"@type\":\"ListItem\",\"position\":2,\"name\":\"Rodovias do Tiet\u00ea prev\u00ea 455 mil ve\u00edculos no Corredor Marechal Rondon no feriado do Dia do Trabalho\"}]},{\"@type\":\"WebSite\",\"@id\":\"https:\/\/portaldoestado.com.br\/#website\",\"url\":\"https:\/\/portaldoestado.com.br\/\",\"name\":\"Portal do Estado\",\"description\":\"\",\"publisher\":{\"@id\":\"https:\/\/portaldoestado.com.br\/#organization\"},\"potentialAction\":[{\"@type\":\"SearchAction\",\"target\":{\"@type\":\"EntryPoint\",\"urlTemplate\":\"https:\/\/portaldoestado.com.br\/?s={search_term_string}\"},\"query-input\":{\"@type\":\"PropertyValueSpecification\",\"valueRequired\":true,\"valueName\":\"search_term_string\"}}],\"inLanguage\":\"pt-BR\"},{\"@type\":\"Organization\",\"@id\":\"https:\/\/portaldoestado.com.br\/#organization\",\"name\":\"Portal do Estado\",\"url\":\"https:\/\/portaldoestado.com.br\/\",\"logo\":{\"@type\":\"ImageObject\",\"inLanguage\":\"pt-BR\",\"@id\":\"https:\/\/portaldoestado.com.br\/#\/schema\/logo\/image\/\",\"url\":\"https:\/\/portaldoestado.com.br\/wp-content\/uploads\/2025\/04\/cropped-6f69b19a-6472-43bf-b1b3-e1910bbbd4e8.png\",\"contentUrl\":\"https:\/\/portaldoestado.com.br\/wp-content\/uploads\/2025\/04\/cropped-6f69b19a-6472-43bf-b1b3-e1910bbbd4e8.png\",\"width\":1024,\"height\":350,\"caption\":\"Portal do Estado\"},\"image\":{\"@id\":\"https:\/\/portaldoestado.com.br\/#\/schema\/logo\/image\/\"}},{\"@type\":\"Person\",\"@id\":\"https:\/\/portaldoestado.com.br\/#\/schema\/person\/5ca0174f3c8c84b59da62ea14b698cb9\",\"name\":\"assessoriadefamosos\",\"image\":{\"@type\":\"ImageObject\",\"inLanguage\":\"pt-BR\",\"@id\":\"https:\/\/portaldoestado.com.br\/#\/schema\/person\/image\/\",\"url\":\"https:\/\/secure.gravatar.com\/avatar\/a7acbdffcfbbae7240e59f47fe511ec5f5d8c252c779f0b8d9ab02a9e1d8c5ed?s=96&d=mm&r=g\",\"contentUrl\":\"https:\/\/secure.gravatar.com\/avatar\/a7acbdffcfbbae7240e59f47fe511ec5f5d8c252c779f0b8d9ab02a9e1d8c5ed?s=96&d=mm&r=g\",\"caption\":\"assessoriadefamosos\"},\"url\":\"https:\/\/portaldoestado.com.br\/index.php\/author\/assessoriadefamosos\/\"}]}<\/script>\n<!-- \/ Yoast SEO plugin. -->","yoast_head_json":{"title":"Rodovias do Tiet\u00ea prev\u00ea 455 mil ve\u00edculos no Corredor Marechal Rondon no feriado do Dia do Trabalho - Portal do Estado","robots":{"index":"index","follow":"follow","max-snippet":"max-snippet:-1","max-image-preview":"max-image-preview:large","max-video-preview":"max-video-preview:-1"},"canonical":"https:\/\/portaldoestado.com.br\/index.php\/2026\/04\/27\/rodovias-do-tiete-preve-455-mil-veiculos-no-corredor-marechal-rondon-no-feriado-do-dia-do-trabalho\/","og_locale":"pt_BR","og_type":"article","og_title":"Rodovias do Tiet\u00ea prev\u00ea 455 mil ve\u00edculos no Corredor Marechal Rondon no feriado do Dia do Trabalho - Portal do Estado","og_description":"A Concession\u00e1ria Rodovias do Tiet\u00ea estima que cerca de 455 mil ve\u00edculos devem circular pelas rodovias do Corredor Leste Marechal Rondon durante o feriado prolongado do Dia do Trabalho. A opera\u00e7\u00e3o especial come\u00e7a na quinta-feira (30\/04) e segue at\u00e9 domingo (03\/05), com refor\u00e7o no atendimento e monitoramento do tr\u00e1fego. O volume elevado j\u00e1 era esperado \u2026","og_url":"https:\/\/portaldoestado.com.br\/index.php\/2026\/04\/27\/rodovias-do-tiete-preve-455-mil-veiculos-no-corredor-marechal-rondon-no-feriado-do-dia-do-trabalho\/","og_site_name":"Portal do Estado","article_published_time":"2026-04-27T18:47:28+00:00","og_image":[{"width":1024,"height":683,"url":"https:\/\/portaldoestado.com.br\/wp-content\/uploads\/2026\/04\/rodovias-tiete-previsao-veiculos-feriado-dia-do-trabalho-1024x683.png","type":"image\/png"}],"author":"assessoriadefamosos","twitter_card":"summary_large_image","twitter_misc":{"Escrito por":"assessoriadefamosos","Est. tempo de leitura":"2 minutos"},"schema":{"@context":"https:\/\/schema.org","@graph":[{"@type":"Article","@id":"https:\/\/portaldoestado.com.br\/index.php\/2026\/04\/27\/rodovias-do-tiete-preve-455-mil-veiculos-no-corredor-marechal-rondon-no-feriado-do-dia-do-trabalho\/#article","isPartOf":{"@id":"https:\/\/portaldoestado.com.br\/index.php\/2026\/04\/27\/rodovias-do-tiete-preve-455-mil-veiculos-no-corredor-marechal-rondon-no-feriado-do-dia-do-trabalho\/"},"author":{"name":"assessoriadefamosos","@id":"https:\/\/portaldoestado.com.br\/#\/schema\/person\/5ca0174f3c8c84b59da62ea14b698cb9"},"headline":"Rodovias do Tiet\u00ea prev\u00ea 455 mil ve\u00edculos no Corredor Marechal Rondon no feriado do Dia do Trabalho","datePublished":"2026-04-27T18:47:28+00:00","mainEntityOfPage":{"@id":"https:\/\/portaldoestado.com.br\/index.php\/2026\/04\/27\/rodovias-do-tiete-preve-455-mil-veiculos-no-corredor-marechal-rondon-no-feriado-do-dia-do-trabalho\/"},"wordCount":388,"publisher":{"@id":"https:\/\/portaldoestado.com.br\/#organization"},"image":{"@id":"https:\/\/portaldoestado.com.br\/index.php\/2026\/04\/27\/rodovias-do-tiete-preve-455-mil-veiculos-no-corredor-marechal-rondon-no-feriado-do-dia-do-trabalho\/#primaryimage"},"thumbnailUrl":"https:\/\/portaldoestado.com.br\/wp-content\/uploads\/2026\/04\/rodovias-tiete-previsao-veiculos-feriado-dia-do-trabalho.png","articleSection":["Geral"],"inLanguage":"pt-BR"},{"@type":"WebPage","@id":"https:\/\/portaldoestado.com.br\/index.php\/2026\/04\/27\/rodovias-do-tiete-preve-455-mil-veiculos-no-corredor-marechal-rondon-no-feriado-do-dia-do-trabalho\/","url":"https:\/\/portaldoestado.com.br\/index.php\/2026\/04\/27\/rodovias-do-tiete-preve-455-mil-veiculos-no-corredor-marechal-rondon-no-feriado-do-dia-do-trabalho\/","name":"Rodovias do Tiet\u00ea prev\u00ea 455 mil ve\u00edculos no Corredor Marechal Rondon no feriado do Dia do Trabalho - Portal do Estado","isPartOf":{"@id":"https:\/\/portaldoestado.com.br\/#website"},"primaryImageOfPage":{"@id":"https:\/\/portaldoestado.com.br\/index.php\/2026\/04\/27\/rodovias-do-tiete-preve-455-mil-veiculos-no-corredor-marechal-rondon-no-feriado-do-dia-do-trabalho\/#primaryimage"},"image":{"@id":"https:\/\/portaldoestado.com.br\/index.php\/2026\/04\/27\/rodovias-do-tiete-preve-455-mil-veiculos-no-corredor-marechal-rondon-no-feriado-do-dia-do-trabalho\/#primaryimage"},"thumbnailUrl":"https:\/\/portaldoestado.com.br\/wp-content\/uploads\/2026\/04\/rodovias-tiete-previsao-veiculos-feriado-dia-do-trabalho.png","datePublished":"2026-04-27T18:47:28+00:00","breadcrumb":{"@id":"https:\/\/portaldoestado.com.br\/index.php\/2026\/04\/27\/rodovias-do-tiete-preve-455-mil-veiculos-no-corredor-marechal-rondon-no-feriado-do-dia-do-trabalho\/#breadcrumb"},"inLanguage":"pt-BR","potentialAction":[{"@type":"ReadAction","target":["https:\/\/portaldoestado.com.br\/index.php\/2026\/04\/27\/rodovias-do-tiete-preve-455-mil-veiculos-no-corredor-marechal-rondon-no-feriado-do-dia-do-trabalho\/"]}]},{"@type":"ImageObject","inLanguage":"pt-BR","@id":"https:\/\/portaldoestado.com.br\/index.php\/2026\/04\/27\/rodovias-do-tiete-preve-455-mil-veiculos-no-corredor-marechal-rondon-no-feriado-do-dia-do-trabalho\/#primaryimage","url":"https:\/\/portaldoestado.com.br\/wp-content\/uploads\/2026\/04\/rodovias-tiete-previsao-veiculos-feriado-dia-do-trabalho.png","contentUrl":"https:\/\/portaldoestado.com.br\/wp-content\/uploads\/2026\/04\/rodovias-tiete-previsao-veiculos-feriado-dia-do-trabalho.png","width":1536,"height":1024},{"@type":"BreadcrumbList","@id":"https:\/\/portaldoestado.com.br\/index.php\/2026\/04\/27\/rodovias-do-tiete-preve-455-mil-veiculos-no-corredor-marechal-rondon-no-feriado-do-dia-do-trabalho\/#breadcrumb","itemListElement":[{"@type":"ListItem","position":1,"name":"In\u00edcio","item":"https:\/\/portaldoestado.com.br\/"},{"@type":"ListItem","position":2,"name":"Rodovias do Tiet\u00ea prev\u00ea 455 mil ve\u00edculos no Corredor Marechal Rondon no feriado do Dia do Trabalho"}]},{"@type":"WebSite","@id":"https:\/\/portaldoestado.com.br\/#website","url":"https:\/\/portaldoestado.com.br\/","name":"Portal do Estado","description":"","publisher":{"@id":"https:\/\/portaldoestado.com.br\/#organization"},"potentialAction":[{"@type":"SearchAction","target":{"@type":"EntryPoint","urlTemplate":"https:\/\/portaldoestado.com.br\/?s={search_term_string}"},"query-input":{"@type":"PropertyValueSpecification","valueRequired":true,"valueName":"search_term_string"}}],"inLanguage":"pt-BR"},{"@type":"Organization","@id":"https:\/\/portaldoestado.com.br\/#organization","name":"Portal do Estado","url":"https:\/\/portaldoestado.com.br\/","logo":{"@type":"ImageObject","inLanguage":"pt-BR","@id":"https:\/\/portaldoestado.com.br\/#\/schema\/logo\/image\/","url":"https:\/\/portaldoestado.com.br\/wp-content\/uploads\/2025\/04\/cropped-6f69b19a-6472-43bf-b1b3-e1910bbbd4e8.png","contentUrl":"https:\/\/portaldoestado.com.br\/wp-content\/uploads\/2025\/04\/cropped-6f69b19a-6472-43bf-b1b3-e1910bbbd4e8.png","width":1024,"height":350,"caption":"Portal do Estado"},"image":{"@id":"https:\/\/portaldoestado.com.br\/#\/schema\/logo\/image\/"}},{"@type":"Person","@id":"https:\/\/portaldoestado.com.br\/#\/schema\/person\/5ca0174f3c8c84b59da62ea14b698cb9","name":"assessoriadefamosos","image":{"@type":"ImageObject","inLanguage":"pt-BR","@id":"https:\/\/portaldoestado.com.br\/#\/schema\/person\/image\/","url":"https:\/\/secure.gravatar.com\/avatar\/a7acbdffcfbbae7240e59f47fe511ec5f5d8c252c779f0b8d9ab02a9e1d8c5ed?s=96&d=mm&r=g","contentUrl":"https:\/\/secure.gravatar.com\/avatar\/a7acbdffcfbbae7240e59f47fe511ec5f5d8c252c779f0b8d9ab02a9e1d8c5ed?s=96&d=mm&r=g","caption":"assessoriadefamosos"},"url":"https:\/\/portaldoestado.com.br\/index.php\/author\/assessoriadefamosos\/"}]}},"jetpack_featured_media_url":"https:\/\/portaldoestado.com.br\/wp-content\/uploads\/2026\/04\/rodovias-tiete-previsao-veiculos-feriado-dia-do-trabalho.png","_links":{"self":[{"href":"https:\/\/portaldoestado.com.br\/index.php\/wp-json\/wp\/v2\/posts\/8704","targetHints":{"allow":["GET"]}}],"collection":[{"href":"https:\/\/portaldoestado.com.br\/index.php\/wp-json\/wp\/v2\/posts"}],"about":[{"href":"https:\/\/portaldoestado.com.br\/index.php\/wp-json\/wp\/v2\/types\/post"}],"author":[{"embeddable":true,"href":"https:\/\/portaldoestado.com.br\/index.php\/wp-json\/wp\/v2\/users\/2"}],"replies":[{"embeddable":true,"href":"https:\/\/portaldoestado.com.br\/index.php\/wp-json\/wp\/v2\/comments?post=8704"}],"version-history":[{"count":1,"href":"https:\/\/portaldoestado.com.br\/index.php\/wp-json\/wp\/v2\/posts\/8704\/revisions"}],"predecessor-version":[{"id":8705,"href":"https:\/\/portaldoestado.com.br\/index.php\/wp-json\/wp\/v2\/posts\/8704\/revisions\/8705"}],"wp:featuredmedia":[{"embeddable":true,"href":"https:\/\/portaldoestado.com.br\/index.php\/wp-json\/wp\/v2\/media\/8703"}],"wp:attachment":[{"href":"https:\/\/portaldoestado.com.br\/index.php\/wp-json\/wp\/v2\/media?parent=8704"}],"wp:term":[{"taxonomy":"category","embeddable":true,"href":"https:\/\/portaldoestado.com.br\/index.php\/wp-json\/wp\/v2\/categories?post=8704"},{"taxonomy":"post_tag","embeddable":true,"href":"https:\/\/portaldoestado.com.br\/index.php\/wp-json\/wp\/v2\/tags?post=8704"}],"curies":[{"name":"wp","href":"https:\/\/api.w.org\/{rel}","templated":true}]}}