{"id":8701,"date":"2026-04-27T18:29:57","date_gmt":"2026-04-27T18:29:57","guid":{"rendered":"https:\/\/portaldoestado.com.br\/?p=8701"},"modified":"2026-04-27T18:29:57","modified_gmt":"2026-04-27T18:29:57","slug":"cao-de-assistencia-transforma-rotina-de-estudante-com-autismo-no-interior-de-sao-paulo","status":"publish","type":"post","link":"https:\/\/portaldoestado.com.br\/index.php\/2026\/04\/27\/cao-de-assistencia-transforma-rotina-de-estudante-com-autismo-no-interior-de-sao-paulo\/","title":{"rendered":"C\u00e3o de assist\u00eancia transforma rotina de estudante com autismo no interior de S\u00e3o Paulo"},"content":{"rendered":"\n<p>Uma estudante universit\u00e1ria com Transtorno do Espectro Autista (TEA) encontrou em um c\u00e3o de assist\u00eancia uma mudan\u00e7a significativa na rotina e na socializa\u00e7\u00e3o. O caso aconteceu em Sorocaba, no interior de S\u00e3o Paulo, e envolve o programa do Instituto Adimax, que j\u00e1 beneficiou mais de 30 pessoas com autismo. A hist\u00f3ria ganhou destaque por mostrar, na pr\u00e1tica, como o suporte especializado pode impactar a qualidade de vida.<\/p>\n\n\n\n<p>A jovem Ana J\u00falia, diagnosticada com autismo n\u00edvel 1 de suporte, enfrentava dificuldades intensas de intera\u00e7\u00e3o social, inseguran\u00e7a e medo de sair sozinha. A mudan\u00e7a come\u00e7ou em 2024, quando ela passou a conviver com a labradora Zoe, treinada para atuar como c\u00e3o de assist\u00eancia.<\/p>\n\n\n\n<h2 class=\"wp-block-heading\">Antes e depois: impacto direto na autonomia<\/h2>\n\n\n\n<p>Antes de receber Zoe, Ana J\u00falia dependia da irm\u00e3 g\u00eamea para frequentar a faculdade de educa\u00e7\u00e3o f\u00edsica. Situa\u00e7\u00f5es simples do dia a dia eram limitadas por crises sensoriais, ansiedade e dificuldade de comunica\u00e7\u00e3o.<\/p>\n\n\n\n<p>Com a chegada da cadela, o cen\u00e1rio mudou de forma concreta.<\/p>\n\n\n\n<p>\u201cEla \u00e9 meu porto seguro. Hoje consigo ser mais independente, mais segura. Me ajuda muito no dia a dia\u201d, relata a estudante.<\/p>\n\n\n\n<p>Al\u00e9m do suporte emocional, Zoe atua diretamente na regula\u00e7\u00e3o comportamental. O c\u00e3o \u00e9 treinado para identificar sinais de sobrecarga sensorial e interromper comportamentos repetitivos, comuns em pessoas com TEA.<\/p>\n\n\n\n<h2 class=\"wp-block-heading\">Mais que companhia: fun\u00e7\u00e3o t\u00e9cnica e terap\u00eautica<\/h2>\n\n\n\n<p>Diferente de um animal de estima\u00e7\u00e3o, o c\u00e3o de assist\u00eancia segue protocolos rigorosos. Durante o trabalho, n\u00e3o pode interagir com outras pessoas e utiliza identifica\u00e7\u00e3o espec\u00edfica.<\/p>\n\n\n\n<p>Segundo o psic\u00f3logo F\u00e1bio Martins, do Instituto Adimax, o papel do animal vai al\u00e9m do v\u00ednculo afetivo.<\/p>\n\n\n\n<p>\u201cO c\u00e3o de servi\u00e7o \u00e9 treinado para interromper comportamentos r\u00edgidos, ajudar na regula\u00e7\u00e3o emocional e facilitar a adapta\u00e7\u00e3o a mudan\u00e7as\u201d, explica.<\/p>\n\n\n\n<p>Outro ponto relevante \u00e9 o impacto social. A presen\u00e7a do animal funciona como uma ponte para intera\u00e7\u00f5es.<\/p>\n\n\n\n<p>\u201cHoje as pessoas v\u00eam perguntar dela e eu acabo socializando mais\u201d, afirma Ana J\u00falia.<\/p>\n\n\n\n<h2 class=\"wp-block-heading\">Programa j\u00e1 beneficiou dezenas de pessoas<\/h2>\n\n\n\n<p>O caso faz parte do Programa C\u00e3o de Assist\u00eancia do Instituto Adimax, localizado em Salto de Pirapora (SP). A iniciativa j\u00e1 treinou e doou mais de 30 c\u00e3es para pessoas com TEA.<\/p>\n\n\n\n<p>O processo \u00e9 estruturado e envolve v\u00e1rias etapas:<\/p>\n\n\n\n<ul class=\"wp-block-list\">\n<li>socializa\u00e7\u00e3o com fam\u00edlias volunt\u00e1rias por cerca de um ano<\/li>\n\n\n\n<li>treinamento t\u00e9cnico entre 4 e 6 meses<\/li>\n\n\n\n<li>acompanhamento por equipe multidisciplinar<\/li>\n<\/ul>\n\n\n\n<p>A entrega dos c\u00e3es \u00e9 gratuita para candidatos que atendem aos crit\u00e9rios do programa.<\/p>\n\n\n\n<h2 class=\"wp-block-heading\">Inclus\u00e3o e qualidade de vida<\/h2>\n\n\n\n<p>O Instituto Adimax mant\u00e9m uma estrutura de 15 mil metros quadrados dedicada ao treinamento e cuidado dos animais, al\u00e9m de atuar com outros programas sociais voltados \u00e0 inclus\u00e3o e apoio a pessoas em situa\u00e7\u00e3o de vulnerabilidade.<\/p>\n\n\n\n<p>Casos como o de Ana J\u00falia mostram um ponto central que muita gente ignora: inclus\u00e3o n\u00e3o \u00e9 discurso, \u00e9 estrutura, m\u00e9todo e acompanhamento.<\/p>\n\n\n\n<h2 class=\"wp-block-heading\">O que vem pela frente<\/h2>\n\n\n\n<p>A expectativa \u00e9 que iniciativas como essa ganhem escala e ampliem o acesso ao suporte especializado. Enquanto isso, Ana J\u00falia j\u00e1 tra\u00e7a seus pr\u00f3prios objetivos.<\/p>\n\n\n\n<p>\u201cQuero ter minha independ\u00eancia, meu pr\u00f3prio dinheiro e ser feliz com a Zoe\u201d, projeta.<\/p>\n","protected":false},"excerpt":{"rendered":"<p>Uma estudante universit\u00e1ria com Transtorno do Espectro Autista (TEA) encontrou em um c\u00e3o de assist\u00eancia uma mudan\u00e7a significativa na rotina e na socializa\u00e7\u00e3o. O caso aconteceu em Sorocaba, no interior de S\u00e3o Paulo, e envolve o programa do Instituto Adimax, que j\u00e1 beneficiou mais de 30 pessoas com autismo. A hist\u00f3ria ganhou destaque por mostrar, \u2026<\/p>\n","protected":false},"author":2,"featured_media":8700,"comment_status":"closed","ping_status":"open","sticky":false,"template":"","format":"standard","meta":{"footnotes":""},"categories":[4],"tags":[],"class_list":["post-8701","post","type-post","status-publish","format-standard","has-post-thumbnail","hentry","category-geral"],"yoast_head":"<!-- This site is optimized with the Yoast SEO plugin v25.5 - https:\/\/yoast.com\/wordpress\/plugins\/seo\/ -->\n<title>C\u00e3o de assist\u00eancia transforma rotina de estudante com autismo no interior de S\u00e3o Paulo - Portal do Estado<\/title>\n<meta name=\"robots\" content=\"index, follow, max-snippet:-1, max-image-preview:large, max-video-preview:-1\" \/>\n<link rel=\"canonical\" href=\"https:\/\/portaldoestado.com.br\/index.php\/2026\/04\/27\/cao-de-assistencia-transforma-rotina-de-estudante-com-autismo-no-interior-de-sao-paulo\/\" \/>\n<meta property=\"og:locale\" content=\"pt_BR\" \/>\n<meta property=\"og:type\" content=\"article\" \/>\n<meta property=\"og:title\" content=\"C\u00e3o de assist\u00eancia transforma rotina de estudante com autismo no interior de S\u00e3o Paulo - Portal do Estado\" \/>\n<meta property=\"og:description\" content=\"Uma estudante universit\u00e1ria com Transtorno do Espectro Autista (TEA) encontrou em um c\u00e3o de assist\u00eancia uma mudan\u00e7a significativa na rotina e na socializa\u00e7\u00e3o. O caso aconteceu em Sorocaba, no interior de S\u00e3o Paulo, e envolve o programa do Instituto Adimax, que j\u00e1 beneficiou mais de 30 pessoas com autismo. A hist\u00f3ria ganhou destaque por mostrar, \u2026\" \/>\n<meta property=\"og:url\" content=\"https:\/\/portaldoestado.com.br\/index.php\/2026\/04\/27\/cao-de-assistencia-transforma-rotina-de-estudante-com-autismo-no-interior-de-sao-paulo\/\" \/>\n<meta property=\"og:site_name\" content=\"Portal do Estado\" \/>\n<meta property=\"article:published_time\" content=\"2026-04-27T18:29:57+00:00\" \/>\n<meta property=\"og:image\" content=\"https:\/\/portaldoestado.com.br\/wp-content\/uploads\/2026\/04\/cao-assistencia-autismo-sorocaba-instituto-adimax-1-1024x819.png\" \/>\n\t<meta property=\"og:image:width\" content=\"1024\" \/>\n\t<meta property=\"og:image:height\" content=\"819\" \/>\n\t<meta property=\"og:image:type\" content=\"image\/png\" \/>\n<meta name=\"author\" content=\"assessoriadefamosos\" \/>\n<meta name=\"twitter:card\" content=\"summary_large_image\" \/>\n<meta name=\"twitter:label1\" content=\"Escrito por\" \/>\n\t<meta name=\"twitter:data1\" content=\"assessoriadefamosos\" \/>\n\t<meta name=\"twitter:label2\" content=\"Est. tempo de leitura\" \/>\n\t<meta name=\"twitter:data2\" content=\"3 minutos\" \/>\n<script type=\"application\/ld+json\" class=\"yoast-schema-graph\">{\"@context\":\"https:\/\/schema.org\",\"@graph\":[{\"@type\":\"Article\",\"@id\":\"https:\/\/portaldoestado.com.br\/index.php\/2026\/04\/27\/cao-de-assistencia-transforma-rotina-de-estudante-com-autismo-no-interior-de-sao-paulo\/#article\",\"isPartOf\":{\"@id\":\"https:\/\/portaldoestado.com.br\/index.php\/2026\/04\/27\/cao-de-assistencia-transforma-rotina-de-estudante-com-autismo-no-interior-de-sao-paulo\/\"},\"author\":{\"name\":\"assessoriadefamosos\",\"@id\":\"https:\/\/portaldoestado.com.br\/#\/schema\/person\/5ca0174f3c8c84b59da62ea14b698cb9\"},\"headline\":\"C\u00e3o de assist\u00eancia transforma rotina de estudante com autismo no interior de S\u00e3o Paulo\",\"datePublished\":\"2026-04-27T18:29:57+00:00\",\"mainEntityOfPage\":{\"@id\":\"https:\/\/portaldoestado.com.br\/index.php\/2026\/04\/27\/cao-de-assistencia-transforma-rotina-de-estudante-com-autismo-no-interior-de-sao-paulo\/\"},\"wordCount\":576,\"publisher\":{\"@id\":\"https:\/\/portaldoestado.com.br\/#organization\"},\"image\":{\"@id\":\"https:\/\/portaldoestado.com.br\/index.php\/2026\/04\/27\/cao-de-assistencia-transforma-rotina-de-estudante-com-autismo-no-interior-de-sao-paulo\/#primaryimage\"},\"thumbnailUrl\":\"https:\/\/portaldoestado.com.br\/wp-content\/uploads\/2026\/04\/cao-assistencia-autismo-sorocaba-instituto-adimax-1.png\",\"articleSection\":[\"Geral\"],\"inLanguage\":\"pt-BR\"},{\"@type\":\"WebPage\",\"@id\":\"https:\/\/portaldoestado.com.br\/index.php\/2026\/04\/27\/cao-de-assistencia-transforma-rotina-de-estudante-com-autismo-no-interior-de-sao-paulo\/\",\"url\":\"https:\/\/portaldoestado.com.br\/index.php\/2026\/04\/27\/cao-de-assistencia-transforma-rotina-de-estudante-com-autismo-no-interior-de-sao-paulo\/\",\"name\":\"C\u00e3o de assist\u00eancia transforma rotina de estudante com autismo no interior de S\u00e3o Paulo - Portal do Estado\",\"isPartOf\":{\"@id\":\"https:\/\/portaldoestado.com.br\/#website\"},\"primaryImageOfPage\":{\"@id\":\"https:\/\/portaldoestado.com.br\/index.php\/2026\/04\/27\/cao-de-assistencia-transforma-rotina-de-estudante-com-autismo-no-interior-de-sao-paulo\/#primaryimage\"},\"image\":{\"@id\":\"https:\/\/portaldoestado.com.br\/index.php\/2026\/04\/27\/cao-de-assistencia-transforma-rotina-de-estudante-com-autismo-no-interior-de-sao-paulo\/#primaryimage\"},\"thumbnailUrl\":\"https:\/\/portaldoestado.com.br\/wp-content\/uploads\/2026\/04\/cao-assistencia-autismo-sorocaba-instituto-adimax-1.png\",\"datePublished\":\"2026-04-27T18:29:57+00:00\",\"breadcrumb\":{\"@id\":\"https:\/\/portaldoestado.com.br\/index.php\/2026\/04\/27\/cao-de-assistencia-transforma-rotina-de-estudante-com-autismo-no-interior-de-sao-paulo\/#breadcrumb\"},\"inLanguage\":\"pt-BR\",\"potentialAction\":[{\"@type\":\"ReadAction\",\"target\":[\"https:\/\/portaldoestado.com.br\/index.php\/2026\/04\/27\/cao-de-assistencia-transforma-rotina-de-estudante-com-autismo-no-interior-de-sao-paulo\/\"]}]},{\"@type\":\"ImageObject\",\"inLanguage\":\"pt-BR\",\"@id\":\"https:\/\/portaldoestado.com.br\/index.php\/2026\/04\/27\/cao-de-assistencia-transforma-rotina-de-estudante-com-autismo-no-interior-de-sao-paulo\/#primaryimage\",\"url\":\"https:\/\/portaldoestado.com.br\/wp-content\/uploads\/2026\/04\/cao-assistencia-autismo-sorocaba-instituto-adimax-1.png\",\"contentUrl\":\"https:\/\/portaldoestado.com.br\/wp-content\/uploads\/2026\/04\/cao-assistencia-autismo-sorocaba-instituto-adimax-1.png\",\"width\":1402,\"height\":1122},{\"@type\":\"BreadcrumbList\",\"@id\":\"https:\/\/portaldoestado.com.br\/index.php\/2026\/04\/27\/cao-de-assistencia-transforma-rotina-de-estudante-com-autismo-no-interior-de-sao-paulo\/#breadcrumb\",\"itemListElement\":[{\"@type\":\"ListItem\",\"position\":1,\"name\":\"In\u00edcio\",\"item\":\"https:\/\/portaldoestado.com.br\/\"},{\"@type\":\"ListItem\",\"position\":2,\"name\":\"C\u00e3o de assist\u00eancia transforma rotina de estudante com autismo no interior de S\u00e3o Paulo\"}]},{\"@type\":\"WebSite\",\"@id\":\"https:\/\/portaldoestado.com.br\/#website\",\"url\":\"https:\/\/portaldoestado.com.br\/\",\"name\":\"Portal do Estado\",\"description\":\"\",\"publisher\":{\"@id\":\"https:\/\/portaldoestado.com.br\/#organization\"},\"potentialAction\":[{\"@type\":\"SearchAction\",\"target\":{\"@type\":\"EntryPoint\",\"urlTemplate\":\"https:\/\/portaldoestado.com.br\/?s={search_term_string}\"},\"query-input\":{\"@type\":\"PropertyValueSpecification\",\"valueRequired\":true,\"valueName\":\"search_term_string\"}}],\"inLanguage\":\"pt-BR\"},{\"@type\":\"Organization\",\"@id\":\"https:\/\/portaldoestado.com.br\/#organization\",\"name\":\"Portal do Estado\",\"url\":\"https:\/\/portaldoestado.com.br\/\",\"logo\":{\"@type\":\"ImageObject\",\"inLanguage\":\"pt-BR\",\"@id\":\"https:\/\/portaldoestado.com.br\/#\/schema\/logo\/image\/\",\"url\":\"https:\/\/portaldoestado.com.br\/wp-content\/uploads\/2025\/04\/cropped-6f69b19a-6472-43bf-b1b3-e1910bbbd4e8.png\",\"contentUrl\":\"https:\/\/portaldoestado.com.br\/wp-content\/uploads\/2025\/04\/cropped-6f69b19a-6472-43bf-b1b3-e1910bbbd4e8.png\",\"width\":1024,\"height\":350,\"caption\":\"Portal do Estado\"},\"image\":{\"@id\":\"https:\/\/portaldoestado.com.br\/#\/schema\/logo\/image\/\"}},{\"@type\":\"Person\",\"@id\":\"https:\/\/portaldoestado.com.br\/#\/schema\/person\/5ca0174f3c8c84b59da62ea14b698cb9\",\"name\":\"assessoriadefamosos\",\"image\":{\"@type\":\"ImageObject\",\"inLanguage\":\"pt-BR\",\"@id\":\"https:\/\/portaldoestado.com.br\/#\/schema\/person\/image\/\",\"url\":\"https:\/\/secure.gravatar.com\/avatar\/a7acbdffcfbbae7240e59f47fe511ec5f5d8c252c779f0b8d9ab02a9e1d8c5ed?s=96&d=mm&r=g\",\"contentUrl\":\"https:\/\/secure.gravatar.com\/avatar\/a7acbdffcfbbae7240e59f47fe511ec5f5d8c252c779f0b8d9ab02a9e1d8c5ed?s=96&d=mm&r=g\",\"caption\":\"assessoriadefamosos\"},\"url\":\"https:\/\/portaldoestado.com.br\/index.php\/author\/assessoriadefamosos\/\"}]}<\/script>\n<!-- \/ Yoast SEO plugin. -->","yoast_head_json":{"title":"C\u00e3o de assist\u00eancia transforma rotina de estudante com autismo no interior de S\u00e3o Paulo - Portal do Estado","robots":{"index":"index","follow":"follow","max-snippet":"max-snippet:-1","max-image-preview":"max-image-preview:large","max-video-preview":"max-video-preview:-1"},"canonical":"https:\/\/portaldoestado.com.br\/index.php\/2026\/04\/27\/cao-de-assistencia-transforma-rotina-de-estudante-com-autismo-no-interior-de-sao-paulo\/","og_locale":"pt_BR","og_type":"article","og_title":"C\u00e3o de assist\u00eancia transforma rotina de estudante com autismo no interior de S\u00e3o Paulo - Portal do Estado","og_description":"Uma estudante universit\u00e1ria com Transtorno do Espectro Autista (TEA) encontrou em um c\u00e3o de assist\u00eancia uma mudan\u00e7a significativa na rotina e na socializa\u00e7\u00e3o. O caso aconteceu em Sorocaba, no interior de S\u00e3o Paulo, e envolve o programa do Instituto Adimax, que j\u00e1 beneficiou mais de 30 pessoas com autismo. A hist\u00f3ria ganhou destaque por mostrar, \u2026","og_url":"https:\/\/portaldoestado.com.br\/index.php\/2026\/04\/27\/cao-de-assistencia-transforma-rotina-de-estudante-com-autismo-no-interior-de-sao-paulo\/","og_site_name":"Portal do Estado","article_published_time":"2026-04-27T18:29:57+00:00","og_image":[{"width":1024,"height":819,"url":"https:\/\/portaldoestado.com.br\/wp-content\/uploads\/2026\/04\/cao-assistencia-autismo-sorocaba-instituto-adimax-1-1024x819.png","type":"image\/png"}],"author":"assessoriadefamosos","twitter_card":"summary_large_image","twitter_misc":{"Escrito por":"assessoriadefamosos","Est. tempo de leitura":"3 minutos"},"schema":{"@context":"https:\/\/schema.org","@graph":[{"@type":"Article","@id":"https:\/\/portaldoestado.com.br\/index.php\/2026\/04\/27\/cao-de-assistencia-transforma-rotina-de-estudante-com-autismo-no-interior-de-sao-paulo\/#article","isPartOf":{"@id":"https:\/\/portaldoestado.com.br\/index.php\/2026\/04\/27\/cao-de-assistencia-transforma-rotina-de-estudante-com-autismo-no-interior-de-sao-paulo\/"},"author":{"name":"assessoriadefamosos","@id":"https:\/\/portaldoestado.com.br\/#\/schema\/person\/5ca0174f3c8c84b59da62ea14b698cb9"},"headline":"C\u00e3o de assist\u00eancia transforma rotina de estudante com autismo no interior de S\u00e3o Paulo","datePublished":"2026-04-27T18:29:57+00:00","mainEntityOfPage":{"@id":"https:\/\/portaldoestado.com.br\/index.php\/2026\/04\/27\/cao-de-assistencia-transforma-rotina-de-estudante-com-autismo-no-interior-de-sao-paulo\/"},"wordCount":576,"publisher":{"@id":"https:\/\/portaldoestado.com.br\/#organization"},"image":{"@id":"https:\/\/portaldoestado.com.br\/index.php\/2026\/04\/27\/cao-de-assistencia-transforma-rotina-de-estudante-com-autismo-no-interior-de-sao-paulo\/#primaryimage"},"thumbnailUrl":"https:\/\/portaldoestado.com.br\/wp-content\/uploads\/2026\/04\/cao-assistencia-autismo-sorocaba-instituto-adimax-1.png","articleSection":["Geral"],"inLanguage":"pt-BR"},{"@type":"WebPage","@id":"https:\/\/portaldoestado.com.br\/index.php\/2026\/04\/27\/cao-de-assistencia-transforma-rotina-de-estudante-com-autismo-no-interior-de-sao-paulo\/","url":"https:\/\/portaldoestado.com.br\/index.php\/2026\/04\/27\/cao-de-assistencia-transforma-rotina-de-estudante-com-autismo-no-interior-de-sao-paulo\/","name":"C\u00e3o de assist\u00eancia transforma rotina de estudante com autismo no interior de S\u00e3o Paulo - Portal do Estado","isPartOf":{"@id":"https:\/\/portaldoestado.com.br\/#website"},"primaryImageOfPage":{"@id":"https:\/\/portaldoestado.com.br\/index.php\/2026\/04\/27\/cao-de-assistencia-transforma-rotina-de-estudante-com-autismo-no-interior-de-sao-paulo\/#primaryimage"},"image":{"@id":"https:\/\/portaldoestado.com.br\/index.php\/2026\/04\/27\/cao-de-assistencia-transforma-rotina-de-estudante-com-autismo-no-interior-de-sao-paulo\/#primaryimage"},"thumbnailUrl":"https:\/\/portaldoestado.com.br\/wp-content\/uploads\/2026\/04\/cao-assistencia-autismo-sorocaba-instituto-adimax-1.png","datePublished":"2026-04-27T18:29:57+00:00","breadcrumb":{"@id":"https:\/\/portaldoestado.com.br\/index.php\/2026\/04\/27\/cao-de-assistencia-transforma-rotina-de-estudante-com-autismo-no-interior-de-sao-paulo\/#breadcrumb"},"inLanguage":"pt-BR","potentialAction":[{"@type":"ReadAction","target":["https:\/\/portaldoestado.com.br\/index.php\/2026\/04\/27\/cao-de-assistencia-transforma-rotina-de-estudante-com-autismo-no-interior-de-sao-paulo\/"]}]},{"@type":"ImageObject","inLanguage":"pt-BR","@id":"https:\/\/portaldoestado.com.br\/index.php\/2026\/04\/27\/cao-de-assistencia-transforma-rotina-de-estudante-com-autismo-no-interior-de-sao-paulo\/#primaryimage","url":"https:\/\/portaldoestado.com.br\/wp-content\/uploads\/2026\/04\/cao-assistencia-autismo-sorocaba-instituto-adimax-1.png","contentUrl":"https:\/\/portaldoestado.com.br\/wp-content\/uploads\/2026\/04\/cao-assistencia-autismo-sorocaba-instituto-adimax-1.png","width":1402,"height":1122},{"@type":"BreadcrumbList","@id":"https:\/\/portaldoestado.com.br\/index.php\/2026\/04\/27\/cao-de-assistencia-transforma-rotina-de-estudante-com-autismo-no-interior-de-sao-paulo\/#breadcrumb","itemListElement":[{"@type":"ListItem","position":1,"name":"In\u00edcio","item":"https:\/\/portaldoestado.com.br\/"},{"@type":"ListItem","position":2,"name":"C\u00e3o de assist\u00eancia transforma rotina de estudante com autismo no interior de S\u00e3o Paulo"}]},{"@type":"WebSite","@id":"https:\/\/portaldoestado.com.br\/#website","url":"https:\/\/portaldoestado.com.br\/","name":"Portal do Estado","description":"","publisher":{"@id":"https:\/\/portaldoestado.com.br\/#organization"},"potentialAction":[{"@type":"SearchAction","target":{"@type":"EntryPoint","urlTemplate":"https:\/\/portaldoestado.com.br\/?s={search_term_string}"},"query-input":{"@type":"PropertyValueSpecification","valueRequired":true,"valueName":"search_term_string"}}],"inLanguage":"pt-BR"},{"@type":"Organization","@id":"https:\/\/portaldoestado.com.br\/#organization","name":"Portal do Estado","url":"https:\/\/portaldoestado.com.br\/","logo":{"@type":"ImageObject","inLanguage":"pt-BR","@id":"https:\/\/portaldoestado.com.br\/#\/schema\/logo\/image\/","url":"https:\/\/portaldoestado.com.br\/wp-content\/uploads\/2025\/04\/cropped-6f69b19a-6472-43bf-b1b3-e1910bbbd4e8.png","contentUrl":"https:\/\/portaldoestado.com.br\/wp-content\/uploads\/2025\/04\/cropped-6f69b19a-6472-43bf-b1b3-e1910bbbd4e8.png","width":1024,"height":350,"caption":"Portal do Estado"},"image":{"@id":"https:\/\/portaldoestado.com.br\/#\/schema\/logo\/image\/"}},{"@type":"Person","@id":"https:\/\/portaldoestado.com.br\/#\/schema\/person\/5ca0174f3c8c84b59da62ea14b698cb9","name":"assessoriadefamosos","image":{"@type":"ImageObject","inLanguage":"pt-BR","@id":"https:\/\/portaldoestado.com.br\/#\/schema\/person\/image\/","url":"https:\/\/secure.gravatar.com\/avatar\/a7acbdffcfbbae7240e59f47fe511ec5f5d8c252c779f0b8d9ab02a9e1d8c5ed?s=96&d=mm&r=g","contentUrl":"https:\/\/secure.gravatar.com\/avatar\/a7acbdffcfbbae7240e59f47fe511ec5f5d8c252c779f0b8d9ab02a9e1d8c5ed?s=96&d=mm&r=g","caption":"assessoriadefamosos"},"url":"https:\/\/portaldoestado.com.br\/index.php\/author\/assessoriadefamosos\/"}]}},"jetpack_featured_media_url":"https:\/\/portaldoestado.com.br\/wp-content\/uploads\/2026\/04\/cao-assistencia-autismo-sorocaba-instituto-adimax-1.png","_links":{"self":[{"href":"https:\/\/portaldoestado.com.br\/index.php\/wp-json\/wp\/v2\/posts\/8701","targetHints":{"allow":["GET"]}}],"collection":[{"href":"https:\/\/portaldoestado.com.br\/index.php\/wp-json\/wp\/v2\/posts"}],"about":[{"href":"https:\/\/portaldoestado.com.br\/index.php\/wp-json\/wp\/v2\/types\/post"}],"author":[{"embeddable":true,"href":"https:\/\/portaldoestado.com.br\/index.php\/wp-json\/wp\/v2\/users\/2"}],"replies":[{"embeddable":true,"href":"https:\/\/portaldoestado.com.br\/index.php\/wp-json\/wp\/v2\/comments?post=8701"}],"version-history":[{"count":1,"href":"https:\/\/portaldoestado.com.br\/index.php\/wp-json\/wp\/v2\/posts\/8701\/revisions"}],"predecessor-version":[{"id":8702,"href":"https:\/\/portaldoestado.com.br\/index.php\/wp-json\/wp\/v2\/posts\/8701\/revisions\/8702"}],"wp:featuredmedia":[{"embeddable":true,"href":"https:\/\/portaldoestado.com.br\/index.php\/wp-json\/wp\/v2\/media\/8700"}],"wp:attachment":[{"href":"https:\/\/portaldoestado.com.br\/index.php\/wp-json\/wp\/v2\/media?parent=8701"}],"wp:term":[{"taxonomy":"category","embeddable":true,"href":"https:\/\/portaldoestado.com.br\/index.php\/wp-json\/wp\/v2\/categories?post=8701"},{"taxonomy":"post_tag","embeddable":true,"href":"https:\/\/portaldoestado.com.br\/index.php\/wp-json\/wp\/v2\/tags?post=8701"}],"curies":[{"name":"wp","href":"https:\/\/api.w.org\/{rel}","templated":true}]}}