{"id":8698,"date":"2026-04-27T15:12:56","date_gmt":"2026-04-27T15:12:56","guid":{"rendered":"https:\/\/portaldoestado.com.br\/?p=8698"},"modified":"2026-04-27T15:12:56","modified_gmt":"2026-04-27T15:12:56","slug":"pablo-esgota-shows-em-sao-paulo-e-rio-e-celebra-nova-fase-com-o-album-o-amor-e-brega","status":"publish","type":"post","link":"https:\/\/portaldoestado.com.br\/index.php\/2026\/04\/27\/pablo-esgota-shows-em-sao-paulo-e-rio-e-celebra-nova-fase-com-o-album-o-amor-e-brega\/","title":{"rendered":"Pablo esgota shows em S\u00e3o Paulo e Rio e celebra nova fase com o \u00e1lbum \u201cO Amor \u00e9 Brega\u201d"},"content":{"rendered":"\n<p>O cantor Pablo protagonizou uma sequ\u00eancia hist\u00f3rica de apresenta\u00e7\u00f5es entre os dias 18 e 23 de abril, passando por S\u00e3o Paulo e Rio de Janeiro com ingressos esgotados em todas as casas de shows. O feito fortalece o artista baiano, que vive uma fase de enorme sucesso e tem repetido o mesmo cen\u00e1rio por onde passa: casas lotadas e ingressos esgotados em diversas cidades do pa\u00eds.<\/p>\n\n\n\n<p>Pablo subiu aos palcos em uma s\u00e9rie especial de apresenta\u00e7\u00f5es que ganharam ainda mais significado por marcarem o momento atual de sua carreira: o lan\u00e7amento do \u00e1lbum \u201cO Amor \u00e9 Brega\u201d. O projeto traduz, com autenticidade, a ess\u00eancia do artista, uma mistura intensa de romantismo, dor de cotovelo e melodias que atravessam gera\u00e7\u00f5es.<\/p>\n\n\n\n<p>Nos shows, o p\u00fablico acompanhou em coro grandes sucessos que consolidaram Pablo como um dos principais nomes do arrocha, al\u00e9m de receber com entusiasmo as novas faixas do \u00e1lbum. Com uma entrega total, com plateias conectadas do in\u00edcio ao fim, transformando cada apresenta\u00e7\u00e3o em um verdadeiro espet\u00e1culo de emo\u00e7\u00f5es.<\/p>\n\n\n\n<p>Vivendo uma fase de renova\u00e7\u00e3o art\u00edstica e alta demanda do p\u00fablico, Pablo reafirma com \u201cO Amor \u00e9 Brega\u201d sua identidade e relev\u00e2ncia no cen\u00e1rio musical brasileiro, provando que o sentimento, quando cantado com verdade, continua sendo seu maior sucesso.<\/p>\n\n\n\n<p><\/p>\n","protected":false},"excerpt":{"rendered":"<p>O cantor Pablo protagonizou uma sequ\u00eancia hist\u00f3rica de apresenta\u00e7\u00f5es entre os dias 18 e 23 de abril, passando por S\u00e3o Paulo e Rio de Janeiro com ingressos esgotados em todas as casas de shows. O feito fortalece o artista baiano, que vive uma fase de enorme sucesso e tem repetido o mesmo cen\u00e1rio por onde \u2026<\/p>\n","protected":false},"author":2,"featured_media":8697,"comment_status":"closed","ping_status":"open","sticky":false,"template":"","format":"standard","meta":{"footnotes":""},"categories":[4],"tags":[],"class_list":["post-8698","post","type-post","status-publish","format-standard","has-post-thumbnail","hentry","category-geral"],"yoast_head":"<!-- This site is optimized with the Yoast SEO plugin v25.5 - https:\/\/yoast.com\/wordpress\/plugins\/seo\/ -->\n<title>Pablo esgota shows em S\u00e3o Paulo e Rio e celebra nova fase com o \u00e1lbum \u201cO Amor \u00e9 Brega\u201d - Portal do Estado<\/title>\n<meta name=\"robots\" content=\"index, follow, max-snippet:-1, max-image-preview:large, max-video-preview:-1\" \/>\n<link rel=\"canonical\" href=\"https:\/\/portaldoestado.com.br\/index.php\/2026\/04\/27\/pablo-esgota-shows-em-sao-paulo-e-rio-e-celebra-nova-fase-com-o-album-o-amor-e-brega\/\" \/>\n<meta property=\"og:locale\" content=\"pt_BR\" \/>\n<meta property=\"og:type\" content=\"article\" \/>\n<meta property=\"og:title\" content=\"Pablo esgota shows em S\u00e3o Paulo e Rio e celebra nova fase com o \u00e1lbum \u201cO Amor \u00e9 Brega\u201d - Portal do Estado\" \/>\n<meta property=\"og:description\" content=\"O cantor Pablo protagonizou uma sequ\u00eancia hist\u00f3rica de apresenta\u00e7\u00f5es entre os dias 18 e 23 de abril, passando por S\u00e3o Paulo e Rio de Janeiro com ingressos esgotados em todas as casas de shows. O feito fortalece o artista baiano, que vive uma fase de enorme sucesso e tem repetido o mesmo cen\u00e1rio por onde \u2026\" \/>\n<meta property=\"og:url\" content=\"https:\/\/portaldoestado.com.br\/index.php\/2026\/04\/27\/pablo-esgota-shows-em-sao-paulo-e-rio-e-celebra-nova-fase-com-o-album-o-amor-e-brega\/\" \/>\n<meta property=\"og:site_name\" content=\"Portal do Estado\" \/>\n<meta property=\"article:published_time\" content=\"2026-04-27T15:12:56+00:00\" \/>\n<meta property=\"og:image\" content=\"https:\/\/portaldoestado.com.br\/wp-content\/uploads\/2026\/04\/DSC2262-scaled-1.jpg\" \/>\n\t<meta property=\"og:image:width\" content=\"2560\" \/>\n\t<meta property=\"og:image:height\" content=\"1707\" \/>\n\t<meta property=\"og:image:type\" content=\"image\/jpeg\" \/>\n<meta name=\"author\" content=\"assessoriadefamosos\" \/>\n<meta name=\"twitter:card\" content=\"summary_large_image\" \/>\n<meta name=\"twitter:label1\" content=\"Escrito por\" \/>\n\t<meta name=\"twitter:data1\" content=\"assessoriadefamosos\" \/>\n\t<meta name=\"twitter:label2\" content=\"Est. tempo de leitura\" \/>\n\t<meta name=\"twitter:data2\" content=\"1 minuto\" \/>\n<script type=\"application\/ld+json\" class=\"yoast-schema-graph\">{\"@context\":\"https:\/\/schema.org\",\"@graph\":[{\"@type\":\"Article\",\"@id\":\"https:\/\/portaldoestado.com.br\/index.php\/2026\/04\/27\/pablo-esgota-shows-em-sao-paulo-e-rio-e-celebra-nova-fase-com-o-album-o-amor-e-brega\/#article\",\"isPartOf\":{\"@id\":\"https:\/\/portaldoestado.com.br\/index.php\/2026\/04\/27\/pablo-esgota-shows-em-sao-paulo-e-rio-e-celebra-nova-fase-com-o-album-o-amor-e-brega\/\"},\"author\":{\"name\":\"assessoriadefamosos\",\"@id\":\"https:\/\/portaldoestado.com.br\/#\/schema\/person\/5ca0174f3c8c84b59da62ea14b698cb9\"},\"headline\":\"Pablo esgota shows em S\u00e3o Paulo e Rio e celebra nova fase com o \u00e1lbum \u201cO Amor \u00e9 Brega\u201d\",\"datePublished\":\"2026-04-27T15:12:56+00:00\",\"mainEntityOfPage\":{\"@id\":\"https:\/\/portaldoestado.com.br\/index.php\/2026\/04\/27\/pablo-esgota-shows-em-sao-paulo-e-rio-e-celebra-nova-fase-com-o-album-o-amor-e-brega\/\"},\"wordCount\":244,\"publisher\":{\"@id\":\"https:\/\/portaldoestado.com.br\/#organization\"},\"image\":{\"@id\":\"https:\/\/portaldoestado.com.br\/index.php\/2026\/04\/27\/pablo-esgota-shows-em-sao-paulo-e-rio-e-celebra-nova-fase-com-o-album-o-amor-e-brega\/#primaryimage\"},\"thumbnailUrl\":\"https:\/\/portaldoestado.com.br\/wp-content\/uploads\/2026\/04\/DSC2262-scaled-1.jpg\",\"articleSection\":[\"Geral\"],\"inLanguage\":\"pt-BR\"},{\"@type\":\"WebPage\",\"@id\":\"https:\/\/portaldoestado.com.br\/index.php\/2026\/04\/27\/pablo-esgota-shows-em-sao-paulo-e-rio-e-celebra-nova-fase-com-o-album-o-amor-e-brega\/\",\"url\":\"https:\/\/portaldoestado.com.br\/index.php\/2026\/04\/27\/pablo-esgota-shows-em-sao-paulo-e-rio-e-celebra-nova-fase-com-o-album-o-amor-e-brega\/\",\"name\":\"Pablo esgota shows em S\u00e3o Paulo e Rio e celebra nova fase com o \u00e1lbum \u201cO Amor \u00e9 Brega\u201d - Portal do Estado\",\"isPartOf\":{\"@id\":\"https:\/\/portaldoestado.com.br\/#website\"},\"primaryImageOfPage\":{\"@id\":\"https:\/\/portaldoestado.com.br\/index.php\/2026\/04\/27\/pablo-esgota-shows-em-sao-paulo-e-rio-e-celebra-nova-fase-com-o-album-o-amor-e-brega\/#primaryimage\"},\"image\":{\"@id\":\"https:\/\/portaldoestado.com.br\/index.php\/2026\/04\/27\/pablo-esgota-shows-em-sao-paulo-e-rio-e-celebra-nova-fase-com-o-album-o-amor-e-brega\/#primaryimage\"},\"thumbnailUrl\":\"https:\/\/portaldoestado.com.br\/wp-content\/uploads\/2026\/04\/DSC2262-scaled-1.jpg\",\"datePublished\":\"2026-04-27T15:12:56+00:00\",\"breadcrumb\":{\"@id\":\"https:\/\/portaldoestado.com.br\/index.php\/2026\/04\/27\/pablo-esgota-shows-em-sao-paulo-e-rio-e-celebra-nova-fase-com-o-album-o-amor-e-brega\/#breadcrumb\"},\"inLanguage\":\"pt-BR\",\"potentialAction\":[{\"@type\":\"ReadAction\",\"target\":[\"https:\/\/portaldoestado.com.br\/index.php\/2026\/04\/27\/pablo-esgota-shows-em-sao-paulo-e-rio-e-celebra-nova-fase-com-o-album-o-amor-e-brega\/\"]}]},{\"@type\":\"ImageObject\",\"inLanguage\":\"pt-BR\",\"@id\":\"https:\/\/portaldoestado.com.br\/index.php\/2026\/04\/27\/pablo-esgota-shows-em-sao-paulo-e-rio-e-celebra-nova-fase-com-o-album-o-amor-e-brega\/#primaryimage\",\"url\":\"https:\/\/portaldoestado.com.br\/wp-content\/uploads\/2026\/04\/DSC2262-scaled-1.jpg\",\"contentUrl\":\"https:\/\/portaldoestado.com.br\/wp-content\/uploads\/2026\/04\/DSC2262-scaled-1.jpg\",\"width\":2560,\"height\":1707},{\"@type\":\"BreadcrumbList\",\"@id\":\"https:\/\/portaldoestado.com.br\/index.php\/2026\/04\/27\/pablo-esgota-shows-em-sao-paulo-e-rio-e-celebra-nova-fase-com-o-album-o-amor-e-brega\/#breadcrumb\",\"itemListElement\":[{\"@type\":\"ListItem\",\"position\":1,\"name\":\"In\u00edcio\",\"item\":\"https:\/\/portaldoestado.com.br\/\"},{\"@type\":\"ListItem\",\"position\":2,\"name\":\"Pablo esgota shows em S\u00e3o Paulo e Rio e celebra nova fase com o \u00e1lbum \u201cO Amor \u00e9 Brega\u201d\"}]},{\"@type\":\"WebSite\",\"@id\":\"https:\/\/portaldoestado.com.br\/#website\",\"url\":\"https:\/\/portaldoestado.com.br\/\",\"name\":\"Portal do Estado\",\"description\":\"\",\"publisher\":{\"@id\":\"https:\/\/portaldoestado.com.br\/#organization\"},\"potentialAction\":[{\"@type\":\"SearchAction\",\"target\":{\"@type\":\"EntryPoint\",\"urlTemplate\":\"https:\/\/portaldoestado.com.br\/?s={search_term_string}\"},\"query-input\":{\"@type\":\"PropertyValueSpecification\",\"valueRequired\":true,\"valueName\":\"search_term_string\"}}],\"inLanguage\":\"pt-BR\"},{\"@type\":\"Organization\",\"@id\":\"https:\/\/portaldoestado.com.br\/#organization\",\"name\":\"Portal do Estado\",\"url\":\"https:\/\/portaldoestado.com.br\/\",\"logo\":{\"@type\":\"ImageObject\",\"inLanguage\":\"pt-BR\",\"@id\":\"https:\/\/portaldoestado.com.br\/#\/schema\/logo\/image\/\",\"url\":\"https:\/\/portaldoestado.com.br\/wp-content\/uploads\/2025\/04\/cropped-6f69b19a-6472-43bf-b1b3-e1910bbbd4e8.png\",\"contentUrl\":\"https:\/\/portaldoestado.com.br\/wp-content\/uploads\/2025\/04\/cropped-6f69b19a-6472-43bf-b1b3-e1910bbbd4e8.png\",\"width\":1024,\"height\":350,\"caption\":\"Portal do Estado\"},\"image\":{\"@id\":\"https:\/\/portaldoestado.com.br\/#\/schema\/logo\/image\/\"}},{\"@type\":\"Person\",\"@id\":\"https:\/\/portaldoestado.com.br\/#\/schema\/person\/5ca0174f3c8c84b59da62ea14b698cb9\",\"name\":\"assessoriadefamosos\",\"image\":{\"@type\":\"ImageObject\",\"inLanguage\":\"pt-BR\",\"@id\":\"https:\/\/portaldoestado.com.br\/#\/schema\/person\/image\/\",\"url\":\"https:\/\/secure.gravatar.com\/avatar\/a7acbdffcfbbae7240e59f47fe511ec5f5d8c252c779f0b8d9ab02a9e1d8c5ed?s=96&d=mm&r=g\",\"contentUrl\":\"https:\/\/secure.gravatar.com\/avatar\/a7acbdffcfbbae7240e59f47fe511ec5f5d8c252c779f0b8d9ab02a9e1d8c5ed?s=96&d=mm&r=g\",\"caption\":\"assessoriadefamosos\"},\"url\":\"https:\/\/portaldoestado.com.br\/index.php\/author\/assessoriadefamosos\/\"}]}<\/script>\n<!-- \/ Yoast SEO plugin. -->","yoast_head_json":{"title":"Pablo esgota shows em S\u00e3o Paulo e Rio e celebra nova fase com o \u00e1lbum \u201cO Amor \u00e9 Brega\u201d - Portal do Estado","robots":{"index":"index","follow":"follow","max-snippet":"max-snippet:-1","max-image-preview":"max-image-preview:large","max-video-preview":"max-video-preview:-1"},"canonical":"https:\/\/portaldoestado.com.br\/index.php\/2026\/04\/27\/pablo-esgota-shows-em-sao-paulo-e-rio-e-celebra-nova-fase-com-o-album-o-amor-e-brega\/","og_locale":"pt_BR","og_type":"article","og_title":"Pablo esgota shows em S\u00e3o Paulo e Rio e celebra nova fase com o \u00e1lbum \u201cO Amor \u00e9 Brega\u201d - Portal do Estado","og_description":"O cantor Pablo protagonizou uma sequ\u00eancia hist\u00f3rica de apresenta\u00e7\u00f5es entre os dias 18 e 23 de abril, passando por S\u00e3o Paulo e Rio de Janeiro com ingressos esgotados em todas as casas de shows. O feito fortalece o artista baiano, que vive uma fase de enorme sucesso e tem repetido o mesmo cen\u00e1rio por onde \u2026","og_url":"https:\/\/portaldoestado.com.br\/index.php\/2026\/04\/27\/pablo-esgota-shows-em-sao-paulo-e-rio-e-celebra-nova-fase-com-o-album-o-amor-e-brega\/","og_site_name":"Portal do Estado","article_published_time":"2026-04-27T15:12:56+00:00","og_image":[{"width":2560,"height":1707,"url":"https:\/\/portaldoestado.com.br\/wp-content\/uploads\/2026\/04\/DSC2262-scaled-1.jpg","type":"image\/jpeg"}],"author":"assessoriadefamosos","twitter_card":"summary_large_image","twitter_misc":{"Escrito por":"assessoriadefamosos","Est. tempo de leitura":"1 minuto"},"schema":{"@context":"https:\/\/schema.org","@graph":[{"@type":"Article","@id":"https:\/\/portaldoestado.com.br\/index.php\/2026\/04\/27\/pablo-esgota-shows-em-sao-paulo-e-rio-e-celebra-nova-fase-com-o-album-o-amor-e-brega\/#article","isPartOf":{"@id":"https:\/\/portaldoestado.com.br\/index.php\/2026\/04\/27\/pablo-esgota-shows-em-sao-paulo-e-rio-e-celebra-nova-fase-com-o-album-o-amor-e-brega\/"},"author":{"name":"assessoriadefamosos","@id":"https:\/\/portaldoestado.com.br\/#\/schema\/person\/5ca0174f3c8c84b59da62ea14b698cb9"},"headline":"Pablo esgota shows em S\u00e3o Paulo e Rio e celebra nova fase com o \u00e1lbum \u201cO Amor \u00e9 Brega\u201d","datePublished":"2026-04-27T15:12:56+00:00","mainEntityOfPage":{"@id":"https:\/\/portaldoestado.com.br\/index.php\/2026\/04\/27\/pablo-esgota-shows-em-sao-paulo-e-rio-e-celebra-nova-fase-com-o-album-o-amor-e-brega\/"},"wordCount":244,"publisher":{"@id":"https:\/\/portaldoestado.com.br\/#organization"},"image":{"@id":"https:\/\/portaldoestado.com.br\/index.php\/2026\/04\/27\/pablo-esgota-shows-em-sao-paulo-e-rio-e-celebra-nova-fase-com-o-album-o-amor-e-brega\/#primaryimage"},"thumbnailUrl":"https:\/\/portaldoestado.com.br\/wp-content\/uploads\/2026\/04\/DSC2262-scaled-1.jpg","articleSection":["Geral"],"inLanguage":"pt-BR"},{"@type":"WebPage","@id":"https:\/\/portaldoestado.com.br\/index.php\/2026\/04\/27\/pablo-esgota-shows-em-sao-paulo-e-rio-e-celebra-nova-fase-com-o-album-o-amor-e-brega\/","url":"https:\/\/portaldoestado.com.br\/index.php\/2026\/04\/27\/pablo-esgota-shows-em-sao-paulo-e-rio-e-celebra-nova-fase-com-o-album-o-amor-e-brega\/","name":"Pablo esgota shows em S\u00e3o Paulo e Rio e celebra nova fase com o \u00e1lbum \u201cO Amor \u00e9 Brega\u201d - Portal do Estado","isPartOf":{"@id":"https:\/\/portaldoestado.com.br\/#website"},"primaryImageOfPage":{"@id":"https:\/\/portaldoestado.com.br\/index.php\/2026\/04\/27\/pablo-esgota-shows-em-sao-paulo-e-rio-e-celebra-nova-fase-com-o-album-o-amor-e-brega\/#primaryimage"},"image":{"@id":"https:\/\/portaldoestado.com.br\/index.php\/2026\/04\/27\/pablo-esgota-shows-em-sao-paulo-e-rio-e-celebra-nova-fase-com-o-album-o-amor-e-brega\/#primaryimage"},"thumbnailUrl":"https:\/\/portaldoestado.com.br\/wp-content\/uploads\/2026\/04\/DSC2262-scaled-1.jpg","datePublished":"2026-04-27T15:12:56+00:00","breadcrumb":{"@id":"https:\/\/portaldoestado.com.br\/index.php\/2026\/04\/27\/pablo-esgota-shows-em-sao-paulo-e-rio-e-celebra-nova-fase-com-o-album-o-amor-e-brega\/#breadcrumb"},"inLanguage":"pt-BR","potentialAction":[{"@type":"ReadAction","target":["https:\/\/portaldoestado.com.br\/index.php\/2026\/04\/27\/pablo-esgota-shows-em-sao-paulo-e-rio-e-celebra-nova-fase-com-o-album-o-amor-e-brega\/"]}]},{"@type":"ImageObject","inLanguage":"pt-BR","@id":"https:\/\/portaldoestado.com.br\/index.php\/2026\/04\/27\/pablo-esgota-shows-em-sao-paulo-e-rio-e-celebra-nova-fase-com-o-album-o-amor-e-brega\/#primaryimage","url":"https:\/\/portaldoestado.com.br\/wp-content\/uploads\/2026\/04\/DSC2262-scaled-1.jpg","contentUrl":"https:\/\/portaldoestado.com.br\/wp-content\/uploads\/2026\/04\/DSC2262-scaled-1.jpg","width":2560,"height":1707},{"@type":"BreadcrumbList","@id":"https:\/\/portaldoestado.com.br\/index.php\/2026\/04\/27\/pablo-esgota-shows-em-sao-paulo-e-rio-e-celebra-nova-fase-com-o-album-o-amor-e-brega\/#breadcrumb","itemListElement":[{"@type":"ListItem","position":1,"name":"In\u00edcio","item":"https:\/\/portaldoestado.com.br\/"},{"@type":"ListItem","position":2,"name":"Pablo esgota shows em S\u00e3o Paulo e Rio e celebra nova fase com o \u00e1lbum \u201cO Amor \u00e9 Brega\u201d"}]},{"@type":"WebSite","@id":"https:\/\/portaldoestado.com.br\/#website","url":"https:\/\/portaldoestado.com.br\/","name":"Portal do Estado","description":"","publisher":{"@id":"https:\/\/portaldoestado.com.br\/#organization"},"potentialAction":[{"@type":"SearchAction","target":{"@type":"EntryPoint","urlTemplate":"https:\/\/portaldoestado.com.br\/?s={search_term_string}"},"query-input":{"@type":"PropertyValueSpecification","valueRequired":true,"valueName":"search_term_string"}}],"inLanguage":"pt-BR"},{"@type":"Organization","@id":"https:\/\/portaldoestado.com.br\/#organization","name":"Portal do Estado","url":"https:\/\/portaldoestado.com.br\/","logo":{"@type":"ImageObject","inLanguage":"pt-BR","@id":"https:\/\/portaldoestado.com.br\/#\/schema\/logo\/image\/","url":"https:\/\/portaldoestado.com.br\/wp-content\/uploads\/2025\/04\/cropped-6f69b19a-6472-43bf-b1b3-e1910bbbd4e8.png","contentUrl":"https:\/\/portaldoestado.com.br\/wp-content\/uploads\/2025\/04\/cropped-6f69b19a-6472-43bf-b1b3-e1910bbbd4e8.png","width":1024,"height":350,"caption":"Portal do Estado"},"image":{"@id":"https:\/\/portaldoestado.com.br\/#\/schema\/logo\/image\/"}},{"@type":"Person","@id":"https:\/\/portaldoestado.com.br\/#\/schema\/person\/5ca0174f3c8c84b59da62ea14b698cb9","name":"assessoriadefamosos","image":{"@type":"ImageObject","inLanguage":"pt-BR","@id":"https:\/\/portaldoestado.com.br\/#\/schema\/person\/image\/","url":"https:\/\/secure.gravatar.com\/avatar\/a7acbdffcfbbae7240e59f47fe511ec5f5d8c252c779f0b8d9ab02a9e1d8c5ed?s=96&d=mm&r=g","contentUrl":"https:\/\/secure.gravatar.com\/avatar\/a7acbdffcfbbae7240e59f47fe511ec5f5d8c252c779f0b8d9ab02a9e1d8c5ed?s=96&d=mm&r=g","caption":"assessoriadefamosos"},"url":"https:\/\/portaldoestado.com.br\/index.php\/author\/assessoriadefamosos\/"}]}},"jetpack_featured_media_url":"https:\/\/portaldoestado.com.br\/wp-content\/uploads\/2026\/04\/DSC2262-scaled-1.jpg","_links":{"self":[{"href":"https:\/\/portaldoestado.com.br\/index.php\/wp-json\/wp\/v2\/posts\/8698","targetHints":{"allow":["GET"]}}],"collection":[{"href":"https:\/\/portaldoestado.com.br\/index.php\/wp-json\/wp\/v2\/posts"}],"about":[{"href":"https:\/\/portaldoestado.com.br\/index.php\/wp-json\/wp\/v2\/types\/post"}],"author":[{"embeddable":true,"href":"https:\/\/portaldoestado.com.br\/index.php\/wp-json\/wp\/v2\/users\/2"}],"replies":[{"embeddable":true,"href":"https:\/\/portaldoestado.com.br\/index.php\/wp-json\/wp\/v2\/comments?post=8698"}],"version-history":[{"count":1,"href":"https:\/\/portaldoestado.com.br\/index.php\/wp-json\/wp\/v2\/posts\/8698\/revisions"}],"predecessor-version":[{"id":8699,"href":"https:\/\/portaldoestado.com.br\/index.php\/wp-json\/wp\/v2\/posts\/8698\/revisions\/8699"}],"wp:featuredmedia":[{"embeddable":true,"href":"https:\/\/portaldoestado.com.br\/index.php\/wp-json\/wp\/v2\/media\/8697"}],"wp:attachment":[{"href":"https:\/\/portaldoestado.com.br\/index.php\/wp-json\/wp\/v2\/media?parent=8698"}],"wp:term":[{"taxonomy":"category","embeddable":true,"href":"https:\/\/portaldoestado.com.br\/index.php\/wp-json\/wp\/v2\/categories?post=8698"},{"taxonomy":"post_tag","embeddable":true,"href":"https:\/\/portaldoestado.com.br\/index.php\/wp-json\/wp\/v2\/tags?post=8698"}],"curies":[{"name":"wp","href":"https:\/\/api.w.org\/{rel}","templated":true}]}}