{"id":8680,"date":"2026-04-26T23:44:49","date_gmt":"2026-04-26T23:44:49","guid":{"rendered":"https:\/\/portaldoestado.com.br\/?p=8680"},"modified":"2026-04-26T23:44:49","modified_gmt":"2026-04-26T23:44:49","slug":"bruna-biancardi-emociona-ao-reutilizar-roupinha-de-mavie-em-mel","status":"publish","type":"post","link":"https:\/\/portaldoestado.com.br\/index.php\/2026\/04\/26\/bruna-biancardi-emociona-ao-reutilizar-roupinha-de-mavie-em-mel\/","title":{"rendered":"Bruna Biancardi emociona ao reutilizar roupinha de Mavie em Mel"},"content":{"rendered":"\n<p>A influenciadora Bruna Biancardi compartilhou um momento cheio de significado ao mostrar que reaproveitou uma roupinha da filha mais velha, Mavie, na ca\u00e7ula, Mel.<\/p>\n\n\n\n<p>Nas redes sociais, ela publicou uma montagem comparando duas fases: Mavie ainda beb\u00ea e Mel atualmente, ambas usando o mesmo look. O registro chamou aten\u00e7\u00e3o pela semelhan\u00e7a entre as irm\u00e3s e pelo gesto carregado de afeto.<\/p>\n\n\n\n<p>Filhas de Bruna Biancardi com o jogador Neymar, as meninas protagonizaram um momento que encantou os seguidores.<\/p>\n\n\n\n<p>A influenciadora destacou que guardou a pe\u00e7a com carinho, refor\u00e7ando o valor emocional por tr\u00e1s da escolha, al\u00e9m de mostrar um lado mais simples e afetivo da maternidade.<\/p>\n\n\n\n<p>O post rapidamente repercutiu entre f\u00e3s, que elogiaram a atitude e se emocionaram com a conex\u00e3o entre as irm\u00e3s.<\/p>\n","protected":false},"excerpt":{"rendered":"<p>A influenciadora Bruna Biancardi compartilhou um momento cheio de significado ao mostrar que reaproveitou uma roupinha da filha mais velha, Mavie, na ca\u00e7ula, Mel. Nas redes sociais, ela publicou uma montagem comparando duas fases: Mavie ainda beb\u00ea e Mel atualmente, ambas usando o mesmo look. O registro chamou aten\u00e7\u00e3o pela semelhan\u00e7a entre as irm\u00e3s e \u2026<\/p>\n","protected":false},"author":2,"featured_media":8679,"comment_status":"closed","ping_status":"open","sticky":false,"template":"","format":"standard","meta":{"footnotes":""},"categories":[3],"tags":[],"class_list":["post-8680","post","type-post","status-publish","format-standard","has-post-thumbnail","hentry","category-famosos"],"yoast_head":"<!-- This site is optimized with the Yoast SEO plugin v25.5 - https:\/\/yoast.com\/wordpress\/plugins\/seo\/ -->\n<title>Bruna Biancardi emociona ao reutilizar roupinha de Mavie em Mel - Portal do Estado<\/title>\n<meta name=\"robots\" content=\"index, follow, max-snippet:-1, max-image-preview:large, max-video-preview:-1\" \/>\n<link rel=\"canonical\" href=\"https:\/\/portaldoestado.com.br\/index.php\/2026\/04\/26\/bruna-biancardi-emociona-ao-reutilizar-roupinha-de-mavie-em-mel\/\" \/>\n<meta property=\"og:locale\" content=\"pt_BR\" \/>\n<meta property=\"og:type\" content=\"article\" \/>\n<meta property=\"og:title\" content=\"Bruna Biancardi emociona ao reutilizar roupinha de Mavie em Mel - Portal do Estado\" \/>\n<meta property=\"og:description\" content=\"A influenciadora Bruna Biancardi compartilhou um momento cheio de significado ao mostrar que reaproveitou uma roupinha da filha mais velha, Mavie, na ca\u00e7ula, Mel. Nas redes sociais, ela publicou uma montagem comparando duas fases: Mavie ainda beb\u00ea e Mel atualmente, ambas usando o mesmo look. O registro chamou aten\u00e7\u00e3o pela semelhan\u00e7a entre as irm\u00e3s e \u2026\" \/>\n<meta property=\"og:url\" content=\"https:\/\/portaldoestado.com.br\/index.php\/2026\/04\/26\/bruna-biancardi-emociona-ao-reutilizar-roupinha-de-mavie-em-mel\/\" \/>\n<meta property=\"og:site_name\" content=\"Portal do Estado\" \/>\n<meta property=\"article:published_time\" content=\"2026-04-26T23:44:49+00:00\" \/>\n<meta property=\"og:image\" content=\"https:\/\/portaldoestado.com.br\/wp-content\/uploads\/2026\/04\/bruna-biancardi-com-as-filhas-mavie-e-mel-1773973440378_v2_900x506.jpg.webp\" \/>\n\t<meta property=\"og:image:width\" content=\"900\" \/>\n\t<meta property=\"og:image:height\" content=\"506\" \/>\n\t<meta property=\"og:image:type\" content=\"image\/webp\" \/>\n<meta name=\"author\" content=\"assessoriadefamosos\" \/>\n<meta name=\"twitter:card\" content=\"summary_large_image\" \/>\n<meta name=\"twitter:label1\" content=\"Escrito por\" \/>\n\t<meta name=\"twitter:data1\" content=\"assessoriadefamosos\" \/>\n\t<meta name=\"twitter:label2\" content=\"Est. tempo de leitura\" \/>\n\t<meta name=\"twitter:data2\" content=\"1 minuto\" \/>\n<script type=\"application\/ld+json\" class=\"yoast-schema-graph\">{\"@context\":\"https:\/\/schema.org\",\"@graph\":[{\"@type\":\"Article\",\"@id\":\"https:\/\/portaldoestado.com.br\/index.php\/2026\/04\/26\/bruna-biancardi-emociona-ao-reutilizar-roupinha-de-mavie-em-mel\/#article\",\"isPartOf\":{\"@id\":\"https:\/\/portaldoestado.com.br\/index.php\/2026\/04\/26\/bruna-biancardi-emociona-ao-reutilizar-roupinha-de-mavie-em-mel\/\"},\"author\":{\"name\":\"assessoriadefamosos\",\"@id\":\"https:\/\/portaldoestado.com.br\/#\/schema\/person\/5ca0174f3c8c84b59da62ea14b698cb9\"},\"headline\":\"Bruna Biancardi emociona ao reutilizar roupinha de Mavie em Mel\",\"datePublished\":\"2026-04-26T23:44:49+00:00\",\"mainEntityOfPage\":{\"@id\":\"https:\/\/portaldoestado.com.br\/index.php\/2026\/04\/26\/bruna-biancardi-emociona-ao-reutilizar-roupinha-de-mavie-em-mel\/\"},\"wordCount\":145,\"publisher\":{\"@id\":\"https:\/\/portaldoestado.com.br\/#organization\"},\"image\":{\"@id\":\"https:\/\/portaldoestado.com.br\/index.php\/2026\/04\/26\/bruna-biancardi-emociona-ao-reutilizar-roupinha-de-mavie-em-mel\/#primaryimage\"},\"thumbnailUrl\":\"https:\/\/portaldoestado.com.br\/wp-content\/uploads\/2026\/04\/bruna-biancardi-com-as-filhas-mavie-e-mel-1773973440378_v2_900x506.jpg.webp\",\"articleSection\":[\"Famosos\"],\"inLanguage\":\"pt-BR\"},{\"@type\":\"WebPage\",\"@id\":\"https:\/\/portaldoestado.com.br\/index.php\/2026\/04\/26\/bruna-biancardi-emociona-ao-reutilizar-roupinha-de-mavie-em-mel\/\",\"url\":\"https:\/\/portaldoestado.com.br\/index.php\/2026\/04\/26\/bruna-biancardi-emociona-ao-reutilizar-roupinha-de-mavie-em-mel\/\",\"name\":\"Bruna Biancardi emociona ao reutilizar roupinha de Mavie em Mel - Portal do Estado\",\"isPartOf\":{\"@id\":\"https:\/\/portaldoestado.com.br\/#website\"},\"primaryImageOfPage\":{\"@id\":\"https:\/\/portaldoestado.com.br\/index.php\/2026\/04\/26\/bruna-biancardi-emociona-ao-reutilizar-roupinha-de-mavie-em-mel\/#primaryimage\"},\"image\":{\"@id\":\"https:\/\/portaldoestado.com.br\/index.php\/2026\/04\/26\/bruna-biancardi-emociona-ao-reutilizar-roupinha-de-mavie-em-mel\/#primaryimage\"},\"thumbnailUrl\":\"https:\/\/portaldoestado.com.br\/wp-content\/uploads\/2026\/04\/bruna-biancardi-com-as-filhas-mavie-e-mel-1773973440378_v2_900x506.jpg.webp\",\"datePublished\":\"2026-04-26T23:44:49+00:00\",\"breadcrumb\":{\"@id\":\"https:\/\/portaldoestado.com.br\/index.php\/2026\/04\/26\/bruna-biancardi-emociona-ao-reutilizar-roupinha-de-mavie-em-mel\/#breadcrumb\"},\"inLanguage\":\"pt-BR\",\"potentialAction\":[{\"@type\":\"ReadAction\",\"target\":[\"https:\/\/portaldoestado.com.br\/index.php\/2026\/04\/26\/bruna-biancardi-emociona-ao-reutilizar-roupinha-de-mavie-em-mel\/\"]}]},{\"@type\":\"ImageObject\",\"inLanguage\":\"pt-BR\",\"@id\":\"https:\/\/portaldoestado.com.br\/index.php\/2026\/04\/26\/bruna-biancardi-emociona-ao-reutilizar-roupinha-de-mavie-em-mel\/#primaryimage\",\"url\":\"https:\/\/portaldoestado.com.br\/wp-content\/uploads\/2026\/04\/bruna-biancardi-com-as-filhas-mavie-e-mel-1773973440378_v2_900x506.jpg.webp\",\"contentUrl\":\"https:\/\/portaldoestado.com.br\/wp-content\/uploads\/2026\/04\/bruna-biancardi-com-as-filhas-mavie-e-mel-1773973440378_v2_900x506.jpg.webp\",\"width\":900,\"height\":506},{\"@type\":\"BreadcrumbList\",\"@id\":\"https:\/\/portaldoestado.com.br\/index.php\/2026\/04\/26\/bruna-biancardi-emociona-ao-reutilizar-roupinha-de-mavie-em-mel\/#breadcrumb\",\"itemListElement\":[{\"@type\":\"ListItem\",\"position\":1,\"name\":\"In\u00edcio\",\"item\":\"https:\/\/portaldoestado.com.br\/\"},{\"@type\":\"ListItem\",\"position\":2,\"name\":\"Bruna Biancardi emociona ao reutilizar roupinha de Mavie em Mel\"}]},{\"@type\":\"WebSite\",\"@id\":\"https:\/\/portaldoestado.com.br\/#website\",\"url\":\"https:\/\/portaldoestado.com.br\/\",\"name\":\"Portal do Estado\",\"description\":\"\",\"publisher\":{\"@id\":\"https:\/\/portaldoestado.com.br\/#organization\"},\"potentialAction\":[{\"@type\":\"SearchAction\",\"target\":{\"@type\":\"EntryPoint\",\"urlTemplate\":\"https:\/\/portaldoestado.com.br\/?s={search_term_string}\"},\"query-input\":{\"@type\":\"PropertyValueSpecification\",\"valueRequired\":true,\"valueName\":\"search_term_string\"}}],\"inLanguage\":\"pt-BR\"},{\"@type\":\"Organization\",\"@id\":\"https:\/\/portaldoestado.com.br\/#organization\",\"name\":\"Portal do Estado\",\"url\":\"https:\/\/portaldoestado.com.br\/\",\"logo\":{\"@type\":\"ImageObject\",\"inLanguage\":\"pt-BR\",\"@id\":\"https:\/\/portaldoestado.com.br\/#\/schema\/logo\/image\/\",\"url\":\"https:\/\/portaldoestado.com.br\/wp-content\/uploads\/2025\/04\/cropped-6f69b19a-6472-43bf-b1b3-e1910bbbd4e8.png\",\"contentUrl\":\"https:\/\/portaldoestado.com.br\/wp-content\/uploads\/2025\/04\/cropped-6f69b19a-6472-43bf-b1b3-e1910bbbd4e8.png\",\"width\":1024,\"height\":350,\"caption\":\"Portal do Estado\"},\"image\":{\"@id\":\"https:\/\/portaldoestado.com.br\/#\/schema\/logo\/image\/\"}},{\"@type\":\"Person\",\"@id\":\"https:\/\/portaldoestado.com.br\/#\/schema\/person\/5ca0174f3c8c84b59da62ea14b698cb9\",\"name\":\"assessoriadefamosos\",\"image\":{\"@type\":\"ImageObject\",\"inLanguage\":\"pt-BR\",\"@id\":\"https:\/\/portaldoestado.com.br\/#\/schema\/person\/image\/\",\"url\":\"https:\/\/secure.gravatar.com\/avatar\/a7acbdffcfbbae7240e59f47fe511ec5f5d8c252c779f0b8d9ab02a9e1d8c5ed?s=96&d=mm&r=g\",\"contentUrl\":\"https:\/\/secure.gravatar.com\/avatar\/a7acbdffcfbbae7240e59f47fe511ec5f5d8c252c779f0b8d9ab02a9e1d8c5ed?s=96&d=mm&r=g\",\"caption\":\"assessoriadefamosos\"},\"url\":\"https:\/\/portaldoestado.com.br\/index.php\/author\/assessoriadefamosos\/\"}]}<\/script>\n<!-- \/ Yoast SEO plugin. -->","yoast_head_json":{"title":"Bruna Biancardi emociona ao reutilizar roupinha de Mavie em Mel - Portal do Estado","robots":{"index":"index","follow":"follow","max-snippet":"max-snippet:-1","max-image-preview":"max-image-preview:large","max-video-preview":"max-video-preview:-1"},"canonical":"https:\/\/portaldoestado.com.br\/index.php\/2026\/04\/26\/bruna-biancardi-emociona-ao-reutilizar-roupinha-de-mavie-em-mel\/","og_locale":"pt_BR","og_type":"article","og_title":"Bruna Biancardi emociona ao reutilizar roupinha de Mavie em Mel - Portal do Estado","og_description":"A influenciadora Bruna Biancardi compartilhou um momento cheio de significado ao mostrar que reaproveitou uma roupinha da filha mais velha, Mavie, na ca\u00e7ula, Mel. Nas redes sociais, ela publicou uma montagem comparando duas fases: Mavie ainda beb\u00ea e Mel atualmente, ambas usando o mesmo look. O registro chamou aten\u00e7\u00e3o pela semelhan\u00e7a entre as irm\u00e3s e \u2026","og_url":"https:\/\/portaldoestado.com.br\/index.php\/2026\/04\/26\/bruna-biancardi-emociona-ao-reutilizar-roupinha-de-mavie-em-mel\/","og_site_name":"Portal do Estado","article_published_time":"2026-04-26T23:44:49+00:00","og_image":[{"width":900,"height":506,"url":"https:\/\/portaldoestado.com.br\/wp-content\/uploads\/2026\/04\/bruna-biancardi-com-as-filhas-mavie-e-mel-1773973440378_v2_900x506.jpg.webp","type":"image\/webp"}],"author":"assessoriadefamosos","twitter_card":"summary_large_image","twitter_misc":{"Escrito por":"assessoriadefamosos","Est. tempo de leitura":"1 minuto"},"schema":{"@context":"https:\/\/schema.org","@graph":[{"@type":"Article","@id":"https:\/\/portaldoestado.com.br\/index.php\/2026\/04\/26\/bruna-biancardi-emociona-ao-reutilizar-roupinha-de-mavie-em-mel\/#article","isPartOf":{"@id":"https:\/\/portaldoestado.com.br\/index.php\/2026\/04\/26\/bruna-biancardi-emociona-ao-reutilizar-roupinha-de-mavie-em-mel\/"},"author":{"name":"assessoriadefamosos","@id":"https:\/\/portaldoestado.com.br\/#\/schema\/person\/5ca0174f3c8c84b59da62ea14b698cb9"},"headline":"Bruna Biancardi emociona ao reutilizar roupinha de Mavie em Mel","datePublished":"2026-04-26T23:44:49+00:00","mainEntityOfPage":{"@id":"https:\/\/portaldoestado.com.br\/index.php\/2026\/04\/26\/bruna-biancardi-emociona-ao-reutilizar-roupinha-de-mavie-em-mel\/"},"wordCount":145,"publisher":{"@id":"https:\/\/portaldoestado.com.br\/#organization"},"image":{"@id":"https:\/\/portaldoestado.com.br\/index.php\/2026\/04\/26\/bruna-biancardi-emociona-ao-reutilizar-roupinha-de-mavie-em-mel\/#primaryimage"},"thumbnailUrl":"https:\/\/portaldoestado.com.br\/wp-content\/uploads\/2026\/04\/bruna-biancardi-com-as-filhas-mavie-e-mel-1773973440378_v2_900x506.jpg.webp","articleSection":["Famosos"],"inLanguage":"pt-BR"},{"@type":"WebPage","@id":"https:\/\/portaldoestado.com.br\/index.php\/2026\/04\/26\/bruna-biancardi-emociona-ao-reutilizar-roupinha-de-mavie-em-mel\/","url":"https:\/\/portaldoestado.com.br\/index.php\/2026\/04\/26\/bruna-biancardi-emociona-ao-reutilizar-roupinha-de-mavie-em-mel\/","name":"Bruna Biancardi emociona ao reutilizar roupinha de Mavie em Mel - Portal do Estado","isPartOf":{"@id":"https:\/\/portaldoestado.com.br\/#website"},"primaryImageOfPage":{"@id":"https:\/\/portaldoestado.com.br\/index.php\/2026\/04\/26\/bruna-biancardi-emociona-ao-reutilizar-roupinha-de-mavie-em-mel\/#primaryimage"},"image":{"@id":"https:\/\/portaldoestado.com.br\/index.php\/2026\/04\/26\/bruna-biancardi-emociona-ao-reutilizar-roupinha-de-mavie-em-mel\/#primaryimage"},"thumbnailUrl":"https:\/\/portaldoestado.com.br\/wp-content\/uploads\/2026\/04\/bruna-biancardi-com-as-filhas-mavie-e-mel-1773973440378_v2_900x506.jpg.webp","datePublished":"2026-04-26T23:44:49+00:00","breadcrumb":{"@id":"https:\/\/portaldoestado.com.br\/index.php\/2026\/04\/26\/bruna-biancardi-emociona-ao-reutilizar-roupinha-de-mavie-em-mel\/#breadcrumb"},"inLanguage":"pt-BR","potentialAction":[{"@type":"ReadAction","target":["https:\/\/portaldoestado.com.br\/index.php\/2026\/04\/26\/bruna-biancardi-emociona-ao-reutilizar-roupinha-de-mavie-em-mel\/"]}]},{"@type":"ImageObject","inLanguage":"pt-BR","@id":"https:\/\/portaldoestado.com.br\/index.php\/2026\/04\/26\/bruna-biancardi-emociona-ao-reutilizar-roupinha-de-mavie-em-mel\/#primaryimage","url":"https:\/\/portaldoestado.com.br\/wp-content\/uploads\/2026\/04\/bruna-biancardi-com-as-filhas-mavie-e-mel-1773973440378_v2_900x506.jpg.webp","contentUrl":"https:\/\/portaldoestado.com.br\/wp-content\/uploads\/2026\/04\/bruna-biancardi-com-as-filhas-mavie-e-mel-1773973440378_v2_900x506.jpg.webp","width":900,"height":506},{"@type":"BreadcrumbList","@id":"https:\/\/portaldoestado.com.br\/index.php\/2026\/04\/26\/bruna-biancardi-emociona-ao-reutilizar-roupinha-de-mavie-em-mel\/#breadcrumb","itemListElement":[{"@type":"ListItem","position":1,"name":"In\u00edcio","item":"https:\/\/portaldoestado.com.br\/"},{"@type":"ListItem","position":2,"name":"Bruna Biancardi emociona ao reutilizar roupinha de Mavie em Mel"}]},{"@type":"WebSite","@id":"https:\/\/portaldoestado.com.br\/#website","url":"https:\/\/portaldoestado.com.br\/","name":"Portal do Estado","description":"","publisher":{"@id":"https:\/\/portaldoestado.com.br\/#organization"},"potentialAction":[{"@type":"SearchAction","target":{"@type":"EntryPoint","urlTemplate":"https:\/\/portaldoestado.com.br\/?s={search_term_string}"},"query-input":{"@type":"PropertyValueSpecification","valueRequired":true,"valueName":"search_term_string"}}],"inLanguage":"pt-BR"},{"@type":"Organization","@id":"https:\/\/portaldoestado.com.br\/#organization","name":"Portal do Estado","url":"https:\/\/portaldoestado.com.br\/","logo":{"@type":"ImageObject","inLanguage":"pt-BR","@id":"https:\/\/portaldoestado.com.br\/#\/schema\/logo\/image\/","url":"https:\/\/portaldoestado.com.br\/wp-content\/uploads\/2025\/04\/cropped-6f69b19a-6472-43bf-b1b3-e1910bbbd4e8.png","contentUrl":"https:\/\/portaldoestado.com.br\/wp-content\/uploads\/2025\/04\/cropped-6f69b19a-6472-43bf-b1b3-e1910bbbd4e8.png","width":1024,"height":350,"caption":"Portal do Estado"},"image":{"@id":"https:\/\/portaldoestado.com.br\/#\/schema\/logo\/image\/"}},{"@type":"Person","@id":"https:\/\/portaldoestado.com.br\/#\/schema\/person\/5ca0174f3c8c84b59da62ea14b698cb9","name":"assessoriadefamosos","image":{"@type":"ImageObject","inLanguage":"pt-BR","@id":"https:\/\/portaldoestado.com.br\/#\/schema\/person\/image\/","url":"https:\/\/secure.gravatar.com\/avatar\/a7acbdffcfbbae7240e59f47fe511ec5f5d8c252c779f0b8d9ab02a9e1d8c5ed?s=96&d=mm&r=g","contentUrl":"https:\/\/secure.gravatar.com\/avatar\/a7acbdffcfbbae7240e59f47fe511ec5f5d8c252c779f0b8d9ab02a9e1d8c5ed?s=96&d=mm&r=g","caption":"assessoriadefamosos"},"url":"https:\/\/portaldoestado.com.br\/index.php\/author\/assessoriadefamosos\/"}]}},"jetpack_featured_media_url":"https:\/\/portaldoestado.com.br\/wp-content\/uploads\/2026\/04\/bruna-biancardi-com-as-filhas-mavie-e-mel-1773973440378_v2_900x506.jpg.webp","_links":{"self":[{"href":"https:\/\/portaldoestado.com.br\/index.php\/wp-json\/wp\/v2\/posts\/8680","targetHints":{"allow":["GET"]}}],"collection":[{"href":"https:\/\/portaldoestado.com.br\/index.php\/wp-json\/wp\/v2\/posts"}],"about":[{"href":"https:\/\/portaldoestado.com.br\/index.php\/wp-json\/wp\/v2\/types\/post"}],"author":[{"embeddable":true,"href":"https:\/\/portaldoestado.com.br\/index.php\/wp-json\/wp\/v2\/users\/2"}],"replies":[{"embeddable":true,"href":"https:\/\/portaldoestado.com.br\/index.php\/wp-json\/wp\/v2\/comments?post=8680"}],"version-history":[{"count":1,"href":"https:\/\/portaldoestado.com.br\/index.php\/wp-json\/wp\/v2\/posts\/8680\/revisions"}],"predecessor-version":[{"id":8681,"href":"https:\/\/portaldoestado.com.br\/index.php\/wp-json\/wp\/v2\/posts\/8680\/revisions\/8681"}],"wp:featuredmedia":[{"embeddable":true,"href":"https:\/\/portaldoestado.com.br\/index.php\/wp-json\/wp\/v2\/media\/8679"}],"wp:attachment":[{"href":"https:\/\/portaldoestado.com.br\/index.php\/wp-json\/wp\/v2\/media?parent=8680"}],"wp:term":[{"taxonomy":"category","embeddable":true,"href":"https:\/\/portaldoestado.com.br\/index.php\/wp-json\/wp\/v2\/categories?post=8680"},{"taxonomy":"post_tag","embeddable":true,"href":"https:\/\/portaldoestado.com.br\/index.php\/wp-json\/wp\/v2\/tags?post=8680"}],"curies":[{"name":"wp","href":"https:\/\/api.w.org\/{rel}","templated":true}]}}