{"id":8662,"date":"2026-04-26T15:29:28","date_gmt":"2026-04-26T15:29:28","guid":{"rendered":"https:\/\/portaldoestado.com.br\/?p=8662"},"modified":"2026-04-26T15:29:28","modified_gmt":"2026-04-26T15:29:28","slug":"karoline-lima-fala-sobre-desejo-de-aumentar-a-familia-mas-diz-que-nao-e-o-momento","status":"publish","type":"post","link":"https:\/\/portaldoestado.com.br\/index.php\/2026\/04\/26\/karoline-lima-fala-sobre-desejo-de-aumentar-a-familia-mas-diz-que-nao-e-o-momento\/","title":{"rendered":"Karoline Lima fala sobre desejo de aumentar a fam\u00edlia, mas diz que n\u00e3o \u00e9 o momento"},"content":{"rendered":"\n<p>A influenciadora Karoline Lima revelou aos seguidores que pensa em ter mais filhos no futuro, mas deixou claro que, por enquanto, esse n\u00e3o \u00e9 um plano imediato.<\/p>\n\n\n\n<p>Aos 30 anos, ela comentou nos stories que sente vontade de ampliar a fam\u00edlia, mas ressaltou que tudo deve acontecer no tempo certo. Atualmente, a influenciadora \u00e9 m\u00e3e de Cec\u00edlia, sua \u00fanica filha.<\/p>\n\n\n\n<p>Karoline Lima tamb\u00e9m brincou sobre a din\u00e2mica familiar e disse que suas irm\u00e3s n\u00e3o t\u00eam interesse em ter filhos, o que faz com que Cec\u00edlia seja, por enquanto, a \u00fanica crian\u00e7a da fam\u00edlia.<\/p>\n\n\n\n<p>Ela comentou ainda que gostaria de ver mais crian\u00e7as na conviv\u00eancia familiar no futuro, mas refor\u00e7ou que n\u00e3o h\u00e1 pressa para uma nova gravidez.<\/p>\n\n\n\n<p>Mesmo com o desejo de aumentar a fam\u00edlia, Karoline afirmou que segue focada na rotina atual e que pretende planejar esse pr\u00f3ximo passo com calma.<\/p>\n","protected":false},"excerpt":{"rendered":"<p>A influenciadora Karoline Lima revelou aos seguidores que pensa em ter mais filhos no futuro, mas deixou claro que, por enquanto, esse n\u00e3o \u00e9 um plano imediato. Aos 30 anos, ela comentou nos stories que sente vontade de ampliar a fam\u00edlia, mas ressaltou que tudo deve acontecer no tempo certo. Atualmente, a influenciadora \u00e9 m\u00e3e \u2026<\/p>\n","protected":false},"author":2,"featured_media":8661,"comment_status":"closed","ping_status":"open","sticky":false,"template":"","format":"standard","meta":{"footnotes":""},"categories":[3],"tags":[],"class_list":["post-8662","post","type-post","status-publish","format-standard","has-post-thumbnail","hentry","category-famosos"],"yoast_head":"<!-- This site is optimized with the Yoast SEO plugin v25.5 - https:\/\/yoast.com\/wordpress\/plugins\/seo\/ -->\n<title>Karoline Lima fala sobre desejo de aumentar a fam\u00edlia, mas diz que n\u00e3o \u00e9 o momento - Portal do Estado<\/title>\n<meta name=\"robots\" content=\"index, follow, max-snippet:-1, max-image-preview:large, max-video-preview:-1\" \/>\n<link rel=\"canonical\" href=\"https:\/\/portaldoestado.com.br\/index.php\/2026\/04\/26\/karoline-lima-fala-sobre-desejo-de-aumentar-a-familia-mas-diz-que-nao-e-o-momento\/\" \/>\n<meta property=\"og:locale\" content=\"pt_BR\" \/>\n<meta property=\"og:type\" content=\"article\" \/>\n<meta property=\"og:title\" content=\"Karoline Lima fala sobre desejo de aumentar a fam\u00edlia, mas diz que n\u00e3o \u00e9 o momento - Portal do Estado\" \/>\n<meta property=\"og:description\" content=\"A influenciadora Karoline Lima revelou aos seguidores que pensa em ter mais filhos no futuro, mas deixou claro que, por enquanto, esse n\u00e3o \u00e9 um plano imediato. Aos 30 anos, ela comentou nos stories que sente vontade de ampliar a fam\u00edlia, mas ressaltou que tudo deve acontecer no tempo certo. Atualmente, a influenciadora \u00e9 m\u00e3e \u2026\" \/>\n<meta property=\"og:url\" content=\"https:\/\/portaldoestado.com.br\/index.php\/2026\/04\/26\/karoline-lima-fala-sobre-desejo-de-aumentar-a-familia-mas-diz-que-nao-e-o-momento\/\" \/>\n<meta property=\"og:site_name\" content=\"Portal do Estado\" \/>\n<meta property=\"article:published_time\" content=\"2026-04-26T15:29:28+00:00\" \/>\n<meta property=\"og:image\" content=\"https:\/\/portaldoestado.com.br\/wp-content\/uploads\/2026\/04\/karoline-lima-comenta-sobre-ter-mais-filhos-1777170874306_v2_900x506.jpg.webp\" \/>\n\t<meta property=\"og:image:width\" content=\"900\" \/>\n\t<meta property=\"og:image:height\" content=\"506\" \/>\n\t<meta property=\"og:image:type\" content=\"image\/webp\" \/>\n<meta name=\"author\" content=\"assessoriadefamosos\" \/>\n<meta name=\"twitter:card\" content=\"summary_large_image\" \/>\n<meta name=\"twitter:label1\" content=\"Escrito por\" \/>\n\t<meta name=\"twitter:data1\" content=\"assessoriadefamosos\" \/>\n\t<meta name=\"twitter:label2\" content=\"Est. tempo de leitura\" \/>\n\t<meta name=\"twitter:data2\" content=\"1 minuto\" \/>\n<script type=\"application\/ld+json\" class=\"yoast-schema-graph\">{\"@context\":\"https:\/\/schema.org\",\"@graph\":[{\"@type\":\"Article\",\"@id\":\"https:\/\/portaldoestado.com.br\/index.php\/2026\/04\/26\/karoline-lima-fala-sobre-desejo-de-aumentar-a-familia-mas-diz-que-nao-e-o-momento\/#article\",\"isPartOf\":{\"@id\":\"https:\/\/portaldoestado.com.br\/index.php\/2026\/04\/26\/karoline-lima-fala-sobre-desejo-de-aumentar-a-familia-mas-diz-que-nao-e-o-momento\/\"},\"author\":{\"name\":\"assessoriadefamosos\",\"@id\":\"https:\/\/portaldoestado.com.br\/#\/schema\/person\/5ca0174f3c8c84b59da62ea14b698cb9\"},\"headline\":\"Karoline Lima fala sobre desejo de aumentar a fam\u00edlia, mas diz que n\u00e3o \u00e9 o momento\",\"datePublished\":\"2026-04-26T15:29:28+00:00\",\"mainEntityOfPage\":{\"@id\":\"https:\/\/portaldoestado.com.br\/index.php\/2026\/04\/26\/karoline-lima-fala-sobre-desejo-de-aumentar-a-familia-mas-diz-que-nao-e-o-momento\/\"},\"wordCount\":174,\"publisher\":{\"@id\":\"https:\/\/portaldoestado.com.br\/#organization\"},\"image\":{\"@id\":\"https:\/\/portaldoestado.com.br\/index.php\/2026\/04\/26\/karoline-lima-fala-sobre-desejo-de-aumentar-a-familia-mas-diz-que-nao-e-o-momento\/#primaryimage\"},\"thumbnailUrl\":\"https:\/\/portaldoestado.com.br\/wp-content\/uploads\/2026\/04\/karoline-lima-comenta-sobre-ter-mais-filhos-1777170874306_v2_900x506.jpg.webp\",\"articleSection\":[\"Famosos\"],\"inLanguage\":\"pt-BR\"},{\"@type\":\"WebPage\",\"@id\":\"https:\/\/portaldoestado.com.br\/index.php\/2026\/04\/26\/karoline-lima-fala-sobre-desejo-de-aumentar-a-familia-mas-diz-que-nao-e-o-momento\/\",\"url\":\"https:\/\/portaldoestado.com.br\/index.php\/2026\/04\/26\/karoline-lima-fala-sobre-desejo-de-aumentar-a-familia-mas-diz-que-nao-e-o-momento\/\",\"name\":\"Karoline Lima fala sobre desejo de aumentar a fam\u00edlia, mas diz que n\u00e3o \u00e9 o momento - Portal do Estado\",\"isPartOf\":{\"@id\":\"https:\/\/portaldoestado.com.br\/#website\"},\"primaryImageOfPage\":{\"@id\":\"https:\/\/portaldoestado.com.br\/index.php\/2026\/04\/26\/karoline-lima-fala-sobre-desejo-de-aumentar-a-familia-mas-diz-que-nao-e-o-momento\/#primaryimage\"},\"image\":{\"@id\":\"https:\/\/portaldoestado.com.br\/index.php\/2026\/04\/26\/karoline-lima-fala-sobre-desejo-de-aumentar-a-familia-mas-diz-que-nao-e-o-momento\/#primaryimage\"},\"thumbnailUrl\":\"https:\/\/portaldoestado.com.br\/wp-content\/uploads\/2026\/04\/karoline-lima-comenta-sobre-ter-mais-filhos-1777170874306_v2_900x506.jpg.webp\",\"datePublished\":\"2026-04-26T15:29:28+00:00\",\"breadcrumb\":{\"@id\":\"https:\/\/portaldoestado.com.br\/index.php\/2026\/04\/26\/karoline-lima-fala-sobre-desejo-de-aumentar-a-familia-mas-diz-que-nao-e-o-momento\/#breadcrumb\"},\"inLanguage\":\"pt-BR\",\"potentialAction\":[{\"@type\":\"ReadAction\",\"target\":[\"https:\/\/portaldoestado.com.br\/index.php\/2026\/04\/26\/karoline-lima-fala-sobre-desejo-de-aumentar-a-familia-mas-diz-que-nao-e-o-momento\/\"]}]},{\"@type\":\"ImageObject\",\"inLanguage\":\"pt-BR\",\"@id\":\"https:\/\/portaldoestado.com.br\/index.php\/2026\/04\/26\/karoline-lima-fala-sobre-desejo-de-aumentar-a-familia-mas-diz-que-nao-e-o-momento\/#primaryimage\",\"url\":\"https:\/\/portaldoestado.com.br\/wp-content\/uploads\/2026\/04\/karoline-lima-comenta-sobre-ter-mais-filhos-1777170874306_v2_900x506.jpg.webp\",\"contentUrl\":\"https:\/\/portaldoestado.com.br\/wp-content\/uploads\/2026\/04\/karoline-lima-comenta-sobre-ter-mais-filhos-1777170874306_v2_900x506.jpg.webp\",\"width\":900,\"height\":506},{\"@type\":\"BreadcrumbList\",\"@id\":\"https:\/\/portaldoestado.com.br\/index.php\/2026\/04\/26\/karoline-lima-fala-sobre-desejo-de-aumentar-a-familia-mas-diz-que-nao-e-o-momento\/#breadcrumb\",\"itemListElement\":[{\"@type\":\"ListItem\",\"position\":1,\"name\":\"In\u00edcio\",\"item\":\"https:\/\/portaldoestado.com.br\/\"},{\"@type\":\"ListItem\",\"position\":2,\"name\":\"Karoline Lima fala sobre desejo de aumentar a fam\u00edlia, mas diz que n\u00e3o \u00e9 o momento\"}]},{\"@type\":\"WebSite\",\"@id\":\"https:\/\/portaldoestado.com.br\/#website\",\"url\":\"https:\/\/portaldoestado.com.br\/\",\"name\":\"Portal do Estado\",\"description\":\"\",\"publisher\":{\"@id\":\"https:\/\/portaldoestado.com.br\/#organization\"},\"potentialAction\":[{\"@type\":\"SearchAction\",\"target\":{\"@type\":\"EntryPoint\",\"urlTemplate\":\"https:\/\/portaldoestado.com.br\/?s={search_term_string}\"},\"query-input\":{\"@type\":\"PropertyValueSpecification\",\"valueRequired\":true,\"valueName\":\"search_term_string\"}}],\"inLanguage\":\"pt-BR\"},{\"@type\":\"Organization\",\"@id\":\"https:\/\/portaldoestado.com.br\/#organization\",\"name\":\"Portal do Estado\",\"url\":\"https:\/\/portaldoestado.com.br\/\",\"logo\":{\"@type\":\"ImageObject\",\"inLanguage\":\"pt-BR\",\"@id\":\"https:\/\/portaldoestado.com.br\/#\/schema\/logo\/image\/\",\"url\":\"https:\/\/portaldoestado.com.br\/wp-content\/uploads\/2025\/04\/cropped-6f69b19a-6472-43bf-b1b3-e1910bbbd4e8.png\",\"contentUrl\":\"https:\/\/portaldoestado.com.br\/wp-content\/uploads\/2025\/04\/cropped-6f69b19a-6472-43bf-b1b3-e1910bbbd4e8.png\",\"width\":1024,\"height\":350,\"caption\":\"Portal do Estado\"},\"image\":{\"@id\":\"https:\/\/portaldoestado.com.br\/#\/schema\/logo\/image\/\"}},{\"@type\":\"Person\",\"@id\":\"https:\/\/portaldoestado.com.br\/#\/schema\/person\/5ca0174f3c8c84b59da62ea14b698cb9\",\"name\":\"assessoriadefamosos\",\"image\":{\"@type\":\"ImageObject\",\"inLanguage\":\"pt-BR\",\"@id\":\"https:\/\/portaldoestado.com.br\/#\/schema\/person\/image\/\",\"url\":\"https:\/\/secure.gravatar.com\/avatar\/a7acbdffcfbbae7240e59f47fe511ec5f5d8c252c779f0b8d9ab02a9e1d8c5ed?s=96&d=mm&r=g\",\"contentUrl\":\"https:\/\/secure.gravatar.com\/avatar\/a7acbdffcfbbae7240e59f47fe511ec5f5d8c252c779f0b8d9ab02a9e1d8c5ed?s=96&d=mm&r=g\",\"caption\":\"assessoriadefamosos\"},\"url\":\"https:\/\/portaldoestado.com.br\/index.php\/author\/assessoriadefamosos\/\"}]}<\/script>\n<!-- \/ Yoast SEO plugin. -->","yoast_head_json":{"title":"Karoline Lima fala sobre desejo de aumentar a fam\u00edlia, mas diz que n\u00e3o \u00e9 o momento - Portal do Estado","robots":{"index":"index","follow":"follow","max-snippet":"max-snippet:-1","max-image-preview":"max-image-preview:large","max-video-preview":"max-video-preview:-1"},"canonical":"https:\/\/portaldoestado.com.br\/index.php\/2026\/04\/26\/karoline-lima-fala-sobre-desejo-de-aumentar-a-familia-mas-diz-que-nao-e-o-momento\/","og_locale":"pt_BR","og_type":"article","og_title":"Karoline Lima fala sobre desejo de aumentar a fam\u00edlia, mas diz que n\u00e3o \u00e9 o momento - Portal do Estado","og_description":"A influenciadora Karoline Lima revelou aos seguidores que pensa em ter mais filhos no futuro, mas deixou claro que, por enquanto, esse n\u00e3o \u00e9 um plano imediato. Aos 30 anos, ela comentou nos stories que sente vontade de ampliar a fam\u00edlia, mas ressaltou que tudo deve acontecer no tempo certo. Atualmente, a influenciadora \u00e9 m\u00e3e \u2026","og_url":"https:\/\/portaldoestado.com.br\/index.php\/2026\/04\/26\/karoline-lima-fala-sobre-desejo-de-aumentar-a-familia-mas-diz-que-nao-e-o-momento\/","og_site_name":"Portal do Estado","article_published_time":"2026-04-26T15:29:28+00:00","og_image":[{"width":900,"height":506,"url":"https:\/\/portaldoestado.com.br\/wp-content\/uploads\/2026\/04\/karoline-lima-comenta-sobre-ter-mais-filhos-1777170874306_v2_900x506.jpg.webp","type":"image\/webp"}],"author":"assessoriadefamosos","twitter_card":"summary_large_image","twitter_misc":{"Escrito por":"assessoriadefamosos","Est. tempo de leitura":"1 minuto"},"schema":{"@context":"https:\/\/schema.org","@graph":[{"@type":"Article","@id":"https:\/\/portaldoestado.com.br\/index.php\/2026\/04\/26\/karoline-lima-fala-sobre-desejo-de-aumentar-a-familia-mas-diz-que-nao-e-o-momento\/#article","isPartOf":{"@id":"https:\/\/portaldoestado.com.br\/index.php\/2026\/04\/26\/karoline-lima-fala-sobre-desejo-de-aumentar-a-familia-mas-diz-que-nao-e-o-momento\/"},"author":{"name":"assessoriadefamosos","@id":"https:\/\/portaldoestado.com.br\/#\/schema\/person\/5ca0174f3c8c84b59da62ea14b698cb9"},"headline":"Karoline Lima fala sobre desejo de aumentar a fam\u00edlia, mas diz que n\u00e3o \u00e9 o momento","datePublished":"2026-04-26T15:29:28+00:00","mainEntityOfPage":{"@id":"https:\/\/portaldoestado.com.br\/index.php\/2026\/04\/26\/karoline-lima-fala-sobre-desejo-de-aumentar-a-familia-mas-diz-que-nao-e-o-momento\/"},"wordCount":174,"publisher":{"@id":"https:\/\/portaldoestado.com.br\/#organization"},"image":{"@id":"https:\/\/portaldoestado.com.br\/index.php\/2026\/04\/26\/karoline-lima-fala-sobre-desejo-de-aumentar-a-familia-mas-diz-que-nao-e-o-momento\/#primaryimage"},"thumbnailUrl":"https:\/\/portaldoestado.com.br\/wp-content\/uploads\/2026\/04\/karoline-lima-comenta-sobre-ter-mais-filhos-1777170874306_v2_900x506.jpg.webp","articleSection":["Famosos"],"inLanguage":"pt-BR"},{"@type":"WebPage","@id":"https:\/\/portaldoestado.com.br\/index.php\/2026\/04\/26\/karoline-lima-fala-sobre-desejo-de-aumentar-a-familia-mas-diz-que-nao-e-o-momento\/","url":"https:\/\/portaldoestado.com.br\/index.php\/2026\/04\/26\/karoline-lima-fala-sobre-desejo-de-aumentar-a-familia-mas-diz-que-nao-e-o-momento\/","name":"Karoline Lima fala sobre desejo de aumentar a fam\u00edlia, mas diz que n\u00e3o \u00e9 o momento - Portal do Estado","isPartOf":{"@id":"https:\/\/portaldoestado.com.br\/#website"},"primaryImageOfPage":{"@id":"https:\/\/portaldoestado.com.br\/index.php\/2026\/04\/26\/karoline-lima-fala-sobre-desejo-de-aumentar-a-familia-mas-diz-que-nao-e-o-momento\/#primaryimage"},"image":{"@id":"https:\/\/portaldoestado.com.br\/index.php\/2026\/04\/26\/karoline-lima-fala-sobre-desejo-de-aumentar-a-familia-mas-diz-que-nao-e-o-momento\/#primaryimage"},"thumbnailUrl":"https:\/\/portaldoestado.com.br\/wp-content\/uploads\/2026\/04\/karoline-lima-comenta-sobre-ter-mais-filhos-1777170874306_v2_900x506.jpg.webp","datePublished":"2026-04-26T15:29:28+00:00","breadcrumb":{"@id":"https:\/\/portaldoestado.com.br\/index.php\/2026\/04\/26\/karoline-lima-fala-sobre-desejo-de-aumentar-a-familia-mas-diz-que-nao-e-o-momento\/#breadcrumb"},"inLanguage":"pt-BR","potentialAction":[{"@type":"ReadAction","target":["https:\/\/portaldoestado.com.br\/index.php\/2026\/04\/26\/karoline-lima-fala-sobre-desejo-de-aumentar-a-familia-mas-diz-que-nao-e-o-momento\/"]}]},{"@type":"ImageObject","inLanguage":"pt-BR","@id":"https:\/\/portaldoestado.com.br\/index.php\/2026\/04\/26\/karoline-lima-fala-sobre-desejo-de-aumentar-a-familia-mas-diz-que-nao-e-o-momento\/#primaryimage","url":"https:\/\/portaldoestado.com.br\/wp-content\/uploads\/2026\/04\/karoline-lima-comenta-sobre-ter-mais-filhos-1777170874306_v2_900x506.jpg.webp","contentUrl":"https:\/\/portaldoestado.com.br\/wp-content\/uploads\/2026\/04\/karoline-lima-comenta-sobre-ter-mais-filhos-1777170874306_v2_900x506.jpg.webp","width":900,"height":506},{"@type":"BreadcrumbList","@id":"https:\/\/portaldoestado.com.br\/index.php\/2026\/04\/26\/karoline-lima-fala-sobre-desejo-de-aumentar-a-familia-mas-diz-que-nao-e-o-momento\/#breadcrumb","itemListElement":[{"@type":"ListItem","position":1,"name":"In\u00edcio","item":"https:\/\/portaldoestado.com.br\/"},{"@type":"ListItem","position":2,"name":"Karoline Lima fala sobre desejo de aumentar a fam\u00edlia, mas diz que n\u00e3o \u00e9 o momento"}]},{"@type":"WebSite","@id":"https:\/\/portaldoestado.com.br\/#website","url":"https:\/\/portaldoestado.com.br\/","name":"Portal do Estado","description":"","publisher":{"@id":"https:\/\/portaldoestado.com.br\/#organization"},"potentialAction":[{"@type":"SearchAction","target":{"@type":"EntryPoint","urlTemplate":"https:\/\/portaldoestado.com.br\/?s={search_term_string}"},"query-input":{"@type":"PropertyValueSpecification","valueRequired":true,"valueName":"search_term_string"}}],"inLanguage":"pt-BR"},{"@type":"Organization","@id":"https:\/\/portaldoestado.com.br\/#organization","name":"Portal do Estado","url":"https:\/\/portaldoestado.com.br\/","logo":{"@type":"ImageObject","inLanguage":"pt-BR","@id":"https:\/\/portaldoestado.com.br\/#\/schema\/logo\/image\/","url":"https:\/\/portaldoestado.com.br\/wp-content\/uploads\/2025\/04\/cropped-6f69b19a-6472-43bf-b1b3-e1910bbbd4e8.png","contentUrl":"https:\/\/portaldoestado.com.br\/wp-content\/uploads\/2025\/04\/cropped-6f69b19a-6472-43bf-b1b3-e1910bbbd4e8.png","width":1024,"height":350,"caption":"Portal do Estado"},"image":{"@id":"https:\/\/portaldoestado.com.br\/#\/schema\/logo\/image\/"}},{"@type":"Person","@id":"https:\/\/portaldoestado.com.br\/#\/schema\/person\/5ca0174f3c8c84b59da62ea14b698cb9","name":"assessoriadefamosos","image":{"@type":"ImageObject","inLanguage":"pt-BR","@id":"https:\/\/portaldoestado.com.br\/#\/schema\/person\/image\/","url":"https:\/\/secure.gravatar.com\/avatar\/a7acbdffcfbbae7240e59f47fe511ec5f5d8c252c779f0b8d9ab02a9e1d8c5ed?s=96&d=mm&r=g","contentUrl":"https:\/\/secure.gravatar.com\/avatar\/a7acbdffcfbbae7240e59f47fe511ec5f5d8c252c779f0b8d9ab02a9e1d8c5ed?s=96&d=mm&r=g","caption":"assessoriadefamosos"},"url":"https:\/\/portaldoestado.com.br\/index.php\/author\/assessoriadefamosos\/"}]}},"jetpack_featured_media_url":"https:\/\/portaldoestado.com.br\/wp-content\/uploads\/2026\/04\/karoline-lima-comenta-sobre-ter-mais-filhos-1777170874306_v2_900x506.jpg.webp","_links":{"self":[{"href":"https:\/\/portaldoestado.com.br\/index.php\/wp-json\/wp\/v2\/posts\/8662","targetHints":{"allow":["GET"]}}],"collection":[{"href":"https:\/\/portaldoestado.com.br\/index.php\/wp-json\/wp\/v2\/posts"}],"about":[{"href":"https:\/\/portaldoestado.com.br\/index.php\/wp-json\/wp\/v2\/types\/post"}],"author":[{"embeddable":true,"href":"https:\/\/portaldoestado.com.br\/index.php\/wp-json\/wp\/v2\/users\/2"}],"replies":[{"embeddable":true,"href":"https:\/\/portaldoestado.com.br\/index.php\/wp-json\/wp\/v2\/comments?post=8662"}],"version-history":[{"count":1,"href":"https:\/\/portaldoestado.com.br\/index.php\/wp-json\/wp\/v2\/posts\/8662\/revisions"}],"predecessor-version":[{"id":8663,"href":"https:\/\/portaldoestado.com.br\/index.php\/wp-json\/wp\/v2\/posts\/8662\/revisions\/8663"}],"wp:featuredmedia":[{"embeddable":true,"href":"https:\/\/portaldoestado.com.br\/index.php\/wp-json\/wp\/v2\/media\/8661"}],"wp:attachment":[{"href":"https:\/\/portaldoestado.com.br\/index.php\/wp-json\/wp\/v2\/media?parent=8662"}],"wp:term":[{"taxonomy":"category","embeddable":true,"href":"https:\/\/portaldoestado.com.br\/index.php\/wp-json\/wp\/v2\/categories?post=8662"},{"taxonomy":"post_tag","embeddable":true,"href":"https:\/\/portaldoestado.com.br\/index.php\/wp-json\/wp\/v2\/tags?post=8662"}],"curies":[{"name":"wp","href":"https:\/\/api.w.org\/{rel}","templated":true}]}}