{"id":8635,"date":"2026-04-26T13:19:06","date_gmt":"2026-04-26T13:19:06","guid":{"rendered":"https:\/\/portaldoestado.com.br\/?p=8635"},"modified":"2026-04-26T13:19:06","modified_gmt":"2026-04-26T13:19:06","slug":"dra-lucia-kratz-revolucionando-a-saude-mental-atraves-da-neuromodulacao-e-tecnologia","status":"publish","type":"post","link":"https:\/\/portaldoestado.com.br\/index.php\/2026\/04\/26\/dra-lucia-kratz-revolucionando-a-saude-mental-atraves-da-neuromodulacao-e-tecnologia\/","title":{"rendered":"&#8220;Dra. Lucia Kratz&#8221; Revolucionando a Sa\u00fade Mental atrav\u00e9s da Neuromodula\u00e7\u00e3o e Tecnologia"},"content":{"rendered":"\n<p>A psicologia contempor\u00e2nea vive um momento de ruptura, e a <strong>Dra. Lucia Kratz<\/strong>\u00a0est\u00e1 na linha de frente dessa transforma\u00e7\u00e3o. Com uma trajet\u00f3ria de mais de 25 anos, ela une a profundidade acad\u00eamica \u00e0 inova\u00e7\u00e3o tecnol\u00f3gica para criar um novo padr\u00e3o de atendimento cl\u00ednico. Sua atua\u00e7\u00e3o \u00e9 marcada pelo uso de metodologias ativas e inovadoras, garantindo que o conhecimento n\u00e3o seja apenas te\u00f3rico, mas se transforme em uma pr\u00e1tica de resultados consistentes.<\/p>\n\n\n\n<p><strong>A Ci\u00eancia dos Dados Cerebrais: O Mapeamento como Preven\u00e7\u00e3o<\/strong>\nEm um cen\u00e1rio onde a sa\u00fade mental nunca esteve t\u00e3o em alta, a preven\u00e7\u00e3o tornou-se o pilar fundamental para evitar o colapso emocional. No consult\u00f3rio da Dra. Lucia, localizado no Setor Sul, o cuidado come\u00e7a com precis\u00e3o t\u00e9cnica atrav\u00e9s do *Mapeamento Cerebral Inicial*. Este exame revela a &#8220;assinatura neural&#8221; do paciente, permitindo identificar lacunas de processamento antes mesmo que elas se tornem crises funcionais.<\/p>\n\n\n<!-- wp:image \"id\":203550 -->\n<figure class=\"wp-block-image\"><img decoding=\"async\" src=\"https:\/\/tonamidia.com.br\/wp-content\/uploads\/2026\/04\/DraLuciaKratzPsicologa-04_tonamidia.jpg\" alt=\"\" class=\"wp-image-203550\" \/><\/figure>\n<!-- \/wp:post-content -->\n\n<!-- wp:paragraph -->\n<p>&#8220;<em>A neuroci\u00eancia nos mostra que o c\u00e9rebro pode ser treinado para responder de forma mais adaptativa ao estresse e \u00e0s demandas de alta press\u00e3o<\/em>&#8220;, explica a Dra. Lucia. &#8220;<em>O mapeamento n\u00e3o busca uma &#8216;cura&#8217;, pois na psicologia trabalhamos com regula\u00e7\u00e3o e funcionalidade. Ele nos d\u00e1 o mapa para estabilizar o sistema nervoso e otimizar a resposta do indiv\u00edduo ao seu meio, prevenindo o adoecimento antes que ele se instale.<\/em>&#8220;<\/p>\n<!-- \/wp:paragraph -->\n\n<!-- wp:paragraph -->\n<p><strong>Tecnologia de Ponta e a Base da TCC<\/strong>\nO diferencial da Dra. Lucia \u00e9 a integra\u00e7\u00e3o. Ela une os tratamentos cl\u00ednicos tradicionais baseados na **Terapia Cognitivo-Comportamental (TCC) \u2014 padr\u00e3o ouro na psicologia para a reestrutura\u00e7\u00e3o de pensamentos \u2014 com ferramentas de neuromodula\u00e7\u00e3o de \u00faltima gera\u00e7\u00e3o. O consult\u00f3rio \u00e9 um centro de alta tecnologia equipado com:<\/p>\n<!-- \/wp:paragraph -->\n\n<!-- wp:paragraph -->\n<p>&#8211; Pulsetto: Estimula\u00e7\u00e3o do nervo vago para equil\u00edbrio do sistema nervoso aut\u00f4nomo.\n&#8211; TDCS (Estimula\u00e7\u00e3o Transcraniana): Modula\u00e7\u00e3o n\u00e3o invasiva da atividade cortical.\n&#8211; Neurofeedback (HEG) e EEG: Treinamento para autorregula\u00e7\u00e3o em tempo real.<\/p>\n<!-- \/wp:paragraph -->\n\n<!-- wp:paragraph -->\n<p>Essa combina\u00e7\u00e3o \u00e9 vital para a remiss\u00e3o de sintomas e reabilita\u00e7\u00e3o em quadros de TDAH (foco e ansiedade), Depress\u00e3o, Hiperatividade, Crises de P\u00e2nico e na Reabilita\u00e7\u00e3o Cognitiva.<\/p>\n<!-- \/wp:paragraph -->\n\n<!-- wp:paragraph -->\n<p><strong>A Solid\u00e3o do L\u00edder nos Mundos VUCA, TUNI e BANI<\/strong>\nUm dos focos centrais de sua pr\u00e1tica \u00e9 a modelagem comportamental para a performance profissional. Dra. Lucia observa que l\u00edderes enfrentam uma jornada solit\u00e1ria e desafiadora. O mundo mudou rapidamente: sa\u00edmos do contexto VUCA (Vol\u00e1til, Incerto, Complexo e Amb\u00edguo) para os conceitos ainda mais ca\u00f3ticos de TUNI (Turbulento, Incerto, Novel\/Novo e Interconectado) e BANI (Fr\u00e1gil, Ansioso, N\u00e3o-linear e Incompreens\u00edvel).<\/p>\n<!-- \/wp:paragraph -->\n\n<!-- wp:paragraph -->\n<p>&#8220;<em>Os l\u00edderes atuais est\u00e3o imersos em ambientes BANI, onde a fragilidade e a ansiedade s\u00e3o constantes. \u00c9 uma posi\u00e7\u00e3o muito solit\u00e1ria<\/em>&#8220;, afirma a doutora. &#8220;<em>Eles precisam de um espa\u00e7o profissional que os ajude a quebrar ciclos repetitivos e organizar seus pensamentos para gerir em tempos de caos. A modelagem comportamental entra aqui para reconfigurar padr\u00f5es de pensamento e a\u00e7\u00e3o que impedem o crescimento, gerando novos h\u00e1bitos de forma muito mais consistente e segura.<\/em>&#8220;<\/p>\n<!-- \/wp:paragraph -->\n\n<!-- wp:image \"id\":203549 -->\n<figure class=\"wp-block-image\"><img decoding=\"async\" src=\"https:\/\/tonamidia.com.br\/wp-content\/uploads\/2026\/04\/DraLuciaKratzPsicologa-03_tonamidia.jpg\" alt=\"\" class=\"wp-image-203549\" \/><\/figure>\n<!-- \/wp:image -->\n\n<!-- wp:paragraph -->\n<p><strong>Um Legado em Literatura e Pr\u00e1tica<\/strong>\nA base desse trabalho inovador est\u00e1 documentada em sua vasta produ\u00e7\u00e3o intelectual. Autora de livros fundamentais como L\u00edder 5.0, L\u00edder 3.0 e Aprendizado Vivo, Lucia traz para a cl\u00ednica a expertise de quem entende de gest\u00e3o, lideran\u00e7a e educa\u00e7\u00e3o. Sua obra &#8220;Meu companheiro \u00e9 um psicopata, ser\u00e1?&#8221; complementa essa vis\u00e3o ao tratar da an\u00e1lise de car\u00e1ter e prote\u00e7\u00e3o emocional, temas cruciais em um mundo onde as rela\u00e7\u00f5es est\u00e3o cada vez mais complexas.<\/p>\n<!-- \/wp:paragraph -->\n\n<!-- wp:paragraph -->\n<p>Para a Dra. Lucia Kratz, a psicologia de ponta \u00e9 aquela que entende as dores do presente e utiliza a tecnologia para preparar o ser humano para o futuro. Ao unir o rigor da TCC com as ferramentas de neuromodula\u00e7\u00e3o, ela oferece aos seus pacientes \u2014 de pacientes cl\u00ednicos a grandes executivos \u2014 o caminho para a autorregula\u00e7\u00e3o, a organiza\u00e7\u00e3o mental e a excel\u00eancia humana em um mundo que n\u00e3o para de mudar.<\/p>\n<!-- \/wp:paragraph -->\n\n<!-- wp:image \"id\":203548 -->\n<figure class=\"wp-block-image\"><img decoding=\"async\" src=\"https:\/\/tonamidia.com.br\/wp-content\/uploads\/2026\/04\/DraLuciaKratzPsicologa-02_tonamidia.jpg\" alt=\"\" class=\"wp-image-203548\" \/><\/figure>\n<!-- \/wp:image -->\n\n<!-- wp:paragraph -->\n<p><strong>Dra. Lucia Kratz<\/strong>\nDoutora em Psicologia | Mestre em Administra\u00e7\u00e3o | Especialista em Neuromodula\u00e7\u00e3o, TCC, Musicoterapia e Neuropsicologia dos Transtornos Mentais.\nConsult\u00f3rio: Setor Sul \u2013 Goi\u00e2nia \u2013 Atendimento PRESENCIAL e ON-LINE.<\/p>\n<!-- \/wp:paragraph -->\n\n<!-- wp:paragraph -->\n<p><strong>>> Instagram <a href=\"https:\/\/www.instagram.com\/luciakratz\/\" target=\"_blank\" rel=\"noreferrer noopener\">@luciakratz<\/a><\/strong><\/p>\n<!-- \/wp:paragraph -->\n\n<!-- wp:paragraph -->\n<p>#claudelopes70 #draluciakratz #neuromodulacao<\/p>\n<!-- \/wp:paragraph -->","protected":false},"excerpt":{"rendered":"<p>A psicologia contempor\u00e2nea vive um momento de ruptura, e a Dra. Lucia Kratz\u00a0est\u00e1 na linha de frente dessa transforma\u00e7\u00e3o. Com uma trajet\u00f3ria de mais de 25 anos, ela une a profundidade acad\u00eamica \u00e0 inova\u00e7\u00e3o tecnol\u00f3gica para criar um novo padr\u00e3o de atendimento cl\u00ednico. Sua atua\u00e7\u00e3o \u00e9 marcada pelo uso de metodologias ativas e inovadoras, garantindo \u2026<\/p>\n","protected":false},"author":2,"featured_media":8634,"comment_status":"closed","ping_status":"open","sticky":false,"template":"","format":"standard","meta":{"footnotes":""},"categories":[25],"tags":[9,290],"class_list":["post-8635","post","type-post","status-publish","format-standard","has-post-thumbnail","hentry","category-saude","tag-claudelopes70","tag-draluciakratz"],"yoast_head":"<!-- This site is optimized with the Yoast SEO plugin v25.5 - https:\/\/yoast.com\/wordpress\/plugins\/seo\/ -->\n<title>&quot;Dra. Lucia Kratz&quot; Revolucionando a Sa\u00fade Mental atrav\u00e9s da Neuromodula\u00e7\u00e3o e Tecnologia - Portal do Estado<\/title>\n<meta name=\"robots\" content=\"index, follow, max-snippet:-1, max-image-preview:large, max-video-preview:-1\" \/>\n<link rel=\"canonical\" href=\"https:\/\/portaldoestado.com.br\/index.php\/2026\/04\/26\/dra-lucia-kratz-revolucionando-a-saude-mental-atraves-da-neuromodulacao-e-tecnologia\/\" \/>\n<meta property=\"og:locale\" content=\"pt_BR\" \/>\n<meta property=\"og:type\" content=\"article\" \/>\n<meta property=\"og:title\" content=\"&quot;Dra. Lucia Kratz&quot; Revolucionando a Sa\u00fade Mental atrav\u00e9s da Neuromodula\u00e7\u00e3o e Tecnologia - Portal do Estado\" \/>\n<meta property=\"og:description\" content=\"A psicologia contempor\u00e2nea vive um momento de ruptura, e a Dra. Lucia Kratz\u00a0est\u00e1 na linha de frente dessa transforma\u00e7\u00e3o. Com uma trajet\u00f3ria de mais de 25 anos, ela une a profundidade acad\u00eamica \u00e0 inova\u00e7\u00e3o tecnol\u00f3gica para criar um novo padr\u00e3o de atendimento cl\u00ednico. Sua atua\u00e7\u00e3o \u00e9 marcada pelo uso de metodologias ativas e inovadoras, garantindo \u2026\" \/>\n<meta property=\"og:url\" content=\"https:\/\/portaldoestado.com.br\/index.php\/2026\/04\/26\/dra-lucia-kratz-revolucionando-a-saude-mental-atraves-da-neuromodulacao-e-tecnologia\/\" \/>\n<meta property=\"og:site_name\" content=\"Portal do Estado\" \/>\n<meta property=\"article:published_time\" content=\"2026-04-26T13:19:06+00:00\" \/>\n<meta property=\"og:image\" content=\"https:\/\/portaldoestado.com.br\/wp-content\/uploads\/2026\/04\/DraLuciaKratzPsicologa-02_mavicaassessoria.jpg\" \/>\n\t<meta property=\"og:image:width\" content=\"760\" \/>\n\t<meta property=\"og:image:height\" content=\"428\" \/>\n\t<meta property=\"og:image:type\" content=\"image\/jpeg\" \/>\n<meta name=\"author\" content=\"assessoriadefamosos\" \/>\n<meta name=\"twitter:card\" content=\"summary_large_image\" \/>\n<meta name=\"twitter:label1\" content=\"Escrito por\" \/>\n\t<meta name=\"twitter:data1\" content=\"assessoriadefamosos\" \/>\n\t<meta name=\"twitter:label2\" content=\"Est. tempo de leitura\" \/>\n\t<meta name=\"twitter:data2\" content=\"4 minutos\" \/>\n<script type=\"application\/ld+json\" class=\"yoast-schema-graph\">{\"@context\":\"https:\/\/schema.org\",\"@graph\":[{\"@type\":\"Article\",\"@id\":\"https:\/\/portaldoestado.com.br\/index.php\/2026\/04\/26\/dra-lucia-kratz-revolucionando-a-saude-mental-atraves-da-neuromodulacao-e-tecnologia\/#article\",\"isPartOf\":{\"@id\":\"https:\/\/portaldoestado.com.br\/index.php\/2026\/04\/26\/dra-lucia-kratz-revolucionando-a-saude-mental-atraves-da-neuromodulacao-e-tecnologia\/\"},\"author\":{\"name\":\"assessoriadefamosos\",\"@id\":\"https:\/\/portaldoestado.com.br\/#\/schema\/person\/5ca0174f3c8c84b59da62ea14b698cb9\"},\"headline\":\"&#8220;Dra. Lucia Kratz&#8221; Revolucionando a Sa\u00fade Mental atrav\u00e9s da Neuromodula\u00e7\u00e3o e Tecnologia\",\"datePublished\":\"2026-04-26T13:19:06+00:00\",\"mainEntityOfPage\":{\"@id\":\"https:\/\/portaldoestado.com.br\/index.php\/2026\/04\/26\/dra-lucia-kratz-revolucionando-a-saude-mental-atraves-da-neuromodulacao-e-tecnologia\/\"},\"wordCount\":748,\"publisher\":{\"@id\":\"https:\/\/portaldoestado.com.br\/#organization\"},\"image\":{\"@id\":\"https:\/\/portaldoestado.com.br\/index.php\/2026\/04\/26\/dra-lucia-kratz-revolucionando-a-saude-mental-atraves-da-neuromodulacao-e-tecnologia\/#primaryimage\"},\"thumbnailUrl\":\"https:\/\/portaldoestado.com.br\/wp-content\/uploads\/2026\/04\/DraLuciaKratzPsicologa-02_mavicaassessoria.jpg\",\"keywords\":[\"claudelopes70\",\"draluciakratz\"],\"articleSection\":[\"Sa\u00fade\"],\"inLanguage\":\"pt-BR\"},{\"@type\":\"WebPage\",\"@id\":\"https:\/\/portaldoestado.com.br\/index.php\/2026\/04\/26\/dra-lucia-kratz-revolucionando-a-saude-mental-atraves-da-neuromodulacao-e-tecnologia\/\",\"url\":\"https:\/\/portaldoestado.com.br\/index.php\/2026\/04\/26\/dra-lucia-kratz-revolucionando-a-saude-mental-atraves-da-neuromodulacao-e-tecnologia\/\",\"name\":\"\\\"Dra. Lucia Kratz\\\" Revolucionando a Sa\u00fade Mental atrav\u00e9s da Neuromodula\u00e7\u00e3o e Tecnologia - Portal do Estado\",\"isPartOf\":{\"@id\":\"https:\/\/portaldoestado.com.br\/#website\"},\"primaryImageOfPage\":{\"@id\":\"https:\/\/portaldoestado.com.br\/index.php\/2026\/04\/26\/dra-lucia-kratz-revolucionando-a-saude-mental-atraves-da-neuromodulacao-e-tecnologia\/#primaryimage\"},\"image\":{\"@id\":\"https:\/\/portaldoestado.com.br\/index.php\/2026\/04\/26\/dra-lucia-kratz-revolucionando-a-saude-mental-atraves-da-neuromodulacao-e-tecnologia\/#primaryimage\"},\"thumbnailUrl\":\"https:\/\/portaldoestado.com.br\/wp-content\/uploads\/2026\/04\/DraLuciaKratzPsicologa-02_mavicaassessoria.jpg\",\"datePublished\":\"2026-04-26T13:19:06+00:00\",\"breadcrumb\":{\"@id\":\"https:\/\/portaldoestado.com.br\/index.php\/2026\/04\/26\/dra-lucia-kratz-revolucionando-a-saude-mental-atraves-da-neuromodulacao-e-tecnologia\/#breadcrumb\"},\"inLanguage\":\"pt-BR\",\"potentialAction\":[{\"@type\":\"ReadAction\",\"target\":[\"https:\/\/portaldoestado.com.br\/index.php\/2026\/04\/26\/dra-lucia-kratz-revolucionando-a-saude-mental-atraves-da-neuromodulacao-e-tecnologia\/\"]}]},{\"@type\":\"ImageObject\",\"inLanguage\":\"pt-BR\",\"@id\":\"https:\/\/portaldoestado.com.br\/index.php\/2026\/04\/26\/dra-lucia-kratz-revolucionando-a-saude-mental-atraves-da-neuromodulacao-e-tecnologia\/#primaryimage\",\"url\":\"https:\/\/portaldoestado.com.br\/wp-content\/uploads\/2026\/04\/DraLuciaKratzPsicologa-02_mavicaassessoria.jpg\",\"contentUrl\":\"https:\/\/portaldoestado.com.br\/wp-content\/uploads\/2026\/04\/DraLuciaKratzPsicologa-02_mavicaassessoria.jpg\",\"width\":760,\"height\":428},{\"@type\":\"BreadcrumbList\",\"@id\":\"https:\/\/portaldoestado.com.br\/index.php\/2026\/04\/26\/dra-lucia-kratz-revolucionando-a-saude-mental-atraves-da-neuromodulacao-e-tecnologia\/#breadcrumb\",\"itemListElement\":[{\"@type\":\"ListItem\",\"position\":1,\"name\":\"In\u00edcio\",\"item\":\"https:\/\/portaldoestado.com.br\/\"},{\"@type\":\"ListItem\",\"position\":2,\"name\":\"&#8220;Dra. Lucia Kratz&#8221; Revolucionando a Sa\u00fade Mental atrav\u00e9s da Neuromodula\u00e7\u00e3o e Tecnologia\"}]},{\"@type\":\"WebSite\",\"@id\":\"https:\/\/portaldoestado.com.br\/#website\",\"url\":\"https:\/\/portaldoestado.com.br\/\",\"name\":\"Portal do Estado\",\"description\":\"\",\"publisher\":{\"@id\":\"https:\/\/portaldoestado.com.br\/#organization\"},\"potentialAction\":[{\"@type\":\"SearchAction\",\"target\":{\"@type\":\"EntryPoint\",\"urlTemplate\":\"https:\/\/portaldoestado.com.br\/?s={search_term_string}\"},\"query-input\":{\"@type\":\"PropertyValueSpecification\",\"valueRequired\":true,\"valueName\":\"search_term_string\"}}],\"inLanguage\":\"pt-BR\"},{\"@type\":\"Organization\",\"@id\":\"https:\/\/portaldoestado.com.br\/#organization\",\"name\":\"Portal do Estado\",\"url\":\"https:\/\/portaldoestado.com.br\/\",\"logo\":{\"@type\":\"ImageObject\",\"inLanguage\":\"pt-BR\",\"@id\":\"https:\/\/portaldoestado.com.br\/#\/schema\/logo\/image\/\",\"url\":\"https:\/\/portaldoestado.com.br\/wp-content\/uploads\/2025\/04\/cropped-6f69b19a-6472-43bf-b1b3-e1910bbbd4e8.png\",\"contentUrl\":\"https:\/\/portaldoestado.com.br\/wp-content\/uploads\/2025\/04\/cropped-6f69b19a-6472-43bf-b1b3-e1910bbbd4e8.png\",\"width\":1024,\"height\":350,\"caption\":\"Portal do Estado\"},\"image\":{\"@id\":\"https:\/\/portaldoestado.com.br\/#\/schema\/logo\/image\/\"}},{\"@type\":\"Person\",\"@id\":\"https:\/\/portaldoestado.com.br\/#\/schema\/person\/5ca0174f3c8c84b59da62ea14b698cb9\",\"name\":\"assessoriadefamosos\",\"image\":{\"@type\":\"ImageObject\",\"inLanguage\":\"pt-BR\",\"@id\":\"https:\/\/portaldoestado.com.br\/#\/schema\/person\/image\/\",\"url\":\"https:\/\/secure.gravatar.com\/avatar\/a7acbdffcfbbae7240e59f47fe511ec5f5d8c252c779f0b8d9ab02a9e1d8c5ed?s=96&d=mm&r=g\",\"contentUrl\":\"https:\/\/secure.gravatar.com\/avatar\/a7acbdffcfbbae7240e59f47fe511ec5f5d8c252c779f0b8d9ab02a9e1d8c5ed?s=96&d=mm&r=g\",\"caption\":\"assessoriadefamosos\"},\"url\":\"https:\/\/portaldoestado.com.br\/index.php\/author\/assessoriadefamosos\/\"}]}<\/script>\n<!-- \/ Yoast SEO plugin. -->","yoast_head_json":{"title":"\"Dra. Lucia Kratz\" Revolucionando a Sa\u00fade Mental atrav\u00e9s da Neuromodula\u00e7\u00e3o e Tecnologia - Portal do Estado","robots":{"index":"index","follow":"follow","max-snippet":"max-snippet:-1","max-image-preview":"max-image-preview:large","max-video-preview":"max-video-preview:-1"},"canonical":"https:\/\/portaldoestado.com.br\/index.php\/2026\/04\/26\/dra-lucia-kratz-revolucionando-a-saude-mental-atraves-da-neuromodulacao-e-tecnologia\/","og_locale":"pt_BR","og_type":"article","og_title":"\"Dra. Lucia Kratz\" Revolucionando a Sa\u00fade Mental atrav\u00e9s da Neuromodula\u00e7\u00e3o e Tecnologia - Portal do Estado","og_description":"A psicologia contempor\u00e2nea vive um momento de ruptura, e a Dra. Lucia Kratz\u00a0est\u00e1 na linha de frente dessa transforma\u00e7\u00e3o. Com uma trajet\u00f3ria de mais de 25 anos, ela une a profundidade acad\u00eamica \u00e0 inova\u00e7\u00e3o tecnol\u00f3gica para criar um novo padr\u00e3o de atendimento cl\u00ednico. Sua atua\u00e7\u00e3o \u00e9 marcada pelo uso de metodologias ativas e inovadoras, garantindo \u2026","og_url":"https:\/\/portaldoestado.com.br\/index.php\/2026\/04\/26\/dra-lucia-kratz-revolucionando-a-saude-mental-atraves-da-neuromodulacao-e-tecnologia\/","og_site_name":"Portal do Estado","article_published_time":"2026-04-26T13:19:06+00:00","og_image":[{"width":760,"height":428,"url":"https:\/\/portaldoestado.com.br\/wp-content\/uploads\/2026\/04\/DraLuciaKratzPsicologa-02_mavicaassessoria.jpg","type":"image\/jpeg"}],"author":"assessoriadefamosos","twitter_card":"summary_large_image","twitter_misc":{"Escrito por":"assessoriadefamosos","Est. tempo de leitura":"4 minutos"},"schema":{"@context":"https:\/\/schema.org","@graph":[{"@type":"Article","@id":"https:\/\/portaldoestado.com.br\/index.php\/2026\/04\/26\/dra-lucia-kratz-revolucionando-a-saude-mental-atraves-da-neuromodulacao-e-tecnologia\/#article","isPartOf":{"@id":"https:\/\/portaldoestado.com.br\/index.php\/2026\/04\/26\/dra-lucia-kratz-revolucionando-a-saude-mental-atraves-da-neuromodulacao-e-tecnologia\/"},"author":{"name":"assessoriadefamosos","@id":"https:\/\/portaldoestado.com.br\/#\/schema\/person\/5ca0174f3c8c84b59da62ea14b698cb9"},"headline":"&#8220;Dra. Lucia Kratz&#8221; Revolucionando a Sa\u00fade Mental atrav\u00e9s da Neuromodula\u00e7\u00e3o e Tecnologia","datePublished":"2026-04-26T13:19:06+00:00","mainEntityOfPage":{"@id":"https:\/\/portaldoestado.com.br\/index.php\/2026\/04\/26\/dra-lucia-kratz-revolucionando-a-saude-mental-atraves-da-neuromodulacao-e-tecnologia\/"},"wordCount":748,"publisher":{"@id":"https:\/\/portaldoestado.com.br\/#organization"},"image":{"@id":"https:\/\/portaldoestado.com.br\/index.php\/2026\/04\/26\/dra-lucia-kratz-revolucionando-a-saude-mental-atraves-da-neuromodulacao-e-tecnologia\/#primaryimage"},"thumbnailUrl":"https:\/\/portaldoestado.com.br\/wp-content\/uploads\/2026\/04\/DraLuciaKratzPsicologa-02_mavicaassessoria.jpg","keywords":["claudelopes70","draluciakratz"],"articleSection":["Sa\u00fade"],"inLanguage":"pt-BR"},{"@type":"WebPage","@id":"https:\/\/portaldoestado.com.br\/index.php\/2026\/04\/26\/dra-lucia-kratz-revolucionando-a-saude-mental-atraves-da-neuromodulacao-e-tecnologia\/","url":"https:\/\/portaldoestado.com.br\/index.php\/2026\/04\/26\/dra-lucia-kratz-revolucionando-a-saude-mental-atraves-da-neuromodulacao-e-tecnologia\/","name":"\"Dra. Lucia Kratz\" Revolucionando a Sa\u00fade Mental atrav\u00e9s da Neuromodula\u00e7\u00e3o e Tecnologia - Portal do Estado","isPartOf":{"@id":"https:\/\/portaldoestado.com.br\/#website"},"primaryImageOfPage":{"@id":"https:\/\/portaldoestado.com.br\/index.php\/2026\/04\/26\/dra-lucia-kratz-revolucionando-a-saude-mental-atraves-da-neuromodulacao-e-tecnologia\/#primaryimage"},"image":{"@id":"https:\/\/portaldoestado.com.br\/index.php\/2026\/04\/26\/dra-lucia-kratz-revolucionando-a-saude-mental-atraves-da-neuromodulacao-e-tecnologia\/#primaryimage"},"thumbnailUrl":"https:\/\/portaldoestado.com.br\/wp-content\/uploads\/2026\/04\/DraLuciaKratzPsicologa-02_mavicaassessoria.jpg","datePublished":"2026-04-26T13:19:06+00:00","breadcrumb":{"@id":"https:\/\/portaldoestado.com.br\/index.php\/2026\/04\/26\/dra-lucia-kratz-revolucionando-a-saude-mental-atraves-da-neuromodulacao-e-tecnologia\/#breadcrumb"},"inLanguage":"pt-BR","potentialAction":[{"@type":"ReadAction","target":["https:\/\/portaldoestado.com.br\/index.php\/2026\/04\/26\/dra-lucia-kratz-revolucionando-a-saude-mental-atraves-da-neuromodulacao-e-tecnologia\/"]}]},{"@type":"ImageObject","inLanguage":"pt-BR","@id":"https:\/\/portaldoestado.com.br\/index.php\/2026\/04\/26\/dra-lucia-kratz-revolucionando-a-saude-mental-atraves-da-neuromodulacao-e-tecnologia\/#primaryimage","url":"https:\/\/portaldoestado.com.br\/wp-content\/uploads\/2026\/04\/DraLuciaKratzPsicologa-02_mavicaassessoria.jpg","contentUrl":"https:\/\/portaldoestado.com.br\/wp-content\/uploads\/2026\/04\/DraLuciaKratzPsicologa-02_mavicaassessoria.jpg","width":760,"height":428},{"@type":"BreadcrumbList","@id":"https:\/\/portaldoestado.com.br\/index.php\/2026\/04\/26\/dra-lucia-kratz-revolucionando-a-saude-mental-atraves-da-neuromodulacao-e-tecnologia\/#breadcrumb","itemListElement":[{"@type":"ListItem","position":1,"name":"In\u00edcio","item":"https:\/\/portaldoestado.com.br\/"},{"@type":"ListItem","position":2,"name":"&#8220;Dra. Lucia Kratz&#8221; Revolucionando a Sa\u00fade Mental atrav\u00e9s da Neuromodula\u00e7\u00e3o e Tecnologia"}]},{"@type":"WebSite","@id":"https:\/\/portaldoestado.com.br\/#website","url":"https:\/\/portaldoestado.com.br\/","name":"Portal do Estado","description":"","publisher":{"@id":"https:\/\/portaldoestado.com.br\/#organization"},"potentialAction":[{"@type":"SearchAction","target":{"@type":"EntryPoint","urlTemplate":"https:\/\/portaldoestado.com.br\/?s={search_term_string}"},"query-input":{"@type":"PropertyValueSpecification","valueRequired":true,"valueName":"search_term_string"}}],"inLanguage":"pt-BR"},{"@type":"Organization","@id":"https:\/\/portaldoestado.com.br\/#organization","name":"Portal do Estado","url":"https:\/\/portaldoestado.com.br\/","logo":{"@type":"ImageObject","inLanguage":"pt-BR","@id":"https:\/\/portaldoestado.com.br\/#\/schema\/logo\/image\/","url":"https:\/\/portaldoestado.com.br\/wp-content\/uploads\/2025\/04\/cropped-6f69b19a-6472-43bf-b1b3-e1910bbbd4e8.png","contentUrl":"https:\/\/portaldoestado.com.br\/wp-content\/uploads\/2025\/04\/cropped-6f69b19a-6472-43bf-b1b3-e1910bbbd4e8.png","width":1024,"height":350,"caption":"Portal do Estado"},"image":{"@id":"https:\/\/portaldoestado.com.br\/#\/schema\/logo\/image\/"}},{"@type":"Person","@id":"https:\/\/portaldoestado.com.br\/#\/schema\/person\/5ca0174f3c8c84b59da62ea14b698cb9","name":"assessoriadefamosos","image":{"@type":"ImageObject","inLanguage":"pt-BR","@id":"https:\/\/portaldoestado.com.br\/#\/schema\/person\/image\/","url":"https:\/\/secure.gravatar.com\/avatar\/a7acbdffcfbbae7240e59f47fe511ec5f5d8c252c779f0b8d9ab02a9e1d8c5ed?s=96&d=mm&r=g","contentUrl":"https:\/\/secure.gravatar.com\/avatar\/a7acbdffcfbbae7240e59f47fe511ec5f5d8c252c779f0b8d9ab02a9e1d8c5ed?s=96&d=mm&r=g","caption":"assessoriadefamosos"},"url":"https:\/\/portaldoestado.com.br\/index.php\/author\/assessoriadefamosos\/"}]}},"jetpack_featured_media_url":"https:\/\/portaldoestado.com.br\/wp-content\/uploads\/2026\/04\/DraLuciaKratzPsicologa-02_mavicaassessoria.jpg","_links":{"self":[{"href":"https:\/\/portaldoestado.com.br\/index.php\/wp-json\/wp\/v2\/posts\/8635","targetHints":{"allow":["GET"]}}],"collection":[{"href":"https:\/\/portaldoestado.com.br\/index.php\/wp-json\/wp\/v2\/posts"}],"about":[{"href":"https:\/\/portaldoestado.com.br\/index.php\/wp-json\/wp\/v2\/types\/post"}],"author":[{"embeddable":true,"href":"https:\/\/portaldoestado.com.br\/index.php\/wp-json\/wp\/v2\/users\/2"}],"replies":[{"embeddable":true,"href":"https:\/\/portaldoestado.com.br\/index.php\/wp-json\/wp\/v2\/comments?post=8635"}],"version-history":[{"count":1,"href":"https:\/\/portaldoestado.com.br\/index.php\/wp-json\/wp\/v2\/posts\/8635\/revisions"}],"predecessor-version":[{"id":8636,"href":"https:\/\/portaldoestado.com.br\/index.php\/wp-json\/wp\/v2\/posts\/8635\/revisions\/8636"}],"wp:featuredmedia":[{"embeddable":true,"href":"https:\/\/portaldoestado.com.br\/index.php\/wp-json\/wp\/v2\/media\/8634"}],"wp:attachment":[{"href":"https:\/\/portaldoestado.com.br\/index.php\/wp-json\/wp\/v2\/media?parent=8635"}],"wp:term":[{"taxonomy":"category","embeddable":true,"href":"https:\/\/portaldoestado.com.br\/index.php\/wp-json\/wp\/v2\/categories?post=8635"},{"taxonomy":"post_tag","embeddable":true,"href":"https:\/\/portaldoestado.com.br\/index.php\/wp-json\/wp\/v2\/tags?post=8635"}],"curies":[{"name":"wp","href":"https:\/\/api.w.org\/{rel}","templated":true}]}}