{"id":7809,"date":"2026-03-28T07:37:17","date_gmt":"2026-03-28T07:37:17","guid":{"rendered":"https:\/\/portaldoestado.com.br\/?p=7809"},"modified":"2026-03-28T07:37:17","modified_gmt":"2026-03-28T07:37:17","slug":"mileide-mihaile-celebra-aniversario-com-festa-sofisticada-e-clima-intimista-em-sao-paulo","status":"publish","type":"post","link":"https:\/\/portaldoestado.com.br\/index.php\/2026\/03\/28\/mileide-mihaile-celebra-aniversario-com-festa-sofisticada-e-clima-intimista-em-sao-paulo\/","title":{"rendered":"Mileide Mihaile celebra anivers\u00e1rio com festa sofisticada e clima intimista em S\u00e3o Paulo"},"content":{"rendered":"\n<p>A noite desta sexta-feira (27) foi marcada por eleg\u00e2ncia e exclusividade durante a comemora\u00e7\u00e3o de anivers\u00e1rio da influenciadora e empres\u00e1ria Mileide Mihaile, que celebrou seus 37 anos com um jantar intimista em S\u00e3o Paulo. Cercada por cerca de 120 convidados, entre amigos pr\u00f3ximos e familiares, a anfitri\u00e3 apostou em uma experi\u00eancia personalizada, onde cada detalhe foi pensado para proporcionar acolhimento e sofistica\u00e7\u00e3o.<\/p>\n\n\n\n<p>A curadoria e execu\u00e7\u00e3o do evento ficaram sob responsabilidade de Mariana Vazquez, que idealizou uma celebra\u00e7\u00e3o com conceito sensorial e interativo. Um dos diferenciais da noite foram os shows em formato 360\u00b0, sem palco, criando uma atmosfera envolvente e aproximando ainda mais os artistas do p\u00fablico. As apresenta\u00e7\u00f5es ficaram por conta de Mari Fernandez e Bizay.<\/p>\n\n\n\n<p>A ambienta\u00e7\u00e3o assinada pela Cento e Onze Produ\u00e7\u00f5es transformou o espa\u00e7o em um cen\u00e1rio sofisticado e acolhedor, com destaque para a ilumina\u00e7\u00e3o \u00e0 base de velas e a presen\u00e7a marcante de arranjos florais. A proposta trouxe um equil\u00edbrio entre eleg\u00e2ncia e proximidade, refletindo o estilo da aniversariante.<\/p>\n\n\n\n<p>No quesito gastronomia, o jantar apresentou um menu refinado com combina\u00e7\u00f5es contempor\u00e2neas e ingredientes selecionados. Entradas como cestinha de tartar e hossomaki de salm\u00e3o trufado abriram a experi\u00eancia, seguidas por pratos principais como risoto de cogumelos com salsa de trufa e peixe grelhado com pur\u00ea de mandioquinha. Para encerrar, sobremesas elaboradas como brownie 70% com nozes pecan e tiramisu com toque de maracuj\u00e1 completaram o card\u00e1pio.<\/p>\n\n\n\n<p>O bolo, um dos pontos altos da celebra\u00e7\u00e3o, foi criado por Ca\u00edque Rabello e impressionou pelo estilo maximalista, com mais de um metro de altura. J\u00e1 os doces finos ficaram sob responsabilidade da Enrolado e Granulado, garantindo uma mesa elegante e repleta de detalhes.<\/p>\n\n\n\n<p>A inova\u00e7\u00e3o tamb\u00e9m marcou presen\u00e7a com o sistema de fotos em tempo real comandado por Fabiano Chaves. A tecnologia permitiu que os convidados acessassem e compartilhassem imagens instantaneamente por meio de QR Code, ampliando a experi\u00eancia digital do evento. Como lembran\u00e7a, foram distribu\u00eddas necessaires personalizadas assinadas pela BZ Gifts.<\/p>\n\n\n\n<p>Atenta a cada etapa da celebra\u00e7\u00e3o, Mileide fez quest\u00e3o de imprimir sua ess\u00eancia em todos os detalhes. \u201cEu gosto de viver cada momento e participar de tudo. Queria que fosse uma noite especial n\u00e3o s\u00f3 pra mim, mas para todos que fazem parte da minha vida. Cada escolha teve muito carinho envolvido\u201d, afirmou a influenciadora, emocionada com a celebra\u00e7\u00e3o.<\/p>\n","protected":false},"excerpt":{"rendered":"<p>A noite desta sexta-feira (27) foi marcada por eleg\u00e2ncia e exclusividade durante a comemora\u00e7\u00e3o de anivers\u00e1rio da influenciadora e empres\u00e1ria Mileide Mihaile, que celebrou seus 37 anos com um jantar intimista em S\u00e3o Paulo. Cercada por cerca de 120 convidados, entre amigos pr\u00f3ximos e familiares, a anfitri\u00e3 apostou em uma experi\u00eancia personalizada, onde cada detalhe \u2026<\/p>\n","protected":false},"author":2,"featured_media":7808,"comment_status":"closed","ping_status":"open","sticky":false,"template":"","format":"standard","meta":{"footnotes":""},"categories":[3],"tags":[],"class_list":["post-7809","post","type-post","status-publish","format-standard","has-post-thumbnail","hentry","category-famosos"],"yoast_head":"<!-- This site is optimized with the Yoast SEO plugin v25.5 - https:\/\/yoast.com\/wordpress\/plugins\/seo\/ -->\n<title>Mileide Mihaile celebra anivers\u00e1rio com festa sofisticada e clima intimista em S\u00e3o Paulo - Portal do Estado<\/title>\n<meta name=\"robots\" content=\"index, follow, max-snippet:-1, max-image-preview:large, max-video-preview:-1\" \/>\n<link rel=\"canonical\" href=\"https:\/\/portaldoestado.com.br\/index.php\/2026\/03\/28\/mileide-mihaile-celebra-aniversario-com-festa-sofisticada-e-clima-intimista-em-sao-paulo\/\" \/>\n<meta property=\"og:locale\" content=\"pt_BR\" \/>\n<meta property=\"og:type\" content=\"article\" \/>\n<meta property=\"og:title\" content=\"Mileide Mihaile celebra anivers\u00e1rio com festa sofisticada e clima intimista em S\u00e3o Paulo - Portal do Estado\" \/>\n<meta property=\"og:description\" content=\"A noite desta sexta-feira (27) foi marcada por eleg\u00e2ncia e exclusividade durante a comemora\u00e7\u00e3o de anivers\u00e1rio da influenciadora e empres\u00e1ria Mileide Mihaile, que celebrou seus 37 anos com um jantar intimista em S\u00e3o Paulo. Cercada por cerca de 120 convidados, entre amigos pr\u00f3ximos e familiares, a anfitri\u00e3 apostou em uma experi\u00eancia personalizada, onde cada detalhe \u2026\" \/>\n<meta property=\"og:url\" content=\"https:\/\/portaldoestado.com.br\/index.php\/2026\/03\/28\/mileide-mihaile-celebra-aniversario-com-festa-sofisticada-e-clima-intimista-em-sao-paulo\/\" \/>\n<meta property=\"og:site_name\" content=\"Portal do Estado\" \/>\n<meta property=\"article:published_time\" content=\"2026-03-28T07:37:17+00:00\" \/>\n<meta property=\"og:image\" content=\"https:\/\/portaldoestado.com.br\/wp-content\/uploads\/2026\/03\/WhatsApp-Image-2026-03-27-at-20.17.03-e1774682968785-780x470-1.jpg\" \/>\n\t<meta property=\"og:image:width\" content=\"780\" \/>\n\t<meta property=\"og:image:height\" content=\"470\" \/>\n\t<meta property=\"og:image:type\" content=\"image\/jpeg\" \/>\n<meta name=\"author\" content=\"assessoriadefamosos\" \/>\n<meta name=\"twitter:card\" content=\"summary_large_image\" \/>\n<meta name=\"twitter:label1\" content=\"Escrito por\" \/>\n\t<meta name=\"twitter:data1\" content=\"assessoriadefamosos\" \/>\n\t<meta name=\"twitter:label2\" content=\"Est. tempo de leitura\" \/>\n\t<meta name=\"twitter:data2\" content=\"2 minutos\" \/>\n<script type=\"application\/ld+json\" class=\"yoast-schema-graph\">{\"@context\":\"https:\/\/schema.org\",\"@graph\":[{\"@type\":\"Article\",\"@id\":\"https:\/\/portaldoestado.com.br\/index.php\/2026\/03\/28\/mileide-mihaile-celebra-aniversario-com-festa-sofisticada-e-clima-intimista-em-sao-paulo\/#article\",\"isPartOf\":{\"@id\":\"https:\/\/portaldoestado.com.br\/index.php\/2026\/03\/28\/mileide-mihaile-celebra-aniversario-com-festa-sofisticada-e-clima-intimista-em-sao-paulo\/\"},\"author\":{\"name\":\"assessoriadefamosos\",\"@id\":\"https:\/\/portaldoestado.com.br\/#\/schema\/person\/5ca0174f3c8c84b59da62ea14b698cb9\"},\"headline\":\"Mileide Mihaile celebra anivers\u00e1rio com festa sofisticada e clima intimista em S\u00e3o Paulo\",\"datePublished\":\"2026-03-28T07:37:17+00:00\",\"mainEntityOfPage\":{\"@id\":\"https:\/\/portaldoestado.com.br\/index.php\/2026\/03\/28\/mileide-mihaile-celebra-aniversario-com-festa-sofisticada-e-clima-intimista-em-sao-paulo\/\"},\"wordCount\":430,\"publisher\":{\"@id\":\"https:\/\/portaldoestado.com.br\/#organization\"},\"image\":{\"@id\":\"https:\/\/portaldoestado.com.br\/index.php\/2026\/03\/28\/mileide-mihaile-celebra-aniversario-com-festa-sofisticada-e-clima-intimista-em-sao-paulo\/#primaryimage\"},\"thumbnailUrl\":\"https:\/\/portaldoestado.com.br\/wp-content\/uploads\/2026\/03\/WhatsApp-Image-2026-03-27-at-20.17.03-e1774682968785-780x470-1.jpg\",\"articleSection\":[\"Famosos\"],\"inLanguage\":\"pt-BR\"},{\"@type\":\"WebPage\",\"@id\":\"https:\/\/portaldoestado.com.br\/index.php\/2026\/03\/28\/mileide-mihaile-celebra-aniversario-com-festa-sofisticada-e-clima-intimista-em-sao-paulo\/\",\"url\":\"https:\/\/portaldoestado.com.br\/index.php\/2026\/03\/28\/mileide-mihaile-celebra-aniversario-com-festa-sofisticada-e-clima-intimista-em-sao-paulo\/\",\"name\":\"Mileide Mihaile celebra anivers\u00e1rio com festa sofisticada e clima intimista em S\u00e3o Paulo - Portal do Estado\",\"isPartOf\":{\"@id\":\"https:\/\/portaldoestado.com.br\/#website\"},\"primaryImageOfPage\":{\"@id\":\"https:\/\/portaldoestado.com.br\/index.php\/2026\/03\/28\/mileide-mihaile-celebra-aniversario-com-festa-sofisticada-e-clima-intimista-em-sao-paulo\/#primaryimage\"},\"image\":{\"@id\":\"https:\/\/portaldoestado.com.br\/index.php\/2026\/03\/28\/mileide-mihaile-celebra-aniversario-com-festa-sofisticada-e-clima-intimista-em-sao-paulo\/#primaryimage\"},\"thumbnailUrl\":\"https:\/\/portaldoestado.com.br\/wp-content\/uploads\/2026\/03\/WhatsApp-Image-2026-03-27-at-20.17.03-e1774682968785-780x470-1.jpg\",\"datePublished\":\"2026-03-28T07:37:17+00:00\",\"breadcrumb\":{\"@id\":\"https:\/\/portaldoestado.com.br\/index.php\/2026\/03\/28\/mileide-mihaile-celebra-aniversario-com-festa-sofisticada-e-clima-intimista-em-sao-paulo\/#breadcrumb\"},\"inLanguage\":\"pt-BR\",\"potentialAction\":[{\"@type\":\"ReadAction\",\"target\":[\"https:\/\/portaldoestado.com.br\/index.php\/2026\/03\/28\/mileide-mihaile-celebra-aniversario-com-festa-sofisticada-e-clima-intimista-em-sao-paulo\/\"]}]},{\"@type\":\"ImageObject\",\"inLanguage\":\"pt-BR\",\"@id\":\"https:\/\/portaldoestado.com.br\/index.php\/2026\/03\/28\/mileide-mihaile-celebra-aniversario-com-festa-sofisticada-e-clima-intimista-em-sao-paulo\/#primaryimage\",\"url\":\"https:\/\/portaldoestado.com.br\/wp-content\/uploads\/2026\/03\/WhatsApp-Image-2026-03-27-at-20.17.03-e1774682968785-780x470-1.jpg\",\"contentUrl\":\"https:\/\/portaldoestado.com.br\/wp-content\/uploads\/2026\/03\/WhatsApp-Image-2026-03-27-at-20.17.03-e1774682968785-780x470-1.jpg\",\"width\":780,\"height\":470},{\"@type\":\"BreadcrumbList\",\"@id\":\"https:\/\/portaldoestado.com.br\/index.php\/2026\/03\/28\/mileide-mihaile-celebra-aniversario-com-festa-sofisticada-e-clima-intimista-em-sao-paulo\/#breadcrumb\",\"itemListElement\":[{\"@type\":\"ListItem\",\"position\":1,\"name\":\"In\u00edcio\",\"item\":\"https:\/\/portaldoestado.com.br\/\"},{\"@type\":\"ListItem\",\"position\":2,\"name\":\"Mileide Mihaile celebra anivers\u00e1rio com festa sofisticada e clima intimista em S\u00e3o Paulo\"}]},{\"@type\":\"WebSite\",\"@id\":\"https:\/\/portaldoestado.com.br\/#website\",\"url\":\"https:\/\/portaldoestado.com.br\/\",\"name\":\"Portal do Estado\",\"description\":\"\",\"publisher\":{\"@id\":\"https:\/\/portaldoestado.com.br\/#organization\"},\"potentialAction\":[{\"@type\":\"SearchAction\",\"target\":{\"@type\":\"EntryPoint\",\"urlTemplate\":\"https:\/\/portaldoestado.com.br\/?s={search_term_string}\"},\"query-input\":{\"@type\":\"PropertyValueSpecification\",\"valueRequired\":true,\"valueName\":\"search_term_string\"}}],\"inLanguage\":\"pt-BR\"},{\"@type\":\"Organization\",\"@id\":\"https:\/\/portaldoestado.com.br\/#organization\",\"name\":\"Portal do Estado\",\"url\":\"https:\/\/portaldoestado.com.br\/\",\"logo\":{\"@type\":\"ImageObject\",\"inLanguage\":\"pt-BR\",\"@id\":\"https:\/\/portaldoestado.com.br\/#\/schema\/logo\/image\/\",\"url\":\"https:\/\/portaldoestado.com.br\/wp-content\/uploads\/2025\/04\/cropped-6f69b19a-6472-43bf-b1b3-e1910bbbd4e8.png\",\"contentUrl\":\"https:\/\/portaldoestado.com.br\/wp-content\/uploads\/2025\/04\/cropped-6f69b19a-6472-43bf-b1b3-e1910bbbd4e8.png\",\"width\":1024,\"height\":350,\"caption\":\"Portal do Estado\"},\"image\":{\"@id\":\"https:\/\/portaldoestado.com.br\/#\/schema\/logo\/image\/\"}},{\"@type\":\"Person\",\"@id\":\"https:\/\/portaldoestado.com.br\/#\/schema\/person\/5ca0174f3c8c84b59da62ea14b698cb9\",\"name\":\"assessoriadefamosos\",\"image\":{\"@type\":\"ImageObject\",\"inLanguage\":\"pt-BR\",\"@id\":\"https:\/\/portaldoestado.com.br\/#\/schema\/person\/image\/\",\"url\":\"https:\/\/secure.gravatar.com\/avatar\/a7acbdffcfbbae7240e59f47fe511ec5f5d8c252c779f0b8d9ab02a9e1d8c5ed?s=96&d=mm&r=g\",\"contentUrl\":\"https:\/\/secure.gravatar.com\/avatar\/a7acbdffcfbbae7240e59f47fe511ec5f5d8c252c779f0b8d9ab02a9e1d8c5ed?s=96&d=mm&r=g\",\"caption\":\"assessoriadefamosos\"},\"url\":\"https:\/\/portaldoestado.com.br\/index.php\/author\/assessoriadefamosos\/\"}]}<\/script>\n<!-- \/ Yoast SEO plugin. -->","yoast_head_json":{"title":"Mileide Mihaile celebra anivers\u00e1rio com festa sofisticada e clima intimista em S\u00e3o Paulo - Portal do Estado","robots":{"index":"index","follow":"follow","max-snippet":"max-snippet:-1","max-image-preview":"max-image-preview:large","max-video-preview":"max-video-preview:-1"},"canonical":"https:\/\/portaldoestado.com.br\/index.php\/2026\/03\/28\/mileide-mihaile-celebra-aniversario-com-festa-sofisticada-e-clima-intimista-em-sao-paulo\/","og_locale":"pt_BR","og_type":"article","og_title":"Mileide Mihaile celebra anivers\u00e1rio com festa sofisticada e clima intimista em S\u00e3o Paulo - Portal do Estado","og_description":"A noite desta sexta-feira (27) foi marcada por eleg\u00e2ncia e exclusividade durante a comemora\u00e7\u00e3o de anivers\u00e1rio da influenciadora e empres\u00e1ria Mileide Mihaile, que celebrou seus 37 anos com um jantar intimista em S\u00e3o Paulo. Cercada por cerca de 120 convidados, entre amigos pr\u00f3ximos e familiares, a anfitri\u00e3 apostou em uma experi\u00eancia personalizada, onde cada detalhe \u2026","og_url":"https:\/\/portaldoestado.com.br\/index.php\/2026\/03\/28\/mileide-mihaile-celebra-aniversario-com-festa-sofisticada-e-clima-intimista-em-sao-paulo\/","og_site_name":"Portal do Estado","article_published_time":"2026-03-28T07:37:17+00:00","og_image":[{"width":780,"height":470,"url":"https:\/\/portaldoestado.com.br\/wp-content\/uploads\/2026\/03\/WhatsApp-Image-2026-03-27-at-20.17.03-e1774682968785-780x470-1.jpg","type":"image\/jpeg"}],"author":"assessoriadefamosos","twitter_card":"summary_large_image","twitter_misc":{"Escrito por":"assessoriadefamosos","Est. tempo de leitura":"2 minutos"},"schema":{"@context":"https:\/\/schema.org","@graph":[{"@type":"Article","@id":"https:\/\/portaldoestado.com.br\/index.php\/2026\/03\/28\/mileide-mihaile-celebra-aniversario-com-festa-sofisticada-e-clima-intimista-em-sao-paulo\/#article","isPartOf":{"@id":"https:\/\/portaldoestado.com.br\/index.php\/2026\/03\/28\/mileide-mihaile-celebra-aniversario-com-festa-sofisticada-e-clima-intimista-em-sao-paulo\/"},"author":{"name":"assessoriadefamosos","@id":"https:\/\/portaldoestado.com.br\/#\/schema\/person\/5ca0174f3c8c84b59da62ea14b698cb9"},"headline":"Mileide Mihaile celebra anivers\u00e1rio com festa sofisticada e clima intimista em S\u00e3o Paulo","datePublished":"2026-03-28T07:37:17+00:00","mainEntityOfPage":{"@id":"https:\/\/portaldoestado.com.br\/index.php\/2026\/03\/28\/mileide-mihaile-celebra-aniversario-com-festa-sofisticada-e-clima-intimista-em-sao-paulo\/"},"wordCount":430,"publisher":{"@id":"https:\/\/portaldoestado.com.br\/#organization"},"image":{"@id":"https:\/\/portaldoestado.com.br\/index.php\/2026\/03\/28\/mileide-mihaile-celebra-aniversario-com-festa-sofisticada-e-clima-intimista-em-sao-paulo\/#primaryimage"},"thumbnailUrl":"https:\/\/portaldoestado.com.br\/wp-content\/uploads\/2026\/03\/WhatsApp-Image-2026-03-27-at-20.17.03-e1774682968785-780x470-1.jpg","articleSection":["Famosos"],"inLanguage":"pt-BR"},{"@type":"WebPage","@id":"https:\/\/portaldoestado.com.br\/index.php\/2026\/03\/28\/mileide-mihaile-celebra-aniversario-com-festa-sofisticada-e-clima-intimista-em-sao-paulo\/","url":"https:\/\/portaldoestado.com.br\/index.php\/2026\/03\/28\/mileide-mihaile-celebra-aniversario-com-festa-sofisticada-e-clima-intimista-em-sao-paulo\/","name":"Mileide Mihaile celebra anivers\u00e1rio com festa sofisticada e clima intimista em S\u00e3o Paulo - Portal do Estado","isPartOf":{"@id":"https:\/\/portaldoestado.com.br\/#website"},"primaryImageOfPage":{"@id":"https:\/\/portaldoestado.com.br\/index.php\/2026\/03\/28\/mileide-mihaile-celebra-aniversario-com-festa-sofisticada-e-clima-intimista-em-sao-paulo\/#primaryimage"},"image":{"@id":"https:\/\/portaldoestado.com.br\/index.php\/2026\/03\/28\/mileide-mihaile-celebra-aniversario-com-festa-sofisticada-e-clima-intimista-em-sao-paulo\/#primaryimage"},"thumbnailUrl":"https:\/\/portaldoestado.com.br\/wp-content\/uploads\/2026\/03\/WhatsApp-Image-2026-03-27-at-20.17.03-e1774682968785-780x470-1.jpg","datePublished":"2026-03-28T07:37:17+00:00","breadcrumb":{"@id":"https:\/\/portaldoestado.com.br\/index.php\/2026\/03\/28\/mileide-mihaile-celebra-aniversario-com-festa-sofisticada-e-clima-intimista-em-sao-paulo\/#breadcrumb"},"inLanguage":"pt-BR","potentialAction":[{"@type":"ReadAction","target":["https:\/\/portaldoestado.com.br\/index.php\/2026\/03\/28\/mileide-mihaile-celebra-aniversario-com-festa-sofisticada-e-clima-intimista-em-sao-paulo\/"]}]},{"@type":"ImageObject","inLanguage":"pt-BR","@id":"https:\/\/portaldoestado.com.br\/index.php\/2026\/03\/28\/mileide-mihaile-celebra-aniversario-com-festa-sofisticada-e-clima-intimista-em-sao-paulo\/#primaryimage","url":"https:\/\/portaldoestado.com.br\/wp-content\/uploads\/2026\/03\/WhatsApp-Image-2026-03-27-at-20.17.03-e1774682968785-780x470-1.jpg","contentUrl":"https:\/\/portaldoestado.com.br\/wp-content\/uploads\/2026\/03\/WhatsApp-Image-2026-03-27-at-20.17.03-e1774682968785-780x470-1.jpg","width":780,"height":470},{"@type":"BreadcrumbList","@id":"https:\/\/portaldoestado.com.br\/index.php\/2026\/03\/28\/mileide-mihaile-celebra-aniversario-com-festa-sofisticada-e-clima-intimista-em-sao-paulo\/#breadcrumb","itemListElement":[{"@type":"ListItem","position":1,"name":"In\u00edcio","item":"https:\/\/portaldoestado.com.br\/"},{"@type":"ListItem","position":2,"name":"Mileide Mihaile celebra anivers\u00e1rio com festa sofisticada e clima intimista em S\u00e3o Paulo"}]},{"@type":"WebSite","@id":"https:\/\/portaldoestado.com.br\/#website","url":"https:\/\/portaldoestado.com.br\/","name":"Portal do Estado","description":"","publisher":{"@id":"https:\/\/portaldoestado.com.br\/#organization"},"potentialAction":[{"@type":"SearchAction","target":{"@type":"EntryPoint","urlTemplate":"https:\/\/portaldoestado.com.br\/?s={search_term_string}"},"query-input":{"@type":"PropertyValueSpecification","valueRequired":true,"valueName":"search_term_string"}}],"inLanguage":"pt-BR"},{"@type":"Organization","@id":"https:\/\/portaldoestado.com.br\/#organization","name":"Portal do Estado","url":"https:\/\/portaldoestado.com.br\/","logo":{"@type":"ImageObject","inLanguage":"pt-BR","@id":"https:\/\/portaldoestado.com.br\/#\/schema\/logo\/image\/","url":"https:\/\/portaldoestado.com.br\/wp-content\/uploads\/2025\/04\/cropped-6f69b19a-6472-43bf-b1b3-e1910bbbd4e8.png","contentUrl":"https:\/\/portaldoestado.com.br\/wp-content\/uploads\/2025\/04\/cropped-6f69b19a-6472-43bf-b1b3-e1910bbbd4e8.png","width":1024,"height":350,"caption":"Portal do Estado"},"image":{"@id":"https:\/\/portaldoestado.com.br\/#\/schema\/logo\/image\/"}},{"@type":"Person","@id":"https:\/\/portaldoestado.com.br\/#\/schema\/person\/5ca0174f3c8c84b59da62ea14b698cb9","name":"assessoriadefamosos","image":{"@type":"ImageObject","inLanguage":"pt-BR","@id":"https:\/\/portaldoestado.com.br\/#\/schema\/person\/image\/","url":"https:\/\/secure.gravatar.com\/avatar\/a7acbdffcfbbae7240e59f47fe511ec5f5d8c252c779f0b8d9ab02a9e1d8c5ed?s=96&d=mm&r=g","contentUrl":"https:\/\/secure.gravatar.com\/avatar\/a7acbdffcfbbae7240e59f47fe511ec5f5d8c252c779f0b8d9ab02a9e1d8c5ed?s=96&d=mm&r=g","caption":"assessoriadefamosos"},"url":"https:\/\/portaldoestado.com.br\/index.php\/author\/assessoriadefamosos\/"}]}},"jetpack_featured_media_url":"https:\/\/portaldoestado.com.br\/wp-content\/uploads\/2026\/03\/WhatsApp-Image-2026-03-27-at-20.17.03-e1774682968785-780x470-1.jpg","_links":{"self":[{"href":"https:\/\/portaldoestado.com.br\/index.php\/wp-json\/wp\/v2\/posts\/7809","targetHints":{"allow":["GET"]}}],"collection":[{"href":"https:\/\/portaldoestado.com.br\/index.php\/wp-json\/wp\/v2\/posts"}],"about":[{"href":"https:\/\/portaldoestado.com.br\/index.php\/wp-json\/wp\/v2\/types\/post"}],"author":[{"embeddable":true,"href":"https:\/\/portaldoestado.com.br\/index.php\/wp-json\/wp\/v2\/users\/2"}],"replies":[{"embeddable":true,"href":"https:\/\/portaldoestado.com.br\/index.php\/wp-json\/wp\/v2\/comments?post=7809"}],"version-history":[{"count":1,"href":"https:\/\/portaldoestado.com.br\/index.php\/wp-json\/wp\/v2\/posts\/7809\/revisions"}],"predecessor-version":[{"id":7810,"href":"https:\/\/portaldoestado.com.br\/index.php\/wp-json\/wp\/v2\/posts\/7809\/revisions\/7810"}],"wp:featuredmedia":[{"embeddable":true,"href":"https:\/\/portaldoestado.com.br\/index.php\/wp-json\/wp\/v2\/media\/7808"}],"wp:attachment":[{"href":"https:\/\/portaldoestado.com.br\/index.php\/wp-json\/wp\/v2\/media?parent=7809"}],"wp:term":[{"taxonomy":"category","embeddable":true,"href":"https:\/\/portaldoestado.com.br\/index.php\/wp-json\/wp\/v2\/categories?post=7809"},{"taxonomy":"post_tag","embeddable":true,"href":"https:\/\/portaldoestado.com.br\/index.php\/wp-json\/wp\/v2\/tags?post=7809"}],"curies":[{"name":"wp","href":"https:\/\/api.w.org\/{rel}","templated":true}]}}