{"id":7803,"date":"2026-03-28T06:50:18","date_gmt":"2026-03-28T06:50:18","guid":{"rendered":"https:\/\/portaldoestado.com.br\/?p=7803"},"modified":"2026-03-28T06:50:18","modified_gmt":"2026-03-28T06:50:18","slug":"luan-santana-leva-multidao-ao-delirio-e-emociona-fas-em-noite-historica-no-limeira-rodeo-music","status":"publish","type":"post","link":"https:\/\/portaldoestado.com.br\/index.php\/2026\/03\/28\/luan-santana-leva-multidao-ao-delirio-e-emociona-fas-em-noite-historica-no-limeira-rodeo-music\/","title":{"rendered":"Luan Santana leva multid\u00e3o ao del\u00edrio e emociona f\u00e3s em noite hist\u00f3rica no Limeira Rodeo Music"},"content":{"rendered":"\n<p>O Limeira Rodeo Music viveu mais uma noite de grande sucesso nesta sexta-feira, com a apresenta\u00e7\u00e3o de Luan Santana. Dono de uma das carreiras mais consolidadas do sertanejo, o artista reuniu uma multid\u00e3o e transformou o evento em um verdadeiro espet\u00e1culo de emo\u00e7\u00e3o.<\/p>\n\n\n\n<p>A arena ficou completamente lotada, com f\u00e3s ansiosos que acompanharam cada momento do show. Assim que subiu ao palco, Luan foi recebido com gritos e aplausos, dando in\u00edcio a uma apresenta\u00e7\u00e3o envolvente e cheia de energia.<\/p>\n\n\n\n<p>Durante o show, o cantor apresentou seus maiores sucessos, levando o p\u00fablico a cantar junto do come\u00e7o ao fim. Em diversos momentos, a plateia foi ao del\u00edrio, refor\u00e7ando a conex\u00e3o intensa entre artista e f\u00e3s.<\/p>\n\n\n\n<p>Mas foram nas m\u00fasicas rom\u00e2nticas que a noite ganhou um tom ainda mais especial. Com letras que marcaram hist\u00f3rias de amor, Luan emocionou o p\u00fablico \u2014 e n\u00e3o faltaram l\u00e1grimas entre os f\u00e3s, que viveram momentos inesquec\u00edveis ao som de can\u00e7\u00f5es que atravessam gera\u00e7\u00f5es.<\/p>\n\n\n\n<p>Carism\u00e1tico, o cantor tamb\u00e9m chamou aten\u00e7\u00e3o pelas trocas de figurino ao longo da apresenta\u00e7\u00e3o, al\u00e9m da leveza e alegria que trouxe ao palco, mantendo o clima alto astral durante toda a noite.<\/p>\n\n\n\n<p>Antes do show, Luan foi recebido pelo empres\u00e1rio Matheus Calil, respons\u00e1vel pela organiza\u00e7\u00e3o do evento, que celebrou o sucesso de mais uma noite hist\u00f3rica do rodeio.<\/p>\n\n\n\n<p>Com mais um espet\u00e1culo consagrado, o Limeira Rodeo Music se prepara agora para o grande encerramento. Neste s\u00e1bado, quem sobe ao palco \u00e9 o \u201cEmbaixador\u201d, Gusttavo Lima, prometendo fechar o evento com chave de ouro e mais uma noite memor\u00e1vel para o p\u00fablico.<\/p>\n\n\n<!-- wp:image \"id\":107568,\"align\":\"center\" -->\n<figure class=\"wp-block-image aligncenter\"><img decoding=\"async\" src=\"https:\/\/tonafama.ig.com.br\/wp-content\/uploads\/2026\/03\/2f9943ea-b3ef-487f-8c9f-d7cf8178dfbc-683x1024.jpg\" alt=\"\" class=\"wp-image-107568\"\/><\/figure>\n<!-- \/wp:post-content -->\n\n<!-- wp:image \"id\":107566,\"align\":\"center\" -->\n<figure class=\"wp-block-image aligncenter\"><img decoding=\"async\" src=\"https:\/\/tonafama.ig.com.br\/wp-content\/uploads\/2026\/03\/03388ac8-e5e1-431c-a2bf-73ea712c6a51-1024x683.jpg\" alt=\"\" class=\"wp-image-107566\"\/><\/figure>\n<!-- \/wp:image -->\n\n<!-- wp:image \"id\":107567,\"align\":\"center\" -->\n<figure class=\"wp-block-image aligncenter\"><img decoding=\"async\" src=\"https:\/\/tonafama.ig.com.br\/wp-content\/uploads\/2026\/03\/dbb5abc3-d7c8-419e-955e-69bc12f8e8d6-1024x683.jpg\" alt=\"\" class=\"wp-image-107567\"\/><\/figure>\n<!-- \/wp:image -->","protected":false},"excerpt":{"rendered":"<p>O Limeira Rodeo Music viveu mais uma noite de grande sucesso nesta sexta-feira, com a apresenta\u00e7\u00e3o de Luan Santana. Dono de uma das carreiras mais consolidadas do sertanejo, o artista reuniu uma multid\u00e3o e transformou o evento em um verdadeiro espet\u00e1culo de emo\u00e7\u00e3o. A arena ficou completamente lotada, com f\u00e3s ansiosos que acompanharam cada momento \u2026<\/p>\n","protected":false},"author":2,"featured_media":7802,"comment_status":"closed","ping_status":"open","sticky":false,"template":"","format":"standard","meta":{"footnotes":""},"categories":[3],"tags":[],"class_list":["post-7803","post","type-post","status-publish","format-standard","has-post-thumbnail","hentry","category-famosos"],"yoast_head":"<!-- This site is optimized with the Yoast SEO plugin v25.5 - https:\/\/yoast.com\/wordpress\/plugins\/seo\/ -->\n<title>Luan Santana leva multid\u00e3o ao del\u00edrio e emociona f\u00e3s em noite hist\u00f3rica no Limeira Rodeo Music - Portal do Estado<\/title>\n<meta name=\"robots\" content=\"index, follow, max-snippet:-1, max-image-preview:large, max-video-preview:-1\" \/>\n<link rel=\"canonical\" href=\"https:\/\/portaldoestado.com.br\/index.php\/2026\/03\/28\/luan-santana-leva-multidao-ao-delirio-e-emociona-fas-em-noite-historica-no-limeira-rodeo-music\/\" \/>\n<meta property=\"og:locale\" content=\"pt_BR\" \/>\n<meta property=\"og:type\" content=\"article\" \/>\n<meta property=\"og:title\" content=\"Luan Santana leva multid\u00e3o ao del\u00edrio e emociona f\u00e3s em noite hist\u00f3rica no Limeira Rodeo Music - Portal do Estado\" \/>\n<meta property=\"og:description\" content=\"O Limeira Rodeo Music viveu mais uma noite de grande sucesso nesta sexta-feira, com a apresenta\u00e7\u00e3o de Luan Santana. Dono de uma das carreiras mais consolidadas do sertanejo, o artista reuniu uma multid\u00e3o e transformou o evento em um verdadeiro espet\u00e1culo de emo\u00e7\u00e3o. A arena ficou completamente lotada, com f\u00e3s ansiosos que acompanharam cada momento \u2026\" \/>\n<meta property=\"og:url\" content=\"https:\/\/portaldoestado.com.br\/index.php\/2026\/03\/28\/luan-santana-leva-multidao-ao-delirio-e-emociona-fas-em-noite-historica-no-limeira-rodeo-music\/\" \/>\n<meta property=\"og:site_name\" content=\"Portal do Estado\" \/>\n<meta property=\"article:published_time\" content=\"2026-03-28T06:50:18+00:00\" \/>\n<meta property=\"og:image\" content=\"https:\/\/portaldoestado.com.br\/wp-content\/uploads\/2026\/03\/Captura-de-tela-2026-03-28-033931.png\" \/>\n\t<meta property=\"og:image:width\" content=\"452\" \/>\n\t<meta property=\"og:image:height\" content=\"280\" \/>\n\t<meta property=\"og:image:type\" content=\"image\/png\" \/>\n<meta name=\"author\" content=\"assessoriadefamosos\" \/>\n<meta name=\"twitter:card\" content=\"summary_large_image\" \/>\n<meta name=\"twitter:label1\" content=\"Escrito por\" \/>\n\t<meta name=\"twitter:data1\" content=\"assessoriadefamosos\" \/>\n\t<meta name=\"twitter:label2\" content=\"Est. tempo de leitura\" \/>\n\t<meta name=\"twitter:data2\" content=\"1 minuto\" \/>\n<script type=\"application\/ld+json\" class=\"yoast-schema-graph\">{\"@context\":\"https:\/\/schema.org\",\"@graph\":[{\"@type\":\"Article\",\"@id\":\"https:\/\/portaldoestado.com.br\/index.php\/2026\/03\/28\/luan-santana-leva-multidao-ao-delirio-e-emociona-fas-em-noite-historica-no-limeira-rodeo-music\/#article\",\"isPartOf\":{\"@id\":\"https:\/\/portaldoestado.com.br\/index.php\/2026\/03\/28\/luan-santana-leva-multidao-ao-delirio-e-emociona-fas-em-noite-historica-no-limeira-rodeo-music\/\"},\"author\":{\"name\":\"assessoriadefamosos\",\"@id\":\"https:\/\/portaldoestado.com.br\/#\/schema\/person\/5ca0174f3c8c84b59da62ea14b698cb9\"},\"headline\":\"Luan Santana leva multid\u00e3o ao del\u00edrio e emociona f\u00e3s em noite hist\u00f3rica no Limeira Rodeo Music\",\"datePublished\":\"2026-03-28T06:50:18+00:00\",\"mainEntityOfPage\":{\"@id\":\"https:\/\/portaldoestado.com.br\/index.php\/2026\/03\/28\/luan-santana-leva-multidao-ao-delirio-e-emociona-fas-em-noite-historica-no-limeira-rodeo-music\/\"},\"wordCount\":313,\"publisher\":{\"@id\":\"https:\/\/portaldoestado.com.br\/#organization\"},\"image\":{\"@id\":\"https:\/\/portaldoestado.com.br\/index.php\/2026\/03\/28\/luan-santana-leva-multidao-ao-delirio-e-emociona-fas-em-noite-historica-no-limeira-rodeo-music\/#primaryimage\"},\"thumbnailUrl\":\"https:\/\/portaldoestado.com.br\/wp-content\/uploads\/2026\/03\/Captura-de-tela-2026-03-28-033931.png\",\"articleSection\":[\"Famosos\"],\"inLanguage\":\"pt-BR\"},{\"@type\":\"WebPage\",\"@id\":\"https:\/\/portaldoestado.com.br\/index.php\/2026\/03\/28\/luan-santana-leva-multidao-ao-delirio-e-emociona-fas-em-noite-historica-no-limeira-rodeo-music\/\",\"url\":\"https:\/\/portaldoestado.com.br\/index.php\/2026\/03\/28\/luan-santana-leva-multidao-ao-delirio-e-emociona-fas-em-noite-historica-no-limeira-rodeo-music\/\",\"name\":\"Luan Santana leva multid\u00e3o ao del\u00edrio e emociona f\u00e3s em noite hist\u00f3rica no Limeira Rodeo Music - Portal do Estado\",\"isPartOf\":{\"@id\":\"https:\/\/portaldoestado.com.br\/#website\"},\"primaryImageOfPage\":{\"@id\":\"https:\/\/portaldoestado.com.br\/index.php\/2026\/03\/28\/luan-santana-leva-multidao-ao-delirio-e-emociona-fas-em-noite-historica-no-limeira-rodeo-music\/#primaryimage\"},\"image\":{\"@id\":\"https:\/\/portaldoestado.com.br\/index.php\/2026\/03\/28\/luan-santana-leva-multidao-ao-delirio-e-emociona-fas-em-noite-historica-no-limeira-rodeo-music\/#primaryimage\"},\"thumbnailUrl\":\"https:\/\/portaldoestado.com.br\/wp-content\/uploads\/2026\/03\/Captura-de-tela-2026-03-28-033931.png\",\"datePublished\":\"2026-03-28T06:50:18+00:00\",\"breadcrumb\":{\"@id\":\"https:\/\/portaldoestado.com.br\/index.php\/2026\/03\/28\/luan-santana-leva-multidao-ao-delirio-e-emociona-fas-em-noite-historica-no-limeira-rodeo-music\/#breadcrumb\"},\"inLanguage\":\"pt-BR\",\"potentialAction\":[{\"@type\":\"ReadAction\",\"target\":[\"https:\/\/portaldoestado.com.br\/index.php\/2026\/03\/28\/luan-santana-leva-multidao-ao-delirio-e-emociona-fas-em-noite-historica-no-limeira-rodeo-music\/\"]}]},{\"@type\":\"ImageObject\",\"inLanguage\":\"pt-BR\",\"@id\":\"https:\/\/portaldoestado.com.br\/index.php\/2026\/03\/28\/luan-santana-leva-multidao-ao-delirio-e-emociona-fas-em-noite-historica-no-limeira-rodeo-music\/#primaryimage\",\"url\":\"https:\/\/portaldoestado.com.br\/wp-content\/uploads\/2026\/03\/Captura-de-tela-2026-03-28-033931.png\",\"contentUrl\":\"https:\/\/portaldoestado.com.br\/wp-content\/uploads\/2026\/03\/Captura-de-tela-2026-03-28-033931.png\",\"width\":452,\"height\":280},{\"@type\":\"BreadcrumbList\",\"@id\":\"https:\/\/portaldoestado.com.br\/index.php\/2026\/03\/28\/luan-santana-leva-multidao-ao-delirio-e-emociona-fas-em-noite-historica-no-limeira-rodeo-music\/#breadcrumb\",\"itemListElement\":[{\"@type\":\"ListItem\",\"position\":1,\"name\":\"In\u00edcio\",\"item\":\"https:\/\/portaldoestado.com.br\/\"},{\"@type\":\"ListItem\",\"position\":2,\"name\":\"Luan Santana leva multid\u00e3o ao del\u00edrio e emociona f\u00e3s em noite hist\u00f3rica no Limeira Rodeo Music\"}]},{\"@type\":\"WebSite\",\"@id\":\"https:\/\/portaldoestado.com.br\/#website\",\"url\":\"https:\/\/portaldoestado.com.br\/\",\"name\":\"Portal do Estado\",\"description\":\"\",\"publisher\":{\"@id\":\"https:\/\/portaldoestado.com.br\/#organization\"},\"potentialAction\":[{\"@type\":\"SearchAction\",\"target\":{\"@type\":\"EntryPoint\",\"urlTemplate\":\"https:\/\/portaldoestado.com.br\/?s={search_term_string}\"},\"query-input\":{\"@type\":\"PropertyValueSpecification\",\"valueRequired\":true,\"valueName\":\"search_term_string\"}}],\"inLanguage\":\"pt-BR\"},{\"@type\":\"Organization\",\"@id\":\"https:\/\/portaldoestado.com.br\/#organization\",\"name\":\"Portal do Estado\",\"url\":\"https:\/\/portaldoestado.com.br\/\",\"logo\":{\"@type\":\"ImageObject\",\"inLanguage\":\"pt-BR\",\"@id\":\"https:\/\/portaldoestado.com.br\/#\/schema\/logo\/image\/\",\"url\":\"https:\/\/portaldoestado.com.br\/wp-content\/uploads\/2025\/04\/cropped-6f69b19a-6472-43bf-b1b3-e1910bbbd4e8.png\",\"contentUrl\":\"https:\/\/portaldoestado.com.br\/wp-content\/uploads\/2025\/04\/cropped-6f69b19a-6472-43bf-b1b3-e1910bbbd4e8.png\",\"width\":1024,\"height\":350,\"caption\":\"Portal do Estado\"},\"image\":{\"@id\":\"https:\/\/portaldoestado.com.br\/#\/schema\/logo\/image\/\"}},{\"@type\":\"Person\",\"@id\":\"https:\/\/portaldoestado.com.br\/#\/schema\/person\/5ca0174f3c8c84b59da62ea14b698cb9\",\"name\":\"assessoriadefamosos\",\"image\":{\"@type\":\"ImageObject\",\"inLanguage\":\"pt-BR\",\"@id\":\"https:\/\/portaldoestado.com.br\/#\/schema\/person\/image\/\",\"url\":\"https:\/\/secure.gravatar.com\/avatar\/a7acbdffcfbbae7240e59f47fe511ec5f5d8c252c779f0b8d9ab02a9e1d8c5ed?s=96&d=mm&r=g\",\"contentUrl\":\"https:\/\/secure.gravatar.com\/avatar\/a7acbdffcfbbae7240e59f47fe511ec5f5d8c252c779f0b8d9ab02a9e1d8c5ed?s=96&d=mm&r=g\",\"caption\":\"assessoriadefamosos\"},\"url\":\"https:\/\/portaldoestado.com.br\/index.php\/author\/assessoriadefamosos\/\"}]}<\/script>\n<!-- \/ Yoast SEO plugin. -->","yoast_head_json":{"title":"Luan Santana leva multid\u00e3o ao del\u00edrio e emociona f\u00e3s em noite hist\u00f3rica no Limeira Rodeo Music - Portal do Estado","robots":{"index":"index","follow":"follow","max-snippet":"max-snippet:-1","max-image-preview":"max-image-preview:large","max-video-preview":"max-video-preview:-1"},"canonical":"https:\/\/portaldoestado.com.br\/index.php\/2026\/03\/28\/luan-santana-leva-multidao-ao-delirio-e-emociona-fas-em-noite-historica-no-limeira-rodeo-music\/","og_locale":"pt_BR","og_type":"article","og_title":"Luan Santana leva multid\u00e3o ao del\u00edrio e emociona f\u00e3s em noite hist\u00f3rica no Limeira Rodeo Music - Portal do Estado","og_description":"O Limeira Rodeo Music viveu mais uma noite de grande sucesso nesta sexta-feira, com a apresenta\u00e7\u00e3o de Luan Santana. Dono de uma das carreiras mais consolidadas do sertanejo, o artista reuniu uma multid\u00e3o e transformou o evento em um verdadeiro espet\u00e1culo de emo\u00e7\u00e3o. A arena ficou completamente lotada, com f\u00e3s ansiosos que acompanharam cada momento \u2026","og_url":"https:\/\/portaldoestado.com.br\/index.php\/2026\/03\/28\/luan-santana-leva-multidao-ao-delirio-e-emociona-fas-em-noite-historica-no-limeira-rodeo-music\/","og_site_name":"Portal do Estado","article_published_time":"2026-03-28T06:50:18+00:00","og_image":[{"width":452,"height":280,"url":"https:\/\/portaldoestado.com.br\/wp-content\/uploads\/2026\/03\/Captura-de-tela-2026-03-28-033931.png","type":"image\/png"}],"author":"assessoriadefamosos","twitter_card":"summary_large_image","twitter_misc":{"Escrito por":"assessoriadefamosos","Est. tempo de leitura":"1 minuto"},"schema":{"@context":"https:\/\/schema.org","@graph":[{"@type":"Article","@id":"https:\/\/portaldoestado.com.br\/index.php\/2026\/03\/28\/luan-santana-leva-multidao-ao-delirio-e-emociona-fas-em-noite-historica-no-limeira-rodeo-music\/#article","isPartOf":{"@id":"https:\/\/portaldoestado.com.br\/index.php\/2026\/03\/28\/luan-santana-leva-multidao-ao-delirio-e-emociona-fas-em-noite-historica-no-limeira-rodeo-music\/"},"author":{"name":"assessoriadefamosos","@id":"https:\/\/portaldoestado.com.br\/#\/schema\/person\/5ca0174f3c8c84b59da62ea14b698cb9"},"headline":"Luan Santana leva multid\u00e3o ao del\u00edrio e emociona f\u00e3s em noite hist\u00f3rica no Limeira Rodeo Music","datePublished":"2026-03-28T06:50:18+00:00","mainEntityOfPage":{"@id":"https:\/\/portaldoestado.com.br\/index.php\/2026\/03\/28\/luan-santana-leva-multidao-ao-delirio-e-emociona-fas-em-noite-historica-no-limeira-rodeo-music\/"},"wordCount":313,"publisher":{"@id":"https:\/\/portaldoestado.com.br\/#organization"},"image":{"@id":"https:\/\/portaldoestado.com.br\/index.php\/2026\/03\/28\/luan-santana-leva-multidao-ao-delirio-e-emociona-fas-em-noite-historica-no-limeira-rodeo-music\/#primaryimage"},"thumbnailUrl":"https:\/\/portaldoestado.com.br\/wp-content\/uploads\/2026\/03\/Captura-de-tela-2026-03-28-033931.png","articleSection":["Famosos"],"inLanguage":"pt-BR"},{"@type":"WebPage","@id":"https:\/\/portaldoestado.com.br\/index.php\/2026\/03\/28\/luan-santana-leva-multidao-ao-delirio-e-emociona-fas-em-noite-historica-no-limeira-rodeo-music\/","url":"https:\/\/portaldoestado.com.br\/index.php\/2026\/03\/28\/luan-santana-leva-multidao-ao-delirio-e-emociona-fas-em-noite-historica-no-limeira-rodeo-music\/","name":"Luan Santana leva multid\u00e3o ao del\u00edrio e emociona f\u00e3s em noite hist\u00f3rica no Limeira Rodeo Music - Portal do Estado","isPartOf":{"@id":"https:\/\/portaldoestado.com.br\/#website"},"primaryImageOfPage":{"@id":"https:\/\/portaldoestado.com.br\/index.php\/2026\/03\/28\/luan-santana-leva-multidao-ao-delirio-e-emociona-fas-em-noite-historica-no-limeira-rodeo-music\/#primaryimage"},"image":{"@id":"https:\/\/portaldoestado.com.br\/index.php\/2026\/03\/28\/luan-santana-leva-multidao-ao-delirio-e-emociona-fas-em-noite-historica-no-limeira-rodeo-music\/#primaryimage"},"thumbnailUrl":"https:\/\/portaldoestado.com.br\/wp-content\/uploads\/2026\/03\/Captura-de-tela-2026-03-28-033931.png","datePublished":"2026-03-28T06:50:18+00:00","breadcrumb":{"@id":"https:\/\/portaldoestado.com.br\/index.php\/2026\/03\/28\/luan-santana-leva-multidao-ao-delirio-e-emociona-fas-em-noite-historica-no-limeira-rodeo-music\/#breadcrumb"},"inLanguage":"pt-BR","potentialAction":[{"@type":"ReadAction","target":["https:\/\/portaldoestado.com.br\/index.php\/2026\/03\/28\/luan-santana-leva-multidao-ao-delirio-e-emociona-fas-em-noite-historica-no-limeira-rodeo-music\/"]}]},{"@type":"ImageObject","inLanguage":"pt-BR","@id":"https:\/\/portaldoestado.com.br\/index.php\/2026\/03\/28\/luan-santana-leva-multidao-ao-delirio-e-emociona-fas-em-noite-historica-no-limeira-rodeo-music\/#primaryimage","url":"https:\/\/portaldoestado.com.br\/wp-content\/uploads\/2026\/03\/Captura-de-tela-2026-03-28-033931.png","contentUrl":"https:\/\/portaldoestado.com.br\/wp-content\/uploads\/2026\/03\/Captura-de-tela-2026-03-28-033931.png","width":452,"height":280},{"@type":"BreadcrumbList","@id":"https:\/\/portaldoestado.com.br\/index.php\/2026\/03\/28\/luan-santana-leva-multidao-ao-delirio-e-emociona-fas-em-noite-historica-no-limeira-rodeo-music\/#breadcrumb","itemListElement":[{"@type":"ListItem","position":1,"name":"In\u00edcio","item":"https:\/\/portaldoestado.com.br\/"},{"@type":"ListItem","position":2,"name":"Luan Santana leva multid\u00e3o ao del\u00edrio e emociona f\u00e3s em noite hist\u00f3rica no Limeira Rodeo Music"}]},{"@type":"WebSite","@id":"https:\/\/portaldoestado.com.br\/#website","url":"https:\/\/portaldoestado.com.br\/","name":"Portal do Estado","description":"","publisher":{"@id":"https:\/\/portaldoestado.com.br\/#organization"},"potentialAction":[{"@type":"SearchAction","target":{"@type":"EntryPoint","urlTemplate":"https:\/\/portaldoestado.com.br\/?s={search_term_string}"},"query-input":{"@type":"PropertyValueSpecification","valueRequired":true,"valueName":"search_term_string"}}],"inLanguage":"pt-BR"},{"@type":"Organization","@id":"https:\/\/portaldoestado.com.br\/#organization","name":"Portal do Estado","url":"https:\/\/portaldoestado.com.br\/","logo":{"@type":"ImageObject","inLanguage":"pt-BR","@id":"https:\/\/portaldoestado.com.br\/#\/schema\/logo\/image\/","url":"https:\/\/portaldoestado.com.br\/wp-content\/uploads\/2025\/04\/cropped-6f69b19a-6472-43bf-b1b3-e1910bbbd4e8.png","contentUrl":"https:\/\/portaldoestado.com.br\/wp-content\/uploads\/2025\/04\/cropped-6f69b19a-6472-43bf-b1b3-e1910bbbd4e8.png","width":1024,"height":350,"caption":"Portal do Estado"},"image":{"@id":"https:\/\/portaldoestado.com.br\/#\/schema\/logo\/image\/"}},{"@type":"Person","@id":"https:\/\/portaldoestado.com.br\/#\/schema\/person\/5ca0174f3c8c84b59da62ea14b698cb9","name":"assessoriadefamosos","image":{"@type":"ImageObject","inLanguage":"pt-BR","@id":"https:\/\/portaldoestado.com.br\/#\/schema\/person\/image\/","url":"https:\/\/secure.gravatar.com\/avatar\/a7acbdffcfbbae7240e59f47fe511ec5f5d8c252c779f0b8d9ab02a9e1d8c5ed?s=96&d=mm&r=g","contentUrl":"https:\/\/secure.gravatar.com\/avatar\/a7acbdffcfbbae7240e59f47fe511ec5f5d8c252c779f0b8d9ab02a9e1d8c5ed?s=96&d=mm&r=g","caption":"assessoriadefamosos"},"url":"https:\/\/portaldoestado.com.br\/index.php\/author\/assessoriadefamosos\/"}]}},"jetpack_featured_media_url":"https:\/\/portaldoestado.com.br\/wp-content\/uploads\/2026\/03\/Captura-de-tela-2026-03-28-033931.png","_links":{"self":[{"href":"https:\/\/portaldoestado.com.br\/index.php\/wp-json\/wp\/v2\/posts\/7803","targetHints":{"allow":["GET"]}}],"collection":[{"href":"https:\/\/portaldoestado.com.br\/index.php\/wp-json\/wp\/v2\/posts"}],"about":[{"href":"https:\/\/portaldoestado.com.br\/index.php\/wp-json\/wp\/v2\/types\/post"}],"author":[{"embeddable":true,"href":"https:\/\/portaldoestado.com.br\/index.php\/wp-json\/wp\/v2\/users\/2"}],"replies":[{"embeddable":true,"href":"https:\/\/portaldoestado.com.br\/index.php\/wp-json\/wp\/v2\/comments?post=7803"}],"version-history":[{"count":1,"href":"https:\/\/portaldoestado.com.br\/index.php\/wp-json\/wp\/v2\/posts\/7803\/revisions"}],"predecessor-version":[{"id":7804,"href":"https:\/\/portaldoestado.com.br\/index.php\/wp-json\/wp\/v2\/posts\/7803\/revisions\/7804"}],"wp:featuredmedia":[{"embeddable":true,"href":"https:\/\/portaldoestado.com.br\/index.php\/wp-json\/wp\/v2\/media\/7802"}],"wp:attachment":[{"href":"https:\/\/portaldoestado.com.br\/index.php\/wp-json\/wp\/v2\/media?parent=7803"}],"wp:term":[{"taxonomy":"category","embeddable":true,"href":"https:\/\/portaldoestado.com.br\/index.php\/wp-json\/wp\/v2\/categories?post=7803"},{"taxonomy":"post_tag","embeddable":true,"href":"https:\/\/portaldoestado.com.br\/index.php\/wp-json\/wp\/v2\/tags?post=7803"}],"curies":[{"name":"wp","href":"https:\/\/api.w.org\/{rel}","templated":true}]}}