{"id":7800,"date":"2026-03-28T06:27:59","date_gmt":"2026-03-28T06:27:59","guid":{"rendered":"https:\/\/portaldoestado.com.br\/?p=7800"},"modified":"2026-03-28T06:27:59","modified_gmt":"2026-03-28T06:27:59","slug":"edu-cristofaro-eleva-colecao-de-guitarras-gibson-a-status-de-patrimonio-musical-vivo","status":"publish","type":"post","link":"https:\/\/portaldoestado.com.br\/index.php\/2026\/03\/28\/edu-cristofaro-eleva-colecao-de-guitarras-gibson-a-status-de-patrimonio-musical-vivo\/","title":{"rendered":"Edu Crist\u00f3faro eleva cole\u00e7\u00e3o de guitarras Gibson a status de patrim\u00f4nio musical vivo"},"content":{"rendered":"\n<p>No universo altamente competitivo do colecionismo musical, onde exclusividade e raridade s\u00e3o moedas valiosas, o brasileiro Edu Crist\u00f3faro conquistou um espa\u00e7o de destaque global. M\u00fasico, compositor e empres\u00e1rio, ele \u00e9 hoje reconhecido por reunir uma das maiores cole\u00e7\u00f5es de guitarras da Gibson no mundo, ultrapassando a marca de 300 instrumentos cuidadosamente selecionados.<\/p>\n\n\n\n<p>A cole\u00e7\u00e3o chama aten\u00e7\u00e3o n\u00e3o apenas pelo volume, mas pela consist\u00eancia e curadoria. S\u00e3o modelos que atravessam diferentes eras da m\u00fasica, incluindo pe\u00e7as vintage, s\u00e9ries limitadas e exemplares de alto padr\u00e3o como os produzidos pelo Custom Shop da marca. Linhas como Collector\u2019s Choice e Murphy Lab refor\u00e7am o car\u00e1ter exclusivo do acervo, trazendo releituras fi\u00e9is de guitarras hist\u00f3ricas que marcaram gera\u00e7\u00f5es.<\/p>\n\n\n\n<p>Mas o que realmente diferencia Edu Crist\u00f3faro \u00e9 a forma como se relaciona com sua cole\u00e7\u00e3o. Longe de manter os instrumentos como itens est\u00e1ticos, ele incorpora cada guitarra em sua rotina musical. Seja em est\u00fadio ou no palco, as pe\u00e7as s\u00e3o utilizadas em performances e grava\u00e7\u00f5es, criando uma ponte entre o passado e o presente da m\u00fasica.<\/p>\n\n\n\n<p>Essa abordagem ativa transforma o colecionador em um verdadeiro agente cultural. Ao tocar e registrar suas guitarras, Crist\u00f3faro n\u00e3o apenas preserva a mem\u00f3ria da Gibson, mas tamb\u00e9m contribui para sua continuidade, mantendo viva a ess\u00eancia sonora que ajudou a moldar o rock e o blues ao longo das d\u00e9cadas.<\/p>\n\n\n\n<p>Com uma trajet\u00f3ria s\u00f3lida e um olhar apurado para a hist\u00f3ria da m\u00fasica, Edu Crist\u00f3faro vai al\u00e9m do colecionismo tradicional. Seu acervo se consolida como um patrim\u00f4nio musical vivo, onde cada instrumento carrega n\u00e3o s\u00f3 valor material, mas uma narrativa que ecoa em cada acorde.<\/p>\n\n\n<!-- wp:image \"id\":107561,\"align\":\"center\" -->\n<figure class=\"wp-block-image aligncenter\"><img decoding=\"async\" src=\"https:\/\/tonafama.ig.com.br\/wp-content\/uploads\/2026\/03\/Captura-de-tela-2026-03-28-030357-1024x659.jpg\" alt=\"\" class=\"wp-image-107561\"\/><\/figure>\n<!-- \/wp:post-content -->","protected":false},"excerpt":{"rendered":"<p>No universo altamente competitivo do colecionismo musical, onde exclusividade e raridade s\u00e3o moedas valiosas, o brasileiro Edu Crist\u00f3faro conquistou um espa\u00e7o de destaque global. M\u00fasico, compositor e empres\u00e1rio, ele \u00e9 hoje reconhecido por reunir uma das maiores cole\u00e7\u00f5es de guitarras da Gibson no mundo, ultrapassando a marca de 300 instrumentos cuidadosamente selecionados. A cole\u00e7\u00e3o chama \u2026<\/p>\n","protected":false},"author":2,"featured_media":7799,"comment_status":"closed","ping_status":"open","sticky":false,"template":"","format":"standard","meta":{"footnotes":""},"categories":[3],"tags":[],"class_list":["post-7800","post","type-post","status-publish","format-standard","has-post-thumbnail","hentry","category-famosos"],"yoast_head":"<!-- This site is optimized with the Yoast SEO plugin v25.5 - https:\/\/yoast.com\/wordpress\/plugins\/seo\/ -->\n<title>Edu Crist\u00f3faro eleva cole\u00e7\u00e3o de guitarras Gibson a status de patrim\u00f4nio musical vivo - Portal do Estado<\/title>\n<meta name=\"robots\" content=\"index, follow, max-snippet:-1, max-image-preview:large, max-video-preview:-1\" \/>\n<link rel=\"canonical\" href=\"https:\/\/portaldoestado.com.br\/index.php\/2026\/03\/28\/edu-cristofaro-eleva-colecao-de-guitarras-gibson-a-status-de-patrimonio-musical-vivo\/\" \/>\n<meta property=\"og:locale\" content=\"pt_BR\" \/>\n<meta property=\"og:type\" content=\"article\" \/>\n<meta property=\"og:title\" content=\"Edu Crist\u00f3faro eleva cole\u00e7\u00e3o de guitarras Gibson a status de patrim\u00f4nio musical vivo - Portal do Estado\" \/>\n<meta property=\"og:description\" content=\"No universo altamente competitivo do colecionismo musical, onde exclusividade e raridade s\u00e3o moedas valiosas, o brasileiro Edu Crist\u00f3faro conquistou um espa\u00e7o de destaque global. M\u00fasico, compositor e empres\u00e1rio, ele \u00e9 hoje reconhecido por reunir uma das maiores cole\u00e7\u00f5es de guitarras da Gibson no mundo, ultrapassando a marca de 300 instrumentos cuidadosamente selecionados. A cole\u00e7\u00e3o chama \u2026\" \/>\n<meta property=\"og:url\" content=\"https:\/\/portaldoestado.com.br\/index.php\/2026\/03\/28\/edu-cristofaro-eleva-colecao-de-guitarras-gibson-a-status-de-patrimonio-musical-vivo\/\" \/>\n<meta property=\"og:site_name\" content=\"Portal do Estado\" \/>\n<meta property=\"article:published_time\" content=\"2026-03-28T06:27:59+00:00\" \/>\n<meta property=\"og:image\" content=\"https:\/\/portaldoestado.com.br\/wp-content\/uploads\/2026\/03\/Captura-de-tela-2026-03-28-030338.jpg.webp\" \/>\n\t<meta property=\"og:image:width\" content=\"553\" \/>\n\t<meta property=\"og:image:height\" content=\"324\" \/>\n\t<meta property=\"og:image:type\" content=\"image\/webp\" \/>\n<meta name=\"author\" content=\"assessoriadefamosos\" \/>\n<meta name=\"twitter:card\" content=\"summary_large_image\" \/>\n<meta name=\"twitter:label1\" content=\"Escrito por\" \/>\n\t<meta name=\"twitter:data1\" content=\"assessoriadefamosos\" \/>\n\t<meta name=\"twitter:label2\" content=\"Est. tempo de leitura\" \/>\n\t<meta name=\"twitter:data2\" content=\"2 minutos\" \/>\n<script type=\"application\/ld+json\" class=\"yoast-schema-graph\">{\"@context\":\"https:\/\/schema.org\",\"@graph\":[{\"@type\":\"Article\",\"@id\":\"https:\/\/portaldoestado.com.br\/index.php\/2026\/03\/28\/edu-cristofaro-eleva-colecao-de-guitarras-gibson-a-status-de-patrimonio-musical-vivo\/#article\",\"isPartOf\":{\"@id\":\"https:\/\/portaldoestado.com.br\/index.php\/2026\/03\/28\/edu-cristofaro-eleva-colecao-de-guitarras-gibson-a-status-de-patrimonio-musical-vivo\/\"},\"author\":{\"name\":\"assessoriadefamosos\",\"@id\":\"https:\/\/portaldoestado.com.br\/#\/schema\/person\/5ca0174f3c8c84b59da62ea14b698cb9\"},\"headline\":\"Edu Crist\u00f3faro eleva cole\u00e7\u00e3o de guitarras Gibson a status de patrim\u00f4nio musical vivo\",\"datePublished\":\"2026-03-28T06:27:59+00:00\",\"mainEntityOfPage\":{\"@id\":\"https:\/\/portaldoestado.com.br\/index.php\/2026\/03\/28\/edu-cristofaro-eleva-colecao-de-guitarras-gibson-a-status-de-patrimonio-musical-vivo\/\"},\"wordCount\":320,\"publisher\":{\"@id\":\"https:\/\/portaldoestado.com.br\/#organization\"},\"image\":{\"@id\":\"https:\/\/portaldoestado.com.br\/index.php\/2026\/03\/28\/edu-cristofaro-eleva-colecao-de-guitarras-gibson-a-status-de-patrimonio-musical-vivo\/#primaryimage\"},\"thumbnailUrl\":\"https:\/\/portaldoestado.com.br\/wp-content\/uploads\/2026\/03\/Captura-de-tela-2026-03-28-030338.jpg.webp\",\"articleSection\":[\"Famosos\"],\"inLanguage\":\"pt-BR\"},{\"@type\":\"WebPage\",\"@id\":\"https:\/\/portaldoestado.com.br\/index.php\/2026\/03\/28\/edu-cristofaro-eleva-colecao-de-guitarras-gibson-a-status-de-patrimonio-musical-vivo\/\",\"url\":\"https:\/\/portaldoestado.com.br\/index.php\/2026\/03\/28\/edu-cristofaro-eleva-colecao-de-guitarras-gibson-a-status-de-patrimonio-musical-vivo\/\",\"name\":\"Edu Crist\u00f3faro eleva cole\u00e7\u00e3o de guitarras Gibson a status de patrim\u00f4nio musical vivo - Portal do Estado\",\"isPartOf\":{\"@id\":\"https:\/\/portaldoestado.com.br\/#website\"},\"primaryImageOfPage\":{\"@id\":\"https:\/\/portaldoestado.com.br\/index.php\/2026\/03\/28\/edu-cristofaro-eleva-colecao-de-guitarras-gibson-a-status-de-patrimonio-musical-vivo\/#primaryimage\"},\"image\":{\"@id\":\"https:\/\/portaldoestado.com.br\/index.php\/2026\/03\/28\/edu-cristofaro-eleva-colecao-de-guitarras-gibson-a-status-de-patrimonio-musical-vivo\/#primaryimage\"},\"thumbnailUrl\":\"https:\/\/portaldoestado.com.br\/wp-content\/uploads\/2026\/03\/Captura-de-tela-2026-03-28-030338.jpg.webp\",\"datePublished\":\"2026-03-28T06:27:59+00:00\",\"breadcrumb\":{\"@id\":\"https:\/\/portaldoestado.com.br\/index.php\/2026\/03\/28\/edu-cristofaro-eleva-colecao-de-guitarras-gibson-a-status-de-patrimonio-musical-vivo\/#breadcrumb\"},\"inLanguage\":\"pt-BR\",\"potentialAction\":[{\"@type\":\"ReadAction\",\"target\":[\"https:\/\/portaldoestado.com.br\/index.php\/2026\/03\/28\/edu-cristofaro-eleva-colecao-de-guitarras-gibson-a-status-de-patrimonio-musical-vivo\/\"]}]},{\"@type\":\"ImageObject\",\"inLanguage\":\"pt-BR\",\"@id\":\"https:\/\/portaldoestado.com.br\/index.php\/2026\/03\/28\/edu-cristofaro-eleva-colecao-de-guitarras-gibson-a-status-de-patrimonio-musical-vivo\/#primaryimage\",\"url\":\"https:\/\/portaldoestado.com.br\/wp-content\/uploads\/2026\/03\/Captura-de-tela-2026-03-28-030338.jpg.webp\",\"contentUrl\":\"https:\/\/portaldoestado.com.br\/wp-content\/uploads\/2026\/03\/Captura-de-tela-2026-03-28-030338.jpg.webp\",\"width\":553,\"height\":324},{\"@type\":\"BreadcrumbList\",\"@id\":\"https:\/\/portaldoestado.com.br\/index.php\/2026\/03\/28\/edu-cristofaro-eleva-colecao-de-guitarras-gibson-a-status-de-patrimonio-musical-vivo\/#breadcrumb\",\"itemListElement\":[{\"@type\":\"ListItem\",\"position\":1,\"name\":\"In\u00edcio\",\"item\":\"https:\/\/portaldoestado.com.br\/\"},{\"@type\":\"ListItem\",\"position\":2,\"name\":\"Edu Crist\u00f3faro eleva cole\u00e7\u00e3o de guitarras Gibson a status de patrim\u00f4nio musical vivo\"}]},{\"@type\":\"WebSite\",\"@id\":\"https:\/\/portaldoestado.com.br\/#website\",\"url\":\"https:\/\/portaldoestado.com.br\/\",\"name\":\"Portal do Estado\",\"description\":\"\",\"publisher\":{\"@id\":\"https:\/\/portaldoestado.com.br\/#organization\"},\"potentialAction\":[{\"@type\":\"SearchAction\",\"target\":{\"@type\":\"EntryPoint\",\"urlTemplate\":\"https:\/\/portaldoestado.com.br\/?s={search_term_string}\"},\"query-input\":{\"@type\":\"PropertyValueSpecification\",\"valueRequired\":true,\"valueName\":\"search_term_string\"}}],\"inLanguage\":\"pt-BR\"},{\"@type\":\"Organization\",\"@id\":\"https:\/\/portaldoestado.com.br\/#organization\",\"name\":\"Portal do Estado\",\"url\":\"https:\/\/portaldoestado.com.br\/\",\"logo\":{\"@type\":\"ImageObject\",\"inLanguage\":\"pt-BR\",\"@id\":\"https:\/\/portaldoestado.com.br\/#\/schema\/logo\/image\/\",\"url\":\"https:\/\/portaldoestado.com.br\/wp-content\/uploads\/2025\/04\/cropped-6f69b19a-6472-43bf-b1b3-e1910bbbd4e8.png\",\"contentUrl\":\"https:\/\/portaldoestado.com.br\/wp-content\/uploads\/2025\/04\/cropped-6f69b19a-6472-43bf-b1b3-e1910bbbd4e8.png\",\"width\":1024,\"height\":350,\"caption\":\"Portal do Estado\"},\"image\":{\"@id\":\"https:\/\/portaldoestado.com.br\/#\/schema\/logo\/image\/\"}},{\"@type\":\"Person\",\"@id\":\"https:\/\/portaldoestado.com.br\/#\/schema\/person\/5ca0174f3c8c84b59da62ea14b698cb9\",\"name\":\"assessoriadefamosos\",\"image\":{\"@type\":\"ImageObject\",\"inLanguage\":\"pt-BR\",\"@id\":\"https:\/\/portaldoestado.com.br\/#\/schema\/person\/image\/\",\"url\":\"https:\/\/secure.gravatar.com\/avatar\/a7acbdffcfbbae7240e59f47fe511ec5f5d8c252c779f0b8d9ab02a9e1d8c5ed?s=96&d=mm&r=g\",\"contentUrl\":\"https:\/\/secure.gravatar.com\/avatar\/a7acbdffcfbbae7240e59f47fe511ec5f5d8c252c779f0b8d9ab02a9e1d8c5ed?s=96&d=mm&r=g\",\"caption\":\"assessoriadefamosos\"},\"url\":\"https:\/\/portaldoestado.com.br\/index.php\/author\/assessoriadefamosos\/\"}]}<\/script>\n<!-- \/ Yoast SEO plugin. -->","yoast_head_json":{"title":"Edu Crist\u00f3faro eleva cole\u00e7\u00e3o de guitarras Gibson a status de patrim\u00f4nio musical vivo - Portal do Estado","robots":{"index":"index","follow":"follow","max-snippet":"max-snippet:-1","max-image-preview":"max-image-preview:large","max-video-preview":"max-video-preview:-1"},"canonical":"https:\/\/portaldoestado.com.br\/index.php\/2026\/03\/28\/edu-cristofaro-eleva-colecao-de-guitarras-gibson-a-status-de-patrimonio-musical-vivo\/","og_locale":"pt_BR","og_type":"article","og_title":"Edu Crist\u00f3faro eleva cole\u00e7\u00e3o de guitarras Gibson a status de patrim\u00f4nio musical vivo - Portal do Estado","og_description":"No universo altamente competitivo do colecionismo musical, onde exclusividade e raridade s\u00e3o moedas valiosas, o brasileiro Edu Crist\u00f3faro conquistou um espa\u00e7o de destaque global. M\u00fasico, compositor e empres\u00e1rio, ele \u00e9 hoje reconhecido por reunir uma das maiores cole\u00e7\u00f5es de guitarras da Gibson no mundo, ultrapassando a marca de 300 instrumentos cuidadosamente selecionados. A cole\u00e7\u00e3o chama \u2026","og_url":"https:\/\/portaldoestado.com.br\/index.php\/2026\/03\/28\/edu-cristofaro-eleva-colecao-de-guitarras-gibson-a-status-de-patrimonio-musical-vivo\/","og_site_name":"Portal do Estado","article_published_time":"2026-03-28T06:27:59+00:00","og_image":[{"width":553,"height":324,"url":"https:\/\/portaldoestado.com.br\/wp-content\/uploads\/2026\/03\/Captura-de-tela-2026-03-28-030338.jpg.webp","type":"image\/webp"}],"author":"assessoriadefamosos","twitter_card":"summary_large_image","twitter_misc":{"Escrito por":"assessoriadefamosos","Est. tempo de leitura":"2 minutos"},"schema":{"@context":"https:\/\/schema.org","@graph":[{"@type":"Article","@id":"https:\/\/portaldoestado.com.br\/index.php\/2026\/03\/28\/edu-cristofaro-eleva-colecao-de-guitarras-gibson-a-status-de-patrimonio-musical-vivo\/#article","isPartOf":{"@id":"https:\/\/portaldoestado.com.br\/index.php\/2026\/03\/28\/edu-cristofaro-eleva-colecao-de-guitarras-gibson-a-status-de-patrimonio-musical-vivo\/"},"author":{"name":"assessoriadefamosos","@id":"https:\/\/portaldoestado.com.br\/#\/schema\/person\/5ca0174f3c8c84b59da62ea14b698cb9"},"headline":"Edu Crist\u00f3faro eleva cole\u00e7\u00e3o de guitarras Gibson a status de patrim\u00f4nio musical vivo","datePublished":"2026-03-28T06:27:59+00:00","mainEntityOfPage":{"@id":"https:\/\/portaldoestado.com.br\/index.php\/2026\/03\/28\/edu-cristofaro-eleva-colecao-de-guitarras-gibson-a-status-de-patrimonio-musical-vivo\/"},"wordCount":320,"publisher":{"@id":"https:\/\/portaldoestado.com.br\/#organization"},"image":{"@id":"https:\/\/portaldoestado.com.br\/index.php\/2026\/03\/28\/edu-cristofaro-eleva-colecao-de-guitarras-gibson-a-status-de-patrimonio-musical-vivo\/#primaryimage"},"thumbnailUrl":"https:\/\/portaldoestado.com.br\/wp-content\/uploads\/2026\/03\/Captura-de-tela-2026-03-28-030338.jpg.webp","articleSection":["Famosos"],"inLanguage":"pt-BR"},{"@type":"WebPage","@id":"https:\/\/portaldoestado.com.br\/index.php\/2026\/03\/28\/edu-cristofaro-eleva-colecao-de-guitarras-gibson-a-status-de-patrimonio-musical-vivo\/","url":"https:\/\/portaldoestado.com.br\/index.php\/2026\/03\/28\/edu-cristofaro-eleva-colecao-de-guitarras-gibson-a-status-de-patrimonio-musical-vivo\/","name":"Edu Crist\u00f3faro eleva cole\u00e7\u00e3o de guitarras Gibson a status de patrim\u00f4nio musical vivo - Portal do Estado","isPartOf":{"@id":"https:\/\/portaldoestado.com.br\/#website"},"primaryImageOfPage":{"@id":"https:\/\/portaldoestado.com.br\/index.php\/2026\/03\/28\/edu-cristofaro-eleva-colecao-de-guitarras-gibson-a-status-de-patrimonio-musical-vivo\/#primaryimage"},"image":{"@id":"https:\/\/portaldoestado.com.br\/index.php\/2026\/03\/28\/edu-cristofaro-eleva-colecao-de-guitarras-gibson-a-status-de-patrimonio-musical-vivo\/#primaryimage"},"thumbnailUrl":"https:\/\/portaldoestado.com.br\/wp-content\/uploads\/2026\/03\/Captura-de-tela-2026-03-28-030338.jpg.webp","datePublished":"2026-03-28T06:27:59+00:00","breadcrumb":{"@id":"https:\/\/portaldoestado.com.br\/index.php\/2026\/03\/28\/edu-cristofaro-eleva-colecao-de-guitarras-gibson-a-status-de-patrimonio-musical-vivo\/#breadcrumb"},"inLanguage":"pt-BR","potentialAction":[{"@type":"ReadAction","target":["https:\/\/portaldoestado.com.br\/index.php\/2026\/03\/28\/edu-cristofaro-eleva-colecao-de-guitarras-gibson-a-status-de-patrimonio-musical-vivo\/"]}]},{"@type":"ImageObject","inLanguage":"pt-BR","@id":"https:\/\/portaldoestado.com.br\/index.php\/2026\/03\/28\/edu-cristofaro-eleva-colecao-de-guitarras-gibson-a-status-de-patrimonio-musical-vivo\/#primaryimage","url":"https:\/\/portaldoestado.com.br\/wp-content\/uploads\/2026\/03\/Captura-de-tela-2026-03-28-030338.jpg.webp","contentUrl":"https:\/\/portaldoestado.com.br\/wp-content\/uploads\/2026\/03\/Captura-de-tela-2026-03-28-030338.jpg.webp","width":553,"height":324},{"@type":"BreadcrumbList","@id":"https:\/\/portaldoestado.com.br\/index.php\/2026\/03\/28\/edu-cristofaro-eleva-colecao-de-guitarras-gibson-a-status-de-patrimonio-musical-vivo\/#breadcrumb","itemListElement":[{"@type":"ListItem","position":1,"name":"In\u00edcio","item":"https:\/\/portaldoestado.com.br\/"},{"@type":"ListItem","position":2,"name":"Edu Crist\u00f3faro eleva cole\u00e7\u00e3o de guitarras Gibson a status de patrim\u00f4nio musical vivo"}]},{"@type":"WebSite","@id":"https:\/\/portaldoestado.com.br\/#website","url":"https:\/\/portaldoestado.com.br\/","name":"Portal do Estado","description":"","publisher":{"@id":"https:\/\/portaldoestado.com.br\/#organization"},"potentialAction":[{"@type":"SearchAction","target":{"@type":"EntryPoint","urlTemplate":"https:\/\/portaldoestado.com.br\/?s={search_term_string}"},"query-input":{"@type":"PropertyValueSpecification","valueRequired":true,"valueName":"search_term_string"}}],"inLanguage":"pt-BR"},{"@type":"Organization","@id":"https:\/\/portaldoestado.com.br\/#organization","name":"Portal do Estado","url":"https:\/\/portaldoestado.com.br\/","logo":{"@type":"ImageObject","inLanguage":"pt-BR","@id":"https:\/\/portaldoestado.com.br\/#\/schema\/logo\/image\/","url":"https:\/\/portaldoestado.com.br\/wp-content\/uploads\/2025\/04\/cropped-6f69b19a-6472-43bf-b1b3-e1910bbbd4e8.png","contentUrl":"https:\/\/portaldoestado.com.br\/wp-content\/uploads\/2025\/04\/cropped-6f69b19a-6472-43bf-b1b3-e1910bbbd4e8.png","width":1024,"height":350,"caption":"Portal do Estado"},"image":{"@id":"https:\/\/portaldoestado.com.br\/#\/schema\/logo\/image\/"}},{"@type":"Person","@id":"https:\/\/portaldoestado.com.br\/#\/schema\/person\/5ca0174f3c8c84b59da62ea14b698cb9","name":"assessoriadefamosos","image":{"@type":"ImageObject","inLanguage":"pt-BR","@id":"https:\/\/portaldoestado.com.br\/#\/schema\/person\/image\/","url":"https:\/\/secure.gravatar.com\/avatar\/a7acbdffcfbbae7240e59f47fe511ec5f5d8c252c779f0b8d9ab02a9e1d8c5ed?s=96&d=mm&r=g","contentUrl":"https:\/\/secure.gravatar.com\/avatar\/a7acbdffcfbbae7240e59f47fe511ec5f5d8c252c779f0b8d9ab02a9e1d8c5ed?s=96&d=mm&r=g","caption":"assessoriadefamosos"},"url":"https:\/\/portaldoestado.com.br\/index.php\/author\/assessoriadefamosos\/"}]}},"jetpack_featured_media_url":"https:\/\/portaldoestado.com.br\/wp-content\/uploads\/2026\/03\/Captura-de-tela-2026-03-28-030338.jpg.webp","_links":{"self":[{"href":"https:\/\/portaldoestado.com.br\/index.php\/wp-json\/wp\/v2\/posts\/7800","targetHints":{"allow":["GET"]}}],"collection":[{"href":"https:\/\/portaldoestado.com.br\/index.php\/wp-json\/wp\/v2\/posts"}],"about":[{"href":"https:\/\/portaldoestado.com.br\/index.php\/wp-json\/wp\/v2\/types\/post"}],"author":[{"embeddable":true,"href":"https:\/\/portaldoestado.com.br\/index.php\/wp-json\/wp\/v2\/users\/2"}],"replies":[{"embeddable":true,"href":"https:\/\/portaldoestado.com.br\/index.php\/wp-json\/wp\/v2\/comments?post=7800"}],"version-history":[{"count":1,"href":"https:\/\/portaldoestado.com.br\/index.php\/wp-json\/wp\/v2\/posts\/7800\/revisions"}],"predecessor-version":[{"id":7801,"href":"https:\/\/portaldoestado.com.br\/index.php\/wp-json\/wp\/v2\/posts\/7800\/revisions\/7801"}],"wp:featuredmedia":[{"embeddable":true,"href":"https:\/\/portaldoestado.com.br\/index.php\/wp-json\/wp\/v2\/media\/7799"}],"wp:attachment":[{"href":"https:\/\/portaldoestado.com.br\/index.php\/wp-json\/wp\/v2\/media?parent=7800"}],"wp:term":[{"taxonomy":"category","embeddable":true,"href":"https:\/\/portaldoestado.com.br\/index.php\/wp-json\/wp\/v2\/categories?post=7800"},{"taxonomy":"post_tag","embeddable":true,"href":"https:\/\/portaldoestado.com.br\/index.php\/wp-json\/wp\/v2\/tags?post=7800"}],"curies":[{"name":"wp","href":"https:\/\/api.w.org\/{rel}","templated":true}]}}