{"id":7233,"date":"2026-03-12T22:22:09","date_gmt":"2026-03-12T22:22:09","guid":{"rendered":"https:\/\/portaldoestado.com.br\/?p=7233"},"modified":"2026-03-12T22:22:09","modified_gmt":"2026-03-12T22:22:09","slug":"baile-do-luiz-2000-acontece-no-dia-14-de-marco-e-ja-esgotou-o-primeiro-lote","status":"publish","type":"post","link":"https:\/\/portaldoestado.com.br\/index.php\/2026\/03\/12\/baile-do-luiz-2000-acontece-no-dia-14-de-marco-e-ja-esgotou-o-primeiro-lote\/","title":{"rendered":"Baile do Luiz 2000 acontece no dia 14 de mar\u00e7o e j\u00e1 esgotou o primeiro lote"},"content":{"rendered":"\n<p>O famoso Baile do Luiz 2000 j\u00e1 tem data marcada: 14 de mar\u00e7o. E quem ainda n\u00e3o garantiu o ingresso precisa correr, porque o primeiro lote j\u00e1 foi. O evento, que nasceu como festa de anivers\u00e1rio e cresceu nas redes sociais, se consolidou como um dos principais encontros de funk da Baixada Fluminense.<\/p>\n\n\n\n<p>&#8220;Meu anivers\u00e1rio sempre foi aberto ao p\u00fablico&#8221;, conta Luiz Henrique, idealizador do baile. O crescimento veio de forma org\u00e2nica pelo TikTok e transformou uma celebra\u00e7\u00e3o \u00edntima em um evento de grande porte, com mais de 400 pessoas confirmadas em edi\u00e7\u00f5es anteriores.<\/p>\n\n\n\n<p><strong>O que esperar da noite<\/strong><\/p>\n\n\n\n<p>A proposta do baile \u00e9 celebrar o funk do in\u00edcio ao fim, dos anos 1990 at\u00e9 os lan\u00e7amentos mais recentes. Tudo isso, com um p\u00fablico que \u00e9, acima de tudo, apaixonado pelo ritmo. A ambienta\u00e7\u00e3o anos 2000 \u00e9 parte da experi\u00eancia, e a organiza\u00e7\u00e3o j\u00e1 avisa: chegue com o look preparado.<\/p>\n\n\n\n<p><strong>As atra\u00e7\u00f5es da Edi\u00e7\u00e3o 2000<\/strong><\/p>\n\n\n\n<p>O lineup foi montado por Yuri Oliveira e traz cinco DJs, todos da Baixada Fluminense e com passagem pelo famoso Fa\u00edsca Bar, em Nova Igua\u00e7u:<\/p>\n\n\n\n<ul class=\"wp-block-list\">\n<li>DJ Kai<\/li>\n\n\n\n<li>DJ Gab Naio<\/li>\n\n\n\n<li>DJ Mazy<\/li>\n\n\n\n<li>DJ 2T<\/li>\n\n\n\n<li>DJ Nicacirus<\/li>\n<\/ul>\n\n\n\n<p><strong>Ingressos e acesso<\/strong><\/p>\n\n\n\n<p>O segundo lote est\u00e1 dispon\u00edvel e, se o ritmo de vendas continuar, n\u00e3o vai durar. Os valores s\u00e3o:<\/p>\n\n\n\n<ul class=\"wp-block-list\">\n<li>Ingresso individual: R$ 15<\/li>\n\n\n\n<li>Ingresso duplo: R$ 25<\/li>\n<\/ul>\n\n\n\n<p>O evento \u00e9 restrito a maiores de 18 anos. \u00c9 obrigat\u00f3ria a apresenta\u00e7\u00e3o de documento de identidade na entrada. A organiza\u00e7\u00e3o mant\u00e9m controle rigoroso de acesso e pol\u00edtica de toler\u00e2ncia zero para drogas.<\/p>\n\n\n\n<p><strong>SERVI\u00c7O<\/strong><\/p>\n\n\n\n<p><strong><em>Baile do Luiz 2000<\/em><\/strong>\n<strong>Data:<\/strong> 14 de mar\u00e7o\n<strong>Hor\u00e1rio:<\/strong> das 21h \u00e0s 5h\n<strong>Local:<\/strong> Rua do N\u00fancio, 127, Posse, Nova Igua\u00e7u\n<strong>Classifica\u00e7\u00e3o:<\/strong> 18 anos\n<strong>Documentos:<\/strong> RG ou CNH obrigat\u00f3rio na entrada\n<strong>Mais informa\u00e7\u00f5es:<\/strong> @bailedoluiz\n<strong>Venda de ingresso pelo WhatsApp:<\/strong> 21 96014-9726<\/p>\n","protected":false},"excerpt":{"rendered":"<p>O famoso Baile do Luiz 2000 j\u00e1 tem data marcada: 14 de mar\u00e7o. E quem ainda n\u00e3o garantiu o ingresso precisa correr, porque o primeiro lote j\u00e1 foi. O evento, que nasceu como festa de anivers\u00e1rio e cresceu nas redes sociais, se consolidou como um dos principais encontros de funk da Baixada Fluminense. \u201cMeu anivers\u00e1rio \u2026<\/p>\n","protected":false},"author":2,"featured_media":7232,"comment_status":"closed","ping_status":"open","sticky":false,"template":"","format":"standard","meta":{"footnotes":""},"categories":[4,8],"tags":[],"class_list":["post-7233","post","type-post","status-publish","format-standard","has-post-thumbnail","hentry","category-geral","category-musica"],"yoast_head":"<!-- This site is optimized with the Yoast SEO plugin v25.5 - https:\/\/yoast.com\/wordpress\/plugins\/seo\/ -->\n<title>Baile do Luiz 2000 acontece no dia 14 de mar\u00e7o e j\u00e1 esgotou o primeiro lote - Portal do Estado<\/title>\n<meta name=\"robots\" content=\"index, follow, max-snippet:-1, max-image-preview:large, max-video-preview:-1\" \/>\n<link rel=\"canonical\" href=\"https:\/\/portaldoestado.com.br\/index.php\/2026\/03\/12\/baile-do-luiz-2000-acontece-no-dia-14-de-marco-e-ja-esgotou-o-primeiro-lote\/\" \/>\n<meta property=\"og:locale\" content=\"pt_BR\" \/>\n<meta property=\"og:type\" content=\"article\" \/>\n<meta property=\"og:title\" content=\"Baile do Luiz 2000 acontece no dia 14 de mar\u00e7o e j\u00e1 esgotou o primeiro lote - Portal do Estado\" \/>\n<meta property=\"og:description\" content=\"O famoso Baile do Luiz 2000 j\u00e1 tem data marcada: 14 de mar\u00e7o. E quem ainda n\u00e3o garantiu o ingresso precisa correr, porque o primeiro lote j\u00e1 foi. O evento, que nasceu como festa de anivers\u00e1rio e cresceu nas redes sociais, se consolidou como um dos principais encontros de funk da Baixada Fluminense. \u201cMeu anivers\u00e1rio \u2026\" \/>\n<meta property=\"og:url\" content=\"https:\/\/portaldoestado.com.br\/index.php\/2026\/03\/12\/baile-do-luiz-2000-acontece-no-dia-14-de-marco-e-ja-esgotou-o-primeiro-lote\/\" \/>\n<meta property=\"og:site_name\" content=\"Portal do Estado\" \/>\n<meta property=\"article:published_time\" content=\"2026-03-12T22:22:09+00:00\" \/>\n<meta property=\"og:image\" content=\"https:\/\/portaldoestado.com.br\/wp-content\/uploads\/2026\/03\/BAILE-LUIZ-200-00009.png\" \/>\n\t<meta property=\"og:image:width\" content=\"1080\" \/>\n\t<meta property=\"og:image:height\" content=\"566\" \/>\n\t<meta property=\"og:image:type\" content=\"image\/png\" \/>\n<meta name=\"author\" content=\"assessoriadefamosos\" \/>\n<meta name=\"twitter:card\" content=\"summary_large_image\" \/>\n<meta name=\"twitter:label1\" content=\"Escrito por\" \/>\n\t<meta name=\"twitter:data1\" content=\"assessoriadefamosos\" \/>\n\t<meta name=\"twitter:label2\" content=\"Est. tempo de leitura\" \/>\n\t<meta name=\"twitter:data2\" content=\"2 minutos\" \/>\n<script type=\"application\/ld+json\" class=\"yoast-schema-graph\">{\"@context\":\"https:\/\/schema.org\",\"@graph\":[{\"@type\":\"Article\",\"@id\":\"https:\/\/portaldoestado.com.br\/index.php\/2026\/03\/12\/baile-do-luiz-2000-acontece-no-dia-14-de-marco-e-ja-esgotou-o-primeiro-lote\/#article\",\"isPartOf\":{\"@id\":\"https:\/\/portaldoestado.com.br\/index.php\/2026\/03\/12\/baile-do-luiz-2000-acontece-no-dia-14-de-marco-e-ja-esgotou-o-primeiro-lote\/\"},\"author\":{\"name\":\"assessoriadefamosos\",\"@id\":\"https:\/\/portaldoestado.com.br\/#\/schema\/person\/5ca0174f3c8c84b59da62ea14b698cb9\"},\"headline\":\"Baile do Luiz 2000 acontece no dia 14 de mar\u00e7o e j\u00e1 esgotou o primeiro lote\",\"datePublished\":\"2026-03-12T22:22:09+00:00\",\"mainEntityOfPage\":{\"@id\":\"https:\/\/portaldoestado.com.br\/index.php\/2026\/03\/12\/baile-do-luiz-2000-acontece-no-dia-14-de-marco-e-ja-esgotou-o-primeiro-lote\/\"},\"wordCount\":326,\"publisher\":{\"@id\":\"https:\/\/portaldoestado.com.br\/#organization\"},\"image\":{\"@id\":\"https:\/\/portaldoestado.com.br\/index.php\/2026\/03\/12\/baile-do-luiz-2000-acontece-no-dia-14-de-marco-e-ja-esgotou-o-primeiro-lote\/#primaryimage\"},\"thumbnailUrl\":\"https:\/\/portaldoestado.com.br\/wp-content\/uploads\/2026\/03\/BAILE-LUIZ-200-00009.png\",\"articleSection\":[\"Geral\",\"M\u00fasica\"],\"inLanguage\":\"pt-BR\"},{\"@type\":\"WebPage\",\"@id\":\"https:\/\/portaldoestado.com.br\/index.php\/2026\/03\/12\/baile-do-luiz-2000-acontece-no-dia-14-de-marco-e-ja-esgotou-o-primeiro-lote\/\",\"url\":\"https:\/\/portaldoestado.com.br\/index.php\/2026\/03\/12\/baile-do-luiz-2000-acontece-no-dia-14-de-marco-e-ja-esgotou-o-primeiro-lote\/\",\"name\":\"Baile do Luiz 2000 acontece no dia 14 de mar\u00e7o e j\u00e1 esgotou o primeiro lote - Portal do Estado\",\"isPartOf\":{\"@id\":\"https:\/\/portaldoestado.com.br\/#website\"},\"primaryImageOfPage\":{\"@id\":\"https:\/\/portaldoestado.com.br\/index.php\/2026\/03\/12\/baile-do-luiz-2000-acontece-no-dia-14-de-marco-e-ja-esgotou-o-primeiro-lote\/#primaryimage\"},\"image\":{\"@id\":\"https:\/\/portaldoestado.com.br\/index.php\/2026\/03\/12\/baile-do-luiz-2000-acontece-no-dia-14-de-marco-e-ja-esgotou-o-primeiro-lote\/#primaryimage\"},\"thumbnailUrl\":\"https:\/\/portaldoestado.com.br\/wp-content\/uploads\/2026\/03\/BAILE-LUIZ-200-00009.png\",\"datePublished\":\"2026-03-12T22:22:09+00:00\",\"breadcrumb\":{\"@id\":\"https:\/\/portaldoestado.com.br\/index.php\/2026\/03\/12\/baile-do-luiz-2000-acontece-no-dia-14-de-marco-e-ja-esgotou-o-primeiro-lote\/#breadcrumb\"},\"inLanguage\":\"pt-BR\",\"potentialAction\":[{\"@type\":\"ReadAction\",\"target\":[\"https:\/\/portaldoestado.com.br\/index.php\/2026\/03\/12\/baile-do-luiz-2000-acontece-no-dia-14-de-marco-e-ja-esgotou-o-primeiro-lote\/\"]}]},{\"@type\":\"ImageObject\",\"inLanguage\":\"pt-BR\",\"@id\":\"https:\/\/portaldoestado.com.br\/index.php\/2026\/03\/12\/baile-do-luiz-2000-acontece-no-dia-14-de-marco-e-ja-esgotou-o-primeiro-lote\/#primaryimage\",\"url\":\"https:\/\/portaldoestado.com.br\/wp-content\/uploads\/2026\/03\/BAILE-LUIZ-200-00009.png\",\"contentUrl\":\"https:\/\/portaldoestado.com.br\/wp-content\/uploads\/2026\/03\/BAILE-LUIZ-200-00009.png\",\"width\":1080,\"height\":566},{\"@type\":\"BreadcrumbList\",\"@id\":\"https:\/\/portaldoestado.com.br\/index.php\/2026\/03\/12\/baile-do-luiz-2000-acontece-no-dia-14-de-marco-e-ja-esgotou-o-primeiro-lote\/#breadcrumb\",\"itemListElement\":[{\"@type\":\"ListItem\",\"position\":1,\"name\":\"In\u00edcio\",\"item\":\"https:\/\/portaldoestado.com.br\/\"},{\"@type\":\"ListItem\",\"position\":2,\"name\":\"Baile do Luiz 2000 acontece no dia 14 de mar\u00e7o e j\u00e1 esgotou o primeiro lote\"}]},{\"@type\":\"WebSite\",\"@id\":\"https:\/\/portaldoestado.com.br\/#website\",\"url\":\"https:\/\/portaldoestado.com.br\/\",\"name\":\"Portal do Estado\",\"description\":\"\",\"publisher\":{\"@id\":\"https:\/\/portaldoestado.com.br\/#organization\"},\"potentialAction\":[{\"@type\":\"SearchAction\",\"target\":{\"@type\":\"EntryPoint\",\"urlTemplate\":\"https:\/\/portaldoestado.com.br\/?s={search_term_string}\"},\"query-input\":{\"@type\":\"PropertyValueSpecification\",\"valueRequired\":true,\"valueName\":\"search_term_string\"}}],\"inLanguage\":\"pt-BR\"},{\"@type\":\"Organization\",\"@id\":\"https:\/\/portaldoestado.com.br\/#organization\",\"name\":\"Portal do Estado\",\"url\":\"https:\/\/portaldoestado.com.br\/\",\"logo\":{\"@type\":\"ImageObject\",\"inLanguage\":\"pt-BR\",\"@id\":\"https:\/\/portaldoestado.com.br\/#\/schema\/logo\/image\/\",\"url\":\"https:\/\/portaldoestado.com.br\/wp-content\/uploads\/2025\/04\/cropped-6f69b19a-6472-43bf-b1b3-e1910bbbd4e8.png\",\"contentUrl\":\"https:\/\/portaldoestado.com.br\/wp-content\/uploads\/2025\/04\/cropped-6f69b19a-6472-43bf-b1b3-e1910bbbd4e8.png\",\"width\":1024,\"height\":350,\"caption\":\"Portal do Estado\"},\"image\":{\"@id\":\"https:\/\/portaldoestado.com.br\/#\/schema\/logo\/image\/\"}},{\"@type\":\"Person\",\"@id\":\"https:\/\/portaldoestado.com.br\/#\/schema\/person\/5ca0174f3c8c84b59da62ea14b698cb9\",\"name\":\"assessoriadefamosos\",\"image\":{\"@type\":\"ImageObject\",\"inLanguage\":\"pt-BR\",\"@id\":\"https:\/\/portaldoestado.com.br\/#\/schema\/person\/image\/\",\"url\":\"https:\/\/secure.gravatar.com\/avatar\/a7acbdffcfbbae7240e59f47fe511ec5f5d8c252c779f0b8d9ab02a9e1d8c5ed?s=96&d=mm&r=g\",\"contentUrl\":\"https:\/\/secure.gravatar.com\/avatar\/a7acbdffcfbbae7240e59f47fe511ec5f5d8c252c779f0b8d9ab02a9e1d8c5ed?s=96&d=mm&r=g\",\"caption\":\"assessoriadefamosos\"},\"url\":\"https:\/\/portaldoestado.com.br\/index.php\/author\/assessoriadefamosos\/\"}]}<\/script>\n<!-- \/ Yoast SEO plugin. -->","yoast_head_json":{"title":"Baile do Luiz 2000 acontece no dia 14 de mar\u00e7o e j\u00e1 esgotou o primeiro lote - Portal do Estado","robots":{"index":"index","follow":"follow","max-snippet":"max-snippet:-1","max-image-preview":"max-image-preview:large","max-video-preview":"max-video-preview:-1"},"canonical":"https:\/\/portaldoestado.com.br\/index.php\/2026\/03\/12\/baile-do-luiz-2000-acontece-no-dia-14-de-marco-e-ja-esgotou-o-primeiro-lote\/","og_locale":"pt_BR","og_type":"article","og_title":"Baile do Luiz 2000 acontece no dia 14 de mar\u00e7o e j\u00e1 esgotou o primeiro lote - Portal do Estado","og_description":"O famoso Baile do Luiz 2000 j\u00e1 tem data marcada: 14 de mar\u00e7o. E quem ainda n\u00e3o garantiu o ingresso precisa correr, porque o primeiro lote j\u00e1 foi. O evento, que nasceu como festa de anivers\u00e1rio e cresceu nas redes sociais, se consolidou como um dos principais encontros de funk da Baixada Fluminense. \u201cMeu anivers\u00e1rio \u2026","og_url":"https:\/\/portaldoestado.com.br\/index.php\/2026\/03\/12\/baile-do-luiz-2000-acontece-no-dia-14-de-marco-e-ja-esgotou-o-primeiro-lote\/","og_site_name":"Portal do Estado","article_published_time":"2026-03-12T22:22:09+00:00","og_image":[{"width":1080,"height":566,"url":"https:\/\/portaldoestado.com.br\/wp-content\/uploads\/2026\/03\/BAILE-LUIZ-200-00009.png","type":"image\/png"}],"author":"assessoriadefamosos","twitter_card":"summary_large_image","twitter_misc":{"Escrito por":"assessoriadefamosos","Est. tempo de leitura":"2 minutos"},"schema":{"@context":"https:\/\/schema.org","@graph":[{"@type":"Article","@id":"https:\/\/portaldoestado.com.br\/index.php\/2026\/03\/12\/baile-do-luiz-2000-acontece-no-dia-14-de-marco-e-ja-esgotou-o-primeiro-lote\/#article","isPartOf":{"@id":"https:\/\/portaldoestado.com.br\/index.php\/2026\/03\/12\/baile-do-luiz-2000-acontece-no-dia-14-de-marco-e-ja-esgotou-o-primeiro-lote\/"},"author":{"name":"assessoriadefamosos","@id":"https:\/\/portaldoestado.com.br\/#\/schema\/person\/5ca0174f3c8c84b59da62ea14b698cb9"},"headline":"Baile do Luiz 2000 acontece no dia 14 de mar\u00e7o e j\u00e1 esgotou o primeiro lote","datePublished":"2026-03-12T22:22:09+00:00","mainEntityOfPage":{"@id":"https:\/\/portaldoestado.com.br\/index.php\/2026\/03\/12\/baile-do-luiz-2000-acontece-no-dia-14-de-marco-e-ja-esgotou-o-primeiro-lote\/"},"wordCount":326,"publisher":{"@id":"https:\/\/portaldoestado.com.br\/#organization"},"image":{"@id":"https:\/\/portaldoestado.com.br\/index.php\/2026\/03\/12\/baile-do-luiz-2000-acontece-no-dia-14-de-marco-e-ja-esgotou-o-primeiro-lote\/#primaryimage"},"thumbnailUrl":"https:\/\/portaldoestado.com.br\/wp-content\/uploads\/2026\/03\/BAILE-LUIZ-200-00009.png","articleSection":["Geral","M\u00fasica"],"inLanguage":"pt-BR"},{"@type":"WebPage","@id":"https:\/\/portaldoestado.com.br\/index.php\/2026\/03\/12\/baile-do-luiz-2000-acontece-no-dia-14-de-marco-e-ja-esgotou-o-primeiro-lote\/","url":"https:\/\/portaldoestado.com.br\/index.php\/2026\/03\/12\/baile-do-luiz-2000-acontece-no-dia-14-de-marco-e-ja-esgotou-o-primeiro-lote\/","name":"Baile do Luiz 2000 acontece no dia 14 de mar\u00e7o e j\u00e1 esgotou o primeiro lote - Portal do Estado","isPartOf":{"@id":"https:\/\/portaldoestado.com.br\/#website"},"primaryImageOfPage":{"@id":"https:\/\/portaldoestado.com.br\/index.php\/2026\/03\/12\/baile-do-luiz-2000-acontece-no-dia-14-de-marco-e-ja-esgotou-o-primeiro-lote\/#primaryimage"},"image":{"@id":"https:\/\/portaldoestado.com.br\/index.php\/2026\/03\/12\/baile-do-luiz-2000-acontece-no-dia-14-de-marco-e-ja-esgotou-o-primeiro-lote\/#primaryimage"},"thumbnailUrl":"https:\/\/portaldoestado.com.br\/wp-content\/uploads\/2026\/03\/BAILE-LUIZ-200-00009.png","datePublished":"2026-03-12T22:22:09+00:00","breadcrumb":{"@id":"https:\/\/portaldoestado.com.br\/index.php\/2026\/03\/12\/baile-do-luiz-2000-acontece-no-dia-14-de-marco-e-ja-esgotou-o-primeiro-lote\/#breadcrumb"},"inLanguage":"pt-BR","potentialAction":[{"@type":"ReadAction","target":["https:\/\/portaldoestado.com.br\/index.php\/2026\/03\/12\/baile-do-luiz-2000-acontece-no-dia-14-de-marco-e-ja-esgotou-o-primeiro-lote\/"]}]},{"@type":"ImageObject","inLanguage":"pt-BR","@id":"https:\/\/portaldoestado.com.br\/index.php\/2026\/03\/12\/baile-do-luiz-2000-acontece-no-dia-14-de-marco-e-ja-esgotou-o-primeiro-lote\/#primaryimage","url":"https:\/\/portaldoestado.com.br\/wp-content\/uploads\/2026\/03\/BAILE-LUIZ-200-00009.png","contentUrl":"https:\/\/portaldoestado.com.br\/wp-content\/uploads\/2026\/03\/BAILE-LUIZ-200-00009.png","width":1080,"height":566},{"@type":"BreadcrumbList","@id":"https:\/\/portaldoestado.com.br\/index.php\/2026\/03\/12\/baile-do-luiz-2000-acontece-no-dia-14-de-marco-e-ja-esgotou-o-primeiro-lote\/#breadcrumb","itemListElement":[{"@type":"ListItem","position":1,"name":"In\u00edcio","item":"https:\/\/portaldoestado.com.br\/"},{"@type":"ListItem","position":2,"name":"Baile do Luiz 2000 acontece no dia 14 de mar\u00e7o e j\u00e1 esgotou o primeiro lote"}]},{"@type":"WebSite","@id":"https:\/\/portaldoestado.com.br\/#website","url":"https:\/\/portaldoestado.com.br\/","name":"Portal do Estado","description":"","publisher":{"@id":"https:\/\/portaldoestado.com.br\/#organization"},"potentialAction":[{"@type":"SearchAction","target":{"@type":"EntryPoint","urlTemplate":"https:\/\/portaldoestado.com.br\/?s={search_term_string}"},"query-input":{"@type":"PropertyValueSpecification","valueRequired":true,"valueName":"search_term_string"}}],"inLanguage":"pt-BR"},{"@type":"Organization","@id":"https:\/\/portaldoestado.com.br\/#organization","name":"Portal do Estado","url":"https:\/\/portaldoestado.com.br\/","logo":{"@type":"ImageObject","inLanguage":"pt-BR","@id":"https:\/\/portaldoestado.com.br\/#\/schema\/logo\/image\/","url":"https:\/\/portaldoestado.com.br\/wp-content\/uploads\/2025\/04\/cropped-6f69b19a-6472-43bf-b1b3-e1910bbbd4e8.png","contentUrl":"https:\/\/portaldoestado.com.br\/wp-content\/uploads\/2025\/04\/cropped-6f69b19a-6472-43bf-b1b3-e1910bbbd4e8.png","width":1024,"height":350,"caption":"Portal do Estado"},"image":{"@id":"https:\/\/portaldoestado.com.br\/#\/schema\/logo\/image\/"}},{"@type":"Person","@id":"https:\/\/portaldoestado.com.br\/#\/schema\/person\/5ca0174f3c8c84b59da62ea14b698cb9","name":"assessoriadefamosos","image":{"@type":"ImageObject","inLanguage":"pt-BR","@id":"https:\/\/portaldoestado.com.br\/#\/schema\/person\/image\/","url":"https:\/\/secure.gravatar.com\/avatar\/a7acbdffcfbbae7240e59f47fe511ec5f5d8c252c779f0b8d9ab02a9e1d8c5ed?s=96&d=mm&r=g","contentUrl":"https:\/\/secure.gravatar.com\/avatar\/a7acbdffcfbbae7240e59f47fe511ec5f5d8c252c779f0b8d9ab02a9e1d8c5ed?s=96&d=mm&r=g","caption":"assessoriadefamosos"},"url":"https:\/\/portaldoestado.com.br\/index.php\/author\/assessoriadefamosos\/"}]}},"jetpack_featured_media_url":"https:\/\/portaldoestado.com.br\/wp-content\/uploads\/2026\/03\/BAILE-LUIZ-200-00009.png","_links":{"self":[{"href":"https:\/\/portaldoestado.com.br\/index.php\/wp-json\/wp\/v2\/posts\/7233","targetHints":{"allow":["GET"]}}],"collection":[{"href":"https:\/\/portaldoestado.com.br\/index.php\/wp-json\/wp\/v2\/posts"}],"about":[{"href":"https:\/\/portaldoestado.com.br\/index.php\/wp-json\/wp\/v2\/types\/post"}],"author":[{"embeddable":true,"href":"https:\/\/portaldoestado.com.br\/index.php\/wp-json\/wp\/v2\/users\/2"}],"replies":[{"embeddable":true,"href":"https:\/\/portaldoestado.com.br\/index.php\/wp-json\/wp\/v2\/comments?post=7233"}],"version-history":[{"count":1,"href":"https:\/\/portaldoestado.com.br\/index.php\/wp-json\/wp\/v2\/posts\/7233\/revisions"}],"predecessor-version":[{"id":7234,"href":"https:\/\/portaldoestado.com.br\/index.php\/wp-json\/wp\/v2\/posts\/7233\/revisions\/7234"}],"wp:featuredmedia":[{"embeddable":true,"href":"https:\/\/portaldoestado.com.br\/index.php\/wp-json\/wp\/v2\/media\/7232"}],"wp:attachment":[{"href":"https:\/\/portaldoestado.com.br\/index.php\/wp-json\/wp\/v2\/media?parent=7233"}],"wp:term":[{"taxonomy":"category","embeddable":true,"href":"https:\/\/portaldoestado.com.br\/index.php\/wp-json\/wp\/v2\/categories?post=7233"},{"taxonomy":"post_tag","embeddable":true,"href":"https:\/\/portaldoestado.com.br\/index.php\/wp-json\/wp\/v2\/tags?post=7233"}],"curies":[{"name":"wp","href":"https:\/\/api.w.org\/{rel}","templated":true}]}}