{"id":7074,"date":"2026-03-07T07:38:55","date_gmt":"2026-03-07T07:38:55","guid":{"rendered":"https:\/\/portaldoestado.com.br\/?p=7074"},"modified":"2026-03-07T07:38:55","modified_gmt":"2026-03-07T07:38:55","slug":"bahia-define-representantes-para-os-jebs-sub-18-de-basquete-em-brasilia","status":"publish","type":"post","link":"https:\/\/portaldoestado.com.br\/index.php\/2026\/03\/07\/bahia-define-representantes-para-os-jebs-sub-18-de-basquete-em-brasilia\/","title":{"rendered":"Bahia define representantes para os JEB\u2019s Sub 18 de Basquete, em Bras\u00edlia"},"content":{"rendered":"\n<p>A Bahia j\u00e1 conhece as escolas que ir\u00e3o representar o estado nos Jogos Escolares Brasileiros (JEB\u2019s) Sub 18 de Basquete, competi\u00e7\u00e3o promovida pela Confedera\u00e7\u00e3o Brasileira do Desporto Escolar (CBDE), que ser\u00e1 realizada entre os dias 11 e 18 de abril, em Bras\u00edlia.<\/p>\n\n\n\n<p>A fase final da Seletiva Estadual aconteceu neste s\u00e1bado (1\u00ba), no Instituto Federal de Educa\u00e7\u00e3o, Ci\u00eancia e Tecnologia da Bahia (IFBA), Campus Barbalho, sob organiza\u00e7\u00e3o da Federa\u00e7\u00e3o Baiana de Esporte Escolar (FBEE).<\/p>\n\n\n\n<p>No torneio masculino, as semifinais foram disputadas entre Marista 35 x 17 Sartre SEB Monet e Col\u00e9gio Estadual Nossa Senhora da Concei\u00e7\u00e3o 18 x 25 Sartre SEB Itaigara. Com os resultados, Marista e Sartre Itaigara avan\u00e7aram para a grande decis\u00e3o.<\/p>\n\n\n\n<p>Na final, o Col\u00e9gio Marista confirmou o favoritismo e venceu por 40 a 20, conquistando o t\u00edtulo estadual e garantindo a vaga como representante da Bahia na etapa nacional.<\/p>\n\n\n\n<p>J\u00e1 no feminino, duas equipes participaram da disputa: Col\u00e9gio Militar de Salvador (CMS) e Sartre SEB Itaigara. O CMS assegurou a classifica\u00e7\u00e3o para os JEB\u2019s Sub 18 com duas vit\u00f3rias consecutivas, por 20 a 17 e 18 a 14. O equil\u00edbrio marcou a competi\u00e7\u00e3o, especialmente no primeiro confronto, decidido ap\u00f3s tr\u00eas per\u00edodos extras.<\/p>\n\n\n\n<p>Com os resultados, a FBEE homologa oficialmente as escolas representantes da Bahia nos JEB\u2019s Sub 18 de Basquete:<\/p>\n\n\n\n<p>Feminino: Col\u00e9gio Militar de Salvador\nMasculino: Col\u00e9gio Marista<\/p>\n\n\n\n<p>O pr\u00f3ximo passo ser\u00e1 a inscri\u00e7\u00e3o das equipes baianas na competi\u00e7\u00e3o nacional organizada pela CBDE. Enquanto isso, a FBEE segue com o calend\u00e1rio esportivo e j\u00e1 se prepara para a Seletiva Estadual dos JEB\u2019s Sub 18 de Voleibol, que acontecer\u00e1 nos dias 13 e 14 de mar\u00e7o, no Col\u00e9gio Bernoulli.<\/p>\n","protected":false},"excerpt":{"rendered":"<p>A Bahia j\u00e1 conhece as escolas que ir\u00e3o representar o estado nos Jogos Escolares Brasileiros (JEB\u2019s) Sub 18 de Basquete, competi\u00e7\u00e3o promovida pela Confedera\u00e7\u00e3o Brasileira do Desporto Escolar (CBDE), que ser\u00e1 realizada entre os dias 11 e 18 de abril, em Bras\u00edlia. A fase final da Seletiva Estadual aconteceu neste s\u00e1bado (1\u00ba), no Instituto Federal \u2026<\/p>\n","protected":false},"author":2,"featured_media":7073,"comment_status":"closed","ping_status":"open","sticky":false,"template":"","format":"standard","meta":{"footnotes":""},"categories":[36],"tags":[],"class_list":["post-7074","post","type-post","status-publish","format-standard","has-post-thumbnail","hentry","category-esporte"],"yoast_head":"<!-- This site is optimized with the Yoast SEO plugin v25.5 - https:\/\/yoast.com\/wordpress\/plugins\/seo\/ -->\n<title>Bahia define representantes para os JEB\u2019s Sub 18 de Basquete, em Bras\u00edlia - Portal do Estado<\/title>\n<meta name=\"robots\" content=\"index, follow, max-snippet:-1, max-image-preview:large, max-video-preview:-1\" \/>\n<link rel=\"canonical\" href=\"https:\/\/portaldoestado.com.br\/index.php\/2026\/03\/07\/bahia-define-representantes-para-os-jebs-sub-18-de-basquete-em-brasilia\/\" \/>\n<meta property=\"og:locale\" content=\"pt_BR\" \/>\n<meta property=\"og:type\" content=\"article\" \/>\n<meta property=\"og:title\" content=\"Bahia define representantes para os JEB\u2019s Sub 18 de Basquete, em Bras\u00edlia - Portal do Estado\" \/>\n<meta property=\"og:description\" content=\"A Bahia j\u00e1 conhece as escolas que ir\u00e3o representar o estado nos Jogos Escolares Brasileiros (JEB\u2019s) Sub 18 de Basquete, competi\u00e7\u00e3o promovida pela Confedera\u00e7\u00e3o Brasileira do Desporto Escolar (CBDE), que ser\u00e1 realizada entre os dias 11 e 18 de abril, em Bras\u00edlia. A fase final da Seletiva Estadual aconteceu neste s\u00e1bado (1\u00ba), no Instituto Federal \u2026\" \/>\n<meta property=\"og:url\" content=\"https:\/\/portaldoestado.com.br\/index.php\/2026\/03\/07\/bahia-define-representantes-para-os-jebs-sub-18-de-basquete-em-brasilia\/\" \/>\n<meta property=\"og:site_name\" content=\"Portal do Estado\" \/>\n<meta property=\"article:published_time\" content=\"2026-03-07T07:38:55+00:00\" \/>\n<meta property=\"og:image\" content=\"https:\/\/portaldoestado.com.br\/wp-content\/uploads\/2026\/03\/60ea4989-6d24-4d5b-844c-e4483d9e6727.jpg\" \/>\n\t<meta property=\"og:image:width\" content=\"1600\" \/>\n\t<meta property=\"og:image:height\" content=\"1200\" \/>\n\t<meta property=\"og:image:type\" content=\"image\/jpeg\" \/>\n<meta name=\"author\" content=\"assessoriadefamosos\" \/>\n<meta name=\"twitter:card\" content=\"summary_large_image\" \/>\n<meta name=\"twitter:label1\" content=\"Escrito por\" \/>\n\t<meta name=\"twitter:data1\" content=\"assessoriadefamosos\" \/>\n\t<meta name=\"twitter:label2\" content=\"Est. tempo de leitura\" \/>\n\t<meta name=\"twitter:data2\" content=\"1 minuto\" \/>\n<script type=\"application\/ld+json\" class=\"yoast-schema-graph\">{\"@context\":\"https:\/\/schema.org\",\"@graph\":[{\"@type\":\"Article\",\"@id\":\"https:\/\/portaldoestado.com.br\/index.php\/2026\/03\/07\/bahia-define-representantes-para-os-jebs-sub-18-de-basquete-em-brasilia\/#article\",\"isPartOf\":{\"@id\":\"https:\/\/portaldoestado.com.br\/index.php\/2026\/03\/07\/bahia-define-representantes-para-os-jebs-sub-18-de-basquete-em-brasilia\/\"},\"author\":{\"name\":\"assessoriadefamosos\",\"@id\":\"https:\/\/portaldoestado.com.br\/#\/schema\/person\/5ca0174f3c8c84b59da62ea14b698cb9\"},\"headline\":\"Bahia define representantes para os JEB\u2019s Sub 18 de Basquete, em Bras\u00edlia\",\"datePublished\":\"2026-03-07T07:38:55+00:00\",\"mainEntityOfPage\":{\"@id\":\"https:\/\/portaldoestado.com.br\/index.php\/2026\/03\/07\/bahia-define-representantes-para-os-jebs-sub-18-de-basquete-em-brasilia\/\"},\"wordCount\":301,\"publisher\":{\"@id\":\"https:\/\/portaldoestado.com.br\/#organization\"},\"image\":{\"@id\":\"https:\/\/portaldoestado.com.br\/index.php\/2026\/03\/07\/bahia-define-representantes-para-os-jebs-sub-18-de-basquete-em-brasilia\/#primaryimage\"},\"thumbnailUrl\":\"https:\/\/portaldoestado.com.br\/wp-content\/uploads\/2026\/03\/60ea4989-6d24-4d5b-844c-e4483d9e6727.jpg\",\"articleSection\":[\"Esporte\"],\"inLanguage\":\"pt-BR\"},{\"@type\":\"WebPage\",\"@id\":\"https:\/\/portaldoestado.com.br\/index.php\/2026\/03\/07\/bahia-define-representantes-para-os-jebs-sub-18-de-basquete-em-brasilia\/\",\"url\":\"https:\/\/portaldoestado.com.br\/index.php\/2026\/03\/07\/bahia-define-representantes-para-os-jebs-sub-18-de-basquete-em-brasilia\/\",\"name\":\"Bahia define representantes para os JEB\u2019s Sub 18 de Basquete, em Bras\u00edlia - Portal do Estado\",\"isPartOf\":{\"@id\":\"https:\/\/portaldoestado.com.br\/#website\"},\"primaryImageOfPage\":{\"@id\":\"https:\/\/portaldoestado.com.br\/index.php\/2026\/03\/07\/bahia-define-representantes-para-os-jebs-sub-18-de-basquete-em-brasilia\/#primaryimage\"},\"image\":{\"@id\":\"https:\/\/portaldoestado.com.br\/index.php\/2026\/03\/07\/bahia-define-representantes-para-os-jebs-sub-18-de-basquete-em-brasilia\/#primaryimage\"},\"thumbnailUrl\":\"https:\/\/portaldoestado.com.br\/wp-content\/uploads\/2026\/03\/60ea4989-6d24-4d5b-844c-e4483d9e6727.jpg\",\"datePublished\":\"2026-03-07T07:38:55+00:00\",\"breadcrumb\":{\"@id\":\"https:\/\/portaldoestado.com.br\/index.php\/2026\/03\/07\/bahia-define-representantes-para-os-jebs-sub-18-de-basquete-em-brasilia\/#breadcrumb\"},\"inLanguage\":\"pt-BR\",\"potentialAction\":[{\"@type\":\"ReadAction\",\"target\":[\"https:\/\/portaldoestado.com.br\/index.php\/2026\/03\/07\/bahia-define-representantes-para-os-jebs-sub-18-de-basquete-em-brasilia\/\"]}]},{\"@type\":\"ImageObject\",\"inLanguage\":\"pt-BR\",\"@id\":\"https:\/\/portaldoestado.com.br\/index.php\/2026\/03\/07\/bahia-define-representantes-para-os-jebs-sub-18-de-basquete-em-brasilia\/#primaryimage\",\"url\":\"https:\/\/portaldoestado.com.br\/wp-content\/uploads\/2026\/03\/60ea4989-6d24-4d5b-844c-e4483d9e6727.jpg\",\"contentUrl\":\"https:\/\/portaldoestado.com.br\/wp-content\/uploads\/2026\/03\/60ea4989-6d24-4d5b-844c-e4483d9e6727.jpg\",\"width\":1600,\"height\":1200},{\"@type\":\"BreadcrumbList\",\"@id\":\"https:\/\/portaldoestado.com.br\/index.php\/2026\/03\/07\/bahia-define-representantes-para-os-jebs-sub-18-de-basquete-em-brasilia\/#breadcrumb\",\"itemListElement\":[{\"@type\":\"ListItem\",\"position\":1,\"name\":\"In\u00edcio\",\"item\":\"https:\/\/portaldoestado.com.br\/\"},{\"@type\":\"ListItem\",\"position\":2,\"name\":\"Bahia define representantes para os JEB\u2019s Sub 18 de Basquete, em Bras\u00edlia\"}]},{\"@type\":\"WebSite\",\"@id\":\"https:\/\/portaldoestado.com.br\/#website\",\"url\":\"https:\/\/portaldoestado.com.br\/\",\"name\":\"Portal do Estado\",\"description\":\"\",\"publisher\":{\"@id\":\"https:\/\/portaldoestado.com.br\/#organization\"},\"potentialAction\":[{\"@type\":\"SearchAction\",\"target\":{\"@type\":\"EntryPoint\",\"urlTemplate\":\"https:\/\/portaldoestado.com.br\/?s={search_term_string}\"},\"query-input\":{\"@type\":\"PropertyValueSpecification\",\"valueRequired\":true,\"valueName\":\"search_term_string\"}}],\"inLanguage\":\"pt-BR\"},{\"@type\":\"Organization\",\"@id\":\"https:\/\/portaldoestado.com.br\/#organization\",\"name\":\"Portal do Estado\",\"url\":\"https:\/\/portaldoestado.com.br\/\",\"logo\":{\"@type\":\"ImageObject\",\"inLanguage\":\"pt-BR\",\"@id\":\"https:\/\/portaldoestado.com.br\/#\/schema\/logo\/image\/\",\"url\":\"https:\/\/portaldoestado.com.br\/wp-content\/uploads\/2025\/04\/cropped-6f69b19a-6472-43bf-b1b3-e1910bbbd4e8.png\",\"contentUrl\":\"https:\/\/portaldoestado.com.br\/wp-content\/uploads\/2025\/04\/cropped-6f69b19a-6472-43bf-b1b3-e1910bbbd4e8.png\",\"width\":1024,\"height\":350,\"caption\":\"Portal do Estado\"},\"image\":{\"@id\":\"https:\/\/portaldoestado.com.br\/#\/schema\/logo\/image\/\"}},{\"@type\":\"Person\",\"@id\":\"https:\/\/portaldoestado.com.br\/#\/schema\/person\/5ca0174f3c8c84b59da62ea14b698cb9\",\"name\":\"assessoriadefamosos\",\"image\":{\"@type\":\"ImageObject\",\"inLanguage\":\"pt-BR\",\"@id\":\"https:\/\/portaldoestado.com.br\/#\/schema\/person\/image\/\",\"url\":\"https:\/\/secure.gravatar.com\/avatar\/a7acbdffcfbbae7240e59f47fe511ec5f5d8c252c779f0b8d9ab02a9e1d8c5ed?s=96&d=mm&r=g\",\"contentUrl\":\"https:\/\/secure.gravatar.com\/avatar\/a7acbdffcfbbae7240e59f47fe511ec5f5d8c252c779f0b8d9ab02a9e1d8c5ed?s=96&d=mm&r=g\",\"caption\":\"assessoriadefamosos\"},\"url\":\"https:\/\/portaldoestado.com.br\/index.php\/author\/assessoriadefamosos\/\"}]}<\/script>\n<!-- \/ Yoast SEO plugin. -->","yoast_head_json":{"title":"Bahia define representantes para os JEB\u2019s Sub 18 de Basquete, em Bras\u00edlia - Portal do Estado","robots":{"index":"index","follow":"follow","max-snippet":"max-snippet:-1","max-image-preview":"max-image-preview:large","max-video-preview":"max-video-preview:-1"},"canonical":"https:\/\/portaldoestado.com.br\/index.php\/2026\/03\/07\/bahia-define-representantes-para-os-jebs-sub-18-de-basquete-em-brasilia\/","og_locale":"pt_BR","og_type":"article","og_title":"Bahia define representantes para os JEB\u2019s Sub 18 de Basquete, em Bras\u00edlia - Portal do Estado","og_description":"A Bahia j\u00e1 conhece as escolas que ir\u00e3o representar o estado nos Jogos Escolares Brasileiros (JEB\u2019s) Sub 18 de Basquete, competi\u00e7\u00e3o promovida pela Confedera\u00e7\u00e3o Brasileira do Desporto Escolar (CBDE), que ser\u00e1 realizada entre os dias 11 e 18 de abril, em Bras\u00edlia. A fase final da Seletiva Estadual aconteceu neste s\u00e1bado (1\u00ba), no Instituto Federal \u2026","og_url":"https:\/\/portaldoestado.com.br\/index.php\/2026\/03\/07\/bahia-define-representantes-para-os-jebs-sub-18-de-basquete-em-brasilia\/","og_site_name":"Portal do Estado","article_published_time":"2026-03-07T07:38:55+00:00","og_image":[{"width":1600,"height":1200,"url":"https:\/\/portaldoestado.com.br\/wp-content\/uploads\/2026\/03\/60ea4989-6d24-4d5b-844c-e4483d9e6727.jpg","type":"image\/jpeg"}],"author":"assessoriadefamosos","twitter_card":"summary_large_image","twitter_misc":{"Escrito por":"assessoriadefamosos","Est. tempo de leitura":"1 minuto"},"schema":{"@context":"https:\/\/schema.org","@graph":[{"@type":"Article","@id":"https:\/\/portaldoestado.com.br\/index.php\/2026\/03\/07\/bahia-define-representantes-para-os-jebs-sub-18-de-basquete-em-brasilia\/#article","isPartOf":{"@id":"https:\/\/portaldoestado.com.br\/index.php\/2026\/03\/07\/bahia-define-representantes-para-os-jebs-sub-18-de-basquete-em-brasilia\/"},"author":{"name":"assessoriadefamosos","@id":"https:\/\/portaldoestado.com.br\/#\/schema\/person\/5ca0174f3c8c84b59da62ea14b698cb9"},"headline":"Bahia define representantes para os JEB\u2019s Sub 18 de Basquete, em Bras\u00edlia","datePublished":"2026-03-07T07:38:55+00:00","mainEntityOfPage":{"@id":"https:\/\/portaldoestado.com.br\/index.php\/2026\/03\/07\/bahia-define-representantes-para-os-jebs-sub-18-de-basquete-em-brasilia\/"},"wordCount":301,"publisher":{"@id":"https:\/\/portaldoestado.com.br\/#organization"},"image":{"@id":"https:\/\/portaldoestado.com.br\/index.php\/2026\/03\/07\/bahia-define-representantes-para-os-jebs-sub-18-de-basquete-em-brasilia\/#primaryimage"},"thumbnailUrl":"https:\/\/portaldoestado.com.br\/wp-content\/uploads\/2026\/03\/60ea4989-6d24-4d5b-844c-e4483d9e6727.jpg","articleSection":["Esporte"],"inLanguage":"pt-BR"},{"@type":"WebPage","@id":"https:\/\/portaldoestado.com.br\/index.php\/2026\/03\/07\/bahia-define-representantes-para-os-jebs-sub-18-de-basquete-em-brasilia\/","url":"https:\/\/portaldoestado.com.br\/index.php\/2026\/03\/07\/bahia-define-representantes-para-os-jebs-sub-18-de-basquete-em-brasilia\/","name":"Bahia define representantes para os JEB\u2019s Sub 18 de Basquete, em Bras\u00edlia - Portal do Estado","isPartOf":{"@id":"https:\/\/portaldoestado.com.br\/#website"},"primaryImageOfPage":{"@id":"https:\/\/portaldoestado.com.br\/index.php\/2026\/03\/07\/bahia-define-representantes-para-os-jebs-sub-18-de-basquete-em-brasilia\/#primaryimage"},"image":{"@id":"https:\/\/portaldoestado.com.br\/index.php\/2026\/03\/07\/bahia-define-representantes-para-os-jebs-sub-18-de-basquete-em-brasilia\/#primaryimage"},"thumbnailUrl":"https:\/\/portaldoestado.com.br\/wp-content\/uploads\/2026\/03\/60ea4989-6d24-4d5b-844c-e4483d9e6727.jpg","datePublished":"2026-03-07T07:38:55+00:00","breadcrumb":{"@id":"https:\/\/portaldoestado.com.br\/index.php\/2026\/03\/07\/bahia-define-representantes-para-os-jebs-sub-18-de-basquete-em-brasilia\/#breadcrumb"},"inLanguage":"pt-BR","potentialAction":[{"@type":"ReadAction","target":["https:\/\/portaldoestado.com.br\/index.php\/2026\/03\/07\/bahia-define-representantes-para-os-jebs-sub-18-de-basquete-em-brasilia\/"]}]},{"@type":"ImageObject","inLanguage":"pt-BR","@id":"https:\/\/portaldoestado.com.br\/index.php\/2026\/03\/07\/bahia-define-representantes-para-os-jebs-sub-18-de-basquete-em-brasilia\/#primaryimage","url":"https:\/\/portaldoestado.com.br\/wp-content\/uploads\/2026\/03\/60ea4989-6d24-4d5b-844c-e4483d9e6727.jpg","contentUrl":"https:\/\/portaldoestado.com.br\/wp-content\/uploads\/2026\/03\/60ea4989-6d24-4d5b-844c-e4483d9e6727.jpg","width":1600,"height":1200},{"@type":"BreadcrumbList","@id":"https:\/\/portaldoestado.com.br\/index.php\/2026\/03\/07\/bahia-define-representantes-para-os-jebs-sub-18-de-basquete-em-brasilia\/#breadcrumb","itemListElement":[{"@type":"ListItem","position":1,"name":"In\u00edcio","item":"https:\/\/portaldoestado.com.br\/"},{"@type":"ListItem","position":2,"name":"Bahia define representantes para os JEB\u2019s Sub 18 de Basquete, em Bras\u00edlia"}]},{"@type":"WebSite","@id":"https:\/\/portaldoestado.com.br\/#website","url":"https:\/\/portaldoestado.com.br\/","name":"Portal do Estado","description":"","publisher":{"@id":"https:\/\/portaldoestado.com.br\/#organization"},"potentialAction":[{"@type":"SearchAction","target":{"@type":"EntryPoint","urlTemplate":"https:\/\/portaldoestado.com.br\/?s={search_term_string}"},"query-input":{"@type":"PropertyValueSpecification","valueRequired":true,"valueName":"search_term_string"}}],"inLanguage":"pt-BR"},{"@type":"Organization","@id":"https:\/\/portaldoestado.com.br\/#organization","name":"Portal do Estado","url":"https:\/\/portaldoestado.com.br\/","logo":{"@type":"ImageObject","inLanguage":"pt-BR","@id":"https:\/\/portaldoestado.com.br\/#\/schema\/logo\/image\/","url":"https:\/\/portaldoestado.com.br\/wp-content\/uploads\/2025\/04\/cropped-6f69b19a-6472-43bf-b1b3-e1910bbbd4e8.png","contentUrl":"https:\/\/portaldoestado.com.br\/wp-content\/uploads\/2025\/04\/cropped-6f69b19a-6472-43bf-b1b3-e1910bbbd4e8.png","width":1024,"height":350,"caption":"Portal do Estado"},"image":{"@id":"https:\/\/portaldoestado.com.br\/#\/schema\/logo\/image\/"}},{"@type":"Person","@id":"https:\/\/portaldoestado.com.br\/#\/schema\/person\/5ca0174f3c8c84b59da62ea14b698cb9","name":"assessoriadefamosos","image":{"@type":"ImageObject","inLanguage":"pt-BR","@id":"https:\/\/portaldoestado.com.br\/#\/schema\/person\/image\/","url":"https:\/\/secure.gravatar.com\/avatar\/a7acbdffcfbbae7240e59f47fe511ec5f5d8c252c779f0b8d9ab02a9e1d8c5ed?s=96&d=mm&r=g","contentUrl":"https:\/\/secure.gravatar.com\/avatar\/a7acbdffcfbbae7240e59f47fe511ec5f5d8c252c779f0b8d9ab02a9e1d8c5ed?s=96&d=mm&r=g","caption":"assessoriadefamosos"},"url":"https:\/\/portaldoestado.com.br\/index.php\/author\/assessoriadefamosos\/"}]}},"jetpack_featured_media_url":"https:\/\/portaldoestado.com.br\/wp-content\/uploads\/2026\/03\/60ea4989-6d24-4d5b-844c-e4483d9e6727.jpg","_links":{"self":[{"href":"https:\/\/portaldoestado.com.br\/index.php\/wp-json\/wp\/v2\/posts\/7074","targetHints":{"allow":["GET"]}}],"collection":[{"href":"https:\/\/portaldoestado.com.br\/index.php\/wp-json\/wp\/v2\/posts"}],"about":[{"href":"https:\/\/portaldoestado.com.br\/index.php\/wp-json\/wp\/v2\/types\/post"}],"author":[{"embeddable":true,"href":"https:\/\/portaldoestado.com.br\/index.php\/wp-json\/wp\/v2\/users\/2"}],"replies":[{"embeddable":true,"href":"https:\/\/portaldoestado.com.br\/index.php\/wp-json\/wp\/v2\/comments?post=7074"}],"version-history":[{"count":1,"href":"https:\/\/portaldoestado.com.br\/index.php\/wp-json\/wp\/v2\/posts\/7074\/revisions"}],"predecessor-version":[{"id":7075,"href":"https:\/\/portaldoestado.com.br\/index.php\/wp-json\/wp\/v2\/posts\/7074\/revisions\/7075"}],"wp:featuredmedia":[{"embeddable":true,"href":"https:\/\/portaldoestado.com.br\/index.php\/wp-json\/wp\/v2\/media\/7073"}],"wp:attachment":[{"href":"https:\/\/portaldoestado.com.br\/index.php\/wp-json\/wp\/v2\/media?parent=7074"}],"wp:term":[{"taxonomy":"category","embeddable":true,"href":"https:\/\/portaldoestado.com.br\/index.php\/wp-json\/wp\/v2\/categories?post=7074"},{"taxonomy":"post_tag","embeddable":true,"href":"https:\/\/portaldoestado.com.br\/index.php\/wp-json\/wp\/v2\/tags?post=7074"}],"curies":[{"name":"wp","href":"https:\/\/api.w.org\/{rel}","templated":true}]}}