{"id":7071,"date":"2026-03-07T07:32:16","date_gmt":"2026-03-07T07:32:16","guid":{"rendered":"https:\/\/portaldoestado.com.br\/?p=7071"},"modified":"2026-03-07T07:32:16","modified_gmt":"2026-03-07T07:32:16","slug":"matogrosso-mathias-encerram-serie-de-lancamentos-do-album-pedaco-de-minha-vida-e-celebram-cinco-decadas-de-historia","status":"publish","type":"post","link":"https:\/\/portaldoestado.com.br\/index.php\/2026\/03\/07\/matogrosso-mathias-encerram-serie-de-lancamentos-do-album-pedaco-de-minha-vida-e-celebram-cinco-decadas-de-historia\/","title":{"rendered":"Matogrosso &amp; Mathias encerram s\u00e9rie de lan\u00e7amentos do \u00e1lbum \u201cPeda\u00e7o de Minha Vida\u201d e celebram cinco d\u00e9cadas de hist\u00f3ria"},"content":{"rendered":"\n<p>H\u00e1 hist\u00f3rias que atravessam gera\u00e7\u00f5es e vozes que permanecem vivas no cora\u00e7\u00e3o do p\u00fablico. A consagrada dupla Matogrosso &#038; Mathias coloca um ponto final na s\u00e9rie de lan\u00e7amentos do \u00e1lbum Peda\u00e7o de Minha Vida, projeto especial que celebra a trajet\u00f3ria de mais de 50 anos dedicados \u00e0 m\u00fasica sertaneja.<\/p>\n\n\n\n<p>O sexto EP chega como o cap\u00edtulo final de um trabalho que revisita grandes sucessos da carreira da dupla, reafirmando o papel fundamental de Matogrosso &#038; Mathias na constru\u00e7\u00e3o e evolu\u00e7\u00e3o do g\u00eanero no Brasil. Ao longo dos lan\u00e7amentos, o p\u00fablico p\u00f4de acompanhar releituras emocionantes de cl\u00e1ssicos que marcaram \u00e9poca e continuam presentes na mem\u00f3ria afetiva dos f\u00e3s.<\/p>\n\n\n\n<p>Para encerrar o projeto em grande estilo, o \u00e1lbum re\u00fane participa\u00e7\u00f5es especiais de alguns dos maiores nomes da m\u00fasica sertaneja. Entre os convidados est\u00e3o Daniel, Chit\u00e3ozinho &#038; Xoror\u00f3, Zez\u00e9 Di Camargo &#038; Luciano e C\u00e9sar Menotti &#038; Fabiano, que emprestam suas vozes a releituras marcantes e carregadas de emo\u00e7\u00e3o.<\/p>\n\n\n\n<p>Al\u00e9m das novas vers\u00f5es das can\u00e7\u00f5es, o encerramento do projeto tamb\u00e9m \u00e9 marcado por um momento simb\u00f3lico: a entrega de um microfone de ouro em homenagem ao legado de Matogrosso, reconhecendo sua contribui\u00e7\u00e3o hist\u00f3rica e inestim\u00e1vel para a m\u00fasica sertaneja.<\/p>\n\n\n\n<p>Com \u201cPeda\u00e7o de Minha Vida\u201d, Matogrosso &#038; Mathias transformam o pr\u00f3prio repert\u00f3rio em um tributo \u00e0 longevidade art\u00edstica e ao impacto cultural que constru\u00edram ao longo de cinco d\u00e9cadas. O projeto refor\u00e7a a relev\u00e2ncia da dupla em diferentes gera\u00e7\u00f5es e evidencia como suas can\u00e7\u00f5es seguem vivas, emocionando e inspirando novos artistas e f\u00e3s em todo o pa\u00eds.<\/p>\n\n\n\n<p>O p\u00fablico j\u00e1 pode garantir o acesso antecipado ao lan\u00e7amento por meio do pr\u00e9-save do \u00e1lbum: <a href=\"https:\/\/onerpm.link\/50AnosPedacodeMinhaVida\">https:\/\/onerpm.link\/50AnosPedacodeMinhaVida<\/a><\/p>\n","protected":false},"excerpt":{"rendered":"<p>H\u00e1 hist\u00f3rias que atravessam gera\u00e7\u00f5es e vozes que permanecem vivas no cora\u00e7\u00e3o do p\u00fablico. A consagrada dupla Matogrosso &#038; Mathias coloca um ponto final na s\u00e9rie de lan\u00e7amentos do \u00e1lbum Peda\u00e7o de Minha Vida, projeto especial que celebra a trajet\u00f3ria de mais de 50 anos dedicados \u00e0 m\u00fasica sertaneja. O sexto EP chega como o \u2026<\/p>\n","protected":false},"author":2,"featured_media":7070,"comment_status":"closed","ping_status":"open","sticky":false,"template":"","format":"standard","meta":{"footnotes":""},"categories":[3],"tags":[],"class_list":["post-7071","post","type-post","status-publish","format-standard","has-post-thumbnail","hentry","category-famosos"],"yoast_head":"<!-- This site is optimized with the Yoast SEO plugin v25.5 - https:\/\/yoast.com\/wordpress\/plugins\/seo\/ -->\n<title>Matogrosso &amp; Mathias encerram s\u00e9rie de lan\u00e7amentos do \u00e1lbum \u201cPeda\u00e7o de Minha Vida\u201d e celebram cinco d\u00e9cadas de hist\u00f3ria - Portal do Estado<\/title>\n<meta name=\"robots\" content=\"index, follow, max-snippet:-1, max-image-preview:large, max-video-preview:-1\" \/>\n<link rel=\"canonical\" href=\"https:\/\/portaldoestado.com.br\/index.php\/2026\/03\/07\/matogrosso-mathias-encerram-serie-de-lancamentos-do-album-pedaco-de-minha-vida-e-celebram-cinco-decadas-de-historia\/\" \/>\n<meta property=\"og:locale\" content=\"pt_BR\" \/>\n<meta property=\"og:type\" content=\"article\" \/>\n<meta property=\"og:title\" content=\"Matogrosso &amp; Mathias encerram s\u00e9rie de lan\u00e7amentos do \u00e1lbum \u201cPeda\u00e7o de Minha Vida\u201d e celebram cinco d\u00e9cadas de hist\u00f3ria - Portal do Estado\" \/>\n<meta property=\"og:description\" content=\"H\u00e1 hist\u00f3rias que atravessam gera\u00e7\u00f5es e vozes que permanecem vivas no cora\u00e7\u00e3o do p\u00fablico. A consagrada dupla Matogrosso &amp; Mathias coloca um ponto final na s\u00e9rie de lan\u00e7amentos do \u00e1lbum Peda\u00e7o de Minha Vida, projeto especial que celebra a trajet\u00f3ria de mais de 50 anos dedicados \u00e0 m\u00fasica sertaneja. O sexto EP chega como o \u2026\" \/>\n<meta property=\"og:url\" content=\"https:\/\/portaldoestado.com.br\/index.php\/2026\/03\/07\/matogrosso-mathias-encerram-serie-de-lancamentos-do-album-pedaco-de-minha-vida-e-celebram-cinco-decadas-de-historia\/\" \/>\n<meta property=\"og:site_name\" content=\"Portal do Estado\" \/>\n<meta property=\"article:published_time\" content=\"2026-03-07T07:32:16+00:00\" \/>\n<meta property=\"og:image\" content=\"https:\/\/portaldoestado.com.br\/wp-content\/uploads\/2026\/03\/fb5d00d5-10ba-425e-b139-a76dc2e06d67.jpg\" \/>\n\t<meta property=\"og:image:width\" content=\"1600\" \/>\n\t<meta property=\"og:image:height\" content=\"1066\" \/>\n\t<meta property=\"og:image:type\" content=\"image\/jpeg\" \/>\n<meta name=\"author\" content=\"assessoriadefamosos\" \/>\n<meta name=\"twitter:card\" content=\"summary_large_image\" \/>\n<meta name=\"twitter:label1\" content=\"Escrito por\" \/>\n\t<meta name=\"twitter:data1\" content=\"assessoriadefamosos\" \/>\n\t<meta name=\"twitter:label2\" content=\"Est. tempo de leitura\" \/>\n\t<meta name=\"twitter:data2\" content=\"2 minutos\" \/>\n<script type=\"application\/ld+json\" class=\"yoast-schema-graph\">{\"@context\":\"https:\/\/schema.org\",\"@graph\":[{\"@type\":\"Article\",\"@id\":\"https:\/\/portaldoestado.com.br\/index.php\/2026\/03\/07\/matogrosso-mathias-encerram-serie-de-lancamentos-do-album-pedaco-de-minha-vida-e-celebram-cinco-decadas-de-historia\/#article\",\"isPartOf\":{\"@id\":\"https:\/\/portaldoestado.com.br\/index.php\/2026\/03\/07\/matogrosso-mathias-encerram-serie-de-lancamentos-do-album-pedaco-de-minha-vida-e-celebram-cinco-decadas-de-historia\/\"},\"author\":{\"name\":\"assessoriadefamosos\",\"@id\":\"https:\/\/portaldoestado.com.br\/#\/schema\/person\/5ca0174f3c8c84b59da62ea14b698cb9\"},\"headline\":\"Matogrosso &amp; Mathias encerram s\u00e9rie de lan\u00e7amentos do \u00e1lbum \u201cPeda\u00e7o de Minha Vida\u201d e celebram cinco d\u00e9cadas de hist\u00f3ria\",\"datePublished\":\"2026-03-07T07:32:16+00:00\",\"mainEntityOfPage\":{\"@id\":\"https:\/\/portaldoestado.com.br\/index.php\/2026\/03\/07\/matogrosso-mathias-encerram-serie-de-lancamentos-do-album-pedaco-de-minha-vida-e-celebram-cinco-decadas-de-historia\/\"},\"wordCount\":337,\"publisher\":{\"@id\":\"https:\/\/portaldoestado.com.br\/#organization\"},\"image\":{\"@id\":\"https:\/\/portaldoestado.com.br\/index.php\/2026\/03\/07\/matogrosso-mathias-encerram-serie-de-lancamentos-do-album-pedaco-de-minha-vida-e-celebram-cinco-decadas-de-historia\/#primaryimage\"},\"thumbnailUrl\":\"https:\/\/portaldoestado.com.br\/wp-content\/uploads\/2026\/03\/fb5d00d5-10ba-425e-b139-a76dc2e06d67.jpg\",\"articleSection\":[\"Famosos\"],\"inLanguage\":\"pt-BR\"},{\"@type\":\"WebPage\",\"@id\":\"https:\/\/portaldoestado.com.br\/index.php\/2026\/03\/07\/matogrosso-mathias-encerram-serie-de-lancamentos-do-album-pedaco-de-minha-vida-e-celebram-cinco-decadas-de-historia\/\",\"url\":\"https:\/\/portaldoestado.com.br\/index.php\/2026\/03\/07\/matogrosso-mathias-encerram-serie-de-lancamentos-do-album-pedaco-de-minha-vida-e-celebram-cinco-decadas-de-historia\/\",\"name\":\"Matogrosso &amp; Mathias encerram s\u00e9rie de lan\u00e7amentos do \u00e1lbum \u201cPeda\u00e7o de Minha Vida\u201d e celebram cinco d\u00e9cadas de hist\u00f3ria - Portal do Estado\",\"isPartOf\":{\"@id\":\"https:\/\/portaldoestado.com.br\/#website\"},\"primaryImageOfPage\":{\"@id\":\"https:\/\/portaldoestado.com.br\/index.php\/2026\/03\/07\/matogrosso-mathias-encerram-serie-de-lancamentos-do-album-pedaco-de-minha-vida-e-celebram-cinco-decadas-de-historia\/#primaryimage\"},\"image\":{\"@id\":\"https:\/\/portaldoestado.com.br\/index.php\/2026\/03\/07\/matogrosso-mathias-encerram-serie-de-lancamentos-do-album-pedaco-de-minha-vida-e-celebram-cinco-decadas-de-historia\/#primaryimage\"},\"thumbnailUrl\":\"https:\/\/portaldoestado.com.br\/wp-content\/uploads\/2026\/03\/fb5d00d5-10ba-425e-b139-a76dc2e06d67.jpg\",\"datePublished\":\"2026-03-07T07:32:16+00:00\",\"breadcrumb\":{\"@id\":\"https:\/\/portaldoestado.com.br\/index.php\/2026\/03\/07\/matogrosso-mathias-encerram-serie-de-lancamentos-do-album-pedaco-de-minha-vida-e-celebram-cinco-decadas-de-historia\/#breadcrumb\"},\"inLanguage\":\"pt-BR\",\"potentialAction\":[{\"@type\":\"ReadAction\",\"target\":[\"https:\/\/portaldoestado.com.br\/index.php\/2026\/03\/07\/matogrosso-mathias-encerram-serie-de-lancamentos-do-album-pedaco-de-minha-vida-e-celebram-cinco-decadas-de-historia\/\"]}]},{\"@type\":\"ImageObject\",\"inLanguage\":\"pt-BR\",\"@id\":\"https:\/\/portaldoestado.com.br\/index.php\/2026\/03\/07\/matogrosso-mathias-encerram-serie-de-lancamentos-do-album-pedaco-de-minha-vida-e-celebram-cinco-decadas-de-historia\/#primaryimage\",\"url\":\"https:\/\/portaldoestado.com.br\/wp-content\/uploads\/2026\/03\/fb5d00d5-10ba-425e-b139-a76dc2e06d67.jpg\",\"contentUrl\":\"https:\/\/portaldoestado.com.br\/wp-content\/uploads\/2026\/03\/fb5d00d5-10ba-425e-b139-a76dc2e06d67.jpg\",\"width\":1600,\"height\":1066},{\"@type\":\"BreadcrumbList\",\"@id\":\"https:\/\/portaldoestado.com.br\/index.php\/2026\/03\/07\/matogrosso-mathias-encerram-serie-de-lancamentos-do-album-pedaco-de-minha-vida-e-celebram-cinco-decadas-de-historia\/#breadcrumb\",\"itemListElement\":[{\"@type\":\"ListItem\",\"position\":1,\"name\":\"In\u00edcio\",\"item\":\"https:\/\/portaldoestado.com.br\/\"},{\"@type\":\"ListItem\",\"position\":2,\"name\":\"Matogrosso &amp; Mathias encerram s\u00e9rie de lan\u00e7amentos do \u00e1lbum \u201cPeda\u00e7o de Minha Vida\u201d e celebram cinco d\u00e9cadas de hist\u00f3ria\"}]},{\"@type\":\"WebSite\",\"@id\":\"https:\/\/portaldoestado.com.br\/#website\",\"url\":\"https:\/\/portaldoestado.com.br\/\",\"name\":\"Portal do Estado\",\"description\":\"\",\"publisher\":{\"@id\":\"https:\/\/portaldoestado.com.br\/#organization\"},\"potentialAction\":[{\"@type\":\"SearchAction\",\"target\":{\"@type\":\"EntryPoint\",\"urlTemplate\":\"https:\/\/portaldoestado.com.br\/?s={search_term_string}\"},\"query-input\":{\"@type\":\"PropertyValueSpecification\",\"valueRequired\":true,\"valueName\":\"search_term_string\"}}],\"inLanguage\":\"pt-BR\"},{\"@type\":\"Organization\",\"@id\":\"https:\/\/portaldoestado.com.br\/#organization\",\"name\":\"Portal do Estado\",\"url\":\"https:\/\/portaldoestado.com.br\/\",\"logo\":{\"@type\":\"ImageObject\",\"inLanguage\":\"pt-BR\",\"@id\":\"https:\/\/portaldoestado.com.br\/#\/schema\/logo\/image\/\",\"url\":\"https:\/\/portaldoestado.com.br\/wp-content\/uploads\/2025\/04\/cropped-6f69b19a-6472-43bf-b1b3-e1910bbbd4e8.png\",\"contentUrl\":\"https:\/\/portaldoestado.com.br\/wp-content\/uploads\/2025\/04\/cropped-6f69b19a-6472-43bf-b1b3-e1910bbbd4e8.png\",\"width\":1024,\"height\":350,\"caption\":\"Portal do Estado\"},\"image\":{\"@id\":\"https:\/\/portaldoestado.com.br\/#\/schema\/logo\/image\/\"}},{\"@type\":\"Person\",\"@id\":\"https:\/\/portaldoestado.com.br\/#\/schema\/person\/5ca0174f3c8c84b59da62ea14b698cb9\",\"name\":\"assessoriadefamosos\",\"image\":{\"@type\":\"ImageObject\",\"inLanguage\":\"pt-BR\",\"@id\":\"https:\/\/portaldoestado.com.br\/#\/schema\/person\/image\/\",\"url\":\"https:\/\/secure.gravatar.com\/avatar\/a7acbdffcfbbae7240e59f47fe511ec5f5d8c252c779f0b8d9ab02a9e1d8c5ed?s=96&d=mm&r=g\",\"contentUrl\":\"https:\/\/secure.gravatar.com\/avatar\/a7acbdffcfbbae7240e59f47fe511ec5f5d8c252c779f0b8d9ab02a9e1d8c5ed?s=96&d=mm&r=g\",\"caption\":\"assessoriadefamosos\"},\"url\":\"https:\/\/portaldoestado.com.br\/index.php\/author\/assessoriadefamosos\/\"}]}<\/script>\n<!-- \/ Yoast SEO plugin. -->","yoast_head_json":{"title":"Matogrosso &amp; Mathias encerram s\u00e9rie de lan\u00e7amentos do \u00e1lbum \u201cPeda\u00e7o de Minha Vida\u201d e celebram cinco d\u00e9cadas de hist\u00f3ria - Portal do Estado","robots":{"index":"index","follow":"follow","max-snippet":"max-snippet:-1","max-image-preview":"max-image-preview:large","max-video-preview":"max-video-preview:-1"},"canonical":"https:\/\/portaldoestado.com.br\/index.php\/2026\/03\/07\/matogrosso-mathias-encerram-serie-de-lancamentos-do-album-pedaco-de-minha-vida-e-celebram-cinco-decadas-de-historia\/","og_locale":"pt_BR","og_type":"article","og_title":"Matogrosso &amp; Mathias encerram s\u00e9rie de lan\u00e7amentos do \u00e1lbum \u201cPeda\u00e7o de Minha Vida\u201d e celebram cinco d\u00e9cadas de hist\u00f3ria - Portal do Estado","og_description":"H\u00e1 hist\u00f3rias que atravessam gera\u00e7\u00f5es e vozes que permanecem vivas no cora\u00e7\u00e3o do p\u00fablico. A consagrada dupla Matogrosso & Mathias coloca um ponto final na s\u00e9rie de lan\u00e7amentos do \u00e1lbum Peda\u00e7o de Minha Vida, projeto especial que celebra a trajet\u00f3ria de mais de 50 anos dedicados \u00e0 m\u00fasica sertaneja. O sexto EP chega como o \u2026","og_url":"https:\/\/portaldoestado.com.br\/index.php\/2026\/03\/07\/matogrosso-mathias-encerram-serie-de-lancamentos-do-album-pedaco-de-minha-vida-e-celebram-cinco-decadas-de-historia\/","og_site_name":"Portal do Estado","article_published_time":"2026-03-07T07:32:16+00:00","og_image":[{"width":1600,"height":1066,"url":"https:\/\/portaldoestado.com.br\/wp-content\/uploads\/2026\/03\/fb5d00d5-10ba-425e-b139-a76dc2e06d67.jpg","type":"image\/jpeg"}],"author":"assessoriadefamosos","twitter_card":"summary_large_image","twitter_misc":{"Escrito por":"assessoriadefamosos","Est. tempo de leitura":"2 minutos"},"schema":{"@context":"https:\/\/schema.org","@graph":[{"@type":"Article","@id":"https:\/\/portaldoestado.com.br\/index.php\/2026\/03\/07\/matogrosso-mathias-encerram-serie-de-lancamentos-do-album-pedaco-de-minha-vida-e-celebram-cinco-decadas-de-historia\/#article","isPartOf":{"@id":"https:\/\/portaldoestado.com.br\/index.php\/2026\/03\/07\/matogrosso-mathias-encerram-serie-de-lancamentos-do-album-pedaco-de-minha-vida-e-celebram-cinco-decadas-de-historia\/"},"author":{"name":"assessoriadefamosos","@id":"https:\/\/portaldoestado.com.br\/#\/schema\/person\/5ca0174f3c8c84b59da62ea14b698cb9"},"headline":"Matogrosso &amp; Mathias encerram s\u00e9rie de lan\u00e7amentos do \u00e1lbum \u201cPeda\u00e7o de Minha Vida\u201d e celebram cinco d\u00e9cadas de hist\u00f3ria","datePublished":"2026-03-07T07:32:16+00:00","mainEntityOfPage":{"@id":"https:\/\/portaldoestado.com.br\/index.php\/2026\/03\/07\/matogrosso-mathias-encerram-serie-de-lancamentos-do-album-pedaco-de-minha-vida-e-celebram-cinco-decadas-de-historia\/"},"wordCount":337,"publisher":{"@id":"https:\/\/portaldoestado.com.br\/#organization"},"image":{"@id":"https:\/\/portaldoestado.com.br\/index.php\/2026\/03\/07\/matogrosso-mathias-encerram-serie-de-lancamentos-do-album-pedaco-de-minha-vida-e-celebram-cinco-decadas-de-historia\/#primaryimage"},"thumbnailUrl":"https:\/\/portaldoestado.com.br\/wp-content\/uploads\/2026\/03\/fb5d00d5-10ba-425e-b139-a76dc2e06d67.jpg","articleSection":["Famosos"],"inLanguage":"pt-BR"},{"@type":"WebPage","@id":"https:\/\/portaldoestado.com.br\/index.php\/2026\/03\/07\/matogrosso-mathias-encerram-serie-de-lancamentos-do-album-pedaco-de-minha-vida-e-celebram-cinco-decadas-de-historia\/","url":"https:\/\/portaldoestado.com.br\/index.php\/2026\/03\/07\/matogrosso-mathias-encerram-serie-de-lancamentos-do-album-pedaco-de-minha-vida-e-celebram-cinco-decadas-de-historia\/","name":"Matogrosso &amp; Mathias encerram s\u00e9rie de lan\u00e7amentos do \u00e1lbum \u201cPeda\u00e7o de Minha Vida\u201d e celebram cinco d\u00e9cadas de hist\u00f3ria - Portal do Estado","isPartOf":{"@id":"https:\/\/portaldoestado.com.br\/#website"},"primaryImageOfPage":{"@id":"https:\/\/portaldoestado.com.br\/index.php\/2026\/03\/07\/matogrosso-mathias-encerram-serie-de-lancamentos-do-album-pedaco-de-minha-vida-e-celebram-cinco-decadas-de-historia\/#primaryimage"},"image":{"@id":"https:\/\/portaldoestado.com.br\/index.php\/2026\/03\/07\/matogrosso-mathias-encerram-serie-de-lancamentos-do-album-pedaco-de-minha-vida-e-celebram-cinco-decadas-de-historia\/#primaryimage"},"thumbnailUrl":"https:\/\/portaldoestado.com.br\/wp-content\/uploads\/2026\/03\/fb5d00d5-10ba-425e-b139-a76dc2e06d67.jpg","datePublished":"2026-03-07T07:32:16+00:00","breadcrumb":{"@id":"https:\/\/portaldoestado.com.br\/index.php\/2026\/03\/07\/matogrosso-mathias-encerram-serie-de-lancamentos-do-album-pedaco-de-minha-vida-e-celebram-cinco-decadas-de-historia\/#breadcrumb"},"inLanguage":"pt-BR","potentialAction":[{"@type":"ReadAction","target":["https:\/\/portaldoestado.com.br\/index.php\/2026\/03\/07\/matogrosso-mathias-encerram-serie-de-lancamentos-do-album-pedaco-de-minha-vida-e-celebram-cinco-decadas-de-historia\/"]}]},{"@type":"ImageObject","inLanguage":"pt-BR","@id":"https:\/\/portaldoestado.com.br\/index.php\/2026\/03\/07\/matogrosso-mathias-encerram-serie-de-lancamentos-do-album-pedaco-de-minha-vida-e-celebram-cinco-decadas-de-historia\/#primaryimage","url":"https:\/\/portaldoestado.com.br\/wp-content\/uploads\/2026\/03\/fb5d00d5-10ba-425e-b139-a76dc2e06d67.jpg","contentUrl":"https:\/\/portaldoestado.com.br\/wp-content\/uploads\/2026\/03\/fb5d00d5-10ba-425e-b139-a76dc2e06d67.jpg","width":1600,"height":1066},{"@type":"BreadcrumbList","@id":"https:\/\/portaldoestado.com.br\/index.php\/2026\/03\/07\/matogrosso-mathias-encerram-serie-de-lancamentos-do-album-pedaco-de-minha-vida-e-celebram-cinco-decadas-de-historia\/#breadcrumb","itemListElement":[{"@type":"ListItem","position":1,"name":"In\u00edcio","item":"https:\/\/portaldoestado.com.br\/"},{"@type":"ListItem","position":2,"name":"Matogrosso &amp; Mathias encerram s\u00e9rie de lan\u00e7amentos do \u00e1lbum \u201cPeda\u00e7o de Minha Vida\u201d e celebram cinco d\u00e9cadas de hist\u00f3ria"}]},{"@type":"WebSite","@id":"https:\/\/portaldoestado.com.br\/#website","url":"https:\/\/portaldoestado.com.br\/","name":"Portal do Estado","description":"","publisher":{"@id":"https:\/\/portaldoestado.com.br\/#organization"},"potentialAction":[{"@type":"SearchAction","target":{"@type":"EntryPoint","urlTemplate":"https:\/\/portaldoestado.com.br\/?s={search_term_string}"},"query-input":{"@type":"PropertyValueSpecification","valueRequired":true,"valueName":"search_term_string"}}],"inLanguage":"pt-BR"},{"@type":"Organization","@id":"https:\/\/portaldoestado.com.br\/#organization","name":"Portal do Estado","url":"https:\/\/portaldoestado.com.br\/","logo":{"@type":"ImageObject","inLanguage":"pt-BR","@id":"https:\/\/portaldoestado.com.br\/#\/schema\/logo\/image\/","url":"https:\/\/portaldoestado.com.br\/wp-content\/uploads\/2025\/04\/cropped-6f69b19a-6472-43bf-b1b3-e1910bbbd4e8.png","contentUrl":"https:\/\/portaldoestado.com.br\/wp-content\/uploads\/2025\/04\/cropped-6f69b19a-6472-43bf-b1b3-e1910bbbd4e8.png","width":1024,"height":350,"caption":"Portal do Estado"},"image":{"@id":"https:\/\/portaldoestado.com.br\/#\/schema\/logo\/image\/"}},{"@type":"Person","@id":"https:\/\/portaldoestado.com.br\/#\/schema\/person\/5ca0174f3c8c84b59da62ea14b698cb9","name":"assessoriadefamosos","image":{"@type":"ImageObject","inLanguage":"pt-BR","@id":"https:\/\/portaldoestado.com.br\/#\/schema\/person\/image\/","url":"https:\/\/secure.gravatar.com\/avatar\/a7acbdffcfbbae7240e59f47fe511ec5f5d8c252c779f0b8d9ab02a9e1d8c5ed?s=96&d=mm&r=g","contentUrl":"https:\/\/secure.gravatar.com\/avatar\/a7acbdffcfbbae7240e59f47fe511ec5f5d8c252c779f0b8d9ab02a9e1d8c5ed?s=96&d=mm&r=g","caption":"assessoriadefamosos"},"url":"https:\/\/portaldoestado.com.br\/index.php\/author\/assessoriadefamosos\/"}]}},"jetpack_featured_media_url":"https:\/\/portaldoestado.com.br\/wp-content\/uploads\/2026\/03\/fb5d00d5-10ba-425e-b139-a76dc2e06d67.jpg","_links":{"self":[{"href":"https:\/\/portaldoestado.com.br\/index.php\/wp-json\/wp\/v2\/posts\/7071","targetHints":{"allow":["GET"]}}],"collection":[{"href":"https:\/\/portaldoestado.com.br\/index.php\/wp-json\/wp\/v2\/posts"}],"about":[{"href":"https:\/\/portaldoestado.com.br\/index.php\/wp-json\/wp\/v2\/types\/post"}],"author":[{"embeddable":true,"href":"https:\/\/portaldoestado.com.br\/index.php\/wp-json\/wp\/v2\/users\/2"}],"replies":[{"embeddable":true,"href":"https:\/\/portaldoestado.com.br\/index.php\/wp-json\/wp\/v2\/comments?post=7071"}],"version-history":[{"count":1,"href":"https:\/\/portaldoestado.com.br\/index.php\/wp-json\/wp\/v2\/posts\/7071\/revisions"}],"predecessor-version":[{"id":7072,"href":"https:\/\/portaldoestado.com.br\/index.php\/wp-json\/wp\/v2\/posts\/7071\/revisions\/7072"}],"wp:featuredmedia":[{"embeddable":true,"href":"https:\/\/portaldoestado.com.br\/index.php\/wp-json\/wp\/v2\/media\/7070"}],"wp:attachment":[{"href":"https:\/\/portaldoestado.com.br\/index.php\/wp-json\/wp\/v2\/media?parent=7071"}],"wp:term":[{"taxonomy":"category","embeddable":true,"href":"https:\/\/portaldoestado.com.br\/index.php\/wp-json\/wp\/v2\/categories?post=7071"},{"taxonomy":"post_tag","embeddable":true,"href":"https:\/\/portaldoestado.com.br\/index.php\/wp-json\/wp\/v2\/tags?post=7071"}],"curies":[{"name":"wp","href":"https:\/\/api.w.org\/{rel}","templated":true}]}}