{"id":7068,"date":"2026-03-07T07:27:28","date_gmt":"2026-03-07T07:27:28","guid":{"rendered":"https:\/\/portaldoestado.com.br\/?p=7068"},"modified":"2026-03-07T07:27:28","modified_gmt":"2026-03-07T07:27:28","slug":"empreendedorismo-feminino-ganha-forca-no-brasil-com-empresarias-que-expandem-negocios-e-lideram-mercados","status":"publish","type":"post","link":"https:\/\/portaldoestado.com.br\/index.php\/2026\/03\/07\/empreendedorismo-feminino-ganha-forca-no-brasil-com-empresarias-que-expandem-negocios-e-lideram-mercados\/","title":{"rendered":"Empreendedorismo feminino ganha for\u00e7a no Brasil com empres\u00e1rias que expandem neg\u00f3cios e lideram mercados"},"content":{"rendered":"\n<p>O <strong>Dia Internacional da Mulher<\/strong>, celebrado em 8 de mar\u00e7o, simboliza d\u00e9cadas de luta por igualdade de direitos, oportunidades e reconhecimento profissional. Nos \u00faltimos anos, no entanto, o cen\u00e1rio empresarial brasileiro vem revelando uma transforma\u00e7\u00e3o significativa: cada vez mais mulheres n\u00e3o apenas ocupam espa\u00e7o no mercado, mas lideram empresas, expandem opera\u00e7\u00f5es e consolidam neg\u00f3cios em diferentes segmentos da economia.<\/p>\n\n\n\n<p>Dados do Sebrae indicam que o Brasil atingiu seu maior patamar de empreendedorismo feminino. Atualmente, mais de <strong>10,4 milh\u00f5es de brasileiras est\u00e3o \u00e0 frente de empresas<\/strong>, n\u00famero que representa um crescimento acumulado de aproximadamente <strong>42% entre 2012 e 2024<\/strong>. Al\u00e9m dos n\u00fameros, o avan\u00e7o se reflete em neg\u00f3cios que ganham escala, profissionalizam a gest\u00e3o e competem em mercados cada vez mais exigentes.<\/p>\n\n\n<!-- wp:image \"id\":106166,\"align\":\"center\",\"className\":\"wp-image-106166 size-large\" -->\n<figure class=\"wp-block-image aligncenter wp-image-106166 size-large\"><img decoding=\"async\" src=\"https:\/\/tonafama.ig.com.br\/wp-content\/uploads\/2026\/03\/ec9dcc28-c392-4684-92c0-49defc0189c4-683x1024.jpg\" alt=\"\" class=\"wp-image-106166\"\/><figcaption class=\"wp-element-caption\">Isa Santini<\/figcaption><\/figure>\n<!-- \/wp:post-content -->\n\n<!-- wp:image \"id\":106165,\"align\":\"center\",\"className\":\"wp-image-106165 size-large\" -->\n<figure class=\"wp-block-image aligncenter wp-image-106165 size-large\"><img decoding=\"async\" src=\"https:\/\/tonafama.ig.com.br\/wp-content\/uploads\/2026\/03\/f518c81f-ee77-4461-a87b-064c1813a002-727x1024.jpg\" alt=\"\" class=\"wp-image-106165\"\/><figcaption class=\"wp-element-caption\">Chirles Oliveira<\/figcaption><\/figure>\n<!-- \/wp:image -->\n\n<!-- wp:heading \"level\":3 -->\n<h3 class=\"wp-block-heading\">Luxo, bem-estar e impacto social<\/h3>\n<!-- \/wp:heading -->\n\n<!-- wp:paragraph -->\n<p>No setor de luxo e bem-estar, <strong>Isa Santini<\/strong> est\u00e1 \u00e0 frente do <strong>Ateli\u00ea Beauty<\/strong>, spa conceito que conquistou, pelo segundo ano consecutivo, o t\u00edtulo de <strong>Melhor Spa Boutique de Luxo do Mundo<\/strong> no World Luxury Spa Awards. Com unidades no interior e na capital paulista, a marca se destaca ao combinar tecnologia, est\u00e9tica e experi\u00eancias exclusivas voltadas ao p\u00fablico de alto padr\u00e3o.<\/p>\n<!-- \/wp:paragraph -->\n\n<!-- wp:paragraph -->\n<p>J\u00e1 no campo do bem-estar corporativo, <strong>Chirles Oliveira<\/strong> \u00e9 idealizadora e CEO da <strong>Virada da Felicidade<\/strong> e fundadora do <strong>Instituto Felicidade Sustent\u00e1vel<\/strong>. Especialista em Psicologia Positiva e mestre em Comunica\u00e7\u00e3o pela ESPM (SP), ela atua na constru\u00e7\u00e3o de culturas organizacionais mais humanas e saud\u00e1veis. Sobrevivente de um linfoma, transformou sua pr\u00f3pria hist\u00f3ria em prop\u00f3sito profissional e hoje defende a felicidade como estrat\u00e9gia concreta para sa\u00fade mental, lideran\u00e7a e impacto social nas empresas.<\/p>\n<!-- \/wp:paragraph -->\n\n<!-- wp:paragraph -->\n<p>A atua\u00e7\u00e3o de ambas demonstra que empresas lideradas por mulheres tamb\u00e9m ocupam espa\u00e7o em segmentos de alto valor agregado, reconhecimento internacional e influ\u00eancia corporativa.<\/p>\n<!-- \/wp:paragraph -->\n\n<!-- wp:image \"id\":106167,\"align\":\"center\",\"className\":\"size-large wp-image-106167\" -->\n<figure class=\"wp-block-image aligncenter size-large wp-image-106167\"><img decoding=\"async\" src=\"https:\/\/tonafama.ig.com.br\/wp-content\/uploads\/2026\/03\/d8afd9ae-d6cd-4be2-a426-6310dfe18e7e-682x1024.jpg\" alt=\"\" class=\"wp-image-106167\"\/><figcaption class=\"wp-element-caption\">Ana Piku<\/figcaption><\/figure>\n<!-- \/wp:image -->\n\n<!-- wp:image \"id\":106170,\"align\":\"center\",\"className\":\"size-full wp-image-106170\" -->\n<figure class=\"wp-block-image aligncenter size-full wp-image-106170\"><img decoding=\"async\" src=\"https:\/\/tonafama.ig.com.br\/wp-content\/uploads\/2026\/03\/a8949f41-7b1a-4e58-af04-8e2b4e208c04.jpg\" alt=\"\" class=\"wp-image-106170\"\/><figcaption class=\"wp-element-caption\">Fernanda Veiga<\/figcaption><\/figure>\n<!-- \/wp:image -->\n\n<!-- wp:heading \"level\":3 -->\n<h3 class=\"wp-block-heading\">Gastronomia com escala e expans\u00e3o<\/h3>\n<!-- \/wp:heading -->\n\n<!-- wp:paragraph -->\n<p>Na gastronomia, <strong>Ana Piku<\/strong> transformou uma produ\u00e7\u00e3o artesanal em uma opera\u00e7\u00e3o robusta. A <strong>PikurruchA\u2019S<\/strong> re\u00fane quatro unidades, f\u00e1brica pr\u00f3pria e grande fluxo mensal de clientes, consolidando-se como uma das maiores confeitarias da Am\u00e9rica Latina. O neg\u00f3cio tamb\u00e9m se destaca pelo impacto social ao empregar mulheres chefes de fam\u00edlia e j\u00e1 anunciou a abertura de uma nova unidade no bairro de Moema, em S\u00e3o Paulo, ainda este ano.<\/p>\n<!-- \/wp:paragraph -->\n\n<!-- wp:paragraph -->\n<p>Outra lideran\u00e7a feminina no setor \u00e9 a chef <strong>Fernanda Veiga<\/strong>, s\u00f3cia do tradicional <strong>Bar Charles Edward<\/strong>. Atuando em um ambiente historicamente dominado por homens, ela imprime identidade pr\u00f3pria \u00e0 cozinha do pub ao incorporar influ\u00eancias italianas ao card\u00e1pio. Suas receitas autorais e combina\u00e7\u00f5es estrat\u00e9gicas refor\u00e7am o posicionamento do estabelecimento em um mercado altamente competitivo.<\/p>\n<!-- \/wp:paragraph -->\n\n<!-- wp:image \"id\":106168,\"align\":\"center\",\"className\":\"size-large wp-image-106168\" -->\n<figure class=\"wp-block-image aligncenter size-large wp-image-106168\"><img decoding=\"async\" src=\"https:\/\/tonafama.ig.com.br\/wp-content\/uploads\/2026\/03\/89c6b331-b307-4c9d-8e84-caa0a161ba9b-576x1024.jpg\" alt=\"\" class=\"wp-image-106168\"\/><figcaption class=\"wp-element-caption\">Fernanda Brand\u00e3o<\/figcaption><\/figure>\n<!-- \/wp:image -->\n\n<!-- wp:image \"id\":106169,\"align\":\"center\",\"className\":\"size-large wp-image-106169\" -->\n<figure class=\"wp-block-image aligncenter size-large wp-image-106169\"><img decoding=\"async\" src=\"https:\/\/tonafama.ig.com.br\/wp-content\/uploads\/2026\/03\/3ad40894-9043-46ad-946d-5483aae2637c-712x1024.jpg\" alt=\"\" class=\"wp-image-106169\"\/><figcaption class=\"wp-element-caption\">Fattima Amaral<\/figcaption><\/figure>\n<!-- \/wp:image -->\n\n<!-- wp:heading \"level\":3 -->\n<h3 class=\"wp-block-heading\">Comunica\u00e7\u00e3o estrat\u00e9gica e posicionamento de marcas<\/h3>\n<!-- \/wp:heading -->\n\n<!-- wp:paragraph -->\n<p>No universo da comunica\u00e7\u00e3o e das rela\u00e7\u00f5es p\u00fablicas, o protagonismo feminino tamb\u00e9m se destaca. <strong>Fernanda Brand\u00e3o<\/strong> fundou a <strong>Ag\u00eancia Brands<\/strong> em 2020 apostando em uma estrutura enxuta, estrat\u00e9gica e formada majoritariamente por mulheres. O modelo de gest\u00e3o prioriza planejamento de imagem, posicionamento e constru\u00e7\u00e3o de reputa\u00e7\u00e3o para marcas e personalidades.<\/p>\n<!-- \/wp:paragraph -->\n\n<!-- wp:paragraph -->\n<p>J\u00e1 <strong>Fattima Amaral<\/strong>, com mais de tr\u00eas d\u00e9cadas de experi\u00eancia no setor, lidera a <strong>OxoFlow<\/strong> e coordena projetos, eventos e empres\u00e1rios que movimentam diferentes \u00e1reas da economia. Sua atua\u00e7\u00e3o refor\u00e7a a import\u00e2ncia da comunica\u00e7\u00e3o estrat\u00e9gica na consolida\u00e7\u00e3o de marcas e no fortalecimento de neg\u00f3cios.<\/p>\n<!-- \/wp:paragraph -->\n\n<!-- wp:heading \"level\":3 -->\n<h3 class=\"wp-block-heading\">Lideran\u00e7a que transforma o mercado<\/h3>\n<!-- \/wp:heading -->\n\n<!-- wp:paragraph -->\n<p>Ao ocuparem posi\u00e7\u00f5es de lideran\u00e7a em \u00e1reas distintas, essas seis empres\u00e1rias demonstram que o empreendedorismo feminino no Brasil avan\u00e7a para al\u00e9m da representatividade. Suas trajet\u00f3rias evidenciam gest\u00e3o profissional, gera\u00e7\u00e3o de empregos, expans\u00e3o de opera\u00e7\u00f5es e consolida\u00e7\u00e3o de marcas.<\/p>\n<!-- \/wp:paragraph -->\n\n<!-- wp:paragraph -->\n<p>Neste <strong>Dia Internacional da Mulher<\/strong>, as hist\u00f3rias de Isa Santini, Chirles Oliveira, Ana Piku, Fernanda Veiga, Fernanda Brand\u00e3o e Fattima Amaral refletem uma mudan\u00e7a estrutural no perfil da lideran\u00e7a empresarial brasileira, um cen\u00e1rio em que mulheres n\u00e3o apenas participam do mercado, mas <strong>protagonizam estrat\u00e9gias de crescimento e impactam diretamente a economia do pa\u00eds<\/strong>.<\/p>\n<!-- \/wp:paragraph -->","protected":false},"excerpt":{"rendered":"<p>O Dia Internacional da Mulher, celebrado em 8 de mar\u00e7o, simboliza d\u00e9cadas de luta por igualdade de direitos, oportunidades e reconhecimento profissional. Nos \u00faltimos anos, no entanto, o cen\u00e1rio empresarial brasileiro vem revelando uma transforma\u00e7\u00e3o significativa: cada vez mais mulheres n\u00e3o apenas ocupam espa\u00e7o no mercado, mas lideram empresas, expandem opera\u00e7\u00f5es e consolidam neg\u00f3cios em \u2026<\/p>\n","protected":false},"author":2,"featured_media":7067,"comment_status":"closed","ping_status":"open","sticky":false,"template":"","format":"standard","meta":{"footnotes":""},"categories":[4],"tags":[],"class_list":["post-7068","post","type-post","status-publish","format-standard","has-post-thumbnail","hentry","category-geral"],"yoast_head":"<!-- This site is optimized with the Yoast SEO plugin v25.5 - https:\/\/yoast.com\/wordpress\/plugins\/seo\/ -->\n<title>Empreendedorismo feminino ganha for\u00e7a no Brasil com empres\u00e1rias que expandem neg\u00f3cios e lideram mercados - Portal do Estado<\/title>\n<meta name=\"robots\" content=\"index, follow, max-snippet:-1, max-image-preview:large, max-video-preview:-1\" \/>\n<link rel=\"canonical\" href=\"https:\/\/portaldoestado.com.br\/index.php\/2026\/03\/07\/empreendedorismo-feminino-ganha-forca-no-brasil-com-empresarias-que-expandem-negocios-e-lideram-mercados\/\" \/>\n<meta property=\"og:locale\" content=\"pt_BR\" \/>\n<meta property=\"og:type\" content=\"article\" \/>\n<meta property=\"og:title\" content=\"Empreendedorismo feminino ganha for\u00e7a no Brasil com empres\u00e1rias que expandem neg\u00f3cios e lideram mercados - Portal do Estado\" \/>\n<meta property=\"og:description\" content=\"O Dia Internacional da Mulher, celebrado em 8 de mar\u00e7o, simboliza d\u00e9cadas de luta por igualdade de direitos, oportunidades e reconhecimento profissional. Nos \u00faltimos anos, no entanto, o cen\u00e1rio empresarial brasileiro vem revelando uma transforma\u00e7\u00e3o significativa: cada vez mais mulheres n\u00e3o apenas ocupam espa\u00e7o no mercado, mas lideram empresas, expandem opera\u00e7\u00f5es e consolidam neg\u00f3cios em \u2026\" \/>\n<meta property=\"og:url\" content=\"https:\/\/portaldoestado.com.br\/index.php\/2026\/03\/07\/empreendedorismo-feminino-ganha-forca-no-brasil-com-empresarias-que-expandem-negocios-e-lideram-mercados\/\" \/>\n<meta property=\"og:site_name\" content=\"Portal do Estado\" \/>\n<meta property=\"article:published_time\" content=\"2026-03-07T07:27:28+00:00\" \/>\n<meta property=\"og:image\" content=\"https:\/\/portaldoestado.com.br\/wp-content\/uploads\/2026\/03\/e5286cb9-db59-479e-a413-5000348985b0.png\" \/>\n\t<meta property=\"og:image:width\" content=\"1536\" \/>\n\t<meta property=\"og:image:height\" content=\"1024\" \/>\n\t<meta property=\"og:image:type\" content=\"image\/png\" \/>\n<meta name=\"author\" content=\"assessoriadefamosos\" \/>\n<meta name=\"twitter:card\" content=\"summary_large_image\" \/>\n<meta name=\"twitter:label1\" content=\"Escrito por\" \/>\n\t<meta name=\"twitter:data1\" content=\"assessoriadefamosos\" \/>\n\t<meta name=\"twitter:label2\" content=\"Est. tempo de leitura\" \/>\n\t<meta name=\"twitter:data2\" content=\"4 minutos\" \/>\n<script type=\"application\/ld+json\" class=\"yoast-schema-graph\">{\"@context\":\"https:\/\/schema.org\",\"@graph\":[{\"@type\":\"Article\",\"@id\":\"https:\/\/portaldoestado.com.br\/index.php\/2026\/03\/07\/empreendedorismo-feminino-ganha-forca-no-brasil-com-empresarias-que-expandem-negocios-e-lideram-mercados\/#article\",\"isPartOf\":{\"@id\":\"https:\/\/portaldoestado.com.br\/index.php\/2026\/03\/07\/empreendedorismo-feminino-ganha-forca-no-brasil-com-empresarias-que-expandem-negocios-e-lideram-mercados\/\"},\"author\":{\"name\":\"assessoriadefamosos\",\"@id\":\"https:\/\/portaldoestado.com.br\/#\/schema\/person\/5ca0174f3c8c84b59da62ea14b698cb9\"},\"headline\":\"Empreendedorismo feminino ganha for\u00e7a no Brasil com empres\u00e1rias que expandem neg\u00f3cios e lideram mercados\",\"datePublished\":\"2026-03-07T07:27:28+00:00\",\"mainEntityOfPage\":{\"@id\":\"https:\/\/portaldoestado.com.br\/index.php\/2026\/03\/07\/empreendedorismo-feminino-ganha-forca-no-brasil-com-empresarias-que-expandem-negocios-e-lideram-mercados\/\"},\"wordCount\":723,\"publisher\":{\"@id\":\"https:\/\/portaldoestado.com.br\/#organization\"},\"image\":{\"@id\":\"https:\/\/portaldoestado.com.br\/index.php\/2026\/03\/07\/empreendedorismo-feminino-ganha-forca-no-brasil-com-empresarias-que-expandem-negocios-e-lideram-mercados\/#primaryimage\"},\"thumbnailUrl\":\"https:\/\/portaldoestado.com.br\/wp-content\/uploads\/2026\/03\/e5286cb9-db59-479e-a413-5000348985b0.png\",\"articleSection\":[\"Geral\"],\"inLanguage\":\"pt-BR\"},{\"@type\":\"WebPage\",\"@id\":\"https:\/\/portaldoestado.com.br\/index.php\/2026\/03\/07\/empreendedorismo-feminino-ganha-forca-no-brasil-com-empresarias-que-expandem-negocios-e-lideram-mercados\/\",\"url\":\"https:\/\/portaldoestado.com.br\/index.php\/2026\/03\/07\/empreendedorismo-feminino-ganha-forca-no-brasil-com-empresarias-que-expandem-negocios-e-lideram-mercados\/\",\"name\":\"Empreendedorismo feminino ganha for\u00e7a no Brasil com empres\u00e1rias que expandem neg\u00f3cios e lideram mercados - Portal do Estado\",\"isPartOf\":{\"@id\":\"https:\/\/portaldoestado.com.br\/#website\"},\"primaryImageOfPage\":{\"@id\":\"https:\/\/portaldoestado.com.br\/index.php\/2026\/03\/07\/empreendedorismo-feminino-ganha-forca-no-brasil-com-empresarias-que-expandem-negocios-e-lideram-mercados\/#primaryimage\"},\"image\":{\"@id\":\"https:\/\/portaldoestado.com.br\/index.php\/2026\/03\/07\/empreendedorismo-feminino-ganha-forca-no-brasil-com-empresarias-que-expandem-negocios-e-lideram-mercados\/#primaryimage\"},\"thumbnailUrl\":\"https:\/\/portaldoestado.com.br\/wp-content\/uploads\/2026\/03\/e5286cb9-db59-479e-a413-5000348985b0.png\",\"datePublished\":\"2026-03-07T07:27:28+00:00\",\"breadcrumb\":{\"@id\":\"https:\/\/portaldoestado.com.br\/index.php\/2026\/03\/07\/empreendedorismo-feminino-ganha-forca-no-brasil-com-empresarias-que-expandem-negocios-e-lideram-mercados\/#breadcrumb\"},\"inLanguage\":\"pt-BR\",\"potentialAction\":[{\"@type\":\"ReadAction\",\"target\":[\"https:\/\/portaldoestado.com.br\/index.php\/2026\/03\/07\/empreendedorismo-feminino-ganha-forca-no-brasil-com-empresarias-que-expandem-negocios-e-lideram-mercados\/\"]}]},{\"@type\":\"ImageObject\",\"inLanguage\":\"pt-BR\",\"@id\":\"https:\/\/portaldoestado.com.br\/index.php\/2026\/03\/07\/empreendedorismo-feminino-ganha-forca-no-brasil-com-empresarias-que-expandem-negocios-e-lideram-mercados\/#primaryimage\",\"url\":\"https:\/\/portaldoestado.com.br\/wp-content\/uploads\/2026\/03\/e5286cb9-db59-479e-a413-5000348985b0.png\",\"contentUrl\":\"https:\/\/portaldoestado.com.br\/wp-content\/uploads\/2026\/03\/e5286cb9-db59-479e-a413-5000348985b0.png\",\"width\":1536,\"height\":1024},{\"@type\":\"BreadcrumbList\",\"@id\":\"https:\/\/portaldoestado.com.br\/index.php\/2026\/03\/07\/empreendedorismo-feminino-ganha-forca-no-brasil-com-empresarias-que-expandem-negocios-e-lideram-mercados\/#breadcrumb\",\"itemListElement\":[{\"@type\":\"ListItem\",\"position\":1,\"name\":\"In\u00edcio\",\"item\":\"https:\/\/portaldoestado.com.br\/\"},{\"@type\":\"ListItem\",\"position\":2,\"name\":\"Empreendedorismo feminino ganha for\u00e7a no Brasil com empres\u00e1rias que expandem neg\u00f3cios e lideram mercados\"}]},{\"@type\":\"WebSite\",\"@id\":\"https:\/\/portaldoestado.com.br\/#website\",\"url\":\"https:\/\/portaldoestado.com.br\/\",\"name\":\"Portal do Estado\",\"description\":\"\",\"publisher\":{\"@id\":\"https:\/\/portaldoestado.com.br\/#organization\"},\"potentialAction\":[{\"@type\":\"SearchAction\",\"target\":{\"@type\":\"EntryPoint\",\"urlTemplate\":\"https:\/\/portaldoestado.com.br\/?s={search_term_string}\"},\"query-input\":{\"@type\":\"PropertyValueSpecification\",\"valueRequired\":true,\"valueName\":\"search_term_string\"}}],\"inLanguage\":\"pt-BR\"},{\"@type\":\"Organization\",\"@id\":\"https:\/\/portaldoestado.com.br\/#organization\",\"name\":\"Portal do Estado\",\"url\":\"https:\/\/portaldoestado.com.br\/\",\"logo\":{\"@type\":\"ImageObject\",\"inLanguage\":\"pt-BR\",\"@id\":\"https:\/\/portaldoestado.com.br\/#\/schema\/logo\/image\/\",\"url\":\"https:\/\/portaldoestado.com.br\/wp-content\/uploads\/2025\/04\/cropped-6f69b19a-6472-43bf-b1b3-e1910bbbd4e8.png\",\"contentUrl\":\"https:\/\/portaldoestado.com.br\/wp-content\/uploads\/2025\/04\/cropped-6f69b19a-6472-43bf-b1b3-e1910bbbd4e8.png\",\"width\":1024,\"height\":350,\"caption\":\"Portal do Estado\"},\"image\":{\"@id\":\"https:\/\/portaldoestado.com.br\/#\/schema\/logo\/image\/\"}},{\"@type\":\"Person\",\"@id\":\"https:\/\/portaldoestado.com.br\/#\/schema\/person\/5ca0174f3c8c84b59da62ea14b698cb9\",\"name\":\"assessoriadefamosos\",\"image\":{\"@type\":\"ImageObject\",\"inLanguage\":\"pt-BR\",\"@id\":\"https:\/\/portaldoestado.com.br\/#\/schema\/person\/image\/\",\"url\":\"https:\/\/secure.gravatar.com\/avatar\/a7acbdffcfbbae7240e59f47fe511ec5f5d8c252c779f0b8d9ab02a9e1d8c5ed?s=96&d=mm&r=g\",\"contentUrl\":\"https:\/\/secure.gravatar.com\/avatar\/a7acbdffcfbbae7240e59f47fe511ec5f5d8c252c779f0b8d9ab02a9e1d8c5ed?s=96&d=mm&r=g\",\"caption\":\"assessoriadefamosos\"},\"url\":\"https:\/\/portaldoestado.com.br\/index.php\/author\/assessoriadefamosos\/\"}]}<\/script>\n<!-- \/ Yoast SEO plugin. -->","yoast_head_json":{"title":"Empreendedorismo feminino ganha for\u00e7a no Brasil com empres\u00e1rias que expandem neg\u00f3cios e lideram mercados - Portal do Estado","robots":{"index":"index","follow":"follow","max-snippet":"max-snippet:-1","max-image-preview":"max-image-preview:large","max-video-preview":"max-video-preview:-1"},"canonical":"https:\/\/portaldoestado.com.br\/index.php\/2026\/03\/07\/empreendedorismo-feminino-ganha-forca-no-brasil-com-empresarias-que-expandem-negocios-e-lideram-mercados\/","og_locale":"pt_BR","og_type":"article","og_title":"Empreendedorismo feminino ganha for\u00e7a no Brasil com empres\u00e1rias que expandem neg\u00f3cios e lideram mercados - Portal do Estado","og_description":"O Dia Internacional da Mulher, celebrado em 8 de mar\u00e7o, simboliza d\u00e9cadas de luta por igualdade de direitos, oportunidades e reconhecimento profissional. Nos \u00faltimos anos, no entanto, o cen\u00e1rio empresarial brasileiro vem revelando uma transforma\u00e7\u00e3o significativa: cada vez mais mulheres n\u00e3o apenas ocupam espa\u00e7o no mercado, mas lideram empresas, expandem opera\u00e7\u00f5es e consolidam neg\u00f3cios em \u2026","og_url":"https:\/\/portaldoestado.com.br\/index.php\/2026\/03\/07\/empreendedorismo-feminino-ganha-forca-no-brasil-com-empresarias-que-expandem-negocios-e-lideram-mercados\/","og_site_name":"Portal do Estado","article_published_time":"2026-03-07T07:27:28+00:00","og_image":[{"width":1536,"height":1024,"url":"https:\/\/portaldoestado.com.br\/wp-content\/uploads\/2026\/03\/e5286cb9-db59-479e-a413-5000348985b0.png","type":"image\/png"}],"author":"assessoriadefamosos","twitter_card":"summary_large_image","twitter_misc":{"Escrito por":"assessoriadefamosos","Est. tempo de leitura":"4 minutos"},"schema":{"@context":"https:\/\/schema.org","@graph":[{"@type":"Article","@id":"https:\/\/portaldoestado.com.br\/index.php\/2026\/03\/07\/empreendedorismo-feminino-ganha-forca-no-brasil-com-empresarias-que-expandem-negocios-e-lideram-mercados\/#article","isPartOf":{"@id":"https:\/\/portaldoestado.com.br\/index.php\/2026\/03\/07\/empreendedorismo-feminino-ganha-forca-no-brasil-com-empresarias-que-expandem-negocios-e-lideram-mercados\/"},"author":{"name":"assessoriadefamosos","@id":"https:\/\/portaldoestado.com.br\/#\/schema\/person\/5ca0174f3c8c84b59da62ea14b698cb9"},"headline":"Empreendedorismo feminino ganha for\u00e7a no Brasil com empres\u00e1rias que expandem neg\u00f3cios e lideram mercados","datePublished":"2026-03-07T07:27:28+00:00","mainEntityOfPage":{"@id":"https:\/\/portaldoestado.com.br\/index.php\/2026\/03\/07\/empreendedorismo-feminino-ganha-forca-no-brasil-com-empresarias-que-expandem-negocios-e-lideram-mercados\/"},"wordCount":723,"publisher":{"@id":"https:\/\/portaldoestado.com.br\/#organization"},"image":{"@id":"https:\/\/portaldoestado.com.br\/index.php\/2026\/03\/07\/empreendedorismo-feminino-ganha-forca-no-brasil-com-empresarias-que-expandem-negocios-e-lideram-mercados\/#primaryimage"},"thumbnailUrl":"https:\/\/portaldoestado.com.br\/wp-content\/uploads\/2026\/03\/e5286cb9-db59-479e-a413-5000348985b0.png","articleSection":["Geral"],"inLanguage":"pt-BR"},{"@type":"WebPage","@id":"https:\/\/portaldoestado.com.br\/index.php\/2026\/03\/07\/empreendedorismo-feminino-ganha-forca-no-brasil-com-empresarias-que-expandem-negocios-e-lideram-mercados\/","url":"https:\/\/portaldoestado.com.br\/index.php\/2026\/03\/07\/empreendedorismo-feminino-ganha-forca-no-brasil-com-empresarias-que-expandem-negocios-e-lideram-mercados\/","name":"Empreendedorismo feminino ganha for\u00e7a no Brasil com empres\u00e1rias que expandem neg\u00f3cios e lideram mercados - Portal do Estado","isPartOf":{"@id":"https:\/\/portaldoestado.com.br\/#website"},"primaryImageOfPage":{"@id":"https:\/\/portaldoestado.com.br\/index.php\/2026\/03\/07\/empreendedorismo-feminino-ganha-forca-no-brasil-com-empresarias-que-expandem-negocios-e-lideram-mercados\/#primaryimage"},"image":{"@id":"https:\/\/portaldoestado.com.br\/index.php\/2026\/03\/07\/empreendedorismo-feminino-ganha-forca-no-brasil-com-empresarias-que-expandem-negocios-e-lideram-mercados\/#primaryimage"},"thumbnailUrl":"https:\/\/portaldoestado.com.br\/wp-content\/uploads\/2026\/03\/e5286cb9-db59-479e-a413-5000348985b0.png","datePublished":"2026-03-07T07:27:28+00:00","breadcrumb":{"@id":"https:\/\/portaldoestado.com.br\/index.php\/2026\/03\/07\/empreendedorismo-feminino-ganha-forca-no-brasil-com-empresarias-que-expandem-negocios-e-lideram-mercados\/#breadcrumb"},"inLanguage":"pt-BR","potentialAction":[{"@type":"ReadAction","target":["https:\/\/portaldoestado.com.br\/index.php\/2026\/03\/07\/empreendedorismo-feminino-ganha-forca-no-brasil-com-empresarias-que-expandem-negocios-e-lideram-mercados\/"]}]},{"@type":"ImageObject","inLanguage":"pt-BR","@id":"https:\/\/portaldoestado.com.br\/index.php\/2026\/03\/07\/empreendedorismo-feminino-ganha-forca-no-brasil-com-empresarias-que-expandem-negocios-e-lideram-mercados\/#primaryimage","url":"https:\/\/portaldoestado.com.br\/wp-content\/uploads\/2026\/03\/e5286cb9-db59-479e-a413-5000348985b0.png","contentUrl":"https:\/\/portaldoestado.com.br\/wp-content\/uploads\/2026\/03\/e5286cb9-db59-479e-a413-5000348985b0.png","width":1536,"height":1024},{"@type":"BreadcrumbList","@id":"https:\/\/portaldoestado.com.br\/index.php\/2026\/03\/07\/empreendedorismo-feminino-ganha-forca-no-brasil-com-empresarias-que-expandem-negocios-e-lideram-mercados\/#breadcrumb","itemListElement":[{"@type":"ListItem","position":1,"name":"In\u00edcio","item":"https:\/\/portaldoestado.com.br\/"},{"@type":"ListItem","position":2,"name":"Empreendedorismo feminino ganha for\u00e7a no Brasil com empres\u00e1rias que expandem neg\u00f3cios e lideram mercados"}]},{"@type":"WebSite","@id":"https:\/\/portaldoestado.com.br\/#website","url":"https:\/\/portaldoestado.com.br\/","name":"Portal do Estado","description":"","publisher":{"@id":"https:\/\/portaldoestado.com.br\/#organization"},"potentialAction":[{"@type":"SearchAction","target":{"@type":"EntryPoint","urlTemplate":"https:\/\/portaldoestado.com.br\/?s={search_term_string}"},"query-input":{"@type":"PropertyValueSpecification","valueRequired":true,"valueName":"search_term_string"}}],"inLanguage":"pt-BR"},{"@type":"Organization","@id":"https:\/\/portaldoestado.com.br\/#organization","name":"Portal do Estado","url":"https:\/\/portaldoestado.com.br\/","logo":{"@type":"ImageObject","inLanguage":"pt-BR","@id":"https:\/\/portaldoestado.com.br\/#\/schema\/logo\/image\/","url":"https:\/\/portaldoestado.com.br\/wp-content\/uploads\/2025\/04\/cropped-6f69b19a-6472-43bf-b1b3-e1910bbbd4e8.png","contentUrl":"https:\/\/portaldoestado.com.br\/wp-content\/uploads\/2025\/04\/cropped-6f69b19a-6472-43bf-b1b3-e1910bbbd4e8.png","width":1024,"height":350,"caption":"Portal do Estado"},"image":{"@id":"https:\/\/portaldoestado.com.br\/#\/schema\/logo\/image\/"}},{"@type":"Person","@id":"https:\/\/portaldoestado.com.br\/#\/schema\/person\/5ca0174f3c8c84b59da62ea14b698cb9","name":"assessoriadefamosos","image":{"@type":"ImageObject","inLanguage":"pt-BR","@id":"https:\/\/portaldoestado.com.br\/#\/schema\/person\/image\/","url":"https:\/\/secure.gravatar.com\/avatar\/a7acbdffcfbbae7240e59f47fe511ec5f5d8c252c779f0b8d9ab02a9e1d8c5ed?s=96&d=mm&r=g","contentUrl":"https:\/\/secure.gravatar.com\/avatar\/a7acbdffcfbbae7240e59f47fe511ec5f5d8c252c779f0b8d9ab02a9e1d8c5ed?s=96&d=mm&r=g","caption":"assessoriadefamosos"},"url":"https:\/\/portaldoestado.com.br\/index.php\/author\/assessoriadefamosos\/"}]}},"jetpack_featured_media_url":"https:\/\/portaldoestado.com.br\/wp-content\/uploads\/2026\/03\/e5286cb9-db59-479e-a413-5000348985b0.png","_links":{"self":[{"href":"https:\/\/portaldoestado.com.br\/index.php\/wp-json\/wp\/v2\/posts\/7068","targetHints":{"allow":["GET"]}}],"collection":[{"href":"https:\/\/portaldoestado.com.br\/index.php\/wp-json\/wp\/v2\/posts"}],"about":[{"href":"https:\/\/portaldoestado.com.br\/index.php\/wp-json\/wp\/v2\/types\/post"}],"author":[{"embeddable":true,"href":"https:\/\/portaldoestado.com.br\/index.php\/wp-json\/wp\/v2\/users\/2"}],"replies":[{"embeddable":true,"href":"https:\/\/portaldoestado.com.br\/index.php\/wp-json\/wp\/v2\/comments?post=7068"}],"version-history":[{"count":1,"href":"https:\/\/portaldoestado.com.br\/index.php\/wp-json\/wp\/v2\/posts\/7068\/revisions"}],"predecessor-version":[{"id":7069,"href":"https:\/\/portaldoestado.com.br\/index.php\/wp-json\/wp\/v2\/posts\/7068\/revisions\/7069"}],"wp:featuredmedia":[{"embeddable":true,"href":"https:\/\/portaldoestado.com.br\/index.php\/wp-json\/wp\/v2\/media\/7067"}],"wp:attachment":[{"href":"https:\/\/portaldoestado.com.br\/index.php\/wp-json\/wp\/v2\/media?parent=7068"}],"wp:term":[{"taxonomy":"category","embeddable":true,"href":"https:\/\/portaldoestado.com.br\/index.php\/wp-json\/wp\/v2\/categories?post=7068"},{"taxonomy":"post_tag","embeddable":true,"href":"https:\/\/portaldoestado.com.br\/index.php\/wp-json\/wp\/v2\/tags?post=7068"}],"curies":[{"name":"wp","href":"https:\/\/api.w.org\/{rel}","templated":true}]}}