{"id":7062,"date":"2026-03-07T06:47:04","date_gmt":"2026-03-07T06:47:04","guid":{"rendered":"https:\/\/portaldoestado.com.br\/?p=7062"},"modified":"2026-03-07T06:47:04","modified_gmt":"2026-03-07T06:47:04","slug":"o-picapau-amarelo-estreia-nova-temporada-e-fortalece-presenca-infantil-do-sbt-nas-manhas-de-sabado","status":"publish","type":"post","link":"https:\/\/portaldoestado.com.br\/index.php\/2026\/03\/07\/o-picapau-amarelo-estreia-nova-temporada-e-fortalece-presenca-infantil-do-sbt-nas-manhas-de-sabado\/","title":{"rendered":"\u201cO Picapau Amarelo\u201d estreia nova temporada e fortalece presen\u00e7a infantil do SBT nas manh\u00e3s de s\u00e1bado"},"content":{"rendered":"\n<p>O SBT refor\u00e7a seu compromisso com o p\u00fablico infantil e estreia neste s\u00e1bado (07), dentro do\u00a0<strong>\u201cS\u00e1bado Animado\u201d<\/strong>, a terceira temporada de<strong>\u00a0\u201cO Picapau Amarelo\u201d<\/strong>. A nova fase da s\u00e9rie chega repaginada e com hist\u00f3rias ainda mais envolventes para conquistar uma nova gera\u00e7\u00e3o de espectadores, sem perder a ess\u00eancia que atravessa gera\u00e7\u00f5es.<\/p>\n\n\n\n<p>Logo no primeiro epis\u00f3dio, a trama retoma os acontecimentos da temporada anterior: ap\u00f3s ter sido transformada em boneca de pano pela Cuca<strong>,\u00a0<\/strong>Em\u00edlia volta a ser humana, mais viva do que nunca e com um novo visual. Nesta temporada, a narrativa ganha uma pegada mais dramat\u00fargica e aprofundada.<\/p>\n\n\n\n<p>Al\u00e9m dos personagens cl\u00e1ssicos, a nova fase traz participa\u00e7\u00f5es como:\u00a0<strong>Pierre Bittencourt<\/strong>\u00a0como o G\u00eanio da L\u00e2mpada,\u00a0<strong>Helen Ganzarolli<\/strong>\u00a0interpretando a Bruxa M\u00e1 do Oeste, o fen\u00f4meno infantil\u00a0<strong>Gato Gal\u00e1ctico<\/strong>, al\u00e9m de\u00a0<strong>Henrique Sganzerla<\/strong>\u00a0como Gato F\u00e9lix e\u00a0<strong>Fofoquito<\/strong>\u00a0dando vida ao Porquinho Pr\u00e1tico.<\/p>\n\n\n\n<p>Essa nova temporada tamb\u00e9m traz novidades musicais, com\u00a0<strong>seis clipes in\u00e9ditos\u00a0<\/strong>produzidos especialmente para essa nova fase da s\u00e9rie, al\u00e9m de uma\u00a0<strong>nova abertura<\/strong>, refor\u00e7ando o clima l\u00fadico e m\u00e1gico da produ\u00e7\u00e3o.<\/p>\n\n\n\n<blockquote class=\"wp-block-quote is-layout-flow wp-block-quote-is-layout-flow\">\n<p><em>\u201cEsta terceira temporada chega ainda mais rica em hist\u00f3rias e personagens. Mantemos a ess\u00eancia cl\u00e1ssica do S\u00edtio do Picapau Amarelo, que atravessa gera\u00e7\u00f5es, mas tamb\u00e9m trazemos novas participa\u00e7\u00f5es e elementos que renovam o universo da s\u00e9rie, surpreendendo o p\u00fablico\u201d,<\/em>\u00a0afirma o diretor Jefferson C\u00e2ndido.<\/p>\n<\/blockquote>\n\n\n\n<p>Os epis\u00f3dios ser\u00e3o exibidos primeiro na TV aberta<strong>, dentro do \u201cS\u00e1bado Animado\u201d<\/strong>, e depois passam a integrar o cat\u00e1logo do\u00a0<strong>+SBT a partir do dia 12 de mar\u00e7o<\/strong>.<\/p>\n\n\n\n<p><strong>\u201cS\u00e1bado Animado\u201d \u00e9 apresentado por Silvia Abravanel e vai ao ar todos os s\u00e1bados, a partir das 06h (de Bras\u00edlia), no SBT.<\/strong><\/p>\n","protected":false},"excerpt":{"rendered":"<p>O SBT refor\u00e7a seu compromisso com o p\u00fablico infantil e estreia neste s\u00e1bado (07), dentro do\u00a0\u201cS\u00e1bado Animado\u201d, a terceira temporada de\u00a0\u201cO Picapau Amarelo\u201d. A nova fase da s\u00e9rie chega repaginada e com hist\u00f3rias ainda mais envolventes para conquistar uma nova gera\u00e7\u00e3o de espectadores, sem perder a ess\u00eancia que atravessa gera\u00e7\u00f5es. Logo no primeiro epis\u00f3dio, a \u2026<\/p>\n","protected":false},"author":2,"featured_media":7061,"comment_status":"closed","ping_status":"open","sticky":false,"template":"","format":"standard","meta":{"footnotes":""},"categories":[4],"tags":[],"class_list":["post-7062","post","type-post","status-publish","format-standard","has-post-thumbnail","hentry","category-geral"],"yoast_head":"<!-- This site is optimized with the Yoast SEO plugin v25.5 - https:\/\/yoast.com\/wordpress\/plugins\/seo\/ -->\n<title>\u201cO Picapau Amarelo\u201d estreia nova temporada e fortalece presen\u00e7a infantil do SBT nas manh\u00e3s de s\u00e1bado - Portal do Estado<\/title>\n<meta name=\"robots\" content=\"index, follow, max-snippet:-1, max-image-preview:large, max-video-preview:-1\" \/>\n<link rel=\"canonical\" href=\"https:\/\/portaldoestado.com.br\/index.php\/2026\/03\/07\/o-picapau-amarelo-estreia-nova-temporada-e-fortalece-presenca-infantil-do-sbt-nas-manhas-de-sabado\/\" \/>\n<meta property=\"og:locale\" content=\"pt_BR\" \/>\n<meta property=\"og:type\" content=\"article\" \/>\n<meta property=\"og:title\" content=\"\u201cO Picapau Amarelo\u201d estreia nova temporada e fortalece presen\u00e7a infantil do SBT nas manh\u00e3s de s\u00e1bado - Portal do Estado\" \/>\n<meta property=\"og:description\" content=\"O SBT refor\u00e7a seu compromisso com o p\u00fablico infantil e estreia neste s\u00e1bado (07), dentro do\u00a0\u201cS\u00e1bado Animado\u201d, a terceira temporada de\u00a0\u201cO Picapau Amarelo\u201d. A nova fase da s\u00e9rie chega repaginada e com hist\u00f3rias ainda mais envolventes para conquistar uma nova gera\u00e7\u00e3o de espectadores, sem perder a ess\u00eancia que atravessa gera\u00e7\u00f5es. Logo no primeiro epis\u00f3dio, a \u2026\" \/>\n<meta property=\"og:url\" content=\"https:\/\/portaldoestado.com.br\/index.php\/2026\/03\/07\/o-picapau-amarelo-estreia-nova-temporada-e-fortalece-presenca-infantil-do-sbt-nas-manhas-de-sabado\/\" \/>\n<meta property=\"og:site_name\" content=\"Portal do Estado\" \/>\n<meta property=\"article:published_time\" content=\"2026-03-07T06:47:04+00:00\" \/>\n<meta property=\"og:image\" content=\"https:\/\/portaldoestado.com.br\/wp-content\/uploads\/2026\/03\/Captura-de-tela-2026-03-07-034051.png\" \/>\n\t<meta property=\"og:image:width\" content=\"1088\" \/>\n\t<meta property=\"og:image:height\" content=\"520\" \/>\n\t<meta property=\"og:image:type\" content=\"image\/png\" \/>\n<meta name=\"author\" content=\"assessoriadefamosos\" \/>\n<meta name=\"twitter:card\" content=\"summary_large_image\" \/>\n<meta name=\"twitter:label1\" content=\"Escrito por\" \/>\n\t<meta name=\"twitter:data1\" content=\"assessoriadefamosos\" \/>\n\t<meta name=\"twitter:label2\" content=\"Est. tempo de leitura\" \/>\n\t<meta name=\"twitter:data2\" content=\"2 minutos\" \/>\n<script type=\"application\/ld+json\" class=\"yoast-schema-graph\">{\"@context\":\"https:\/\/schema.org\",\"@graph\":[{\"@type\":\"Article\",\"@id\":\"https:\/\/portaldoestado.com.br\/index.php\/2026\/03\/07\/o-picapau-amarelo-estreia-nova-temporada-e-fortalece-presenca-infantil-do-sbt-nas-manhas-de-sabado\/#article\",\"isPartOf\":{\"@id\":\"https:\/\/portaldoestado.com.br\/index.php\/2026\/03\/07\/o-picapau-amarelo-estreia-nova-temporada-e-fortalece-presenca-infantil-do-sbt-nas-manhas-de-sabado\/\"},\"author\":{\"name\":\"assessoriadefamosos\",\"@id\":\"https:\/\/portaldoestado.com.br\/#\/schema\/person\/5ca0174f3c8c84b59da62ea14b698cb9\"},\"headline\":\"\u201cO Picapau Amarelo\u201d estreia nova temporada e fortalece presen\u00e7a infantil do SBT nas manh\u00e3s de s\u00e1bado\",\"datePublished\":\"2026-03-07T06:47:04+00:00\",\"mainEntityOfPage\":{\"@id\":\"https:\/\/portaldoestado.com.br\/index.php\/2026\/03\/07\/o-picapau-amarelo-estreia-nova-temporada-e-fortalece-presenca-infantil-do-sbt-nas-manhas-de-sabado\/\"},\"wordCount\":335,\"publisher\":{\"@id\":\"https:\/\/portaldoestado.com.br\/#organization\"},\"image\":{\"@id\":\"https:\/\/portaldoestado.com.br\/index.php\/2026\/03\/07\/o-picapau-amarelo-estreia-nova-temporada-e-fortalece-presenca-infantil-do-sbt-nas-manhas-de-sabado\/#primaryimage\"},\"thumbnailUrl\":\"https:\/\/portaldoestado.com.br\/wp-content\/uploads\/2026\/03\/Captura-de-tela-2026-03-07-034051.png\",\"articleSection\":[\"Geral\"],\"inLanguage\":\"pt-BR\"},{\"@type\":\"WebPage\",\"@id\":\"https:\/\/portaldoestado.com.br\/index.php\/2026\/03\/07\/o-picapau-amarelo-estreia-nova-temporada-e-fortalece-presenca-infantil-do-sbt-nas-manhas-de-sabado\/\",\"url\":\"https:\/\/portaldoestado.com.br\/index.php\/2026\/03\/07\/o-picapau-amarelo-estreia-nova-temporada-e-fortalece-presenca-infantil-do-sbt-nas-manhas-de-sabado\/\",\"name\":\"\u201cO Picapau Amarelo\u201d estreia nova temporada e fortalece presen\u00e7a infantil do SBT nas manh\u00e3s de s\u00e1bado - Portal do Estado\",\"isPartOf\":{\"@id\":\"https:\/\/portaldoestado.com.br\/#website\"},\"primaryImageOfPage\":{\"@id\":\"https:\/\/portaldoestado.com.br\/index.php\/2026\/03\/07\/o-picapau-amarelo-estreia-nova-temporada-e-fortalece-presenca-infantil-do-sbt-nas-manhas-de-sabado\/#primaryimage\"},\"image\":{\"@id\":\"https:\/\/portaldoestado.com.br\/index.php\/2026\/03\/07\/o-picapau-amarelo-estreia-nova-temporada-e-fortalece-presenca-infantil-do-sbt-nas-manhas-de-sabado\/#primaryimage\"},\"thumbnailUrl\":\"https:\/\/portaldoestado.com.br\/wp-content\/uploads\/2026\/03\/Captura-de-tela-2026-03-07-034051.png\",\"datePublished\":\"2026-03-07T06:47:04+00:00\",\"breadcrumb\":{\"@id\":\"https:\/\/portaldoestado.com.br\/index.php\/2026\/03\/07\/o-picapau-amarelo-estreia-nova-temporada-e-fortalece-presenca-infantil-do-sbt-nas-manhas-de-sabado\/#breadcrumb\"},\"inLanguage\":\"pt-BR\",\"potentialAction\":[{\"@type\":\"ReadAction\",\"target\":[\"https:\/\/portaldoestado.com.br\/index.php\/2026\/03\/07\/o-picapau-amarelo-estreia-nova-temporada-e-fortalece-presenca-infantil-do-sbt-nas-manhas-de-sabado\/\"]}]},{\"@type\":\"ImageObject\",\"inLanguage\":\"pt-BR\",\"@id\":\"https:\/\/portaldoestado.com.br\/index.php\/2026\/03\/07\/o-picapau-amarelo-estreia-nova-temporada-e-fortalece-presenca-infantil-do-sbt-nas-manhas-de-sabado\/#primaryimage\",\"url\":\"https:\/\/portaldoestado.com.br\/wp-content\/uploads\/2026\/03\/Captura-de-tela-2026-03-07-034051.png\",\"contentUrl\":\"https:\/\/portaldoestado.com.br\/wp-content\/uploads\/2026\/03\/Captura-de-tela-2026-03-07-034051.png\",\"width\":1088,\"height\":520},{\"@type\":\"BreadcrumbList\",\"@id\":\"https:\/\/portaldoestado.com.br\/index.php\/2026\/03\/07\/o-picapau-amarelo-estreia-nova-temporada-e-fortalece-presenca-infantil-do-sbt-nas-manhas-de-sabado\/#breadcrumb\",\"itemListElement\":[{\"@type\":\"ListItem\",\"position\":1,\"name\":\"In\u00edcio\",\"item\":\"https:\/\/portaldoestado.com.br\/\"},{\"@type\":\"ListItem\",\"position\":2,\"name\":\"\u201cO Picapau Amarelo\u201d estreia nova temporada e fortalece presen\u00e7a infantil do SBT nas manh\u00e3s de s\u00e1bado\"}]},{\"@type\":\"WebSite\",\"@id\":\"https:\/\/portaldoestado.com.br\/#website\",\"url\":\"https:\/\/portaldoestado.com.br\/\",\"name\":\"Portal do Estado\",\"description\":\"\",\"publisher\":{\"@id\":\"https:\/\/portaldoestado.com.br\/#organization\"},\"potentialAction\":[{\"@type\":\"SearchAction\",\"target\":{\"@type\":\"EntryPoint\",\"urlTemplate\":\"https:\/\/portaldoestado.com.br\/?s={search_term_string}\"},\"query-input\":{\"@type\":\"PropertyValueSpecification\",\"valueRequired\":true,\"valueName\":\"search_term_string\"}}],\"inLanguage\":\"pt-BR\"},{\"@type\":\"Organization\",\"@id\":\"https:\/\/portaldoestado.com.br\/#organization\",\"name\":\"Portal do Estado\",\"url\":\"https:\/\/portaldoestado.com.br\/\",\"logo\":{\"@type\":\"ImageObject\",\"inLanguage\":\"pt-BR\",\"@id\":\"https:\/\/portaldoestado.com.br\/#\/schema\/logo\/image\/\",\"url\":\"https:\/\/portaldoestado.com.br\/wp-content\/uploads\/2025\/04\/cropped-6f69b19a-6472-43bf-b1b3-e1910bbbd4e8.png\",\"contentUrl\":\"https:\/\/portaldoestado.com.br\/wp-content\/uploads\/2025\/04\/cropped-6f69b19a-6472-43bf-b1b3-e1910bbbd4e8.png\",\"width\":1024,\"height\":350,\"caption\":\"Portal do Estado\"},\"image\":{\"@id\":\"https:\/\/portaldoestado.com.br\/#\/schema\/logo\/image\/\"}},{\"@type\":\"Person\",\"@id\":\"https:\/\/portaldoestado.com.br\/#\/schema\/person\/5ca0174f3c8c84b59da62ea14b698cb9\",\"name\":\"assessoriadefamosos\",\"image\":{\"@type\":\"ImageObject\",\"inLanguage\":\"pt-BR\",\"@id\":\"https:\/\/portaldoestado.com.br\/#\/schema\/person\/image\/\",\"url\":\"https:\/\/secure.gravatar.com\/avatar\/a7acbdffcfbbae7240e59f47fe511ec5f5d8c252c779f0b8d9ab02a9e1d8c5ed?s=96&d=mm&r=g\",\"contentUrl\":\"https:\/\/secure.gravatar.com\/avatar\/a7acbdffcfbbae7240e59f47fe511ec5f5d8c252c779f0b8d9ab02a9e1d8c5ed?s=96&d=mm&r=g\",\"caption\":\"assessoriadefamosos\"},\"url\":\"https:\/\/portaldoestado.com.br\/index.php\/author\/assessoriadefamosos\/\"}]}<\/script>\n<!-- \/ Yoast SEO plugin. -->","yoast_head_json":{"title":"\u201cO Picapau Amarelo\u201d estreia nova temporada e fortalece presen\u00e7a infantil do SBT nas manh\u00e3s de s\u00e1bado - Portal do Estado","robots":{"index":"index","follow":"follow","max-snippet":"max-snippet:-1","max-image-preview":"max-image-preview:large","max-video-preview":"max-video-preview:-1"},"canonical":"https:\/\/portaldoestado.com.br\/index.php\/2026\/03\/07\/o-picapau-amarelo-estreia-nova-temporada-e-fortalece-presenca-infantil-do-sbt-nas-manhas-de-sabado\/","og_locale":"pt_BR","og_type":"article","og_title":"\u201cO Picapau Amarelo\u201d estreia nova temporada e fortalece presen\u00e7a infantil do SBT nas manh\u00e3s de s\u00e1bado - Portal do Estado","og_description":"O SBT refor\u00e7a seu compromisso com o p\u00fablico infantil e estreia neste s\u00e1bado (07), dentro do\u00a0\u201cS\u00e1bado Animado\u201d, a terceira temporada de\u00a0\u201cO Picapau Amarelo\u201d. A nova fase da s\u00e9rie chega repaginada e com hist\u00f3rias ainda mais envolventes para conquistar uma nova gera\u00e7\u00e3o de espectadores, sem perder a ess\u00eancia que atravessa gera\u00e7\u00f5es. Logo no primeiro epis\u00f3dio, a \u2026","og_url":"https:\/\/portaldoestado.com.br\/index.php\/2026\/03\/07\/o-picapau-amarelo-estreia-nova-temporada-e-fortalece-presenca-infantil-do-sbt-nas-manhas-de-sabado\/","og_site_name":"Portal do Estado","article_published_time":"2026-03-07T06:47:04+00:00","og_image":[{"width":1088,"height":520,"url":"https:\/\/portaldoestado.com.br\/wp-content\/uploads\/2026\/03\/Captura-de-tela-2026-03-07-034051.png","type":"image\/png"}],"author":"assessoriadefamosos","twitter_card":"summary_large_image","twitter_misc":{"Escrito por":"assessoriadefamosos","Est. tempo de leitura":"2 minutos"},"schema":{"@context":"https:\/\/schema.org","@graph":[{"@type":"Article","@id":"https:\/\/portaldoestado.com.br\/index.php\/2026\/03\/07\/o-picapau-amarelo-estreia-nova-temporada-e-fortalece-presenca-infantil-do-sbt-nas-manhas-de-sabado\/#article","isPartOf":{"@id":"https:\/\/portaldoestado.com.br\/index.php\/2026\/03\/07\/o-picapau-amarelo-estreia-nova-temporada-e-fortalece-presenca-infantil-do-sbt-nas-manhas-de-sabado\/"},"author":{"name":"assessoriadefamosos","@id":"https:\/\/portaldoestado.com.br\/#\/schema\/person\/5ca0174f3c8c84b59da62ea14b698cb9"},"headline":"\u201cO Picapau Amarelo\u201d estreia nova temporada e fortalece presen\u00e7a infantil do SBT nas manh\u00e3s de s\u00e1bado","datePublished":"2026-03-07T06:47:04+00:00","mainEntityOfPage":{"@id":"https:\/\/portaldoestado.com.br\/index.php\/2026\/03\/07\/o-picapau-amarelo-estreia-nova-temporada-e-fortalece-presenca-infantil-do-sbt-nas-manhas-de-sabado\/"},"wordCount":335,"publisher":{"@id":"https:\/\/portaldoestado.com.br\/#organization"},"image":{"@id":"https:\/\/portaldoestado.com.br\/index.php\/2026\/03\/07\/o-picapau-amarelo-estreia-nova-temporada-e-fortalece-presenca-infantil-do-sbt-nas-manhas-de-sabado\/#primaryimage"},"thumbnailUrl":"https:\/\/portaldoestado.com.br\/wp-content\/uploads\/2026\/03\/Captura-de-tela-2026-03-07-034051.png","articleSection":["Geral"],"inLanguage":"pt-BR"},{"@type":"WebPage","@id":"https:\/\/portaldoestado.com.br\/index.php\/2026\/03\/07\/o-picapau-amarelo-estreia-nova-temporada-e-fortalece-presenca-infantil-do-sbt-nas-manhas-de-sabado\/","url":"https:\/\/portaldoestado.com.br\/index.php\/2026\/03\/07\/o-picapau-amarelo-estreia-nova-temporada-e-fortalece-presenca-infantil-do-sbt-nas-manhas-de-sabado\/","name":"\u201cO Picapau Amarelo\u201d estreia nova temporada e fortalece presen\u00e7a infantil do SBT nas manh\u00e3s de s\u00e1bado - Portal do Estado","isPartOf":{"@id":"https:\/\/portaldoestado.com.br\/#website"},"primaryImageOfPage":{"@id":"https:\/\/portaldoestado.com.br\/index.php\/2026\/03\/07\/o-picapau-amarelo-estreia-nova-temporada-e-fortalece-presenca-infantil-do-sbt-nas-manhas-de-sabado\/#primaryimage"},"image":{"@id":"https:\/\/portaldoestado.com.br\/index.php\/2026\/03\/07\/o-picapau-amarelo-estreia-nova-temporada-e-fortalece-presenca-infantil-do-sbt-nas-manhas-de-sabado\/#primaryimage"},"thumbnailUrl":"https:\/\/portaldoestado.com.br\/wp-content\/uploads\/2026\/03\/Captura-de-tela-2026-03-07-034051.png","datePublished":"2026-03-07T06:47:04+00:00","breadcrumb":{"@id":"https:\/\/portaldoestado.com.br\/index.php\/2026\/03\/07\/o-picapau-amarelo-estreia-nova-temporada-e-fortalece-presenca-infantil-do-sbt-nas-manhas-de-sabado\/#breadcrumb"},"inLanguage":"pt-BR","potentialAction":[{"@type":"ReadAction","target":["https:\/\/portaldoestado.com.br\/index.php\/2026\/03\/07\/o-picapau-amarelo-estreia-nova-temporada-e-fortalece-presenca-infantil-do-sbt-nas-manhas-de-sabado\/"]}]},{"@type":"ImageObject","inLanguage":"pt-BR","@id":"https:\/\/portaldoestado.com.br\/index.php\/2026\/03\/07\/o-picapau-amarelo-estreia-nova-temporada-e-fortalece-presenca-infantil-do-sbt-nas-manhas-de-sabado\/#primaryimage","url":"https:\/\/portaldoestado.com.br\/wp-content\/uploads\/2026\/03\/Captura-de-tela-2026-03-07-034051.png","contentUrl":"https:\/\/portaldoestado.com.br\/wp-content\/uploads\/2026\/03\/Captura-de-tela-2026-03-07-034051.png","width":1088,"height":520},{"@type":"BreadcrumbList","@id":"https:\/\/portaldoestado.com.br\/index.php\/2026\/03\/07\/o-picapau-amarelo-estreia-nova-temporada-e-fortalece-presenca-infantil-do-sbt-nas-manhas-de-sabado\/#breadcrumb","itemListElement":[{"@type":"ListItem","position":1,"name":"In\u00edcio","item":"https:\/\/portaldoestado.com.br\/"},{"@type":"ListItem","position":2,"name":"\u201cO Picapau Amarelo\u201d estreia nova temporada e fortalece presen\u00e7a infantil do SBT nas manh\u00e3s de s\u00e1bado"}]},{"@type":"WebSite","@id":"https:\/\/portaldoestado.com.br\/#website","url":"https:\/\/portaldoestado.com.br\/","name":"Portal do Estado","description":"","publisher":{"@id":"https:\/\/portaldoestado.com.br\/#organization"},"potentialAction":[{"@type":"SearchAction","target":{"@type":"EntryPoint","urlTemplate":"https:\/\/portaldoestado.com.br\/?s={search_term_string}"},"query-input":{"@type":"PropertyValueSpecification","valueRequired":true,"valueName":"search_term_string"}}],"inLanguage":"pt-BR"},{"@type":"Organization","@id":"https:\/\/portaldoestado.com.br\/#organization","name":"Portal do Estado","url":"https:\/\/portaldoestado.com.br\/","logo":{"@type":"ImageObject","inLanguage":"pt-BR","@id":"https:\/\/portaldoestado.com.br\/#\/schema\/logo\/image\/","url":"https:\/\/portaldoestado.com.br\/wp-content\/uploads\/2025\/04\/cropped-6f69b19a-6472-43bf-b1b3-e1910bbbd4e8.png","contentUrl":"https:\/\/portaldoestado.com.br\/wp-content\/uploads\/2025\/04\/cropped-6f69b19a-6472-43bf-b1b3-e1910bbbd4e8.png","width":1024,"height":350,"caption":"Portal do Estado"},"image":{"@id":"https:\/\/portaldoestado.com.br\/#\/schema\/logo\/image\/"}},{"@type":"Person","@id":"https:\/\/portaldoestado.com.br\/#\/schema\/person\/5ca0174f3c8c84b59da62ea14b698cb9","name":"assessoriadefamosos","image":{"@type":"ImageObject","inLanguage":"pt-BR","@id":"https:\/\/portaldoestado.com.br\/#\/schema\/person\/image\/","url":"https:\/\/secure.gravatar.com\/avatar\/a7acbdffcfbbae7240e59f47fe511ec5f5d8c252c779f0b8d9ab02a9e1d8c5ed?s=96&d=mm&r=g","contentUrl":"https:\/\/secure.gravatar.com\/avatar\/a7acbdffcfbbae7240e59f47fe511ec5f5d8c252c779f0b8d9ab02a9e1d8c5ed?s=96&d=mm&r=g","caption":"assessoriadefamosos"},"url":"https:\/\/portaldoestado.com.br\/index.php\/author\/assessoriadefamosos\/"}]}},"jetpack_featured_media_url":"https:\/\/portaldoestado.com.br\/wp-content\/uploads\/2026\/03\/Captura-de-tela-2026-03-07-034051.png","_links":{"self":[{"href":"https:\/\/portaldoestado.com.br\/index.php\/wp-json\/wp\/v2\/posts\/7062","targetHints":{"allow":["GET"]}}],"collection":[{"href":"https:\/\/portaldoestado.com.br\/index.php\/wp-json\/wp\/v2\/posts"}],"about":[{"href":"https:\/\/portaldoestado.com.br\/index.php\/wp-json\/wp\/v2\/types\/post"}],"author":[{"embeddable":true,"href":"https:\/\/portaldoestado.com.br\/index.php\/wp-json\/wp\/v2\/users\/2"}],"replies":[{"embeddable":true,"href":"https:\/\/portaldoestado.com.br\/index.php\/wp-json\/wp\/v2\/comments?post=7062"}],"version-history":[{"count":1,"href":"https:\/\/portaldoestado.com.br\/index.php\/wp-json\/wp\/v2\/posts\/7062\/revisions"}],"predecessor-version":[{"id":7063,"href":"https:\/\/portaldoestado.com.br\/index.php\/wp-json\/wp\/v2\/posts\/7062\/revisions\/7063"}],"wp:featuredmedia":[{"embeddable":true,"href":"https:\/\/portaldoestado.com.br\/index.php\/wp-json\/wp\/v2\/media\/7061"}],"wp:attachment":[{"href":"https:\/\/portaldoestado.com.br\/index.php\/wp-json\/wp\/v2\/media?parent=7062"}],"wp:term":[{"taxonomy":"category","embeddable":true,"href":"https:\/\/portaldoestado.com.br\/index.php\/wp-json\/wp\/v2\/categories?post=7062"},{"taxonomy":"post_tag","embeddable":true,"href":"https:\/\/portaldoestado.com.br\/index.php\/wp-json\/wp\/v2\/tags?post=7062"}],"curies":[{"name":"wp","href":"https:\/\/api.w.org\/{rel}","templated":true}]}}