{"id":7059,"date":"2026-03-07T06:38:03","date_gmt":"2026-03-07T06:38:03","guid":{"rendered":"https:\/\/portaldoestado.com.br\/?p=7059"},"modified":"2026-03-07T06:38:03","modified_gmt":"2026-03-07T06:38:03","slug":"eita-lucas-celebra-50-programas-com-edicao-especial-cenario-renovado-e-historias-emocionantes","status":"publish","type":"post","link":"https:\/\/portaldoestado.com.br\/index.php\/2026\/03\/07\/eita-lucas-celebra-50-programas-com-edicao-especial-cenario-renovado-e-historias-emocionantes\/","title":{"rendered":"\u201cEita Lucas!\u201d celebra 50 programas com edi\u00e7\u00e3o especial, cen\u00e1rio renovado e hist\u00f3rias emocionantes"},"content":{"rendered":"\n<p>O programa <strong>Eita Lucas!<\/strong>, comandado por <strong>Lucas Guimar\u00e3es<\/strong>, chega a um marco importante neste s\u00e1bado (7). Exibida \u00e0s 14h45 pelo <strong>SBT<\/strong>, a atra\u00e7\u00e3o comemora sua 50\u00aa edi\u00e7\u00e3o na televis\u00e3o e tamb\u00e9m celebra um ano desde a estreia, com um epis\u00f3dio especial repleto de novidades, convidados e momentos de emo\u00e7\u00e3o.<\/p>\n\n\n\n<p>Para marcar a data, o p\u00fablico poder\u00e1 conferir o novo cen\u00e1rio do programa, que passa a integrar o est\u00fadio a partir desta edi\u00e7\u00e3o, trazendo um visual renovado para a atra\u00e7\u00e3o.<\/p>\n\n\n\n<p>Entre os convidados est\u00e1 o cantor <strong>Naldo Benny<\/strong>, que participa do programa interpretando alguns de seus sucessos e entrando em um game divertido ao lado do apresentador. Durante a brincadeira, o artista \u2014 conhecido por relatos curiosos de sua carreira \u2014 precisa revelar quais hist\u00f3rias s\u00e3o verdadeiras e quais ganharam um toque de exagero. Entre os epis\u00f3dios mencionados est\u00e3o uma suposta amizade com <strong>Will Smith<\/strong>, um convite feito \u00e0 modelo <strong>Gisele B\u00fcndchen<\/strong> para o Carnaval do Rio e at\u00e9 um poss\u00edvel convite para cantar em um show de <strong>Madonna<\/strong> durante o evento <strong>Todo Mundo no Rio<\/strong>.<\/p>\n\n\n\n<p>A edi\u00e7\u00e3o tamb\u00e9m reserva um momento especial em homenagem ao <strong>Dia Internacional da Mulher<\/strong>. No quadro \u201cCarona da Sorte\u201d, Lucas viaja at\u00e9 <strong>Santo Andr\u00e9<\/strong> para conhecer a hist\u00f3ria inspiradora da confeiteira Katia Evangelista, que viralizou nas redes sociais ap\u00f3s organizar uma carreata para celebrar o fim de seu tratamento contra o c\u00e2ncer de mama.<\/p>\n\n\n\n<p>Sem imaginar que est\u00e1 participando do programa, Katia acredita estar concedendo apenas uma entrevista ao jornalismo da emissora. Com a ajuda do rep\u00f3rter <strong>Vin\u00edcius Rangel<\/strong>, al\u00e9m de familiares e amigos, Lucas prepara uma surpresa emocionante.<\/p>\n\n\n\n<p>Durante uma nova carreata organizada em sua homenagem, Katia descobre que est\u00e1 no quadro e ganha a oportunidade de concorrer a pr\u00eamios que podem chegar a R$ 10 mil. Ao longo do trajeto, ela relembra os desafios enfrentados durante o tratamento e destaca o apoio recebido da <strong>ONG Viva Melhor<\/strong>, entidade que presta assist\u00eancia a mulheres que passaram pela mastectomia.<\/p>\n\n\n\n<p>O programa termina no palco com mais uma rodada da \u201cPiscina da Sorte\u201d, em que quatro pessoas da plateia participam de provas valendo pr\u00eamios. Ao final, o vencedor poder\u00e1 escolher entre levar para casa uma geladeira nova ou uma TV de 55 polegadas.<\/p>\n\n\n\n<p>Com m\u00fasica, divers\u00e3o e hist\u00f3rias inspiradoras, o <strong>\u201cEita Lucas!\u201d<\/strong> promete uma edi\u00e7\u00e3o especial para marcar seu jubileu de programas no ar neste s\u00e1bado, \u00e0s 14h45, no SBT.<\/p>\n","protected":false},"excerpt":{"rendered":"<p>O programa Eita Lucas!, comandado por Lucas Guimar\u00e3es, chega a um marco importante neste s\u00e1bado (7). Exibida \u00e0s 14h45 pelo SBT, a atra\u00e7\u00e3o comemora sua 50\u00aa edi\u00e7\u00e3o na televis\u00e3o e tamb\u00e9m celebra um ano desde a estreia, com um epis\u00f3dio especial repleto de novidades, convidados e momentos de emo\u00e7\u00e3o. Para marcar a data, o p\u00fablico \u2026<\/p>\n","protected":false},"author":2,"featured_media":7058,"comment_status":"closed","ping_status":"open","sticky":false,"template":"","format":"standard","meta":{"footnotes":""},"categories":[3],"tags":[],"class_list":["post-7059","post","type-post","status-publish","format-standard","has-post-thumbnail","hentry","category-famosos"],"yoast_head":"<!-- This site is optimized with the Yoast SEO plugin v25.5 - https:\/\/yoast.com\/wordpress\/plugins\/seo\/ -->\n<title>\u201cEita Lucas!\u201d celebra 50 programas com edi\u00e7\u00e3o especial, cen\u00e1rio renovado e hist\u00f3rias emocionantes - Portal do Estado<\/title>\n<meta name=\"robots\" content=\"index, follow, max-snippet:-1, max-image-preview:large, max-video-preview:-1\" \/>\n<link rel=\"canonical\" href=\"https:\/\/portaldoestado.com.br\/index.php\/2026\/03\/07\/eita-lucas-celebra-50-programas-com-edicao-especial-cenario-renovado-e-historias-emocionantes\/\" \/>\n<meta property=\"og:locale\" content=\"pt_BR\" \/>\n<meta property=\"og:type\" content=\"article\" \/>\n<meta property=\"og:title\" content=\"\u201cEita Lucas!\u201d celebra 50 programas com edi\u00e7\u00e3o especial, cen\u00e1rio renovado e hist\u00f3rias emocionantes - Portal do Estado\" \/>\n<meta property=\"og:description\" content=\"O programa Eita Lucas!, comandado por Lucas Guimar\u00e3es, chega a um marco importante neste s\u00e1bado (7). Exibida \u00e0s 14h45 pelo SBT, a atra\u00e7\u00e3o comemora sua 50\u00aa edi\u00e7\u00e3o na televis\u00e3o e tamb\u00e9m celebra um ano desde a estreia, com um epis\u00f3dio especial repleto de novidades, convidados e momentos de emo\u00e7\u00e3o. Para marcar a data, o p\u00fablico \u2026\" \/>\n<meta property=\"og:url\" content=\"https:\/\/portaldoestado.com.br\/index.php\/2026\/03\/07\/eita-lucas-celebra-50-programas-com-edicao-especial-cenario-renovado-e-historias-emocionantes\/\" \/>\n<meta property=\"og:site_name\" content=\"Portal do Estado\" \/>\n<meta property=\"article:published_time\" content=\"2026-03-07T06:38:03+00:00\" \/>\n<meta property=\"og:image\" content=\"https:\/\/portaldoestado.com.br\/wp-content\/uploads\/2026\/03\/Captura-de-tela-2026-03-07-032728.png\" \/>\n\t<meta property=\"og:image:width\" content=\"531\" \/>\n\t<meta property=\"og:image:height\" content=\"350\" \/>\n\t<meta property=\"og:image:type\" content=\"image\/png\" \/>\n<meta name=\"author\" content=\"assessoriadefamosos\" \/>\n<meta name=\"twitter:card\" content=\"summary_large_image\" \/>\n<meta name=\"twitter:label1\" content=\"Escrito por\" \/>\n\t<meta name=\"twitter:data1\" content=\"assessoriadefamosos\" \/>\n\t<meta name=\"twitter:label2\" content=\"Est. tempo de leitura\" \/>\n\t<meta name=\"twitter:data2\" content=\"2 minutos\" \/>\n<script type=\"application\/ld+json\" class=\"yoast-schema-graph\">{\"@context\":\"https:\/\/schema.org\",\"@graph\":[{\"@type\":\"Article\",\"@id\":\"https:\/\/portaldoestado.com.br\/index.php\/2026\/03\/07\/eita-lucas-celebra-50-programas-com-edicao-especial-cenario-renovado-e-historias-emocionantes\/#article\",\"isPartOf\":{\"@id\":\"https:\/\/portaldoestado.com.br\/index.php\/2026\/03\/07\/eita-lucas-celebra-50-programas-com-edicao-especial-cenario-renovado-e-historias-emocionantes\/\"},\"author\":{\"name\":\"assessoriadefamosos\",\"@id\":\"https:\/\/portaldoestado.com.br\/#\/schema\/person\/5ca0174f3c8c84b59da62ea14b698cb9\"},\"headline\":\"\u201cEita Lucas!\u201d celebra 50 programas com edi\u00e7\u00e3o especial, cen\u00e1rio renovado e hist\u00f3rias emocionantes\",\"datePublished\":\"2026-03-07T06:38:03+00:00\",\"mainEntityOfPage\":{\"@id\":\"https:\/\/portaldoestado.com.br\/index.php\/2026\/03\/07\/eita-lucas-celebra-50-programas-com-edicao-especial-cenario-renovado-e-historias-emocionantes\/\"},\"wordCount\":437,\"publisher\":{\"@id\":\"https:\/\/portaldoestado.com.br\/#organization\"},\"image\":{\"@id\":\"https:\/\/portaldoestado.com.br\/index.php\/2026\/03\/07\/eita-lucas-celebra-50-programas-com-edicao-especial-cenario-renovado-e-historias-emocionantes\/#primaryimage\"},\"thumbnailUrl\":\"https:\/\/portaldoestado.com.br\/wp-content\/uploads\/2026\/03\/Captura-de-tela-2026-03-07-032728.png\",\"articleSection\":[\"Famosos\"],\"inLanguage\":\"pt-BR\"},{\"@type\":\"WebPage\",\"@id\":\"https:\/\/portaldoestado.com.br\/index.php\/2026\/03\/07\/eita-lucas-celebra-50-programas-com-edicao-especial-cenario-renovado-e-historias-emocionantes\/\",\"url\":\"https:\/\/portaldoestado.com.br\/index.php\/2026\/03\/07\/eita-lucas-celebra-50-programas-com-edicao-especial-cenario-renovado-e-historias-emocionantes\/\",\"name\":\"\u201cEita Lucas!\u201d celebra 50 programas com edi\u00e7\u00e3o especial, cen\u00e1rio renovado e hist\u00f3rias emocionantes - Portal do Estado\",\"isPartOf\":{\"@id\":\"https:\/\/portaldoestado.com.br\/#website\"},\"primaryImageOfPage\":{\"@id\":\"https:\/\/portaldoestado.com.br\/index.php\/2026\/03\/07\/eita-lucas-celebra-50-programas-com-edicao-especial-cenario-renovado-e-historias-emocionantes\/#primaryimage\"},\"image\":{\"@id\":\"https:\/\/portaldoestado.com.br\/index.php\/2026\/03\/07\/eita-lucas-celebra-50-programas-com-edicao-especial-cenario-renovado-e-historias-emocionantes\/#primaryimage\"},\"thumbnailUrl\":\"https:\/\/portaldoestado.com.br\/wp-content\/uploads\/2026\/03\/Captura-de-tela-2026-03-07-032728.png\",\"datePublished\":\"2026-03-07T06:38:03+00:00\",\"breadcrumb\":{\"@id\":\"https:\/\/portaldoestado.com.br\/index.php\/2026\/03\/07\/eita-lucas-celebra-50-programas-com-edicao-especial-cenario-renovado-e-historias-emocionantes\/#breadcrumb\"},\"inLanguage\":\"pt-BR\",\"potentialAction\":[{\"@type\":\"ReadAction\",\"target\":[\"https:\/\/portaldoestado.com.br\/index.php\/2026\/03\/07\/eita-lucas-celebra-50-programas-com-edicao-especial-cenario-renovado-e-historias-emocionantes\/\"]}]},{\"@type\":\"ImageObject\",\"inLanguage\":\"pt-BR\",\"@id\":\"https:\/\/portaldoestado.com.br\/index.php\/2026\/03\/07\/eita-lucas-celebra-50-programas-com-edicao-especial-cenario-renovado-e-historias-emocionantes\/#primaryimage\",\"url\":\"https:\/\/portaldoestado.com.br\/wp-content\/uploads\/2026\/03\/Captura-de-tela-2026-03-07-032728.png\",\"contentUrl\":\"https:\/\/portaldoestado.com.br\/wp-content\/uploads\/2026\/03\/Captura-de-tela-2026-03-07-032728.png\",\"width\":531,\"height\":350},{\"@type\":\"BreadcrumbList\",\"@id\":\"https:\/\/portaldoestado.com.br\/index.php\/2026\/03\/07\/eita-lucas-celebra-50-programas-com-edicao-especial-cenario-renovado-e-historias-emocionantes\/#breadcrumb\",\"itemListElement\":[{\"@type\":\"ListItem\",\"position\":1,\"name\":\"In\u00edcio\",\"item\":\"https:\/\/portaldoestado.com.br\/\"},{\"@type\":\"ListItem\",\"position\":2,\"name\":\"\u201cEita Lucas!\u201d celebra 50 programas com edi\u00e7\u00e3o especial, cen\u00e1rio renovado e hist\u00f3rias emocionantes\"}]},{\"@type\":\"WebSite\",\"@id\":\"https:\/\/portaldoestado.com.br\/#website\",\"url\":\"https:\/\/portaldoestado.com.br\/\",\"name\":\"Portal do Estado\",\"description\":\"\",\"publisher\":{\"@id\":\"https:\/\/portaldoestado.com.br\/#organization\"},\"potentialAction\":[{\"@type\":\"SearchAction\",\"target\":{\"@type\":\"EntryPoint\",\"urlTemplate\":\"https:\/\/portaldoestado.com.br\/?s={search_term_string}\"},\"query-input\":{\"@type\":\"PropertyValueSpecification\",\"valueRequired\":true,\"valueName\":\"search_term_string\"}}],\"inLanguage\":\"pt-BR\"},{\"@type\":\"Organization\",\"@id\":\"https:\/\/portaldoestado.com.br\/#organization\",\"name\":\"Portal do Estado\",\"url\":\"https:\/\/portaldoestado.com.br\/\",\"logo\":{\"@type\":\"ImageObject\",\"inLanguage\":\"pt-BR\",\"@id\":\"https:\/\/portaldoestado.com.br\/#\/schema\/logo\/image\/\",\"url\":\"https:\/\/portaldoestado.com.br\/wp-content\/uploads\/2025\/04\/cropped-6f69b19a-6472-43bf-b1b3-e1910bbbd4e8.png\",\"contentUrl\":\"https:\/\/portaldoestado.com.br\/wp-content\/uploads\/2025\/04\/cropped-6f69b19a-6472-43bf-b1b3-e1910bbbd4e8.png\",\"width\":1024,\"height\":350,\"caption\":\"Portal do Estado\"},\"image\":{\"@id\":\"https:\/\/portaldoestado.com.br\/#\/schema\/logo\/image\/\"}},{\"@type\":\"Person\",\"@id\":\"https:\/\/portaldoestado.com.br\/#\/schema\/person\/5ca0174f3c8c84b59da62ea14b698cb9\",\"name\":\"assessoriadefamosos\",\"image\":{\"@type\":\"ImageObject\",\"inLanguage\":\"pt-BR\",\"@id\":\"https:\/\/portaldoestado.com.br\/#\/schema\/person\/image\/\",\"url\":\"https:\/\/secure.gravatar.com\/avatar\/a7acbdffcfbbae7240e59f47fe511ec5f5d8c252c779f0b8d9ab02a9e1d8c5ed?s=96&d=mm&r=g\",\"contentUrl\":\"https:\/\/secure.gravatar.com\/avatar\/a7acbdffcfbbae7240e59f47fe511ec5f5d8c252c779f0b8d9ab02a9e1d8c5ed?s=96&d=mm&r=g\",\"caption\":\"assessoriadefamosos\"},\"url\":\"https:\/\/portaldoestado.com.br\/index.php\/author\/assessoriadefamosos\/\"}]}<\/script>\n<!-- \/ Yoast SEO plugin. -->","yoast_head_json":{"title":"\u201cEita Lucas!\u201d celebra 50 programas com edi\u00e7\u00e3o especial, cen\u00e1rio renovado e hist\u00f3rias emocionantes - Portal do Estado","robots":{"index":"index","follow":"follow","max-snippet":"max-snippet:-1","max-image-preview":"max-image-preview:large","max-video-preview":"max-video-preview:-1"},"canonical":"https:\/\/portaldoestado.com.br\/index.php\/2026\/03\/07\/eita-lucas-celebra-50-programas-com-edicao-especial-cenario-renovado-e-historias-emocionantes\/","og_locale":"pt_BR","og_type":"article","og_title":"\u201cEita Lucas!\u201d celebra 50 programas com edi\u00e7\u00e3o especial, cen\u00e1rio renovado e hist\u00f3rias emocionantes - Portal do Estado","og_description":"O programa Eita Lucas!, comandado por Lucas Guimar\u00e3es, chega a um marco importante neste s\u00e1bado (7). Exibida \u00e0s 14h45 pelo SBT, a atra\u00e7\u00e3o comemora sua 50\u00aa edi\u00e7\u00e3o na televis\u00e3o e tamb\u00e9m celebra um ano desde a estreia, com um epis\u00f3dio especial repleto de novidades, convidados e momentos de emo\u00e7\u00e3o. Para marcar a data, o p\u00fablico \u2026","og_url":"https:\/\/portaldoestado.com.br\/index.php\/2026\/03\/07\/eita-lucas-celebra-50-programas-com-edicao-especial-cenario-renovado-e-historias-emocionantes\/","og_site_name":"Portal do Estado","article_published_time":"2026-03-07T06:38:03+00:00","og_image":[{"width":531,"height":350,"url":"https:\/\/portaldoestado.com.br\/wp-content\/uploads\/2026\/03\/Captura-de-tela-2026-03-07-032728.png","type":"image\/png"}],"author":"assessoriadefamosos","twitter_card":"summary_large_image","twitter_misc":{"Escrito por":"assessoriadefamosos","Est. tempo de leitura":"2 minutos"},"schema":{"@context":"https:\/\/schema.org","@graph":[{"@type":"Article","@id":"https:\/\/portaldoestado.com.br\/index.php\/2026\/03\/07\/eita-lucas-celebra-50-programas-com-edicao-especial-cenario-renovado-e-historias-emocionantes\/#article","isPartOf":{"@id":"https:\/\/portaldoestado.com.br\/index.php\/2026\/03\/07\/eita-lucas-celebra-50-programas-com-edicao-especial-cenario-renovado-e-historias-emocionantes\/"},"author":{"name":"assessoriadefamosos","@id":"https:\/\/portaldoestado.com.br\/#\/schema\/person\/5ca0174f3c8c84b59da62ea14b698cb9"},"headline":"\u201cEita Lucas!\u201d celebra 50 programas com edi\u00e7\u00e3o especial, cen\u00e1rio renovado e hist\u00f3rias emocionantes","datePublished":"2026-03-07T06:38:03+00:00","mainEntityOfPage":{"@id":"https:\/\/portaldoestado.com.br\/index.php\/2026\/03\/07\/eita-lucas-celebra-50-programas-com-edicao-especial-cenario-renovado-e-historias-emocionantes\/"},"wordCount":437,"publisher":{"@id":"https:\/\/portaldoestado.com.br\/#organization"},"image":{"@id":"https:\/\/portaldoestado.com.br\/index.php\/2026\/03\/07\/eita-lucas-celebra-50-programas-com-edicao-especial-cenario-renovado-e-historias-emocionantes\/#primaryimage"},"thumbnailUrl":"https:\/\/portaldoestado.com.br\/wp-content\/uploads\/2026\/03\/Captura-de-tela-2026-03-07-032728.png","articleSection":["Famosos"],"inLanguage":"pt-BR"},{"@type":"WebPage","@id":"https:\/\/portaldoestado.com.br\/index.php\/2026\/03\/07\/eita-lucas-celebra-50-programas-com-edicao-especial-cenario-renovado-e-historias-emocionantes\/","url":"https:\/\/portaldoestado.com.br\/index.php\/2026\/03\/07\/eita-lucas-celebra-50-programas-com-edicao-especial-cenario-renovado-e-historias-emocionantes\/","name":"\u201cEita Lucas!\u201d celebra 50 programas com edi\u00e7\u00e3o especial, cen\u00e1rio renovado e hist\u00f3rias emocionantes - Portal do Estado","isPartOf":{"@id":"https:\/\/portaldoestado.com.br\/#website"},"primaryImageOfPage":{"@id":"https:\/\/portaldoestado.com.br\/index.php\/2026\/03\/07\/eita-lucas-celebra-50-programas-com-edicao-especial-cenario-renovado-e-historias-emocionantes\/#primaryimage"},"image":{"@id":"https:\/\/portaldoestado.com.br\/index.php\/2026\/03\/07\/eita-lucas-celebra-50-programas-com-edicao-especial-cenario-renovado-e-historias-emocionantes\/#primaryimage"},"thumbnailUrl":"https:\/\/portaldoestado.com.br\/wp-content\/uploads\/2026\/03\/Captura-de-tela-2026-03-07-032728.png","datePublished":"2026-03-07T06:38:03+00:00","breadcrumb":{"@id":"https:\/\/portaldoestado.com.br\/index.php\/2026\/03\/07\/eita-lucas-celebra-50-programas-com-edicao-especial-cenario-renovado-e-historias-emocionantes\/#breadcrumb"},"inLanguage":"pt-BR","potentialAction":[{"@type":"ReadAction","target":["https:\/\/portaldoestado.com.br\/index.php\/2026\/03\/07\/eita-lucas-celebra-50-programas-com-edicao-especial-cenario-renovado-e-historias-emocionantes\/"]}]},{"@type":"ImageObject","inLanguage":"pt-BR","@id":"https:\/\/portaldoestado.com.br\/index.php\/2026\/03\/07\/eita-lucas-celebra-50-programas-com-edicao-especial-cenario-renovado-e-historias-emocionantes\/#primaryimage","url":"https:\/\/portaldoestado.com.br\/wp-content\/uploads\/2026\/03\/Captura-de-tela-2026-03-07-032728.png","contentUrl":"https:\/\/portaldoestado.com.br\/wp-content\/uploads\/2026\/03\/Captura-de-tela-2026-03-07-032728.png","width":531,"height":350},{"@type":"BreadcrumbList","@id":"https:\/\/portaldoestado.com.br\/index.php\/2026\/03\/07\/eita-lucas-celebra-50-programas-com-edicao-especial-cenario-renovado-e-historias-emocionantes\/#breadcrumb","itemListElement":[{"@type":"ListItem","position":1,"name":"In\u00edcio","item":"https:\/\/portaldoestado.com.br\/"},{"@type":"ListItem","position":2,"name":"\u201cEita Lucas!\u201d celebra 50 programas com edi\u00e7\u00e3o especial, cen\u00e1rio renovado e hist\u00f3rias emocionantes"}]},{"@type":"WebSite","@id":"https:\/\/portaldoestado.com.br\/#website","url":"https:\/\/portaldoestado.com.br\/","name":"Portal do Estado","description":"","publisher":{"@id":"https:\/\/portaldoestado.com.br\/#organization"},"potentialAction":[{"@type":"SearchAction","target":{"@type":"EntryPoint","urlTemplate":"https:\/\/portaldoestado.com.br\/?s={search_term_string}"},"query-input":{"@type":"PropertyValueSpecification","valueRequired":true,"valueName":"search_term_string"}}],"inLanguage":"pt-BR"},{"@type":"Organization","@id":"https:\/\/portaldoestado.com.br\/#organization","name":"Portal do Estado","url":"https:\/\/portaldoestado.com.br\/","logo":{"@type":"ImageObject","inLanguage":"pt-BR","@id":"https:\/\/portaldoestado.com.br\/#\/schema\/logo\/image\/","url":"https:\/\/portaldoestado.com.br\/wp-content\/uploads\/2025\/04\/cropped-6f69b19a-6472-43bf-b1b3-e1910bbbd4e8.png","contentUrl":"https:\/\/portaldoestado.com.br\/wp-content\/uploads\/2025\/04\/cropped-6f69b19a-6472-43bf-b1b3-e1910bbbd4e8.png","width":1024,"height":350,"caption":"Portal do Estado"},"image":{"@id":"https:\/\/portaldoestado.com.br\/#\/schema\/logo\/image\/"}},{"@type":"Person","@id":"https:\/\/portaldoestado.com.br\/#\/schema\/person\/5ca0174f3c8c84b59da62ea14b698cb9","name":"assessoriadefamosos","image":{"@type":"ImageObject","inLanguage":"pt-BR","@id":"https:\/\/portaldoestado.com.br\/#\/schema\/person\/image\/","url":"https:\/\/secure.gravatar.com\/avatar\/a7acbdffcfbbae7240e59f47fe511ec5f5d8c252c779f0b8d9ab02a9e1d8c5ed?s=96&d=mm&r=g","contentUrl":"https:\/\/secure.gravatar.com\/avatar\/a7acbdffcfbbae7240e59f47fe511ec5f5d8c252c779f0b8d9ab02a9e1d8c5ed?s=96&d=mm&r=g","caption":"assessoriadefamosos"},"url":"https:\/\/portaldoestado.com.br\/index.php\/author\/assessoriadefamosos\/"}]}},"jetpack_featured_media_url":"https:\/\/portaldoestado.com.br\/wp-content\/uploads\/2026\/03\/Captura-de-tela-2026-03-07-032728.png","_links":{"self":[{"href":"https:\/\/portaldoestado.com.br\/index.php\/wp-json\/wp\/v2\/posts\/7059","targetHints":{"allow":["GET"]}}],"collection":[{"href":"https:\/\/portaldoestado.com.br\/index.php\/wp-json\/wp\/v2\/posts"}],"about":[{"href":"https:\/\/portaldoestado.com.br\/index.php\/wp-json\/wp\/v2\/types\/post"}],"author":[{"embeddable":true,"href":"https:\/\/portaldoestado.com.br\/index.php\/wp-json\/wp\/v2\/users\/2"}],"replies":[{"embeddable":true,"href":"https:\/\/portaldoestado.com.br\/index.php\/wp-json\/wp\/v2\/comments?post=7059"}],"version-history":[{"count":1,"href":"https:\/\/portaldoestado.com.br\/index.php\/wp-json\/wp\/v2\/posts\/7059\/revisions"}],"predecessor-version":[{"id":7060,"href":"https:\/\/portaldoestado.com.br\/index.php\/wp-json\/wp\/v2\/posts\/7059\/revisions\/7060"}],"wp:featuredmedia":[{"embeddable":true,"href":"https:\/\/portaldoestado.com.br\/index.php\/wp-json\/wp\/v2\/media\/7058"}],"wp:attachment":[{"href":"https:\/\/portaldoestado.com.br\/index.php\/wp-json\/wp\/v2\/media?parent=7059"}],"wp:term":[{"taxonomy":"category","embeddable":true,"href":"https:\/\/portaldoestado.com.br\/index.php\/wp-json\/wp\/v2\/categories?post=7059"},{"taxonomy":"post_tag","embeddable":true,"href":"https:\/\/portaldoestado.com.br\/index.php\/wp-json\/wp\/v2\/tags?post=7059"}],"curies":[{"name":"wp","href":"https:\/\/api.w.org\/{rel}","templated":true}]}}