{"id":7056,"date":"2026-03-07T03:22:00","date_gmt":"2026-03-07T03:22:00","guid":{"rendered":"https:\/\/portaldoestado.com.br\/?p=7056"},"modified":"2026-03-07T03:22:00","modified_gmt":"2026-03-07T03:22:00","slug":"viih-tube-e-eliezer-voltam-ao-palco-do-domingo-animado","status":"publish","type":"post","link":"https:\/\/portaldoestado.com.br\/index.php\/2026\/03\/07\/viih-tube-e-eliezer-voltam-ao-palco-do-domingo-animado\/","title":{"rendered":"Viih Tube e Eliezer voltam ao palco do \u201cDomingo Animado\u201d"},"content":{"rendered":"\n<p>O\u00a0<strong>\u201cDomingo Animado\u201d<\/strong>\u00a0chega com tudo e recebe novamente dois convidados que conquistaram o p\u00fablico na primeira participa\u00e7\u00e3o:\u00a0<strong>Viih Tube e Eliezer<\/strong>.\u00a0O casal volta aos est\u00fadios do SBT cheio de energia para participar das brincadeiras e animar a manh\u00e3 da crian\u00e7ada.<\/p>\n\n\n\n<p>E eles n\u00e3o v\u00eam sozinhos. A\u00a0<strong>TurmaTube<\/strong>\u00a0tamb\u00e9m marca presen\u00e7a no palco para dan\u00e7ar, brincar e fazer a festa ao lado do p\u00fablico do programa.<\/p>\n\n\n\n<p>Entre as din\u00e2micas do dia est\u00e1 o \u201c<strong>Desafio da Charada\u201d<\/strong>, em que a crian\u00e7ada de casa pode entrar no clima da brincadeira, al\u00e9m da tradicional\u00a0<strong>roleta de pr\u00eamios<\/strong>, que garante muita divers\u00e3o durante a manh\u00e3.<\/p>\n\n\n\n<p>J\u00e1 os desenhos que completam a atra\u00e7\u00e3o s\u00e3o: Batwheels, A Turma da M\u00f4nica\u00a0e Os Jovens Tit\u00e3s em A\u00e7\u00e3o.<\/p>\n\n\n\n<p><strong>\u201cDomingo Animado\u201d \u00e9 exibido todo domingo, \u00e0s 9h (de Bras\u00edlia), no SBT.<\/strong><\/p>\n","protected":false},"excerpt":{"rendered":"<p>O\u00a0\u201cDomingo Animado\u201d\u00a0chega com tudo e recebe novamente dois convidados que conquistaram o p\u00fablico na primeira participa\u00e7\u00e3o:\u00a0Viih Tube e Eliezer.\u00a0O casal volta aos est\u00fadios do SBT cheio de energia para participar das brincadeiras e animar a manh\u00e3 da crian\u00e7ada. E eles n\u00e3o v\u00eam sozinhos. A\u00a0TurmaTube\u00a0tamb\u00e9m marca presen\u00e7a no palco para dan\u00e7ar, brincar e fazer a festa \u2026<\/p>\n","protected":false},"author":2,"featured_media":7055,"comment_status":"closed","ping_status":"open","sticky":false,"template":"","format":"standard","meta":{"footnotes":""},"categories":[3],"tags":[],"class_list":["post-7056","post","type-post","status-publish","format-standard","has-post-thumbnail","hentry","category-famosos"],"yoast_head":"<!-- This site is optimized with the Yoast SEO plugin v25.5 - https:\/\/yoast.com\/wordpress\/plugins\/seo\/ -->\n<title>Viih Tube e Eliezer voltam ao palco do \u201cDomingo Animado\u201d - Portal do Estado<\/title>\n<meta name=\"robots\" content=\"index, follow, max-snippet:-1, max-image-preview:large, max-video-preview:-1\" \/>\n<link rel=\"canonical\" href=\"https:\/\/portaldoestado.com.br\/index.php\/2026\/03\/07\/viih-tube-e-eliezer-voltam-ao-palco-do-domingo-animado\/\" \/>\n<meta property=\"og:locale\" content=\"pt_BR\" \/>\n<meta property=\"og:type\" content=\"article\" \/>\n<meta property=\"og:title\" content=\"Viih Tube e Eliezer voltam ao palco do \u201cDomingo Animado\u201d - Portal do Estado\" \/>\n<meta property=\"og:description\" content=\"O\u00a0\u201cDomingo Animado\u201d\u00a0chega com tudo e recebe novamente dois convidados que conquistaram o p\u00fablico na primeira participa\u00e7\u00e3o:\u00a0Viih Tube e Eliezer.\u00a0O casal volta aos est\u00fadios do SBT cheio de energia para participar das brincadeiras e animar a manh\u00e3 da crian\u00e7ada. E eles n\u00e3o v\u00eam sozinhos. A\u00a0TurmaTube\u00a0tamb\u00e9m marca presen\u00e7a no palco para dan\u00e7ar, brincar e fazer a festa \u2026\" \/>\n<meta property=\"og:url\" content=\"https:\/\/portaldoestado.com.br\/index.php\/2026\/03\/07\/viih-tube-e-eliezer-voltam-ao-palco-do-domingo-animado\/\" \/>\n<meta property=\"og:site_name\" content=\"Portal do Estado\" \/>\n<meta property=\"article:published_time\" content=\"2026-03-07T03:22:00+00:00\" \/>\n<meta property=\"og:image\" content=\"https:\/\/portaldoestado.com.br\/wp-content\/uploads\/2026\/03\/Captura-de-tela-2026-03-07-001344.png\" \/>\n\t<meta property=\"og:image:width\" content=\"1116\" \/>\n\t<meta property=\"og:image:height\" content=\"654\" \/>\n\t<meta property=\"og:image:type\" content=\"image\/png\" \/>\n<meta name=\"author\" content=\"assessoriadefamosos\" \/>\n<meta name=\"twitter:card\" content=\"summary_large_image\" \/>\n<meta name=\"twitter:label1\" content=\"Escrito por\" \/>\n\t<meta name=\"twitter:data1\" content=\"assessoriadefamosos\" \/>\n\t<meta name=\"twitter:label2\" content=\"Est. tempo de leitura\" \/>\n\t<meta name=\"twitter:data2\" content=\"1 minuto\" \/>\n<script type=\"application\/ld+json\" class=\"yoast-schema-graph\">{\"@context\":\"https:\/\/schema.org\",\"@graph\":[{\"@type\":\"Article\",\"@id\":\"https:\/\/portaldoestado.com.br\/index.php\/2026\/03\/07\/viih-tube-e-eliezer-voltam-ao-palco-do-domingo-animado\/#article\",\"isPartOf\":{\"@id\":\"https:\/\/portaldoestado.com.br\/index.php\/2026\/03\/07\/viih-tube-e-eliezer-voltam-ao-palco-do-domingo-animado\/\"},\"author\":{\"name\":\"assessoriadefamosos\",\"@id\":\"https:\/\/portaldoestado.com.br\/#\/schema\/person\/5ca0174f3c8c84b59da62ea14b698cb9\"},\"headline\":\"Viih Tube e Eliezer voltam ao palco do \u201cDomingo Animado\u201d\",\"datePublished\":\"2026-03-07T03:22:00+00:00\",\"mainEntityOfPage\":{\"@id\":\"https:\/\/portaldoestado.com.br\/index.php\/2026\/03\/07\/viih-tube-e-eliezer-voltam-ao-palco-do-domingo-animado\/\"},\"wordCount\":163,\"publisher\":{\"@id\":\"https:\/\/portaldoestado.com.br\/#organization\"},\"image\":{\"@id\":\"https:\/\/portaldoestado.com.br\/index.php\/2026\/03\/07\/viih-tube-e-eliezer-voltam-ao-palco-do-domingo-animado\/#primaryimage\"},\"thumbnailUrl\":\"https:\/\/portaldoestado.com.br\/wp-content\/uploads\/2026\/03\/Captura-de-tela-2026-03-07-001344.png\",\"articleSection\":[\"Famosos\"],\"inLanguage\":\"pt-BR\"},{\"@type\":\"WebPage\",\"@id\":\"https:\/\/portaldoestado.com.br\/index.php\/2026\/03\/07\/viih-tube-e-eliezer-voltam-ao-palco-do-domingo-animado\/\",\"url\":\"https:\/\/portaldoestado.com.br\/index.php\/2026\/03\/07\/viih-tube-e-eliezer-voltam-ao-palco-do-domingo-animado\/\",\"name\":\"Viih Tube e Eliezer voltam ao palco do \u201cDomingo Animado\u201d - Portal do Estado\",\"isPartOf\":{\"@id\":\"https:\/\/portaldoestado.com.br\/#website\"},\"primaryImageOfPage\":{\"@id\":\"https:\/\/portaldoestado.com.br\/index.php\/2026\/03\/07\/viih-tube-e-eliezer-voltam-ao-palco-do-domingo-animado\/#primaryimage\"},\"image\":{\"@id\":\"https:\/\/portaldoestado.com.br\/index.php\/2026\/03\/07\/viih-tube-e-eliezer-voltam-ao-palco-do-domingo-animado\/#primaryimage\"},\"thumbnailUrl\":\"https:\/\/portaldoestado.com.br\/wp-content\/uploads\/2026\/03\/Captura-de-tela-2026-03-07-001344.png\",\"datePublished\":\"2026-03-07T03:22:00+00:00\",\"breadcrumb\":{\"@id\":\"https:\/\/portaldoestado.com.br\/index.php\/2026\/03\/07\/viih-tube-e-eliezer-voltam-ao-palco-do-domingo-animado\/#breadcrumb\"},\"inLanguage\":\"pt-BR\",\"potentialAction\":[{\"@type\":\"ReadAction\",\"target\":[\"https:\/\/portaldoestado.com.br\/index.php\/2026\/03\/07\/viih-tube-e-eliezer-voltam-ao-palco-do-domingo-animado\/\"]}]},{\"@type\":\"ImageObject\",\"inLanguage\":\"pt-BR\",\"@id\":\"https:\/\/portaldoestado.com.br\/index.php\/2026\/03\/07\/viih-tube-e-eliezer-voltam-ao-palco-do-domingo-animado\/#primaryimage\",\"url\":\"https:\/\/portaldoestado.com.br\/wp-content\/uploads\/2026\/03\/Captura-de-tela-2026-03-07-001344.png\",\"contentUrl\":\"https:\/\/portaldoestado.com.br\/wp-content\/uploads\/2026\/03\/Captura-de-tela-2026-03-07-001344.png\",\"width\":1116,\"height\":654},{\"@type\":\"BreadcrumbList\",\"@id\":\"https:\/\/portaldoestado.com.br\/index.php\/2026\/03\/07\/viih-tube-e-eliezer-voltam-ao-palco-do-domingo-animado\/#breadcrumb\",\"itemListElement\":[{\"@type\":\"ListItem\",\"position\":1,\"name\":\"In\u00edcio\",\"item\":\"https:\/\/portaldoestado.com.br\/\"},{\"@type\":\"ListItem\",\"position\":2,\"name\":\"Viih Tube e Eliezer voltam ao palco do \u201cDomingo Animado\u201d\"}]},{\"@type\":\"WebSite\",\"@id\":\"https:\/\/portaldoestado.com.br\/#website\",\"url\":\"https:\/\/portaldoestado.com.br\/\",\"name\":\"Portal do Estado\",\"description\":\"\",\"publisher\":{\"@id\":\"https:\/\/portaldoestado.com.br\/#organization\"},\"potentialAction\":[{\"@type\":\"SearchAction\",\"target\":{\"@type\":\"EntryPoint\",\"urlTemplate\":\"https:\/\/portaldoestado.com.br\/?s={search_term_string}\"},\"query-input\":{\"@type\":\"PropertyValueSpecification\",\"valueRequired\":true,\"valueName\":\"search_term_string\"}}],\"inLanguage\":\"pt-BR\"},{\"@type\":\"Organization\",\"@id\":\"https:\/\/portaldoestado.com.br\/#organization\",\"name\":\"Portal do Estado\",\"url\":\"https:\/\/portaldoestado.com.br\/\",\"logo\":{\"@type\":\"ImageObject\",\"inLanguage\":\"pt-BR\",\"@id\":\"https:\/\/portaldoestado.com.br\/#\/schema\/logo\/image\/\",\"url\":\"https:\/\/portaldoestado.com.br\/wp-content\/uploads\/2025\/04\/cropped-6f69b19a-6472-43bf-b1b3-e1910bbbd4e8.png\",\"contentUrl\":\"https:\/\/portaldoestado.com.br\/wp-content\/uploads\/2025\/04\/cropped-6f69b19a-6472-43bf-b1b3-e1910bbbd4e8.png\",\"width\":1024,\"height\":350,\"caption\":\"Portal do Estado\"},\"image\":{\"@id\":\"https:\/\/portaldoestado.com.br\/#\/schema\/logo\/image\/\"}},{\"@type\":\"Person\",\"@id\":\"https:\/\/portaldoestado.com.br\/#\/schema\/person\/5ca0174f3c8c84b59da62ea14b698cb9\",\"name\":\"assessoriadefamosos\",\"image\":{\"@type\":\"ImageObject\",\"inLanguage\":\"pt-BR\",\"@id\":\"https:\/\/portaldoestado.com.br\/#\/schema\/person\/image\/\",\"url\":\"https:\/\/secure.gravatar.com\/avatar\/a7acbdffcfbbae7240e59f47fe511ec5f5d8c252c779f0b8d9ab02a9e1d8c5ed?s=96&d=mm&r=g\",\"contentUrl\":\"https:\/\/secure.gravatar.com\/avatar\/a7acbdffcfbbae7240e59f47fe511ec5f5d8c252c779f0b8d9ab02a9e1d8c5ed?s=96&d=mm&r=g\",\"caption\":\"assessoriadefamosos\"},\"url\":\"https:\/\/portaldoestado.com.br\/index.php\/author\/assessoriadefamosos\/\"}]}<\/script>\n<!-- \/ Yoast SEO plugin. -->","yoast_head_json":{"title":"Viih Tube e Eliezer voltam ao palco do \u201cDomingo Animado\u201d - Portal do Estado","robots":{"index":"index","follow":"follow","max-snippet":"max-snippet:-1","max-image-preview":"max-image-preview:large","max-video-preview":"max-video-preview:-1"},"canonical":"https:\/\/portaldoestado.com.br\/index.php\/2026\/03\/07\/viih-tube-e-eliezer-voltam-ao-palco-do-domingo-animado\/","og_locale":"pt_BR","og_type":"article","og_title":"Viih Tube e Eliezer voltam ao palco do \u201cDomingo Animado\u201d - Portal do Estado","og_description":"O\u00a0\u201cDomingo Animado\u201d\u00a0chega com tudo e recebe novamente dois convidados que conquistaram o p\u00fablico na primeira participa\u00e7\u00e3o:\u00a0Viih Tube e Eliezer.\u00a0O casal volta aos est\u00fadios do SBT cheio de energia para participar das brincadeiras e animar a manh\u00e3 da crian\u00e7ada. E eles n\u00e3o v\u00eam sozinhos. A\u00a0TurmaTube\u00a0tamb\u00e9m marca presen\u00e7a no palco para dan\u00e7ar, brincar e fazer a festa \u2026","og_url":"https:\/\/portaldoestado.com.br\/index.php\/2026\/03\/07\/viih-tube-e-eliezer-voltam-ao-palco-do-domingo-animado\/","og_site_name":"Portal do Estado","article_published_time":"2026-03-07T03:22:00+00:00","og_image":[{"width":1116,"height":654,"url":"https:\/\/portaldoestado.com.br\/wp-content\/uploads\/2026\/03\/Captura-de-tela-2026-03-07-001344.png","type":"image\/png"}],"author":"assessoriadefamosos","twitter_card":"summary_large_image","twitter_misc":{"Escrito por":"assessoriadefamosos","Est. tempo de leitura":"1 minuto"},"schema":{"@context":"https:\/\/schema.org","@graph":[{"@type":"Article","@id":"https:\/\/portaldoestado.com.br\/index.php\/2026\/03\/07\/viih-tube-e-eliezer-voltam-ao-palco-do-domingo-animado\/#article","isPartOf":{"@id":"https:\/\/portaldoestado.com.br\/index.php\/2026\/03\/07\/viih-tube-e-eliezer-voltam-ao-palco-do-domingo-animado\/"},"author":{"name":"assessoriadefamosos","@id":"https:\/\/portaldoestado.com.br\/#\/schema\/person\/5ca0174f3c8c84b59da62ea14b698cb9"},"headline":"Viih Tube e Eliezer voltam ao palco do \u201cDomingo Animado\u201d","datePublished":"2026-03-07T03:22:00+00:00","mainEntityOfPage":{"@id":"https:\/\/portaldoestado.com.br\/index.php\/2026\/03\/07\/viih-tube-e-eliezer-voltam-ao-palco-do-domingo-animado\/"},"wordCount":163,"publisher":{"@id":"https:\/\/portaldoestado.com.br\/#organization"},"image":{"@id":"https:\/\/portaldoestado.com.br\/index.php\/2026\/03\/07\/viih-tube-e-eliezer-voltam-ao-palco-do-domingo-animado\/#primaryimage"},"thumbnailUrl":"https:\/\/portaldoestado.com.br\/wp-content\/uploads\/2026\/03\/Captura-de-tela-2026-03-07-001344.png","articleSection":["Famosos"],"inLanguage":"pt-BR"},{"@type":"WebPage","@id":"https:\/\/portaldoestado.com.br\/index.php\/2026\/03\/07\/viih-tube-e-eliezer-voltam-ao-palco-do-domingo-animado\/","url":"https:\/\/portaldoestado.com.br\/index.php\/2026\/03\/07\/viih-tube-e-eliezer-voltam-ao-palco-do-domingo-animado\/","name":"Viih Tube e Eliezer voltam ao palco do \u201cDomingo Animado\u201d - Portal do Estado","isPartOf":{"@id":"https:\/\/portaldoestado.com.br\/#website"},"primaryImageOfPage":{"@id":"https:\/\/portaldoestado.com.br\/index.php\/2026\/03\/07\/viih-tube-e-eliezer-voltam-ao-palco-do-domingo-animado\/#primaryimage"},"image":{"@id":"https:\/\/portaldoestado.com.br\/index.php\/2026\/03\/07\/viih-tube-e-eliezer-voltam-ao-palco-do-domingo-animado\/#primaryimage"},"thumbnailUrl":"https:\/\/portaldoestado.com.br\/wp-content\/uploads\/2026\/03\/Captura-de-tela-2026-03-07-001344.png","datePublished":"2026-03-07T03:22:00+00:00","breadcrumb":{"@id":"https:\/\/portaldoestado.com.br\/index.php\/2026\/03\/07\/viih-tube-e-eliezer-voltam-ao-palco-do-domingo-animado\/#breadcrumb"},"inLanguage":"pt-BR","potentialAction":[{"@type":"ReadAction","target":["https:\/\/portaldoestado.com.br\/index.php\/2026\/03\/07\/viih-tube-e-eliezer-voltam-ao-palco-do-domingo-animado\/"]}]},{"@type":"ImageObject","inLanguage":"pt-BR","@id":"https:\/\/portaldoestado.com.br\/index.php\/2026\/03\/07\/viih-tube-e-eliezer-voltam-ao-palco-do-domingo-animado\/#primaryimage","url":"https:\/\/portaldoestado.com.br\/wp-content\/uploads\/2026\/03\/Captura-de-tela-2026-03-07-001344.png","contentUrl":"https:\/\/portaldoestado.com.br\/wp-content\/uploads\/2026\/03\/Captura-de-tela-2026-03-07-001344.png","width":1116,"height":654},{"@type":"BreadcrumbList","@id":"https:\/\/portaldoestado.com.br\/index.php\/2026\/03\/07\/viih-tube-e-eliezer-voltam-ao-palco-do-domingo-animado\/#breadcrumb","itemListElement":[{"@type":"ListItem","position":1,"name":"In\u00edcio","item":"https:\/\/portaldoestado.com.br\/"},{"@type":"ListItem","position":2,"name":"Viih Tube e Eliezer voltam ao palco do \u201cDomingo Animado\u201d"}]},{"@type":"WebSite","@id":"https:\/\/portaldoestado.com.br\/#website","url":"https:\/\/portaldoestado.com.br\/","name":"Portal do Estado","description":"","publisher":{"@id":"https:\/\/portaldoestado.com.br\/#organization"},"potentialAction":[{"@type":"SearchAction","target":{"@type":"EntryPoint","urlTemplate":"https:\/\/portaldoestado.com.br\/?s={search_term_string}"},"query-input":{"@type":"PropertyValueSpecification","valueRequired":true,"valueName":"search_term_string"}}],"inLanguage":"pt-BR"},{"@type":"Organization","@id":"https:\/\/portaldoestado.com.br\/#organization","name":"Portal do Estado","url":"https:\/\/portaldoestado.com.br\/","logo":{"@type":"ImageObject","inLanguage":"pt-BR","@id":"https:\/\/portaldoestado.com.br\/#\/schema\/logo\/image\/","url":"https:\/\/portaldoestado.com.br\/wp-content\/uploads\/2025\/04\/cropped-6f69b19a-6472-43bf-b1b3-e1910bbbd4e8.png","contentUrl":"https:\/\/portaldoestado.com.br\/wp-content\/uploads\/2025\/04\/cropped-6f69b19a-6472-43bf-b1b3-e1910bbbd4e8.png","width":1024,"height":350,"caption":"Portal do Estado"},"image":{"@id":"https:\/\/portaldoestado.com.br\/#\/schema\/logo\/image\/"}},{"@type":"Person","@id":"https:\/\/portaldoestado.com.br\/#\/schema\/person\/5ca0174f3c8c84b59da62ea14b698cb9","name":"assessoriadefamosos","image":{"@type":"ImageObject","inLanguage":"pt-BR","@id":"https:\/\/portaldoestado.com.br\/#\/schema\/person\/image\/","url":"https:\/\/secure.gravatar.com\/avatar\/a7acbdffcfbbae7240e59f47fe511ec5f5d8c252c779f0b8d9ab02a9e1d8c5ed?s=96&d=mm&r=g","contentUrl":"https:\/\/secure.gravatar.com\/avatar\/a7acbdffcfbbae7240e59f47fe511ec5f5d8c252c779f0b8d9ab02a9e1d8c5ed?s=96&d=mm&r=g","caption":"assessoriadefamosos"},"url":"https:\/\/portaldoestado.com.br\/index.php\/author\/assessoriadefamosos\/"}]}},"jetpack_featured_media_url":"https:\/\/portaldoestado.com.br\/wp-content\/uploads\/2026\/03\/Captura-de-tela-2026-03-07-001344.png","_links":{"self":[{"href":"https:\/\/portaldoestado.com.br\/index.php\/wp-json\/wp\/v2\/posts\/7056","targetHints":{"allow":["GET"]}}],"collection":[{"href":"https:\/\/portaldoestado.com.br\/index.php\/wp-json\/wp\/v2\/posts"}],"about":[{"href":"https:\/\/portaldoestado.com.br\/index.php\/wp-json\/wp\/v2\/types\/post"}],"author":[{"embeddable":true,"href":"https:\/\/portaldoestado.com.br\/index.php\/wp-json\/wp\/v2\/users\/2"}],"replies":[{"embeddable":true,"href":"https:\/\/portaldoestado.com.br\/index.php\/wp-json\/wp\/v2\/comments?post=7056"}],"version-history":[{"count":1,"href":"https:\/\/portaldoestado.com.br\/index.php\/wp-json\/wp\/v2\/posts\/7056\/revisions"}],"predecessor-version":[{"id":7057,"href":"https:\/\/portaldoestado.com.br\/index.php\/wp-json\/wp\/v2\/posts\/7056\/revisions\/7057"}],"wp:featuredmedia":[{"embeddable":true,"href":"https:\/\/portaldoestado.com.br\/index.php\/wp-json\/wp\/v2\/media\/7055"}],"wp:attachment":[{"href":"https:\/\/portaldoestado.com.br\/index.php\/wp-json\/wp\/v2\/media?parent=7056"}],"wp:term":[{"taxonomy":"category","embeddable":true,"href":"https:\/\/portaldoestado.com.br\/index.php\/wp-json\/wp\/v2\/categories?post=7056"},{"taxonomy":"post_tag","embeddable":true,"href":"https:\/\/portaldoestado.com.br\/index.php\/wp-json\/wp\/v2\/tags?post=7056"}],"curies":[{"name":"wp","href":"https:\/\/api.w.org\/{rel}","templated":true}]}}