{"id":7050,"date":"2026-03-06T18:29:57","date_gmt":"2026-03-06T18:29:57","guid":{"rendered":"https:\/\/portaldoestado.com.br\/?p=7050"},"modified":"2026-03-06T18:29:57","modified_gmt":"2026-03-06T18:29:57","slug":"camara-do-rio-aprova-medalha-pedro-ernesto-para-o-casarao-do-firmino-reduto-do-samba-na-lapa","status":"publish","type":"post","link":"https:\/\/portaldoestado.com.br\/index.php\/2026\/03\/06\/camara-do-rio-aprova-medalha-pedro-ernesto-para-o-casarao-do-firmino-reduto-do-samba-na-lapa\/","title":{"rendered":"C\u00e2mara do Rio aprova Medalha Pedro Ernesto para o Casar\u00e3o do Firmino, reduto do samba na Lapa"},"content":{"rendered":"\n<p>A C\u00e2mara do Rio aprovou, em sess\u00e3o plen\u00e1ria na ultima ter\u00e7a-feira, dia 3 de mar\u00e7o de 2026, a concess\u00e3o do Conjunto de Medalhas Pedro Ernesto ao Casar\u00e3o do Firmino. Localizado no ber\u00e7o da boemia, na Lapa, o espa\u00e7o \u00e9 reconhecido como um dos pontos mais tradicionais do samba na regi\u00e3o central.<\/p>\n\n\n\n<p>A homenagem \u2014 a mais alta da Casa \u2014 \u00e9 de autoria de Leonel de Esquerda (PT), frequentador declarado do espa\u00e7o que, h\u00e1 anos, mant\u00e9m rodas de samba semanais na Rua da Rela\u00e7\u00e3o.<\/p>\n\n\n\n<p>\u201c\u00c9 um espa\u00e7o de resist\u00eancia e cultura popular. O Casar\u00e3o do Firmino \u00e9 um marco carioca, porque mant\u00e9m viva a tradi\u00e7\u00e3o do samba e das ra\u00edzes da nossa cidade\u201d, afirma o vereador.<\/p>\n\n\n\n<p>Idealizado por Carlos Firmino, o centro cultural \u00e9 conhecido pelas rodas de samba e eventos colaborativos que re\u00fanem artistas, turistas e apaixonados pelo baticum. J\u00e1 passaram pelo \u201cPal\u00e1cio do Samba\u201d artistas como Leci Brand\u00e3o, Jorge Arag\u00e3o, Neguinho da Beija-Flor e Sombrinha, al\u00e9m de novos talentos da m\u00fasica.<\/p>\n\n\n\n<p>Para o empres\u00e1rio Jos\u00e9 Carlos Firmino, que milita h\u00e1 anos no segmento da cultura e do entretenimento no Rio de Janeiro, esse reconhecimento \u00e9 fruto de muito trabalho e dedica\u00e7\u00e3o ao mundo do samba.<\/p>\n\n\n\n<p>\u201c O Casar\u00e3o do Firmino recebe com profunda honra e gratid\u00e3o a aprova\u00e7\u00e3o para a concess\u00e3o do Conjunto de Medalhas Pedro Ernesto pela C\u00e2mara Municipal do Rio de Janeiro.<\/p>\n\n\n\n<p>De acordo com Firmino, \u00e9 a valoriza\u00e7\u00e3o e reconhecimento de um espa\u00e7o cultural que respira o samba, a cultura popular e a resist\u00eancia art\u00edstica que pulsa na Lapa \u2013 ber\u00e7o hist\u00f3rico da boemia do nosso Rio de Janeiro.<\/p>\n\n\n\n<p>Agradecemos ao Vereador Leonel de Esquerda pela iniciativa e sensibilidade em reconhecer um trabalho constru\u00eddo com dedica\u00e7\u00e3o e compromisso com a cultura ao longo dos anos.<\/p>\n\n\n\n<p>Nosso compromisso \u00e9 manter vivas as rodas de samba, fortalecer artistas consagrados e abrir espa\u00e7o para novos talentos.<\/p>\n\n\n\n<p>Esta medalha pertence a todos que fazem parte deste universo: M\u00fasicos, colaboradores e, principalmente, os frequentadores e amantes do samba, que transformam nosso Casar\u00e3o, a cada semana, em um verdadeiro Pal\u00e1cio do Samba. Finalizou Jos\u00e9 Carlos Firmino\u201d<\/p>\n","protected":false},"excerpt":{"rendered":"<p>A C\u00e2mara do Rio aprovou, em sess\u00e3o plen\u00e1ria na ultima ter\u00e7a-feira, dia 3 de mar\u00e7o de 2026, a concess\u00e3o do Conjunto de Medalhas Pedro Ernesto ao Casar\u00e3o do Firmino. Localizado no ber\u00e7o da boemia, na Lapa, o espa\u00e7o \u00e9 reconhecido como um dos pontos mais tradicionais do samba na regi\u00e3o central. A homenagem \u2014 a \u2026<\/p>\n","protected":false},"author":2,"featured_media":7049,"comment_status":"closed","ping_status":"open","sticky":false,"template":"","format":"standard","meta":{"footnotes":""},"categories":[3,4,8],"tags":[],"class_list":["post-7050","post","type-post","status-publish","format-standard","has-post-thumbnail","hentry","category-famosos","category-geral","category-musica"],"yoast_head":"<!-- This site is optimized with the Yoast SEO plugin v25.5 - https:\/\/yoast.com\/wordpress\/plugins\/seo\/ -->\n<title>C\u00e2mara do Rio aprova Medalha Pedro Ernesto para o Casar\u00e3o do Firmino, reduto do samba na Lapa - Portal do Estado<\/title>\n<meta name=\"robots\" content=\"index, follow, max-snippet:-1, max-image-preview:large, max-video-preview:-1\" \/>\n<link rel=\"canonical\" href=\"https:\/\/portaldoestado.com.br\/index.php\/2026\/03\/06\/camara-do-rio-aprova-medalha-pedro-ernesto-para-o-casarao-do-firmino-reduto-do-samba-na-lapa\/\" \/>\n<meta property=\"og:locale\" content=\"pt_BR\" \/>\n<meta property=\"og:type\" content=\"article\" \/>\n<meta property=\"og:title\" content=\"C\u00e2mara do Rio aprova Medalha Pedro Ernesto para o Casar\u00e3o do Firmino, reduto do samba na Lapa - Portal do Estado\" \/>\n<meta property=\"og:description\" content=\"A C\u00e2mara do Rio aprovou, em sess\u00e3o plen\u00e1ria na ultima ter\u00e7a-feira, dia 3 de mar\u00e7o de 2026, a concess\u00e3o do Conjunto de Medalhas Pedro Ernesto ao Casar\u00e3o do Firmino. Localizado no ber\u00e7o da boemia, na Lapa, o espa\u00e7o \u00e9 reconhecido como um dos pontos mais tradicionais do samba na regi\u00e3o central. A homenagem \u2014 a \u2026\" \/>\n<meta property=\"og:url\" content=\"https:\/\/portaldoestado.com.br\/index.php\/2026\/03\/06\/camara-do-rio-aprova-medalha-pedro-ernesto-para-o-casarao-do-firmino-reduto-do-samba-na-lapa\/\" \/>\n<meta property=\"og:site_name\" content=\"Portal do Estado\" \/>\n<meta property=\"article:published_time\" content=\"2026-03-06T18:29:57+00:00\" \/>\n<meta property=\"og:image\" content=\"https:\/\/portaldoestado.com.br\/wp-content\/uploads\/2026\/03\/casarao-Firmino-1000.jpeg\" \/>\n\t<meta property=\"og:image:width\" content=\"798\" \/>\n\t<meta property=\"og:image:height\" content=\"636\" \/>\n\t<meta property=\"og:image:type\" content=\"image\/jpeg\" \/>\n<meta name=\"author\" content=\"assessoriadefamosos\" \/>\n<meta name=\"twitter:card\" content=\"summary_large_image\" \/>\n<meta name=\"twitter:label1\" content=\"Escrito por\" \/>\n\t<meta name=\"twitter:data1\" content=\"assessoriadefamosos\" \/>\n\t<meta name=\"twitter:label2\" content=\"Est. tempo de leitura\" \/>\n\t<meta name=\"twitter:data2\" content=\"2 minutos\" \/>\n<script type=\"application\/ld+json\" class=\"yoast-schema-graph\">{\"@context\":\"https:\/\/schema.org\",\"@graph\":[{\"@type\":\"Article\",\"@id\":\"https:\/\/portaldoestado.com.br\/index.php\/2026\/03\/06\/camara-do-rio-aprova-medalha-pedro-ernesto-para-o-casarao-do-firmino-reduto-do-samba-na-lapa\/#article\",\"isPartOf\":{\"@id\":\"https:\/\/portaldoestado.com.br\/index.php\/2026\/03\/06\/camara-do-rio-aprova-medalha-pedro-ernesto-para-o-casarao-do-firmino-reduto-do-samba-na-lapa\/\"},\"author\":{\"name\":\"assessoriadefamosos\",\"@id\":\"https:\/\/portaldoestado.com.br\/#\/schema\/person\/5ca0174f3c8c84b59da62ea14b698cb9\"},\"headline\":\"C\u00e2mara do Rio aprova Medalha Pedro Ernesto para o Casar\u00e3o do Firmino, reduto do samba na Lapa\",\"datePublished\":\"2026-03-06T18:29:57+00:00\",\"mainEntityOfPage\":{\"@id\":\"https:\/\/portaldoestado.com.br\/index.php\/2026\/03\/06\/camara-do-rio-aprova-medalha-pedro-ernesto-para-o-casarao-do-firmino-reduto-do-samba-na-lapa\/\"},\"wordCount\":394,\"publisher\":{\"@id\":\"https:\/\/portaldoestado.com.br\/#organization\"},\"image\":{\"@id\":\"https:\/\/portaldoestado.com.br\/index.php\/2026\/03\/06\/camara-do-rio-aprova-medalha-pedro-ernesto-para-o-casarao-do-firmino-reduto-do-samba-na-lapa\/#primaryimage\"},\"thumbnailUrl\":\"https:\/\/portaldoestado.com.br\/wp-content\/uploads\/2026\/03\/casarao-Firmino-1000.jpeg\",\"articleSection\":[\"Famosos\",\"Geral\",\"M\u00fasica\"],\"inLanguage\":\"pt-BR\"},{\"@type\":\"WebPage\",\"@id\":\"https:\/\/portaldoestado.com.br\/index.php\/2026\/03\/06\/camara-do-rio-aprova-medalha-pedro-ernesto-para-o-casarao-do-firmino-reduto-do-samba-na-lapa\/\",\"url\":\"https:\/\/portaldoestado.com.br\/index.php\/2026\/03\/06\/camara-do-rio-aprova-medalha-pedro-ernesto-para-o-casarao-do-firmino-reduto-do-samba-na-lapa\/\",\"name\":\"C\u00e2mara do Rio aprova Medalha Pedro Ernesto para o Casar\u00e3o do Firmino, reduto do samba na Lapa - Portal do Estado\",\"isPartOf\":{\"@id\":\"https:\/\/portaldoestado.com.br\/#website\"},\"primaryImageOfPage\":{\"@id\":\"https:\/\/portaldoestado.com.br\/index.php\/2026\/03\/06\/camara-do-rio-aprova-medalha-pedro-ernesto-para-o-casarao-do-firmino-reduto-do-samba-na-lapa\/#primaryimage\"},\"image\":{\"@id\":\"https:\/\/portaldoestado.com.br\/index.php\/2026\/03\/06\/camara-do-rio-aprova-medalha-pedro-ernesto-para-o-casarao-do-firmino-reduto-do-samba-na-lapa\/#primaryimage\"},\"thumbnailUrl\":\"https:\/\/portaldoestado.com.br\/wp-content\/uploads\/2026\/03\/casarao-Firmino-1000.jpeg\",\"datePublished\":\"2026-03-06T18:29:57+00:00\",\"breadcrumb\":{\"@id\":\"https:\/\/portaldoestado.com.br\/index.php\/2026\/03\/06\/camara-do-rio-aprova-medalha-pedro-ernesto-para-o-casarao-do-firmino-reduto-do-samba-na-lapa\/#breadcrumb\"},\"inLanguage\":\"pt-BR\",\"potentialAction\":[{\"@type\":\"ReadAction\",\"target\":[\"https:\/\/portaldoestado.com.br\/index.php\/2026\/03\/06\/camara-do-rio-aprova-medalha-pedro-ernesto-para-o-casarao-do-firmino-reduto-do-samba-na-lapa\/\"]}]},{\"@type\":\"ImageObject\",\"inLanguage\":\"pt-BR\",\"@id\":\"https:\/\/portaldoestado.com.br\/index.php\/2026\/03\/06\/camara-do-rio-aprova-medalha-pedro-ernesto-para-o-casarao-do-firmino-reduto-do-samba-na-lapa\/#primaryimage\",\"url\":\"https:\/\/portaldoestado.com.br\/wp-content\/uploads\/2026\/03\/casarao-Firmino-1000.jpeg\",\"contentUrl\":\"https:\/\/portaldoestado.com.br\/wp-content\/uploads\/2026\/03\/casarao-Firmino-1000.jpeg\",\"width\":798,\"height\":636},{\"@type\":\"BreadcrumbList\",\"@id\":\"https:\/\/portaldoestado.com.br\/index.php\/2026\/03\/06\/camara-do-rio-aprova-medalha-pedro-ernesto-para-o-casarao-do-firmino-reduto-do-samba-na-lapa\/#breadcrumb\",\"itemListElement\":[{\"@type\":\"ListItem\",\"position\":1,\"name\":\"In\u00edcio\",\"item\":\"https:\/\/portaldoestado.com.br\/\"},{\"@type\":\"ListItem\",\"position\":2,\"name\":\"C\u00e2mara do Rio aprova Medalha Pedro Ernesto para o Casar\u00e3o do Firmino, reduto do samba na Lapa\"}]},{\"@type\":\"WebSite\",\"@id\":\"https:\/\/portaldoestado.com.br\/#website\",\"url\":\"https:\/\/portaldoestado.com.br\/\",\"name\":\"Portal do Estado\",\"description\":\"\",\"publisher\":{\"@id\":\"https:\/\/portaldoestado.com.br\/#organization\"},\"potentialAction\":[{\"@type\":\"SearchAction\",\"target\":{\"@type\":\"EntryPoint\",\"urlTemplate\":\"https:\/\/portaldoestado.com.br\/?s={search_term_string}\"},\"query-input\":{\"@type\":\"PropertyValueSpecification\",\"valueRequired\":true,\"valueName\":\"search_term_string\"}}],\"inLanguage\":\"pt-BR\"},{\"@type\":\"Organization\",\"@id\":\"https:\/\/portaldoestado.com.br\/#organization\",\"name\":\"Portal do Estado\",\"url\":\"https:\/\/portaldoestado.com.br\/\",\"logo\":{\"@type\":\"ImageObject\",\"inLanguage\":\"pt-BR\",\"@id\":\"https:\/\/portaldoestado.com.br\/#\/schema\/logo\/image\/\",\"url\":\"https:\/\/portaldoestado.com.br\/wp-content\/uploads\/2025\/04\/cropped-6f69b19a-6472-43bf-b1b3-e1910bbbd4e8.png\",\"contentUrl\":\"https:\/\/portaldoestado.com.br\/wp-content\/uploads\/2025\/04\/cropped-6f69b19a-6472-43bf-b1b3-e1910bbbd4e8.png\",\"width\":1024,\"height\":350,\"caption\":\"Portal do Estado\"},\"image\":{\"@id\":\"https:\/\/portaldoestado.com.br\/#\/schema\/logo\/image\/\"}},{\"@type\":\"Person\",\"@id\":\"https:\/\/portaldoestado.com.br\/#\/schema\/person\/5ca0174f3c8c84b59da62ea14b698cb9\",\"name\":\"assessoriadefamosos\",\"image\":{\"@type\":\"ImageObject\",\"inLanguage\":\"pt-BR\",\"@id\":\"https:\/\/portaldoestado.com.br\/#\/schema\/person\/image\/\",\"url\":\"https:\/\/secure.gravatar.com\/avatar\/a7acbdffcfbbae7240e59f47fe511ec5f5d8c252c779f0b8d9ab02a9e1d8c5ed?s=96&d=mm&r=g\",\"contentUrl\":\"https:\/\/secure.gravatar.com\/avatar\/a7acbdffcfbbae7240e59f47fe511ec5f5d8c252c779f0b8d9ab02a9e1d8c5ed?s=96&d=mm&r=g\",\"caption\":\"assessoriadefamosos\"},\"url\":\"https:\/\/portaldoestado.com.br\/index.php\/author\/assessoriadefamosos\/\"}]}<\/script>\n<!-- \/ Yoast SEO plugin. -->","yoast_head_json":{"title":"C\u00e2mara do Rio aprova Medalha Pedro Ernesto para o Casar\u00e3o do Firmino, reduto do samba na Lapa - Portal do Estado","robots":{"index":"index","follow":"follow","max-snippet":"max-snippet:-1","max-image-preview":"max-image-preview:large","max-video-preview":"max-video-preview:-1"},"canonical":"https:\/\/portaldoestado.com.br\/index.php\/2026\/03\/06\/camara-do-rio-aprova-medalha-pedro-ernesto-para-o-casarao-do-firmino-reduto-do-samba-na-lapa\/","og_locale":"pt_BR","og_type":"article","og_title":"C\u00e2mara do Rio aprova Medalha Pedro Ernesto para o Casar\u00e3o do Firmino, reduto do samba na Lapa - Portal do Estado","og_description":"A C\u00e2mara do Rio aprovou, em sess\u00e3o plen\u00e1ria na ultima ter\u00e7a-feira, dia 3 de mar\u00e7o de 2026, a concess\u00e3o do Conjunto de Medalhas Pedro Ernesto ao Casar\u00e3o do Firmino. Localizado no ber\u00e7o da boemia, na Lapa, o espa\u00e7o \u00e9 reconhecido como um dos pontos mais tradicionais do samba na regi\u00e3o central. A homenagem \u2014 a \u2026","og_url":"https:\/\/portaldoestado.com.br\/index.php\/2026\/03\/06\/camara-do-rio-aprova-medalha-pedro-ernesto-para-o-casarao-do-firmino-reduto-do-samba-na-lapa\/","og_site_name":"Portal do Estado","article_published_time":"2026-03-06T18:29:57+00:00","og_image":[{"width":798,"height":636,"url":"https:\/\/portaldoestado.com.br\/wp-content\/uploads\/2026\/03\/casarao-Firmino-1000.jpeg","type":"image\/jpeg"}],"author":"assessoriadefamosos","twitter_card":"summary_large_image","twitter_misc":{"Escrito por":"assessoriadefamosos","Est. tempo de leitura":"2 minutos"},"schema":{"@context":"https:\/\/schema.org","@graph":[{"@type":"Article","@id":"https:\/\/portaldoestado.com.br\/index.php\/2026\/03\/06\/camara-do-rio-aprova-medalha-pedro-ernesto-para-o-casarao-do-firmino-reduto-do-samba-na-lapa\/#article","isPartOf":{"@id":"https:\/\/portaldoestado.com.br\/index.php\/2026\/03\/06\/camara-do-rio-aprova-medalha-pedro-ernesto-para-o-casarao-do-firmino-reduto-do-samba-na-lapa\/"},"author":{"name":"assessoriadefamosos","@id":"https:\/\/portaldoestado.com.br\/#\/schema\/person\/5ca0174f3c8c84b59da62ea14b698cb9"},"headline":"C\u00e2mara do Rio aprova Medalha Pedro Ernesto para o Casar\u00e3o do Firmino, reduto do samba na Lapa","datePublished":"2026-03-06T18:29:57+00:00","mainEntityOfPage":{"@id":"https:\/\/portaldoestado.com.br\/index.php\/2026\/03\/06\/camara-do-rio-aprova-medalha-pedro-ernesto-para-o-casarao-do-firmino-reduto-do-samba-na-lapa\/"},"wordCount":394,"publisher":{"@id":"https:\/\/portaldoestado.com.br\/#organization"},"image":{"@id":"https:\/\/portaldoestado.com.br\/index.php\/2026\/03\/06\/camara-do-rio-aprova-medalha-pedro-ernesto-para-o-casarao-do-firmino-reduto-do-samba-na-lapa\/#primaryimage"},"thumbnailUrl":"https:\/\/portaldoestado.com.br\/wp-content\/uploads\/2026\/03\/casarao-Firmino-1000.jpeg","articleSection":["Famosos","Geral","M\u00fasica"],"inLanguage":"pt-BR"},{"@type":"WebPage","@id":"https:\/\/portaldoestado.com.br\/index.php\/2026\/03\/06\/camara-do-rio-aprova-medalha-pedro-ernesto-para-o-casarao-do-firmino-reduto-do-samba-na-lapa\/","url":"https:\/\/portaldoestado.com.br\/index.php\/2026\/03\/06\/camara-do-rio-aprova-medalha-pedro-ernesto-para-o-casarao-do-firmino-reduto-do-samba-na-lapa\/","name":"C\u00e2mara do Rio aprova Medalha Pedro Ernesto para o Casar\u00e3o do Firmino, reduto do samba na Lapa - Portal do Estado","isPartOf":{"@id":"https:\/\/portaldoestado.com.br\/#website"},"primaryImageOfPage":{"@id":"https:\/\/portaldoestado.com.br\/index.php\/2026\/03\/06\/camara-do-rio-aprova-medalha-pedro-ernesto-para-o-casarao-do-firmino-reduto-do-samba-na-lapa\/#primaryimage"},"image":{"@id":"https:\/\/portaldoestado.com.br\/index.php\/2026\/03\/06\/camara-do-rio-aprova-medalha-pedro-ernesto-para-o-casarao-do-firmino-reduto-do-samba-na-lapa\/#primaryimage"},"thumbnailUrl":"https:\/\/portaldoestado.com.br\/wp-content\/uploads\/2026\/03\/casarao-Firmino-1000.jpeg","datePublished":"2026-03-06T18:29:57+00:00","breadcrumb":{"@id":"https:\/\/portaldoestado.com.br\/index.php\/2026\/03\/06\/camara-do-rio-aprova-medalha-pedro-ernesto-para-o-casarao-do-firmino-reduto-do-samba-na-lapa\/#breadcrumb"},"inLanguage":"pt-BR","potentialAction":[{"@type":"ReadAction","target":["https:\/\/portaldoestado.com.br\/index.php\/2026\/03\/06\/camara-do-rio-aprova-medalha-pedro-ernesto-para-o-casarao-do-firmino-reduto-do-samba-na-lapa\/"]}]},{"@type":"ImageObject","inLanguage":"pt-BR","@id":"https:\/\/portaldoestado.com.br\/index.php\/2026\/03\/06\/camara-do-rio-aprova-medalha-pedro-ernesto-para-o-casarao-do-firmino-reduto-do-samba-na-lapa\/#primaryimage","url":"https:\/\/portaldoestado.com.br\/wp-content\/uploads\/2026\/03\/casarao-Firmino-1000.jpeg","contentUrl":"https:\/\/portaldoestado.com.br\/wp-content\/uploads\/2026\/03\/casarao-Firmino-1000.jpeg","width":798,"height":636},{"@type":"BreadcrumbList","@id":"https:\/\/portaldoestado.com.br\/index.php\/2026\/03\/06\/camara-do-rio-aprova-medalha-pedro-ernesto-para-o-casarao-do-firmino-reduto-do-samba-na-lapa\/#breadcrumb","itemListElement":[{"@type":"ListItem","position":1,"name":"In\u00edcio","item":"https:\/\/portaldoestado.com.br\/"},{"@type":"ListItem","position":2,"name":"C\u00e2mara do Rio aprova Medalha Pedro Ernesto para o Casar\u00e3o do Firmino, reduto do samba na Lapa"}]},{"@type":"WebSite","@id":"https:\/\/portaldoestado.com.br\/#website","url":"https:\/\/portaldoestado.com.br\/","name":"Portal do Estado","description":"","publisher":{"@id":"https:\/\/portaldoestado.com.br\/#organization"},"potentialAction":[{"@type":"SearchAction","target":{"@type":"EntryPoint","urlTemplate":"https:\/\/portaldoestado.com.br\/?s={search_term_string}"},"query-input":{"@type":"PropertyValueSpecification","valueRequired":true,"valueName":"search_term_string"}}],"inLanguage":"pt-BR"},{"@type":"Organization","@id":"https:\/\/portaldoestado.com.br\/#organization","name":"Portal do Estado","url":"https:\/\/portaldoestado.com.br\/","logo":{"@type":"ImageObject","inLanguage":"pt-BR","@id":"https:\/\/portaldoestado.com.br\/#\/schema\/logo\/image\/","url":"https:\/\/portaldoestado.com.br\/wp-content\/uploads\/2025\/04\/cropped-6f69b19a-6472-43bf-b1b3-e1910bbbd4e8.png","contentUrl":"https:\/\/portaldoestado.com.br\/wp-content\/uploads\/2025\/04\/cropped-6f69b19a-6472-43bf-b1b3-e1910bbbd4e8.png","width":1024,"height":350,"caption":"Portal do Estado"},"image":{"@id":"https:\/\/portaldoestado.com.br\/#\/schema\/logo\/image\/"}},{"@type":"Person","@id":"https:\/\/portaldoestado.com.br\/#\/schema\/person\/5ca0174f3c8c84b59da62ea14b698cb9","name":"assessoriadefamosos","image":{"@type":"ImageObject","inLanguage":"pt-BR","@id":"https:\/\/portaldoestado.com.br\/#\/schema\/person\/image\/","url":"https:\/\/secure.gravatar.com\/avatar\/a7acbdffcfbbae7240e59f47fe511ec5f5d8c252c779f0b8d9ab02a9e1d8c5ed?s=96&d=mm&r=g","contentUrl":"https:\/\/secure.gravatar.com\/avatar\/a7acbdffcfbbae7240e59f47fe511ec5f5d8c252c779f0b8d9ab02a9e1d8c5ed?s=96&d=mm&r=g","caption":"assessoriadefamosos"},"url":"https:\/\/portaldoestado.com.br\/index.php\/author\/assessoriadefamosos\/"}]}},"jetpack_featured_media_url":"https:\/\/portaldoestado.com.br\/wp-content\/uploads\/2026\/03\/casarao-Firmino-1000.jpeg","_links":{"self":[{"href":"https:\/\/portaldoestado.com.br\/index.php\/wp-json\/wp\/v2\/posts\/7050","targetHints":{"allow":["GET"]}}],"collection":[{"href":"https:\/\/portaldoestado.com.br\/index.php\/wp-json\/wp\/v2\/posts"}],"about":[{"href":"https:\/\/portaldoestado.com.br\/index.php\/wp-json\/wp\/v2\/types\/post"}],"author":[{"embeddable":true,"href":"https:\/\/portaldoestado.com.br\/index.php\/wp-json\/wp\/v2\/users\/2"}],"replies":[{"embeddable":true,"href":"https:\/\/portaldoestado.com.br\/index.php\/wp-json\/wp\/v2\/comments?post=7050"}],"version-history":[{"count":1,"href":"https:\/\/portaldoestado.com.br\/index.php\/wp-json\/wp\/v2\/posts\/7050\/revisions"}],"predecessor-version":[{"id":7051,"href":"https:\/\/portaldoestado.com.br\/index.php\/wp-json\/wp\/v2\/posts\/7050\/revisions\/7051"}],"wp:featuredmedia":[{"embeddable":true,"href":"https:\/\/portaldoestado.com.br\/index.php\/wp-json\/wp\/v2\/media\/7049"}],"wp:attachment":[{"href":"https:\/\/portaldoestado.com.br\/index.php\/wp-json\/wp\/v2\/media?parent=7050"}],"wp:term":[{"taxonomy":"category","embeddable":true,"href":"https:\/\/portaldoestado.com.br\/index.php\/wp-json\/wp\/v2\/categories?post=7050"},{"taxonomy":"post_tag","embeddable":true,"href":"https:\/\/portaldoestado.com.br\/index.php\/wp-json\/wp\/v2\/tags?post=7050"}],"curies":[{"name":"wp","href":"https:\/\/api.w.org\/{rel}","templated":true}]}}