{"id":7044,"date":"2026-03-06T05:32:44","date_gmt":"2026-03-06T05:32:44","guid":{"rendered":"https:\/\/portaldoestado.com.br\/?p=7044"},"modified":"2026-03-06T05:32:44","modified_gmt":"2026-03-06T05:32:44","slug":"guilherme-da-dupla-com-benuto-e-flaviana-compartilham-momentos-da-lua-de-mel-em-destinos-paradisiacos","status":"publish","type":"post","link":"https:\/\/portaldoestado.com.br\/index.php\/2026\/03\/06\/guilherme-da-dupla-com-benuto-e-flaviana-compartilham-momentos-da-lua-de-mel-em-destinos-paradisiacos\/","title":{"rendered":"Guilherme, da dupla com Benuto, e Flaviana compartilham momentos da lua de mel em destinos paradis\u00edacos"},"content":{"rendered":"\n<p>Ap\u00f3s protagonizarem um casamento luxuoso e cheio de emo\u00e7\u00e3o, o cantor <strong>Guilherme<\/strong>, que faz dupla com <strong>Benuto<\/strong>, e sua esposa <strong>Flaviana<\/strong> decidiram dividir com os f\u00e3s alguns dos registros da lua de mel. O casal escolheu cen\u00e1rios paradis\u00edacos do Sudeste Asi\u00e1tico para celebrar o in\u00edcio da nova fase juntos.<\/p>\n\n\n\n<p>Entre os destinos visitados est\u00e3o a <strong>Tail\u00e2ndia<\/strong> e a famosa ilha de <strong>Bali<\/strong>, na Indon\u00e9sia, lugares conhecidos pelas paisagens exuberantes, templos hist\u00f3ricos e praias de \u00e1guas cristalinas. Durante a viagem, os rec\u00e9m-casados aproveitaram momentos de descanso, passeios rom\u00e2nticos e experi\u00eancias culturais marcantes.<\/p>\n\n\n\n<p>Nas redes sociais, Guilherme e Flaviana compartilharam fotos que mostram parte da rotina durante a viagem, com cen\u00e1rios de tirar o f\u00f4lego, hospedagens sofisticadas e registros que evidenciam o clima de romance vivido pelo casal.<\/p>\n\n\n\n<p>A viagem simboliza n\u00e3o apenas a celebra\u00e7\u00e3o do casamento, mas tamb\u00e9m a realiza\u00e7\u00e3o de um sonho antigo dos dois, que escolheram destinos bastante procurados por casais em lua de mel.<\/p>\n\n\n\n<p>Os seguidores rapidamente reagiram \u00e0s publica\u00e7\u00f5es, deixando mensagens de carinho e desejando felicidade ao casal nesta nova etapa da vida.<\/p>\n\n\n<!-- wp:image \"id\":106102,\"align\":\"center\" -->\n<figure class=\"wp-block-image aligncenter\"><img decoding=\"async\" src=\"https:\/\/tonafama.ig.com.br\/wp-content\/uploads\/2026\/03\/736192fb-2181-4280-9491-726624bd5c1a-768x1024.jpg\" alt=\"\" class=\"wp-image-106102\"\/><\/figure>\n<!-- \/wp:post-content -->\n\n<!-- wp:image \"id\":106103,\"align\":\"center\" -->\n<figure class=\"wp-block-image aligncenter\"><img decoding=\"async\" src=\"https:\/\/tonafama.ig.com.br\/wp-content\/uploads\/2026\/03\/6b70414a-a9fe-444b-b31f-f210f92c9d30-576x1024.jpg\" alt=\"\" class=\"wp-image-106103\"\/><\/figure>\n<!-- \/wp:image -->","protected":false},"excerpt":{"rendered":"<p>Ap\u00f3s protagonizarem um casamento luxuoso e cheio de emo\u00e7\u00e3o, o cantor Guilherme, que faz dupla com Benuto, e sua esposa Flaviana decidiram dividir com os f\u00e3s alguns dos registros da lua de mel. O casal escolheu cen\u00e1rios paradis\u00edacos do Sudeste Asi\u00e1tico para celebrar o in\u00edcio da nova fase juntos. Entre os destinos visitados est\u00e3o a \u2026<\/p>\n","protected":false},"author":2,"featured_media":7043,"comment_status":"closed","ping_status":"open","sticky":false,"template":"","format":"standard","meta":{"footnotes":""},"categories":[3],"tags":[],"class_list":["post-7044","post","type-post","status-publish","format-standard","has-post-thumbnail","hentry","category-famosos"],"yoast_head":"<!-- This site is optimized with the Yoast SEO plugin v25.5 - https:\/\/yoast.com\/wordpress\/plugins\/seo\/ -->\n<title>Guilherme, da dupla com Benuto, e Flaviana compartilham momentos da lua de mel em destinos paradis\u00edacos - Portal do Estado<\/title>\n<meta name=\"robots\" content=\"index, follow, max-snippet:-1, max-image-preview:large, max-video-preview:-1\" \/>\n<link rel=\"canonical\" href=\"https:\/\/portaldoestado.com.br\/index.php\/2026\/03\/06\/guilherme-da-dupla-com-benuto-e-flaviana-compartilham-momentos-da-lua-de-mel-em-destinos-paradisiacos\/\" \/>\n<meta property=\"og:locale\" content=\"pt_BR\" \/>\n<meta property=\"og:type\" content=\"article\" \/>\n<meta property=\"og:title\" content=\"Guilherme, da dupla com Benuto, e Flaviana compartilham momentos da lua de mel em destinos paradis\u00edacos - Portal do Estado\" \/>\n<meta property=\"og:description\" content=\"Ap\u00f3s protagonizarem um casamento luxuoso e cheio de emo\u00e7\u00e3o, o cantor Guilherme, que faz dupla com Benuto, e sua esposa Flaviana decidiram dividir com os f\u00e3s alguns dos registros da lua de mel. O casal escolheu cen\u00e1rios paradis\u00edacos do Sudeste Asi\u00e1tico para celebrar o in\u00edcio da nova fase juntos. Entre os destinos visitados est\u00e3o a \u2026\" \/>\n<meta property=\"og:url\" content=\"https:\/\/portaldoestado.com.br\/index.php\/2026\/03\/06\/guilherme-da-dupla-com-benuto-e-flaviana-compartilham-momentos-da-lua-de-mel-em-destinos-paradisiacos\/\" \/>\n<meta property=\"og:site_name\" content=\"Portal do Estado\" \/>\n<meta property=\"article:published_time\" content=\"2026-03-06T05:32:44+00:00\" \/>\n<meta property=\"og:image\" content=\"https:\/\/portaldoestado.com.br\/wp-content\/uploads\/2026\/03\/b5d35caf-34ec-4086-a869-84170fbef3b7-e1772774843847-780x470-1.jpg\" \/>\n\t<meta property=\"og:image:width\" content=\"780\" \/>\n\t<meta property=\"og:image:height\" content=\"470\" \/>\n\t<meta property=\"og:image:type\" content=\"image\/jpeg\" \/>\n<meta name=\"author\" content=\"assessoriadefamosos\" \/>\n<meta name=\"twitter:card\" content=\"summary_large_image\" \/>\n<meta name=\"twitter:label1\" content=\"Escrito por\" \/>\n\t<meta name=\"twitter:data1\" content=\"assessoriadefamosos\" \/>\n\t<meta name=\"twitter:label2\" content=\"Est. tempo de leitura\" \/>\n\t<meta name=\"twitter:data2\" content=\"1 minuto\" \/>\n<script type=\"application\/ld+json\" class=\"yoast-schema-graph\">{\"@context\":\"https:\/\/schema.org\",\"@graph\":[{\"@type\":\"Article\",\"@id\":\"https:\/\/portaldoestado.com.br\/index.php\/2026\/03\/06\/guilherme-da-dupla-com-benuto-e-flaviana-compartilham-momentos-da-lua-de-mel-em-destinos-paradisiacos\/#article\",\"isPartOf\":{\"@id\":\"https:\/\/portaldoestado.com.br\/index.php\/2026\/03\/06\/guilherme-da-dupla-com-benuto-e-flaviana-compartilham-momentos-da-lua-de-mel-em-destinos-paradisiacos\/\"},\"author\":{\"name\":\"assessoriadefamosos\",\"@id\":\"https:\/\/portaldoestado.com.br\/#\/schema\/person\/5ca0174f3c8c84b59da62ea14b698cb9\"},\"headline\":\"Guilherme, da dupla com Benuto, e Flaviana compartilham momentos da lua de mel em destinos paradis\u00edacos\",\"datePublished\":\"2026-03-06T05:32:44+00:00\",\"mainEntityOfPage\":{\"@id\":\"https:\/\/portaldoestado.com.br\/index.php\/2026\/03\/06\/guilherme-da-dupla-com-benuto-e-flaviana-compartilham-momentos-da-lua-de-mel-em-destinos-paradisiacos\/\"},\"wordCount\":214,\"publisher\":{\"@id\":\"https:\/\/portaldoestado.com.br\/#organization\"},\"image\":{\"@id\":\"https:\/\/portaldoestado.com.br\/index.php\/2026\/03\/06\/guilherme-da-dupla-com-benuto-e-flaviana-compartilham-momentos-da-lua-de-mel-em-destinos-paradisiacos\/#primaryimage\"},\"thumbnailUrl\":\"https:\/\/portaldoestado.com.br\/wp-content\/uploads\/2026\/03\/b5d35caf-34ec-4086-a869-84170fbef3b7-e1772774843847-780x470-1.jpg\",\"articleSection\":[\"Famosos\"],\"inLanguage\":\"pt-BR\"},{\"@type\":\"WebPage\",\"@id\":\"https:\/\/portaldoestado.com.br\/index.php\/2026\/03\/06\/guilherme-da-dupla-com-benuto-e-flaviana-compartilham-momentos-da-lua-de-mel-em-destinos-paradisiacos\/\",\"url\":\"https:\/\/portaldoestado.com.br\/index.php\/2026\/03\/06\/guilherme-da-dupla-com-benuto-e-flaviana-compartilham-momentos-da-lua-de-mel-em-destinos-paradisiacos\/\",\"name\":\"Guilherme, da dupla com Benuto, e Flaviana compartilham momentos da lua de mel em destinos paradis\u00edacos - Portal do Estado\",\"isPartOf\":{\"@id\":\"https:\/\/portaldoestado.com.br\/#website\"},\"primaryImageOfPage\":{\"@id\":\"https:\/\/portaldoestado.com.br\/index.php\/2026\/03\/06\/guilherme-da-dupla-com-benuto-e-flaviana-compartilham-momentos-da-lua-de-mel-em-destinos-paradisiacos\/#primaryimage\"},\"image\":{\"@id\":\"https:\/\/portaldoestado.com.br\/index.php\/2026\/03\/06\/guilherme-da-dupla-com-benuto-e-flaviana-compartilham-momentos-da-lua-de-mel-em-destinos-paradisiacos\/#primaryimage\"},\"thumbnailUrl\":\"https:\/\/portaldoestado.com.br\/wp-content\/uploads\/2026\/03\/b5d35caf-34ec-4086-a869-84170fbef3b7-e1772774843847-780x470-1.jpg\",\"datePublished\":\"2026-03-06T05:32:44+00:00\",\"breadcrumb\":{\"@id\":\"https:\/\/portaldoestado.com.br\/index.php\/2026\/03\/06\/guilherme-da-dupla-com-benuto-e-flaviana-compartilham-momentos-da-lua-de-mel-em-destinos-paradisiacos\/#breadcrumb\"},\"inLanguage\":\"pt-BR\",\"potentialAction\":[{\"@type\":\"ReadAction\",\"target\":[\"https:\/\/portaldoestado.com.br\/index.php\/2026\/03\/06\/guilherme-da-dupla-com-benuto-e-flaviana-compartilham-momentos-da-lua-de-mel-em-destinos-paradisiacos\/\"]}]},{\"@type\":\"ImageObject\",\"inLanguage\":\"pt-BR\",\"@id\":\"https:\/\/portaldoestado.com.br\/index.php\/2026\/03\/06\/guilherme-da-dupla-com-benuto-e-flaviana-compartilham-momentos-da-lua-de-mel-em-destinos-paradisiacos\/#primaryimage\",\"url\":\"https:\/\/portaldoestado.com.br\/wp-content\/uploads\/2026\/03\/b5d35caf-34ec-4086-a869-84170fbef3b7-e1772774843847-780x470-1.jpg\",\"contentUrl\":\"https:\/\/portaldoestado.com.br\/wp-content\/uploads\/2026\/03\/b5d35caf-34ec-4086-a869-84170fbef3b7-e1772774843847-780x470-1.jpg\",\"width\":780,\"height\":470},{\"@type\":\"BreadcrumbList\",\"@id\":\"https:\/\/portaldoestado.com.br\/index.php\/2026\/03\/06\/guilherme-da-dupla-com-benuto-e-flaviana-compartilham-momentos-da-lua-de-mel-em-destinos-paradisiacos\/#breadcrumb\",\"itemListElement\":[{\"@type\":\"ListItem\",\"position\":1,\"name\":\"In\u00edcio\",\"item\":\"https:\/\/portaldoestado.com.br\/\"},{\"@type\":\"ListItem\",\"position\":2,\"name\":\"Guilherme, da dupla com Benuto, e Flaviana compartilham momentos da lua de mel em destinos paradis\u00edacos\"}]},{\"@type\":\"WebSite\",\"@id\":\"https:\/\/portaldoestado.com.br\/#website\",\"url\":\"https:\/\/portaldoestado.com.br\/\",\"name\":\"Portal do Estado\",\"description\":\"\",\"publisher\":{\"@id\":\"https:\/\/portaldoestado.com.br\/#organization\"},\"potentialAction\":[{\"@type\":\"SearchAction\",\"target\":{\"@type\":\"EntryPoint\",\"urlTemplate\":\"https:\/\/portaldoestado.com.br\/?s={search_term_string}\"},\"query-input\":{\"@type\":\"PropertyValueSpecification\",\"valueRequired\":true,\"valueName\":\"search_term_string\"}}],\"inLanguage\":\"pt-BR\"},{\"@type\":\"Organization\",\"@id\":\"https:\/\/portaldoestado.com.br\/#organization\",\"name\":\"Portal do Estado\",\"url\":\"https:\/\/portaldoestado.com.br\/\",\"logo\":{\"@type\":\"ImageObject\",\"inLanguage\":\"pt-BR\",\"@id\":\"https:\/\/portaldoestado.com.br\/#\/schema\/logo\/image\/\",\"url\":\"https:\/\/portaldoestado.com.br\/wp-content\/uploads\/2025\/04\/cropped-6f69b19a-6472-43bf-b1b3-e1910bbbd4e8.png\",\"contentUrl\":\"https:\/\/portaldoestado.com.br\/wp-content\/uploads\/2025\/04\/cropped-6f69b19a-6472-43bf-b1b3-e1910bbbd4e8.png\",\"width\":1024,\"height\":350,\"caption\":\"Portal do Estado\"},\"image\":{\"@id\":\"https:\/\/portaldoestado.com.br\/#\/schema\/logo\/image\/\"}},{\"@type\":\"Person\",\"@id\":\"https:\/\/portaldoestado.com.br\/#\/schema\/person\/5ca0174f3c8c84b59da62ea14b698cb9\",\"name\":\"assessoriadefamosos\",\"image\":{\"@type\":\"ImageObject\",\"inLanguage\":\"pt-BR\",\"@id\":\"https:\/\/portaldoestado.com.br\/#\/schema\/person\/image\/\",\"url\":\"https:\/\/secure.gravatar.com\/avatar\/a7acbdffcfbbae7240e59f47fe511ec5f5d8c252c779f0b8d9ab02a9e1d8c5ed?s=96&d=mm&r=g\",\"contentUrl\":\"https:\/\/secure.gravatar.com\/avatar\/a7acbdffcfbbae7240e59f47fe511ec5f5d8c252c779f0b8d9ab02a9e1d8c5ed?s=96&d=mm&r=g\",\"caption\":\"assessoriadefamosos\"},\"url\":\"https:\/\/portaldoestado.com.br\/index.php\/author\/assessoriadefamosos\/\"}]}<\/script>\n<!-- \/ Yoast SEO plugin. -->","yoast_head_json":{"title":"Guilherme, da dupla com Benuto, e Flaviana compartilham momentos da lua de mel em destinos paradis\u00edacos - Portal do Estado","robots":{"index":"index","follow":"follow","max-snippet":"max-snippet:-1","max-image-preview":"max-image-preview:large","max-video-preview":"max-video-preview:-1"},"canonical":"https:\/\/portaldoestado.com.br\/index.php\/2026\/03\/06\/guilherme-da-dupla-com-benuto-e-flaviana-compartilham-momentos-da-lua-de-mel-em-destinos-paradisiacos\/","og_locale":"pt_BR","og_type":"article","og_title":"Guilherme, da dupla com Benuto, e Flaviana compartilham momentos da lua de mel em destinos paradis\u00edacos - Portal do Estado","og_description":"Ap\u00f3s protagonizarem um casamento luxuoso e cheio de emo\u00e7\u00e3o, o cantor Guilherme, que faz dupla com Benuto, e sua esposa Flaviana decidiram dividir com os f\u00e3s alguns dos registros da lua de mel. O casal escolheu cen\u00e1rios paradis\u00edacos do Sudeste Asi\u00e1tico para celebrar o in\u00edcio da nova fase juntos. Entre os destinos visitados est\u00e3o a \u2026","og_url":"https:\/\/portaldoestado.com.br\/index.php\/2026\/03\/06\/guilherme-da-dupla-com-benuto-e-flaviana-compartilham-momentos-da-lua-de-mel-em-destinos-paradisiacos\/","og_site_name":"Portal do Estado","article_published_time":"2026-03-06T05:32:44+00:00","og_image":[{"width":780,"height":470,"url":"https:\/\/portaldoestado.com.br\/wp-content\/uploads\/2026\/03\/b5d35caf-34ec-4086-a869-84170fbef3b7-e1772774843847-780x470-1.jpg","type":"image\/jpeg"}],"author":"assessoriadefamosos","twitter_card":"summary_large_image","twitter_misc":{"Escrito por":"assessoriadefamosos","Est. tempo de leitura":"1 minuto"},"schema":{"@context":"https:\/\/schema.org","@graph":[{"@type":"Article","@id":"https:\/\/portaldoestado.com.br\/index.php\/2026\/03\/06\/guilherme-da-dupla-com-benuto-e-flaviana-compartilham-momentos-da-lua-de-mel-em-destinos-paradisiacos\/#article","isPartOf":{"@id":"https:\/\/portaldoestado.com.br\/index.php\/2026\/03\/06\/guilherme-da-dupla-com-benuto-e-flaviana-compartilham-momentos-da-lua-de-mel-em-destinos-paradisiacos\/"},"author":{"name":"assessoriadefamosos","@id":"https:\/\/portaldoestado.com.br\/#\/schema\/person\/5ca0174f3c8c84b59da62ea14b698cb9"},"headline":"Guilherme, da dupla com Benuto, e Flaviana compartilham momentos da lua de mel em destinos paradis\u00edacos","datePublished":"2026-03-06T05:32:44+00:00","mainEntityOfPage":{"@id":"https:\/\/portaldoestado.com.br\/index.php\/2026\/03\/06\/guilherme-da-dupla-com-benuto-e-flaviana-compartilham-momentos-da-lua-de-mel-em-destinos-paradisiacos\/"},"wordCount":214,"publisher":{"@id":"https:\/\/portaldoestado.com.br\/#organization"},"image":{"@id":"https:\/\/portaldoestado.com.br\/index.php\/2026\/03\/06\/guilherme-da-dupla-com-benuto-e-flaviana-compartilham-momentos-da-lua-de-mel-em-destinos-paradisiacos\/#primaryimage"},"thumbnailUrl":"https:\/\/portaldoestado.com.br\/wp-content\/uploads\/2026\/03\/b5d35caf-34ec-4086-a869-84170fbef3b7-e1772774843847-780x470-1.jpg","articleSection":["Famosos"],"inLanguage":"pt-BR"},{"@type":"WebPage","@id":"https:\/\/portaldoestado.com.br\/index.php\/2026\/03\/06\/guilherme-da-dupla-com-benuto-e-flaviana-compartilham-momentos-da-lua-de-mel-em-destinos-paradisiacos\/","url":"https:\/\/portaldoestado.com.br\/index.php\/2026\/03\/06\/guilherme-da-dupla-com-benuto-e-flaviana-compartilham-momentos-da-lua-de-mel-em-destinos-paradisiacos\/","name":"Guilherme, da dupla com Benuto, e Flaviana compartilham momentos da lua de mel em destinos paradis\u00edacos - Portal do Estado","isPartOf":{"@id":"https:\/\/portaldoestado.com.br\/#website"},"primaryImageOfPage":{"@id":"https:\/\/portaldoestado.com.br\/index.php\/2026\/03\/06\/guilherme-da-dupla-com-benuto-e-flaviana-compartilham-momentos-da-lua-de-mel-em-destinos-paradisiacos\/#primaryimage"},"image":{"@id":"https:\/\/portaldoestado.com.br\/index.php\/2026\/03\/06\/guilherme-da-dupla-com-benuto-e-flaviana-compartilham-momentos-da-lua-de-mel-em-destinos-paradisiacos\/#primaryimage"},"thumbnailUrl":"https:\/\/portaldoestado.com.br\/wp-content\/uploads\/2026\/03\/b5d35caf-34ec-4086-a869-84170fbef3b7-e1772774843847-780x470-1.jpg","datePublished":"2026-03-06T05:32:44+00:00","breadcrumb":{"@id":"https:\/\/portaldoestado.com.br\/index.php\/2026\/03\/06\/guilherme-da-dupla-com-benuto-e-flaviana-compartilham-momentos-da-lua-de-mel-em-destinos-paradisiacos\/#breadcrumb"},"inLanguage":"pt-BR","potentialAction":[{"@type":"ReadAction","target":["https:\/\/portaldoestado.com.br\/index.php\/2026\/03\/06\/guilherme-da-dupla-com-benuto-e-flaviana-compartilham-momentos-da-lua-de-mel-em-destinos-paradisiacos\/"]}]},{"@type":"ImageObject","inLanguage":"pt-BR","@id":"https:\/\/portaldoestado.com.br\/index.php\/2026\/03\/06\/guilherme-da-dupla-com-benuto-e-flaviana-compartilham-momentos-da-lua-de-mel-em-destinos-paradisiacos\/#primaryimage","url":"https:\/\/portaldoestado.com.br\/wp-content\/uploads\/2026\/03\/b5d35caf-34ec-4086-a869-84170fbef3b7-e1772774843847-780x470-1.jpg","contentUrl":"https:\/\/portaldoestado.com.br\/wp-content\/uploads\/2026\/03\/b5d35caf-34ec-4086-a869-84170fbef3b7-e1772774843847-780x470-1.jpg","width":780,"height":470},{"@type":"BreadcrumbList","@id":"https:\/\/portaldoestado.com.br\/index.php\/2026\/03\/06\/guilherme-da-dupla-com-benuto-e-flaviana-compartilham-momentos-da-lua-de-mel-em-destinos-paradisiacos\/#breadcrumb","itemListElement":[{"@type":"ListItem","position":1,"name":"In\u00edcio","item":"https:\/\/portaldoestado.com.br\/"},{"@type":"ListItem","position":2,"name":"Guilherme, da dupla com Benuto, e Flaviana compartilham momentos da lua de mel em destinos paradis\u00edacos"}]},{"@type":"WebSite","@id":"https:\/\/portaldoestado.com.br\/#website","url":"https:\/\/portaldoestado.com.br\/","name":"Portal do Estado","description":"","publisher":{"@id":"https:\/\/portaldoestado.com.br\/#organization"},"potentialAction":[{"@type":"SearchAction","target":{"@type":"EntryPoint","urlTemplate":"https:\/\/portaldoestado.com.br\/?s={search_term_string}"},"query-input":{"@type":"PropertyValueSpecification","valueRequired":true,"valueName":"search_term_string"}}],"inLanguage":"pt-BR"},{"@type":"Organization","@id":"https:\/\/portaldoestado.com.br\/#organization","name":"Portal do Estado","url":"https:\/\/portaldoestado.com.br\/","logo":{"@type":"ImageObject","inLanguage":"pt-BR","@id":"https:\/\/portaldoestado.com.br\/#\/schema\/logo\/image\/","url":"https:\/\/portaldoestado.com.br\/wp-content\/uploads\/2025\/04\/cropped-6f69b19a-6472-43bf-b1b3-e1910bbbd4e8.png","contentUrl":"https:\/\/portaldoestado.com.br\/wp-content\/uploads\/2025\/04\/cropped-6f69b19a-6472-43bf-b1b3-e1910bbbd4e8.png","width":1024,"height":350,"caption":"Portal do Estado"},"image":{"@id":"https:\/\/portaldoestado.com.br\/#\/schema\/logo\/image\/"}},{"@type":"Person","@id":"https:\/\/portaldoestado.com.br\/#\/schema\/person\/5ca0174f3c8c84b59da62ea14b698cb9","name":"assessoriadefamosos","image":{"@type":"ImageObject","inLanguage":"pt-BR","@id":"https:\/\/portaldoestado.com.br\/#\/schema\/person\/image\/","url":"https:\/\/secure.gravatar.com\/avatar\/a7acbdffcfbbae7240e59f47fe511ec5f5d8c252c779f0b8d9ab02a9e1d8c5ed?s=96&d=mm&r=g","contentUrl":"https:\/\/secure.gravatar.com\/avatar\/a7acbdffcfbbae7240e59f47fe511ec5f5d8c252c779f0b8d9ab02a9e1d8c5ed?s=96&d=mm&r=g","caption":"assessoriadefamosos"},"url":"https:\/\/portaldoestado.com.br\/index.php\/author\/assessoriadefamosos\/"}]}},"jetpack_featured_media_url":"https:\/\/portaldoestado.com.br\/wp-content\/uploads\/2026\/03\/b5d35caf-34ec-4086-a869-84170fbef3b7-e1772774843847-780x470-1.jpg","_links":{"self":[{"href":"https:\/\/portaldoestado.com.br\/index.php\/wp-json\/wp\/v2\/posts\/7044","targetHints":{"allow":["GET"]}}],"collection":[{"href":"https:\/\/portaldoestado.com.br\/index.php\/wp-json\/wp\/v2\/posts"}],"about":[{"href":"https:\/\/portaldoestado.com.br\/index.php\/wp-json\/wp\/v2\/types\/post"}],"author":[{"embeddable":true,"href":"https:\/\/portaldoestado.com.br\/index.php\/wp-json\/wp\/v2\/users\/2"}],"replies":[{"embeddable":true,"href":"https:\/\/portaldoestado.com.br\/index.php\/wp-json\/wp\/v2\/comments?post=7044"}],"version-history":[{"count":1,"href":"https:\/\/portaldoestado.com.br\/index.php\/wp-json\/wp\/v2\/posts\/7044\/revisions"}],"predecessor-version":[{"id":7045,"href":"https:\/\/portaldoestado.com.br\/index.php\/wp-json\/wp\/v2\/posts\/7044\/revisions\/7045"}],"wp:featuredmedia":[{"embeddable":true,"href":"https:\/\/portaldoestado.com.br\/index.php\/wp-json\/wp\/v2\/media\/7043"}],"wp:attachment":[{"href":"https:\/\/portaldoestado.com.br\/index.php\/wp-json\/wp\/v2\/media?parent=7044"}],"wp:term":[{"taxonomy":"category","embeddable":true,"href":"https:\/\/portaldoestado.com.br\/index.php\/wp-json\/wp\/v2\/categories?post=7044"},{"taxonomy":"post_tag","embeddable":true,"href":"https:\/\/portaldoestado.com.br\/index.php\/wp-json\/wp\/v2\/tags?post=7044"}],"curies":[{"name":"wp","href":"https:\/\/api.w.org\/{rel}","templated":true}]}}