{"id":7038,"date":"2026-03-06T05:23:40","date_gmt":"2026-03-06T05:23:40","guid":{"rendered":"https:\/\/portaldoestado.com.br\/?p=7038"},"modified":"2026-03-06T05:23:40","modified_gmt":"2026-03-06T05:23:40","slug":"virginia-fonseca-cumpre-agenda-especial-na-paris-fashion-week-a-convite-da-balenciaga","status":"publish","type":"post","link":"https:\/\/portaldoestado.com.br\/index.php\/2026\/03\/06\/virginia-fonseca-cumpre-agenda-especial-na-paris-fashion-week-a-convite-da-balenciaga\/","title":{"rendered":"Virginia Fonseca cumpre agenda especial na Paris Fashion Week a convite da Balenciaga"},"content":{"rendered":"\n<p>A influenciadora e empres\u00e1ria Virginia Fonseca embarcou rumo a Paris para marcar presen\u00e7a em uma das semanas de moda mais prestigiadas do mundo, a Paris Fashion Week. A brasileira participa do evento a convite da tradicional casa de moda Balenciaga.<\/p>\n\n\n\n<p>Durante sua passagem pela capital francesa, Virginia ter\u00e1 uma agenda preparada especialmente pela grife. A programa\u00e7\u00e3o come\u00e7a com um jantar exclusivo ao lado de representantes da marca, dando in\u00edcio \u00e0 experi\u00eancia imersiva no universo da Balenciaga.<\/p>\n\n\n\n<p>Entre os compromissos previstos est\u00e1 uma visita aos arquivos hist\u00f3ricos da maison, onde a influenciadora poder\u00e1 conhecer mais sobre a trajet\u00f3ria da marca e o processo criativo desenvolvido por seu fundador, o estilista espanhol Crist\u00f3bal Balenciaga, considerado um dos nomes mais importantes da alta-costura.<\/p>\n\n\n\n<p>Virginia tamb\u00e9m passar\u00e1 pela loja principal da Balenciaga em Paris para definir o look que usar\u00e1 no aguardado desfile da cole\u00e7\u00e3o Inverno 2026, que acontece neste s\u00e1bado (7). No local, ela ainda ter\u00e1 a oportunidade de conferir de perto pe\u00e7as da nova cole\u00e7\u00e3o Ver\u00e3o 2026 da grife.<\/p>\n\n\n\n<p>A presen\u00e7a da influenciadora brasileira refor\u00e7a a crescente participa\u00e7\u00e3o de criadores de conte\u00fado do pa\u00eds nos grandes eventos internacionais de moda, ampliando a visibilidade do Brasil no cen\u00e1rio fashion global.<\/p>\n","protected":false},"excerpt":{"rendered":"<p>A influenciadora e empres\u00e1ria Virginia Fonseca embarcou rumo a Paris para marcar presen\u00e7a em uma das semanas de moda mais prestigiadas do mundo, a Paris Fashion Week. A brasileira participa do evento a convite da tradicional casa de moda Balenciaga. Durante sua passagem pela capital francesa, Virginia ter\u00e1 uma agenda preparada especialmente pela grife. A \u2026<\/p>\n","protected":false},"author":2,"featured_media":7037,"comment_status":"closed","ping_status":"open","sticky":false,"template":"","format":"standard","meta":{"footnotes":""},"categories":[3],"tags":[],"class_list":["post-7038","post","type-post","status-publish","format-standard","has-post-thumbnail","hentry","category-famosos"],"yoast_head":"<!-- This site is optimized with the Yoast SEO plugin v25.5 - https:\/\/yoast.com\/wordpress\/plugins\/seo\/ -->\n<title>Virginia Fonseca cumpre agenda especial na Paris Fashion Week a convite da Balenciaga - Portal do Estado<\/title>\n<meta name=\"robots\" content=\"index, follow, max-snippet:-1, max-image-preview:large, max-video-preview:-1\" \/>\n<link rel=\"canonical\" href=\"https:\/\/portaldoestado.com.br\/index.php\/2026\/03\/06\/virginia-fonseca-cumpre-agenda-especial-na-paris-fashion-week-a-convite-da-balenciaga\/\" \/>\n<meta property=\"og:locale\" content=\"pt_BR\" \/>\n<meta property=\"og:type\" content=\"article\" \/>\n<meta property=\"og:title\" content=\"Virginia Fonseca cumpre agenda especial na Paris Fashion Week a convite da Balenciaga - Portal do Estado\" \/>\n<meta property=\"og:description\" content=\"A influenciadora e empres\u00e1ria Virginia Fonseca embarcou rumo a Paris para marcar presen\u00e7a em uma das semanas de moda mais prestigiadas do mundo, a Paris Fashion Week. A brasileira participa do evento a convite da tradicional casa de moda Balenciaga. Durante sua passagem pela capital francesa, Virginia ter\u00e1 uma agenda preparada especialmente pela grife. A \u2026\" \/>\n<meta property=\"og:url\" content=\"https:\/\/portaldoestado.com.br\/index.php\/2026\/03\/06\/virginia-fonseca-cumpre-agenda-especial-na-paris-fashion-week-a-convite-da-balenciaga\/\" \/>\n<meta property=\"og:site_name\" content=\"Portal do Estado\" \/>\n<meta property=\"article:published_time\" content=\"2026-03-06T05:23:40+00:00\" \/>\n<meta property=\"og:image\" content=\"https:\/\/portaldoestado.com.br\/wp-content\/uploads\/2026\/03\/40d95ba2-5767-49f0-bb14-3126f839de30-e1772774340659-780x470-1.jpg\" \/>\n\t<meta property=\"og:image:width\" content=\"780\" \/>\n\t<meta property=\"og:image:height\" content=\"470\" \/>\n\t<meta property=\"og:image:type\" content=\"image\/jpeg\" \/>\n<meta name=\"author\" content=\"assessoriadefamosos\" \/>\n<meta name=\"twitter:card\" content=\"summary_large_image\" \/>\n<meta name=\"twitter:label1\" content=\"Escrito por\" \/>\n\t<meta name=\"twitter:data1\" content=\"assessoriadefamosos\" \/>\n\t<meta name=\"twitter:label2\" content=\"Est. tempo de leitura\" \/>\n\t<meta name=\"twitter:data2\" content=\"1 minuto\" \/>\n<script type=\"application\/ld+json\" class=\"yoast-schema-graph\">{\"@context\":\"https:\/\/schema.org\",\"@graph\":[{\"@type\":\"Article\",\"@id\":\"https:\/\/portaldoestado.com.br\/index.php\/2026\/03\/06\/virginia-fonseca-cumpre-agenda-especial-na-paris-fashion-week-a-convite-da-balenciaga\/#article\",\"isPartOf\":{\"@id\":\"https:\/\/portaldoestado.com.br\/index.php\/2026\/03\/06\/virginia-fonseca-cumpre-agenda-especial-na-paris-fashion-week-a-convite-da-balenciaga\/\"},\"author\":{\"name\":\"assessoriadefamosos\",\"@id\":\"https:\/\/portaldoestado.com.br\/#\/schema\/person\/5ca0174f3c8c84b59da62ea14b698cb9\"},\"headline\":\"Virginia Fonseca cumpre agenda especial na Paris Fashion Week a convite da Balenciaga\",\"datePublished\":\"2026-03-06T05:23:40+00:00\",\"mainEntityOfPage\":{\"@id\":\"https:\/\/portaldoestado.com.br\/index.php\/2026\/03\/06\/virginia-fonseca-cumpre-agenda-especial-na-paris-fashion-week-a-convite-da-balenciaga\/\"},\"wordCount\":227,\"publisher\":{\"@id\":\"https:\/\/portaldoestado.com.br\/#organization\"},\"image\":{\"@id\":\"https:\/\/portaldoestado.com.br\/index.php\/2026\/03\/06\/virginia-fonseca-cumpre-agenda-especial-na-paris-fashion-week-a-convite-da-balenciaga\/#primaryimage\"},\"thumbnailUrl\":\"https:\/\/portaldoestado.com.br\/wp-content\/uploads\/2026\/03\/40d95ba2-5767-49f0-bb14-3126f839de30-e1772774340659-780x470-1.jpg\",\"articleSection\":[\"Famosos\"],\"inLanguage\":\"pt-BR\"},{\"@type\":\"WebPage\",\"@id\":\"https:\/\/portaldoestado.com.br\/index.php\/2026\/03\/06\/virginia-fonseca-cumpre-agenda-especial-na-paris-fashion-week-a-convite-da-balenciaga\/\",\"url\":\"https:\/\/portaldoestado.com.br\/index.php\/2026\/03\/06\/virginia-fonseca-cumpre-agenda-especial-na-paris-fashion-week-a-convite-da-balenciaga\/\",\"name\":\"Virginia Fonseca cumpre agenda especial na Paris Fashion Week a convite da Balenciaga - Portal do Estado\",\"isPartOf\":{\"@id\":\"https:\/\/portaldoestado.com.br\/#website\"},\"primaryImageOfPage\":{\"@id\":\"https:\/\/portaldoestado.com.br\/index.php\/2026\/03\/06\/virginia-fonseca-cumpre-agenda-especial-na-paris-fashion-week-a-convite-da-balenciaga\/#primaryimage\"},\"image\":{\"@id\":\"https:\/\/portaldoestado.com.br\/index.php\/2026\/03\/06\/virginia-fonseca-cumpre-agenda-especial-na-paris-fashion-week-a-convite-da-balenciaga\/#primaryimage\"},\"thumbnailUrl\":\"https:\/\/portaldoestado.com.br\/wp-content\/uploads\/2026\/03\/40d95ba2-5767-49f0-bb14-3126f839de30-e1772774340659-780x470-1.jpg\",\"datePublished\":\"2026-03-06T05:23:40+00:00\",\"breadcrumb\":{\"@id\":\"https:\/\/portaldoestado.com.br\/index.php\/2026\/03\/06\/virginia-fonseca-cumpre-agenda-especial-na-paris-fashion-week-a-convite-da-balenciaga\/#breadcrumb\"},\"inLanguage\":\"pt-BR\",\"potentialAction\":[{\"@type\":\"ReadAction\",\"target\":[\"https:\/\/portaldoestado.com.br\/index.php\/2026\/03\/06\/virginia-fonseca-cumpre-agenda-especial-na-paris-fashion-week-a-convite-da-balenciaga\/\"]}]},{\"@type\":\"ImageObject\",\"inLanguage\":\"pt-BR\",\"@id\":\"https:\/\/portaldoestado.com.br\/index.php\/2026\/03\/06\/virginia-fonseca-cumpre-agenda-especial-na-paris-fashion-week-a-convite-da-balenciaga\/#primaryimage\",\"url\":\"https:\/\/portaldoestado.com.br\/wp-content\/uploads\/2026\/03\/40d95ba2-5767-49f0-bb14-3126f839de30-e1772774340659-780x470-1.jpg\",\"contentUrl\":\"https:\/\/portaldoestado.com.br\/wp-content\/uploads\/2026\/03\/40d95ba2-5767-49f0-bb14-3126f839de30-e1772774340659-780x470-1.jpg\",\"width\":780,\"height\":470},{\"@type\":\"BreadcrumbList\",\"@id\":\"https:\/\/portaldoestado.com.br\/index.php\/2026\/03\/06\/virginia-fonseca-cumpre-agenda-especial-na-paris-fashion-week-a-convite-da-balenciaga\/#breadcrumb\",\"itemListElement\":[{\"@type\":\"ListItem\",\"position\":1,\"name\":\"In\u00edcio\",\"item\":\"https:\/\/portaldoestado.com.br\/\"},{\"@type\":\"ListItem\",\"position\":2,\"name\":\"Virginia Fonseca cumpre agenda especial na Paris Fashion Week a convite da Balenciaga\"}]},{\"@type\":\"WebSite\",\"@id\":\"https:\/\/portaldoestado.com.br\/#website\",\"url\":\"https:\/\/portaldoestado.com.br\/\",\"name\":\"Portal do Estado\",\"description\":\"\",\"publisher\":{\"@id\":\"https:\/\/portaldoestado.com.br\/#organization\"},\"potentialAction\":[{\"@type\":\"SearchAction\",\"target\":{\"@type\":\"EntryPoint\",\"urlTemplate\":\"https:\/\/portaldoestado.com.br\/?s={search_term_string}\"},\"query-input\":{\"@type\":\"PropertyValueSpecification\",\"valueRequired\":true,\"valueName\":\"search_term_string\"}}],\"inLanguage\":\"pt-BR\"},{\"@type\":\"Organization\",\"@id\":\"https:\/\/portaldoestado.com.br\/#organization\",\"name\":\"Portal do Estado\",\"url\":\"https:\/\/portaldoestado.com.br\/\",\"logo\":{\"@type\":\"ImageObject\",\"inLanguage\":\"pt-BR\",\"@id\":\"https:\/\/portaldoestado.com.br\/#\/schema\/logo\/image\/\",\"url\":\"https:\/\/portaldoestado.com.br\/wp-content\/uploads\/2025\/04\/cropped-6f69b19a-6472-43bf-b1b3-e1910bbbd4e8.png\",\"contentUrl\":\"https:\/\/portaldoestado.com.br\/wp-content\/uploads\/2025\/04\/cropped-6f69b19a-6472-43bf-b1b3-e1910bbbd4e8.png\",\"width\":1024,\"height\":350,\"caption\":\"Portal do Estado\"},\"image\":{\"@id\":\"https:\/\/portaldoestado.com.br\/#\/schema\/logo\/image\/\"}},{\"@type\":\"Person\",\"@id\":\"https:\/\/portaldoestado.com.br\/#\/schema\/person\/5ca0174f3c8c84b59da62ea14b698cb9\",\"name\":\"assessoriadefamosos\",\"image\":{\"@type\":\"ImageObject\",\"inLanguage\":\"pt-BR\",\"@id\":\"https:\/\/portaldoestado.com.br\/#\/schema\/person\/image\/\",\"url\":\"https:\/\/secure.gravatar.com\/avatar\/a7acbdffcfbbae7240e59f47fe511ec5f5d8c252c779f0b8d9ab02a9e1d8c5ed?s=96&d=mm&r=g\",\"contentUrl\":\"https:\/\/secure.gravatar.com\/avatar\/a7acbdffcfbbae7240e59f47fe511ec5f5d8c252c779f0b8d9ab02a9e1d8c5ed?s=96&d=mm&r=g\",\"caption\":\"assessoriadefamosos\"},\"url\":\"https:\/\/portaldoestado.com.br\/index.php\/author\/assessoriadefamosos\/\"}]}<\/script>\n<!-- \/ Yoast SEO plugin. -->","yoast_head_json":{"title":"Virginia Fonseca cumpre agenda especial na Paris Fashion Week a convite da Balenciaga - Portal do Estado","robots":{"index":"index","follow":"follow","max-snippet":"max-snippet:-1","max-image-preview":"max-image-preview:large","max-video-preview":"max-video-preview:-1"},"canonical":"https:\/\/portaldoestado.com.br\/index.php\/2026\/03\/06\/virginia-fonseca-cumpre-agenda-especial-na-paris-fashion-week-a-convite-da-balenciaga\/","og_locale":"pt_BR","og_type":"article","og_title":"Virginia Fonseca cumpre agenda especial na Paris Fashion Week a convite da Balenciaga - Portal do Estado","og_description":"A influenciadora e empres\u00e1ria Virginia Fonseca embarcou rumo a Paris para marcar presen\u00e7a em uma das semanas de moda mais prestigiadas do mundo, a Paris Fashion Week. A brasileira participa do evento a convite da tradicional casa de moda Balenciaga. Durante sua passagem pela capital francesa, Virginia ter\u00e1 uma agenda preparada especialmente pela grife. A \u2026","og_url":"https:\/\/portaldoestado.com.br\/index.php\/2026\/03\/06\/virginia-fonseca-cumpre-agenda-especial-na-paris-fashion-week-a-convite-da-balenciaga\/","og_site_name":"Portal do Estado","article_published_time":"2026-03-06T05:23:40+00:00","og_image":[{"width":780,"height":470,"url":"https:\/\/portaldoestado.com.br\/wp-content\/uploads\/2026\/03\/40d95ba2-5767-49f0-bb14-3126f839de30-e1772774340659-780x470-1.jpg","type":"image\/jpeg"}],"author":"assessoriadefamosos","twitter_card":"summary_large_image","twitter_misc":{"Escrito por":"assessoriadefamosos","Est. tempo de leitura":"1 minuto"},"schema":{"@context":"https:\/\/schema.org","@graph":[{"@type":"Article","@id":"https:\/\/portaldoestado.com.br\/index.php\/2026\/03\/06\/virginia-fonseca-cumpre-agenda-especial-na-paris-fashion-week-a-convite-da-balenciaga\/#article","isPartOf":{"@id":"https:\/\/portaldoestado.com.br\/index.php\/2026\/03\/06\/virginia-fonseca-cumpre-agenda-especial-na-paris-fashion-week-a-convite-da-balenciaga\/"},"author":{"name":"assessoriadefamosos","@id":"https:\/\/portaldoestado.com.br\/#\/schema\/person\/5ca0174f3c8c84b59da62ea14b698cb9"},"headline":"Virginia Fonseca cumpre agenda especial na Paris Fashion Week a convite da Balenciaga","datePublished":"2026-03-06T05:23:40+00:00","mainEntityOfPage":{"@id":"https:\/\/portaldoestado.com.br\/index.php\/2026\/03\/06\/virginia-fonseca-cumpre-agenda-especial-na-paris-fashion-week-a-convite-da-balenciaga\/"},"wordCount":227,"publisher":{"@id":"https:\/\/portaldoestado.com.br\/#organization"},"image":{"@id":"https:\/\/portaldoestado.com.br\/index.php\/2026\/03\/06\/virginia-fonseca-cumpre-agenda-especial-na-paris-fashion-week-a-convite-da-balenciaga\/#primaryimage"},"thumbnailUrl":"https:\/\/portaldoestado.com.br\/wp-content\/uploads\/2026\/03\/40d95ba2-5767-49f0-bb14-3126f839de30-e1772774340659-780x470-1.jpg","articleSection":["Famosos"],"inLanguage":"pt-BR"},{"@type":"WebPage","@id":"https:\/\/portaldoestado.com.br\/index.php\/2026\/03\/06\/virginia-fonseca-cumpre-agenda-especial-na-paris-fashion-week-a-convite-da-balenciaga\/","url":"https:\/\/portaldoestado.com.br\/index.php\/2026\/03\/06\/virginia-fonseca-cumpre-agenda-especial-na-paris-fashion-week-a-convite-da-balenciaga\/","name":"Virginia Fonseca cumpre agenda especial na Paris Fashion Week a convite da Balenciaga - Portal do Estado","isPartOf":{"@id":"https:\/\/portaldoestado.com.br\/#website"},"primaryImageOfPage":{"@id":"https:\/\/portaldoestado.com.br\/index.php\/2026\/03\/06\/virginia-fonseca-cumpre-agenda-especial-na-paris-fashion-week-a-convite-da-balenciaga\/#primaryimage"},"image":{"@id":"https:\/\/portaldoestado.com.br\/index.php\/2026\/03\/06\/virginia-fonseca-cumpre-agenda-especial-na-paris-fashion-week-a-convite-da-balenciaga\/#primaryimage"},"thumbnailUrl":"https:\/\/portaldoestado.com.br\/wp-content\/uploads\/2026\/03\/40d95ba2-5767-49f0-bb14-3126f839de30-e1772774340659-780x470-1.jpg","datePublished":"2026-03-06T05:23:40+00:00","breadcrumb":{"@id":"https:\/\/portaldoestado.com.br\/index.php\/2026\/03\/06\/virginia-fonseca-cumpre-agenda-especial-na-paris-fashion-week-a-convite-da-balenciaga\/#breadcrumb"},"inLanguage":"pt-BR","potentialAction":[{"@type":"ReadAction","target":["https:\/\/portaldoestado.com.br\/index.php\/2026\/03\/06\/virginia-fonseca-cumpre-agenda-especial-na-paris-fashion-week-a-convite-da-balenciaga\/"]}]},{"@type":"ImageObject","inLanguage":"pt-BR","@id":"https:\/\/portaldoestado.com.br\/index.php\/2026\/03\/06\/virginia-fonseca-cumpre-agenda-especial-na-paris-fashion-week-a-convite-da-balenciaga\/#primaryimage","url":"https:\/\/portaldoestado.com.br\/wp-content\/uploads\/2026\/03\/40d95ba2-5767-49f0-bb14-3126f839de30-e1772774340659-780x470-1.jpg","contentUrl":"https:\/\/portaldoestado.com.br\/wp-content\/uploads\/2026\/03\/40d95ba2-5767-49f0-bb14-3126f839de30-e1772774340659-780x470-1.jpg","width":780,"height":470},{"@type":"BreadcrumbList","@id":"https:\/\/portaldoestado.com.br\/index.php\/2026\/03\/06\/virginia-fonseca-cumpre-agenda-especial-na-paris-fashion-week-a-convite-da-balenciaga\/#breadcrumb","itemListElement":[{"@type":"ListItem","position":1,"name":"In\u00edcio","item":"https:\/\/portaldoestado.com.br\/"},{"@type":"ListItem","position":2,"name":"Virginia Fonseca cumpre agenda especial na Paris Fashion Week a convite da Balenciaga"}]},{"@type":"WebSite","@id":"https:\/\/portaldoestado.com.br\/#website","url":"https:\/\/portaldoestado.com.br\/","name":"Portal do Estado","description":"","publisher":{"@id":"https:\/\/portaldoestado.com.br\/#organization"},"potentialAction":[{"@type":"SearchAction","target":{"@type":"EntryPoint","urlTemplate":"https:\/\/portaldoestado.com.br\/?s={search_term_string}"},"query-input":{"@type":"PropertyValueSpecification","valueRequired":true,"valueName":"search_term_string"}}],"inLanguage":"pt-BR"},{"@type":"Organization","@id":"https:\/\/portaldoestado.com.br\/#organization","name":"Portal do Estado","url":"https:\/\/portaldoestado.com.br\/","logo":{"@type":"ImageObject","inLanguage":"pt-BR","@id":"https:\/\/portaldoestado.com.br\/#\/schema\/logo\/image\/","url":"https:\/\/portaldoestado.com.br\/wp-content\/uploads\/2025\/04\/cropped-6f69b19a-6472-43bf-b1b3-e1910bbbd4e8.png","contentUrl":"https:\/\/portaldoestado.com.br\/wp-content\/uploads\/2025\/04\/cropped-6f69b19a-6472-43bf-b1b3-e1910bbbd4e8.png","width":1024,"height":350,"caption":"Portal do Estado"},"image":{"@id":"https:\/\/portaldoestado.com.br\/#\/schema\/logo\/image\/"}},{"@type":"Person","@id":"https:\/\/portaldoestado.com.br\/#\/schema\/person\/5ca0174f3c8c84b59da62ea14b698cb9","name":"assessoriadefamosos","image":{"@type":"ImageObject","inLanguage":"pt-BR","@id":"https:\/\/portaldoestado.com.br\/#\/schema\/person\/image\/","url":"https:\/\/secure.gravatar.com\/avatar\/a7acbdffcfbbae7240e59f47fe511ec5f5d8c252c779f0b8d9ab02a9e1d8c5ed?s=96&d=mm&r=g","contentUrl":"https:\/\/secure.gravatar.com\/avatar\/a7acbdffcfbbae7240e59f47fe511ec5f5d8c252c779f0b8d9ab02a9e1d8c5ed?s=96&d=mm&r=g","caption":"assessoriadefamosos"},"url":"https:\/\/portaldoestado.com.br\/index.php\/author\/assessoriadefamosos\/"}]}},"jetpack_featured_media_url":"https:\/\/portaldoestado.com.br\/wp-content\/uploads\/2026\/03\/40d95ba2-5767-49f0-bb14-3126f839de30-e1772774340659-780x470-1.jpg","_links":{"self":[{"href":"https:\/\/portaldoestado.com.br\/index.php\/wp-json\/wp\/v2\/posts\/7038","targetHints":{"allow":["GET"]}}],"collection":[{"href":"https:\/\/portaldoestado.com.br\/index.php\/wp-json\/wp\/v2\/posts"}],"about":[{"href":"https:\/\/portaldoestado.com.br\/index.php\/wp-json\/wp\/v2\/types\/post"}],"author":[{"embeddable":true,"href":"https:\/\/portaldoestado.com.br\/index.php\/wp-json\/wp\/v2\/users\/2"}],"replies":[{"embeddable":true,"href":"https:\/\/portaldoestado.com.br\/index.php\/wp-json\/wp\/v2\/comments?post=7038"}],"version-history":[{"count":1,"href":"https:\/\/portaldoestado.com.br\/index.php\/wp-json\/wp\/v2\/posts\/7038\/revisions"}],"predecessor-version":[{"id":7039,"href":"https:\/\/portaldoestado.com.br\/index.php\/wp-json\/wp\/v2\/posts\/7038\/revisions\/7039"}],"wp:featuredmedia":[{"embeddable":true,"href":"https:\/\/portaldoestado.com.br\/index.php\/wp-json\/wp\/v2\/media\/7037"}],"wp:attachment":[{"href":"https:\/\/portaldoestado.com.br\/index.php\/wp-json\/wp\/v2\/media?parent=7038"}],"wp:term":[{"taxonomy":"category","embeddable":true,"href":"https:\/\/portaldoestado.com.br\/index.php\/wp-json\/wp\/v2\/categories?post=7038"},{"taxonomy":"post_tag","embeddable":true,"href":"https:\/\/portaldoestado.com.br\/index.php\/wp-json\/wp\/v2\/tags?post=7038"}],"curies":[{"name":"wp","href":"https:\/\/api.w.org\/{rel}","templated":true}]}}