{"id":7035,"date":"2026-03-06T05:18:28","date_gmt":"2026-03-06T05:18:28","guid":{"rendered":"https:\/\/portaldoestado.com.br\/?p=7035"},"modified":"2026-03-06T05:18:28","modified_gmt":"2026-03-06T05:18:28","slug":"mano-walter-lanca-te-encontrei-na-vaquejada-ao-lado-de-talita-mel","status":"publish","type":"post","link":"https:\/\/portaldoestado.com.br\/index.php\/2026\/03\/06\/mano-walter-lanca-te-encontrei-na-vaquejada-ao-lado-de-talita-mel\/","title":{"rendered":"Mano Walter lan\u00e7a \u201cTe Encontrei na Vaquejada\u201d ao lado de Talita Mel"},"content":{"rendered":"\n<p>O cantor Mano Walter apresenta ao p\u00fablico a m\u00fasica in\u00e9dita \u201cTe Encontrei na Vaquejada\u201d, gravada em parceria com a cantora cearense Talita Mel. O lan\u00e7amento chegou \u00e0s plataformas digitais nesta sexta-feira (6) e faz parte do projeto \u201cVer\u00e3o &#038; Waquejada\u201d, trabalho promocional disponibilizado na plataforma Sua M\u00fasica.<\/p>\n\n\n\n<p>O \u00e1lbum re\u00fane 22 can\u00e7\u00f5es e traz, al\u00e9m da nova faixa, outra m\u00fasica in\u00e9dita chamada \u201cMe Sinto Aben\u00e7oado\u201d, que deve ganhar lan\u00e7amento oficial nos servi\u00e7os de streaming em breve. O restante do repert\u00f3rio \u00e9 formado por regrava\u00e7\u00f5es de sucessos que marcaram a carreira do artista.<\/p>\n\n\n\n<p>Para acompanhar o lan\u00e7amento, a m\u00fasica tamb\u00e9m ganhou um videoclipe divulgado no canal oficial de Mano Walter no YouTube. As imagens foram gravadas no Haras Integral Mix e apresentam cen\u00e1rios inspirados na vida rural, com paisagens naturais e elementos que remetem ao universo das vaquejadas.<\/p>\n\n\n\n<p>A proposta do v\u00eddeo \u00e9 destacar o clima das festas tradicionais do Nordeste, unindo romance e anima\u00e7\u00e3o ao som do forr\u00f3. A narrativa acompanha a hist\u00f3ria contada na m\u00fasica, que fala sobre um encontro inesperado durante uma vaquejada.<\/p>\n\n\n\n<p>Com mais de 20 anos de carreira, Mano Walter segue apostando em projetos que refor\u00e7am sua identidade musical e a liga\u00e7\u00e3o com a cultura sertaneja e nordestina. Segundo o cantor, o novo trabalho foi pensado para animar o p\u00fablico durante o ver\u00e3o, reunindo m\u00fasicas que carregam o estilo que consagrou seu nome no g\u00eanero.<\/p>\n","protected":false},"excerpt":{"rendered":"<p>O cantor Mano Walter apresenta ao p\u00fablico a m\u00fasica in\u00e9dita \u201cTe Encontrei na Vaquejada\u201d, gravada em parceria com a cantora cearense Talita Mel. O lan\u00e7amento chegou \u00e0s plataformas digitais nesta sexta-feira (6) e faz parte do projeto \u201cVer\u00e3o &#038; Waquejada\u201d, trabalho promocional disponibilizado na plataforma Sua M\u00fasica. O \u00e1lbum re\u00fane 22 can\u00e7\u00f5es e traz, al\u00e9m \u2026<\/p>\n","protected":false},"author":2,"featured_media":7034,"comment_status":"closed","ping_status":"open","sticky":false,"template":"","format":"standard","meta":{"footnotes":""},"categories":[3],"tags":[],"class_list":["post-7035","post","type-post","status-publish","format-standard","has-post-thumbnail","hentry","category-famosos"],"yoast_head":"<!-- This site is optimized with the Yoast SEO plugin v25.5 - https:\/\/yoast.com\/wordpress\/plugins\/seo\/ -->\n<title>Mano Walter lan\u00e7a \u201cTe Encontrei na Vaquejada\u201d ao lado de Talita Mel - Portal do Estado<\/title>\n<meta name=\"robots\" content=\"index, follow, max-snippet:-1, max-image-preview:large, max-video-preview:-1\" \/>\n<link rel=\"canonical\" href=\"https:\/\/portaldoestado.com.br\/index.php\/2026\/03\/06\/mano-walter-lanca-te-encontrei-na-vaquejada-ao-lado-de-talita-mel\/\" \/>\n<meta property=\"og:locale\" content=\"pt_BR\" \/>\n<meta property=\"og:type\" content=\"article\" \/>\n<meta property=\"og:title\" content=\"Mano Walter lan\u00e7a \u201cTe Encontrei na Vaquejada\u201d ao lado de Talita Mel - Portal do Estado\" \/>\n<meta property=\"og:description\" content=\"O cantor Mano Walter apresenta ao p\u00fablico a m\u00fasica in\u00e9dita \u201cTe Encontrei na Vaquejada\u201d, gravada em parceria com a cantora cearense Talita Mel. O lan\u00e7amento chegou \u00e0s plataformas digitais nesta sexta-feira (6) e faz parte do projeto \u201cVer\u00e3o &amp; Waquejada\u201d, trabalho promocional disponibilizado na plataforma Sua M\u00fasica. O \u00e1lbum re\u00fane 22 can\u00e7\u00f5es e traz, al\u00e9m \u2026\" \/>\n<meta property=\"og:url\" content=\"https:\/\/portaldoestado.com.br\/index.php\/2026\/03\/06\/mano-walter-lanca-te-encontrei-na-vaquejada-ao-lado-de-talita-mel\/\" \/>\n<meta property=\"og:site_name\" content=\"Portal do Estado\" \/>\n<meta property=\"article:published_time\" content=\"2026-03-06T05:18:28+00:00\" \/>\n<meta property=\"og:image\" content=\"https:\/\/portaldoestado.com.br\/wp-content\/uploads\/2026\/03\/Mano-Walter-feat-Talita-Mel-2-scaled-1.jpg\" \/>\n\t<meta property=\"og:image:width\" content=\"2560\" \/>\n\t<meta property=\"og:image:height\" content=\"1706\" \/>\n\t<meta property=\"og:image:type\" content=\"image\/jpeg\" \/>\n<meta name=\"author\" content=\"assessoriadefamosos\" \/>\n<meta name=\"twitter:card\" content=\"summary_large_image\" \/>\n<meta name=\"twitter:label1\" content=\"Escrito por\" \/>\n\t<meta name=\"twitter:data1\" content=\"assessoriadefamosos\" \/>\n\t<meta name=\"twitter:label2\" content=\"Est. tempo de leitura\" \/>\n\t<meta name=\"twitter:data2\" content=\"1 minuto\" \/>\n<script type=\"application\/ld+json\" class=\"yoast-schema-graph\">{\"@context\":\"https:\/\/schema.org\",\"@graph\":[{\"@type\":\"Article\",\"@id\":\"https:\/\/portaldoestado.com.br\/index.php\/2026\/03\/06\/mano-walter-lanca-te-encontrei-na-vaquejada-ao-lado-de-talita-mel\/#article\",\"isPartOf\":{\"@id\":\"https:\/\/portaldoestado.com.br\/index.php\/2026\/03\/06\/mano-walter-lanca-te-encontrei-na-vaquejada-ao-lado-de-talita-mel\/\"},\"author\":{\"name\":\"assessoriadefamosos\",\"@id\":\"https:\/\/portaldoestado.com.br\/#\/schema\/person\/5ca0174f3c8c84b59da62ea14b698cb9\"},\"headline\":\"Mano Walter lan\u00e7a \u201cTe Encontrei na Vaquejada\u201d ao lado de Talita Mel\",\"datePublished\":\"2026-03-06T05:18:28+00:00\",\"mainEntityOfPage\":{\"@id\":\"https:\/\/portaldoestado.com.br\/index.php\/2026\/03\/06\/mano-walter-lanca-te-encontrei-na-vaquejada-ao-lado-de-talita-mel\/\"},\"wordCount\":266,\"publisher\":{\"@id\":\"https:\/\/portaldoestado.com.br\/#organization\"},\"image\":{\"@id\":\"https:\/\/portaldoestado.com.br\/index.php\/2026\/03\/06\/mano-walter-lanca-te-encontrei-na-vaquejada-ao-lado-de-talita-mel\/#primaryimage\"},\"thumbnailUrl\":\"https:\/\/portaldoestado.com.br\/wp-content\/uploads\/2026\/03\/Mano-Walter-feat-Talita-Mel-2-scaled-1.jpg\",\"articleSection\":[\"Famosos\"],\"inLanguage\":\"pt-BR\"},{\"@type\":\"WebPage\",\"@id\":\"https:\/\/portaldoestado.com.br\/index.php\/2026\/03\/06\/mano-walter-lanca-te-encontrei-na-vaquejada-ao-lado-de-talita-mel\/\",\"url\":\"https:\/\/portaldoestado.com.br\/index.php\/2026\/03\/06\/mano-walter-lanca-te-encontrei-na-vaquejada-ao-lado-de-talita-mel\/\",\"name\":\"Mano Walter lan\u00e7a \u201cTe Encontrei na Vaquejada\u201d ao lado de Talita Mel - Portal do Estado\",\"isPartOf\":{\"@id\":\"https:\/\/portaldoestado.com.br\/#website\"},\"primaryImageOfPage\":{\"@id\":\"https:\/\/portaldoestado.com.br\/index.php\/2026\/03\/06\/mano-walter-lanca-te-encontrei-na-vaquejada-ao-lado-de-talita-mel\/#primaryimage\"},\"image\":{\"@id\":\"https:\/\/portaldoestado.com.br\/index.php\/2026\/03\/06\/mano-walter-lanca-te-encontrei-na-vaquejada-ao-lado-de-talita-mel\/#primaryimage\"},\"thumbnailUrl\":\"https:\/\/portaldoestado.com.br\/wp-content\/uploads\/2026\/03\/Mano-Walter-feat-Talita-Mel-2-scaled-1.jpg\",\"datePublished\":\"2026-03-06T05:18:28+00:00\",\"breadcrumb\":{\"@id\":\"https:\/\/portaldoestado.com.br\/index.php\/2026\/03\/06\/mano-walter-lanca-te-encontrei-na-vaquejada-ao-lado-de-talita-mel\/#breadcrumb\"},\"inLanguage\":\"pt-BR\",\"potentialAction\":[{\"@type\":\"ReadAction\",\"target\":[\"https:\/\/portaldoestado.com.br\/index.php\/2026\/03\/06\/mano-walter-lanca-te-encontrei-na-vaquejada-ao-lado-de-talita-mel\/\"]}]},{\"@type\":\"ImageObject\",\"inLanguage\":\"pt-BR\",\"@id\":\"https:\/\/portaldoestado.com.br\/index.php\/2026\/03\/06\/mano-walter-lanca-te-encontrei-na-vaquejada-ao-lado-de-talita-mel\/#primaryimage\",\"url\":\"https:\/\/portaldoestado.com.br\/wp-content\/uploads\/2026\/03\/Mano-Walter-feat-Talita-Mel-2-scaled-1.jpg\",\"contentUrl\":\"https:\/\/portaldoestado.com.br\/wp-content\/uploads\/2026\/03\/Mano-Walter-feat-Talita-Mel-2-scaled-1.jpg\",\"width\":2560,\"height\":1706},{\"@type\":\"BreadcrumbList\",\"@id\":\"https:\/\/portaldoestado.com.br\/index.php\/2026\/03\/06\/mano-walter-lanca-te-encontrei-na-vaquejada-ao-lado-de-talita-mel\/#breadcrumb\",\"itemListElement\":[{\"@type\":\"ListItem\",\"position\":1,\"name\":\"In\u00edcio\",\"item\":\"https:\/\/portaldoestado.com.br\/\"},{\"@type\":\"ListItem\",\"position\":2,\"name\":\"Mano Walter lan\u00e7a \u201cTe Encontrei na Vaquejada\u201d ao lado de Talita Mel\"}]},{\"@type\":\"WebSite\",\"@id\":\"https:\/\/portaldoestado.com.br\/#website\",\"url\":\"https:\/\/portaldoestado.com.br\/\",\"name\":\"Portal do Estado\",\"description\":\"\",\"publisher\":{\"@id\":\"https:\/\/portaldoestado.com.br\/#organization\"},\"potentialAction\":[{\"@type\":\"SearchAction\",\"target\":{\"@type\":\"EntryPoint\",\"urlTemplate\":\"https:\/\/portaldoestado.com.br\/?s={search_term_string}\"},\"query-input\":{\"@type\":\"PropertyValueSpecification\",\"valueRequired\":true,\"valueName\":\"search_term_string\"}}],\"inLanguage\":\"pt-BR\"},{\"@type\":\"Organization\",\"@id\":\"https:\/\/portaldoestado.com.br\/#organization\",\"name\":\"Portal do Estado\",\"url\":\"https:\/\/portaldoestado.com.br\/\",\"logo\":{\"@type\":\"ImageObject\",\"inLanguage\":\"pt-BR\",\"@id\":\"https:\/\/portaldoestado.com.br\/#\/schema\/logo\/image\/\",\"url\":\"https:\/\/portaldoestado.com.br\/wp-content\/uploads\/2025\/04\/cropped-6f69b19a-6472-43bf-b1b3-e1910bbbd4e8.png\",\"contentUrl\":\"https:\/\/portaldoestado.com.br\/wp-content\/uploads\/2025\/04\/cropped-6f69b19a-6472-43bf-b1b3-e1910bbbd4e8.png\",\"width\":1024,\"height\":350,\"caption\":\"Portal do Estado\"},\"image\":{\"@id\":\"https:\/\/portaldoestado.com.br\/#\/schema\/logo\/image\/\"}},{\"@type\":\"Person\",\"@id\":\"https:\/\/portaldoestado.com.br\/#\/schema\/person\/5ca0174f3c8c84b59da62ea14b698cb9\",\"name\":\"assessoriadefamosos\",\"image\":{\"@type\":\"ImageObject\",\"inLanguage\":\"pt-BR\",\"@id\":\"https:\/\/portaldoestado.com.br\/#\/schema\/person\/image\/\",\"url\":\"https:\/\/secure.gravatar.com\/avatar\/a7acbdffcfbbae7240e59f47fe511ec5f5d8c252c779f0b8d9ab02a9e1d8c5ed?s=96&d=mm&r=g\",\"contentUrl\":\"https:\/\/secure.gravatar.com\/avatar\/a7acbdffcfbbae7240e59f47fe511ec5f5d8c252c779f0b8d9ab02a9e1d8c5ed?s=96&d=mm&r=g\",\"caption\":\"assessoriadefamosos\"},\"url\":\"https:\/\/portaldoestado.com.br\/index.php\/author\/assessoriadefamosos\/\"}]}<\/script>\n<!-- \/ Yoast SEO plugin. -->","yoast_head_json":{"title":"Mano Walter lan\u00e7a \u201cTe Encontrei na Vaquejada\u201d ao lado de Talita Mel - Portal do Estado","robots":{"index":"index","follow":"follow","max-snippet":"max-snippet:-1","max-image-preview":"max-image-preview:large","max-video-preview":"max-video-preview:-1"},"canonical":"https:\/\/portaldoestado.com.br\/index.php\/2026\/03\/06\/mano-walter-lanca-te-encontrei-na-vaquejada-ao-lado-de-talita-mel\/","og_locale":"pt_BR","og_type":"article","og_title":"Mano Walter lan\u00e7a \u201cTe Encontrei na Vaquejada\u201d ao lado de Talita Mel - Portal do Estado","og_description":"O cantor Mano Walter apresenta ao p\u00fablico a m\u00fasica in\u00e9dita \u201cTe Encontrei na Vaquejada\u201d, gravada em parceria com a cantora cearense Talita Mel. O lan\u00e7amento chegou \u00e0s plataformas digitais nesta sexta-feira (6) e faz parte do projeto \u201cVer\u00e3o & Waquejada\u201d, trabalho promocional disponibilizado na plataforma Sua M\u00fasica. O \u00e1lbum re\u00fane 22 can\u00e7\u00f5es e traz, al\u00e9m \u2026","og_url":"https:\/\/portaldoestado.com.br\/index.php\/2026\/03\/06\/mano-walter-lanca-te-encontrei-na-vaquejada-ao-lado-de-talita-mel\/","og_site_name":"Portal do Estado","article_published_time":"2026-03-06T05:18:28+00:00","og_image":[{"width":2560,"height":1706,"url":"https:\/\/portaldoestado.com.br\/wp-content\/uploads\/2026\/03\/Mano-Walter-feat-Talita-Mel-2-scaled-1.jpg","type":"image\/jpeg"}],"author":"assessoriadefamosos","twitter_card":"summary_large_image","twitter_misc":{"Escrito por":"assessoriadefamosos","Est. tempo de leitura":"1 minuto"},"schema":{"@context":"https:\/\/schema.org","@graph":[{"@type":"Article","@id":"https:\/\/portaldoestado.com.br\/index.php\/2026\/03\/06\/mano-walter-lanca-te-encontrei-na-vaquejada-ao-lado-de-talita-mel\/#article","isPartOf":{"@id":"https:\/\/portaldoestado.com.br\/index.php\/2026\/03\/06\/mano-walter-lanca-te-encontrei-na-vaquejada-ao-lado-de-talita-mel\/"},"author":{"name":"assessoriadefamosos","@id":"https:\/\/portaldoestado.com.br\/#\/schema\/person\/5ca0174f3c8c84b59da62ea14b698cb9"},"headline":"Mano Walter lan\u00e7a \u201cTe Encontrei na Vaquejada\u201d ao lado de Talita Mel","datePublished":"2026-03-06T05:18:28+00:00","mainEntityOfPage":{"@id":"https:\/\/portaldoestado.com.br\/index.php\/2026\/03\/06\/mano-walter-lanca-te-encontrei-na-vaquejada-ao-lado-de-talita-mel\/"},"wordCount":266,"publisher":{"@id":"https:\/\/portaldoestado.com.br\/#organization"},"image":{"@id":"https:\/\/portaldoestado.com.br\/index.php\/2026\/03\/06\/mano-walter-lanca-te-encontrei-na-vaquejada-ao-lado-de-talita-mel\/#primaryimage"},"thumbnailUrl":"https:\/\/portaldoestado.com.br\/wp-content\/uploads\/2026\/03\/Mano-Walter-feat-Talita-Mel-2-scaled-1.jpg","articleSection":["Famosos"],"inLanguage":"pt-BR"},{"@type":"WebPage","@id":"https:\/\/portaldoestado.com.br\/index.php\/2026\/03\/06\/mano-walter-lanca-te-encontrei-na-vaquejada-ao-lado-de-talita-mel\/","url":"https:\/\/portaldoestado.com.br\/index.php\/2026\/03\/06\/mano-walter-lanca-te-encontrei-na-vaquejada-ao-lado-de-talita-mel\/","name":"Mano Walter lan\u00e7a \u201cTe Encontrei na Vaquejada\u201d ao lado de Talita Mel - Portal do Estado","isPartOf":{"@id":"https:\/\/portaldoestado.com.br\/#website"},"primaryImageOfPage":{"@id":"https:\/\/portaldoestado.com.br\/index.php\/2026\/03\/06\/mano-walter-lanca-te-encontrei-na-vaquejada-ao-lado-de-talita-mel\/#primaryimage"},"image":{"@id":"https:\/\/portaldoestado.com.br\/index.php\/2026\/03\/06\/mano-walter-lanca-te-encontrei-na-vaquejada-ao-lado-de-talita-mel\/#primaryimage"},"thumbnailUrl":"https:\/\/portaldoestado.com.br\/wp-content\/uploads\/2026\/03\/Mano-Walter-feat-Talita-Mel-2-scaled-1.jpg","datePublished":"2026-03-06T05:18:28+00:00","breadcrumb":{"@id":"https:\/\/portaldoestado.com.br\/index.php\/2026\/03\/06\/mano-walter-lanca-te-encontrei-na-vaquejada-ao-lado-de-talita-mel\/#breadcrumb"},"inLanguage":"pt-BR","potentialAction":[{"@type":"ReadAction","target":["https:\/\/portaldoestado.com.br\/index.php\/2026\/03\/06\/mano-walter-lanca-te-encontrei-na-vaquejada-ao-lado-de-talita-mel\/"]}]},{"@type":"ImageObject","inLanguage":"pt-BR","@id":"https:\/\/portaldoestado.com.br\/index.php\/2026\/03\/06\/mano-walter-lanca-te-encontrei-na-vaquejada-ao-lado-de-talita-mel\/#primaryimage","url":"https:\/\/portaldoestado.com.br\/wp-content\/uploads\/2026\/03\/Mano-Walter-feat-Talita-Mel-2-scaled-1.jpg","contentUrl":"https:\/\/portaldoestado.com.br\/wp-content\/uploads\/2026\/03\/Mano-Walter-feat-Talita-Mel-2-scaled-1.jpg","width":2560,"height":1706},{"@type":"BreadcrumbList","@id":"https:\/\/portaldoestado.com.br\/index.php\/2026\/03\/06\/mano-walter-lanca-te-encontrei-na-vaquejada-ao-lado-de-talita-mel\/#breadcrumb","itemListElement":[{"@type":"ListItem","position":1,"name":"In\u00edcio","item":"https:\/\/portaldoestado.com.br\/"},{"@type":"ListItem","position":2,"name":"Mano Walter lan\u00e7a \u201cTe Encontrei na Vaquejada\u201d ao lado de Talita Mel"}]},{"@type":"WebSite","@id":"https:\/\/portaldoestado.com.br\/#website","url":"https:\/\/portaldoestado.com.br\/","name":"Portal do Estado","description":"","publisher":{"@id":"https:\/\/portaldoestado.com.br\/#organization"},"potentialAction":[{"@type":"SearchAction","target":{"@type":"EntryPoint","urlTemplate":"https:\/\/portaldoestado.com.br\/?s={search_term_string}"},"query-input":{"@type":"PropertyValueSpecification","valueRequired":true,"valueName":"search_term_string"}}],"inLanguage":"pt-BR"},{"@type":"Organization","@id":"https:\/\/portaldoestado.com.br\/#organization","name":"Portal do Estado","url":"https:\/\/portaldoestado.com.br\/","logo":{"@type":"ImageObject","inLanguage":"pt-BR","@id":"https:\/\/portaldoestado.com.br\/#\/schema\/logo\/image\/","url":"https:\/\/portaldoestado.com.br\/wp-content\/uploads\/2025\/04\/cropped-6f69b19a-6472-43bf-b1b3-e1910bbbd4e8.png","contentUrl":"https:\/\/portaldoestado.com.br\/wp-content\/uploads\/2025\/04\/cropped-6f69b19a-6472-43bf-b1b3-e1910bbbd4e8.png","width":1024,"height":350,"caption":"Portal do Estado"},"image":{"@id":"https:\/\/portaldoestado.com.br\/#\/schema\/logo\/image\/"}},{"@type":"Person","@id":"https:\/\/portaldoestado.com.br\/#\/schema\/person\/5ca0174f3c8c84b59da62ea14b698cb9","name":"assessoriadefamosos","image":{"@type":"ImageObject","inLanguage":"pt-BR","@id":"https:\/\/portaldoestado.com.br\/#\/schema\/person\/image\/","url":"https:\/\/secure.gravatar.com\/avatar\/a7acbdffcfbbae7240e59f47fe511ec5f5d8c252c779f0b8d9ab02a9e1d8c5ed?s=96&d=mm&r=g","contentUrl":"https:\/\/secure.gravatar.com\/avatar\/a7acbdffcfbbae7240e59f47fe511ec5f5d8c252c779f0b8d9ab02a9e1d8c5ed?s=96&d=mm&r=g","caption":"assessoriadefamosos"},"url":"https:\/\/portaldoestado.com.br\/index.php\/author\/assessoriadefamosos\/"}]}},"jetpack_featured_media_url":"https:\/\/portaldoestado.com.br\/wp-content\/uploads\/2026\/03\/Mano-Walter-feat-Talita-Mel-2-scaled-1.jpg","_links":{"self":[{"href":"https:\/\/portaldoestado.com.br\/index.php\/wp-json\/wp\/v2\/posts\/7035","targetHints":{"allow":["GET"]}}],"collection":[{"href":"https:\/\/portaldoestado.com.br\/index.php\/wp-json\/wp\/v2\/posts"}],"about":[{"href":"https:\/\/portaldoestado.com.br\/index.php\/wp-json\/wp\/v2\/types\/post"}],"author":[{"embeddable":true,"href":"https:\/\/portaldoestado.com.br\/index.php\/wp-json\/wp\/v2\/users\/2"}],"replies":[{"embeddable":true,"href":"https:\/\/portaldoestado.com.br\/index.php\/wp-json\/wp\/v2\/comments?post=7035"}],"version-history":[{"count":1,"href":"https:\/\/portaldoestado.com.br\/index.php\/wp-json\/wp\/v2\/posts\/7035\/revisions"}],"predecessor-version":[{"id":7036,"href":"https:\/\/portaldoestado.com.br\/index.php\/wp-json\/wp\/v2\/posts\/7035\/revisions\/7036"}],"wp:featuredmedia":[{"embeddable":true,"href":"https:\/\/portaldoestado.com.br\/index.php\/wp-json\/wp\/v2\/media\/7034"}],"wp:attachment":[{"href":"https:\/\/portaldoestado.com.br\/index.php\/wp-json\/wp\/v2\/media?parent=7035"}],"wp:term":[{"taxonomy":"category","embeddable":true,"href":"https:\/\/portaldoestado.com.br\/index.php\/wp-json\/wp\/v2\/categories?post=7035"},{"taxonomy":"post_tag","embeddable":true,"href":"https:\/\/portaldoestado.com.br\/index.php\/wp-json\/wp\/v2\/tags?post=7035"}],"curies":[{"name":"wp","href":"https:\/\/api.w.org\/{rel}","templated":true}]}}