{"id":7020,"date":"2026-03-05T15:38:54","date_gmt":"2026-03-05T15:38:54","guid":{"rendered":"https:\/\/portaldoestado.com.br\/?p=7020"},"modified":"2026-03-05T15:38:54","modified_gmt":"2026-03-05T15:38:54","slug":"suzana-pires-e-destaque-na-fliba-2026-idealizada-por-romulo-sales-e-consolida-nova-iguacu-como-capital-literaria-da-baixada","status":"publish","type":"post","link":"https:\/\/portaldoestado.com.br\/index.php\/2026\/03\/05\/suzana-pires-e-destaque-na-fliba-2026-idealizada-por-romulo-sales-e-consolida-nova-iguacu-como-capital-literaria-da-baixada\/","title":{"rendered":"Suzana Pires \u00e9 destaque na Fliba 2026, idealizada por R\u00f4mulo Sales, e consolida Nova Igua\u00e7u como capital liter\u00e1ria da Baixada"},"content":{"rendered":"\n<p>A atriz Suzana Pires \u00e9 um dos grandes nomes confirmados na FLIBA 2026 \u2013 Festa Liter\u00e1ria da Baixada, evento idealizado pelo produtor cultural R\u00f4mulo Sales, que acontece de 08 a 11 de mar\u00e7o, em Nova Igua\u00e7u.<\/p>\n\n\n\n<p>O festival ser\u00e1 realizado no Teatro Nova Igua\u00e7u Petrobras e reafirma o protagonismo da Baixada Fluminense no cen\u00e1rio cultural do estado do Rio de Janeiro.<\/p>\n\n\n\n<p>Com o manifesto \u201cVozes Perif\u00e9ricas: Resist\u00eancia, Afeto e Transforma\u00e7\u00e3o pela Palavra\u201d, a FLIBA 2026 homenageia a poeta e militante L\u00edrian Tabosa (1932\u20132025), s\u00edmbolo da literatura engajada na regi\u00e3o.<\/p>\n\n\n\n<p>Suzana Pires participa por meio da exibi\u00e7\u00e3o de um v\u00eddeo especial na abertura do evento, fortalecendo o di\u00e1logo entre literatura, audiovisual e representatividade feminina.<\/p>\n\n\n\n<p>A programa\u00e7\u00e3o tamb\u00e9m re\u00fane nomes como Nara Takimoto, que apresenta pocket show intimista, e Carol Dall Farra, com recital e declama\u00e7\u00e3o po\u00e9tica, al\u00e9m de escritores, intelectuais e agentes culturais da Baixada.<\/p>\n\n\n\n<p>Segundo o idealizador R\u00f4mulo Sales, a proposta do festival \u00e9 transformar Nova Igua\u00e7u em um polo permanente de reflex\u00e3o, arte e produ\u00e7\u00e3o liter\u00e1ria perif\u00e9rica.<\/p>\n\n\n\n<p>Mais do que um evento liter\u00e1rio, a FLIBA se consolida como um movimento cultural de afirma\u00e7\u00e3o identit\u00e1ria e valoriza\u00e7\u00e3o das vozes que historicamente foram silenciadas.<\/p>\n\n\n\n<p>\u2e3b<\/p>\n\n\n\n<p>\ud83d\udccc SERVI\u00c7O<\/p>\n\n\n\n<p>Evento: FLIBA 2026 \u2013 Festa Liter\u00e1ria da Baixada\nDatas: 08 a 11 de mar\u00e7o de 2026\nLocal: Teatro Nova Igua\u00e7u Petrobras\nEndere\u00e7o: Rua Cel. Bernardino de Melo, 2201 \u2013 Centro \u2013 Nova Igua\u00e7u (RJ)\nHor\u00e1rios:\n\u2022 Domingo (08\/03) \u2013 A partir das 18h\n\u2022 Segunda a Quarta (09 a 11\/03) \u2013 Programa\u00e7\u00e3o a partir das 14h<\/p>\n","protected":false},"excerpt":{"rendered":"<p>A atriz Suzana Pires \u00e9 um dos grandes nomes confirmados na FLIBA 2026 \u2013 Festa Liter\u00e1ria da Baixada, evento idealizado pelo produtor cultural R\u00f4mulo Sales, que acontece de 08 a 11 de mar\u00e7o, em Nova Igua\u00e7u. O festival ser\u00e1 realizado no Teatro Nova Igua\u00e7u Petrobras e reafirma o protagonismo da Baixada Fluminense no cen\u00e1rio cultural \u2026<\/p>\n","protected":false},"author":2,"featured_media":7019,"comment_status":"closed","ping_status":"open","sticky":false,"template":"","format":"standard","meta":{"footnotes":""},"categories":[4],"tags":[],"class_list":["post-7020","post","type-post","status-publish","format-standard","has-post-thumbnail","hentry","category-geral"],"yoast_head":"<!-- This site is optimized with the Yoast SEO plugin v25.5 - https:\/\/yoast.com\/wordpress\/plugins\/seo\/ -->\n<title>Suzana Pires \u00e9 destaque na Fliba 2026, idealizada por R\u00f4mulo Sales, e consolida Nova Igua\u00e7u como capital liter\u00e1ria da Baixada - Portal do Estado<\/title>\n<meta name=\"robots\" content=\"index, follow, max-snippet:-1, max-image-preview:large, max-video-preview:-1\" \/>\n<link rel=\"canonical\" href=\"https:\/\/portaldoestado.com.br\/index.php\/2026\/03\/05\/suzana-pires-e-destaque-na-fliba-2026-idealizada-por-romulo-sales-e-consolida-nova-iguacu-como-capital-literaria-da-baixada\/\" \/>\n<meta property=\"og:locale\" content=\"pt_BR\" \/>\n<meta property=\"og:type\" content=\"article\" \/>\n<meta property=\"og:title\" content=\"Suzana Pires \u00e9 destaque na Fliba 2026, idealizada por R\u00f4mulo Sales, e consolida Nova Igua\u00e7u como capital liter\u00e1ria da Baixada - Portal do Estado\" \/>\n<meta property=\"og:description\" content=\"A atriz Suzana Pires \u00e9 um dos grandes nomes confirmados na FLIBA 2026 \u2013 Festa Liter\u00e1ria da Baixada, evento idealizado pelo produtor cultural R\u00f4mulo Sales, que acontece de 08 a 11 de mar\u00e7o, em Nova Igua\u00e7u. O festival ser\u00e1 realizado no Teatro Nova Igua\u00e7u Petrobras e reafirma o protagonismo da Baixada Fluminense no cen\u00e1rio cultural \u2026\" \/>\n<meta property=\"og:url\" content=\"https:\/\/portaldoestado.com.br\/index.php\/2026\/03\/05\/suzana-pires-e-destaque-na-fliba-2026-idealizada-por-romulo-sales-e-consolida-nova-iguacu-como-capital-literaria-da-baixada\/\" \/>\n<meta property=\"og:site_name\" content=\"Portal do Estado\" \/>\n<meta property=\"article:published_time\" content=\"2026-03-05T15:38:54+00:00\" \/>\n<meta property=\"og:image\" content=\"https:\/\/portaldoestado.com.br\/wp-content\/uploads\/2026\/03\/IMG_8991.jpeg\" \/>\n\t<meta property=\"og:image:width\" content=\"1320\" \/>\n\t<meta property=\"og:image:height\" content=\"843\" \/>\n\t<meta property=\"og:image:type\" content=\"image\/jpeg\" \/>\n<meta name=\"author\" content=\"assessoriadefamosos\" \/>\n<meta name=\"twitter:card\" content=\"summary_large_image\" \/>\n<meta name=\"twitter:label1\" content=\"Escrito por\" \/>\n\t<meta name=\"twitter:data1\" content=\"assessoriadefamosos\" \/>\n\t<meta name=\"twitter:label2\" content=\"Est. tempo de leitura\" \/>\n\t<meta name=\"twitter:data2\" content=\"1 minuto\" \/>\n<script type=\"application\/ld+json\" class=\"yoast-schema-graph\">{\"@context\":\"https:\/\/schema.org\",\"@graph\":[{\"@type\":\"Article\",\"@id\":\"https:\/\/portaldoestado.com.br\/index.php\/2026\/03\/05\/suzana-pires-e-destaque-na-fliba-2026-idealizada-por-romulo-sales-e-consolida-nova-iguacu-como-capital-literaria-da-baixada\/#article\",\"isPartOf\":{\"@id\":\"https:\/\/portaldoestado.com.br\/index.php\/2026\/03\/05\/suzana-pires-e-destaque-na-fliba-2026-idealizada-por-romulo-sales-e-consolida-nova-iguacu-como-capital-literaria-da-baixada\/\"},\"author\":{\"name\":\"assessoriadefamosos\",\"@id\":\"https:\/\/portaldoestado.com.br\/#\/schema\/person\/5ca0174f3c8c84b59da62ea14b698cb9\"},\"headline\":\"Suzana Pires \u00e9 destaque na Fliba 2026, idealizada por R\u00f4mulo Sales, e consolida Nova Igua\u00e7u como capital liter\u00e1ria da Baixada\",\"datePublished\":\"2026-03-05T15:38:54+00:00\",\"mainEntityOfPage\":{\"@id\":\"https:\/\/portaldoestado.com.br\/index.php\/2026\/03\/05\/suzana-pires-e-destaque-na-fliba-2026-idealizada-por-romulo-sales-e-consolida-nova-iguacu-como-capital-literaria-da-baixada\/\"},\"wordCount\":287,\"publisher\":{\"@id\":\"https:\/\/portaldoestado.com.br\/#organization\"},\"image\":{\"@id\":\"https:\/\/portaldoestado.com.br\/index.php\/2026\/03\/05\/suzana-pires-e-destaque-na-fliba-2026-idealizada-por-romulo-sales-e-consolida-nova-iguacu-como-capital-literaria-da-baixada\/#primaryimage\"},\"thumbnailUrl\":\"https:\/\/portaldoestado.com.br\/wp-content\/uploads\/2026\/03\/IMG_8991.jpeg\",\"articleSection\":[\"Geral\"],\"inLanguage\":\"pt-BR\"},{\"@type\":\"WebPage\",\"@id\":\"https:\/\/portaldoestado.com.br\/index.php\/2026\/03\/05\/suzana-pires-e-destaque-na-fliba-2026-idealizada-por-romulo-sales-e-consolida-nova-iguacu-como-capital-literaria-da-baixada\/\",\"url\":\"https:\/\/portaldoestado.com.br\/index.php\/2026\/03\/05\/suzana-pires-e-destaque-na-fliba-2026-idealizada-por-romulo-sales-e-consolida-nova-iguacu-como-capital-literaria-da-baixada\/\",\"name\":\"Suzana Pires \u00e9 destaque na Fliba 2026, idealizada por R\u00f4mulo Sales, e consolida Nova Igua\u00e7u como capital liter\u00e1ria da Baixada - Portal do Estado\",\"isPartOf\":{\"@id\":\"https:\/\/portaldoestado.com.br\/#website\"},\"primaryImageOfPage\":{\"@id\":\"https:\/\/portaldoestado.com.br\/index.php\/2026\/03\/05\/suzana-pires-e-destaque-na-fliba-2026-idealizada-por-romulo-sales-e-consolida-nova-iguacu-como-capital-literaria-da-baixada\/#primaryimage\"},\"image\":{\"@id\":\"https:\/\/portaldoestado.com.br\/index.php\/2026\/03\/05\/suzana-pires-e-destaque-na-fliba-2026-idealizada-por-romulo-sales-e-consolida-nova-iguacu-como-capital-literaria-da-baixada\/#primaryimage\"},\"thumbnailUrl\":\"https:\/\/portaldoestado.com.br\/wp-content\/uploads\/2026\/03\/IMG_8991.jpeg\",\"datePublished\":\"2026-03-05T15:38:54+00:00\",\"breadcrumb\":{\"@id\":\"https:\/\/portaldoestado.com.br\/index.php\/2026\/03\/05\/suzana-pires-e-destaque-na-fliba-2026-idealizada-por-romulo-sales-e-consolida-nova-iguacu-como-capital-literaria-da-baixada\/#breadcrumb\"},\"inLanguage\":\"pt-BR\",\"potentialAction\":[{\"@type\":\"ReadAction\",\"target\":[\"https:\/\/portaldoestado.com.br\/index.php\/2026\/03\/05\/suzana-pires-e-destaque-na-fliba-2026-idealizada-por-romulo-sales-e-consolida-nova-iguacu-como-capital-literaria-da-baixada\/\"]}]},{\"@type\":\"ImageObject\",\"inLanguage\":\"pt-BR\",\"@id\":\"https:\/\/portaldoestado.com.br\/index.php\/2026\/03\/05\/suzana-pires-e-destaque-na-fliba-2026-idealizada-por-romulo-sales-e-consolida-nova-iguacu-como-capital-literaria-da-baixada\/#primaryimage\",\"url\":\"https:\/\/portaldoestado.com.br\/wp-content\/uploads\/2026\/03\/IMG_8991.jpeg\",\"contentUrl\":\"https:\/\/portaldoestado.com.br\/wp-content\/uploads\/2026\/03\/IMG_8991.jpeg\",\"width\":1320,\"height\":843},{\"@type\":\"BreadcrumbList\",\"@id\":\"https:\/\/portaldoestado.com.br\/index.php\/2026\/03\/05\/suzana-pires-e-destaque-na-fliba-2026-idealizada-por-romulo-sales-e-consolida-nova-iguacu-como-capital-literaria-da-baixada\/#breadcrumb\",\"itemListElement\":[{\"@type\":\"ListItem\",\"position\":1,\"name\":\"In\u00edcio\",\"item\":\"https:\/\/portaldoestado.com.br\/\"},{\"@type\":\"ListItem\",\"position\":2,\"name\":\"Suzana Pires \u00e9 destaque na Fliba 2026, idealizada por R\u00f4mulo Sales, e consolida Nova Igua\u00e7u como capital liter\u00e1ria da Baixada\"}]},{\"@type\":\"WebSite\",\"@id\":\"https:\/\/portaldoestado.com.br\/#website\",\"url\":\"https:\/\/portaldoestado.com.br\/\",\"name\":\"Portal do Estado\",\"description\":\"\",\"publisher\":{\"@id\":\"https:\/\/portaldoestado.com.br\/#organization\"},\"potentialAction\":[{\"@type\":\"SearchAction\",\"target\":{\"@type\":\"EntryPoint\",\"urlTemplate\":\"https:\/\/portaldoestado.com.br\/?s={search_term_string}\"},\"query-input\":{\"@type\":\"PropertyValueSpecification\",\"valueRequired\":true,\"valueName\":\"search_term_string\"}}],\"inLanguage\":\"pt-BR\"},{\"@type\":\"Organization\",\"@id\":\"https:\/\/portaldoestado.com.br\/#organization\",\"name\":\"Portal do Estado\",\"url\":\"https:\/\/portaldoestado.com.br\/\",\"logo\":{\"@type\":\"ImageObject\",\"inLanguage\":\"pt-BR\",\"@id\":\"https:\/\/portaldoestado.com.br\/#\/schema\/logo\/image\/\",\"url\":\"https:\/\/portaldoestado.com.br\/wp-content\/uploads\/2025\/04\/cropped-6f69b19a-6472-43bf-b1b3-e1910bbbd4e8.png\",\"contentUrl\":\"https:\/\/portaldoestado.com.br\/wp-content\/uploads\/2025\/04\/cropped-6f69b19a-6472-43bf-b1b3-e1910bbbd4e8.png\",\"width\":1024,\"height\":350,\"caption\":\"Portal do Estado\"},\"image\":{\"@id\":\"https:\/\/portaldoestado.com.br\/#\/schema\/logo\/image\/\"}},{\"@type\":\"Person\",\"@id\":\"https:\/\/portaldoestado.com.br\/#\/schema\/person\/5ca0174f3c8c84b59da62ea14b698cb9\",\"name\":\"assessoriadefamosos\",\"image\":{\"@type\":\"ImageObject\",\"inLanguage\":\"pt-BR\",\"@id\":\"https:\/\/portaldoestado.com.br\/#\/schema\/person\/image\/\",\"url\":\"https:\/\/secure.gravatar.com\/avatar\/a7acbdffcfbbae7240e59f47fe511ec5f5d8c252c779f0b8d9ab02a9e1d8c5ed?s=96&d=mm&r=g\",\"contentUrl\":\"https:\/\/secure.gravatar.com\/avatar\/a7acbdffcfbbae7240e59f47fe511ec5f5d8c252c779f0b8d9ab02a9e1d8c5ed?s=96&d=mm&r=g\",\"caption\":\"assessoriadefamosos\"},\"url\":\"https:\/\/portaldoestado.com.br\/index.php\/author\/assessoriadefamosos\/\"}]}<\/script>\n<!-- \/ Yoast SEO plugin. -->","yoast_head_json":{"title":"Suzana Pires \u00e9 destaque na Fliba 2026, idealizada por R\u00f4mulo Sales, e consolida Nova Igua\u00e7u como capital liter\u00e1ria da Baixada - Portal do Estado","robots":{"index":"index","follow":"follow","max-snippet":"max-snippet:-1","max-image-preview":"max-image-preview:large","max-video-preview":"max-video-preview:-1"},"canonical":"https:\/\/portaldoestado.com.br\/index.php\/2026\/03\/05\/suzana-pires-e-destaque-na-fliba-2026-idealizada-por-romulo-sales-e-consolida-nova-iguacu-como-capital-literaria-da-baixada\/","og_locale":"pt_BR","og_type":"article","og_title":"Suzana Pires \u00e9 destaque na Fliba 2026, idealizada por R\u00f4mulo Sales, e consolida Nova Igua\u00e7u como capital liter\u00e1ria da Baixada - Portal do Estado","og_description":"A atriz Suzana Pires \u00e9 um dos grandes nomes confirmados na FLIBA 2026 \u2013 Festa Liter\u00e1ria da Baixada, evento idealizado pelo produtor cultural R\u00f4mulo Sales, que acontece de 08 a 11 de mar\u00e7o, em Nova Igua\u00e7u. O festival ser\u00e1 realizado no Teatro Nova Igua\u00e7u Petrobras e reafirma o protagonismo da Baixada Fluminense no cen\u00e1rio cultural \u2026","og_url":"https:\/\/portaldoestado.com.br\/index.php\/2026\/03\/05\/suzana-pires-e-destaque-na-fliba-2026-idealizada-por-romulo-sales-e-consolida-nova-iguacu-como-capital-literaria-da-baixada\/","og_site_name":"Portal do Estado","article_published_time":"2026-03-05T15:38:54+00:00","og_image":[{"width":1320,"height":843,"url":"https:\/\/portaldoestado.com.br\/wp-content\/uploads\/2026\/03\/IMG_8991.jpeg","type":"image\/jpeg"}],"author":"assessoriadefamosos","twitter_card":"summary_large_image","twitter_misc":{"Escrito por":"assessoriadefamosos","Est. tempo de leitura":"1 minuto"},"schema":{"@context":"https:\/\/schema.org","@graph":[{"@type":"Article","@id":"https:\/\/portaldoestado.com.br\/index.php\/2026\/03\/05\/suzana-pires-e-destaque-na-fliba-2026-idealizada-por-romulo-sales-e-consolida-nova-iguacu-como-capital-literaria-da-baixada\/#article","isPartOf":{"@id":"https:\/\/portaldoestado.com.br\/index.php\/2026\/03\/05\/suzana-pires-e-destaque-na-fliba-2026-idealizada-por-romulo-sales-e-consolida-nova-iguacu-como-capital-literaria-da-baixada\/"},"author":{"name":"assessoriadefamosos","@id":"https:\/\/portaldoestado.com.br\/#\/schema\/person\/5ca0174f3c8c84b59da62ea14b698cb9"},"headline":"Suzana Pires \u00e9 destaque na Fliba 2026, idealizada por R\u00f4mulo Sales, e consolida Nova Igua\u00e7u como capital liter\u00e1ria da Baixada","datePublished":"2026-03-05T15:38:54+00:00","mainEntityOfPage":{"@id":"https:\/\/portaldoestado.com.br\/index.php\/2026\/03\/05\/suzana-pires-e-destaque-na-fliba-2026-idealizada-por-romulo-sales-e-consolida-nova-iguacu-como-capital-literaria-da-baixada\/"},"wordCount":287,"publisher":{"@id":"https:\/\/portaldoestado.com.br\/#organization"},"image":{"@id":"https:\/\/portaldoestado.com.br\/index.php\/2026\/03\/05\/suzana-pires-e-destaque-na-fliba-2026-idealizada-por-romulo-sales-e-consolida-nova-iguacu-como-capital-literaria-da-baixada\/#primaryimage"},"thumbnailUrl":"https:\/\/portaldoestado.com.br\/wp-content\/uploads\/2026\/03\/IMG_8991.jpeg","articleSection":["Geral"],"inLanguage":"pt-BR"},{"@type":"WebPage","@id":"https:\/\/portaldoestado.com.br\/index.php\/2026\/03\/05\/suzana-pires-e-destaque-na-fliba-2026-idealizada-por-romulo-sales-e-consolida-nova-iguacu-como-capital-literaria-da-baixada\/","url":"https:\/\/portaldoestado.com.br\/index.php\/2026\/03\/05\/suzana-pires-e-destaque-na-fliba-2026-idealizada-por-romulo-sales-e-consolida-nova-iguacu-como-capital-literaria-da-baixada\/","name":"Suzana Pires \u00e9 destaque na Fliba 2026, idealizada por R\u00f4mulo Sales, e consolida Nova Igua\u00e7u como capital liter\u00e1ria da Baixada - Portal do Estado","isPartOf":{"@id":"https:\/\/portaldoestado.com.br\/#website"},"primaryImageOfPage":{"@id":"https:\/\/portaldoestado.com.br\/index.php\/2026\/03\/05\/suzana-pires-e-destaque-na-fliba-2026-idealizada-por-romulo-sales-e-consolida-nova-iguacu-como-capital-literaria-da-baixada\/#primaryimage"},"image":{"@id":"https:\/\/portaldoestado.com.br\/index.php\/2026\/03\/05\/suzana-pires-e-destaque-na-fliba-2026-idealizada-por-romulo-sales-e-consolida-nova-iguacu-como-capital-literaria-da-baixada\/#primaryimage"},"thumbnailUrl":"https:\/\/portaldoestado.com.br\/wp-content\/uploads\/2026\/03\/IMG_8991.jpeg","datePublished":"2026-03-05T15:38:54+00:00","breadcrumb":{"@id":"https:\/\/portaldoestado.com.br\/index.php\/2026\/03\/05\/suzana-pires-e-destaque-na-fliba-2026-idealizada-por-romulo-sales-e-consolida-nova-iguacu-como-capital-literaria-da-baixada\/#breadcrumb"},"inLanguage":"pt-BR","potentialAction":[{"@type":"ReadAction","target":["https:\/\/portaldoestado.com.br\/index.php\/2026\/03\/05\/suzana-pires-e-destaque-na-fliba-2026-idealizada-por-romulo-sales-e-consolida-nova-iguacu-como-capital-literaria-da-baixada\/"]}]},{"@type":"ImageObject","inLanguage":"pt-BR","@id":"https:\/\/portaldoestado.com.br\/index.php\/2026\/03\/05\/suzana-pires-e-destaque-na-fliba-2026-idealizada-por-romulo-sales-e-consolida-nova-iguacu-como-capital-literaria-da-baixada\/#primaryimage","url":"https:\/\/portaldoestado.com.br\/wp-content\/uploads\/2026\/03\/IMG_8991.jpeg","contentUrl":"https:\/\/portaldoestado.com.br\/wp-content\/uploads\/2026\/03\/IMG_8991.jpeg","width":1320,"height":843},{"@type":"BreadcrumbList","@id":"https:\/\/portaldoestado.com.br\/index.php\/2026\/03\/05\/suzana-pires-e-destaque-na-fliba-2026-idealizada-por-romulo-sales-e-consolida-nova-iguacu-como-capital-literaria-da-baixada\/#breadcrumb","itemListElement":[{"@type":"ListItem","position":1,"name":"In\u00edcio","item":"https:\/\/portaldoestado.com.br\/"},{"@type":"ListItem","position":2,"name":"Suzana Pires \u00e9 destaque na Fliba 2026, idealizada por R\u00f4mulo Sales, e consolida Nova Igua\u00e7u como capital liter\u00e1ria da Baixada"}]},{"@type":"WebSite","@id":"https:\/\/portaldoestado.com.br\/#website","url":"https:\/\/portaldoestado.com.br\/","name":"Portal do Estado","description":"","publisher":{"@id":"https:\/\/portaldoestado.com.br\/#organization"},"potentialAction":[{"@type":"SearchAction","target":{"@type":"EntryPoint","urlTemplate":"https:\/\/portaldoestado.com.br\/?s={search_term_string}"},"query-input":{"@type":"PropertyValueSpecification","valueRequired":true,"valueName":"search_term_string"}}],"inLanguage":"pt-BR"},{"@type":"Organization","@id":"https:\/\/portaldoestado.com.br\/#organization","name":"Portal do Estado","url":"https:\/\/portaldoestado.com.br\/","logo":{"@type":"ImageObject","inLanguage":"pt-BR","@id":"https:\/\/portaldoestado.com.br\/#\/schema\/logo\/image\/","url":"https:\/\/portaldoestado.com.br\/wp-content\/uploads\/2025\/04\/cropped-6f69b19a-6472-43bf-b1b3-e1910bbbd4e8.png","contentUrl":"https:\/\/portaldoestado.com.br\/wp-content\/uploads\/2025\/04\/cropped-6f69b19a-6472-43bf-b1b3-e1910bbbd4e8.png","width":1024,"height":350,"caption":"Portal do Estado"},"image":{"@id":"https:\/\/portaldoestado.com.br\/#\/schema\/logo\/image\/"}},{"@type":"Person","@id":"https:\/\/portaldoestado.com.br\/#\/schema\/person\/5ca0174f3c8c84b59da62ea14b698cb9","name":"assessoriadefamosos","image":{"@type":"ImageObject","inLanguage":"pt-BR","@id":"https:\/\/portaldoestado.com.br\/#\/schema\/person\/image\/","url":"https:\/\/secure.gravatar.com\/avatar\/a7acbdffcfbbae7240e59f47fe511ec5f5d8c252c779f0b8d9ab02a9e1d8c5ed?s=96&d=mm&r=g","contentUrl":"https:\/\/secure.gravatar.com\/avatar\/a7acbdffcfbbae7240e59f47fe511ec5f5d8c252c779f0b8d9ab02a9e1d8c5ed?s=96&d=mm&r=g","caption":"assessoriadefamosos"},"url":"https:\/\/portaldoestado.com.br\/index.php\/author\/assessoriadefamosos\/"}]}},"jetpack_featured_media_url":"https:\/\/portaldoestado.com.br\/wp-content\/uploads\/2026\/03\/IMG_8991.jpeg","_links":{"self":[{"href":"https:\/\/portaldoestado.com.br\/index.php\/wp-json\/wp\/v2\/posts\/7020","targetHints":{"allow":["GET"]}}],"collection":[{"href":"https:\/\/portaldoestado.com.br\/index.php\/wp-json\/wp\/v2\/posts"}],"about":[{"href":"https:\/\/portaldoestado.com.br\/index.php\/wp-json\/wp\/v2\/types\/post"}],"author":[{"embeddable":true,"href":"https:\/\/portaldoestado.com.br\/index.php\/wp-json\/wp\/v2\/users\/2"}],"replies":[{"embeddable":true,"href":"https:\/\/portaldoestado.com.br\/index.php\/wp-json\/wp\/v2\/comments?post=7020"}],"version-history":[{"count":1,"href":"https:\/\/portaldoestado.com.br\/index.php\/wp-json\/wp\/v2\/posts\/7020\/revisions"}],"predecessor-version":[{"id":7021,"href":"https:\/\/portaldoestado.com.br\/index.php\/wp-json\/wp\/v2\/posts\/7020\/revisions\/7021"}],"wp:featuredmedia":[{"embeddable":true,"href":"https:\/\/portaldoestado.com.br\/index.php\/wp-json\/wp\/v2\/media\/7019"}],"wp:attachment":[{"href":"https:\/\/portaldoestado.com.br\/index.php\/wp-json\/wp\/v2\/media?parent=7020"}],"wp:term":[{"taxonomy":"category","embeddable":true,"href":"https:\/\/portaldoestado.com.br\/index.php\/wp-json\/wp\/v2\/categories?post=7020"},{"taxonomy":"post_tag","embeddable":true,"href":"https:\/\/portaldoestado.com.br\/index.php\/wp-json\/wp\/v2\/tags?post=7020"}],"curies":[{"name":"wp","href":"https:\/\/api.w.org\/{rel}","templated":true}]}}