{"id":7017,"date":"2026-03-05T06:33:14","date_gmt":"2026-03-05T06:33:14","guid":{"rendered":"https:\/\/portaldoestado.com.br\/?p=7017"},"modified":"2026-03-05T06:33:14","modified_gmt":"2026-03-05T06:33:14","slug":"ivete-sangalo-deixa-hospital-apos-cirurgia-no-rosto","status":"publish","type":"post","link":"https:\/\/portaldoestado.com.br\/index.php\/2026\/03\/05\/ivete-sangalo-deixa-hospital-apos-cirurgia-no-rosto\/","title":{"rendered":"Ivete Sangalo deixa hospital ap\u00f3s cirurgia no rosto"},"content":{"rendered":"\n<p>A cantora Ivete Sangalo recebeu alta hospitalar ap\u00f3s passar por uma cirurgia no rosto em S\u00e3o Paulo. O procedimento foi realizado no Hospital S\u00edrio-Liban\u00eas, onde a artista ficou internada para tratar fraturas provocadas por uma queda.<\/p>\n\n\n\n<p>O acidente aconteceu depois de um epis\u00f3dio de desmaio associado \u00e0 s\u00edncope vasovagal, condi\u00e7\u00e3o que pode provocar queda de press\u00e3o e perda moment\u00e2nea de consci\u00eancia. Com a queda, Ivete acabou lesionando a regi\u00e3o da ma\u00e7\u00e3 do rosto e precisou passar por interven\u00e7\u00e3o cir\u00fargica.<\/p>\n\n\n\n<p>Ap\u00f3s o procedimento e o per\u00edodo de observa\u00e7\u00e3o m\u00e9dica, a cantora comemorou a alta e agradeceu o atendimento da equipe respons\u00e1vel por seu tratamento. Nas redes sociais, ela apareceu ao lado de profissionais do hospital e demonstrou gratid\u00e3o pelo cuidado recebido durante a recupera\u00e7\u00e3o.<\/p>\n\n\n\n<p>J\u00e1 fora do hospital, Ivete seguiu viagem de volta para Salvador, onde continuar\u00e1 o processo de recupera\u00e7\u00e3o. A artista tranquilizou os f\u00e3s e afirmou que est\u00e1 bem, apesar do incha\u00e7o natural causado pela cirurgia.<\/p>\n\n\n\n<p>Mesmo diante do susto, a cantora manteve o bom humor e destacou o apoio do p\u00fablico, que acompanhou sua recupera\u00e7\u00e3o nos \u00faltimos dias por meio das redes sociais.<\/p>\n","protected":false},"excerpt":{"rendered":"<p>A cantora Ivete Sangalo recebeu alta hospitalar ap\u00f3s passar por uma cirurgia no rosto em S\u00e3o Paulo. O procedimento foi realizado no Hospital S\u00edrio-Liban\u00eas, onde a artista ficou internada para tratar fraturas provocadas por uma queda. O acidente aconteceu depois de um epis\u00f3dio de desmaio associado \u00e0 s\u00edncope vasovagal, condi\u00e7\u00e3o que pode provocar queda de \u2026<\/p>\n","protected":false},"author":2,"featured_media":7016,"comment_status":"closed","ping_status":"open","sticky":false,"template":"","format":"standard","meta":{"footnotes":""},"categories":[3],"tags":[],"class_list":["post-7017","post","type-post","status-publish","format-standard","has-post-thumbnail","hentry","category-famosos"],"yoast_head":"<!-- This site is optimized with the Yoast SEO plugin v25.5 - https:\/\/yoast.com\/wordpress\/plugins\/seo\/ -->\n<title>Ivete Sangalo deixa hospital ap\u00f3s cirurgia no rosto - Portal do Estado<\/title>\n<meta name=\"robots\" content=\"index, follow, max-snippet:-1, max-image-preview:large, max-video-preview:-1\" \/>\n<link rel=\"canonical\" href=\"https:\/\/portaldoestado.com.br\/index.php\/2026\/03\/05\/ivete-sangalo-deixa-hospital-apos-cirurgia-no-rosto\/\" \/>\n<meta property=\"og:locale\" content=\"pt_BR\" \/>\n<meta property=\"og:type\" content=\"article\" \/>\n<meta property=\"og:title\" content=\"Ivete Sangalo deixa hospital ap\u00f3s cirurgia no rosto - Portal do Estado\" \/>\n<meta property=\"og:description\" content=\"A cantora Ivete Sangalo recebeu alta hospitalar ap\u00f3s passar por uma cirurgia no rosto em S\u00e3o Paulo. O procedimento foi realizado no Hospital S\u00edrio-Liban\u00eas, onde a artista ficou internada para tratar fraturas provocadas por uma queda. O acidente aconteceu depois de um epis\u00f3dio de desmaio associado \u00e0 s\u00edncope vasovagal, condi\u00e7\u00e3o que pode provocar queda de \u2026\" \/>\n<meta property=\"og:url\" content=\"https:\/\/portaldoestado.com.br\/index.php\/2026\/03\/05\/ivete-sangalo-deixa-hospital-apos-cirurgia-no-rosto\/\" \/>\n<meta property=\"og:site_name\" content=\"Portal do Estado\" \/>\n<meta property=\"article:published_time\" content=\"2026-03-05T06:33:14+00:00\" \/>\n<meta property=\"og:image\" content=\"https:\/\/portaldoestado.com.br\/wp-content\/uploads\/2026\/03\/b04e51e1-6280-45b8-bfec-30428bbaaa49.jpg\" \/>\n\t<meta property=\"og:image:width\" content=\"1320\" \/>\n\t<meta property=\"og:image:height\" content=\"846\" \/>\n\t<meta property=\"og:image:type\" content=\"image\/jpeg\" \/>\n<meta name=\"author\" content=\"assessoriadefamosos\" \/>\n<meta name=\"twitter:card\" content=\"summary_large_image\" \/>\n<meta name=\"twitter:label1\" content=\"Escrito por\" \/>\n\t<meta name=\"twitter:data1\" content=\"assessoriadefamosos\" \/>\n\t<meta name=\"twitter:label2\" content=\"Est. tempo de leitura\" \/>\n\t<meta name=\"twitter:data2\" content=\"1 minuto\" \/>\n<script type=\"application\/ld+json\" class=\"yoast-schema-graph\">{\"@context\":\"https:\/\/schema.org\",\"@graph\":[{\"@type\":\"Article\",\"@id\":\"https:\/\/portaldoestado.com.br\/index.php\/2026\/03\/05\/ivete-sangalo-deixa-hospital-apos-cirurgia-no-rosto\/#article\",\"isPartOf\":{\"@id\":\"https:\/\/portaldoestado.com.br\/index.php\/2026\/03\/05\/ivete-sangalo-deixa-hospital-apos-cirurgia-no-rosto\/\"},\"author\":{\"name\":\"assessoriadefamosos\",\"@id\":\"https:\/\/portaldoestado.com.br\/#\/schema\/person\/5ca0174f3c8c84b59da62ea14b698cb9\"},\"headline\":\"Ivete Sangalo deixa hospital ap\u00f3s cirurgia no rosto\",\"datePublished\":\"2026-03-05T06:33:14+00:00\",\"mainEntityOfPage\":{\"@id\":\"https:\/\/portaldoestado.com.br\/index.php\/2026\/03\/05\/ivete-sangalo-deixa-hospital-apos-cirurgia-no-rosto\/\"},\"wordCount\":218,\"publisher\":{\"@id\":\"https:\/\/portaldoestado.com.br\/#organization\"},\"image\":{\"@id\":\"https:\/\/portaldoestado.com.br\/index.php\/2026\/03\/05\/ivete-sangalo-deixa-hospital-apos-cirurgia-no-rosto\/#primaryimage\"},\"thumbnailUrl\":\"https:\/\/portaldoestado.com.br\/wp-content\/uploads\/2026\/03\/b04e51e1-6280-45b8-bfec-30428bbaaa49.jpg\",\"articleSection\":[\"Famosos\"],\"inLanguage\":\"pt-BR\"},{\"@type\":\"WebPage\",\"@id\":\"https:\/\/portaldoestado.com.br\/index.php\/2026\/03\/05\/ivete-sangalo-deixa-hospital-apos-cirurgia-no-rosto\/\",\"url\":\"https:\/\/portaldoestado.com.br\/index.php\/2026\/03\/05\/ivete-sangalo-deixa-hospital-apos-cirurgia-no-rosto\/\",\"name\":\"Ivete Sangalo deixa hospital ap\u00f3s cirurgia no rosto - Portal do Estado\",\"isPartOf\":{\"@id\":\"https:\/\/portaldoestado.com.br\/#website\"},\"primaryImageOfPage\":{\"@id\":\"https:\/\/portaldoestado.com.br\/index.php\/2026\/03\/05\/ivete-sangalo-deixa-hospital-apos-cirurgia-no-rosto\/#primaryimage\"},\"image\":{\"@id\":\"https:\/\/portaldoestado.com.br\/index.php\/2026\/03\/05\/ivete-sangalo-deixa-hospital-apos-cirurgia-no-rosto\/#primaryimage\"},\"thumbnailUrl\":\"https:\/\/portaldoestado.com.br\/wp-content\/uploads\/2026\/03\/b04e51e1-6280-45b8-bfec-30428bbaaa49.jpg\",\"datePublished\":\"2026-03-05T06:33:14+00:00\",\"breadcrumb\":{\"@id\":\"https:\/\/portaldoestado.com.br\/index.php\/2026\/03\/05\/ivete-sangalo-deixa-hospital-apos-cirurgia-no-rosto\/#breadcrumb\"},\"inLanguage\":\"pt-BR\",\"potentialAction\":[{\"@type\":\"ReadAction\",\"target\":[\"https:\/\/portaldoestado.com.br\/index.php\/2026\/03\/05\/ivete-sangalo-deixa-hospital-apos-cirurgia-no-rosto\/\"]}]},{\"@type\":\"ImageObject\",\"inLanguage\":\"pt-BR\",\"@id\":\"https:\/\/portaldoestado.com.br\/index.php\/2026\/03\/05\/ivete-sangalo-deixa-hospital-apos-cirurgia-no-rosto\/#primaryimage\",\"url\":\"https:\/\/portaldoestado.com.br\/wp-content\/uploads\/2026\/03\/b04e51e1-6280-45b8-bfec-30428bbaaa49.jpg\",\"contentUrl\":\"https:\/\/portaldoestado.com.br\/wp-content\/uploads\/2026\/03\/b04e51e1-6280-45b8-bfec-30428bbaaa49.jpg\",\"width\":1320,\"height\":846},{\"@type\":\"BreadcrumbList\",\"@id\":\"https:\/\/portaldoestado.com.br\/index.php\/2026\/03\/05\/ivete-sangalo-deixa-hospital-apos-cirurgia-no-rosto\/#breadcrumb\",\"itemListElement\":[{\"@type\":\"ListItem\",\"position\":1,\"name\":\"In\u00edcio\",\"item\":\"https:\/\/portaldoestado.com.br\/\"},{\"@type\":\"ListItem\",\"position\":2,\"name\":\"Ivete Sangalo deixa hospital ap\u00f3s cirurgia no rosto\"}]},{\"@type\":\"WebSite\",\"@id\":\"https:\/\/portaldoestado.com.br\/#website\",\"url\":\"https:\/\/portaldoestado.com.br\/\",\"name\":\"Portal do Estado\",\"description\":\"\",\"publisher\":{\"@id\":\"https:\/\/portaldoestado.com.br\/#organization\"},\"potentialAction\":[{\"@type\":\"SearchAction\",\"target\":{\"@type\":\"EntryPoint\",\"urlTemplate\":\"https:\/\/portaldoestado.com.br\/?s={search_term_string}\"},\"query-input\":{\"@type\":\"PropertyValueSpecification\",\"valueRequired\":true,\"valueName\":\"search_term_string\"}}],\"inLanguage\":\"pt-BR\"},{\"@type\":\"Organization\",\"@id\":\"https:\/\/portaldoestado.com.br\/#organization\",\"name\":\"Portal do Estado\",\"url\":\"https:\/\/portaldoestado.com.br\/\",\"logo\":{\"@type\":\"ImageObject\",\"inLanguage\":\"pt-BR\",\"@id\":\"https:\/\/portaldoestado.com.br\/#\/schema\/logo\/image\/\",\"url\":\"https:\/\/portaldoestado.com.br\/wp-content\/uploads\/2025\/04\/cropped-6f69b19a-6472-43bf-b1b3-e1910bbbd4e8.png\",\"contentUrl\":\"https:\/\/portaldoestado.com.br\/wp-content\/uploads\/2025\/04\/cropped-6f69b19a-6472-43bf-b1b3-e1910bbbd4e8.png\",\"width\":1024,\"height\":350,\"caption\":\"Portal do Estado\"},\"image\":{\"@id\":\"https:\/\/portaldoestado.com.br\/#\/schema\/logo\/image\/\"}},{\"@type\":\"Person\",\"@id\":\"https:\/\/portaldoestado.com.br\/#\/schema\/person\/5ca0174f3c8c84b59da62ea14b698cb9\",\"name\":\"assessoriadefamosos\",\"image\":{\"@type\":\"ImageObject\",\"inLanguage\":\"pt-BR\",\"@id\":\"https:\/\/portaldoestado.com.br\/#\/schema\/person\/image\/\",\"url\":\"https:\/\/secure.gravatar.com\/avatar\/a7acbdffcfbbae7240e59f47fe511ec5f5d8c252c779f0b8d9ab02a9e1d8c5ed?s=96&d=mm&r=g\",\"contentUrl\":\"https:\/\/secure.gravatar.com\/avatar\/a7acbdffcfbbae7240e59f47fe511ec5f5d8c252c779f0b8d9ab02a9e1d8c5ed?s=96&d=mm&r=g\",\"caption\":\"assessoriadefamosos\"},\"url\":\"https:\/\/portaldoestado.com.br\/index.php\/author\/assessoriadefamosos\/\"}]}<\/script>\n<!-- \/ Yoast SEO plugin. -->","yoast_head_json":{"title":"Ivete Sangalo deixa hospital ap\u00f3s cirurgia no rosto - Portal do Estado","robots":{"index":"index","follow":"follow","max-snippet":"max-snippet:-1","max-image-preview":"max-image-preview:large","max-video-preview":"max-video-preview:-1"},"canonical":"https:\/\/portaldoestado.com.br\/index.php\/2026\/03\/05\/ivete-sangalo-deixa-hospital-apos-cirurgia-no-rosto\/","og_locale":"pt_BR","og_type":"article","og_title":"Ivete Sangalo deixa hospital ap\u00f3s cirurgia no rosto - Portal do Estado","og_description":"A cantora Ivete Sangalo recebeu alta hospitalar ap\u00f3s passar por uma cirurgia no rosto em S\u00e3o Paulo. O procedimento foi realizado no Hospital S\u00edrio-Liban\u00eas, onde a artista ficou internada para tratar fraturas provocadas por uma queda. O acidente aconteceu depois de um epis\u00f3dio de desmaio associado \u00e0 s\u00edncope vasovagal, condi\u00e7\u00e3o que pode provocar queda de \u2026","og_url":"https:\/\/portaldoestado.com.br\/index.php\/2026\/03\/05\/ivete-sangalo-deixa-hospital-apos-cirurgia-no-rosto\/","og_site_name":"Portal do Estado","article_published_time":"2026-03-05T06:33:14+00:00","og_image":[{"width":1320,"height":846,"url":"https:\/\/portaldoestado.com.br\/wp-content\/uploads\/2026\/03\/b04e51e1-6280-45b8-bfec-30428bbaaa49.jpg","type":"image\/jpeg"}],"author":"assessoriadefamosos","twitter_card":"summary_large_image","twitter_misc":{"Escrito por":"assessoriadefamosos","Est. tempo de leitura":"1 minuto"},"schema":{"@context":"https:\/\/schema.org","@graph":[{"@type":"Article","@id":"https:\/\/portaldoestado.com.br\/index.php\/2026\/03\/05\/ivete-sangalo-deixa-hospital-apos-cirurgia-no-rosto\/#article","isPartOf":{"@id":"https:\/\/portaldoestado.com.br\/index.php\/2026\/03\/05\/ivete-sangalo-deixa-hospital-apos-cirurgia-no-rosto\/"},"author":{"name":"assessoriadefamosos","@id":"https:\/\/portaldoestado.com.br\/#\/schema\/person\/5ca0174f3c8c84b59da62ea14b698cb9"},"headline":"Ivete Sangalo deixa hospital ap\u00f3s cirurgia no rosto","datePublished":"2026-03-05T06:33:14+00:00","mainEntityOfPage":{"@id":"https:\/\/portaldoestado.com.br\/index.php\/2026\/03\/05\/ivete-sangalo-deixa-hospital-apos-cirurgia-no-rosto\/"},"wordCount":218,"publisher":{"@id":"https:\/\/portaldoestado.com.br\/#organization"},"image":{"@id":"https:\/\/portaldoestado.com.br\/index.php\/2026\/03\/05\/ivete-sangalo-deixa-hospital-apos-cirurgia-no-rosto\/#primaryimage"},"thumbnailUrl":"https:\/\/portaldoestado.com.br\/wp-content\/uploads\/2026\/03\/b04e51e1-6280-45b8-bfec-30428bbaaa49.jpg","articleSection":["Famosos"],"inLanguage":"pt-BR"},{"@type":"WebPage","@id":"https:\/\/portaldoestado.com.br\/index.php\/2026\/03\/05\/ivete-sangalo-deixa-hospital-apos-cirurgia-no-rosto\/","url":"https:\/\/portaldoestado.com.br\/index.php\/2026\/03\/05\/ivete-sangalo-deixa-hospital-apos-cirurgia-no-rosto\/","name":"Ivete Sangalo deixa hospital ap\u00f3s cirurgia no rosto - Portal do Estado","isPartOf":{"@id":"https:\/\/portaldoestado.com.br\/#website"},"primaryImageOfPage":{"@id":"https:\/\/portaldoestado.com.br\/index.php\/2026\/03\/05\/ivete-sangalo-deixa-hospital-apos-cirurgia-no-rosto\/#primaryimage"},"image":{"@id":"https:\/\/portaldoestado.com.br\/index.php\/2026\/03\/05\/ivete-sangalo-deixa-hospital-apos-cirurgia-no-rosto\/#primaryimage"},"thumbnailUrl":"https:\/\/portaldoestado.com.br\/wp-content\/uploads\/2026\/03\/b04e51e1-6280-45b8-bfec-30428bbaaa49.jpg","datePublished":"2026-03-05T06:33:14+00:00","breadcrumb":{"@id":"https:\/\/portaldoestado.com.br\/index.php\/2026\/03\/05\/ivete-sangalo-deixa-hospital-apos-cirurgia-no-rosto\/#breadcrumb"},"inLanguage":"pt-BR","potentialAction":[{"@type":"ReadAction","target":["https:\/\/portaldoestado.com.br\/index.php\/2026\/03\/05\/ivete-sangalo-deixa-hospital-apos-cirurgia-no-rosto\/"]}]},{"@type":"ImageObject","inLanguage":"pt-BR","@id":"https:\/\/portaldoestado.com.br\/index.php\/2026\/03\/05\/ivete-sangalo-deixa-hospital-apos-cirurgia-no-rosto\/#primaryimage","url":"https:\/\/portaldoestado.com.br\/wp-content\/uploads\/2026\/03\/b04e51e1-6280-45b8-bfec-30428bbaaa49.jpg","contentUrl":"https:\/\/portaldoestado.com.br\/wp-content\/uploads\/2026\/03\/b04e51e1-6280-45b8-bfec-30428bbaaa49.jpg","width":1320,"height":846},{"@type":"BreadcrumbList","@id":"https:\/\/portaldoestado.com.br\/index.php\/2026\/03\/05\/ivete-sangalo-deixa-hospital-apos-cirurgia-no-rosto\/#breadcrumb","itemListElement":[{"@type":"ListItem","position":1,"name":"In\u00edcio","item":"https:\/\/portaldoestado.com.br\/"},{"@type":"ListItem","position":2,"name":"Ivete Sangalo deixa hospital ap\u00f3s cirurgia no rosto"}]},{"@type":"WebSite","@id":"https:\/\/portaldoestado.com.br\/#website","url":"https:\/\/portaldoestado.com.br\/","name":"Portal do Estado","description":"","publisher":{"@id":"https:\/\/portaldoestado.com.br\/#organization"},"potentialAction":[{"@type":"SearchAction","target":{"@type":"EntryPoint","urlTemplate":"https:\/\/portaldoestado.com.br\/?s={search_term_string}"},"query-input":{"@type":"PropertyValueSpecification","valueRequired":true,"valueName":"search_term_string"}}],"inLanguage":"pt-BR"},{"@type":"Organization","@id":"https:\/\/portaldoestado.com.br\/#organization","name":"Portal do Estado","url":"https:\/\/portaldoestado.com.br\/","logo":{"@type":"ImageObject","inLanguage":"pt-BR","@id":"https:\/\/portaldoestado.com.br\/#\/schema\/logo\/image\/","url":"https:\/\/portaldoestado.com.br\/wp-content\/uploads\/2025\/04\/cropped-6f69b19a-6472-43bf-b1b3-e1910bbbd4e8.png","contentUrl":"https:\/\/portaldoestado.com.br\/wp-content\/uploads\/2025\/04\/cropped-6f69b19a-6472-43bf-b1b3-e1910bbbd4e8.png","width":1024,"height":350,"caption":"Portal do Estado"},"image":{"@id":"https:\/\/portaldoestado.com.br\/#\/schema\/logo\/image\/"}},{"@type":"Person","@id":"https:\/\/portaldoestado.com.br\/#\/schema\/person\/5ca0174f3c8c84b59da62ea14b698cb9","name":"assessoriadefamosos","image":{"@type":"ImageObject","inLanguage":"pt-BR","@id":"https:\/\/portaldoestado.com.br\/#\/schema\/person\/image\/","url":"https:\/\/secure.gravatar.com\/avatar\/a7acbdffcfbbae7240e59f47fe511ec5f5d8c252c779f0b8d9ab02a9e1d8c5ed?s=96&d=mm&r=g","contentUrl":"https:\/\/secure.gravatar.com\/avatar\/a7acbdffcfbbae7240e59f47fe511ec5f5d8c252c779f0b8d9ab02a9e1d8c5ed?s=96&d=mm&r=g","caption":"assessoriadefamosos"},"url":"https:\/\/portaldoestado.com.br\/index.php\/author\/assessoriadefamosos\/"}]}},"jetpack_featured_media_url":"https:\/\/portaldoestado.com.br\/wp-content\/uploads\/2026\/03\/b04e51e1-6280-45b8-bfec-30428bbaaa49.jpg","_links":{"self":[{"href":"https:\/\/portaldoestado.com.br\/index.php\/wp-json\/wp\/v2\/posts\/7017","targetHints":{"allow":["GET"]}}],"collection":[{"href":"https:\/\/portaldoestado.com.br\/index.php\/wp-json\/wp\/v2\/posts"}],"about":[{"href":"https:\/\/portaldoestado.com.br\/index.php\/wp-json\/wp\/v2\/types\/post"}],"author":[{"embeddable":true,"href":"https:\/\/portaldoestado.com.br\/index.php\/wp-json\/wp\/v2\/users\/2"}],"replies":[{"embeddable":true,"href":"https:\/\/portaldoestado.com.br\/index.php\/wp-json\/wp\/v2\/comments?post=7017"}],"version-history":[{"count":1,"href":"https:\/\/portaldoestado.com.br\/index.php\/wp-json\/wp\/v2\/posts\/7017\/revisions"}],"predecessor-version":[{"id":7018,"href":"https:\/\/portaldoestado.com.br\/index.php\/wp-json\/wp\/v2\/posts\/7017\/revisions\/7018"}],"wp:featuredmedia":[{"embeddable":true,"href":"https:\/\/portaldoestado.com.br\/index.php\/wp-json\/wp\/v2\/media\/7016"}],"wp:attachment":[{"href":"https:\/\/portaldoestado.com.br\/index.php\/wp-json\/wp\/v2\/media?parent=7017"}],"wp:term":[{"taxonomy":"category","embeddable":true,"href":"https:\/\/portaldoestado.com.br\/index.php\/wp-json\/wp\/v2\/categories?post=7017"},{"taxonomy":"post_tag","embeddable":true,"href":"https:\/\/portaldoestado.com.br\/index.php\/wp-json\/wp\/v2\/tags?post=7017"}],"curies":[{"name":"wp","href":"https:\/\/api.w.org\/{rel}","templated":true}]}}