{"id":7011,"date":"2026-03-05T05:52:18","date_gmt":"2026-03-05T05:52:18","guid":{"rendered":"https:\/\/portaldoestado.com.br\/?p=7011"},"modified":"2026-03-05T05:52:18","modified_gmt":"2026-03-05T05:52:18","slug":"edmilson-assume-funcao-em-projetos-da-cbf-e-reforca-participacao-de-ex-campeoes-na-gestao-do-futebol","status":"publish","type":"post","link":"https:\/\/portaldoestado.com.br\/index.php\/2026\/03\/05\/edmilson-assume-funcao-em-projetos-da-cbf-e-reforca-participacao-de-ex-campeoes-na-gestao-do-futebol\/","title":{"rendered":"Edm\u00edlson assume fun\u00e7\u00e3o em projetos da CBF e refor\u00e7a participa\u00e7\u00e3o de ex-campe\u00f5es na gest\u00e3o do futebol"},"content":{"rendered":"\n<p>A Confedera\u00e7\u00e3o Brasileira de Futebol (CBF) anunciou neste fim de semana a integra\u00e7\u00e3o do ex-jogador Edm\u00edlson \u00e0 equipe que atua em eventos e projetos especiais da entidade. Campe\u00e3o da Copa do Mundo de 2002 com a Sele\u00e7\u00e3o Brasileira de Futebol, o ex-volante passa a contribuir com iniciativas voltadas ao fortalecimento institucional e ao desenvolvimento do futebol nacional.<\/p>\n\n\n\n<p>Segundo a confedera\u00e7\u00e3o, a participa\u00e7\u00e3o do ex-atleta tem como objetivo aproveitar a experi\u00eancia adquirida ao longo de sua trajet\u00f3ria no esporte. A atua\u00e7\u00e3o envolver\u00e1 apoio em projetos estrat\u00e9gicos e intera\u00e7\u00e3o com diferentes setores do futebol, incluindo clubes, federa\u00e7\u00f5es e parceiros da modalidade.<\/p>\n\n\n\n<p>Edm\u00edlson comemorou a oportunidade de seguir ligado \u00e0 sele\u00e7\u00e3o, agora em uma nova fun\u00e7\u00e3o. O pentacampe\u00e3o destacou que, ap\u00f3s anos defendendo o pa\u00eds dentro de campo, v\u00ea a nova etapa como uma chance de continuar contribuindo com o crescimento do futebol brasileiro e com a valoriza\u00e7\u00e3o de atletas que marcaram \u00e9poca.<\/p>\n\n\n\n<p>O convite foi formalizado pelo presidente da CBF, Samir Xaud, que ressaltou a import\u00e2ncia de aproximar a entidade de jogadores que fizeram parte de momentos hist\u00f3ricos da sele\u00e7\u00e3o. Para o dirigente, esse v\u00ednculo ajuda a preservar a identidade do futebol brasileiro e fortalece a constru\u00e7\u00e3o de novos projetos para o futuro.<\/p>\n\n\n\n<p>Na avalia\u00e7\u00e3o do diretor executivo da CBF, Helder Melillo, a chegada do ex-volante representa uma contribui\u00e7\u00e3o relevante para o trabalho desenvolvido pela confedera\u00e7\u00e3o. Ele destacou que a vis\u00e3o de quem atuou no mais alto n\u00edvel do esporte pode agregar conhecimento e ajudar a impulsionar novas iniciativas.<\/p>\n\n\n\n<p>Fora dos gramados, Edm\u00edlson tamb\u00e9m mant\u00e9m atua\u00e7\u00e3o social. Natural do interior paulista, ele administra um projeto voltado \u00e0 forma\u00e7\u00e3o e ao apoio de jovens por meio do esporte em Taquaritinga, iniciativa que refor\u00e7a sua liga\u00e7\u00e3o com a\u00e7\u00f5es de impacto comunit\u00e1rio.<\/p>\n\n\n\n<p>A presen\u00e7a do pentacampe\u00e3o nos projetos da CBF faz parte de uma estrat\u00e9gia recente da entidade de estreitar la\u00e7os com \u00eddolos da sele\u00e7\u00e3o. Em 2025, por exemplo, campe\u00f5es mundiais foram homenageados durante uma partida das Eliminat\u00f3rias da Copa do Mundo realizada no Est\u00e1dio do Maracan\u00e3, no Rio de Janeiro.<\/p>\n\n\n\n<p>Com a nova fun\u00e7\u00e3o, Edm\u00edlson amplia sua participa\u00e7\u00e3o no cen\u00e1rio do futebol brasileiro, agora colaborando nos bastidores para o desenvolvimento de iniciativas ligadas \u00e0 sele\u00e7\u00e3o e \u00e0 estrutura do esporte no pa\u00eds.<\/p>\n","protected":false},"excerpt":{"rendered":"<p>A Confedera\u00e7\u00e3o Brasileira de Futebol (CBF) anunciou neste fim de semana a integra\u00e7\u00e3o do ex-jogador Edm\u00edlson \u00e0 equipe que atua em eventos e projetos especiais da entidade. Campe\u00e3o da Copa do Mundo de 2002 com a Sele\u00e7\u00e3o Brasileira de Futebol, o ex-volante passa a contribuir com iniciativas voltadas ao fortalecimento institucional e ao desenvolvimento do \u2026<\/p>\n","protected":false},"author":2,"featured_media":7010,"comment_status":"closed","ping_status":"open","sticky":false,"template":"","format":"standard","meta":{"footnotes":""},"categories":[36],"tags":[],"class_list":["post-7011","post","type-post","status-publish","format-standard","has-post-thumbnail","hentry","category-esporte"],"yoast_head":"<!-- This site is optimized with the Yoast SEO plugin v25.5 - https:\/\/yoast.com\/wordpress\/plugins\/seo\/ -->\n<title>Edm\u00edlson assume fun\u00e7\u00e3o em projetos da CBF e refor\u00e7a participa\u00e7\u00e3o de ex-campe\u00f5es na gest\u00e3o do futebol - Portal do Estado<\/title>\n<meta name=\"robots\" content=\"index, follow, max-snippet:-1, max-image-preview:large, max-video-preview:-1\" \/>\n<link rel=\"canonical\" href=\"https:\/\/portaldoestado.com.br\/index.php\/2026\/03\/05\/edmilson-assume-funcao-em-projetos-da-cbf-e-reforca-participacao-de-ex-campeoes-na-gestao-do-futebol\/\" \/>\n<meta property=\"og:locale\" content=\"pt_BR\" \/>\n<meta property=\"og:type\" content=\"article\" \/>\n<meta property=\"og:title\" content=\"Edm\u00edlson assume fun\u00e7\u00e3o em projetos da CBF e refor\u00e7a participa\u00e7\u00e3o de ex-campe\u00f5es na gest\u00e3o do futebol - Portal do Estado\" \/>\n<meta property=\"og:description\" content=\"A Confedera\u00e7\u00e3o Brasileira de Futebol (CBF) anunciou neste fim de semana a integra\u00e7\u00e3o do ex-jogador Edm\u00edlson \u00e0 equipe que atua em eventos e projetos especiais da entidade. Campe\u00e3o da Copa do Mundo de 2002 com a Sele\u00e7\u00e3o Brasileira de Futebol, o ex-volante passa a contribuir com iniciativas voltadas ao fortalecimento institucional e ao desenvolvimento do \u2026\" \/>\n<meta property=\"og:url\" content=\"https:\/\/portaldoestado.com.br\/index.php\/2026\/03\/05\/edmilson-assume-funcao-em-projetos-da-cbf-e-reforca-participacao-de-ex-campeoes-na-gestao-do-futebol\/\" \/>\n<meta property=\"og:site_name\" content=\"Portal do Estado\" \/>\n<meta property=\"article:published_time\" content=\"2026-03-05T05:52:18+00:00\" \/>\n<meta property=\"og:image\" content=\"https:\/\/portaldoestado.com.br\/wp-content\/uploads\/2026\/03\/a01b3e78-0d3f-4f0a-b384-67c9c8d53626.jpg\" \/>\n\t<meta property=\"og:image:width\" content=\"1257\" \/>\n\t<meta property=\"og:image:height\" content=\"809\" \/>\n\t<meta property=\"og:image:type\" content=\"image\/jpeg\" \/>\n<meta name=\"author\" content=\"assessoriadefamosos\" \/>\n<meta name=\"twitter:card\" content=\"summary_large_image\" \/>\n<meta name=\"twitter:label1\" content=\"Escrito por\" \/>\n\t<meta name=\"twitter:data1\" content=\"assessoriadefamosos\" \/>\n\t<meta name=\"twitter:label2\" content=\"Est. tempo de leitura\" \/>\n\t<meta name=\"twitter:data2\" content=\"2 minutos\" \/>\n<script type=\"application\/ld+json\" class=\"yoast-schema-graph\">{\"@context\":\"https:\/\/schema.org\",\"@graph\":[{\"@type\":\"Article\",\"@id\":\"https:\/\/portaldoestado.com.br\/index.php\/2026\/03\/05\/edmilson-assume-funcao-em-projetos-da-cbf-e-reforca-participacao-de-ex-campeoes-na-gestao-do-futebol\/#article\",\"isPartOf\":{\"@id\":\"https:\/\/portaldoestado.com.br\/index.php\/2026\/03\/05\/edmilson-assume-funcao-em-projetos-da-cbf-e-reforca-participacao-de-ex-campeoes-na-gestao-do-futebol\/\"},\"author\":{\"name\":\"assessoriadefamosos\",\"@id\":\"https:\/\/portaldoestado.com.br\/#\/schema\/person\/5ca0174f3c8c84b59da62ea14b698cb9\"},\"headline\":\"Edm\u00edlson assume fun\u00e7\u00e3o em projetos da CBF e refor\u00e7a participa\u00e7\u00e3o de ex-campe\u00f5es na gest\u00e3o do futebol\",\"datePublished\":\"2026-03-05T05:52:18+00:00\",\"mainEntityOfPage\":{\"@id\":\"https:\/\/portaldoestado.com.br\/index.php\/2026\/03\/05\/edmilson-assume-funcao-em-projetos-da-cbf-e-reforca-participacao-de-ex-campeoes-na-gestao-do-futebol\/\"},\"wordCount\":436,\"publisher\":{\"@id\":\"https:\/\/portaldoestado.com.br\/#organization\"},\"image\":{\"@id\":\"https:\/\/portaldoestado.com.br\/index.php\/2026\/03\/05\/edmilson-assume-funcao-em-projetos-da-cbf-e-reforca-participacao-de-ex-campeoes-na-gestao-do-futebol\/#primaryimage\"},\"thumbnailUrl\":\"https:\/\/portaldoestado.com.br\/wp-content\/uploads\/2026\/03\/a01b3e78-0d3f-4f0a-b384-67c9c8d53626.jpg\",\"articleSection\":[\"Esporte\"],\"inLanguage\":\"pt-BR\"},{\"@type\":\"WebPage\",\"@id\":\"https:\/\/portaldoestado.com.br\/index.php\/2026\/03\/05\/edmilson-assume-funcao-em-projetos-da-cbf-e-reforca-participacao-de-ex-campeoes-na-gestao-do-futebol\/\",\"url\":\"https:\/\/portaldoestado.com.br\/index.php\/2026\/03\/05\/edmilson-assume-funcao-em-projetos-da-cbf-e-reforca-participacao-de-ex-campeoes-na-gestao-do-futebol\/\",\"name\":\"Edm\u00edlson assume fun\u00e7\u00e3o em projetos da CBF e refor\u00e7a participa\u00e7\u00e3o de ex-campe\u00f5es na gest\u00e3o do futebol - Portal do Estado\",\"isPartOf\":{\"@id\":\"https:\/\/portaldoestado.com.br\/#website\"},\"primaryImageOfPage\":{\"@id\":\"https:\/\/portaldoestado.com.br\/index.php\/2026\/03\/05\/edmilson-assume-funcao-em-projetos-da-cbf-e-reforca-participacao-de-ex-campeoes-na-gestao-do-futebol\/#primaryimage\"},\"image\":{\"@id\":\"https:\/\/portaldoestado.com.br\/index.php\/2026\/03\/05\/edmilson-assume-funcao-em-projetos-da-cbf-e-reforca-participacao-de-ex-campeoes-na-gestao-do-futebol\/#primaryimage\"},\"thumbnailUrl\":\"https:\/\/portaldoestado.com.br\/wp-content\/uploads\/2026\/03\/a01b3e78-0d3f-4f0a-b384-67c9c8d53626.jpg\",\"datePublished\":\"2026-03-05T05:52:18+00:00\",\"breadcrumb\":{\"@id\":\"https:\/\/portaldoestado.com.br\/index.php\/2026\/03\/05\/edmilson-assume-funcao-em-projetos-da-cbf-e-reforca-participacao-de-ex-campeoes-na-gestao-do-futebol\/#breadcrumb\"},\"inLanguage\":\"pt-BR\",\"potentialAction\":[{\"@type\":\"ReadAction\",\"target\":[\"https:\/\/portaldoestado.com.br\/index.php\/2026\/03\/05\/edmilson-assume-funcao-em-projetos-da-cbf-e-reforca-participacao-de-ex-campeoes-na-gestao-do-futebol\/\"]}]},{\"@type\":\"ImageObject\",\"inLanguage\":\"pt-BR\",\"@id\":\"https:\/\/portaldoestado.com.br\/index.php\/2026\/03\/05\/edmilson-assume-funcao-em-projetos-da-cbf-e-reforca-participacao-de-ex-campeoes-na-gestao-do-futebol\/#primaryimage\",\"url\":\"https:\/\/portaldoestado.com.br\/wp-content\/uploads\/2026\/03\/a01b3e78-0d3f-4f0a-b384-67c9c8d53626.jpg\",\"contentUrl\":\"https:\/\/portaldoestado.com.br\/wp-content\/uploads\/2026\/03\/a01b3e78-0d3f-4f0a-b384-67c9c8d53626.jpg\",\"width\":1257,\"height\":809},{\"@type\":\"BreadcrumbList\",\"@id\":\"https:\/\/portaldoestado.com.br\/index.php\/2026\/03\/05\/edmilson-assume-funcao-em-projetos-da-cbf-e-reforca-participacao-de-ex-campeoes-na-gestao-do-futebol\/#breadcrumb\",\"itemListElement\":[{\"@type\":\"ListItem\",\"position\":1,\"name\":\"In\u00edcio\",\"item\":\"https:\/\/portaldoestado.com.br\/\"},{\"@type\":\"ListItem\",\"position\":2,\"name\":\"Edm\u00edlson assume fun\u00e7\u00e3o em projetos da CBF e refor\u00e7a participa\u00e7\u00e3o de ex-campe\u00f5es na gest\u00e3o do futebol\"}]},{\"@type\":\"WebSite\",\"@id\":\"https:\/\/portaldoestado.com.br\/#website\",\"url\":\"https:\/\/portaldoestado.com.br\/\",\"name\":\"Portal do Estado\",\"description\":\"\",\"publisher\":{\"@id\":\"https:\/\/portaldoestado.com.br\/#organization\"},\"potentialAction\":[{\"@type\":\"SearchAction\",\"target\":{\"@type\":\"EntryPoint\",\"urlTemplate\":\"https:\/\/portaldoestado.com.br\/?s={search_term_string}\"},\"query-input\":{\"@type\":\"PropertyValueSpecification\",\"valueRequired\":true,\"valueName\":\"search_term_string\"}}],\"inLanguage\":\"pt-BR\"},{\"@type\":\"Organization\",\"@id\":\"https:\/\/portaldoestado.com.br\/#organization\",\"name\":\"Portal do Estado\",\"url\":\"https:\/\/portaldoestado.com.br\/\",\"logo\":{\"@type\":\"ImageObject\",\"inLanguage\":\"pt-BR\",\"@id\":\"https:\/\/portaldoestado.com.br\/#\/schema\/logo\/image\/\",\"url\":\"https:\/\/portaldoestado.com.br\/wp-content\/uploads\/2025\/04\/cropped-6f69b19a-6472-43bf-b1b3-e1910bbbd4e8.png\",\"contentUrl\":\"https:\/\/portaldoestado.com.br\/wp-content\/uploads\/2025\/04\/cropped-6f69b19a-6472-43bf-b1b3-e1910bbbd4e8.png\",\"width\":1024,\"height\":350,\"caption\":\"Portal do Estado\"},\"image\":{\"@id\":\"https:\/\/portaldoestado.com.br\/#\/schema\/logo\/image\/\"}},{\"@type\":\"Person\",\"@id\":\"https:\/\/portaldoestado.com.br\/#\/schema\/person\/5ca0174f3c8c84b59da62ea14b698cb9\",\"name\":\"assessoriadefamosos\",\"image\":{\"@type\":\"ImageObject\",\"inLanguage\":\"pt-BR\",\"@id\":\"https:\/\/portaldoestado.com.br\/#\/schema\/person\/image\/\",\"url\":\"https:\/\/secure.gravatar.com\/avatar\/a7acbdffcfbbae7240e59f47fe511ec5f5d8c252c779f0b8d9ab02a9e1d8c5ed?s=96&d=mm&r=g\",\"contentUrl\":\"https:\/\/secure.gravatar.com\/avatar\/a7acbdffcfbbae7240e59f47fe511ec5f5d8c252c779f0b8d9ab02a9e1d8c5ed?s=96&d=mm&r=g\",\"caption\":\"assessoriadefamosos\"},\"url\":\"https:\/\/portaldoestado.com.br\/index.php\/author\/assessoriadefamosos\/\"}]}<\/script>\n<!-- \/ Yoast SEO plugin. -->","yoast_head_json":{"title":"Edm\u00edlson assume fun\u00e7\u00e3o em projetos da CBF e refor\u00e7a participa\u00e7\u00e3o de ex-campe\u00f5es na gest\u00e3o do futebol - Portal do Estado","robots":{"index":"index","follow":"follow","max-snippet":"max-snippet:-1","max-image-preview":"max-image-preview:large","max-video-preview":"max-video-preview:-1"},"canonical":"https:\/\/portaldoestado.com.br\/index.php\/2026\/03\/05\/edmilson-assume-funcao-em-projetos-da-cbf-e-reforca-participacao-de-ex-campeoes-na-gestao-do-futebol\/","og_locale":"pt_BR","og_type":"article","og_title":"Edm\u00edlson assume fun\u00e7\u00e3o em projetos da CBF e refor\u00e7a participa\u00e7\u00e3o de ex-campe\u00f5es na gest\u00e3o do futebol - Portal do Estado","og_description":"A Confedera\u00e7\u00e3o Brasileira de Futebol (CBF) anunciou neste fim de semana a integra\u00e7\u00e3o do ex-jogador Edm\u00edlson \u00e0 equipe que atua em eventos e projetos especiais da entidade. Campe\u00e3o da Copa do Mundo de 2002 com a Sele\u00e7\u00e3o Brasileira de Futebol, o ex-volante passa a contribuir com iniciativas voltadas ao fortalecimento institucional e ao desenvolvimento do \u2026","og_url":"https:\/\/portaldoestado.com.br\/index.php\/2026\/03\/05\/edmilson-assume-funcao-em-projetos-da-cbf-e-reforca-participacao-de-ex-campeoes-na-gestao-do-futebol\/","og_site_name":"Portal do Estado","article_published_time":"2026-03-05T05:52:18+00:00","og_image":[{"width":1257,"height":809,"url":"https:\/\/portaldoestado.com.br\/wp-content\/uploads\/2026\/03\/a01b3e78-0d3f-4f0a-b384-67c9c8d53626.jpg","type":"image\/jpeg"}],"author":"assessoriadefamosos","twitter_card":"summary_large_image","twitter_misc":{"Escrito por":"assessoriadefamosos","Est. tempo de leitura":"2 minutos"},"schema":{"@context":"https:\/\/schema.org","@graph":[{"@type":"Article","@id":"https:\/\/portaldoestado.com.br\/index.php\/2026\/03\/05\/edmilson-assume-funcao-em-projetos-da-cbf-e-reforca-participacao-de-ex-campeoes-na-gestao-do-futebol\/#article","isPartOf":{"@id":"https:\/\/portaldoestado.com.br\/index.php\/2026\/03\/05\/edmilson-assume-funcao-em-projetos-da-cbf-e-reforca-participacao-de-ex-campeoes-na-gestao-do-futebol\/"},"author":{"name":"assessoriadefamosos","@id":"https:\/\/portaldoestado.com.br\/#\/schema\/person\/5ca0174f3c8c84b59da62ea14b698cb9"},"headline":"Edm\u00edlson assume fun\u00e7\u00e3o em projetos da CBF e refor\u00e7a participa\u00e7\u00e3o de ex-campe\u00f5es na gest\u00e3o do futebol","datePublished":"2026-03-05T05:52:18+00:00","mainEntityOfPage":{"@id":"https:\/\/portaldoestado.com.br\/index.php\/2026\/03\/05\/edmilson-assume-funcao-em-projetos-da-cbf-e-reforca-participacao-de-ex-campeoes-na-gestao-do-futebol\/"},"wordCount":436,"publisher":{"@id":"https:\/\/portaldoestado.com.br\/#organization"},"image":{"@id":"https:\/\/portaldoestado.com.br\/index.php\/2026\/03\/05\/edmilson-assume-funcao-em-projetos-da-cbf-e-reforca-participacao-de-ex-campeoes-na-gestao-do-futebol\/#primaryimage"},"thumbnailUrl":"https:\/\/portaldoestado.com.br\/wp-content\/uploads\/2026\/03\/a01b3e78-0d3f-4f0a-b384-67c9c8d53626.jpg","articleSection":["Esporte"],"inLanguage":"pt-BR"},{"@type":"WebPage","@id":"https:\/\/portaldoestado.com.br\/index.php\/2026\/03\/05\/edmilson-assume-funcao-em-projetos-da-cbf-e-reforca-participacao-de-ex-campeoes-na-gestao-do-futebol\/","url":"https:\/\/portaldoestado.com.br\/index.php\/2026\/03\/05\/edmilson-assume-funcao-em-projetos-da-cbf-e-reforca-participacao-de-ex-campeoes-na-gestao-do-futebol\/","name":"Edm\u00edlson assume fun\u00e7\u00e3o em projetos da CBF e refor\u00e7a participa\u00e7\u00e3o de ex-campe\u00f5es na gest\u00e3o do futebol - Portal do Estado","isPartOf":{"@id":"https:\/\/portaldoestado.com.br\/#website"},"primaryImageOfPage":{"@id":"https:\/\/portaldoestado.com.br\/index.php\/2026\/03\/05\/edmilson-assume-funcao-em-projetos-da-cbf-e-reforca-participacao-de-ex-campeoes-na-gestao-do-futebol\/#primaryimage"},"image":{"@id":"https:\/\/portaldoestado.com.br\/index.php\/2026\/03\/05\/edmilson-assume-funcao-em-projetos-da-cbf-e-reforca-participacao-de-ex-campeoes-na-gestao-do-futebol\/#primaryimage"},"thumbnailUrl":"https:\/\/portaldoestado.com.br\/wp-content\/uploads\/2026\/03\/a01b3e78-0d3f-4f0a-b384-67c9c8d53626.jpg","datePublished":"2026-03-05T05:52:18+00:00","breadcrumb":{"@id":"https:\/\/portaldoestado.com.br\/index.php\/2026\/03\/05\/edmilson-assume-funcao-em-projetos-da-cbf-e-reforca-participacao-de-ex-campeoes-na-gestao-do-futebol\/#breadcrumb"},"inLanguage":"pt-BR","potentialAction":[{"@type":"ReadAction","target":["https:\/\/portaldoestado.com.br\/index.php\/2026\/03\/05\/edmilson-assume-funcao-em-projetos-da-cbf-e-reforca-participacao-de-ex-campeoes-na-gestao-do-futebol\/"]}]},{"@type":"ImageObject","inLanguage":"pt-BR","@id":"https:\/\/portaldoestado.com.br\/index.php\/2026\/03\/05\/edmilson-assume-funcao-em-projetos-da-cbf-e-reforca-participacao-de-ex-campeoes-na-gestao-do-futebol\/#primaryimage","url":"https:\/\/portaldoestado.com.br\/wp-content\/uploads\/2026\/03\/a01b3e78-0d3f-4f0a-b384-67c9c8d53626.jpg","contentUrl":"https:\/\/portaldoestado.com.br\/wp-content\/uploads\/2026\/03\/a01b3e78-0d3f-4f0a-b384-67c9c8d53626.jpg","width":1257,"height":809},{"@type":"BreadcrumbList","@id":"https:\/\/portaldoestado.com.br\/index.php\/2026\/03\/05\/edmilson-assume-funcao-em-projetos-da-cbf-e-reforca-participacao-de-ex-campeoes-na-gestao-do-futebol\/#breadcrumb","itemListElement":[{"@type":"ListItem","position":1,"name":"In\u00edcio","item":"https:\/\/portaldoestado.com.br\/"},{"@type":"ListItem","position":2,"name":"Edm\u00edlson assume fun\u00e7\u00e3o em projetos da CBF e refor\u00e7a participa\u00e7\u00e3o de ex-campe\u00f5es na gest\u00e3o do futebol"}]},{"@type":"WebSite","@id":"https:\/\/portaldoestado.com.br\/#website","url":"https:\/\/portaldoestado.com.br\/","name":"Portal do Estado","description":"","publisher":{"@id":"https:\/\/portaldoestado.com.br\/#organization"},"potentialAction":[{"@type":"SearchAction","target":{"@type":"EntryPoint","urlTemplate":"https:\/\/portaldoestado.com.br\/?s={search_term_string}"},"query-input":{"@type":"PropertyValueSpecification","valueRequired":true,"valueName":"search_term_string"}}],"inLanguage":"pt-BR"},{"@type":"Organization","@id":"https:\/\/portaldoestado.com.br\/#organization","name":"Portal do Estado","url":"https:\/\/portaldoestado.com.br\/","logo":{"@type":"ImageObject","inLanguage":"pt-BR","@id":"https:\/\/portaldoestado.com.br\/#\/schema\/logo\/image\/","url":"https:\/\/portaldoestado.com.br\/wp-content\/uploads\/2025\/04\/cropped-6f69b19a-6472-43bf-b1b3-e1910bbbd4e8.png","contentUrl":"https:\/\/portaldoestado.com.br\/wp-content\/uploads\/2025\/04\/cropped-6f69b19a-6472-43bf-b1b3-e1910bbbd4e8.png","width":1024,"height":350,"caption":"Portal do Estado"},"image":{"@id":"https:\/\/portaldoestado.com.br\/#\/schema\/logo\/image\/"}},{"@type":"Person","@id":"https:\/\/portaldoestado.com.br\/#\/schema\/person\/5ca0174f3c8c84b59da62ea14b698cb9","name":"assessoriadefamosos","image":{"@type":"ImageObject","inLanguage":"pt-BR","@id":"https:\/\/portaldoestado.com.br\/#\/schema\/person\/image\/","url":"https:\/\/secure.gravatar.com\/avatar\/a7acbdffcfbbae7240e59f47fe511ec5f5d8c252c779f0b8d9ab02a9e1d8c5ed?s=96&d=mm&r=g","contentUrl":"https:\/\/secure.gravatar.com\/avatar\/a7acbdffcfbbae7240e59f47fe511ec5f5d8c252c779f0b8d9ab02a9e1d8c5ed?s=96&d=mm&r=g","caption":"assessoriadefamosos"},"url":"https:\/\/portaldoestado.com.br\/index.php\/author\/assessoriadefamosos\/"}]}},"jetpack_featured_media_url":"https:\/\/portaldoestado.com.br\/wp-content\/uploads\/2026\/03\/a01b3e78-0d3f-4f0a-b384-67c9c8d53626.jpg","_links":{"self":[{"href":"https:\/\/portaldoestado.com.br\/index.php\/wp-json\/wp\/v2\/posts\/7011","targetHints":{"allow":["GET"]}}],"collection":[{"href":"https:\/\/portaldoestado.com.br\/index.php\/wp-json\/wp\/v2\/posts"}],"about":[{"href":"https:\/\/portaldoestado.com.br\/index.php\/wp-json\/wp\/v2\/types\/post"}],"author":[{"embeddable":true,"href":"https:\/\/portaldoestado.com.br\/index.php\/wp-json\/wp\/v2\/users\/2"}],"replies":[{"embeddable":true,"href":"https:\/\/portaldoestado.com.br\/index.php\/wp-json\/wp\/v2\/comments?post=7011"}],"version-history":[{"count":1,"href":"https:\/\/portaldoestado.com.br\/index.php\/wp-json\/wp\/v2\/posts\/7011\/revisions"}],"predecessor-version":[{"id":7012,"href":"https:\/\/portaldoestado.com.br\/index.php\/wp-json\/wp\/v2\/posts\/7011\/revisions\/7012"}],"wp:featuredmedia":[{"embeddable":true,"href":"https:\/\/portaldoestado.com.br\/index.php\/wp-json\/wp\/v2\/media\/7010"}],"wp:attachment":[{"href":"https:\/\/portaldoestado.com.br\/index.php\/wp-json\/wp\/v2\/media?parent=7011"}],"wp:term":[{"taxonomy":"category","embeddable":true,"href":"https:\/\/portaldoestado.com.br\/index.php\/wp-json\/wp\/v2\/categories?post=7011"},{"taxonomy":"post_tag","embeddable":true,"href":"https:\/\/portaldoestado.com.br\/index.php\/wp-json\/wp\/v2\/tags?post=7011"}],"curies":[{"name":"wp","href":"https:\/\/api.w.org\/{rel}","templated":true}]}}