{"id":7005,"date":"2026-03-04T16:13:30","date_gmt":"2026-03-04T16:13:30","guid":{"rendered":"https:\/\/portaldoestado.com.br\/?p=7005"},"modified":"2026-03-04T16:13:30","modified_gmt":"2026-03-04T16:13:30","slug":"dr-valdor-neto-a-cirurgia-que-transforma-o-rosto-e-a-respiracao","status":"publish","type":"post","link":"https:\/\/portaldoestado.com.br\/index.php\/2026\/03\/04\/dr-valdor-neto-a-cirurgia-que-transforma-o-rosto-e-a-respiracao\/","title":{"rendered":"Dr. Valdor Neto: a cirurgia que transforma o rosto e a respira\u00e7\u00e3o"},"content":{"rendered":"\n<p>Quando se fala em cirurgia ortogn\u00e1tica, muita gente ainda associa o procedimento apenas \u00e0 est\u00e9tica. Mas, na pr\u00e1tica cl\u00ednica do Dr. Valdor Araujo Naves Neto, em Bras\u00edlia (DF), a transforma\u00e7\u00e3o vai muito al\u00e9m do espelho: envolve fun\u00e7\u00e3o, respira\u00e7\u00e3o e qualidade de vida.<\/p>\n\n\n\n<p>Cirurgi\u00e3o bucomaxilofacial, doutor, mestre e especialista na \u00e1rea, Dr. Valdor construiu uma trajet\u00f3ria marcada por precis\u00e3o t\u00e9cnica e planejamento tridimensional avan\u00e7ado. Seu olhar cl\u00ednico integra ci\u00eancia, estrat\u00e9gia e prop\u00f3sito humano, pilares que sustentam resultados previs\u00edveis e seguros.<\/p>\n\n\n\n<p>A cirurgia ortogn\u00e1tica reposiciona os ossos da face, corrige deformidades, restabelece a mastiga\u00e7\u00e3o adequada e devolve harmonia facial. Em muitos casos, quando planejado, ela tamb\u00e9m amplia as vias a\u00e9reas e se torna uma solu\u00e7\u00e3o altamente eficaz para pacientes com apneia obstrutiva do sono, condi\u00e7\u00e3o que pode impactar diretamente a sa\u00fade cardiovascular, o sono e a disposi\u00e7\u00e3o di\u00e1ria.<\/p>\n\n\n\n<p>\u201cA cirurgia precisa devolver fun\u00e7\u00e3o, est\u00e9tica e qualidade de vida. A est\u00e9tica tamb\u00e9m faz parte de um planejamento bem executado\u201d, defende o especialista.<\/p>\n\n\n\n<p>Ao longo da carreira, ele investiu em forma\u00e7\u00e3o s\u00f3lida e aperfei\u00e7oamento cont\u00ednuo. Desenvolveu protocolos pr\u00f3prios de recupera\u00e7\u00e3o acelerada e atua com abordagem multidisciplinar no tratamento da apneia do sono, sempre com foco em seguran\u00e7a e excel\u00eancia.<\/p>\n\n\n\n<p>Entre os casos mais marcantes est\u00e3o pacientes que, al\u00e9m da mudan\u00e7a facial, passaram a dormir melhor, respirar com mais facilidade e recuperar energia no dia a dia. Resultados que ultrapassam a parte t\u00e9cnica e impactam autoestima, sa\u00fade e bem-estar emocional.<\/p>\n\n\n\n<p>Reconhecido em congressos cient\u00edficos e com participa\u00e7\u00e3o recente como palestrante na Fran\u00e7a, ele tamb\u00e9m se dedica \u00e0 forma\u00e7\u00e3o de outros profissionais e ao avan\u00e7o da cirurgia ortogn\u00e1tica no Brasil.<\/p>\n\n\n\n<p>Para quem deseja entender melhor como a cirurgia pode transformar n\u00e3o apenas o rosto, mas a sa\u00fade como um todo, o especialista compartilha conte\u00fados informativos, bastidores e esclarecimentos em seu perfil no Instagram @<a href=\"http:\/\/instagram.com\/valdorneto\">valdorneto<\/a>.<\/p>\n\n\n\n<p>Informa\u00e7\u00e3o de qualidade, casos reais e uma vis\u00e3o moderna da cirurgia ortogn\u00e1tica, tudo em um s\u00f3 lugar.<\/p>\n","protected":false},"excerpt":{"rendered":"<p>Quando se fala em cirurgia ortogn\u00e1tica, muita gente ainda associa o procedimento apenas \u00e0 est\u00e9tica. Mas, na pr\u00e1tica cl\u00ednica do Dr. Valdor Araujo Naves Neto, em Bras\u00edlia (DF), a transforma\u00e7\u00e3o vai muito al\u00e9m do espelho: envolve fun\u00e7\u00e3o, respira\u00e7\u00e3o e qualidade de vida. Cirurgi\u00e3o bucomaxilofacial, doutor, mestre e especialista na \u00e1rea, Dr. Valdor construiu uma trajet\u00f3ria \u2026<\/p>\n","protected":false},"author":2,"featured_media":7004,"comment_status":"closed","ping_status":"open","sticky":false,"template":"","format":"standard","meta":{"footnotes":""},"categories":[4],"tags":[],"class_list":["post-7005","post","type-post","status-publish","format-standard","has-post-thumbnail","hentry","category-geral"],"yoast_head":"<!-- This site is optimized with the Yoast SEO plugin v25.5 - https:\/\/yoast.com\/wordpress\/plugins\/seo\/ -->\n<title>Dr. Valdor Neto: a cirurgia que transforma o rosto e a respira\u00e7\u00e3o - Portal do Estado<\/title>\n<meta name=\"robots\" content=\"index, follow, max-snippet:-1, max-image-preview:large, max-video-preview:-1\" \/>\n<link rel=\"canonical\" href=\"https:\/\/portaldoestado.com.br\/index.php\/2026\/03\/04\/dr-valdor-neto-a-cirurgia-que-transforma-o-rosto-e-a-respiracao\/\" \/>\n<meta property=\"og:locale\" content=\"pt_BR\" \/>\n<meta property=\"og:type\" content=\"article\" \/>\n<meta property=\"og:title\" content=\"Dr. Valdor Neto: a cirurgia que transforma o rosto e a respira\u00e7\u00e3o - Portal do Estado\" \/>\n<meta property=\"og:description\" content=\"Quando se fala em cirurgia ortogn\u00e1tica, muita gente ainda associa o procedimento apenas \u00e0 est\u00e9tica. Mas, na pr\u00e1tica cl\u00ednica do Dr. Valdor Araujo Naves Neto, em Bras\u00edlia (DF), a transforma\u00e7\u00e3o vai muito al\u00e9m do espelho: envolve fun\u00e7\u00e3o, respira\u00e7\u00e3o e qualidade de vida. Cirurgi\u00e3o bucomaxilofacial, doutor, mestre e especialista na \u00e1rea, Dr. Valdor construiu uma trajet\u00f3ria \u2026\" \/>\n<meta property=\"og:url\" content=\"https:\/\/portaldoestado.com.br\/index.php\/2026\/03\/04\/dr-valdor-neto-a-cirurgia-que-transforma-o-rosto-e-a-respiracao\/\" \/>\n<meta property=\"og:site_name\" content=\"Portal do Estado\" \/>\n<meta property=\"article:published_time\" content=\"2026-03-04T16:13:30+00:00\" \/>\n<meta property=\"og:image\" content=\"https:\/\/portaldoestado.com.br\/wp-content\/uploads\/2026\/03\/IMG_8957.jpeg\" \/>\n\t<meta property=\"og:image:width\" content=\"1320\" \/>\n\t<meta property=\"og:image:height\" content=\"885\" \/>\n\t<meta property=\"og:image:type\" content=\"image\/jpeg\" \/>\n<meta name=\"author\" content=\"assessoriadefamosos\" \/>\n<meta name=\"twitter:card\" content=\"summary_large_image\" \/>\n<meta name=\"twitter:label1\" content=\"Escrito por\" \/>\n\t<meta name=\"twitter:data1\" content=\"assessoriadefamosos\" \/>\n\t<meta name=\"twitter:label2\" content=\"Est. tempo de leitura\" \/>\n\t<meta name=\"twitter:data2\" content=\"2 minutos\" \/>\n<script type=\"application\/ld+json\" class=\"yoast-schema-graph\">{\"@context\":\"https:\/\/schema.org\",\"@graph\":[{\"@type\":\"Article\",\"@id\":\"https:\/\/portaldoestado.com.br\/index.php\/2026\/03\/04\/dr-valdor-neto-a-cirurgia-que-transforma-o-rosto-e-a-respiracao\/#article\",\"isPartOf\":{\"@id\":\"https:\/\/portaldoestado.com.br\/index.php\/2026\/03\/04\/dr-valdor-neto-a-cirurgia-que-transforma-o-rosto-e-a-respiracao\/\"},\"author\":{\"name\":\"assessoriadefamosos\",\"@id\":\"https:\/\/portaldoestado.com.br\/#\/schema\/person\/5ca0174f3c8c84b59da62ea14b698cb9\"},\"headline\":\"Dr. Valdor Neto: a cirurgia que transforma o rosto e a respira\u00e7\u00e3o\",\"datePublished\":\"2026-03-04T16:13:30+00:00\",\"mainEntityOfPage\":{\"@id\":\"https:\/\/portaldoestado.com.br\/index.php\/2026\/03\/04\/dr-valdor-neto-a-cirurgia-que-transforma-o-rosto-e-a-respiracao\/\"},\"wordCount\":384,\"publisher\":{\"@id\":\"https:\/\/portaldoestado.com.br\/#organization\"},\"image\":{\"@id\":\"https:\/\/portaldoestado.com.br\/index.php\/2026\/03\/04\/dr-valdor-neto-a-cirurgia-que-transforma-o-rosto-e-a-respiracao\/#primaryimage\"},\"thumbnailUrl\":\"https:\/\/portaldoestado.com.br\/wp-content\/uploads\/2026\/03\/IMG_8957.jpeg\",\"articleSection\":[\"Geral\"],\"inLanguage\":\"pt-BR\"},{\"@type\":\"WebPage\",\"@id\":\"https:\/\/portaldoestado.com.br\/index.php\/2026\/03\/04\/dr-valdor-neto-a-cirurgia-que-transforma-o-rosto-e-a-respiracao\/\",\"url\":\"https:\/\/portaldoestado.com.br\/index.php\/2026\/03\/04\/dr-valdor-neto-a-cirurgia-que-transforma-o-rosto-e-a-respiracao\/\",\"name\":\"Dr. Valdor Neto: a cirurgia que transforma o rosto e a respira\u00e7\u00e3o - Portal do Estado\",\"isPartOf\":{\"@id\":\"https:\/\/portaldoestado.com.br\/#website\"},\"primaryImageOfPage\":{\"@id\":\"https:\/\/portaldoestado.com.br\/index.php\/2026\/03\/04\/dr-valdor-neto-a-cirurgia-que-transforma-o-rosto-e-a-respiracao\/#primaryimage\"},\"image\":{\"@id\":\"https:\/\/portaldoestado.com.br\/index.php\/2026\/03\/04\/dr-valdor-neto-a-cirurgia-que-transforma-o-rosto-e-a-respiracao\/#primaryimage\"},\"thumbnailUrl\":\"https:\/\/portaldoestado.com.br\/wp-content\/uploads\/2026\/03\/IMG_8957.jpeg\",\"datePublished\":\"2026-03-04T16:13:30+00:00\",\"breadcrumb\":{\"@id\":\"https:\/\/portaldoestado.com.br\/index.php\/2026\/03\/04\/dr-valdor-neto-a-cirurgia-que-transforma-o-rosto-e-a-respiracao\/#breadcrumb\"},\"inLanguage\":\"pt-BR\",\"potentialAction\":[{\"@type\":\"ReadAction\",\"target\":[\"https:\/\/portaldoestado.com.br\/index.php\/2026\/03\/04\/dr-valdor-neto-a-cirurgia-que-transforma-o-rosto-e-a-respiracao\/\"]}]},{\"@type\":\"ImageObject\",\"inLanguage\":\"pt-BR\",\"@id\":\"https:\/\/portaldoestado.com.br\/index.php\/2026\/03\/04\/dr-valdor-neto-a-cirurgia-que-transforma-o-rosto-e-a-respiracao\/#primaryimage\",\"url\":\"https:\/\/portaldoestado.com.br\/wp-content\/uploads\/2026\/03\/IMG_8957.jpeg\",\"contentUrl\":\"https:\/\/portaldoestado.com.br\/wp-content\/uploads\/2026\/03\/IMG_8957.jpeg\",\"width\":1320,\"height\":885},{\"@type\":\"BreadcrumbList\",\"@id\":\"https:\/\/portaldoestado.com.br\/index.php\/2026\/03\/04\/dr-valdor-neto-a-cirurgia-que-transforma-o-rosto-e-a-respiracao\/#breadcrumb\",\"itemListElement\":[{\"@type\":\"ListItem\",\"position\":1,\"name\":\"In\u00edcio\",\"item\":\"https:\/\/portaldoestado.com.br\/\"},{\"@type\":\"ListItem\",\"position\":2,\"name\":\"Dr. Valdor Neto: a cirurgia que transforma o rosto e a respira\u00e7\u00e3o\"}]},{\"@type\":\"WebSite\",\"@id\":\"https:\/\/portaldoestado.com.br\/#website\",\"url\":\"https:\/\/portaldoestado.com.br\/\",\"name\":\"Portal do Estado\",\"description\":\"\",\"publisher\":{\"@id\":\"https:\/\/portaldoestado.com.br\/#organization\"},\"potentialAction\":[{\"@type\":\"SearchAction\",\"target\":{\"@type\":\"EntryPoint\",\"urlTemplate\":\"https:\/\/portaldoestado.com.br\/?s={search_term_string}\"},\"query-input\":{\"@type\":\"PropertyValueSpecification\",\"valueRequired\":true,\"valueName\":\"search_term_string\"}}],\"inLanguage\":\"pt-BR\"},{\"@type\":\"Organization\",\"@id\":\"https:\/\/portaldoestado.com.br\/#organization\",\"name\":\"Portal do Estado\",\"url\":\"https:\/\/portaldoestado.com.br\/\",\"logo\":{\"@type\":\"ImageObject\",\"inLanguage\":\"pt-BR\",\"@id\":\"https:\/\/portaldoestado.com.br\/#\/schema\/logo\/image\/\",\"url\":\"https:\/\/portaldoestado.com.br\/wp-content\/uploads\/2025\/04\/cropped-6f69b19a-6472-43bf-b1b3-e1910bbbd4e8.png\",\"contentUrl\":\"https:\/\/portaldoestado.com.br\/wp-content\/uploads\/2025\/04\/cropped-6f69b19a-6472-43bf-b1b3-e1910bbbd4e8.png\",\"width\":1024,\"height\":350,\"caption\":\"Portal do Estado\"},\"image\":{\"@id\":\"https:\/\/portaldoestado.com.br\/#\/schema\/logo\/image\/\"}},{\"@type\":\"Person\",\"@id\":\"https:\/\/portaldoestado.com.br\/#\/schema\/person\/5ca0174f3c8c84b59da62ea14b698cb9\",\"name\":\"assessoriadefamosos\",\"image\":{\"@type\":\"ImageObject\",\"inLanguage\":\"pt-BR\",\"@id\":\"https:\/\/portaldoestado.com.br\/#\/schema\/person\/image\/\",\"url\":\"https:\/\/secure.gravatar.com\/avatar\/a7acbdffcfbbae7240e59f47fe511ec5f5d8c252c779f0b8d9ab02a9e1d8c5ed?s=96&d=mm&r=g\",\"contentUrl\":\"https:\/\/secure.gravatar.com\/avatar\/a7acbdffcfbbae7240e59f47fe511ec5f5d8c252c779f0b8d9ab02a9e1d8c5ed?s=96&d=mm&r=g\",\"caption\":\"assessoriadefamosos\"},\"url\":\"https:\/\/portaldoestado.com.br\/index.php\/author\/assessoriadefamosos\/\"}]}<\/script>\n<!-- \/ Yoast SEO plugin. -->","yoast_head_json":{"title":"Dr. Valdor Neto: a cirurgia que transforma o rosto e a respira\u00e7\u00e3o - Portal do Estado","robots":{"index":"index","follow":"follow","max-snippet":"max-snippet:-1","max-image-preview":"max-image-preview:large","max-video-preview":"max-video-preview:-1"},"canonical":"https:\/\/portaldoestado.com.br\/index.php\/2026\/03\/04\/dr-valdor-neto-a-cirurgia-que-transforma-o-rosto-e-a-respiracao\/","og_locale":"pt_BR","og_type":"article","og_title":"Dr. Valdor Neto: a cirurgia que transforma o rosto e a respira\u00e7\u00e3o - Portal do Estado","og_description":"Quando se fala em cirurgia ortogn\u00e1tica, muita gente ainda associa o procedimento apenas \u00e0 est\u00e9tica. Mas, na pr\u00e1tica cl\u00ednica do Dr. Valdor Araujo Naves Neto, em Bras\u00edlia (DF), a transforma\u00e7\u00e3o vai muito al\u00e9m do espelho: envolve fun\u00e7\u00e3o, respira\u00e7\u00e3o e qualidade de vida. Cirurgi\u00e3o bucomaxilofacial, doutor, mestre e especialista na \u00e1rea, Dr. Valdor construiu uma trajet\u00f3ria \u2026","og_url":"https:\/\/portaldoestado.com.br\/index.php\/2026\/03\/04\/dr-valdor-neto-a-cirurgia-que-transforma-o-rosto-e-a-respiracao\/","og_site_name":"Portal do Estado","article_published_time":"2026-03-04T16:13:30+00:00","og_image":[{"width":1320,"height":885,"url":"https:\/\/portaldoestado.com.br\/wp-content\/uploads\/2026\/03\/IMG_8957.jpeg","type":"image\/jpeg"}],"author":"assessoriadefamosos","twitter_card":"summary_large_image","twitter_misc":{"Escrito por":"assessoriadefamosos","Est. tempo de leitura":"2 minutos"},"schema":{"@context":"https:\/\/schema.org","@graph":[{"@type":"Article","@id":"https:\/\/portaldoestado.com.br\/index.php\/2026\/03\/04\/dr-valdor-neto-a-cirurgia-que-transforma-o-rosto-e-a-respiracao\/#article","isPartOf":{"@id":"https:\/\/portaldoestado.com.br\/index.php\/2026\/03\/04\/dr-valdor-neto-a-cirurgia-que-transforma-o-rosto-e-a-respiracao\/"},"author":{"name":"assessoriadefamosos","@id":"https:\/\/portaldoestado.com.br\/#\/schema\/person\/5ca0174f3c8c84b59da62ea14b698cb9"},"headline":"Dr. Valdor Neto: a cirurgia que transforma o rosto e a respira\u00e7\u00e3o","datePublished":"2026-03-04T16:13:30+00:00","mainEntityOfPage":{"@id":"https:\/\/portaldoestado.com.br\/index.php\/2026\/03\/04\/dr-valdor-neto-a-cirurgia-que-transforma-o-rosto-e-a-respiracao\/"},"wordCount":384,"publisher":{"@id":"https:\/\/portaldoestado.com.br\/#organization"},"image":{"@id":"https:\/\/portaldoestado.com.br\/index.php\/2026\/03\/04\/dr-valdor-neto-a-cirurgia-que-transforma-o-rosto-e-a-respiracao\/#primaryimage"},"thumbnailUrl":"https:\/\/portaldoestado.com.br\/wp-content\/uploads\/2026\/03\/IMG_8957.jpeg","articleSection":["Geral"],"inLanguage":"pt-BR"},{"@type":"WebPage","@id":"https:\/\/portaldoestado.com.br\/index.php\/2026\/03\/04\/dr-valdor-neto-a-cirurgia-que-transforma-o-rosto-e-a-respiracao\/","url":"https:\/\/portaldoestado.com.br\/index.php\/2026\/03\/04\/dr-valdor-neto-a-cirurgia-que-transforma-o-rosto-e-a-respiracao\/","name":"Dr. Valdor Neto: a cirurgia que transforma o rosto e a respira\u00e7\u00e3o - Portal do Estado","isPartOf":{"@id":"https:\/\/portaldoestado.com.br\/#website"},"primaryImageOfPage":{"@id":"https:\/\/portaldoestado.com.br\/index.php\/2026\/03\/04\/dr-valdor-neto-a-cirurgia-que-transforma-o-rosto-e-a-respiracao\/#primaryimage"},"image":{"@id":"https:\/\/portaldoestado.com.br\/index.php\/2026\/03\/04\/dr-valdor-neto-a-cirurgia-que-transforma-o-rosto-e-a-respiracao\/#primaryimage"},"thumbnailUrl":"https:\/\/portaldoestado.com.br\/wp-content\/uploads\/2026\/03\/IMG_8957.jpeg","datePublished":"2026-03-04T16:13:30+00:00","breadcrumb":{"@id":"https:\/\/portaldoestado.com.br\/index.php\/2026\/03\/04\/dr-valdor-neto-a-cirurgia-que-transforma-o-rosto-e-a-respiracao\/#breadcrumb"},"inLanguage":"pt-BR","potentialAction":[{"@type":"ReadAction","target":["https:\/\/portaldoestado.com.br\/index.php\/2026\/03\/04\/dr-valdor-neto-a-cirurgia-que-transforma-o-rosto-e-a-respiracao\/"]}]},{"@type":"ImageObject","inLanguage":"pt-BR","@id":"https:\/\/portaldoestado.com.br\/index.php\/2026\/03\/04\/dr-valdor-neto-a-cirurgia-que-transforma-o-rosto-e-a-respiracao\/#primaryimage","url":"https:\/\/portaldoestado.com.br\/wp-content\/uploads\/2026\/03\/IMG_8957.jpeg","contentUrl":"https:\/\/portaldoestado.com.br\/wp-content\/uploads\/2026\/03\/IMG_8957.jpeg","width":1320,"height":885},{"@type":"BreadcrumbList","@id":"https:\/\/portaldoestado.com.br\/index.php\/2026\/03\/04\/dr-valdor-neto-a-cirurgia-que-transforma-o-rosto-e-a-respiracao\/#breadcrumb","itemListElement":[{"@type":"ListItem","position":1,"name":"In\u00edcio","item":"https:\/\/portaldoestado.com.br\/"},{"@type":"ListItem","position":2,"name":"Dr. Valdor Neto: a cirurgia que transforma o rosto e a respira\u00e7\u00e3o"}]},{"@type":"WebSite","@id":"https:\/\/portaldoestado.com.br\/#website","url":"https:\/\/portaldoestado.com.br\/","name":"Portal do Estado","description":"","publisher":{"@id":"https:\/\/portaldoestado.com.br\/#organization"},"potentialAction":[{"@type":"SearchAction","target":{"@type":"EntryPoint","urlTemplate":"https:\/\/portaldoestado.com.br\/?s={search_term_string}"},"query-input":{"@type":"PropertyValueSpecification","valueRequired":true,"valueName":"search_term_string"}}],"inLanguage":"pt-BR"},{"@type":"Organization","@id":"https:\/\/portaldoestado.com.br\/#organization","name":"Portal do Estado","url":"https:\/\/portaldoestado.com.br\/","logo":{"@type":"ImageObject","inLanguage":"pt-BR","@id":"https:\/\/portaldoestado.com.br\/#\/schema\/logo\/image\/","url":"https:\/\/portaldoestado.com.br\/wp-content\/uploads\/2025\/04\/cropped-6f69b19a-6472-43bf-b1b3-e1910bbbd4e8.png","contentUrl":"https:\/\/portaldoestado.com.br\/wp-content\/uploads\/2025\/04\/cropped-6f69b19a-6472-43bf-b1b3-e1910bbbd4e8.png","width":1024,"height":350,"caption":"Portal do Estado"},"image":{"@id":"https:\/\/portaldoestado.com.br\/#\/schema\/logo\/image\/"}},{"@type":"Person","@id":"https:\/\/portaldoestado.com.br\/#\/schema\/person\/5ca0174f3c8c84b59da62ea14b698cb9","name":"assessoriadefamosos","image":{"@type":"ImageObject","inLanguage":"pt-BR","@id":"https:\/\/portaldoestado.com.br\/#\/schema\/person\/image\/","url":"https:\/\/secure.gravatar.com\/avatar\/a7acbdffcfbbae7240e59f47fe511ec5f5d8c252c779f0b8d9ab02a9e1d8c5ed?s=96&d=mm&r=g","contentUrl":"https:\/\/secure.gravatar.com\/avatar\/a7acbdffcfbbae7240e59f47fe511ec5f5d8c252c779f0b8d9ab02a9e1d8c5ed?s=96&d=mm&r=g","caption":"assessoriadefamosos"},"url":"https:\/\/portaldoestado.com.br\/index.php\/author\/assessoriadefamosos\/"}]}},"jetpack_featured_media_url":"https:\/\/portaldoestado.com.br\/wp-content\/uploads\/2026\/03\/IMG_8957.jpeg","_links":{"self":[{"href":"https:\/\/portaldoestado.com.br\/index.php\/wp-json\/wp\/v2\/posts\/7005","targetHints":{"allow":["GET"]}}],"collection":[{"href":"https:\/\/portaldoestado.com.br\/index.php\/wp-json\/wp\/v2\/posts"}],"about":[{"href":"https:\/\/portaldoestado.com.br\/index.php\/wp-json\/wp\/v2\/types\/post"}],"author":[{"embeddable":true,"href":"https:\/\/portaldoestado.com.br\/index.php\/wp-json\/wp\/v2\/users\/2"}],"replies":[{"embeddable":true,"href":"https:\/\/portaldoestado.com.br\/index.php\/wp-json\/wp\/v2\/comments?post=7005"}],"version-history":[{"count":1,"href":"https:\/\/portaldoestado.com.br\/index.php\/wp-json\/wp\/v2\/posts\/7005\/revisions"}],"predecessor-version":[{"id":7006,"href":"https:\/\/portaldoestado.com.br\/index.php\/wp-json\/wp\/v2\/posts\/7005\/revisions\/7006"}],"wp:featuredmedia":[{"embeddable":true,"href":"https:\/\/portaldoestado.com.br\/index.php\/wp-json\/wp\/v2\/media\/7004"}],"wp:attachment":[{"href":"https:\/\/portaldoestado.com.br\/index.php\/wp-json\/wp\/v2\/media?parent=7005"}],"wp:term":[{"taxonomy":"category","embeddable":true,"href":"https:\/\/portaldoestado.com.br\/index.php\/wp-json\/wp\/v2\/categories?post=7005"},{"taxonomy":"post_tag","embeddable":true,"href":"https:\/\/portaldoestado.com.br\/index.php\/wp-json\/wp\/v2\/tags?post=7005"}],"curies":[{"name":"wp","href":"https:\/\/api.w.org\/{rel}","templated":true}]}}