{"id":6990,"date":"2026-03-03T05:21:19","date_gmt":"2026-03-03T05:21:19","guid":{"rendered":"https:\/\/portaldoestado.com.br\/?p=6990"},"modified":"2026-03-03T05:21:19","modified_gmt":"2026-03-03T05:21:19","slug":"ze-felipe-exibe-nova-tatuagem-proxima-da-virilha-e-agita-as-redes-sociais","status":"publish","type":"post","link":"https:\/\/portaldoestado.com.br\/index.php\/2026\/03\/03\/ze-felipe-exibe-nova-tatuagem-proxima-da-virilha-e-agita-as-redes-sociais\/","title":{"rendered":"Z\u00e9 Felipe exibe nova tatuagem pr\u00f3xima da virilha e agita as redes sociais"},"content":{"rendered":"\n<p>Z\u00e9 Felipe voltou a dominar os trending topics ap\u00f3s compartilhar fotos de suas novas tatuagens. Entre os registros publicados, um detalhe espec\u00edfico roubou a cena: um desenho feito na regi\u00e3o da virilha, pr\u00f3ximo ao quadril, que rapidamente se tornou assunto nas redes sociais.<\/p>\n\n\n\n<p>A arte escolhida pelo cantor \u00e9 um cora\u00e7\u00e3o centralizado com tra\u00e7os que remetem aos raios de um sol, formando uma esp\u00e9cie de estrela ao redor do s\u00edmbolo. A imagem carrega um significado especial para o artista. Segundo interpreta\u00e7\u00f5es divulgadas por f\u00e3s, o cora\u00e7\u00e3o representa o amor e as emo\u00e7\u00f5es; a estrela simboliza luz, orienta\u00e7\u00e3o e prote\u00e7\u00e3o; enquanto o sol remete \u00e0 energia, for\u00e7a vital e renascimento \u2014 reunindo o conceito de \u201cAmor, Orienta\u00e7\u00e3o e Vida\u201d.<\/p>\n\n\n\n<p>Al\u00e9m do simbolismo, o local escolhido para a tatuagem tamb\u00e9m chamou aten\u00e7\u00e3o. O clique divulgado pelo cantor evidenciou a regi\u00e3o da virilha, o que gerou grande repercuss\u00e3o online. Internautas comentaram sobre o visual do artista e n\u00e3o economizaram elogios, fazendo com que o nome de Z\u00e9 Felipe rapidamente ganhasse destaque nas plataformas digitais.<\/p>\n\n\n\n<p>Solteiro e em evid\u00eancia tanto na vida pessoal quanto na carreira, o cantor foi apontado por f\u00e3s como um dos grandes s\u00edmbolos sexuais do momento. \u201cO homem sabe causar\u201d, escreveu um seguidor. \u201cPerfei\u00e7\u00e3o que fala, n\u00e9?\u201d, comentou outro.<\/p>\n\n\n\n<p>Entre significados profundos e a habitual intera\u00e7\u00e3o intensa do p\u00fablico, Z\u00e9 Felipe prova mais uma vez que qualquer novidade envolvendo seu nome \u00e9 capaz de parar a feed e movimentar a internet.<\/p>\n","protected":false},"excerpt":{"rendered":"<p>Z\u00e9 Felipe voltou a dominar os trending topics ap\u00f3s compartilhar fotos de suas novas tatuagens. Entre os registros publicados, um detalhe espec\u00edfico roubou a cena: um desenho feito na regi\u00e3o da virilha, pr\u00f3ximo ao quadril, que rapidamente se tornou assunto nas redes sociais. A arte escolhida pelo cantor \u00e9 um cora\u00e7\u00e3o centralizado com tra\u00e7os que \u2026<\/p>\n","protected":false},"author":2,"featured_media":6989,"comment_status":"closed","ping_status":"open","sticky":false,"template":"","format":"standard","meta":{"footnotes":""},"categories":[3],"tags":[],"class_list":["post-6990","post","type-post","status-publish","format-standard","has-post-thumbnail","hentry","category-famosos"],"yoast_head":"<!-- This site is optimized with the Yoast SEO plugin v25.5 - https:\/\/yoast.com\/wordpress\/plugins\/seo\/ -->\n<title>Z\u00e9 Felipe exibe nova tatuagem pr\u00f3xima da virilha e agita as redes sociais - Portal do Estado<\/title>\n<meta name=\"robots\" content=\"index, follow, max-snippet:-1, max-image-preview:large, max-video-preview:-1\" \/>\n<link rel=\"canonical\" href=\"https:\/\/portaldoestado.com.br\/index.php\/2026\/03\/03\/ze-felipe-exibe-nova-tatuagem-proxima-da-virilha-e-agita-as-redes-sociais\/\" \/>\n<meta property=\"og:locale\" content=\"pt_BR\" \/>\n<meta property=\"og:type\" content=\"article\" \/>\n<meta property=\"og:title\" content=\"Z\u00e9 Felipe exibe nova tatuagem pr\u00f3xima da virilha e agita as redes sociais - Portal do Estado\" \/>\n<meta property=\"og:description\" content=\"Z\u00e9 Felipe voltou a dominar os trending topics ap\u00f3s compartilhar fotos de suas novas tatuagens. Entre os registros publicados, um detalhe espec\u00edfico roubou a cena: um desenho feito na regi\u00e3o da virilha, pr\u00f3ximo ao quadril, que rapidamente se tornou assunto nas redes sociais. A arte escolhida pelo cantor \u00e9 um cora\u00e7\u00e3o centralizado com tra\u00e7os que \u2026\" \/>\n<meta property=\"og:url\" content=\"https:\/\/portaldoestado.com.br\/index.php\/2026\/03\/03\/ze-felipe-exibe-nova-tatuagem-proxima-da-virilha-e-agita-as-redes-sociais\/\" \/>\n<meta property=\"og:site_name\" content=\"Portal do Estado\" \/>\n<meta property=\"article:published_time\" content=\"2026-03-03T05:21:19+00:00\" \/>\n<meta property=\"og:image\" content=\"https:\/\/portaldoestado.com.br\/wp-content\/uploads\/2026\/03\/58d48aa7-179f-4284-b911-88a613477090.jpg\" \/>\n\t<meta property=\"og:image:width\" content=\"1285\" \/>\n\t<meta property=\"og:image:height\" content=\"773\" \/>\n\t<meta property=\"og:image:type\" content=\"image\/jpeg\" \/>\n<meta name=\"author\" content=\"assessoriadefamosos\" \/>\n<meta name=\"twitter:card\" content=\"summary_large_image\" \/>\n<meta name=\"twitter:label1\" content=\"Escrito por\" \/>\n\t<meta name=\"twitter:data1\" content=\"assessoriadefamosos\" \/>\n\t<meta name=\"twitter:label2\" content=\"Est. tempo de leitura\" \/>\n\t<meta name=\"twitter:data2\" content=\"1 minuto\" \/>\n<script type=\"application\/ld+json\" class=\"yoast-schema-graph\">{\"@context\":\"https:\/\/schema.org\",\"@graph\":[{\"@type\":\"Article\",\"@id\":\"https:\/\/portaldoestado.com.br\/index.php\/2026\/03\/03\/ze-felipe-exibe-nova-tatuagem-proxima-da-virilha-e-agita-as-redes-sociais\/#article\",\"isPartOf\":{\"@id\":\"https:\/\/portaldoestado.com.br\/index.php\/2026\/03\/03\/ze-felipe-exibe-nova-tatuagem-proxima-da-virilha-e-agita-as-redes-sociais\/\"},\"author\":{\"name\":\"assessoriadefamosos\",\"@id\":\"https:\/\/portaldoestado.com.br\/#\/schema\/person\/5ca0174f3c8c84b59da62ea14b698cb9\"},\"headline\":\"Z\u00e9 Felipe exibe nova tatuagem pr\u00f3xima da virilha e agita as redes sociais\",\"datePublished\":\"2026-03-03T05:21:19+00:00\",\"mainEntityOfPage\":{\"@id\":\"https:\/\/portaldoestado.com.br\/index.php\/2026\/03\/03\/ze-felipe-exibe-nova-tatuagem-proxima-da-virilha-e-agita-as-redes-sociais\/\"},\"wordCount\":279,\"publisher\":{\"@id\":\"https:\/\/portaldoestado.com.br\/#organization\"},\"image\":{\"@id\":\"https:\/\/portaldoestado.com.br\/index.php\/2026\/03\/03\/ze-felipe-exibe-nova-tatuagem-proxima-da-virilha-e-agita-as-redes-sociais\/#primaryimage\"},\"thumbnailUrl\":\"https:\/\/portaldoestado.com.br\/wp-content\/uploads\/2026\/03\/58d48aa7-179f-4284-b911-88a613477090.jpg\",\"articleSection\":[\"Famosos\"],\"inLanguage\":\"pt-BR\"},{\"@type\":\"WebPage\",\"@id\":\"https:\/\/portaldoestado.com.br\/index.php\/2026\/03\/03\/ze-felipe-exibe-nova-tatuagem-proxima-da-virilha-e-agita-as-redes-sociais\/\",\"url\":\"https:\/\/portaldoestado.com.br\/index.php\/2026\/03\/03\/ze-felipe-exibe-nova-tatuagem-proxima-da-virilha-e-agita-as-redes-sociais\/\",\"name\":\"Z\u00e9 Felipe exibe nova tatuagem pr\u00f3xima da virilha e agita as redes sociais - Portal do Estado\",\"isPartOf\":{\"@id\":\"https:\/\/portaldoestado.com.br\/#website\"},\"primaryImageOfPage\":{\"@id\":\"https:\/\/portaldoestado.com.br\/index.php\/2026\/03\/03\/ze-felipe-exibe-nova-tatuagem-proxima-da-virilha-e-agita-as-redes-sociais\/#primaryimage\"},\"image\":{\"@id\":\"https:\/\/portaldoestado.com.br\/index.php\/2026\/03\/03\/ze-felipe-exibe-nova-tatuagem-proxima-da-virilha-e-agita-as-redes-sociais\/#primaryimage\"},\"thumbnailUrl\":\"https:\/\/portaldoestado.com.br\/wp-content\/uploads\/2026\/03\/58d48aa7-179f-4284-b911-88a613477090.jpg\",\"datePublished\":\"2026-03-03T05:21:19+00:00\",\"breadcrumb\":{\"@id\":\"https:\/\/portaldoestado.com.br\/index.php\/2026\/03\/03\/ze-felipe-exibe-nova-tatuagem-proxima-da-virilha-e-agita-as-redes-sociais\/#breadcrumb\"},\"inLanguage\":\"pt-BR\",\"potentialAction\":[{\"@type\":\"ReadAction\",\"target\":[\"https:\/\/portaldoestado.com.br\/index.php\/2026\/03\/03\/ze-felipe-exibe-nova-tatuagem-proxima-da-virilha-e-agita-as-redes-sociais\/\"]}]},{\"@type\":\"ImageObject\",\"inLanguage\":\"pt-BR\",\"@id\":\"https:\/\/portaldoestado.com.br\/index.php\/2026\/03\/03\/ze-felipe-exibe-nova-tatuagem-proxima-da-virilha-e-agita-as-redes-sociais\/#primaryimage\",\"url\":\"https:\/\/portaldoestado.com.br\/wp-content\/uploads\/2026\/03\/58d48aa7-179f-4284-b911-88a613477090.jpg\",\"contentUrl\":\"https:\/\/portaldoestado.com.br\/wp-content\/uploads\/2026\/03\/58d48aa7-179f-4284-b911-88a613477090.jpg\",\"width\":1285,\"height\":773},{\"@type\":\"BreadcrumbList\",\"@id\":\"https:\/\/portaldoestado.com.br\/index.php\/2026\/03\/03\/ze-felipe-exibe-nova-tatuagem-proxima-da-virilha-e-agita-as-redes-sociais\/#breadcrumb\",\"itemListElement\":[{\"@type\":\"ListItem\",\"position\":1,\"name\":\"In\u00edcio\",\"item\":\"https:\/\/portaldoestado.com.br\/\"},{\"@type\":\"ListItem\",\"position\":2,\"name\":\"Z\u00e9 Felipe exibe nova tatuagem pr\u00f3xima da virilha e agita as redes sociais\"}]},{\"@type\":\"WebSite\",\"@id\":\"https:\/\/portaldoestado.com.br\/#website\",\"url\":\"https:\/\/portaldoestado.com.br\/\",\"name\":\"Portal do Estado\",\"description\":\"\",\"publisher\":{\"@id\":\"https:\/\/portaldoestado.com.br\/#organization\"},\"potentialAction\":[{\"@type\":\"SearchAction\",\"target\":{\"@type\":\"EntryPoint\",\"urlTemplate\":\"https:\/\/portaldoestado.com.br\/?s={search_term_string}\"},\"query-input\":{\"@type\":\"PropertyValueSpecification\",\"valueRequired\":true,\"valueName\":\"search_term_string\"}}],\"inLanguage\":\"pt-BR\"},{\"@type\":\"Organization\",\"@id\":\"https:\/\/portaldoestado.com.br\/#organization\",\"name\":\"Portal do Estado\",\"url\":\"https:\/\/portaldoestado.com.br\/\",\"logo\":{\"@type\":\"ImageObject\",\"inLanguage\":\"pt-BR\",\"@id\":\"https:\/\/portaldoestado.com.br\/#\/schema\/logo\/image\/\",\"url\":\"https:\/\/portaldoestado.com.br\/wp-content\/uploads\/2025\/04\/cropped-6f69b19a-6472-43bf-b1b3-e1910bbbd4e8.png\",\"contentUrl\":\"https:\/\/portaldoestado.com.br\/wp-content\/uploads\/2025\/04\/cropped-6f69b19a-6472-43bf-b1b3-e1910bbbd4e8.png\",\"width\":1024,\"height\":350,\"caption\":\"Portal do Estado\"},\"image\":{\"@id\":\"https:\/\/portaldoestado.com.br\/#\/schema\/logo\/image\/\"}},{\"@type\":\"Person\",\"@id\":\"https:\/\/portaldoestado.com.br\/#\/schema\/person\/5ca0174f3c8c84b59da62ea14b698cb9\",\"name\":\"assessoriadefamosos\",\"image\":{\"@type\":\"ImageObject\",\"inLanguage\":\"pt-BR\",\"@id\":\"https:\/\/portaldoestado.com.br\/#\/schema\/person\/image\/\",\"url\":\"https:\/\/secure.gravatar.com\/avatar\/a7acbdffcfbbae7240e59f47fe511ec5f5d8c252c779f0b8d9ab02a9e1d8c5ed?s=96&d=mm&r=g\",\"contentUrl\":\"https:\/\/secure.gravatar.com\/avatar\/a7acbdffcfbbae7240e59f47fe511ec5f5d8c252c779f0b8d9ab02a9e1d8c5ed?s=96&d=mm&r=g\",\"caption\":\"assessoriadefamosos\"},\"url\":\"https:\/\/portaldoestado.com.br\/index.php\/author\/assessoriadefamosos\/\"}]}<\/script>\n<!-- \/ Yoast SEO plugin. -->","yoast_head_json":{"title":"Z\u00e9 Felipe exibe nova tatuagem pr\u00f3xima da virilha e agita as redes sociais - Portal do Estado","robots":{"index":"index","follow":"follow","max-snippet":"max-snippet:-1","max-image-preview":"max-image-preview:large","max-video-preview":"max-video-preview:-1"},"canonical":"https:\/\/portaldoestado.com.br\/index.php\/2026\/03\/03\/ze-felipe-exibe-nova-tatuagem-proxima-da-virilha-e-agita-as-redes-sociais\/","og_locale":"pt_BR","og_type":"article","og_title":"Z\u00e9 Felipe exibe nova tatuagem pr\u00f3xima da virilha e agita as redes sociais - Portal do Estado","og_description":"Z\u00e9 Felipe voltou a dominar os trending topics ap\u00f3s compartilhar fotos de suas novas tatuagens. Entre os registros publicados, um detalhe espec\u00edfico roubou a cena: um desenho feito na regi\u00e3o da virilha, pr\u00f3ximo ao quadril, que rapidamente se tornou assunto nas redes sociais. A arte escolhida pelo cantor \u00e9 um cora\u00e7\u00e3o centralizado com tra\u00e7os que \u2026","og_url":"https:\/\/portaldoestado.com.br\/index.php\/2026\/03\/03\/ze-felipe-exibe-nova-tatuagem-proxima-da-virilha-e-agita-as-redes-sociais\/","og_site_name":"Portal do Estado","article_published_time":"2026-03-03T05:21:19+00:00","og_image":[{"width":1285,"height":773,"url":"https:\/\/portaldoestado.com.br\/wp-content\/uploads\/2026\/03\/58d48aa7-179f-4284-b911-88a613477090.jpg","type":"image\/jpeg"}],"author":"assessoriadefamosos","twitter_card":"summary_large_image","twitter_misc":{"Escrito por":"assessoriadefamosos","Est. tempo de leitura":"1 minuto"},"schema":{"@context":"https:\/\/schema.org","@graph":[{"@type":"Article","@id":"https:\/\/portaldoestado.com.br\/index.php\/2026\/03\/03\/ze-felipe-exibe-nova-tatuagem-proxima-da-virilha-e-agita-as-redes-sociais\/#article","isPartOf":{"@id":"https:\/\/portaldoestado.com.br\/index.php\/2026\/03\/03\/ze-felipe-exibe-nova-tatuagem-proxima-da-virilha-e-agita-as-redes-sociais\/"},"author":{"name":"assessoriadefamosos","@id":"https:\/\/portaldoestado.com.br\/#\/schema\/person\/5ca0174f3c8c84b59da62ea14b698cb9"},"headline":"Z\u00e9 Felipe exibe nova tatuagem pr\u00f3xima da virilha e agita as redes sociais","datePublished":"2026-03-03T05:21:19+00:00","mainEntityOfPage":{"@id":"https:\/\/portaldoestado.com.br\/index.php\/2026\/03\/03\/ze-felipe-exibe-nova-tatuagem-proxima-da-virilha-e-agita-as-redes-sociais\/"},"wordCount":279,"publisher":{"@id":"https:\/\/portaldoestado.com.br\/#organization"},"image":{"@id":"https:\/\/portaldoestado.com.br\/index.php\/2026\/03\/03\/ze-felipe-exibe-nova-tatuagem-proxima-da-virilha-e-agita-as-redes-sociais\/#primaryimage"},"thumbnailUrl":"https:\/\/portaldoestado.com.br\/wp-content\/uploads\/2026\/03\/58d48aa7-179f-4284-b911-88a613477090.jpg","articleSection":["Famosos"],"inLanguage":"pt-BR"},{"@type":"WebPage","@id":"https:\/\/portaldoestado.com.br\/index.php\/2026\/03\/03\/ze-felipe-exibe-nova-tatuagem-proxima-da-virilha-e-agita-as-redes-sociais\/","url":"https:\/\/portaldoestado.com.br\/index.php\/2026\/03\/03\/ze-felipe-exibe-nova-tatuagem-proxima-da-virilha-e-agita-as-redes-sociais\/","name":"Z\u00e9 Felipe exibe nova tatuagem pr\u00f3xima da virilha e agita as redes sociais - Portal do Estado","isPartOf":{"@id":"https:\/\/portaldoestado.com.br\/#website"},"primaryImageOfPage":{"@id":"https:\/\/portaldoestado.com.br\/index.php\/2026\/03\/03\/ze-felipe-exibe-nova-tatuagem-proxima-da-virilha-e-agita-as-redes-sociais\/#primaryimage"},"image":{"@id":"https:\/\/portaldoestado.com.br\/index.php\/2026\/03\/03\/ze-felipe-exibe-nova-tatuagem-proxima-da-virilha-e-agita-as-redes-sociais\/#primaryimage"},"thumbnailUrl":"https:\/\/portaldoestado.com.br\/wp-content\/uploads\/2026\/03\/58d48aa7-179f-4284-b911-88a613477090.jpg","datePublished":"2026-03-03T05:21:19+00:00","breadcrumb":{"@id":"https:\/\/portaldoestado.com.br\/index.php\/2026\/03\/03\/ze-felipe-exibe-nova-tatuagem-proxima-da-virilha-e-agita-as-redes-sociais\/#breadcrumb"},"inLanguage":"pt-BR","potentialAction":[{"@type":"ReadAction","target":["https:\/\/portaldoestado.com.br\/index.php\/2026\/03\/03\/ze-felipe-exibe-nova-tatuagem-proxima-da-virilha-e-agita-as-redes-sociais\/"]}]},{"@type":"ImageObject","inLanguage":"pt-BR","@id":"https:\/\/portaldoestado.com.br\/index.php\/2026\/03\/03\/ze-felipe-exibe-nova-tatuagem-proxima-da-virilha-e-agita-as-redes-sociais\/#primaryimage","url":"https:\/\/portaldoestado.com.br\/wp-content\/uploads\/2026\/03\/58d48aa7-179f-4284-b911-88a613477090.jpg","contentUrl":"https:\/\/portaldoestado.com.br\/wp-content\/uploads\/2026\/03\/58d48aa7-179f-4284-b911-88a613477090.jpg","width":1285,"height":773},{"@type":"BreadcrumbList","@id":"https:\/\/portaldoestado.com.br\/index.php\/2026\/03\/03\/ze-felipe-exibe-nova-tatuagem-proxima-da-virilha-e-agita-as-redes-sociais\/#breadcrumb","itemListElement":[{"@type":"ListItem","position":1,"name":"In\u00edcio","item":"https:\/\/portaldoestado.com.br\/"},{"@type":"ListItem","position":2,"name":"Z\u00e9 Felipe exibe nova tatuagem pr\u00f3xima da virilha e agita as redes sociais"}]},{"@type":"WebSite","@id":"https:\/\/portaldoestado.com.br\/#website","url":"https:\/\/portaldoestado.com.br\/","name":"Portal do Estado","description":"","publisher":{"@id":"https:\/\/portaldoestado.com.br\/#organization"},"potentialAction":[{"@type":"SearchAction","target":{"@type":"EntryPoint","urlTemplate":"https:\/\/portaldoestado.com.br\/?s={search_term_string}"},"query-input":{"@type":"PropertyValueSpecification","valueRequired":true,"valueName":"search_term_string"}}],"inLanguage":"pt-BR"},{"@type":"Organization","@id":"https:\/\/portaldoestado.com.br\/#organization","name":"Portal do Estado","url":"https:\/\/portaldoestado.com.br\/","logo":{"@type":"ImageObject","inLanguage":"pt-BR","@id":"https:\/\/portaldoestado.com.br\/#\/schema\/logo\/image\/","url":"https:\/\/portaldoestado.com.br\/wp-content\/uploads\/2025\/04\/cropped-6f69b19a-6472-43bf-b1b3-e1910bbbd4e8.png","contentUrl":"https:\/\/portaldoestado.com.br\/wp-content\/uploads\/2025\/04\/cropped-6f69b19a-6472-43bf-b1b3-e1910bbbd4e8.png","width":1024,"height":350,"caption":"Portal do Estado"},"image":{"@id":"https:\/\/portaldoestado.com.br\/#\/schema\/logo\/image\/"}},{"@type":"Person","@id":"https:\/\/portaldoestado.com.br\/#\/schema\/person\/5ca0174f3c8c84b59da62ea14b698cb9","name":"assessoriadefamosos","image":{"@type":"ImageObject","inLanguage":"pt-BR","@id":"https:\/\/portaldoestado.com.br\/#\/schema\/person\/image\/","url":"https:\/\/secure.gravatar.com\/avatar\/a7acbdffcfbbae7240e59f47fe511ec5f5d8c252c779f0b8d9ab02a9e1d8c5ed?s=96&d=mm&r=g","contentUrl":"https:\/\/secure.gravatar.com\/avatar\/a7acbdffcfbbae7240e59f47fe511ec5f5d8c252c779f0b8d9ab02a9e1d8c5ed?s=96&d=mm&r=g","caption":"assessoriadefamosos"},"url":"https:\/\/portaldoestado.com.br\/index.php\/author\/assessoriadefamosos\/"}]}},"jetpack_featured_media_url":"https:\/\/portaldoestado.com.br\/wp-content\/uploads\/2026\/03\/58d48aa7-179f-4284-b911-88a613477090.jpg","_links":{"self":[{"href":"https:\/\/portaldoestado.com.br\/index.php\/wp-json\/wp\/v2\/posts\/6990","targetHints":{"allow":["GET"]}}],"collection":[{"href":"https:\/\/portaldoestado.com.br\/index.php\/wp-json\/wp\/v2\/posts"}],"about":[{"href":"https:\/\/portaldoestado.com.br\/index.php\/wp-json\/wp\/v2\/types\/post"}],"author":[{"embeddable":true,"href":"https:\/\/portaldoestado.com.br\/index.php\/wp-json\/wp\/v2\/users\/2"}],"replies":[{"embeddable":true,"href":"https:\/\/portaldoestado.com.br\/index.php\/wp-json\/wp\/v2\/comments?post=6990"}],"version-history":[{"count":1,"href":"https:\/\/portaldoestado.com.br\/index.php\/wp-json\/wp\/v2\/posts\/6990\/revisions"}],"predecessor-version":[{"id":6991,"href":"https:\/\/portaldoestado.com.br\/index.php\/wp-json\/wp\/v2\/posts\/6990\/revisions\/6991"}],"wp:featuredmedia":[{"embeddable":true,"href":"https:\/\/portaldoestado.com.br\/index.php\/wp-json\/wp\/v2\/media\/6989"}],"wp:attachment":[{"href":"https:\/\/portaldoestado.com.br\/index.php\/wp-json\/wp\/v2\/media?parent=6990"}],"wp:term":[{"taxonomy":"category","embeddable":true,"href":"https:\/\/portaldoestado.com.br\/index.php\/wp-json\/wp\/v2\/categories?post=6990"},{"taxonomy":"post_tag","embeddable":true,"href":"https:\/\/portaldoestado.com.br\/index.php\/wp-json\/wp\/v2\/tags?post=6990"}],"curies":[{"name":"wp","href":"https:\/\/api.w.org\/{rel}","templated":true}]}}