{"id":6972,"date":"2026-03-02T20:03:44","date_gmt":"2026-03-02T20:03:44","guid":{"rendered":"https:\/\/portaldoestado.com.br\/?p=6972"},"modified":"2026-03-02T20:03:44","modified_gmt":"2026-03-02T20:03:44","slug":"em-meio-ao-temor-de-uma-guerra-mundial-profeta-alex-borges-o-jhoma-lanca-o-clamor-pelas-nacoes-e-mobiliza-oracao-diaria-pela-paz","status":"publish","type":"post","link":"https:\/\/portaldoestado.com.br\/index.php\/2026\/03\/02\/em-meio-ao-temor-de-uma-guerra-mundial-profeta-alex-borges-o-jhoma-lanca-o-clamor-pelas-nacoes-e-mobiliza-oracao-diaria-pela-paz\/","title":{"rendered":"Em meio ao temor de uma guerra mundial, Profeta Alex Borges, o Jhoma, lan\u00e7a o Clamor pelas Na\u00e7\u00f5es e mobiliza ora\u00e7\u00e3o di\u00e1ria pela paz"},"content":{"rendered":"\n<p><strong>O cen\u00e1rio internacional tem sido marcado por tens\u00e3o, inseguran\u00e7a e incertezas. Conflitos armados, amea\u00e7as diplom\u00e1ticas e o temor de uma poss\u00edvel guerra de grandes propor\u00e7\u00f5es t\u00eam despertado preocupa\u00e7\u00e3o em milh\u00f5es de pessoas ao redor do mundo. Diante desse contexto, cresce tamb\u00e9m a busca por f\u00e9, esperan\u00e7a e uni\u00e3o espiritual.<\/strong><\/p>\n\n\n\n<p><strong>Foi nesse momento delicado que o profeta Alex Borges, conhecido como Jhoma, decidiu agir. Segundo ele, ap\u00f3s um per\u00edodo de ora\u00e7\u00e3o, sentiu-se direcionado por Deus a levantar um clamor coletivo pelas na\u00e7\u00f5es, convocando pessoas de f\u00e9 a se unirem em intercess\u00e3o pela paz mundial.<\/strong><\/p>\n\n\n\n<p><strong>Assim nasceu o Clamor pelas Na\u00e7\u00f5es, um movimento de ora\u00e7\u00e3o di\u00e1ria que acontece sempre \u00e0s 15h, com o objetivo de apresentar diante de Deus os pa\u00edses que enfrentam guerras e conflitos, pedindo que a paz prevale\u00e7a.<\/strong><\/p>\n\n\n\n<p><strong>Em um v\u00eddeo divulgado nas redes sociais, Jhoma faz um convite direto a l\u00edderes religiosos e a todos que desejam participar:<\/strong><\/p>\n\n\n\n<p><strong>\u201cEu recebi uma orienta\u00e7\u00e3o de Deus para estarmos clamando, fazendo um prop\u00f3sito forte para cessar todas as guerras em todas as na\u00e7\u00f5es. Quero convocar voc\u00ea que ora, voc\u00ea que \u00e9 l\u00edder, mission\u00e1rio, pastor, padre, intercessor, para se unir a esse prop\u00f3sito. Eu creio que a ora\u00e7\u00e3o tem poder para mudar cen\u00e1rios.\u201d<\/strong><\/p>\n\n\n\n<p><strong>A escolha das 15h<\/strong><\/p>\n\n\n\n<p><strong>O hor\u00e1rio escolhido para o movimento n\u00e3o foi aleat\u00f3rio. As 15h, conhecidas biblicamente como hora nona, representam um momento espiritual significativo nas Escrituras.<\/strong><\/p>\n\n\n\n<p><strong>\u00c9 tradicionalmente associado ao hor\u00e1rio em que Jesus entregou Seu esp\u00edrito na cruz. No Antigo Testamento, tamb\u00e9m era o per\u00edodo do sacrif\u00edcio da tarde. J\u00e1 no Novo Testamento, \u00e9 nesse hor\u00e1rio que ocorrem epis\u00f3dios importantes de f\u00e9 e manifesta\u00e7\u00e3o divina.<\/strong><\/p>\n\n\n\n<p><strong>Para o profeta, orar nesse momento simboliza entrega, intercess\u00e3o profunda e confian\u00e7a na resposta de Deus.<\/strong><\/p>\n\n\n\n<p><strong>Um chamado al\u00e9m das denomina\u00e7\u00f5es<\/strong><\/p>\n\n\n\n<p><strong>O Clamor pelas Na\u00e7\u00f5es n\u00e3o est\u00e1 ligado a uma igreja espec\u00edfica. O movimento \u00e9 aberto a todos que desejam orar pela paz, independentemente de religi\u00e3o ou denomina\u00e7\u00e3o.<\/strong><\/p>\n\n\n\n<p><strong>A proposta \u00e9 simples: unir vozes em um mesmo hor\u00e1rio, todos os dias, clamando para que Deus intervenha nos conflitos e traga paz \u00e0s na\u00e7\u00f5es.<\/strong><\/p>\n\n\n\n<p><strong>Em tempos de medo e not\u00edcias preocupantes, o movimento surge como um convite \u00e0 unidade espiritual. Uma corrente de ora\u00e7\u00e3o que ultrapassa fronteiras e refor\u00e7a a ideia de que, mesmo em meio \u00e0 tens\u00e3o global, ainda \u00e9 poss\u00edvel escolher a f\u00e9 e a esperan\u00e7a.<\/strong><\/p>\n\n\n\n<p><strong>O convite est\u00e1 feito: <a href=\"https:\/\/chat.whatsapp.com\/IJR3psr4CnX3Cqq63z2MaN?mode=hq1tcli\">todos os dias, \u00e0s 15h<\/a>, um minuto de clamor pode se transformar em um grande movimento pela paz no mundo.<\/strong><\/p>\n\n\n\n<p>Clique <a href=\"https:\/\/chat.whatsapp.com\/IJR3psr4CnX3Cqq63z2MaN?mode=hq1tcli\">aqui<\/a> e entre no grupo Clamor pelas Na\u00e7\u00f5es!<\/p>\n","protected":false},"excerpt":{"rendered":"<p>O cen\u00e1rio internacional tem sido marcado por tens\u00e3o, inseguran\u00e7a e incertezas. Conflitos armados, amea\u00e7as diplom\u00e1ticas e o temor de uma poss\u00edvel guerra de grandes propor\u00e7\u00f5es t\u00eam despertado preocupa\u00e7\u00e3o em milh\u00f5es de pessoas ao redor do mundo. Diante desse contexto, cresce tamb\u00e9m a busca por f\u00e9, esperan\u00e7a e uni\u00e3o espiritual. Foi nesse momento delicado que o \u2026<\/p>\n","protected":false},"author":2,"featured_media":6971,"comment_status":"closed","ping_status":"open","sticky":false,"template":"","format":"standard","meta":{"footnotes":""},"categories":[4],"tags":[],"class_list":["post-6972","post","type-post","status-publish","format-standard","has-post-thumbnail","hentry","category-geral"],"yoast_head":"<!-- This site is optimized with the Yoast SEO plugin v25.5 - https:\/\/yoast.com\/wordpress\/plugins\/seo\/ -->\n<title>Em meio ao temor de uma guerra mundial, Profeta Alex Borges, o Jhoma, lan\u00e7a o Clamor pelas Na\u00e7\u00f5es e mobiliza ora\u00e7\u00e3o di\u00e1ria pela paz - Portal do Estado<\/title>\n<meta name=\"robots\" content=\"index, follow, max-snippet:-1, max-image-preview:large, max-video-preview:-1\" \/>\n<link rel=\"canonical\" href=\"https:\/\/portaldoestado.com.br\/index.php\/2026\/03\/02\/em-meio-ao-temor-de-uma-guerra-mundial-profeta-alex-borges-o-jhoma-lanca-o-clamor-pelas-nacoes-e-mobiliza-oracao-diaria-pela-paz\/\" \/>\n<meta property=\"og:locale\" content=\"pt_BR\" \/>\n<meta property=\"og:type\" content=\"article\" \/>\n<meta property=\"og:title\" content=\"Em meio ao temor de uma guerra mundial, Profeta Alex Borges, o Jhoma, lan\u00e7a o Clamor pelas Na\u00e7\u00f5es e mobiliza ora\u00e7\u00e3o di\u00e1ria pela paz - Portal do Estado\" \/>\n<meta property=\"og:description\" content=\"O cen\u00e1rio internacional tem sido marcado por tens\u00e3o, inseguran\u00e7a e incertezas. Conflitos armados, amea\u00e7as diplom\u00e1ticas e o temor de uma poss\u00edvel guerra de grandes propor\u00e7\u00f5es t\u00eam despertado preocupa\u00e7\u00e3o em milh\u00f5es de pessoas ao redor do mundo. Diante desse contexto, cresce tamb\u00e9m a busca por f\u00e9, esperan\u00e7a e uni\u00e3o espiritual. Foi nesse momento delicado que o \u2026\" \/>\n<meta property=\"og:url\" content=\"https:\/\/portaldoestado.com.br\/index.php\/2026\/03\/02\/em-meio-ao-temor-de-uma-guerra-mundial-profeta-alex-borges-o-jhoma-lanca-o-clamor-pelas-nacoes-e-mobiliza-oracao-diaria-pela-paz\/\" \/>\n<meta property=\"og:site_name\" content=\"Portal do Estado\" \/>\n<meta property=\"article:published_time\" content=\"2026-03-02T20:03:44+00:00\" \/>\n<meta property=\"og:image\" content=\"https:\/\/portaldoestado.com.br\/wp-content\/uploads\/2026\/03\/IMG_8838.jpeg\" \/>\n\t<meta property=\"og:image:width\" content=\"1320\" \/>\n\t<meta property=\"og:image:height\" content=\"837\" \/>\n\t<meta property=\"og:image:type\" content=\"image\/jpeg\" \/>\n<meta name=\"author\" content=\"assessoriadefamosos\" \/>\n<meta name=\"twitter:card\" content=\"summary_large_image\" \/>\n<meta name=\"twitter:label1\" content=\"Escrito por\" \/>\n\t<meta name=\"twitter:data1\" content=\"assessoriadefamosos\" \/>\n\t<meta name=\"twitter:label2\" content=\"Est. tempo de leitura\" \/>\n\t<meta name=\"twitter:data2\" content=\"2 minutos\" \/>\n<script type=\"application\/ld+json\" class=\"yoast-schema-graph\">{\"@context\":\"https:\/\/schema.org\",\"@graph\":[{\"@type\":\"Article\",\"@id\":\"https:\/\/portaldoestado.com.br\/index.php\/2026\/03\/02\/em-meio-ao-temor-de-uma-guerra-mundial-profeta-alex-borges-o-jhoma-lanca-o-clamor-pelas-nacoes-e-mobiliza-oracao-diaria-pela-paz\/#article\",\"isPartOf\":{\"@id\":\"https:\/\/portaldoestado.com.br\/index.php\/2026\/03\/02\/em-meio-ao-temor-de-uma-guerra-mundial-profeta-alex-borges-o-jhoma-lanca-o-clamor-pelas-nacoes-e-mobiliza-oracao-diaria-pela-paz\/\"},\"author\":{\"name\":\"assessoriadefamosos\",\"@id\":\"https:\/\/portaldoestado.com.br\/#\/schema\/person\/5ca0174f3c8c84b59da62ea14b698cb9\"},\"headline\":\"Em meio ao temor de uma guerra mundial, Profeta Alex Borges, o Jhoma, lan\u00e7a o Clamor pelas Na\u00e7\u00f5es e mobiliza ora\u00e7\u00e3o di\u00e1ria pela paz\",\"datePublished\":\"2026-03-02T20:03:44+00:00\",\"mainEntityOfPage\":{\"@id\":\"https:\/\/portaldoestado.com.br\/index.php\/2026\/03\/02\/em-meio-ao-temor-de-uma-guerra-mundial-profeta-alex-borges-o-jhoma-lanca-o-clamor-pelas-nacoes-e-mobiliza-oracao-diaria-pela-paz\/\"},\"wordCount\":500,\"publisher\":{\"@id\":\"https:\/\/portaldoestado.com.br\/#organization\"},\"image\":{\"@id\":\"https:\/\/portaldoestado.com.br\/index.php\/2026\/03\/02\/em-meio-ao-temor-de-uma-guerra-mundial-profeta-alex-borges-o-jhoma-lanca-o-clamor-pelas-nacoes-e-mobiliza-oracao-diaria-pela-paz\/#primaryimage\"},\"thumbnailUrl\":\"https:\/\/portaldoestado.com.br\/wp-content\/uploads\/2026\/03\/IMG_8838.jpeg\",\"articleSection\":[\"Geral\"],\"inLanguage\":\"pt-BR\"},{\"@type\":\"WebPage\",\"@id\":\"https:\/\/portaldoestado.com.br\/index.php\/2026\/03\/02\/em-meio-ao-temor-de-uma-guerra-mundial-profeta-alex-borges-o-jhoma-lanca-o-clamor-pelas-nacoes-e-mobiliza-oracao-diaria-pela-paz\/\",\"url\":\"https:\/\/portaldoestado.com.br\/index.php\/2026\/03\/02\/em-meio-ao-temor-de-uma-guerra-mundial-profeta-alex-borges-o-jhoma-lanca-o-clamor-pelas-nacoes-e-mobiliza-oracao-diaria-pela-paz\/\",\"name\":\"Em meio ao temor de uma guerra mundial, Profeta Alex Borges, o Jhoma, lan\u00e7a o Clamor pelas Na\u00e7\u00f5es e mobiliza ora\u00e7\u00e3o di\u00e1ria pela paz - Portal do Estado\",\"isPartOf\":{\"@id\":\"https:\/\/portaldoestado.com.br\/#website\"},\"primaryImageOfPage\":{\"@id\":\"https:\/\/portaldoestado.com.br\/index.php\/2026\/03\/02\/em-meio-ao-temor-de-uma-guerra-mundial-profeta-alex-borges-o-jhoma-lanca-o-clamor-pelas-nacoes-e-mobiliza-oracao-diaria-pela-paz\/#primaryimage\"},\"image\":{\"@id\":\"https:\/\/portaldoestado.com.br\/index.php\/2026\/03\/02\/em-meio-ao-temor-de-uma-guerra-mundial-profeta-alex-borges-o-jhoma-lanca-o-clamor-pelas-nacoes-e-mobiliza-oracao-diaria-pela-paz\/#primaryimage\"},\"thumbnailUrl\":\"https:\/\/portaldoestado.com.br\/wp-content\/uploads\/2026\/03\/IMG_8838.jpeg\",\"datePublished\":\"2026-03-02T20:03:44+00:00\",\"breadcrumb\":{\"@id\":\"https:\/\/portaldoestado.com.br\/index.php\/2026\/03\/02\/em-meio-ao-temor-de-uma-guerra-mundial-profeta-alex-borges-o-jhoma-lanca-o-clamor-pelas-nacoes-e-mobiliza-oracao-diaria-pela-paz\/#breadcrumb\"},\"inLanguage\":\"pt-BR\",\"potentialAction\":[{\"@type\":\"ReadAction\",\"target\":[\"https:\/\/portaldoestado.com.br\/index.php\/2026\/03\/02\/em-meio-ao-temor-de-uma-guerra-mundial-profeta-alex-borges-o-jhoma-lanca-o-clamor-pelas-nacoes-e-mobiliza-oracao-diaria-pela-paz\/\"]}]},{\"@type\":\"ImageObject\",\"inLanguage\":\"pt-BR\",\"@id\":\"https:\/\/portaldoestado.com.br\/index.php\/2026\/03\/02\/em-meio-ao-temor-de-uma-guerra-mundial-profeta-alex-borges-o-jhoma-lanca-o-clamor-pelas-nacoes-e-mobiliza-oracao-diaria-pela-paz\/#primaryimage\",\"url\":\"https:\/\/portaldoestado.com.br\/wp-content\/uploads\/2026\/03\/IMG_8838.jpeg\",\"contentUrl\":\"https:\/\/portaldoestado.com.br\/wp-content\/uploads\/2026\/03\/IMG_8838.jpeg\",\"width\":1320,\"height\":837},{\"@type\":\"BreadcrumbList\",\"@id\":\"https:\/\/portaldoestado.com.br\/index.php\/2026\/03\/02\/em-meio-ao-temor-de-uma-guerra-mundial-profeta-alex-borges-o-jhoma-lanca-o-clamor-pelas-nacoes-e-mobiliza-oracao-diaria-pela-paz\/#breadcrumb\",\"itemListElement\":[{\"@type\":\"ListItem\",\"position\":1,\"name\":\"In\u00edcio\",\"item\":\"https:\/\/portaldoestado.com.br\/\"},{\"@type\":\"ListItem\",\"position\":2,\"name\":\"Em meio ao temor de uma guerra mundial, Profeta Alex Borges, o Jhoma, lan\u00e7a o Clamor pelas Na\u00e7\u00f5es e mobiliza ora\u00e7\u00e3o di\u00e1ria pela paz\"}]},{\"@type\":\"WebSite\",\"@id\":\"https:\/\/portaldoestado.com.br\/#website\",\"url\":\"https:\/\/portaldoestado.com.br\/\",\"name\":\"Portal do Estado\",\"description\":\"\",\"publisher\":{\"@id\":\"https:\/\/portaldoestado.com.br\/#organization\"},\"potentialAction\":[{\"@type\":\"SearchAction\",\"target\":{\"@type\":\"EntryPoint\",\"urlTemplate\":\"https:\/\/portaldoestado.com.br\/?s={search_term_string}\"},\"query-input\":{\"@type\":\"PropertyValueSpecification\",\"valueRequired\":true,\"valueName\":\"search_term_string\"}}],\"inLanguage\":\"pt-BR\"},{\"@type\":\"Organization\",\"@id\":\"https:\/\/portaldoestado.com.br\/#organization\",\"name\":\"Portal do Estado\",\"url\":\"https:\/\/portaldoestado.com.br\/\",\"logo\":{\"@type\":\"ImageObject\",\"inLanguage\":\"pt-BR\",\"@id\":\"https:\/\/portaldoestado.com.br\/#\/schema\/logo\/image\/\",\"url\":\"https:\/\/portaldoestado.com.br\/wp-content\/uploads\/2025\/04\/cropped-6f69b19a-6472-43bf-b1b3-e1910bbbd4e8.png\",\"contentUrl\":\"https:\/\/portaldoestado.com.br\/wp-content\/uploads\/2025\/04\/cropped-6f69b19a-6472-43bf-b1b3-e1910bbbd4e8.png\",\"width\":1024,\"height\":350,\"caption\":\"Portal do Estado\"},\"image\":{\"@id\":\"https:\/\/portaldoestado.com.br\/#\/schema\/logo\/image\/\"}},{\"@type\":\"Person\",\"@id\":\"https:\/\/portaldoestado.com.br\/#\/schema\/person\/5ca0174f3c8c84b59da62ea14b698cb9\",\"name\":\"assessoriadefamosos\",\"image\":{\"@type\":\"ImageObject\",\"inLanguage\":\"pt-BR\",\"@id\":\"https:\/\/portaldoestado.com.br\/#\/schema\/person\/image\/\",\"url\":\"https:\/\/secure.gravatar.com\/avatar\/a7acbdffcfbbae7240e59f47fe511ec5f5d8c252c779f0b8d9ab02a9e1d8c5ed?s=96&d=mm&r=g\",\"contentUrl\":\"https:\/\/secure.gravatar.com\/avatar\/a7acbdffcfbbae7240e59f47fe511ec5f5d8c252c779f0b8d9ab02a9e1d8c5ed?s=96&d=mm&r=g\",\"caption\":\"assessoriadefamosos\"},\"url\":\"https:\/\/portaldoestado.com.br\/index.php\/author\/assessoriadefamosos\/\"}]}<\/script>\n<!-- \/ Yoast SEO plugin. -->","yoast_head_json":{"title":"Em meio ao temor de uma guerra mundial, Profeta Alex Borges, o Jhoma, lan\u00e7a o Clamor pelas Na\u00e7\u00f5es e mobiliza ora\u00e7\u00e3o di\u00e1ria pela paz - Portal do Estado","robots":{"index":"index","follow":"follow","max-snippet":"max-snippet:-1","max-image-preview":"max-image-preview:large","max-video-preview":"max-video-preview:-1"},"canonical":"https:\/\/portaldoestado.com.br\/index.php\/2026\/03\/02\/em-meio-ao-temor-de-uma-guerra-mundial-profeta-alex-borges-o-jhoma-lanca-o-clamor-pelas-nacoes-e-mobiliza-oracao-diaria-pela-paz\/","og_locale":"pt_BR","og_type":"article","og_title":"Em meio ao temor de uma guerra mundial, Profeta Alex Borges, o Jhoma, lan\u00e7a o Clamor pelas Na\u00e7\u00f5es e mobiliza ora\u00e7\u00e3o di\u00e1ria pela paz - Portal do Estado","og_description":"O cen\u00e1rio internacional tem sido marcado por tens\u00e3o, inseguran\u00e7a e incertezas. Conflitos armados, amea\u00e7as diplom\u00e1ticas e o temor de uma poss\u00edvel guerra de grandes propor\u00e7\u00f5es t\u00eam despertado preocupa\u00e7\u00e3o em milh\u00f5es de pessoas ao redor do mundo. Diante desse contexto, cresce tamb\u00e9m a busca por f\u00e9, esperan\u00e7a e uni\u00e3o espiritual. Foi nesse momento delicado que o \u2026","og_url":"https:\/\/portaldoestado.com.br\/index.php\/2026\/03\/02\/em-meio-ao-temor-de-uma-guerra-mundial-profeta-alex-borges-o-jhoma-lanca-o-clamor-pelas-nacoes-e-mobiliza-oracao-diaria-pela-paz\/","og_site_name":"Portal do Estado","article_published_time":"2026-03-02T20:03:44+00:00","og_image":[{"width":1320,"height":837,"url":"https:\/\/portaldoestado.com.br\/wp-content\/uploads\/2026\/03\/IMG_8838.jpeg","type":"image\/jpeg"}],"author":"assessoriadefamosos","twitter_card":"summary_large_image","twitter_misc":{"Escrito por":"assessoriadefamosos","Est. tempo de leitura":"2 minutos"},"schema":{"@context":"https:\/\/schema.org","@graph":[{"@type":"Article","@id":"https:\/\/portaldoestado.com.br\/index.php\/2026\/03\/02\/em-meio-ao-temor-de-uma-guerra-mundial-profeta-alex-borges-o-jhoma-lanca-o-clamor-pelas-nacoes-e-mobiliza-oracao-diaria-pela-paz\/#article","isPartOf":{"@id":"https:\/\/portaldoestado.com.br\/index.php\/2026\/03\/02\/em-meio-ao-temor-de-uma-guerra-mundial-profeta-alex-borges-o-jhoma-lanca-o-clamor-pelas-nacoes-e-mobiliza-oracao-diaria-pela-paz\/"},"author":{"name":"assessoriadefamosos","@id":"https:\/\/portaldoestado.com.br\/#\/schema\/person\/5ca0174f3c8c84b59da62ea14b698cb9"},"headline":"Em meio ao temor de uma guerra mundial, Profeta Alex Borges, o Jhoma, lan\u00e7a o Clamor pelas Na\u00e7\u00f5es e mobiliza ora\u00e7\u00e3o di\u00e1ria pela paz","datePublished":"2026-03-02T20:03:44+00:00","mainEntityOfPage":{"@id":"https:\/\/portaldoestado.com.br\/index.php\/2026\/03\/02\/em-meio-ao-temor-de-uma-guerra-mundial-profeta-alex-borges-o-jhoma-lanca-o-clamor-pelas-nacoes-e-mobiliza-oracao-diaria-pela-paz\/"},"wordCount":500,"publisher":{"@id":"https:\/\/portaldoestado.com.br\/#organization"},"image":{"@id":"https:\/\/portaldoestado.com.br\/index.php\/2026\/03\/02\/em-meio-ao-temor-de-uma-guerra-mundial-profeta-alex-borges-o-jhoma-lanca-o-clamor-pelas-nacoes-e-mobiliza-oracao-diaria-pela-paz\/#primaryimage"},"thumbnailUrl":"https:\/\/portaldoestado.com.br\/wp-content\/uploads\/2026\/03\/IMG_8838.jpeg","articleSection":["Geral"],"inLanguage":"pt-BR"},{"@type":"WebPage","@id":"https:\/\/portaldoestado.com.br\/index.php\/2026\/03\/02\/em-meio-ao-temor-de-uma-guerra-mundial-profeta-alex-borges-o-jhoma-lanca-o-clamor-pelas-nacoes-e-mobiliza-oracao-diaria-pela-paz\/","url":"https:\/\/portaldoestado.com.br\/index.php\/2026\/03\/02\/em-meio-ao-temor-de-uma-guerra-mundial-profeta-alex-borges-o-jhoma-lanca-o-clamor-pelas-nacoes-e-mobiliza-oracao-diaria-pela-paz\/","name":"Em meio ao temor de uma guerra mundial, Profeta Alex Borges, o Jhoma, lan\u00e7a o Clamor pelas Na\u00e7\u00f5es e mobiliza ora\u00e7\u00e3o di\u00e1ria pela paz - Portal do Estado","isPartOf":{"@id":"https:\/\/portaldoestado.com.br\/#website"},"primaryImageOfPage":{"@id":"https:\/\/portaldoestado.com.br\/index.php\/2026\/03\/02\/em-meio-ao-temor-de-uma-guerra-mundial-profeta-alex-borges-o-jhoma-lanca-o-clamor-pelas-nacoes-e-mobiliza-oracao-diaria-pela-paz\/#primaryimage"},"image":{"@id":"https:\/\/portaldoestado.com.br\/index.php\/2026\/03\/02\/em-meio-ao-temor-de-uma-guerra-mundial-profeta-alex-borges-o-jhoma-lanca-o-clamor-pelas-nacoes-e-mobiliza-oracao-diaria-pela-paz\/#primaryimage"},"thumbnailUrl":"https:\/\/portaldoestado.com.br\/wp-content\/uploads\/2026\/03\/IMG_8838.jpeg","datePublished":"2026-03-02T20:03:44+00:00","breadcrumb":{"@id":"https:\/\/portaldoestado.com.br\/index.php\/2026\/03\/02\/em-meio-ao-temor-de-uma-guerra-mundial-profeta-alex-borges-o-jhoma-lanca-o-clamor-pelas-nacoes-e-mobiliza-oracao-diaria-pela-paz\/#breadcrumb"},"inLanguage":"pt-BR","potentialAction":[{"@type":"ReadAction","target":["https:\/\/portaldoestado.com.br\/index.php\/2026\/03\/02\/em-meio-ao-temor-de-uma-guerra-mundial-profeta-alex-borges-o-jhoma-lanca-o-clamor-pelas-nacoes-e-mobiliza-oracao-diaria-pela-paz\/"]}]},{"@type":"ImageObject","inLanguage":"pt-BR","@id":"https:\/\/portaldoestado.com.br\/index.php\/2026\/03\/02\/em-meio-ao-temor-de-uma-guerra-mundial-profeta-alex-borges-o-jhoma-lanca-o-clamor-pelas-nacoes-e-mobiliza-oracao-diaria-pela-paz\/#primaryimage","url":"https:\/\/portaldoestado.com.br\/wp-content\/uploads\/2026\/03\/IMG_8838.jpeg","contentUrl":"https:\/\/portaldoestado.com.br\/wp-content\/uploads\/2026\/03\/IMG_8838.jpeg","width":1320,"height":837},{"@type":"BreadcrumbList","@id":"https:\/\/portaldoestado.com.br\/index.php\/2026\/03\/02\/em-meio-ao-temor-de-uma-guerra-mundial-profeta-alex-borges-o-jhoma-lanca-o-clamor-pelas-nacoes-e-mobiliza-oracao-diaria-pela-paz\/#breadcrumb","itemListElement":[{"@type":"ListItem","position":1,"name":"In\u00edcio","item":"https:\/\/portaldoestado.com.br\/"},{"@type":"ListItem","position":2,"name":"Em meio ao temor de uma guerra mundial, Profeta Alex Borges, o Jhoma, lan\u00e7a o Clamor pelas Na\u00e7\u00f5es e mobiliza ora\u00e7\u00e3o di\u00e1ria pela paz"}]},{"@type":"WebSite","@id":"https:\/\/portaldoestado.com.br\/#website","url":"https:\/\/portaldoestado.com.br\/","name":"Portal do Estado","description":"","publisher":{"@id":"https:\/\/portaldoestado.com.br\/#organization"},"potentialAction":[{"@type":"SearchAction","target":{"@type":"EntryPoint","urlTemplate":"https:\/\/portaldoestado.com.br\/?s={search_term_string}"},"query-input":{"@type":"PropertyValueSpecification","valueRequired":true,"valueName":"search_term_string"}}],"inLanguage":"pt-BR"},{"@type":"Organization","@id":"https:\/\/portaldoestado.com.br\/#organization","name":"Portal do Estado","url":"https:\/\/portaldoestado.com.br\/","logo":{"@type":"ImageObject","inLanguage":"pt-BR","@id":"https:\/\/portaldoestado.com.br\/#\/schema\/logo\/image\/","url":"https:\/\/portaldoestado.com.br\/wp-content\/uploads\/2025\/04\/cropped-6f69b19a-6472-43bf-b1b3-e1910bbbd4e8.png","contentUrl":"https:\/\/portaldoestado.com.br\/wp-content\/uploads\/2025\/04\/cropped-6f69b19a-6472-43bf-b1b3-e1910bbbd4e8.png","width":1024,"height":350,"caption":"Portal do Estado"},"image":{"@id":"https:\/\/portaldoestado.com.br\/#\/schema\/logo\/image\/"}},{"@type":"Person","@id":"https:\/\/portaldoestado.com.br\/#\/schema\/person\/5ca0174f3c8c84b59da62ea14b698cb9","name":"assessoriadefamosos","image":{"@type":"ImageObject","inLanguage":"pt-BR","@id":"https:\/\/portaldoestado.com.br\/#\/schema\/person\/image\/","url":"https:\/\/secure.gravatar.com\/avatar\/a7acbdffcfbbae7240e59f47fe511ec5f5d8c252c779f0b8d9ab02a9e1d8c5ed?s=96&d=mm&r=g","contentUrl":"https:\/\/secure.gravatar.com\/avatar\/a7acbdffcfbbae7240e59f47fe511ec5f5d8c252c779f0b8d9ab02a9e1d8c5ed?s=96&d=mm&r=g","caption":"assessoriadefamosos"},"url":"https:\/\/portaldoestado.com.br\/index.php\/author\/assessoriadefamosos\/"}]}},"jetpack_featured_media_url":"https:\/\/portaldoestado.com.br\/wp-content\/uploads\/2026\/03\/IMG_8838.jpeg","_links":{"self":[{"href":"https:\/\/portaldoestado.com.br\/index.php\/wp-json\/wp\/v2\/posts\/6972","targetHints":{"allow":["GET"]}}],"collection":[{"href":"https:\/\/portaldoestado.com.br\/index.php\/wp-json\/wp\/v2\/posts"}],"about":[{"href":"https:\/\/portaldoestado.com.br\/index.php\/wp-json\/wp\/v2\/types\/post"}],"author":[{"embeddable":true,"href":"https:\/\/portaldoestado.com.br\/index.php\/wp-json\/wp\/v2\/users\/2"}],"replies":[{"embeddable":true,"href":"https:\/\/portaldoestado.com.br\/index.php\/wp-json\/wp\/v2\/comments?post=6972"}],"version-history":[{"count":1,"href":"https:\/\/portaldoestado.com.br\/index.php\/wp-json\/wp\/v2\/posts\/6972\/revisions"}],"predecessor-version":[{"id":6973,"href":"https:\/\/portaldoestado.com.br\/index.php\/wp-json\/wp\/v2\/posts\/6972\/revisions\/6973"}],"wp:featuredmedia":[{"embeddable":true,"href":"https:\/\/portaldoestado.com.br\/index.php\/wp-json\/wp\/v2\/media\/6971"}],"wp:attachment":[{"href":"https:\/\/portaldoestado.com.br\/index.php\/wp-json\/wp\/v2\/media?parent=6972"}],"wp:term":[{"taxonomy":"category","embeddable":true,"href":"https:\/\/portaldoestado.com.br\/index.php\/wp-json\/wp\/v2\/categories?post=6972"},{"taxonomy":"post_tag","embeddable":true,"href":"https:\/\/portaldoestado.com.br\/index.php\/wp-json\/wp\/v2\/tags?post=6972"}],"curies":[{"name":"wp","href":"https:\/\/api.w.org\/{rel}","templated":true}]}}