{"id":6969,"date":"2026-03-02T00:38:50","date_gmt":"2026-03-02T00:38:50","guid":{"rendered":"https:\/\/portaldoestado.com.br\/?p=6969"},"modified":"2026-03-02T00:38:50","modified_gmt":"2026-03-02T00:38:50","slug":"rio-de-janeiro-celebra-461-anos-como-vitrine-do-brasil-para-o-mundo","status":"publish","type":"post","link":"https:\/\/portaldoestado.com.br\/index.php\/2026\/03\/02\/rio-de-janeiro-celebra-461-anos-como-vitrine-do-brasil-para-o-mundo\/","title":{"rendered":"Rio de Janeiro celebra 461 anos como vitrine do Brasil para o mundo"},"content":{"rendered":"\n<p>Neste 1\u00ba de mar\u00e7o, o Rio de Janeiro comemora 461 anos reafirmando seu posto como uma das cidades mais ic\u00f4nicas do planeta. Fundada em 1565 por Est\u00e1cio de S\u00e1, a capital fluminense construiu uma trajet\u00f3ria marcada por hist\u00f3ria, arte, diversidade e protagonismo internacional.<\/p>\n\n\n\n<p>Entre o azul do mar e o verde das montanhas, o Rio abriga cart\u00f5es-postais que atravessam gera\u00e7\u00f5es, como o imponente Cristo Redentor, eleito uma das Sete Maravilhas do Mundo Moderno, e o encantador P\u00e3o de A\u00e7\u00facar, que proporciona uma das vistas mais fotografadas do mundo.<\/p>\n\n\n\n<p>Mas o Rio vai muito al\u00e9m de suas belezas naturais. A cidade \u00e9 palco do maior espet\u00e1culo da Terra, com desfiles hist\u00f3ricos na Marqu\u00eas de Sapuca\u00ed, onde o samba ecoa como express\u00e3o m\u00e1xima da cultura brasileira. \u00c9 tamb\u00e9m ber\u00e7o de movimentos art\u00edsticos, tend\u00eancias e talentos que influenciam o pa\u00eds inteiro.<\/p>\n\n\n\n<p>Ao longo dos s\u00e9culos, o Rio foi capital do Brasil, recebeu grandes eventos internacionais e se consolidou como centro estrat\u00e9gico do turismo e da economia criativa. Sua identidade vibrante se renova a cada gera\u00e7\u00e3o, mantendo viva a ess\u00eancia acolhedora e festiva que conquista moradores e visitantes.<\/p>\n\n\n\n<p>O portal T\u00f4 Na Fama! presta sua homenagem a essa cidade que mistura tradi\u00e7\u00e3o e modernidade, resist\u00eancia e celebra\u00e7\u00e3o. Que o Rio de Janeiro continue brilhando, inspirando e mostrando ao mundo a for\u00e7a da cultura brasileira.<\/p>\n\n\n\n<p>Parab\u00e9ns, Cidade Maravilhosa!\u00a0<\/p>\n","protected":false},"excerpt":{"rendered":"<p>Neste 1\u00ba de mar\u00e7o, o Rio de Janeiro comemora 461 anos reafirmando seu posto como uma das cidades mais ic\u00f4nicas do planeta. Fundada em 1565 por Est\u00e1cio de S\u00e1, a capital fluminense construiu uma trajet\u00f3ria marcada por hist\u00f3ria, arte, diversidade e protagonismo internacional. Entre o azul do mar e o verde das montanhas, o Rio \u2026<\/p>\n","protected":false},"author":2,"featured_media":6968,"comment_status":"closed","ping_status":"open","sticky":false,"template":"","format":"standard","meta":{"footnotes":""},"categories":[4],"tags":[],"class_list":["post-6969","post","type-post","status-publish","format-standard","has-post-thumbnail","hentry","category-geral"],"yoast_head":"<!-- This site is optimized with the Yoast SEO plugin v25.5 - https:\/\/yoast.com\/wordpress\/plugins\/seo\/ -->\n<title>Rio de Janeiro celebra 461 anos como vitrine do Brasil para o mundo - Portal do Estado<\/title>\n<meta name=\"robots\" content=\"index, follow, max-snippet:-1, max-image-preview:large, max-video-preview:-1\" \/>\n<link rel=\"canonical\" href=\"https:\/\/portaldoestado.com.br\/index.php\/2026\/03\/02\/rio-de-janeiro-celebra-461-anos-como-vitrine-do-brasil-para-o-mundo\/\" \/>\n<meta property=\"og:locale\" content=\"pt_BR\" \/>\n<meta property=\"og:type\" content=\"article\" \/>\n<meta property=\"og:title\" content=\"Rio de Janeiro celebra 461 anos como vitrine do Brasil para o mundo - Portal do Estado\" \/>\n<meta property=\"og:description\" content=\"Neste 1\u00ba de mar\u00e7o, o Rio de Janeiro comemora 461 anos reafirmando seu posto como uma das cidades mais ic\u00f4nicas do planeta. Fundada em 1565 por Est\u00e1cio de S\u00e1, a capital fluminense construiu uma trajet\u00f3ria marcada por hist\u00f3ria, arte, diversidade e protagonismo internacional. Entre o azul do mar e o verde das montanhas, o Rio \u2026\" \/>\n<meta property=\"og:url\" content=\"https:\/\/portaldoestado.com.br\/index.php\/2026\/03\/02\/rio-de-janeiro-celebra-461-anos-como-vitrine-do-brasil-para-o-mundo\/\" \/>\n<meta property=\"og:site_name\" content=\"Portal do Estado\" \/>\n<meta property=\"article:published_time\" content=\"2026-03-02T00:38:50+00:00\" \/>\n<meta property=\"og:image\" content=\"https:\/\/portaldoestado.com.br\/wp-content\/uploads\/2026\/03\/IMG_8820.jpeg\" \/>\n\t<meta property=\"og:image:width\" content=\"1320\" \/>\n\t<meta property=\"og:image:height\" content=\"778\" \/>\n\t<meta property=\"og:image:type\" content=\"image\/jpeg\" \/>\n<meta name=\"author\" content=\"assessoriadefamosos\" \/>\n<meta name=\"twitter:card\" content=\"summary_large_image\" \/>\n<meta name=\"twitter:label1\" content=\"Escrito por\" \/>\n\t<meta name=\"twitter:data1\" content=\"assessoriadefamosos\" \/>\n\t<meta name=\"twitter:label2\" content=\"Est. tempo de leitura\" \/>\n\t<meta name=\"twitter:data2\" content=\"1 minuto\" \/>\n<script type=\"application\/ld+json\" class=\"yoast-schema-graph\">{\"@context\":\"https:\/\/schema.org\",\"@graph\":[{\"@type\":\"Article\",\"@id\":\"https:\/\/portaldoestado.com.br\/index.php\/2026\/03\/02\/rio-de-janeiro-celebra-461-anos-como-vitrine-do-brasil-para-o-mundo\/#article\",\"isPartOf\":{\"@id\":\"https:\/\/portaldoestado.com.br\/index.php\/2026\/03\/02\/rio-de-janeiro-celebra-461-anos-como-vitrine-do-brasil-para-o-mundo\/\"},\"author\":{\"name\":\"assessoriadefamosos\",\"@id\":\"https:\/\/portaldoestado.com.br\/#\/schema\/person\/5ca0174f3c8c84b59da62ea14b698cb9\"},\"headline\":\"Rio de Janeiro celebra 461 anos como vitrine do Brasil para o mundo\",\"datePublished\":\"2026-03-02T00:38:50+00:00\",\"mainEntityOfPage\":{\"@id\":\"https:\/\/portaldoestado.com.br\/index.php\/2026\/03\/02\/rio-de-janeiro-celebra-461-anos-como-vitrine-do-brasil-para-o-mundo\/\"},\"wordCount\":259,\"publisher\":{\"@id\":\"https:\/\/portaldoestado.com.br\/#organization\"},\"image\":{\"@id\":\"https:\/\/portaldoestado.com.br\/index.php\/2026\/03\/02\/rio-de-janeiro-celebra-461-anos-como-vitrine-do-brasil-para-o-mundo\/#primaryimage\"},\"thumbnailUrl\":\"https:\/\/portaldoestado.com.br\/wp-content\/uploads\/2026\/03\/IMG_8820.jpeg\",\"articleSection\":[\"Geral\"],\"inLanguage\":\"pt-BR\"},{\"@type\":\"WebPage\",\"@id\":\"https:\/\/portaldoestado.com.br\/index.php\/2026\/03\/02\/rio-de-janeiro-celebra-461-anos-como-vitrine-do-brasil-para-o-mundo\/\",\"url\":\"https:\/\/portaldoestado.com.br\/index.php\/2026\/03\/02\/rio-de-janeiro-celebra-461-anos-como-vitrine-do-brasil-para-o-mundo\/\",\"name\":\"Rio de Janeiro celebra 461 anos como vitrine do Brasil para o mundo - Portal do Estado\",\"isPartOf\":{\"@id\":\"https:\/\/portaldoestado.com.br\/#website\"},\"primaryImageOfPage\":{\"@id\":\"https:\/\/portaldoestado.com.br\/index.php\/2026\/03\/02\/rio-de-janeiro-celebra-461-anos-como-vitrine-do-brasil-para-o-mundo\/#primaryimage\"},\"image\":{\"@id\":\"https:\/\/portaldoestado.com.br\/index.php\/2026\/03\/02\/rio-de-janeiro-celebra-461-anos-como-vitrine-do-brasil-para-o-mundo\/#primaryimage\"},\"thumbnailUrl\":\"https:\/\/portaldoestado.com.br\/wp-content\/uploads\/2026\/03\/IMG_8820.jpeg\",\"datePublished\":\"2026-03-02T00:38:50+00:00\",\"breadcrumb\":{\"@id\":\"https:\/\/portaldoestado.com.br\/index.php\/2026\/03\/02\/rio-de-janeiro-celebra-461-anos-como-vitrine-do-brasil-para-o-mundo\/#breadcrumb\"},\"inLanguage\":\"pt-BR\",\"potentialAction\":[{\"@type\":\"ReadAction\",\"target\":[\"https:\/\/portaldoestado.com.br\/index.php\/2026\/03\/02\/rio-de-janeiro-celebra-461-anos-como-vitrine-do-brasil-para-o-mundo\/\"]}]},{\"@type\":\"ImageObject\",\"inLanguage\":\"pt-BR\",\"@id\":\"https:\/\/portaldoestado.com.br\/index.php\/2026\/03\/02\/rio-de-janeiro-celebra-461-anos-como-vitrine-do-brasil-para-o-mundo\/#primaryimage\",\"url\":\"https:\/\/portaldoestado.com.br\/wp-content\/uploads\/2026\/03\/IMG_8820.jpeg\",\"contentUrl\":\"https:\/\/portaldoestado.com.br\/wp-content\/uploads\/2026\/03\/IMG_8820.jpeg\",\"width\":1320,\"height\":778},{\"@type\":\"BreadcrumbList\",\"@id\":\"https:\/\/portaldoestado.com.br\/index.php\/2026\/03\/02\/rio-de-janeiro-celebra-461-anos-como-vitrine-do-brasil-para-o-mundo\/#breadcrumb\",\"itemListElement\":[{\"@type\":\"ListItem\",\"position\":1,\"name\":\"In\u00edcio\",\"item\":\"https:\/\/portaldoestado.com.br\/\"},{\"@type\":\"ListItem\",\"position\":2,\"name\":\"Rio de Janeiro celebra 461 anos como vitrine do Brasil para o mundo\"}]},{\"@type\":\"WebSite\",\"@id\":\"https:\/\/portaldoestado.com.br\/#website\",\"url\":\"https:\/\/portaldoestado.com.br\/\",\"name\":\"Portal do Estado\",\"description\":\"\",\"publisher\":{\"@id\":\"https:\/\/portaldoestado.com.br\/#organization\"},\"potentialAction\":[{\"@type\":\"SearchAction\",\"target\":{\"@type\":\"EntryPoint\",\"urlTemplate\":\"https:\/\/portaldoestado.com.br\/?s={search_term_string}\"},\"query-input\":{\"@type\":\"PropertyValueSpecification\",\"valueRequired\":true,\"valueName\":\"search_term_string\"}}],\"inLanguage\":\"pt-BR\"},{\"@type\":\"Organization\",\"@id\":\"https:\/\/portaldoestado.com.br\/#organization\",\"name\":\"Portal do Estado\",\"url\":\"https:\/\/portaldoestado.com.br\/\",\"logo\":{\"@type\":\"ImageObject\",\"inLanguage\":\"pt-BR\",\"@id\":\"https:\/\/portaldoestado.com.br\/#\/schema\/logo\/image\/\",\"url\":\"https:\/\/portaldoestado.com.br\/wp-content\/uploads\/2025\/04\/cropped-6f69b19a-6472-43bf-b1b3-e1910bbbd4e8.png\",\"contentUrl\":\"https:\/\/portaldoestado.com.br\/wp-content\/uploads\/2025\/04\/cropped-6f69b19a-6472-43bf-b1b3-e1910bbbd4e8.png\",\"width\":1024,\"height\":350,\"caption\":\"Portal do Estado\"},\"image\":{\"@id\":\"https:\/\/portaldoestado.com.br\/#\/schema\/logo\/image\/\"}},{\"@type\":\"Person\",\"@id\":\"https:\/\/portaldoestado.com.br\/#\/schema\/person\/5ca0174f3c8c84b59da62ea14b698cb9\",\"name\":\"assessoriadefamosos\",\"image\":{\"@type\":\"ImageObject\",\"inLanguage\":\"pt-BR\",\"@id\":\"https:\/\/portaldoestado.com.br\/#\/schema\/person\/image\/\",\"url\":\"https:\/\/secure.gravatar.com\/avatar\/a7acbdffcfbbae7240e59f47fe511ec5f5d8c252c779f0b8d9ab02a9e1d8c5ed?s=96&d=mm&r=g\",\"contentUrl\":\"https:\/\/secure.gravatar.com\/avatar\/a7acbdffcfbbae7240e59f47fe511ec5f5d8c252c779f0b8d9ab02a9e1d8c5ed?s=96&d=mm&r=g\",\"caption\":\"assessoriadefamosos\"},\"url\":\"https:\/\/portaldoestado.com.br\/index.php\/author\/assessoriadefamosos\/\"}]}<\/script>\n<!-- \/ Yoast SEO plugin. -->","yoast_head_json":{"title":"Rio de Janeiro celebra 461 anos como vitrine do Brasil para o mundo - Portal do Estado","robots":{"index":"index","follow":"follow","max-snippet":"max-snippet:-1","max-image-preview":"max-image-preview:large","max-video-preview":"max-video-preview:-1"},"canonical":"https:\/\/portaldoestado.com.br\/index.php\/2026\/03\/02\/rio-de-janeiro-celebra-461-anos-como-vitrine-do-brasil-para-o-mundo\/","og_locale":"pt_BR","og_type":"article","og_title":"Rio de Janeiro celebra 461 anos como vitrine do Brasil para o mundo - Portal do Estado","og_description":"Neste 1\u00ba de mar\u00e7o, o Rio de Janeiro comemora 461 anos reafirmando seu posto como uma das cidades mais ic\u00f4nicas do planeta. Fundada em 1565 por Est\u00e1cio de S\u00e1, a capital fluminense construiu uma trajet\u00f3ria marcada por hist\u00f3ria, arte, diversidade e protagonismo internacional. Entre o azul do mar e o verde das montanhas, o Rio \u2026","og_url":"https:\/\/portaldoestado.com.br\/index.php\/2026\/03\/02\/rio-de-janeiro-celebra-461-anos-como-vitrine-do-brasil-para-o-mundo\/","og_site_name":"Portal do Estado","article_published_time":"2026-03-02T00:38:50+00:00","og_image":[{"width":1320,"height":778,"url":"https:\/\/portaldoestado.com.br\/wp-content\/uploads\/2026\/03\/IMG_8820.jpeg","type":"image\/jpeg"}],"author":"assessoriadefamosos","twitter_card":"summary_large_image","twitter_misc":{"Escrito por":"assessoriadefamosos","Est. tempo de leitura":"1 minuto"},"schema":{"@context":"https:\/\/schema.org","@graph":[{"@type":"Article","@id":"https:\/\/portaldoestado.com.br\/index.php\/2026\/03\/02\/rio-de-janeiro-celebra-461-anos-como-vitrine-do-brasil-para-o-mundo\/#article","isPartOf":{"@id":"https:\/\/portaldoestado.com.br\/index.php\/2026\/03\/02\/rio-de-janeiro-celebra-461-anos-como-vitrine-do-brasil-para-o-mundo\/"},"author":{"name":"assessoriadefamosos","@id":"https:\/\/portaldoestado.com.br\/#\/schema\/person\/5ca0174f3c8c84b59da62ea14b698cb9"},"headline":"Rio de Janeiro celebra 461 anos como vitrine do Brasil para o mundo","datePublished":"2026-03-02T00:38:50+00:00","mainEntityOfPage":{"@id":"https:\/\/portaldoestado.com.br\/index.php\/2026\/03\/02\/rio-de-janeiro-celebra-461-anos-como-vitrine-do-brasil-para-o-mundo\/"},"wordCount":259,"publisher":{"@id":"https:\/\/portaldoestado.com.br\/#organization"},"image":{"@id":"https:\/\/portaldoestado.com.br\/index.php\/2026\/03\/02\/rio-de-janeiro-celebra-461-anos-como-vitrine-do-brasil-para-o-mundo\/#primaryimage"},"thumbnailUrl":"https:\/\/portaldoestado.com.br\/wp-content\/uploads\/2026\/03\/IMG_8820.jpeg","articleSection":["Geral"],"inLanguage":"pt-BR"},{"@type":"WebPage","@id":"https:\/\/portaldoestado.com.br\/index.php\/2026\/03\/02\/rio-de-janeiro-celebra-461-anos-como-vitrine-do-brasil-para-o-mundo\/","url":"https:\/\/portaldoestado.com.br\/index.php\/2026\/03\/02\/rio-de-janeiro-celebra-461-anos-como-vitrine-do-brasil-para-o-mundo\/","name":"Rio de Janeiro celebra 461 anos como vitrine do Brasil para o mundo - Portal do Estado","isPartOf":{"@id":"https:\/\/portaldoestado.com.br\/#website"},"primaryImageOfPage":{"@id":"https:\/\/portaldoestado.com.br\/index.php\/2026\/03\/02\/rio-de-janeiro-celebra-461-anos-como-vitrine-do-brasil-para-o-mundo\/#primaryimage"},"image":{"@id":"https:\/\/portaldoestado.com.br\/index.php\/2026\/03\/02\/rio-de-janeiro-celebra-461-anos-como-vitrine-do-brasil-para-o-mundo\/#primaryimage"},"thumbnailUrl":"https:\/\/portaldoestado.com.br\/wp-content\/uploads\/2026\/03\/IMG_8820.jpeg","datePublished":"2026-03-02T00:38:50+00:00","breadcrumb":{"@id":"https:\/\/portaldoestado.com.br\/index.php\/2026\/03\/02\/rio-de-janeiro-celebra-461-anos-como-vitrine-do-brasil-para-o-mundo\/#breadcrumb"},"inLanguage":"pt-BR","potentialAction":[{"@type":"ReadAction","target":["https:\/\/portaldoestado.com.br\/index.php\/2026\/03\/02\/rio-de-janeiro-celebra-461-anos-como-vitrine-do-brasil-para-o-mundo\/"]}]},{"@type":"ImageObject","inLanguage":"pt-BR","@id":"https:\/\/portaldoestado.com.br\/index.php\/2026\/03\/02\/rio-de-janeiro-celebra-461-anos-como-vitrine-do-brasil-para-o-mundo\/#primaryimage","url":"https:\/\/portaldoestado.com.br\/wp-content\/uploads\/2026\/03\/IMG_8820.jpeg","contentUrl":"https:\/\/portaldoestado.com.br\/wp-content\/uploads\/2026\/03\/IMG_8820.jpeg","width":1320,"height":778},{"@type":"BreadcrumbList","@id":"https:\/\/portaldoestado.com.br\/index.php\/2026\/03\/02\/rio-de-janeiro-celebra-461-anos-como-vitrine-do-brasil-para-o-mundo\/#breadcrumb","itemListElement":[{"@type":"ListItem","position":1,"name":"In\u00edcio","item":"https:\/\/portaldoestado.com.br\/"},{"@type":"ListItem","position":2,"name":"Rio de Janeiro celebra 461 anos como vitrine do Brasil para o mundo"}]},{"@type":"WebSite","@id":"https:\/\/portaldoestado.com.br\/#website","url":"https:\/\/portaldoestado.com.br\/","name":"Portal do Estado","description":"","publisher":{"@id":"https:\/\/portaldoestado.com.br\/#organization"},"potentialAction":[{"@type":"SearchAction","target":{"@type":"EntryPoint","urlTemplate":"https:\/\/portaldoestado.com.br\/?s={search_term_string}"},"query-input":{"@type":"PropertyValueSpecification","valueRequired":true,"valueName":"search_term_string"}}],"inLanguage":"pt-BR"},{"@type":"Organization","@id":"https:\/\/portaldoestado.com.br\/#organization","name":"Portal do Estado","url":"https:\/\/portaldoestado.com.br\/","logo":{"@type":"ImageObject","inLanguage":"pt-BR","@id":"https:\/\/portaldoestado.com.br\/#\/schema\/logo\/image\/","url":"https:\/\/portaldoestado.com.br\/wp-content\/uploads\/2025\/04\/cropped-6f69b19a-6472-43bf-b1b3-e1910bbbd4e8.png","contentUrl":"https:\/\/portaldoestado.com.br\/wp-content\/uploads\/2025\/04\/cropped-6f69b19a-6472-43bf-b1b3-e1910bbbd4e8.png","width":1024,"height":350,"caption":"Portal do Estado"},"image":{"@id":"https:\/\/portaldoestado.com.br\/#\/schema\/logo\/image\/"}},{"@type":"Person","@id":"https:\/\/portaldoestado.com.br\/#\/schema\/person\/5ca0174f3c8c84b59da62ea14b698cb9","name":"assessoriadefamosos","image":{"@type":"ImageObject","inLanguage":"pt-BR","@id":"https:\/\/portaldoestado.com.br\/#\/schema\/person\/image\/","url":"https:\/\/secure.gravatar.com\/avatar\/a7acbdffcfbbae7240e59f47fe511ec5f5d8c252c779f0b8d9ab02a9e1d8c5ed?s=96&d=mm&r=g","contentUrl":"https:\/\/secure.gravatar.com\/avatar\/a7acbdffcfbbae7240e59f47fe511ec5f5d8c252c779f0b8d9ab02a9e1d8c5ed?s=96&d=mm&r=g","caption":"assessoriadefamosos"},"url":"https:\/\/portaldoestado.com.br\/index.php\/author\/assessoriadefamosos\/"}]}},"jetpack_featured_media_url":"https:\/\/portaldoestado.com.br\/wp-content\/uploads\/2026\/03\/IMG_8820.jpeg","_links":{"self":[{"href":"https:\/\/portaldoestado.com.br\/index.php\/wp-json\/wp\/v2\/posts\/6969","targetHints":{"allow":["GET"]}}],"collection":[{"href":"https:\/\/portaldoestado.com.br\/index.php\/wp-json\/wp\/v2\/posts"}],"about":[{"href":"https:\/\/portaldoestado.com.br\/index.php\/wp-json\/wp\/v2\/types\/post"}],"author":[{"embeddable":true,"href":"https:\/\/portaldoestado.com.br\/index.php\/wp-json\/wp\/v2\/users\/2"}],"replies":[{"embeddable":true,"href":"https:\/\/portaldoestado.com.br\/index.php\/wp-json\/wp\/v2\/comments?post=6969"}],"version-history":[{"count":1,"href":"https:\/\/portaldoestado.com.br\/index.php\/wp-json\/wp\/v2\/posts\/6969\/revisions"}],"predecessor-version":[{"id":6970,"href":"https:\/\/portaldoestado.com.br\/index.php\/wp-json\/wp\/v2\/posts\/6969\/revisions\/6970"}],"wp:featuredmedia":[{"embeddable":true,"href":"https:\/\/portaldoestado.com.br\/index.php\/wp-json\/wp\/v2\/media\/6968"}],"wp:attachment":[{"href":"https:\/\/portaldoestado.com.br\/index.php\/wp-json\/wp\/v2\/media?parent=6969"}],"wp:term":[{"taxonomy":"category","embeddable":true,"href":"https:\/\/portaldoestado.com.br\/index.php\/wp-json\/wp\/v2\/categories?post=6969"},{"taxonomy":"post_tag","embeddable":true,"href":"https:\/\/portaldoestado.com.br\/index.php\/wp-json\/wp\/v2\/tags?post=6969"}],"curies":[{"name":"wp","href":"https:\/\/api.w.org\/{rel}","templated":true}]}}