{"id":6966,"date":"2026-03-01T09:24:45","date_gmt":"2026-03-01T09:24:45","guid":{"rendered":"https:\/\/portaldoestado.com.br\/?p=6966"},"modified":"2026-03-01T09:24:45","modified_gmt":"2026-03-01T09:24:45","slug":"camarote-no1-brahma-brilha-no-desfile-das-campeas-e-fecha-carnaval-2026-em-alta","status":"publish","type":"post","link":"https:\/\/portaldoestado.com.br\/index.php\/2026\/03\/01\/camarote-no1-brahma-brilha-no-desfile-das-campeas-e-fecha-carnaval-2026-em-alta\/","title":{"rendered":"Camarote N\u00ba1 Brahma brilha no Desfile das Campe\u00e3s e fecha Carnaval 2026 em alta"},"content":{"rendered":"\n<p>O Desfile das Campe\u00e3s, realizado no dia 21 de fevereiro, marcou o encerramento do Carnaval 2026 com uma noite de alto n\u00edvel na Marqu\u00eas de Sapuca\u00ed. Entre os espa\u00e7os mais disputados da avenida, o Camarote N\u00ba1 Brahma se destacou mais uma vez ao entregar uma experi\u00eancia completa, reunindo conforto, entretenimento e um p\u00fablico seleto.<\/p>\n\n\n\n<p>Com estrutura elogiada e opera\u00e7\u00e3o impec\u00e1vel, o camarote proporcionou aos convidados uma viv\u00eancia diferenciada. O open bar completo e o open food de padr\u00e3o elevado foram pontos fortes da noite, garantindo uma experi\u00eancia gastron\u00f4mica \u00e0 altura da grandiosidade do evento. A organiza\u00e7\u00e3o e o atendimento tamb\u00e9m chamaram aten\u00e7\u00e3o, refor\u00e7ando o posicionamento do espa\u00e7o como refer\u00eancia no Carnaval carioca.<\/p>\n\n\n\n<p>Presente na noite, o apresentador Thiago Michelasi acompanhou tudo de perto e destacou a excel\u00eancia do evento. Impressionado com a qualidade da entrega, ele circulou pelo ambiente, conversou com convidados e personalidades e trouxe conte\u00fados exclusivos diretamente do local, ampliando a cobertura dos bastidores de um dos eventos mais prestigiados da festa.<\/p>\n\n\n\n<p>O camarote tamb\u00e9m foi ponto de encontro de diversos famosos, que escolheram o espa\u00e7o para assistir ao desfile e celebrar o encerramento da temporada. Entre m\u00fasica, encontros e celebra\u00e7\u00e3o, o ambiente manteve clima animado do in\u00edcio ao fim, acompanhando a energia das escolas campe\u00e3s na avenida.<\/p>\n\n\n\n<p>Com mais uma edi\u00e7\u00e3o consolidada como sucesso, o Camarote N\u00ba1 Brahma j\u00e1 abriu a pr\u00e9-venda para o Carnaval 2027. Os interessados podem garantir presen\u00e7a antecipadamente por meio do Instagram oficial @<a href=\"http:\/\/instagram.com\/camaroten1\">camaroten1<\/a>, onde est\u00e3o dispon\u00edveis as informa\u00e7\u00f5es para acesso e compra.<\/p>\n\n\n\n<p>Ap\u00f3s uma temporada marcante, o N\u00ba1 se despede do Carnaval 2026 refor\u00e7ando seu lugar entre os espa\u00e7os mais desejados da Sapuca\u00ed e j\u00e1 projetando uma pr\u00f3xima edi\u00e7\u00e3o ainda mais grandiosa.<\/p>\n\n\n<!-- wp:image \"id\":105783,\"align\":\"center\" -->\n<figure class=\"wp-block-image aligncenter\"><img decoding=\"async\" src=\"https:\/\/tonafama.ig.com.br\/wp-content\/uploads\/2026\/03\/6a3ef983-6077-4d7d-8556-0b68b236a5e1-1024x576.jpg\" alt=\"\" class=\"wp-image-105783\"\/><\/figure>\n<!-- \/wp:post-content -->\n\n<!-- wp:image \"id\":105784,\"align\":\"center\" -->\n<figure class=\"wp-block-image aligncenter\"><img decoding=\"async\" src=\"https:\/\/tonafama.ig.com.br\/wp-content\/uploads\/2026\/03\/c9ec6cc2-1fa6-43d5-9b72-8ed507f890f9-1024x576.jpg\" alt=\"\" class=\"wp-image-105784\"\/><\/figure>\n<!-- \/wp:image -->\n\n<!-- wp:image \"id\":105785,\"align\":\"center\" -->\n<figure class=\"wp-block-image aligncenter\"><img decoding=\"async\" src=\"https:\/\/tonafama.ig.com.br\/wp-content\/uploads\/2026\/03\/7ca1c00c-d936-4b25-a1a6-eb90c001647a-1024x548.jpg\" alt=\"\" class=\"wp-image-105785\"\/><\/figure>\n<!-- \/wp:image -->\n\n<!-- wp:image \"id\":105786,\"align\":\"center\" -->\n<figure class=\"wp-block-image aligncenter\"><img decoding=\"async\" src=\"https:\/\/tonafama.ig.com.br\/wp-content\/uploads\/2026\/03\/b2881ca5-dbfe-4337-9269-462bd1747457-1024x551.jpg\" alt=\"\" class=\"wp-image-105786\"\/><\/figure>\n<!-- \/wp:image -->","protected":false},"excerpt":{"rendered":"<p>O Desfile das Campe\u00e3s, realizado no dia 21 de fevereiro, marcou o encerramento do Carnaval 2026 com uma noite de alto n\u00edvel na Marqu\u00eas de Sapuca\u00ed. Entre os espa\u00e7os mais disputados da avenida, o Camarote N\u00ba1 Brahma se destacou mais uma vez ao entregar uma experi\u00eancia completa, reunindo conforto, entretenimento e um p\u00fablico seleto. Com \u2026<\/p>\n","protected":false},"author":2,"featured_media":6965,"comment_status":"closed","ping_status":"open","sticky":false,"template":"","format":"standard","meta":{"footnotes":""},"categories":[68],"tags":[],"class_list":["post-6966","post","type-post","status-publish","format-standard","has-post-thumbnail","hentry","category-carnaval"],"yoast_head":"<!-- This site is optimized with the Yoast SEO plugin v25.5 - https:\/\/yoast.com\/wordpress\/plugins\/seo\/ -->\n<title>Camarote N\u00ba1 Brahma brilha no Desfile das Campe\u00e3s e fecha Carnaval 2026 em alta - Portal do Estado<\/title>\n<meta name=\"robots\" content=\"index, follow, max-snippet:-1, max-image-preview:large, max-video-preview:-1\" \/>\n<link rel=\"canonical\" href=\"https:\/\/portaldoestado.com.br\/index.php\/2026\/03\/01\/camarote-no1-brahma-brilha-no-desfile-das-campeas-e-fecha-carnaval-2026-em-alta\/\" \/>\n<meta property=\"og:locale\" content=\"pt_BR\" \/>\n<meta property=\"og:type\" content=\"article\" \/>\n<meta property=\"og:title\" content=\"Camarote N\u00ba1 Brahma brilha no Desfile das Campe\u00e3s e fecha Carnaval 2026 em alta - Portal do Estado\" \/>\n<meta property=\"og:description\" content=\"O Desfile das Campe\u00e3s, realizado no dia 21 de fevereiro, marcou o encerramento do Carnaval 2026 com uma noite de alto n\u00edvel na Marqu\u00eas de Sapuca\u00ed. Entre os espa\u00e7os mais disputados da avenida, o Camarote N\u00ba1 Brahma se destacou mais uma vez ao entregar uma experi\u00eancia completa, reunindo conforto, entretenimento e um p\u00fablico seleto. Com \u2026\" \/>\n<meta property=\"og:url\" content=\"https:\/\/portaldoestado.com.br\/index.php\/2026\/03\/01\/camarote-no1-brahma-brilha-no-desfile-das-campeas-e-fecha-carnaval-2026-em-alta\/\" \/>\n<meta property=\"og:site_name\" content=\"Portal do Estado\" \/>\n<meta property=\"article:published_time\" content=\"2026-03-01T09:24:45+00:00\" \/>\n<meta property=\"og:image\" content=\"https:\/\/portaldoestado.com.br\/wp-content\/uploads\/2026\/03\/9aa85d8e-34e1-40fa-9e50-0c2e6f9fa20f.jpg\" \/>\n\t<meta property=\"og:image:width\" content=\"1320\" \/>\n\t<meta property=\"og:image:height\" content=\"699\" \/>\n\t<meta property=\"og:image:type\" content=\"image\/jpeg\" \/>\n<meta name=\"author\" content=\"assessoriadefamosos\" \/>\n<meta name=\"twitter:card\" content=\"summary_large_image\" \/>\n<meta name=\"twitter:label1\" content=\"Escrito por\" \/>\n\t<meta name=\"twitter:data1\" content=\"assessoriadefamosos\" \/>\n\t<meta name=\"twitter:label2\" content=\"Est. tempo de leitura\" \/>\n\t<meta name=\"twitter:data2\" content=\"2 minutos\" \/>\n<script type=\"application\/ld+json\" class=\"yoast-schema-graph\">{\"@context\":\"https:\/\/schema.org\",\"@graph\":[{\"@type\":\"Article\",\"@id\":\"https:\/\/portaldoestado.com.br\/index.php\/2026\/03\/01\/camarote-no1-brahma-brilha-no-desfile-das-campeas-e-fecha-carnaval-2026-em-alta\/#article\",\"isPartOf\":{\"@id\":\"https:\/\/portaldoestado.com.br\/index.php\/2026\/03\/01\/camarote-no1-brahma-brilha-no-desfile-das-campeas-e-fecha-carnaval-2026-em-alta\/\"},\"author\":{\"name\":\"assessoriadefamosos\",\"@id\":\"https:\/\/portaldoestado.com.br\/#\/schema\/person\/5ca0174f3c8c84b59da62ea14b698cb9\"},\"headline\":\"Camarote N\u00ba1 Brahma brilha no Desfile das Campe\u00e3s e fecha Carnaval 2026 em alta\",\"datePublished\":\"2026-03-01T09:24:45+00:00\",\"mainEntityOfPage\":{\"@id\":\"https:\/\/portaldoestado.com.br\/index.php\/2026\/03\/01\/camarote-no1-brahma-brilha-no-desfile-das-campeas-e-fecha-carnaval-2026-em-alta\/\"},\"wordCount\":326,\"publisher\":{\"@id\":\"https:\/\/portaldoestado.com.br\/#organization\"},\"image\":{\"@id\":\"https:\/\/portaldoestado.com.br\/index.php\/2026\/03\/01\/camarote-no1-brahma-brilha-no-desfile-das-campeas-e-fecha-carnaval-2026-em-alta\/#primaryimage\"},\"thumbnailUrl\":\"https:\/\/portaldoestado.com.br\/wp-content\/uploads\/2026\/03\/9aa85d8e-34e1-40fa-9e50-0c2e6f9fa20f.jpg\",\"articleSection\":[\"Carnaval\"],\"inLanguage\":\"pt-BR\"},{\"@type\":\"WebPage\",\"@id\":\"https:\/\/portaldoestado.com.br\/index.php\/2026\/03\/01\/camarote-no1-brahma-brilha-no-desfile-das-campeas-e-fecha-carnaval-2026-em-alta\/\",\"url\":\"https:\/\/portaldoestado.com.br\/index.php\/2026\/03\/01\/camarote-no1-brahma-brilha-no-desfile-das-campeas-e-fecha-carnaval-2026-em-alta\/\",\"name\":\"Camarote N\u00ba1 Brahma brilha no Desfile das Campe\u00e3s e fecha Carnaval 2026 em alta - Portal do Estado\",\"isPartOf\":{\"@id\":\"https:\/\/portaldoestado.com.br\/#website\"},\"primaryImageOfPage\":{\"@id\":\"https:\/\/portaldoestado.com.br\/index.php\/2026\/03\/01\/camarote-no1-brahma-brilha-no-desfile-das-campeas-e-fecha-carnaval-2026-em-alta\/#primaryimage\"},\"image\":{\"@id\":\"https:\/\/portaldoestado.com.br\/index.php\/2026\/03\/01\/camarote-no1-brahma-brilha-no-desfile-das-campeas-e-fecha-carnaval-2026-em-alta\/#primaryimage\"},\"thumbnailUrl\":\"https:\/\/portaldoestado.com.br\/wp-content\/uploads\/2026\/03\/9aa85d8e-34e1-40fa-9e50-0c2e6f9fa20f.jpg\",\"datePublished\":\"2026-03-01T09:24:45+00:00\",\"breadcrumb\":{\"@id\":\"https:\/\/portaldoestado.com.br\/index.php\/2026\/03\/01\/camarote-no1-brahma-brilha-no-desfile-das-campeas-e-fecha-carnaval-2026-em-alta\/#breadcrumb\"},\"inLanguage\":\"pt-BR\",\"potentialAction\":[{\"@type\":\"ReadAction\",\"target\":[\"https:\/\/portaldoestado.com.br\/index.php\/2026\/03\/01\/camarote-no1-brahma-brilha-no-desfile-das-campeas-e-fecha-carnaval-2026-em-alta\/\"]}]},{\"@type\":\"ImageObject\",\"inLanguage\":\"pt-BR\",\"@id\":\"https:\/\/portaldoestado.com.br\/index.php\/2026\/03\/01\/camarote-no1-brahma-brilha-no-desfile-das-campeas-e-fecha-carnaval-2026-em-alta\/#primaryimage\",\"url\":\"https:\/\/portaldoestado.com.br\/wp-content\/uploads\/2026\/03\/9aa85d8e-34e1-40fa-9e50-0c2e6f9fa20f.jpg\",\"contentUrl\":\"https:\/\/portaldoestado.com.br\/wp-content\/uploads\/2026\/03\/9aa85d8e-34e1-40fa-9e50-0c2e6f9fa20f.jpg\",\"width\":1320,\"height\":699},{\"@type\":\"BreadcrumbList\",\"@id\":\"https:\/\/portaldoestado.com.br\/index.php\/2026\/03\/01\/camarote-no1-brahma-brilha-no-desfile-das-campeas-e-fecha-carnaval-2026-em-alta\/#breadcrumb\",\"itemListElement\":[{\"@type\":\"ListItem\",\"position\":1,\"name\":\"In\u00edcio\",\"item\":\"https:\/\/portaldoestado.com.br\/\"},{\"@type\":\"ListItem\",\"position\":2,\"name\":\"Camarote N\u00ba1 Brahma brilha no Desfile das Campe\u00e3s e fecha Carnaval 2026 em alta\"}]},{\"@type\":\"WebSite\",\"@id\":\"https:\/\/portaldoestado.com.br\/#website\",\"url\":\"https:\/\/portaldoestado.com.br\/\",\"name\":\"Portal do Estado\",\"description\":\"\",\"publisher\":{\"@id\":\"https:\/\/portaldoestado.com.br\/#organization\"},\"potentialAction\":[{\"@type\":\"SearchAction\",\"target\":{\"@type\":\"EntryPoint\",\"urlTemplate\":\"https:\/\/portaldoestado.com.br\/?s={search_term_string}\"},\"query-input\":{\"@type\":\"PropertyValueSpecification\",\"valueRequired\":true,\"valueName\":\"search_term_string\"}}],\"inLanguage\":\"pt-BR\"},{\"@type\":\"Organization\",\"@id\":\"https:\/\/portaldoestado.com.br\/#organization\",\"name\":\"Portal do Estado\",\"url\":\"https:\/\/portaldoestado.com.br\/\",\"logo\":{\"@type\":\"ImageObject\",\"inLanguage\":\"pt-BR\",\"@id\":\"https:\/\/portaldoestado.com.br\/#\/schema\/logo\/image\/\",\"url\":\"https:\/\/portaldoestado.com.br\/wp-content\/uploads\/2025\/04\/cropped-6f69b19a-6472-43bf-b1b3-e1910bbbd4e8.png\",\"contentUrl\":\"https:\/\/portaldoestado.com.br\/wp-content\/uploads\/2025\/04\/cropped-6f69b19a-6472-43bf-b1b3-e1910bbbd4e8.png\",\"width\":1024,\"height\":350,\"caption\":\"Portal do Estado\"},\"image\":{\"@id\":\"https:\/\/portaldoestado.com.br\/#\/schema\/logo\/image\/\"}},{\"@type\":\"Person\",\"@id\":\"https:\/\/portaldoestado.com.br\/#\/schema\/person\/5ca0174f3c8c84b59da62ea14b698cb9\",\"name\":\"assessoriadefamosos\",\"image\":{\"@type\":\"ImageObject\",\"inLanguage\":\"pt-BR\",\"@id\":\"https:\/\/portaldoestado.com.br\/#\/schema\/person\/image\/\",\"url\":\"https:\/\/secure.gravatar.com\/avatar\/a7acbdffcfbbae7240e59f47fe511ec5f5d8c252c779f0b8d9ab02a9e1d8c5ed?s=96&d=mm&r=g\",\"contentUrl\":\"https:\/\/secure.gravatar.com\/avatar\/a7acbdffcfbbae7240e59f47fe511ec5f5d8c252c779f0b8d9ab02a9e1d8c5ed?s=96&d=mm&r=g\",\"caption\":\"assessoriadefamosos\"},\"url\":\"https:\/\/portaldoestado.com.br\/index.php\/author\/assessoriadefamosos\/\"}]}<\/script>\n<!-- \/ Yoast SEO plugin. -->","yoast_head_json":{"title":"Camarote N\u00ba1 Brahma brilha no Desfile das Campe\u00e3s e fecha Carnaval 2026 em alta - Portal do Estado","robots":{"index":"index","follow":"follow","max-snippet":"max-snippet:-1","max-image-preview":"max-image-preview:large","max-video-preview":"max-video-preview:-1"},"canonical":"https:\/\/portaldoestado.com.br\/index.php\/2026\/03\/01\/camarote-no1-brahma-brilha-no-desfile-das-campeas-e-fecha-carnaval-2026-em-alta\/","og_locale":"pt_BR","og_type":"article","og_title":"Camarote N\u00ba1 Brahma brilha no Desfile das Campe\u00e3s e fecha Carnaval 2026 em alta - Portal do Estado","og_description":"O Desfile das Campe\u00e3s, realizado no dia 21 de fevereiro, marcou o encerramento do Carnaval 2026 com uma noite de alto n\u00edvel na Marqu\u00eas de Sapuca\u00ed. Entre os espa\u00e7os mais disputados da avenida, o Camarote N\u00ba1 Brahma se destacou mais uma vez ao entregar uma experi\u00eancia completa, reunindo conforto, entretenimento e um p\u00fablico seleto. Com \u2026","og_url":"https:\/\/portaldoestado.com.br\/index.php\/2026\/03\/01\/camarote-no1-brahma-brilha-no-desfile-das-campeas-e-fecha-carnaval-2026-em-alta\/","og_site_name":"Portal do Estado","article_published_time":"2026-03-01T09:24:45+00:00","og_image":[{"width":1320,"height":699,"url":"https:\/\/portaldoestado.com.br\/wp-content\/uploads\/2026\/03\/9aa85d8e-34e1-40fa-9e50-0c2e6f9fa20f.jpg","type":"image\/jpeg"}],"author":"assessoriadefamosos","twitter_card":"summary_large_image","twitter_misc":{"Escrito por":"assessoriadefamosos","Est. tempo de leitura":"2 minutos"},"schema":{"@context":"https:\/\/schema.org","@graph":[{"@type":"Article","@id":"https:\/\/portaldoestado.com.br\/index.php\/2026\/03\/01\/camarote-no1-brahma-brilha-no-desfile-das-campeas-e-fecha-carnaval-2026-em-alta\/#article","isPartOf":{"@id":"https:\/\/portaldoestado.com.br\/index.php\/2026\/03\/01\/camarote-no1-brahma-brilha-no-desfile-das-campeas-e-fecha-carnaval-2026-em-alta\/"},"author":{"name":"assessoriadefamosos","@id":"https:\/\/portaldoestado.com.br\/#\/schema\/person\/5ca0174f3c8c84b59da62ea14b698cb9"},"headline":"Camarote N\u00ba1 Brahma brilha no Desfile das Campe\u00e3s e fecha Carnaval 2026 em alta","datePublished":"2026-03-01T09:24:45+00:00","mainEntityOfPage":{"@id":"https:\/\/portaldoestado.com.br\/index.php\/2026\/03\/01\/camarote-no1-brahma-brilha-no-desfile-das-campeas-e-fecha-carnaval-2026-em-alta\/"},"wordCount":326,"publisher":{"@id":"https:\/\/portaldoestado.com.br\/#organization"},"image":{"@id":"https:\/\/portaldoestado.com.br\/index.php\/2026\/03\/01\/camarote-no1-brahma-brilha-no-desfile-das-campeas-e-fecha-carnaval-2026-em-alta\/#primaryimage"},"thumbnailUrl":"https:\/\/portaldoestado.com.br\/wp-content\/uploads\/2026\/03\/9aa85d8e-34e1-40fa-9e50-0c2e6f9fa20f.jpg","articleSection":["Carnaval"],"inLanguage":"pt-BR"},{"@type":"WebPage","@id":"https:\/\/portaldoestado.com.br\/index.php\/2026\/03\/01\/camarote-no1-brahma-brilha-no-desfile-das-campeas-e-fecha-carnaval-2026-em-alta\/","url":"https:\/\/portaldoestado.com.br\/index.php\/2026\/03\/01\/camarote-no1-brahma-brilha-no-desfile-das-campeas-e-fecha-carnaval-2026-em-alta\/","name":"Camarote N\u00ba1 Brahma brilha no Desfile das Campe\u00e3s e fecha Carnaval 2026 em alta - Portal do Estado","isPartOf":{"@id":"https:\/\/portaldoestado.com.br\/#website"},"primaryImageOfPage":{"@id":"https:\/\/portaldoestado.com.br\/index.php\/2026\/03\/01\/camarote-no1-brahma-brilha-no-desfile-das-campeas-e-fecha-carnaval-2026-em-alta\/#primaryimage"},"image":{"@id":"https:\/\/portaldoestado.com.br\/index.php\/2026\/03\/01\/camarote-no1-brahma-brilha-no-desfile-das-campeas-e-fecha-carnaval-2026-em-alta\/#primaryimage"},"thumbnailUrl":"https:\/\/portaldoestado.com.br\/wp-content\/uploads\/2026\/03\/9aa85d8e-34e1-40fa-9e50-0c2e6f9fa20f.jpg","datePublished":"2026-03-01T09:24:45+00:00","breadcrumb":{"@id":"https:\/\/portaldoestado.com.br\/index.php\/2026\/03\/01\/camarote-no1-brahma-brilha-no-desfile-das-campeas-e-fecha-carnaval-2026-em-alta\/#breadcrumb"},"inLanguage":"pt-BR","potentialAction":[{"@type":"ReadAction","target":["https:\/\/portaldoestado.com.br\/index.php\/2026\/03\/01\/camarote-no1-brahma-brilha-no-desfile-das-campeas-e-fecha-carnaval-2026-em-alta\/"]}]},{"@type":"ImageObject","inLanguage":"pt-BR","@id":"https:\/\/portaldoestado.com.br\/index.php\/2026\/03\/01\/camarote-no1-brahma-brilha-no-desfile-das-campeas-e-fecha-carnaval-2026-em-alta\/#primaryimage","url":"https:\/\/portaldoestado.com.br\/wp-content\/uploads\/2026\/03\/9aa85d8e-34e1-40fa-9e50-0c2e6f9fa20f.jpg","contentUrl":"https:\/\/portaldoestado.com.br\/wp-content\/uploads\/2026\/03\/9aa85d8e-34e1-40fa-9e50-0c2e6f9fa20f.jpg","width":1320,"height":699},{"@type":"BreadcrumbList","@id":"https:\/\/portaldoestado.com.br\/index.php\/2026\/03\/01\/camarote-no1-brahma-brilha-no-desfile-das-campeas-e-fecha-carnaval-2026-em-alta\/#breadcrumb","itemListElement":[{"@type":"ListItem","position":1,"name":"In\u00edcio","item":"https:\/\/portaldoestado.com.br\/"},{"@type":"ListItem","position":2,"name":"Camarote N\u00ba1 Brahma brilha no Desfile das Campe\u00e3s e fecha Carnaval 2026 em alta"}]},{"@type":"WebSite","@id":"https:\/\/portaldoestado.com.br\/#website","url":"https:\/\/portaldoestado.com.br\/","name":"Portal do Estado","description":"","publisher":{"@id":"https:\/\/portaldoestado.com.br\/#organization"},"potentialAction":[{"@type":"SearchAction","target":{"@type":"EntryPoint","urlTemplate":"https:\/\/portaldoestado.com.br\/?s={search_term_string}"},"query-input":{"@type":"PropertyValueSpecification","valueRequired":true,"valueName":"search_term_string"}}],"inLanguage":"pt-BR"},{"@type":"Organization","@id":"https:\/\/portaldoestado.com.br\/#organization","name":"Portal do Estado","url":"https:\/\/portaldoestado.com.br\/","logo":{"@type":"ImageObject","inLanguage":"pt-BR","@id":"https:\/\/portaldoestado.com.br\/#\/schema\/logo\/image\/","url":"https:\/\/portaldoestado.com.br\/wp-content\/uploads\/2025\/04\/cropped-6f69b19a-6472-43bf-b1b3-e1910bbbd4e8.png","contentUrl":"https:\/\/portaldoestado.com.br\/wp-content\/uploads\/2025\/04\/cropped-6f69b19a-6472-43bf-b1b3-e1910bbbd4e8.png","width":1024,"height":350,"caption":"Portal do Estado"},"image":{"@id":"https:\/\/portaldoestado.com.br\/#\/schema\/logo\/image\/"}},{"@type":"Person","@id":"https:\/\/portaldoestado.com.br\/#\/schema\/person\/5ca0174f3c8c84b59da62ea14b698cb9","name":"assessoriadefamosos","image":{"@type":"ImageObject","inLanguage":"pt-BR","@id":"https:\/\/portaldoestado.com.br\/#\/schema\/person\/image\/","url":"https:\/\/secure.gravatar.com\/avatar\/a7acbdffcfbbae7240e59f47fe511ec5f5d8c252c779f0b8d9ab02a9e1d8c5ed?s=96&d=mm&r=g","contentUrl":"https:\/\/secure.gravatar.com\/avatar\/a7acbdffcfbbae7240e59f47fe511ec5f5d8c252c779f0b8d9ab02a9e1d8c5ed?s=96&d=mm&r=g","caption":"assessoriadefamosos"},"url":"https:\/\/portaldoestado.com.br\/index.php\/author\/assessoriadefamosos\/"}]}},"jetpack_featured_media_url":"https:\/\/portaldoestado.com.br\/wp-content\/uploads\/2026\/03\/9aa85d8e-34e1-40fa-9e50-0c2e6f9fa20f.jpg","_links":{"self":[{"href":"https:\/\/portaldoestado.com.br\/index.php\/wp-json\/wp\/v2\/posts\/6966","targetHints":{"allow":["GET"]}}],"collection":[{"href":"https:\/\/portaldoestado.com.br\/index.php\/wp-json\/wp\/v2\/posts"}],"about":[{"href":"https:\/\/portaldoestado.com.br\/index.php\/wp-json\/wp\/v2\/types\/post"}],"author":[{"embeddable":true,"href":"https:\/\/portaldoestado.com.br\/index.php\/wp-json\/wp\/v2\/users\/2"}],"replies":[{"embeddable":true,"href":"https:\/\/portaldoestado.com.br\/index.php\/wp-json\/wp\/v2\/comments?post=6966"}],"version-history":[{"count":1,"href":"https:\/\/portaldoestado.com.br\/index.php\/wp-json\/wp\/v2\/posts\/6966\/revisions"}],"predecessor-version":[{"id":6967,"href":"https:\/\/portaldoestado.com.br\/index.php\/wp-json\/wp\/v2\/posts\/6966\/revisions\/6967"}],"wp:featuredmedia":[{"embeddable":true,"href":"https:\/\/portaldoestado.com.br\/index.php\/wp-json\/wp\/v2\/media\/6965"}],"wp:attachment":[{"href":"https:\/\/portaldoestado.com.br\/index.php\/wp-json\/wp\/v2\/media?parent=6966"}],"wp:term":[{"taxonomy":"category","embeddable":true,"href":"https:\/\/portaldoestado.com.br\/index.php\/wp-json\/wp\/v2\/categories?post=6966"},{"taxonomy":"post_tag","embeddable":true,"href":"https:\/\/portaldoestado.com.br\/index.php\/wp-json\/wp\/v2\/tags?post=6966"}],"curies":[{"name":"wp","href":"https:\/\/api.w.org\/{rel}","templated":true}]}}