{"id":6963,"date":"2026-03-01T09:09:53","date_gmt":"2026-03-01T09:09:53","guid":{"rendered":"https:\/\/portaldoestado.com.br\/?p=6963"},"modified":"2026-03-01T09:09:53","modified_gmt":"2026-03-01T09:09:53","slug":"marcelo-ortale-prestigia-o-camarote-n1-brahma-e-exalta-sua-paixao-pelo-carnaval-do-rio","status":"publish","type":"post","link":"https:\/\/portaldoestado.com.br\/index.php\/2026\/03\/01\/marcelo-ortale-prestigia-o-camarote-n1-brahma-e-exalta-sua-paixao-pelo-carnaval-do-rio\/","title":{"rendered":"Marcelo Ortale prestigia o Camarote N\u00b01 Brahma e exalta sua paix\u00e3o pelo Carnaval do Rio"},"content":{"rendered":"\n<p>O estilista Marcelo Ortale, conhecido nacionalmente por assinar os trajes das rainhas das festas do pe\u00e3o, marcou presen\u00e7a no Camarote N\u00b01 Brahma durante o Desfile das Campe\u00e3s, na Sapuca\u00ed. Diretamente de Barretos, o profissional \u00e9 um dos nomes mais respeitados quando o assunto \u00e9 moda no universo sertanejo.<\/p>\n\n\n\n<p>Em entrevista exclusiva ao apresentador Thiago Michelasi, Ortale falou sobre sua rela\u00e7\u00e3o antiga com o Carnaval carioca e a emo\u00e7\u00e3o de estar mais uma vez na avenida.<\/p>\n\n\n\n<p>\u201cEu venho para o Rio h\u00e1 mais de tr\u00eas d\u00e9cadas. A Sapuca\u00ed tem uma energia \u00fanica. Gosto de chegar cedo ao camarote para aproveitar cada detalhe, com mais tranquilidade e uma vis\u00e3o privilegiada\u201d, contou.<\/p>\n\n\n\n<p>Acostumado a produzir figurinos que encantam nas arenas de rodeio, ele destaca que o Carnaval tamb\u00e9m \u00e9 uma grande vitrine de criatividade e express\u00e3o art\u00edstica.<\/p>\n\n\n\n<p>\u201cO rodeio tem muito desse brilho e dessa grandiosidade. \u00c9 um trabalho que me realiza muito. Mas o Carnaval tem uma magia especial\u201d, afirmou.<\/p>\n\n\n\n<p>Com agenda intensa, o estilista j\u00e1 tem destino certo ap\u00f3s a folia. \u201cAssim que tudo termina, j\u00e1 retorno para a temporada de rodeios. O trabalho n\u00e3o para\u201d, disse.<\/p>\n\n\n\n<p>Entre o samba e o sertanejo, Marcelo Ortale mostra que transita com naturalidade por diferentes universos culturais, sempre guiado pela mesma paix\u00e3o: criar, celebrar e viver intensamente cada espet\u00e1culo.<\/p>\n","protected":false},"excerpt":{"rendered":"<p>O estilista Marcelo Ortale, conhecido nacionalmente por assinar os trajes das rainhas das festas do pe\u00e3o, marcou presen\u00e7a no Camarote N\u00b01 Brahma durante o Desfile das Campe\u00e3s, na Sapuca\u00ed. Diretamente de Barretos, o profissional \u00e9 um dos nomes mais respeitados quando o assunto \u00e9 moda no universo sertanejo. Em entrevista exclusiva ao apresentador Thiago Michelasi, \u2026<\/p>\n","protected":false},"author":2,"featured_media":6962,"comment_status":"closed","ping_status":"open","sticky":false,"template":"","format":"standard","meta":{"footnotes":""},"categories":[68],"tags":[],"class_list":["post-6963","post","type-post","status-publish","format-standard","has-post-thumbnail","hentry","category-carnaval"],"yoast_head":"<!-- This site is optimized with the Yoast SEO plugin v25.5 - https:\/\/yoast.com\/wordpress\/plugins\/seo\/ -->\n<title>Marcelo Ortale prestigia o Camarote N\u00b01 Brahma e exalta sua paix\u00e3o pelo Carnaval do Rio - Portal do Estado<\/title>\n<meta name=\"robots\" content=\"index, follow, max-snippet:-1, max-image-preview:large, max-video-preview:-1\" \/>\n<link rel=\"canonical\" href=\"https:\/\/portaldoestado.com.br\/index.php\/2026\/03\/01\/marcelo-ortale-prestigia-o-camarote-n1-brahma-e-exalta-sua-paixao-pelo-carnaval-do-rio\/\" \/>\n<meta property=\"og:locale\" content=\"pt_BR\" \/>\n<meta property=\"og:type\" content=\"article\" \/>\n<meta property=\"og:title\" content=\"Marcelo Ortale prestigia o Camarote N\u00b01 Brahma e exalta sua paix\u00e3o pelo Carnaval do Rio - Portal do Estado\" \/>\n<meta property=\"og:description\" content=\"O estilista Marcelo Ortale, conhecido nacionalmente por assinar os trajes das rainhas das festas do pe\u00e3o, marcou presen\u00e7a no Camarote N\u00b01 Brahma durante o Desfile das Campe\u00e3s, na Sapuca\u00ed. Diretamente de Barretos, o profissional \u00e9 um dos nomes mais respeitados quando o assunto \u00e9 moda no universo sertanejo. Em entrevista exclusiva ao apresentador Thiago Michelasi, \u2026\" \/>\n<meta property=\"og:url\" content=\"https:\/\/portaldoestado.com.br\/index.php\/2026\/03\/01\/marcelo-ortale-prestigia-o-camarote-n1-brahma-e-exalta-sua-paixao-pelo-carnaval-do-rio\/\" \/>\n<meta property=\"og:site_name\" content=\"Portal do Estado\" \/>\n<meta property=\"article:published_time\" content=\"2026-03-01T09:09:53+00:00\" \/>\n<meta property=\"og:image\" content=\"https:\/\/portaldoestado.com.br\/wp-content\/uploads\/2026\/03\/674ab2a4-6e7d-47b4-8f93-f840c882b690.jpg\" \/>\n\t<meta property=\"og:image:width\" content=\"1320\" \/>\n\t<meta property=\"og:image:height\" content=\"700\" \/>\n\t<meta property=\"og:image:type\" content=\"image\/jpeg\" \/>\n<meta name=\"author\" content=\"assessoriadefamosos\" \/>\n<meta name=\"twitter:card\" content=\"summary_large_image\" \/>\n<meta name=\"twitter:label1\" content=\"Escrito por\" \/>\n\t<meta name=\"twitter:data1\" content=\"assessoriadefamosos\" \/>\n\t<meta name=\"twitter:label2\" content=\"Est. tempo de leitura\" \/>\n\t<meta name=\"twitter:data2\" content=\"1 minuto\" \/>\n<script type=\"application\/ld+json\" class=\"yoast-schema-graph\">{\"@context\":\"https:\/\/schema.org\",\"@graph\":[{\"@type\":\"Article\",\"@id\":\"https:\/\/portaldoestado.com.br\/index.php\/2026\/03\/01\/marcelo-ortale-prestigia-o-camarote-n1-brahma-e-exalta-sua-paixao-pelo-carnaval-do-rio\/#article\",\"isPartOf\":{\"@id\":\"https:\/\/portaldoestado.com.br\/index.php\/2026\/03\/01\/marcelo-ortale-prestigia-o-camarote-n1-brahma-e-exalta-sua-paixao-pelo-carnaval-do-rio\/\"},\"author\":{\"name\":\"assessoriadefamosos\",\"@id\":\"https:\/\/portaldoestado.com.br\/#\/schema\/person\/5ca0174f3c8c84b59da62ea14b698cb9\"},\"headline\":\"Marcelo Ortale prestigia o Camarote N\u00b01 Brahma e exalta sua paix\u00e3o pelo Carnaval do Rio\",\"datePublished\":\"2026-03-01T09:09:53+00:00\",\"mainEntityOfPage\":{\"@id\":\"https:\/\/portaldoestado.com.br\/index.php\/2026\/03\/01\/marcelo-ortale-prestigia-o-camarote-n1-brahma-e-exalta-sua-paixao-pelo-carnaval-do-rio\/\"},\"wordCount\":242,\"publisher\":{\"@id\":\"https:\/\/portaldoestado.com.br\/#organization\"},\"image\":{\"@id\":\"https:\/\/portaldoestado.com.br\/index.php\/2026\/03\/01\/marcelo-ortale-prestigia-o-camarote-n1-brahma-e-exalta-sua-paixao-pelo-carnaval-do-rio\/#primaryimage\"},\"thumbnailUrl\":\"https:\/\/portaldoestado.com.br\/wp-content\/uploads\/2026\/03\/674ab2a4-6e7d-47b4-8f93-f840c882b690.jpg\",\"articleSection\":[\"Carnaval\"],\"inLanguage\":\"pt-BR\"},{\"@type\":\"WebPage\",\"@id\":\"https:\/\/portaldoestado.com.br\/index.php\/2026\/03\/01\/marcelo-ortale-prestigia-o-camarote-n1-brahma-e-exalta-sua-paixao-pelo-carnaval-do-rio\/\",\"url\":\"https:\/\/portaldoestado.com.br\/index.php\/2026\/03\/01\/marcelo-ortale-prestigia-o-camarote-n1-brahma-e-exalta-sua-paixao-pelo-carnaval-do-rio\/\",\"name\":\"Marcelo Ortale prestigia o Camarote N\u00b01 Brahma e exalta sua paix\u00e3o pelo Carnaval do Rio - Portal do Estado\",\"isPartOf\":{\"@id\":\"https:\/\/portaldoestado.com.br\/#website\"},\"primaryImageOfPage\":{\"@id\":\"https:\/\/portaldoestado.com.br\/index.php\/2026\/03\/01\/marcelo-ortale-prestigia-o-camarote-n1-brahma-e-exalta-sua-paixao-pelo-carnaval-do-rio\/#primaryimage\"},\"image\":{\"@id\":\"https:\/\/portaldoestado.com.br\/index.php\/2026\/03\/01\/marcelo-ortale-prestigia-o-camarote-n1-brahma-e-exalta-sua-paixao-pelo-carnaval-do-rio\/#primaryimage\"},\"thumbnailUrl\":\"https:\/\/portaldoestado.com.br\/wp-content\/uploads\/2026\/03\/674ab2a4-6e7d-47b4-8f93-f840c882b690.jpg\",\"datePublished\":\"2026-03-01T09:09:53+00:00\",\"breadcrumb\":{\"@id\":\"https:\/\/portaldoestado.com.br\/index.php\/2026\/03\/01\/marcelo-ortale-prestigia-o-camarote-n1-brahma-e-exalta-sua-paixao-pelo-carnaval-do-rio\/#breadcrumb\"},\"inLanguage\":\"pt-BR\",\"potentialAction\":[{\"@type\":\"ReadAction\",\"target\":[\"https:\/\/portaldoestado.com.br\/index.php\/2026\/03\/01\/marcelo-ortale-prestigia-o-camarote-n1-brahma-e-exalta-sua-paixao-pelo-carnaval-do-rio\/\"]}]},{\"@type\":\"ImageObject\",\"inLanguage\":\"pt-BR\",\"@id\":\"https:\/\/portaldoestado.com.br\/index.php\/2026\/03\/01\/marcelo-ortale-prestigia-o-camarote-n1-brahma-e-exalta-sua-paixao-pelo-carnaval-do-rio\/#primaryimage\",\"url\":\"https:\/\/portaldoestado.com.br\/wp-content\/uploads\/2026\/03\/674ab2a4-6e7d-47b4-8f93-f840c882b690.jpg\",\"contentUrl\":\"https:\/\/portaldoestado.com.br\/wp-content\/uploads\/2026\/03\/674ab2a4-6e7d-47b4-8f93-f840c882b690.jpg\",\"width\":1320,\"height\":700},{\"@type\":\"BreadcrumbList\",\"@id\":\"https:\/\/portaldoestado.com.br\/index.php\/2026\/03\/01\/marcelo-ortale-prestigia-o-camarote-n1-brahma-e-exalta-sua-paixao-pelo-carnaval-do-rio\/#breadcrumb\",\"itemListElement\":[{\"@type\":\"ListItem\",\"position\":1,\"name\":\"In\u00edcio\",\"item\":\"https:\/\/portaldoestado.com.br\/\"},{\"@type\":\"ListItem\",\"position\":2,\"name\":\"Marcelo Ortale prestigia o Camarote N\u00b01 Brahma e exalta sua paix\u00e3o pelo Carnaval do Rio\"}]},{\"@type\":\"WebSite\",\"@id\":\"https:\/\/portaldoestado.com.br\/#website\",\"url\":\"https:\/\/portaldoestado.com.br\/\",\"name\":\"Portal do Estado\",\"description\":\"\",\"publisher\":{\"@id\":\"https:\/\/portaldoestado.com.br\/#organization\"},\"potentialAction\":[{\"@type\":\"SearchAction\",\"target\":{\"@type\":\"EntryPoint\",\"urlTemplate\":\"https:\/\/portaldoestado.com.br\/?s={search_term_string}\"},\"query-input\":{\"@type\":\"PropertyValueSpecification\",\"valueRequired\":true,\"valueName\":\"search_term_string\"}}],\"inLanguage\":\"pt-BR\"},{\"@type\":\"Organization\",\"@id\":\"https:\/\/portaldoestado.com.br\/#organization\",\"name\":\"Portal do Estado\",\"url\":\"https:\/\/portaldoestado.com.br\/\",\"logo\":{\"@type\":\"ImageObject\",\"inLanguage\":\"pt-BR\",\"@id\":\"https:\/\/portaldoestado.com.br\/#\/schema\/logo\/image\/\",\"url\":\"https:\/\/portaldoestado.com.br\/wp-content\/uploads\/2025\/04\/cropped-6f69b19a-6472-43bf-b1b3-e1910bbbd4e8.png\",\"contentUrl\":\"https:\/\/portaldoestado.com.br\/wp-content\/uploads\/2025\/04\/cropped-6f69b19a-6472-43bf-b1b3-e1910bbbd4e8.png\",\"width\":1024,\"height\":350,\"caption\":\"Portal do Estado\"},\"image\":{\"@id\":\"https:\/\/portaldoestado.com.br\/#\/schema\/logo\/image\/\"}},{\"@type\":\"Person\",\"@id\":\"https:\/\/portaldoestado.com.br\/#\/schema\/person\/5ca0174f3c8c84b59da62ea14b698cb9\",\"name\":\"assessoriadefamosos\",\"image\":{\"@type\":\"ImageObject\",\"inLanguage\":\"pt-BR\",\"@id\":\"https:\/\/portaldoestado.com.br\/#\/schema\/person\/image\/\",\"url\":\"https:\/\/secure.gravatar.com\/avatar\/a7acbdffcfbbae7240e59f47fe511ec5f5d8c252c779f0b8d9ab02a9e1d8c5ed?s=96&d=mm&r=g\",\"contentUrl\":\"https:\/\/secure.gravatar.com\/avatar\/a7acbdffcfbbae7240e59f47fe511ec5f5d8c252c779f0b8d9ab02a9e1d8c5ed?s=96&d=mm&r=g\",\"caption\":\"assessoriadefamosos\"},\"url\":\"https:\/\/portaldoestado.com.br\/index.php\/author\/assessoriadefamosos\/\"}]}<\/script>\n<!-- \/ Yoast SEO plugin. -->","yoast_head_json":{"title":"Marcelo Ortale prestigia o Camarote N\u00b01 Brahma e exalta sua paix\u00e3o pelo Carnaval do Rio - Portal do Estado","robots":{"index":"index","follow":"follow","max-snippet":"max-snippet:-1","max-image-preview":"max-image-preview:large","max-video-preview":"max-video-preview:-1"},"canonical":"https:\/\/portaldoestado.com.br\/index.php\/2026\/03\/01\/marcelo-ortale-prestigia-o-camarote-n1-brahma-e-exalta-sua-paixao-pelo-carnaval-do-rio\/","og_locale":"pt_BR","og_type":"article","og_title":"Marcelo Ortale prestigia o Camarote N\u00b01 Brahma e exalta sua paix\u00e3o pelo Carnaval do Rio - Portal do Estado","og_description":"O estilista Marcelo Ortale, conhecido nacionalmente por assinar os trajes das rainhas das festas do pe\u00e3o, marcou presen\u00e7a no Camarote N\u00b01 Brahma durante o Desfile das Campe\u00e3s, na Sapuca\u00ed. Diretamente de Barretos, o profissional \u00e9 um dos nomes mais respeitados quando o assunto \u00e9 moda no universo sertanejo. Em entrevista exclusiva ao apresentador Thiago Michelasi, \u2026","og_url":"https:\/\/portaldoestado.com.br\/index.php\/2026\/03\/01\/marcelo-ortale-prestigia-o-camarote-n1-brahma-e-exalta-sua-paixao-pelo-carnaval-do-rio\/","og_site_name":"Portal do Estado","article_published_time":"2026-03-01T09:09:53+00:00","og_image":[{"width":1320,"height":700,"url":"https:\/\/portaldoestado.com.br\/wp-content\/uploads\/2026\/03\/674ab2a4-6e7d-47b4-8f93-f840c882b690.jpg","type":"image\/jpeg"}],"author":"assessoriadefamosos","twitter_card":"summary_large_image","twitter_misc":{"Escrito por":"assessoriadefamosos","Est. tempo de leitura":"1 minuto"},"schema":{"@context":"https:\/\/schema.org","@graph":[{"@type":"Article","@id":"https:\/\/portaldoestado.com.br\/index.php\/2026\/03\/01\/marcelo-ortale-prestigia-o-camarote-n1-brahma-e-exalta-sua-paixao-pelo-carnaval-do-rio\/#article","isPartOf":{"@id":"https:\/\/portaldoestado.com.br\/index.php\/2026\/03\/01\/marcelo-ortale-prestigia-o-camarote-n1-brahma-e-exalta-sua-paixao-pelo-carnaval-do-rio\/"},"author":{"name":"assessoriadefamosos","@id":"https:\/\/portaldoestado.com.br\/#\/schema\/person\/5ca0174f3c8c84b59da62ea14b698cb9"},"headline":"Marcelo Ortale prestigia o Camarote N\u00b01 Brahma e exalta sua paix\u00e3o pelo Carnaval do Rio","datePublished":"2026-03-01T09:09:53+00:00","mainEntityOfPage":{"@id":"https:\/\/portaldoestado.com.br\/index.php\/2026\/03\/01\/marcelo-ortale-prestigia-o-camarote-n1-brahma-e-exalta-sua-paixao-pelo-carnaval-do-rio\/"},"wordCount":242,"publisher":{"@id":"https:\/\/portaldoestado.com.br\/#organization"},"image":{"@id":"https:\/\/portaldoestado.com.br\/index.php\/2026\/03\/01\/marcelo-ortale-prestigia-o-camarote-n1-brahma-e-exalta-sua-paixao-pelo-carnaval-do-rio\/#primaryimage"},"thumbnailUrl":"https:\/\/portaldoestado.com.br\/wp-content\/uploads\/2026\/03\/674ab2a4-6e7d-47b4-8f93-f840c882b690.jpg","articleSection":["Carnaval"],"inLanguage":"pt-BR"},{"@type":"WebPage","@id":"https:\/\/portaldoestado.com.br\/index.php\/2026\/03\/01\/marcelo-ortale-prestigia-o-camarote-n1-brahma-e-exalta-sua-paixao-pelo-carnaval-do-rio\/","url":"https:\/\/portaldoestado.com.br\/index.php\/2026\/03\/01\/marcelo-ortale-prestigia-o-camarote-n1-brahma-e-exalta-sua-paixao-pelo-carnaval-do-rio\/","name":"Marcelo Ortale prestigia o Camarote N\u00b01 Brahma e exalta sua paix\u00e3o pelo Carnaval do Rio - Portal do Estado","isPartOf":{"@id":"https:\/\/portaldoestado.com.br\/#website"},"primaryImageOfPage":{"@id":"https:\/\/portaldoestado.com.br\/index.php\/2026\/03\/01\/marcelo-ortale-prestigia-o-camarote-n1-brahma-e-exalta-sua-paixao-pelo-carnaval-do-rio\/#primaryimage"},"image":{"@id":"https:\/\/portaldoestado.com.br\/index.php\/2026\/03\/01\/marcelo-ortale-prestigia-o-camarote-n1-brahma-e-exalta-sua-paixao-pelo-carnaval-do-rio\/#primaryimage"},"thumbnailUrl":"https:\/\/portaldoestado.com.br\/wp-content\/uploads\/2026\/03\/674ab2a4-6e7d-47b4-8f93-f840c882b690.jpg","datePublished":"2026-03-01T09:09:53+00:00","breadcrumb":{"@id":"https:\/\/portaldoestado.com.br\/index.php\/2026\/03\/01\/marcelo-ortale-prestigia-o-camarote-n1-brahma-e-exalta-sua-paixao-pelo-carnaval-do-rio\/#breadcrumb"},"inLanguage":"pt-BR","potentialAction":[{"@type":"ReadAction","target":["https:\/\/portaldoestado.com.br\/index.php\/2026\/03\/01\/marcelo-ortale-prestigia-o-camarote-n1-brahma-e-exalta-sua-paixao-pelo-carnaval-do-rio\/"]}]},{"@type":"ImageObject","inLanguage":"pt-BR","@id":"https:\/\/portaldoestado.com.br\/index.php\/2026\/03\/01\/marcelo-ortale-prestigia-o-camarote-n1-brahma-e-exalta-sua-paixao-pelo-carnaval-do-rio\/#primaryimage","url":"https:\/\/portaldoestado.com.br\/wp-content\/uploads\/2026\/03\/674ab2a4-6e7d-47b4-8f93-f840c882b690.jpg","contentUrl":"https:\/\/portaldoestado.com.br\/wp-content\/uploads\/2026\/03\/674ab2a4-6e7d-47b4-8f93-f840c882b690.jpg","width":1320,"height":700},{"@type":"BreadcrumbList","@id":"https:\/\/portaldoestado.com.br\/index.php\/2026\/03\/01\/marcelo-ortale-prestigia-o-camarote-n1-brahma-e-exalta-sua-paixao-pelo-carnaval-do-rio\/#breadcrumb","itemListElement":[{"@type":"ListItem","position":1,"name":"In\u00edcio","item":"https:\/\/portaldoestado.com.br\/"},{"@type":"ListItem","position":2,"name":"Marcelo Ortale prestigia o Camarote N\u00b01 Brahma e exalta sua paix\u00e3o pelo Carnaval do Rio"}]},{"@type":"WebSite","@id":"https:\/\/portaldoestado.com.br\/#website","url":"https:\/\/portaldoestado.com.br\/","name":"Portal do Estado","description":"","publisher":{"@id":"https:\/\/portaldoestado.com.br\/#organization"},"potentialAction":[{"@type":"SearchAction","target":{"@type":"EntryPoint","urlTemplate":"https:\/\/portaldoestado.com.br\/?s={search_term_string}"},"query-input":{"@type":"PropertyValueSpecification","valueRequired":true,"valueName":"search_term_string"}}],"inLanguage":"pt-BR"},{"@type":"Organization","@id":"https:\/\/portaldoestado.com.br\/#organization","name":"Portal do Estado","url":"https:\/\/portaldoestado.com.br\/","logo":{"@type":"ImageObject","inLanguage":"pt-BR","@id":"https:\/\/portaldoestado.com.br\/#\/schema\/logo\/image\/","url":"https:\/\/portaldoestado.com.br\/wp-content\/uploads\/2025\/04\/cropped-6f69b19a-6472-43bf-b1b3-e1910bbbd4e8.png","contentUrl":"https:\/\/portaldoestado.com.br\/wp-content\/uploads\/2025\/04\/cropped-6f69b19a-6472-43bf-b1b3-e1910bbbd4e8.png","width":1024,"height":350,"caption":"Portal do Estado"},"image":{"@id":"https:\/\/portaldoestado.com.br\/#\/schema\/logo\/image\/"}},{"@type":"Person","@id":"https:\/\/portaldoestado.com.br\/#\/schema\/person\/5ca0174f3c8c84b59da62ea14b698cb9","name":"assessoriadefamosos","image":{"@type":"ImageObject","inLanguage":"pt-BR","@id":"https:\/\/portaldoestado.com.br\/#\/schema\/person\/image\/","url":"https:\/\/secure.gravatar.com\/avatar\/a7acbdffcfbbae7240e59f47fe511ec5f5d8c252c779f0b8d9ab02a9e1d8c5ed?s=96&d=mm&r=g","contentUrl":"https:\/\/secure.gravatar.com\/avatar\/a7acbdffcfbbae7240e59f47fe511ec5f5d8c252c779f0b8d9ab02a9e1d8c5ed?s=96&d=mm&r=g","caption":"assessoriadefamosos"},"url":"https:\/\/portaldoestado.com.br\/index.php\/author\/assessoriadefamosos\/"}]}},"jetpack_featured_media_url":"https:\/\/portaldoestado.com.br\/wp-content\/uploads\/2026\/03\/674ab2a4-6e7d-47b4-8f93-f840c882b690.jpg","_links":{"self":[{"href":"https:\/\/portaldoestado.com.br\/index.php\/wp-json\/wp\/v2\/posts\/6963","targetHints":{"allow":["GET"]}}],"collection":[{"href":"https:\/\/portaldoestado.com.br\/index.php\/wp-json\/wp\/v2\/posts"}],"about":[{"href":"https:\/\/portaldoestado.com.br\/index.php\/wp-json\/wp\/v2\/types\/post"}],"author":[{"embeddable":true,"href":"https:\/\/portaldoestado.com.br\/index.php\/wp-json\/wp\/v2\/users\/2"}],"replies":[{"embeddable":true,"href":"https:\/\/portaldoestado.com.br\/index.php\/wp-json\/wp\/v2\/comments?post=6963"}],"version-history":[{"count":1,"href":"https:\/\/portaldoestado.com.br\/index.php\/wp-json\/wp\/v2\/posts\/6963\/revisions"}],"predecessor-version":[{"id":6964,"href":"https:\/\/portaldoestado.com.br\/index.php\/wp-json\/wp\/v2\/posts\/6963\/revisions\/6964"}],"wp:featuredmedia":[{"embeddable":true,"href":"https:\/\/portaldoestado.com.br\/index.php\/wp-json\/wp\/v2\/media\/6962"}],"wp:attachment":[{"href":"https:\/\/portaldoestado.com.br\/index.php\/wp-json\/wp\/v2\/media?parent=6963"}],"wp:term":[{"taxonomy":"category","embeddable":true,"href":"https:\/\/portaldoestado.com.br\/index.php\/wp-json\/wp\/v2\/categories?post=6963"},{"taxonomy":"post_tag","embeddable":true,"href":"https:\/\/portaldoestado.com.br\/index.php\/wp-json\/wp\/v2\/tags?post=6963"}],"curies":[{"name":"wp","href":"https:\/\/api.w.org\/{rel}","templated":true}]}}