{"id":6960,"date":"2026-03-01T09:03:14","date_gmt":"2026-03-01T09:03:14","guid":{"rendered":"https:\/\/portaldoestado.com.br\/?p=6960"},"modified":"2026-03-01T09:03:14","modified_gmt":"2026-03-01T09:03:14","slug":"luciana-gimenez-marca-presenca-na-sapucai-e-fala-sobre-futuro-profissional","status":"publish","type":"post","link":"https:\/\/portaldoestado.com.br\/index.php\/2026\/03\/01\/luciana-gimenez-marca-presenca-na-sapucai-e-fala-sobre-futuro-profissional\/","title":{"rendered":"Luciana Gimenez marca presen\u00e7a na Sapuca\u00ed e fala sobre futuro profissional"},"content":{"rendered":"\n<p>A noite de encerramento do Carnaval 2026 no Rio de Janeiro reuniu celebridades e muita anima\u00e7\u00e3o na Marqu\u00eas de Sapuca\u00ed. Entre os nomes que passaram pelo Nosso Camarote no \u00faltimo s\u00e1bado (21), a apresentadora Luciana Gimenez foi um dos destaques ao prestigiar o Desfile das Campe\u00e3s.<\/p>\n\n\n\n<p>Em entrevista exclusiva ao jornalista Thiago Michelasi, a apresentadora destacou o sentimento de alegria que a festa desperta. \u201cEu amo o Carnaval. Pra mim \u00e9 sempre um prazer estar aqui. \u00c9 uma celebra\u00e7\u00e3o da vida, com todo mundo junto, misturado\u201d, afirmou.<\/p>\n\n\n\n<p>Frequentadora ass\u00eddua da folia carioca, Luciana relembrou sua rela\u00e7\u00e3o de longa data com o evento e as experi\u00eancias vividas ao longo dos anos. \u201cTenho mem\u00f3rias \u00f3timas. Venho desde muito nova e j\u00e1 desfilei na frente da bateria v\u00e1rias vezes. \u00c9 sempre muito alegre\u201d, disse.<\/p>\n\n\n\n<p>Durante a conversa, ela tamb\u00e9m comentou sobre o per\u00edodo em que o Carnaval foi suspenso por conta da pandemia, destacando o impacto emocional daquele momento. Segundo a apresentadora, a aus\u00eancia da festa refor\u00e7ou ainda mais a import\u00e2ncia de encontros e celebra\u00e7\u00f5es coletivas.<\/p>\n\n\n\n<p>Al\u00e9m do clima festivo, o bate-papo tamb\u00e9m abordou o futuro profissional de Luciana. Ap\u00f3s mais de duas d\u00e9cadas de carreira na televis\u00e3o, ela revelou que vive uma fase de transi\u00e7\u00e3o e an\u00e1lise de novos projetos. \u201cHoje existem muitas possibilidades, inclusive no digital. Estou mais calma, respirando e vendo o que vou fazer. Tem que ser algo que eu realmente goste\u201d, explicou.<\/p>\n\n\n\n<p>Reconhecida por seu estilo direto e pelas entrevistas ao longo da carreira, a apresentadora destacou que o contato humano segue sendo sua principal motiva\u00e7\u00e3o. \u201cEu amo falar com pessoas, conhecer hist\u00f3rias. Isso me diverte, \u00e9 um prazer\u201d, contou.<\/p>\n\n\n\n<p>Luciana tamb\u00e9m comentou sobre a vit\u00f3ria da Unidos do Viradouro no Carnaval carioca e o alto n\u00edvel das escolas neste ano.<\/p>\n\n\n\n<p>Ao final, deixou uma mensagem aos f\u00e3s. \u201cQueria agradecer o carinho. Eu sinto esse amor cada vez mais e fico muito feliz com tudo isso\u201d, declarou.<\/p>\n\n\n\n<p>A presen\u00e7a de Luciana Gimenez no Nosso Camarote ajudou a marcar o encerramento de mais uma edi\u00e7\u00e3o vibrante do Carnaval do Rio, reunindo m\u00fasica, celebra\u00e7\u00e3o e nomes conhecidos do p\u00fablico em uma das noites mais emblem\u00e1ticas da folia brasileira.<\/p>\n","protected":false},"excerpt":{"rendered":"<p>A noite de encerramento do Carnaval 2026 no Rio de Janeiro reuniu celebridades e muita anima\u00e7\u00e3o na Marqu\u00eas de Sapuca\u00ed. Entre os nomes que passaram pelo Nosso Camarote no \u00faltimo s\u00e1bado (21), a apresentadora Luciana Gimenez foi um dos destaques ao prestigiar o Desfile das Campe\u00e3s. Em entrevista exclusiva ao jornalista Thiago Michelasi, a apresentadora \u2026<\/p>\n","protected":false},"author":2,"featured_media":6959,"comment_status":"closed","ping_status":"open","sticky":false,"template":"","format":"standard","meta":{"footnotes":""},"categories":[68],"tags":[],"class_list":["post-6960","post","type-post","status-publish","format-standard","has-post-thumbnail","hentry","category-carnaval"],"yoast_head":"<!-- This site is optimized with the Yoast SEO plugin v25.5 - https:\/\/yoast.com\/wordpress\/plugins\/seo\/ -->\n<title>Luciana Gimenez marca presen\u00e7a na Sapuca\u00ed e fala sobre futuro profissional - Portal do Estado<\/title>\n<meta name=\"robots\" content=\"index, follow, max-snippet:-1, max-image-preview:large, max-video-preview:-1\" \/>\n<link rel=\"canonical\" href=\"https:\/\/portaldoestado.com.br\/index.php\/2026\/03\/01\/luciana-gimenez-marca-presenca-na-sapucai-e-fala-sobre-futuro-profissional\/\" \/>\n<meta property=\"og:locale\" content=\"pt_BR\" \/>\n<meta property=\"og:type\" content=\"article\" \/>\n<meta property=\"og:title\" content=\"Luciana Gimenez marca presen\u00e7a na Sapuca\u00ed e fala sobre futuro profissional - Portal do Estado\" \/>\n<meta property=\"og:description\" content=\"A noite de encerramento do Carnaval 2026 no Rio de Janeiro reuniu celebridades e muita anima\u00e7\u00e3o na Marqu\u00eas de Sapuca\u00ed. Entre os nomes que passaram pelo Nosso Camarote no \u00faltimo s\u00e1bado (21), a apresentadora Luciana Gimenez foi um dos destaques ao prestigiar o Desfile das Campe\u00e3s. Em entrevista exclusiva ao jornalista Thiago Michelasi, a apresentadora \u2026\" \/>\n<meta property=\"og:url\" content=\"https:\/\/portaldoestado.com.br\/index.php\/2026\/03\/01\/luciana-gimenez-marca-presenca-na-sapucai-e-fala-sobre-futuro-profissional\/\" \/>\n<meta property=\"og:site_name\" content=\"Portal do Estado\" \/>\n<meta property=\"article:published_time\" content=\"2026-03-01T09:03:14+00:00\" \/>\n<meta property=\"og:image\" content=\"https:\/\/portaldoestado.com.br\/wp-content\/uploads\/2026\/03\/7ad38205-d5a2-44c9-8d23-53816f4da4b9-1024x683.png\" \/>\n\t<meta property=\"og:image:width\" content=\"1024\" \/>\n\t<meta property=\"og:image:height\" content=\"683\" \/>\n\t<meta property=\"og:image:type\" content=\"image\/png\" \/>\n<meta name=\"author\" content=\"assessoriadefamosos\" \/>\n<meta name=\"twitter:card\" content=\"summary_large_image\" \/>\n<meta name=\"twitter:label1\" content=\"Escrito por\" \/>\n\t<meta name=\"twitter:data1\" content=\"assessoriadefamosos\" \/>\n\t<meta name=\"twitter:label2\" content=\"Est. tempo de leitura\" \/>\n\t<meta name=\"twitter:data2\" content=\"2 minutos\" \/>\n<script type=\"application\/ld+json\" class=\"yoast-schema-graph\">{\"@context\":\"https:\/\/schema.org\",\"@graph\":[{\"@type\":\"Article\",\"@id\":\"https:\/\/portaldoestado.com.br\/index.php\/2026\/03\/01\/luciana-gimenez-marca-presenca-na-sapucai-e-fala-sobre-futuro-profissional\/#article\",\"isPartOf\":{\"@id\":\"https:\/\/portaldoestado.com.br\/index.php\/2026\/03\/01\/luciana-gimenez-marca-presenca-na-sapucai-e-fala-sobre-futuro-profissional\/\"},\"author\":{\"name\":\"assessoriadefamosos\",\"@id\":\"https:\/\/portaldoestado.com.br\/#\/schema\/person\/5ca0174f3c8c84b59da62ea14b698cb9\"},\"headline\":\"Luciana Gimenez marca presen\u00e7a na Sapuca\u00ed e fala sobre futuro profissional\",\"datePublished\":\"2026-03-01T09:03:14+00:00\",\"mainEntityOfPage\":{\"@id\":\"https:\/\/portaldoestado.com.br\/index.php\/2026\/03\/01\/luciana-gimenez-marca-presenca-na-sapucai-e-fala-sobre-futuro-profissional\/\"},\"wordCount\":399,\"publisher\":{\"@id\":\"https:\/\/portaldoestado.com.br\/#organization\"},\"image\":{\"@id\":\"https:\/\/portaldoestado.com.br\/index.php\/2026\/03\/01\/luciana-gimenez-marca-presenca-na-sapucai-e-fala-sobre-futuro-profissional\/#primaryimage\"},\"thumbnailUrl\":\"https:\/\/portaldoestado.com.br\/wp-content\/uploads\/2026\/03\/7ad38205-d5a2-44c9-8d23-53816f4da4b9.png\",\"articleSection\":[\"Carnaval\"],\"inLanguage\":\"pt-BR\"},{\"@type\":\"WebPage\",\"@id\":\"https:\/\/portaldoestado.com.br\/index.php\/2026\/03\/01\/luciana-gimenez-marca-presenca-na-sapucai-e-fala-sobre-futuro-profissional\/\",\"url\":\"https:\/\/portaldoestado.com.br\/index.php\/2026\/03\/01\/luciana-gimenez-marca-presenca-na-sapucai-e-fala-sobre-futuro-profissional\/\",\"name\":\"Luciana Gimenez marca presen\u00e7a na Sapuca\u00ed e fala sobre futuro profissional - Portal do Estado\",\"isPartOf\":{\"@id\":\"https:\/\/portaldoestado.com.br\/#website\"},\"primaryImageOfPage\":{\"@id\":\"https:\/\/portaldoestado.com.br\/index.php\/2026\/03\/01\/luciana-gimenez-marca-presenca-na-sapucai-e-fala-sobre-futuro-profissional\/#primaryimage\"},\"image\":{\"@id\":\"https:\/\/portaldoestado.com.br\/index.php\/2026\/03\/01\/luciana-gimenez-marca-presenca-na-sapucai-e-fala-sobre-futuro-profissional\/#primaryimage\"},\"thumbnailUrl\":\"https:\/\/portaldoestado.com.br\/wp-content\/uploads\/2026\/03\/7ad38205-d5a2-44c9-8d23-53816f4da4b9.png\",\"datePublished\":\"2026-03-01T09:03:14+00:00\",\"breadcrumb\":{\"@id\":\"https:\/\/portaldoestado.com.br\/index.php\/2026\/03\/01\/luciana-gimenez-marca-presenca-na-sapucai-e-fala-sobre-futuro-profissional\/#breadcrumb\"},\"inLanguage\":\"pt-BR\",\"potentialAction\":[{\"@type\":\"ReadAction\",\"target\":[\"https:\/\/portaldoestado.com.br\/index.php\/2026\/03\/01\/luciana-gimenez-marca-presenca-na-sapucai-e-fala-sobre-futuro-profissional\/\"]}]},{\"@type\":\"ImageObject\",\"inLanguage\":\"pt-BR\",\"@id\":\"https:\/\/portaldoestado.com.br\/index.php\/2026\/03\/01\/luciana-gimenez-marca-presenca-na-sapucai-e-fala-sobre-futuro-profissional\/#primaryimage\",\"url\":\"https:\/\/portaldoestado.com.br\/wp-content\/uploads\/2026\/03\/7ad38205-d5a2-44c9-8d23-53816f4da4b9.png\",\"contentUrl\":\"https:\/\/portaldoestado.com.br\/wp-content\/uploads\/2026\/03\/7ad38205-d5a2-44c9-8d23-53816f4da4b9.png\",\"width\":1536,\"height\":1024},{\"@type\":\"BreadcrumbList\",\"@id\":\"https:\/\/portaldoestado.com.br\/index.php\/2026\/03\/01\/luciana-gimenez-marca-presenca-na-sapucai-e-fala-sobre-futuro-profissional\/#breadcrumb\",\"itemListElement\":[{\"@type\":\"ListItem\",\"position\":1,\"name\":\"In\u00edcio\",\"item\":\"https:\/\/portaldoestado.com.br\/\"},{\"@type\":\"ListItem\",\"position\":2,\"name\":\"Luciana Gimenez marca presen\u00e7a na Sapuca\u00ed e fala sobre futuro profissional\"}]},{\"@type\":\"WebSite\",\"@id\":\"https:\/\/portaldoestado.com.br\/#website\",\"url\":\"https:\/\/portaldoestado.com.br\/\",\"name\":\"Portal do Estado\",\"description\":\"\",\"publisher\":{\"@id\":\"https:\/\/portaldoestado.com.br\/#organization\"},\"potentialAction\":[{\"@type\":\"SearchAction\",\"target\":{\"@type\":\"EntryPoint\",\"urlTemplate\":\"https:\/\/portaldoestado.com.br\/?s={search_term_string}\"},\"query-input\":{\"@type\":\"PropertyValueSpecification\",\"valueRequired\":true,\"valueName\":\"search_term_string\"}}],\"inLanguage\":\"pt-BR\"},{\"@type\":\"Organization\",\"@id\":\"https:\/\/portaldoestado.com.br\/#organization\",\"name\":\"Portal do Estado\",\"url\":\"https:\/\/portaldoestado.com.br\/\",\"logo\":{\"@type\":\"ImageObject\",\"inLanguage\":\"pt-BR\",\"@id\":\"https:\/\/portaldoestado.com.br\/#\/schema\/logo\/image\/\",\"url\":\"https:\/\/portaldoestado.com.br\/wp-content\/uploads\/2025\/04\/cropped-6f69b19a-6472-43bf-b1b3-e1910bbbd4e8.png\",\"contentUrl\":\"https:\/\/portaldoestado.com.br\/wp-content\/uploads\/2025\/04\/cropped-6f69b19a-6472-43bf-b1b3-e1910bbbd4e8.png\",\"width\":1024,\"height\":350,\"caption\":\"Portal do Estado\"},\"image\":{\"@id\":\"https:\/\/portaldoestado.com.br\/#\/schema\/logo\/image\/\"}},{\"@type\":\"Person\",\"@id\":\"https:\/\/portaldoestado.com.br\/#\/schema\/person\/5ca0174f3c8c84b59da62ea14b698cb9\",\"name\":\"assessoriadefamosos\",\"image\":{\"@type\":\"ImageObject\",\"inLanguage\":\"pt-BR\",\"@id\":\"https:\/\/portaldoestado.com.br\/#\/schema\/person\/image\/\",\"url\":\"https:\/\/secure.gravatar.com\/avatar\/a7acbdffcfbbae7240e59f47fe511ec5f5d8c252c779f0b8d9ab02a9e1d8c5ed?s=96&d=mm&r=g\",\"contentUrl\":\"https:\/\/secure.gravatar.com\/avatar\/a7acbdffcfbbae7240e59f47fe511ec5f5d8c252c779f0b8d9ab02a9e1d8c5ed?s=96&d=mm&r=g\",\"caption\":\"assessoriadefamosos\"},\"url\":\"https:\/\/portaldoestado.com.br\/index.php\/author\/assessoriadefamosos\/\"}]}<\/script>\n<!-- \/ Yoast SEO plugin. -->","yoast_head_json":{"title":"Luciana Gimenez marca presen\u00e7a na Sapuca\u00ed e fala sobre futuro profissional - Portal do Estado","robots":{"index":"index","follow":"follow","max-snippet":"max-snippet:-1","max-image-preview":"max-image-preview:large","max-video-preview":"max-video-preview:-1"},"canonical":"https:\/\/portaldoestado.com.br\/index.php\/2026\/03\/01\/luciana-gimenez-marca-presenca-na-sapucai-e-fala-sobre-futuro-profissional\/","og_locale":"pt_BR","og_type":"article","og_title":"Luciana Gimenez marca presen\u00e7a na Sapuca\u00ed e fala sobre futuro profissional - Portal do Estado","og_description":"A noite de encerramento do Carnaval 2026 no Rio de Janeiro reuniu celebridades e muita anima\u00e7\u00e3o na Marqu\u00eas de Sapuca\u00ed. Entre os nomes que passaram pelo Nosso Camarote no \u00faltimo s\u00e1bado (21), a apresentadora Luciana Gimenez foi um dos destaques ao prestigiar o Desfile das Campe\u00e3s. Em entrevista exclusiva ao jornalista Thiago Michelasi, a apresentadora \u2026","og_url":"https:\/\/portaldoestado.com.br\/index.php\/2026\/03\/01\/luciana-gimenez-marca-presenca-na-sapucai-e-fala-sobre-futuro-profissional\/","og_site_name":"Portal do Estado","article_published_time":"2026-03-01T09:03:14+00:00","og_image":[{"width":1024,"height":683,"url":"https:\/\/portaldoestado.com.br\/wp-content\/uploads\/2026\/03\/7ad38205-d5a2-44c9-8d23-53816f4da4b9-1024x683.png","type":"image\/png"}],"author":"assessoriadefamosos","twitter_card":"summary_large_image","twitter_misc":{"Escrito por":"assessoriadefamosos","Est. tempo de leitura":"2 minutos"},"schema":{"@context":"https:\/\/schema.org","@graph":[{"@type":"Article","@id":"https:\/\/portaldoestado.com.br\/index.php\/2026\/03\/01\/luciana-gimenez-marca-presenca-na-sapucai-e-fala-sobre-futuro-profissional\/#article","isPartOf":{"@id":"https:\/\/portaldoestado.com.br\/index.php\/2026\/03\/01\/luciana-gimenez-marca-presenca-na-sapucai-e-fala-sobre-futuro-profissional\/"},"author":{"name":"assessoriadefamosos","@id":"https:\/\/portaldoestado.com.br\/#\/schema\/person\/5ca0174f3c8c84b59da62ea14b698cb9"},"headline":"Luciana Gimenez marca presen\u00e7a na Sapuca\u00ed e fala sobre futuro profissional","datePublished":"2026-03-01T09:03:14+00:00","mainEntityOfPage":{"@id":"https:\/\/portaldoestado.com.br\/index.php\/2026\/03\/01\/luciana-gimenez-marca-presenca-na-sapucai-e-fala-sobre-futuro-profissional\/"},"wordCount":399,"publisher":{"@id":"https:\/\/portaldoestado.com.br\/#organization"},"image":{"@id":"https:\/\/portaldoestado.com.br\/index.php\/2026\/03\/01\/luciana-gimenez-marca-presenca-na-sapucai-e-fala-sobre-futuro-profissional\/#primaryimage"},"thumbnailUrl":"https:\/\/portaldoestado.com.br\/wp-content\/uploads\/2026\/03\/7ad38205-d5a2-44c9-8d23-53816f4da4b9.png","articleSection":["Carnaval"],"inLanguage":"pt-BR"},{"@type":"WebPage","@id":"https:\/\/portaldoestado.com.br\/index.php\/2026\/03\/01\/luciana-gimenez-marca-presenca-na-sapucai-e-fala-sobre-futuro-profissional\/","url":"https:\/\/portaldoestado.com.br\/index.php\/2026\/03\/01\/luciana-gimenez-marca-presenca-na-sapucai-e-fala-sobre-futuro-profissional\/","name":"Luciana Gimenez marca presen\u00e7a na Sapuca\u00ed e fala sobre futuro profissional - Portal do Estado","isPartOf":{"@id":"https:\/\/portaldoestado.com.br\/#website"},"primaryImageOfPage":{"@id":"https:\/\/portaldoestado.com.br\/index.php\/2026\/03\/01\/luciana-gimenez-marca-presenca-na-sapucai-e-fala-sobre-futuro-profissional\/#primaryimage"},"image":{"@id":"https:\/\/portaldoestado.com.br\/index.php\/2026\/03\/01\/luciana-gimenez-marca-presenca-na-sapucai-e-fala-sobre-futuro-profissional\/#primaryimage"},"thumbnailUrl":"https:\/\/portaldoestado.com.br\/wp-content\/uploads\/2026\/03\/7ad38205-d5a2-44c9-8d23-53816f4da4b9.png","datePublished":"2026-03-01T09:03:14+00:00","breadcrumb":{"@id":"https:\/\/portaldoestado.com.br\/index.php\/2026\/03\/01\/luciana-gimenez-marca-presenca-na-sapucai-e-fala-sobre-futuro-profissional\/#breadcrumb"},"inLanguage":"pt-BR","potentialAction":[{"@type":"ReadAction","target":["https:\/\/portaldoestado.com.br\/index.php\/2026\/03\/01\/luciana-gimenez-marca-presenca-na-sapucai-e-fala-sobre-futuro-profissional\/"]}]},{"@type":"ImageObject","inLanguage":"pt-BR","@id":"https:\/\/portaldoestado.com.br\/index.php\/2026\/03\/01\/luciana-gimenez-marca-presenca-na-sapucai-e-fala-sobre-futuro-profissional\/#primaryimage","url":"https:\/\/portaldoestado.com.br\/wp-content\/uploads\/2026\/03\/7ad38205-d5a2-44c9-8d23-53816f4da4b9.png","contentUrl":"https:\/\/portaldoestado.com.br\/wp-content\/uploads\/2026\/03\/7ad38205-d5a2-44c9-8d23-53816f4da4b9.png","width":1536,"height":1024},{"@type":"BreadcrumbList","@id":"https:\/\/portaldoestado.com.br\/index.php\/2026\/03\/01\/luciana-gimenez-marca-presenca-na-sapucai-e-fala-sobre-futuro-profissional\/#breadcrumb","itemListElement":[{"@type":"ListItem","position":1,"name":"In\u00edcio","item":"https:\/\/portaldoestado.com.br\/"},{"@type":"ListItem","position":2,"name":"Luciana Gimenez marca presen\u00e7a na Sapuca\u00ed e fala sobre futuro profissional"}]},{"@type":"WebSite","@id":"https:\/\/portaldoestado.com.br\/#website","url":"https:\/\/portaldoestado.com.br\/","name":"Portal do Estado","description":"","publisher":{"@id":"https:\/\/portaldoestado.com.br\/#organization"},"potentialAction":[{"@type":"SearchAction","target":{"@type":"EntryPoint","urlTemplate":"https:\/\/portaldoestado.com.br\/?s={search_term_string}"},"query-input":{"@type":"PropertyValueSpecification","valueRequired":true,"valueName":"search_term_string"}}],"inLanguage":"pt-BR"},{"@type":"Organization","@id":"https:\/\/portaldoestado.com.br\/#organization","name":"Portal do Estado","url":"https:\/\/portaldoestado.com.br\/","logo":{"@type":"ImageObject","inLanguage":"pt-BR","@id":"https:\/\/portaldoestado.com.br\/#\/schema\/logo\/image\/","url":"https:\/\/portaldoestado.com.br\/wp-content\/uploads\/2025\/04\/cropped-6f69b19a-6472-43bf-b1b3-e1910bbbd4e8.png","contentUrl":"https:\/\/portaldoestado.com.br\/wp-content\/uploads\/2025\/04\/cropped-6f69b19a-6472-43bf-b1b3-e1910bbbd4e8.png","width":1024,"height":350,"caption":"Portal do Estado"},"image":{"@id":"https:\/\/portaldoestado.com.br\/#\/schema\/logo\/image\/"}},{"@type":"Person","@id":"https:\/\/portaldoestado.com.br\/#\/schema\/person\/5ca0174f3c8c84b59da62ea14b698cb9","name":"assessoriadefamosos","image":{"@type":"ImageObject","inLanguage":"pt-BR","@id":"https:\/\/portaldoestado.com.br\/#\/schema\/person\/image\/","url":"https:\/\/secure.gravatar.com\/avatar\/a7acbdffcfbbae7240e59f47fe511ec5f5d8c252c779f0b8d9ab02a9e1d8c5ed?s=96&d=mm&r=g","contentUrl":"https:\/\/secure.gravatar.com\/avatar\/a7acbdffcfbbae7240e59f47fe511ec5f5d8c252c779f0b8d9ab02a9e1d8c5ed?s=96&d=mm&r=g","caption":"assessoriadefamosos"},"url":"https:\/\/portaldoestado.com.br\/index.php\/author\/assessoriadefamosos\/"}]}},"jetpack_featured_media_url":"https:\/\/portaldoestado.com.br\/wp-content\/uploads\/2026\/03\/7ad38205-d5a2-44c9-8d23-53816f4da4b9.png","_links":{"self":[{"href":"https:\/\/portaldoestado.com.br\/index.php\/wp-json\/wp\/v2\/posts\/6960","targetHints":{"allow":["GET"]}}],"collection":[{"href":"https:\/\/portaldoestado.com.br\/index.php\/wp-json\/wp\/v2\/posts"}],"about":[{"href":"https:\/\/portaldoestado.com.br\/index.php\/wp-json\/wp\/v2\/types\/post"}],"author":[{"embeddable":true,"href":"https:\/\/portaldoestado.com.br\/index.php\/wp-json\/wp\/v2\/users\/2"}],"replies":[{"embeddable":true,"href":"https:\/\/portaldoestado.com.br\/index.php\/wp-json\/wp\/v2\/comments?post=6960"}],"version-history":[{"count":1,"href":"https:\/\/portaldoestado.com.br\/index.php\/wp-json\/wp\/v2\/posts\/6960\/revisions"}],"predecessor-version":[{"id":6961,"href":"https:\/\/portaldoestado.com.br\/index.php\/wp-json\/wp\/v2\/posts\/6960\/revisions\/6961"}],"wp:featuredmedia":[{"embeddable":true,"href":"https:\/\/portaldoestado.com.br\/index.php\/wp-json\/wp\/v2\/media\/6959"}],"wp:attachment":[{"href":"https:\/\/portaldoestado.com.br\/index.php\/wp-json\/wp\/v2\/media?parent=6960"}],"wp:term":[{"taxonomy":"category","embeddable":true,"href":"https:\/\/portaldoestado.com.br\/index.php\/wp-json\/wp\/v2\/categories?post=6960"},{"taxonomy":"post_tag","embeddable":true,"href":"https:\/\/portaldoestado.com.br\/index.php\/wp-json\/wp\/v2\/tags?post=6960"}],"curies":[{"name":"wp","href":"https:\/\/api.w.org\/{rel}","templated":true}]}}